{"id":24118,"date":"2024-11-14T21:31:14","date_gmt":"2024-11-14T19:31:14","guid":{"rendered":"https:\/\/fcspartaktrnava.com\/?p=24118"},"modified":"2024-11-14T21:31:15","modified_gmt":"2024-11-14T19:31:15","slug":"uspesna-penaltova-drama-frelih-hrdinom","status":"publish","type":"post","link":"https:\/\/fcspartaktrnava.com\/en\/uspesna-penaltova-drama-frelih-hrdinom\/","title":{"rendered":"\u00daspe\u0161n\u00e1 penaltov\u00e1 dr\u00e1ma! Frelih hrdinom!"},"content":{"rendered":"<p class=\"has-text-align-center has-medium-font-size\">\u0160tvrtkov\u00fd ve\u010der priniesol pokra\u010dovanie poh\u00e1rovej cesty pre na\u0161e farby. Po troch prek\u00e1\u017ekach z ni\u017e\u0161\u00edch s\u00fa\u0165a\u017e\u00ed, sme \u010delili t\u00edmu z Nik\u00e9 ligy &#8211; Podbrezovej. <\/p>\n\n\n\n<p class=\"has-text-align-center has-medium-font-size\">Proti dobre zn\u00e1memu s\u00faperovi sme nast\u00fapili na dom\u00e1cej p\u00f4de v tejto z\u00e1kladnej zostave. Tr\u00e9ner Ga\u0161par\u00edk musel rie\u0161i\u0165 najm\u00e4 zlo\u017eenie obrany a takto to napokon namixoval. <\/p>\n\n\n\n<p class=\"has-text-align-center has-medium-font-size\">:::<\/p>\n\n\n<div class=\"wp-block-image\">\n<figure class=\"aligncenter size-large\"><img loading=\"lazy\" decoding=\"async\" width=\"819\" height=\"1024\" src=\"https:\/\/fcspartaktrnava.com\/wp-content\/uploads\/2024\/11\/unnamed-20-819x1024.jpg\" alt=\"\" class=\"wp-image-24119\" srcset=\"https:\/\/fcspartaktrnava.com\/wp-content\/uploads\/2024\/11\/unnamed-20-819x1024.jpg 819w, https:\/\/fcspartaktrnava.com\/wp-content\/uploads\/2024\/11\/unnamed-20-240x300.jpg 240w, https:\/\/fcspartaktrnava.com\/wp-content\/uploads\/2024\/11\/unnamed-20-768x960.jpg 768w, https:\/\/fcspartaktrnava.com\/wp-content\/uploads\/2024\/11\/unnamed-20-10x12.jpg 10w, https:\/\/fcspartaktrnava.com\/wp-content\/uploads\/2024\/11\/unnamed-20.jpg 1200w\" sizes=\"auto, (max-width: 819px) 100vw, 819px\" \/><\/figure>\n<\/div>\n\n\n<hr class=\"wp-block-separator has-alpha-channel-opacity\"\/>\n\n\n\n<h2 class=\"wp-block-heading has-text-align-center\">1. pol\u010das<\/h2>\n\n\n\n<p class=\"has-text-align-center has-medium-font-size\">\u00davod z\u00e1pasu ve\u013ea kr\u00e1sy nepriniesol a hral sa taktick\u00fd futbal. Hostia sa sna\u017eili strie\u013ea\u0165 na na\u0161u br\u00e1nu z r\u00f4znych poz\u00edci\u00ed ale na\u0161a obrana bola pozorn\u00e1. Ve\u013ek\u00fa \u0161ancu zmaril Podbrezovej v 15. min\u00fate Frelih, ktor\u00fd reflex\u00edvne zasiahol proti dor\u00e1\u017eke Juritku.<\/p>\n\n\n\n<p class=\"has-text-align-center has-medium-font-size\">Hostia na\u010falej p\u00e1lili loptu do na\u0161ich hr\u00e1\u010dov a my sme sa nevedeli dosta\u0165 do poriadneho tempa. Frelih musel by\u0165 st\u00e1le v strehu, ke\u010f\u017ee sme neboli presn\u00ed pri rozohr\u00e1vke a preto sme mali zlo\u017eitej\u0161\u00ed prechod do \u00fatoku. Po dvadsiatich min\u00fatach svietil na ukazovateli sk\u00f3re bezg\u00f3lov\u00fd stav a div\u00e1kov tak zatia\u013e, okrem jesennej ponuky n\u00e1pojov a povzbudzovania, nemalo \u010do hria\u0165.<\/p>\n\n\n\n<p class=\"has-text-align-center has-medium-font-size\">Viazla n\u00e1m kombin\u00e1cia a takmer v\u00f4bec sme sa nedost\u00e1vali pred \u0161estn\u00e1stku s\u00fapera. Pomal\u00fd rozbeh v prvom pol\u010dase pokra\u010doval.<\/p>\n\n\n\n<p class=\"has-text-align-center has-medium-font-size\">34. min\u00fata priniesla pre na\u0161e farby mo\u017enos\u0165 priameho kopu. Proch\u00e1zka ale zahral len na hlavu hos\u0165uj\u00faceho hr\u00e1\u010da. N\u00e1sledn\u00fd roh Mikovi\u010da priniesol pekn\u00fa pr\u00edle\u017eitos\u0165 pre Proch\u00e1zku na \u017eadnej \u017erdi, ale bez g\u00f3lovej koncovky. Vla\u017en\u00e9 tempo duelu pokra\u010dovalo. Viacer\u00e9 s\u013eubn\u00e9 akcie kon\u010dili na\u0161imi nepresn\u00fdmi prihr\u00e1vkami alebo na pozornej obrane host\u00ed.<\/p>\n\n\n\n<p class=\"has-text-align-center has-medium-font-size\">Hostia zbierali \u017elt\u00e9 karty a rozhodca ukon\u010dil prv\u00fd pol\u010das s ukon\u010den\u00edm 45. min\u00faty.<\/p>\n\n\n<div class=\"wp-block-image\">\n<figure class=\"aligncenter size-large\"><img loading=\"lazy\" decoding=\"async\" width=\"1024\" height=\"683\" src=\"https:\/\/fcspartaktrnava.com\/wp-content\/uploads\/2024\/11\/unnamed-21-1024x683.jpg\" alt=\"\" class=\"wp-image-24120\" srcset=\"https:\/\/fcspartaktrnava.com\/wp-content\/uploads\/2024\/11\/unnamed-21-1024x683.jpg 1024w, https:\/\/fcspartaktrnava.com\/wp-content\/uploads\/2024\/11\/unnamed-21-300x200.jpg 300w, https:\/\/fcspartaktrnava.com\/wp-content\/uploads\/2024\/11\/unnamed-21-768x512.jpg 768w, https:\/\/fcspartaktrnava.com\/wp-content\/uploads\/2024\/11\/unnamed-21-1536x1024.jpg 1536w, https:\/\/fcspartaktrnava.com\/wp-content\/uploads\/2024\/11\/unnamed-21-2048x1366.jpg 2048w, https:\/\/fcspartaktrnava.com\/wp-content\/uploads\/2024\/11\/unnamed-21-18x12.jpg 18w\" sizes=\"auto, (max-width: 1024px) 100vw, 1024px\" \/><\/figure>\n<\/div>\n\n\n<hr class=\"wp-block-separator has-alpha-channel-opacity\"\/>\n\n\n\n<h2 class=\"wp-block-heading has-text-align-center\">2. pol\u010das<\/h2>\n\n\n\n<p class=\"has-text-align-center has-medium-font-size\">Druh\u00fd pol\u010das sme za\u010dali akt\u00edvnej\u0161ie ale v\u00e4\u010d\u0161ia a vylo\u017een\u00e1 \u0161anca neprich\u00e1dzala. Hostia dvakr\u00e1t vystriedali a poslali na ihrisko \u010derstv\u00e9 sily. V 55. min\u00fate si Frelih musel d\u00e1va\u0165 na nepr\u00edjemn\u00fd center z rohov\u00e9ho kopu host\u00ed. Nepresnost\u00ed v prihr\u00e1vke ale bolo na na\u0161ej strane ve\u013ea.<\/p>\n\n\n\n<p class=\"has-text-align-center has-medium-font-size\">56. min\u00fata a rohov\u00fd kop pre na\u0161e farby. Na kr\u00e1tko rozohral Mikovi\u010d a potom pri\u0161la nebezpe\u010dn\u00e1 strela v podan\u00ed Daniela, ktor\u00e9 skon\u010dilo na hornej ty\u010dke! \u0160koda.<\/p>\n\n\n\n<p class=\"has-text-align-center has-medium-font-size\">Bezg\u00f3lov\u00e9 dianie pokra\u010dovalo aj po 60. min\u00fate. V \u00fatoku sme sa niekedy zbyto\u010dne pon\u00fakali a neprich\u00e1dzalo potrebn\u00e9 zakon\u010denie. Pekn\u00fd individu\u00e1lny prienik predviedol v 63. min\u00fate Erik Daniel, prihral Oforimu, ale jeho strela nemala potrebn\u00fa razanciu.<\/p>\n\n\n<div class=\"wp-block-image\">\n<figure class=\"aligncenter size-large\"><img loading=\"lazy\" decoding=\"async\" width=\"1024\" height=\"683\" src=\"https:\/\/fcspartaktrnava.com\/wp-content\/uploads\/2024\/11\/unnamed-22-1024x683.jpg\" alt=\"\" class=\"wp-image-24121\" srcset=\"https:\/\/fcspartaktrnava.com\/wp-content\/uploads\/2024\/11\/unnamed-22-1024x683.jpg 1024w, https:\/\/fcspartaktrnava.com\/wp-content\/uploads\/2024\/11\/unnamed-22-300x200.jpg 300w, https:\/\/fcspartaktrnava.com\/wp-content\/uploads\/2024\/11\/unnamed-22-768x512.jpg 768w, https:\/\/fcspartaktrnava.com\/wp-content\/uploads\/2024\/11\/unnamed-22-1536x1024.jpg 1536w, https:\/\/fcspartaktrnava.com\/wp-content\/uploads\/2024\/11\/unnamed-22-2048x1365.jpg 2048w, https:\/\/fcspartaktrnava.com\/wp-content\/uploads\/2024\/11\/unnamed-22-18x12.jpg 18w\" sizes=\"auto, (max-width: 1024px) 100vw, 1024px\" \/><\/figure>\n<\/div>\n\n\n<p class=\"has-text-align-center has-medium-font-size\"><strong>PERSISTENCE IN IT!<\/strong>&#8230;znelo trib\u00fanami. A pri\u0161la na\u0161a \u010fal\u0161ia \u0161anca. 65. min\u00fata a nepresn\u00e9 zakon\u010denie \u010euri\u0161a v \u0161estn\u00e1stke host\u00ed.<\/p>\n\n\n\n<p class=\"has-text-align-center has-medium-font-size\">G\u00f3l st\u00e1le neprich\u00e1dzal a \u010das prib\u00fadal. 78. min\u00fata priniesla na\u0161e dvojit\u00e9 striedanie. Dole i\u0161li Daniel a Ofori, do hry nasko\u010dili Pich a Paur. Prines\u00fa potrebn\u00fd impulz smerom dopredu? Paur sa okam\u017eite dostal do \u0161ance a v \u0161estn\u00e1stke hlavi\u010dkoval do rukav\u00edc brank\u00e1ra host\u00ed. Pekn\u00e1 akcia ihne\u010f po nasko\u010den\u00ed do hry.<\/p>\n\n\n\n<p class=\"has-text-align-center has-medium-font-size\">Tretie striedanie Spartaka pri\u0161lo v 81. min\u00fate. Z hry i\u0161iel Karhan a na ihrisko sa po zranen\u00ed vr\u00e1til do hry Filip Twardzik.<\/p>\n\n\n\n<p class=\"has-text-align-center has-medium-font-size\">Hra sa ale na\u010falej k\u00faskovala a ani 5 min\u00fat pred koncom riadnej hracej doby sme g\u00f3l nevideli. Hra kto z koho. Jeden g\u00f3l mohol rozhodn\u00fa\u0165.<\/p>\n\n\n\n<p class=\"has-text-align-center has-medium-font-size\"><strong>AZANGOOOOOOOOOOLLLLLLLLL!!!!! \u010cas prekvapenia pri\u0161iel! 86. min\u00fa\u00fa\u00fa\u00fa\u00fata a presn\u00e1 strela Azanga!! 1:0!<\/strong><\/p>\n\n\n\n<p class=\"has-text-align-center has-medium-font-size\">Op\u00e4\u0165 neuverite\u013en\u00fd a prekvapiv\u00fd moment. Strela Azanga pri\u0161la ako blesk z jasn\u00e9ho neba. <\/p>\n\n\n\n<p class=\"has-text-align-center has-medium-font-size\">V 90. min\u00fate i\u0161iel z ihriska strelec g\u00f3lu Azango a nahradil ho Corryn. Skvel\u00fd defenz\u00edvny z\u00e1krok predviedol v nadstavenom \u010dase \u0160ulek. \u0160OK! Inak sa to ani ned\u00e1 nazva\u0165! V poslednej mo\u017enej chv\u00edli v nadstavenom \u010dase hostia vyrovnali. Strela Markovica prekonala Freliha. 1:1. <\/p>\n\n\n\n<p class=\"has-text-align-center has-medium-font-size\">Nasledovali pokutov\u00e9 kopy. A ve\u013ek\u00e9 nervy&#8230; Poh\u00e1rov\u00fd ve\u010der tak pokra\u010doval \u010falej. Kopa\u0165 sa bude na br\u00e1nu pod hos\u0165uj\u00facim sektorom. Hostia otvorili penaltov\u00fd rozstrel \u00faspe\u0161ne. Za n\u00e1s si loptu ako prv\u00fd postavil Proch\u00e1zka. A dal. \u017diga po\u010f&#8230;. A \u017diga chyt\u00e1\u00e1\u00e1\u00e1\u00e1\u00e1!!! Nasledoval Kratochv\u00edl. D\u00e1va aj on! Frelih takmer chytil aj druh\u00fa penaltu, vystihol smer strely ale napokon bol prekonan\u00fd. Nasledoval Robo Pich. Nedal&#8230;<\/p>\n\n\n\n<p class=\"has-text-align-center has-medium-font-size\">\u017digaaaa ale op\u00e4\u0165 chytil! \u0160tvrt\u00fd exek\u00fator Milan Corryn. Milan nekompromisne premenil. 3:2. Posledn\u00e1 s\u00e9ria. FRELLLIIIIIH op\u00e4\u0165 chytil a poslal n\u00e1s medzi TOP 8!!! <\/p>\n\n\n<div class=\"wp-block-image\">\n<figure class=\"aligncenter size-large\"><img loading=\"lazy\" decoding=\"async\" width=\"1024\" height=\"683\" src=\"https:\/\/fcspartaktrnava.com\/wp-content\/uploads\/2024\/11\/DSC_4380-1024x683.jpg\" alt=\"\" class=\"wp-image-24122\" srcset=\"https:\/\/fcspartaktrnava.com\/wp-content\/uploads\/2024\/11\/DSC_4380-1024x683.jpg 1024w, https:\/\/fcspartaktrnava.com\/wp-content\/uploads\/2024\/11\/DSC_4380-300x200.jpg 300w, https:\/\/fcspartaktrnava.com\/wp-content\/uploads\/2024\/11\/DSC_4380-768x512.jpg 768w, https:\/\/fcspartaktrnava.com\/wp-content\/uploads\/2024\/11\/DSC_4380-1536x1024.jpg 1536w, https:\/\/fcspartaktrnava.com\/wp-content\/uploads\/2024\/11\/DSC_4380-2048x1365.jpg 2048w, https:\/\/fcspartaktrnava.com\/wp-content\/uploads\/2024\/11\/DSC_4380-18x12.jpg 18w\" sizes=\"auto, (max-width: 1024px) 100vw, 1024px\" \/><\/figure>\n<\/div>\n\n\n<p class=\"has-text-align-center has-medium-font-size\"><strong>Podbrezov\u00fa sme zdolali 3:2 na pokutov\u00e9 kopy! A ideme \u010falej! \u010eAKUJEME ZA PODPORU!<\/strong><\/p>\n\n\n\n<p><\/p>\n\n\n\n<p><\/p>\n\n\n\n<p><\/p>\n\n\n\n<p><\/p>\n\n\n\n<p><\/p>\n\n\n\n<p><\/p>","protected":false},"excerpt":{"rendered":"<p>\u0160tvrtkov\u00fd ve\u010der priniesol pokra\u010dovanie poh\u00e1rovej cesty pre na\u0161e&#8230;<\/p>","protected":false},"author":5,"featured_media":24123,"comment_status":"closed","ping_status":"closed","sticky":false,"template":"","format":"standard","meta":{"footnotes":""},"categories":[12,20],"tags":[],"class_list":["post-24118","post","type-post","status-publish","format-standard","has-post-thumbnail","hentry","category-spravy","category-zapas","post-number-1"],"yoast_head":"<!-- This site is optimized with the Yoast SEO plugin v27.1.1 - https:\/\/yoast.com\/product\/yoast-seo-wordpress\/ -->\n<title>\u00daspe\u0161n\u00e1 penaltov\u00e1 dr\u00e1ma! Frelih hrdinom! - FC Spartak Trnava<\/title>\n<meta name=\"robots\" content=\"index, follow, max-snippet:-1, max-image-preview:large, max-video-preview:-1\" \/>\n<link rel=\"canonical\" href=\"https:\/\/fcspartaktrnava.com\/en\/uspesna-penaltova-drama-frelih-hrdinom\/\" \/>\n<meta name=\"twitter:label1\" content=\"Written by\" \/>\n\t<meta name=\"twitter:data1\" content=\"Samuel \u010eurinsk\u00fd\" \/>\n\t<meta name=\"twitter:label2\" content=\"Estimated reading time\" \/>\n\t<meta name=\"twitter:data2\" content=\"5 minutes\" \/>\n<script type=\"application\/ld+json\" class=\"yoast-schema-graph\">{\"@context\":\"https:\/\/schema.org\",\"@graph\":[{\"@type\":\"Article\",\"@id\":\"https:\/\/fcspartaktrnava.com\/uspesna-penaltova-drama-frelih-hrdinom\/#article\",\"isPartOf\":{\"@id\":\"https:\/\/fcspartaktrnava.com\/uspesna-penaltova-drama-frelih-hrdinom\/\"},\"author\":{\"name\":\"Samuel \u010eurinsk\u00fd\",\"@id\":\"https:\/\/fcspartaktrnava.com\/#\/schema\/person\/62c3c2562c3c56e4c0c8c2342c596ac0\"},\"headline\":\"\u00daspe\u0161n\u00e1 penaltov\u00e1 dr\u00e1ma! Frelih hrdinom!\",\"datePublished\":\"2024-11-14T19:31:14+00:00\",\"dateModified\":\"2024-11-14T19:31:15+00:00\",\"mainEntityOfPage\":{\"@id\":\"https:\/\/fcspartaktrnava.com\/uspesna-penaltova-drama-frelih-hrdinom\/\"},\"wordCount\":767,\"publisher\":{\"@id\":\"https:\/\/fcspartaktrnava.com\/#organization\"},\"image\":{\"@id\":\"https:\/\/fcspartaktrnava.com\/uspesna-penaltova-drama-frelih-hrdinom\/#primaryimage\"},\"thumbnailUrl\":\"https:\/\/fcspartaktrnava.com\/wp-content\/uploads\/2024\/11\/DSC_4410-scaled.jpg\",\"articleSection\":[\"Spr\u00e1vy\",\"Z\u00e1pas\"],\"inLanguage\":\"en-GB\"},{\"@type\":\"WebPage\",\"@id\":\"https:\/\/fcspartaktrnava.com\/uspesna-penaltova-drama-frelih-hrdinom\/\",\"url\":\"https:\/\/fcspartaktrnava.com\/uspesna-penaltova-drama-frelih-hrdinom\/\",\"name\":\"\u00daspe\u0161n\u00e1 penaltov\u00e1 dr\u00e1ma! Frelih hrdinom! - FC Spartak Trnava\",\"isPartOf\":{\"@id\":\"https:\/\/fcspartaktrnava.com\/#website\"},\"primaryImageOfPage\":{\"@id\":\"https:\/\/fcspartaktrnava.com\/uspesna-penaltova-drama-frelih-hrdinom\/#primaryimage\"},\"image\":{\"@id\":\"https:\/\/fcspartaktrnava.com\/uspesna-penaltova-drama-frelih-hrdinom\/#primaryimage\"},\"thumbnailUrl\":\"https:\/\/fcspartaktrnava.com\/wp-content\/uploads\/2024\/11\/DSC_4410-scaled.jpg\",\"datePublished\":\"2024-11-14T19:31:14+00:00\",\"dateModified\":\"2024-11-14T19:31:15+00:00\",\"breadcrumb\":{\"@id\":\"https:\/\/fcspartaktrnava.com\/uspesna-penaltova-drama-frelih-hrdinom\/#breadcrumb\"},\"inLanguage\":\"en-GB\",\"potentialAction\":[{\"@type\":\"ReadAction\",\"target\":[\"https:\/\/fcspartaktrnava.com\/uspesna-penaltova-drama-frelih-hrdinom\/\"]}]},{\"@type\":\"ImageObject\",\"inLanguage\":\"en-GB\",\"@id\":\"https:\/\/fcspartaktrnava.com\/uspesna-penaltova-drama-frelih-hrdinom\/#primaryimage\",\"url\":\"https:\/\/fcspartaktrnava.com\/wp-content\/uploads\/2024\/11\/DSC_4410-scaled.jpg\",\"contentUrl\":\"https:\/\/fcspartaktrnava.com\/wp-content\/uploads\/2024\/11\/DSC_4410-scaled.jpg\",\"width\":2560,\"height\":1707},{\"@type\":\"BreadcrumbList\",\"@id\":\"https:\/\/fcspartaktrnava.com\/uspesna-penaltova-drama-frelih-hrdinom\/#breadcrumb\",\"itemListElement\":[{\"@type\":\"ListItem\",\"position\":1,\"name\":\"Home\",\"item\":\"https:\/\/fcspartaktrnava.com\/\"},{\"@type\":\"ListItem\",\"position\":2,\"name\":\"\u00daspe\u0161n\u00e1 penaltov\u00e1 dr\u00e1ma! Frelih hrdinom!\"}]},{\"@type\":\"WebSite\",\"@id\":\"https:\/\/fcspartaktrnava.com\/#website\",\"url\":\"https:\/\/fcspartaktrnava.com\/\",\"name\":\"FC Spartak Trnava\",\"description\":\"ofici\u00e1lna webstr\u00e1nka futbalov\u00e9ho klubu\",\"publisher\":{\"@id\":\"https:\/\/fcspartaktrnava.com\/#organization\"},\"potentialAction\":[{\"@type\":\"SearchAction\",\"target\":{\"@type\":\"EntryPoint\",\"urlTemplate\":\"https:\/\/fcspartaktrnava.com\/?s={search_term_string}\"},\"query-input\":{\"@type\":\"PropertyValueSpecification\",\"valueRequired\":true,\"valueName\":\"search_term_string\"}}],\"inLanguage\":\"en-GB\"},{\"@type\":\"Organization\",\"@id\":\"https:\/\/fcspartaktrnava.com\/#organization\",\"name\":\"FC Spartak Trnava\",\"alternateName\":\"Spartak\",\"url\":\"https:\/\/fcspartaktrnava.com\/\",\"logo\":{\"@type\":\"ImageObject\",\"inLanguage\":\"en-GB\",\"@id\":\"https:\/\/fcspartaktrnava.com\/#\/schema\/logo\/image\/\",\"url\":\"https:\/\/fcspartaktrnava.com\/wp-content\/uploads\/2022\/08\/cropped-site_logo.png\",\"contentUrl\":\"https:\/\/fcspartaktrnava.com\/wp-content\/uploads\/2022\/08\/cropped-site_logo.png\",\"width\":140,\"height\":140,\"caption\":\"FC Spartak Trnava\"},\"image\":{\"@id\":\"https:\/\/fcspartaktrnava.com\/#\/schema\/logo\/image\/\"},\"sameAs\":[\"https:\/\/www.facebook.com\/SpartakTrnava\",\"https:\/\/x.com\/SpartakTrnava1\",\"https:\/\/www.instagram.com\/spartak_sk\/\"]},{\"@type\":\"Person\",\"@id\":\"https:\/\/fcspartaktrnava.com\/#\/schema\/person\/62c3c2562c3c56e4c0c8c2342c596ac0\",\"name\":\"Samuel \u010eurinsk\u00fd\",\"image\":{\"@type\":\"ImageObject\",\"inLanguage\":\"en-GB\",\"@id\":\"https:\/\/fcspartaktrnava.com\/#\/schema\/person\/image\/\",\"url\":\"https:\/\/secure.gravatar.com\/avatar\/af2fa02af92418b86ed742470664fe40056833fb68d84becf03f6ab02319257c?s=96&d=mm&r=g\",\"contentUrl\":\"https:\/\/secure.gravatar.com\/avatar\/af2fa02af92418b86ed742470664fe40056833fb68d84becf03f6ab02319257c?s=96&d=mm&r=g\",\"caption\":\"Samuel \u010eurinsk\u00fd\"},\"url\":\"https:\/\/fcspartaktrnava.com\/en\/author\/fcst-samuel\/\"}]}<\/script>\n<!-- \/ Yoast SEO plugin. -->","yoast_head_json":{"title":"\u00daspe\u0161n\u00e1 penaltov\u00e1 dr\u00e1ma! Frelih hrdinom! - FC Spartak Trnava","robots":{"index":"index","follow":"follow","max-snippet":"max-snippet:-1","max-image-preview":"max-image-preview:large","max-video-preview":"max-video-preview:-1"},"canonical":"https:\/\/fcspartaktrnava.com\/en\/uspesna-penaltova-drama-frelih-hrdinom\/","twitter_misc":{"Written by":"Samuel \u010eurinsk\u00fd","Estimated reading time":"5 minutes"},"schema":{"@context":"https:\/\/schema.org","@graph":[{"@type":"Article","@id":"https:\/\/fcspartaktrnava.com\/uspesna-penaltova-drama-frelih-hrdinom\/#article","isPartOf":{"@id":"https:\/\/fcspartaktrnava.com\/uspesna-penaltova-drama-frelih-hrdinom\/"},"author":{"name":"Samuel \u010eurinsk\u00fd","@id":"https:\/\/fcspartaktrnava.com\/#\/schema\/person\/62c3c2562c3c56e4c0c8c2342c596ac0"},"headline":"\u00daspe\u0161n\u00e1 penaltov\u00e1 dr\u00e1ma! Frelih hrdinom!","datePublished":"2024-11-14T19:31:14+00:00","dateModified":"2024-11-14T19:31:15+00:00","mainEntityOfPage":{"@id":"https:\/\/fcspartaktrnava.com\/uspesna-penaltova-drama-frelih-hrdinom\/"},"wordCount":767,"publisher":{"@id":"https:\/\/fcspartaktrnava.com\/#organization"},"image":{"@id":"https:\/\/fcspartaktrnava.com\/uspesna-penaltova-drama-frelih-hrdinom\/#primaryimage"},"thumbnailUrl":"https:\/\/fcspartaktrnava.com\/wp-content\/uploads\/2024\/11\/DSC_4410-scaled.jpg","articleSection":["Spr\u00e1vy","Z\u00e1pas"],"inLanguage":"en-GB"},{"@type":"WebPage","@id":"https:\/\/fcspartaktrnava.com\/uspesna-penaltova-drama-frelih-hrdinom\/","url":"https:\/\/fcspartaktrnava.com\/uspesna-penaltova-drama-frelih-hrdinom\/","name":"\u00daspe\u0161n\u00e1 penaltov\u00e1 dr\u00e1ma! Frelih hrdinom! - FC Spartak Trnava","isPartOf":{"@id":"https:\/\/fcspartaktrnava.com\/#website"},"primaryImageOfPage":{"@id":"https:\/\/fcspartaktrnava.com\/uspesna-penaltova-drama-frelih-hrdinom\/#primaryimage"},"image":{"@id":"https:\/\/fcspartaktrnava.com\/uspesna-penaltova-drama-frelih-hrdinom\/#primaryimage"},"thumbnailUrl":"https:\/\/fcspartaktrnava.com\/wp-content\/uploads\/2024\/11\/DSC_4410-scaled.jpg","datePublished":"2024-11-14T19:31:14+00:00","dateModified":"2024-11-14T19:31:15+00:00","breadcrumb":{"@id":"https:\/\/fcspartaktrnava.com\/uspesna-penaltova-drama-frelih-hrdinom\/#breadcrumb"},"inLanguage":"en-GB","potentialAction":[{"@type":"ReadAction","target":["https:\/\/fcspartaktrnava.com\/uspesna-penaltova-drama-frelih-hrdinom\/"]}]},{"@type":"ImageObject","inLanguage":"en-GB","@id":"https:\/\/fcspartaktrnava.com\/uspesna-penaltova-drama-frelih-hrdinom\/#primaryimage","url":"https:\/\/fcspartaktrnava.com\/wp-content\/uploads\/2024\/11\/DSC_4410-scaled.jpg","contentUrl":"https:\/\/fcspartaktrnava.com\/wp-content\/uploads\/2024\/11\/DSC_4410-scaled.jpg","width":2560,"height":1707},{"@type":"BreadcrumbList","@id":"https:\/\/fcspartaktrnava.com\/uspesna-penaltova-drama-frelih-hrdinom\/#breadcrumb","itemListElement":[{"@type":"ListItem","position":1,"name":"Home","item":"https:\/\/fcspartaktrnava.com\/"},{"@type":"ListItem","position":2,"name":"\u00daspe\u0161n\u00e1 penaltov\u00e1 dr\u00e1ma! Frelih hrdinom!"}]},{"@type":"WebSite","@id":"https:\/\/fcspartaktrnava.com\/#website","url":"https:\/\/fcspartaktrnava.com\/","name":"FC Spartak Trnava","description":"ofici\u00e1lna webstr\u00e1nka futbalov\u00e9ho klubu","publisher":{"@id":"https:\/\/fcspartaktrnava.com\/#organization"},"potentialAction":[{"@type":"SearchAction","target":{"@type":"EntryPoint","urlTemplate":"https:\/\/fcspartaktrnava.com\/?s={search_term_string}"},"query-input":{"@type":"PropertyValueSpecification","valueRequired":true,"valueName":"search_term_string"}}],"inLanguage":"en-GB"},{"@type":"Organization","@id":"https:\/\/fcspartaktrnava.com\/#organization","name":"FC Spartak Trnava","alternateName":"Spartak","url":"https:\/\/fcspartaktrnava.com\/","logo":{"@type":"ImageObject","inLanguage":"en-GB","@id":"https:\/\/fcspartaktrnava.com\/#\/schema\/logo\/image\/","url":"https:\/\/fcspartaktrnava.com\/wp-content\/uploads\/2022\/08\/cropped-site_logo.png","contentUrl":"https:\/\/fcspartaktrnava.com\/wp-content\/uploads\/2022\/08\/cropped-site_logo.png","width":140,"height":140,"caption":"FC Spartak Trnava"},"image":{"@id":"https:\/\/fcspartaktrnava.com\/#\/schema\/logo\/image\/"},"sameAs":["https:\/\/www.facebook.com\/SpartakTrnava","https:\/\/x.com\/SpartakTrnava1","https:\/\/www.instagram.com\/spartak_sk\/"]},{"@type":"Person","@id":"https:\/\/fcspartaktrnava.com\/#\/schema\/person\/62c3c2562c3c56e4c0c8c2342c596ac0","name":"Samuel \u010eurinsk\u00fd","image":{"@type":"ImageObject","inLanguage":"en-GB","@id":"https:\/\/fcspartaktrnava.com\/#\/schema\/person\/image\/","url":"https:\/\/secure.gravatar.com\/avatar\/af2fa02af92418b86ed742470664fe40056833fb68d84becf03f6ab02319257c?s=96&d=mm&r=g","contentUrl":"https:\/\/secure.gravatar.com\/avatar\/af2fa02af92418b86ed742470664fe40056833fb68d84becf03f6ab02319257c?s=96&d=mm&r=g","caption":"Samuel \u010eurinsk\u00fd"},"url":"https:\/\/fcspartaktrnava.com\/en\/author\/fcst-samuel\/"}]}},"_links":{"self":[{"href":"https:\/\/fcspartaktrnava.com\/en\/wp-json\/wp\/v2\/posts\/24118","targetHints":{"allow":["GET"]}}],"collection":[{"href":"https:\/\/fcspartaktrnava.com\/en\/wp-json\/wp\/v2\/posts"}],"about":[{"href":"https:\/\/fcspartaktrnava.com\/en\/wp-json\/wp\/v2\/types\/post"}],"author":[{"embeddable":true,"href":"https:\/\/fcspartaktrnava.com\/en\/wp-json\/wp\/v2\/users\/5"}],"replies":[{"embeddable":true,"href":"https:\/\/fcspartaktrnava.com\/en\/wp-json\/wp\/v2\/comments?post=24118"}],"version-history":[{"count":0,"href":"https:\/\/fcspartaktrnava.com\/en\/wp-json\/wp\/v2\/posts\/24118\/revisions"}],"wp:featuredmedia":[{"embeddable":true,"href":"https:\/\/fcspartaktrnava.com\/en\/wp-json\/wp\/v2\/media\/24123"}],"wp:attachment":[{"href":"https:\/\/fcspartaktrnava.com\/en\/wp-json\/wp\/v2\/media?parent=24118"}],"wp:term":[{"taxonomy":"category","embeddable":true,"href":"https:\/\/fcspartaktrnava.com\/en\/wp-json\/wp\/v2\/categories?post=24118"},{"taxonomy":"post_tag","embeddable":true,"href":"https:\/\/fcspartaktrnava.com\/en\/wp-json\/wp\/v2\/tags?post=24118"}],"curies":[{"name":"wp","href":"https:\/\/api.w.org\/{rel}","templated":true}]}}