{"id":24107,"date":"2024-11-14T15:51:19","date_gmt":"2024-11-14T13:51:19","guid":{"rendered":"https:\/\/fcspartaktrnava.com\/?p=24107"},"modified":"2024-11-19T12:07:57","modified_gmt":"2024-11-19T10:07:57","slug":"vianoce-s-fcstore-poteste-svojich-blizkych-originalnym-darcekom","status":"publish","type":"post","link":"https:\/\/fcspartaktrnava.com\/en\/vianoce-s-fcstore-poteste-svojich-blizkych-originalnym-darcekom\/","title":{"rendered":"VIANOCE S FCSTORE. Pote\u0161te svojich bl\u00edzkych origin\u00e1lnym dar\u010dekom!"},"content":{"rendered":"<p class=\"has-text-align-center has-medium-font-size\"><strong>Adventn\u00e9 a viano\u010dn\u00e9 obdobie pomali\u010dky klope na dvere a my v Spartaku sme si pre v\u00e1s a va\u0161ich bl\u00edzkych pripravili skuto\u010dne origin\u00e1lne n\u00e1mety na dar\u010dek. <\/strong><\/p>\n\n\n\n<hr class=\"wp-block-separator has-alpha-channel-opacity\"\/>\n\n\n\n<h2 class=\"wp-block-heading has-text-align-center\">Jedine\u010dn\u00fd TULIVAK FC Spartak Trnava<\/h2>\n\n\n\n<p class=\"has-text-align-center has-medium-font-size\">M\u00e1te radi komfort, originalitu a chcete si posedie\u0165 na exkluz\u00edvnych <strong>TULIVAKOCH<\/strong> s klubov\u00fdm dizajnom? Urobte si pohodlie s dvoma NOVINKAMI v na\u0161om <a href=\"https:\/\/fcstore.sk\/\">FCSTORE<\/a>, ktor\u00e9 pote\u0161ia deti aj dospel\u00fdch.<\/p>\n\n\n<div class=\"wp-block-image\">\n<figure class=\"aligncenter size-large\"><img loading=\"lazy\" decoding=\"async\" width=\"1024\" height=\"684\" src=\"https:\/\/fcspartaktrnava.com\/wp-content\/uploads\/2024\/11\/DSC_8340-Enhanced-NR-1024x684.jpg\" alt=\"\" class=\"wp-image-24108\" srcset=\"https:\/\/fcspartaktrnava.com\/wp-content\/uploads\/2024\/11\/DSC_8340-Enhanced-NR-1024x684.jpg 1024w, https:\/\/fcspartaktrnava.com\/wp-content\/uploads\/2024\/11\/DSC_8340-Enhanced-NR-300x200.jpg 300w, https:\/\/fcspartaktrnava.com\/wp-content\/uploads\/2024\/11\/DSC_8340-Enhanced-NR-768x513.jpg 768w, https:\/\/fcspartaktrnava.com\/wp-content\/uploads\/2024\/11\/DSC_8340-Enhanced-NR-1536x1025.jpg 1536w, https:\/\/fcspartaktrnava.com\/wp-content\/uploads\/2024\/11\/DSC_8340-Enhanced-NR-2048x1367.jpg 2048w, https:\/\/fcspartaktrnava.com\/wp-content\/uploads\/2024\/11\/DSC_8340-Enhanced-NR-18x12.jpg 18w\" sizes=\"auto, (max-width: 1024px) 100vw, 1024px\" \/><\/figure>\n<\/div>\n\n\n<p class=\"has-text-align-center has-medium-font-size\">FC Spartak Tuli Relax<\/p>\n\n\n\n<hr class=\"wp-block-separator has-alpha-channel-opacity\"\/>\n\n\n\n<p class=\"has-text-align-center has-medium-font-size\"><strong>V \u0161peci\u00e1lnej viano\u010dnej ponuke FCSTORE n\u00e1jdete dva \u00faplne nov\u00e9 produkty. <\/strong><\/p>\n\n\n\n<p class=\"has-text-align-center has-large-font-size\"><strong><a href=\"https:\/\/fcstore.sk\/produkt\/produkt-17\/\">Jedine\u010dn\u00fd <strong>FC Spartak Tuli Relax<\/strong><\/a><\/strong><\/p>\n\n\n\n<p class=\"has-text-align-center has-medium-font-size\"><strong>&#8230;ktor\u00fd sa hod\u00ed do ka\u017edej detskej izby, \u0161kolskej triedy alebo dokonca aj do Siene sl\u00e1vy. <\/strong><\/p>\n\n\n\n<p class=\"has-text-align-center has-large-font-size\"><strong><a href=\"https:\/\/fcstore.sk\/produkt\/produkt-18\/\">Podsed\u00e1k FC Spartak Tuli Puf<\/a><\/strong><\/p>\n\n\n\n<p class=\"has-text-align-center has-medium-font-size\"><strong>&#8230;s ktor\u00fdm si u\u017eijete e\u0161te v\u00e4\u010d\u0161\u00ed komfort a skvele dopln\u00ed ak\u00fdko\u013evek interi\u00e9r.<\/strong><\/p>\n\n\n\n<p class=\"has-text-align-center has-medium-font-size\"><strong>Nech sa p\u00e1\u010di. Urobte si s nami pohodlie. <\/strong><\/p>\n\n\n\n<p class=\"has-text-align-center has-luminous-vivid-amber-background-color has-background has-medium-font-size\"><strong>Produkty Tuli z&nbsp;limitovanej s\u00e9rie FC Spartak pred\u00e1vame do 31.12.2024 (vr\u00e1tane). <\/strong><\/p>\n\n\n\n<p class=\"has-text-align-center has-luminous-vivid-amber-background-color has-background has-medium-font-size\"><strong>Dodacia lehota 10 pracovn\u00fdch dn\u00ed.<\/strong><\/p>\n\n\n\n<hr class=\"wp-block-separator has-alpha-channel-opacity\"\/>\n\n\n\n<figure class=\"wp-block-image size-large\"><img loading=\"lazy\" decoding=\"async\" width=\"1024\" height=\"684\" src=\"https:\/\/fcspartaktrnava.com\/wp-content\/uploads\/2024\/11\/DSC_8358-Enhanced-NR-1024x684.jpg\" alt=\"\" class=\"wp-image-24109\" srcset=\"https:\/\/fcspartaktrnava.com\/wp-content\/uploads\/2024\/11\/DSC_8358-Enhanced-NR-1024x684.jpg 1024w, https:\/\/fcspartaktrnava.com\/wp-content\/uploads\/2024\/11\/DSC_8358-Enhanced-NR-300x200.jpg 300w, https:\/\/fcspartaktrnava.com\/wp-content\/uploads\/2024\/11\/DSC_8358-Enhanced-NR-768x513.jpg 768w, https:\/\/fcspartaktrnava.com\/wp-content\/uploads\/2024\/11\/DSC_8358-Enhanced-NR-1536x1025.jpg 1536w, https:\/\/fcspartaktrnava.com\/wp-content\/uploads\/2024\/11\/DSC_8358-Enhanced-NR-2048x1367.jpg 2048w, https:\/\/fcspartaktrnava.com\/wp-content\/uploads\/2024\/11\/DSC_8358-Enhanced-NR-18x12.jpg 18w\" sizes=\"auto, (max-width: 1024px) 100vw, 1024px\" \/><\/figure>\n\n\n\n<p class=\"has-text-align-center has-medium-font-size\">FC Spartak Tuli Puf<\/p>\n\n\n\n<hr class=\"wp-block-separator has-text-color has-vivid-red-color has-alpha-channel-opacity has-vivid-red-background-color has-background is-style-dots\"\/>\n\n\n<div class=\"wp-block-image\">\n<figure class=\"aligncenter size-large\"><img loading=\"lazy\" decoding=\"async\" width=\"1024\" height=\"684\" src=\"https:\/\/fcspartaktrnava.com\/wp-content\/uploads\/2024\/11\/DSC_8318-Enhanced-NR-1024x684.jpg\" alt=\"\" class=\"wp-image-24114\" srcset=\"https:\/\/fcspartaktrnava.com\/wp-content\/uploads\/2024\/11\/DSC_8318-Enhanced-NR-1024x684.jpg 1024w, https:\/\/fcspartaktrnava.com\/wp-content\/uploads\/2024\/11\/DSC_8318-Enhanced-NR-300x200.jpg 300w, https:\/\/fcspartaktrnava.com\/wp-content\/uploads\/2024\/11\/DSC_8318-Enhanced-NR-768x513.jpg 768w, https:\/\/fcspartaktrnava.com\/wp-content\/uploads\/2024\/11\/DSC_8318-Enhanced-NR-1536x1025.jpg 1536w, https:\/\/fcspartaktrnava.com\/wp-content\/uploads\/2024\/11\/DSC_8318-Enhanced-NR-2048x1367.jpg 2048w, https:\/\/fcspartaktrnava.com\/wp-content\/uploads\/2024\/11\/DSC_8318-Enhanced-NR-18x12.jpg 18w\" sizes=\"auto, (max-width: 1024px) 100vw, 1024px\" \/><\/figure>\n<\/div>\n\n\n<p class=\"has-text-align-center has-medium-font-size\"><a href=\"https:\/\/fcstore.sk\/kategoria\/suveniry\/tuli\/\">Limitovan\u00e1 ed\u00edcia FC Spartak od zna\u010dky TULI.<\/a><\/p>\n\n\n\n<hr class=\"wp-block-separator has-alpha-channel-opacity\"\/>\n\n\n\n<h2 class=\"wp-block-heading has-text-align-center\">Neviete, \u010do si vybra\u0165? Nevad\u00ed. M\u00e1me pre v\u00e1s jednoduch\u00e9 rie\u0161enie<\/h2>\n\n\n\n<p class=\"has-text-align-center has-medium-font-size\">Ak ste si u\u017e vybrali, ktor\u00fd z origin\u00e1lnych k\u00faskov pribudne do Va\u0161ej zbierky klubov\u00fdch suven\u00edrov a chceli by ste prida\u0165 nie\u010do navy\u0161e, ale e\u0161te ste sa nerozhodli, nevad\u00ed. <\/p>\n\n\n\n<p class=\"has-text-align-center has-black-color has-white-background-color has-text-color has-background has-link-color has-medium-font-size wp-elements-23eb7a3b22f8878aa9fc9601beba2a89\">Pripravili sme si \u0161peci\u00e1lne dar\u010dekov\u00e9 poukazy.<\/p>\n\n\n\n<p class=\"has-text-align-center has-black-color has-white-background-color has-text-color has-background has-link-color has-medium-font-size wp-elements-a14feff0be9970a115e5a56d4fc8c19f\">V hodnote <strong>25, 50 a 100 EUR. <\/strong><\/p>\n\n\n\n<p class=\"has-text-align-center has-black-color has-white-background-color has-text-color has-background has-link-color has-medium-font-size wp-elements-3d43b9e51d65f0f333e4e7c396bc67a5\"><strong><a href=\"https:\/\/fcstore.sk\/kategoria\/suveniry\/darcekove-poukazky\/\">Objedn\u00e1vajte jednoducho a r\u00fdchlo TU<\/a><\/strong><\/p>\n\n\n\n<p class=\"has-text-align-center has-medium-font-size\"><strong>VOUCHER<\/strong> v origin\u00e1lnom viano\u010dnom preveden\u00ed zak\u00fapite jednoducho na na\u0161om FCSTORE.sk a pote\u0161\u00edte tak v\u0161etk\u00fdch, ktor\u00fdch m\u00e1te radi a na ktor\u00fdch V\u00e1m z\u00e1le\u017e\u00ed. A v\u00fdber z bohatej ponuky klubov\u00e9ho oble\u010denia, suven\u00edrov, predmetov alebo <strong>tulivaku s podsed\u00e1kom, <\/strong>u\u017e nech\u00e1te na nich. <\/p>\n\n\n\n<p class=\"has-text-align-center has-medium-font-size\">Je to jednoduch\u00e9, r\u00fdchle a pouk\u00e1\u017eky je mo\u017en\u00e9 uplatni\u0165 na ak\u00fdko\u013evek produkt alebo produkty do <strong>31. m\u00e1ja 2025. <\/strong>Tak\u017ee v\u00e1m rozhodne ni\u010d neujde.<\/p>\n\n\n<div class=\"wp-block-image\">\n<figure class=\"aligncenter size-large\"><img loading=\"lazy\" decoding=\"async\" width=\"1024\" height=\"585\" src=\"https:\/\/fcspartaktrnava.com\/wp-content\/uploads\/2024\/11\/darcekovy-poukaz-1024x585.png\" alt=\"\" class=\"wp-image-24110\" srcset=\"https:\/\/fcspartaktrnava.com\/wp-content\/uploads\/2024\/11\/darcekovy-poukaz-1024x585.png 1024w, https:\/\/fcspartaktrnava.com\/wp-content\/uploads\/2024\/11\/darcekovy-poukaz-300x171.png 300w, https:\/\/fcspartaktrnava.com\/wp-content\/uploads\/2024\/11\/darcekovy-poukaz-768x439.png 768w, https:\/\/fcspartaktrnava.com\/wp-content\/uploads\/2024\/11\/darcekovy-poukaz-18x10.png 18w, https:\/\/fcspartaktrnava.com\/wp-content\/uploads\/2024\/11\/darcekovy-poukaz.png 1400w\" sizes=\"auto, (max-width: 1024px) 100vw, 1024px\" \/><\/figure>\n<\/div>\n\n<div class=\"wp-block-image\">\n<figure class=\"aligncenter size-large\"><img loading=\"lazy\" decoding=\"async\" width=\"1024\" height=\"585\" src=\"https:\/\/fcspartaktrnava.com\/wp-content\/uploads\/2024\/11\/darcekovy-poukaz-1-1024x585.png\" alt=\"\" class=\"wp-image-24111\" srcset=\"https:\/\/fcspartaktrnava.com\/wp-content\/uploads\/2024\/11\/darcekovy-poukaz-1-1024x585.png 1024w, https:\/\/fcspartaktrnava.com\/wp-content\/uploads\/2024\/11\/darcekovy-poukaz-1-300x171.png 300w, https:\/\/fcspartaktrnava.com\/wp-content\/uploads\/2024\/11\/darcekovy-poukaz-1-768x439.png 768w, https:\/\/fcspartaktrnava.com\/wp-content\/uploads\/2024\/11\/darcekovy-poukaz-1-18x10.png 18w, https:\/\/fcspartaktrnava.com\/wp-content\/uploads\/2024\/11\/darcekovy-poukaz-1.png 1400w\" sizes=\"auto, (max-width: 1024px) 100vw, 1024px\" \/><\/figure>\n<\/div>\n\n<div class=\"wp-block-image\">\n<figure class=\"aligncenter size-large\"><img loading=\"lazy\" decoding=\"async\" width=\"1024\" height=\"585\" src=\"https:\/\/fcspartaktrnava.com\/wp-content\/uploads\/2024\/11\/darcekovy-poukaz-2-1024x585.png\" alt=\"\" class=\"wp-image-24112\" srcset=\"https:\/\/fcspartaktrnava.com\/wp-content\/uploads\/2024\/11\/darcekovy-poukaz-2-1024x585.png 1024w, https:\/\/fcspartaktrnava.com\/wp-content\/uploads\/2024\/11\/darcekovy-poukaz-2-300x171.png 300w, https:\/\/fcspartaktrnava.com\/wp-content\/uploads\/2024\/11\/darcekovy-poukaz-2-768x439.png 768w, https:\/\/fcspartaktrnava.com\/wp-content\/uploads\/2024\/11\/darcekovy-poukaz-2-18x10.png 18w, https:\/\/fcspartaktrnava.com\/wp-content\/uploads\/2024\/11\/darcekovy-poukaz-2.png 1400w\" sizes=\"auto, (max-width: 1024px) 100vw, 1024px\" \/><\/figure>\n<\/div>\n\n\n<hr class=\"wp-block-separator has-alpha-channel-opacity\"\/>\n\n\n\n<p class=\"has-text-align-center has-medium-font-size\"><strong>Tak nev\u00e1hajte a pote\u0161te seba a svojich bl\u00edzkych<\/strong> <strong>aj s produktmi TULI z limitovanej s\u00e9rie FC Spartak.<\/strong><\/p>\n\n\n<div class=\"wp-block-image\">\n<figure class=\"aligncenter size-large\"><img loading=\"lazy\" decoding=\"async\" width=\"1024\" height=\"684\" src=\"https:\/\/fcspartaktrnava.com\/wp-content\/uploads\/2024\/11\/DSC_8372-Enhanced-NR-1024x684.jpg\" alt=\"\" class=\"wp-image-24113\" srcset=\"https:\/\/fcspartaktrnava.com\/wp-content\/uploads\/2024\/11\/DSC_8372-Enhanced-NR-1024x684.jpg 1024w, https:\/\/fcspartaktrnava.com\/wp-content\/uploads\/2024\/11\/DSC_8372-Enhanced-NR-300x200.jpg 300w, https:\/\/fcspartaktrnava.com\/wp-content\/uploads\/2024\/11\/DSC_8372-Enhanced-NR-768x513.jpg 768w, https:\/\/fcspartaktrnava.com\/wp-content\/uploads\/2024\/11\/DSC_8372-Enhanced-NR-1536x1025.jpg 1536w, https:\/\/fcspartaktrnava.com\/wp-content\/uploads\/2024\/11\/DSC_8372-Enhanced-NR-2048x1367.jpg 2048w, https:\/\/fcspartaktrnava.com\/wp-content\/uploads\/2024\/11\/DSC_8372-Enhanced-NR-18x12.jpg 18w\" sizes=\"auto, (max-width: 1024px) 100vw, 1024px\" \/><\/figure>\n<\/div>","protected":false},"excerpt":{"rendered":"<p>Adventn\u00e9 a viano\u010dn\u00e9 obdobie pomali\u010dky klope na dvere&#8230;<\/p>","protected":false},"author":5,"featured_media":24115,"comment_status":"closed","ping_status":"closed","sticky":false,"template":"","format":"standard","meta":{"footnotes":""},"categories":[12],"tags":[],"class_list":["post-24107","post","type-post","status-publish","format-standard","has-post-thumbnail","hentry","category-spravy","post-number-1"],"yoast_head":"<!-- This site is optimized with the Yoast SEO plugin v27.1.1 - https:\/\/yoast.com\/product\/yoast-seo-wordpress\/ -->\n<title>VIANOCE S FCSTORE. Pote\u0161te svojich bl\u00edzkych origin\u00e1lnym dar\u010dekom! - FC Spartak Trnava<\/title>\n<meta name=\"robots\" content=\"index, follow, max-snippet:-1, max-image-preview:large, max-video-preview:-1\" \/>\n<link rel=\"canonical\" href=\"https:\/\/fcspartaktrnava.com\/en\/vianoce-s-fcstore-poteste-svojich-blizkych-originalnym-darcekom\/\" \/>\n<meta name=\"twitter:label1\" content=\"Written by\" \/>\n\t<meta name=\"twitter:data1\" content=\"Samuel \u010eurinsk\u00fd\" \/>\n\t<meta name=\"twitter:label2\" content=\"Estimated reading time\" \/>\n\t<meta name=\"twitter:data2\" content=\"4 minutes\" \/>\n<script type=\"application\/ld+json\" class=\"yoast-schema-graph\">{\"@context\":\"https:\/\/schema.org\",\"@graph\":[{\"@type\":\"Article\",\"@id\":\"https:\/\/fcspartaktrnava.com\/vianoce-s-fcstore-poteste-svojich-blizkych-originalnym-darcekom\/#article\",\"isPartOf\":{\"@id\":\"https:\/\/fcspartaktrnava.com\/vianoce-s-fcstore-poteste-svojich-blizkych-originalnym-darcekom\/\"},\"author\":{\"name\":\"Samuel \u010eurinsk\u00fd\",\"@id\":\"https:\/\/fcspartaktrnava.com\/#\/schema\/person\/62c3c2562c3c56e4c0c8c2342c596ac0\"},\"headline\":\"VIANOCE S FCSTORE. Pote\u0161te svojich bl\u00edzkych origin\u00e1lnym dar\u010dekom!\",\"datePublished\":\"2024-11-14T13:51:19+00:00\",\"dateModified\":\"2024-11-19T10:07:57+00:00\",\"mainEntityOfPage\":{\"@id\":\"https:\/\/fcspartaktrnava.com\/vianoce-s-fcstore-poteste-svojich-blizkych-originalnym-darcekom\/\"},\"wordCount\":367,\"publisher\":{\"@id\":\"https:\/\/fcspartaktrnava.com\/#organization\"},\"image\":{\"@id\":\"https:\/\/fcspartaktrnava.com\/vianoce-s-fcstore-poteste-svojich-blizkych-originalnym-darcekom\/#primaryimage\"},\"thumbnailUrl\":\"https:\/\/fcspartaktrnava.com\/wp-content\/uploads\/2024\/11\/DSC_8376-Enhanced-NR-scaled.jpg\",\"articleSection\":[\"Spr\u00e1vy\"],\"inLanguage\":\"en-GB\"},{\"@type\":\"WebPage\",\"@id\":\"https:\/\/fcspartaktrnava.com\/vianoce-s-fcstore-poteste-svojich-blizkych-originalnym-darcekom\/\",\"url\":\"https:\/\/fcspartaktrnava.com\/vianoce-s-fcstore-poteste-svojich-blizkych-originalnym-darcekom\/\",\"name\":\"VIANOCE S FCSTORE. Pote\u0161te svojich bl\u00edzkych origin\u00e1lnym dar\u010dekom! - FC Spartak Trnava\",\"isPartOf\":{\"@id\":\"https:\/\/fcspartaktrnava.com\/#website\"},\"primaryImageOfPage\":{\"@id\":\"https:\/\/fcspartaktrnava.com\/vianoce-s-fcstore-poteste-svojich-blizkych-originalnym-darcekom\/#primaryimage\"},\"image\":{\"@id\":\"https:\/\/fcspartaktrnava.com\/vianoce-s-fcstore-poteste-svojich-blizkych-originalnym-darcekom\/#primaryimage\"},\"thumbnailUrl\":\"https:\/\/fcspartaktrnava.com\/wp-content\/uploads\/2024\/11\/DSC_8376-Enhanced-NR-scaled.jpg\",\"datePublished\":\"2024-11-14T13:51:19+00:00\",\"dateModified\":\"2024-11-19T10:07:57+00:00\",\"breadcrumb\":{\"@id\":\"https:\/\/fcspartaktrnava.com\/vianoce-s-fcstore-poteste-svojich-blizkych-originalnym-darcekom\/#breadcrumb\"},\"inLanguage\":\"en-GB\",\"potentialAction\":[{\"@type\":\"ReadAction\",\"target\":[\"https:\/\/fcspartaktrnava.com\/vianoce-s-fcstore-poteste-svojich-blizkych-originalnym-darcekom\/\"]}]},{\"@type\":\"ImageObject\",\"inLanguage\":\"en-GB\",\"@id\":\"https:\/\/fcspartaktrnava.com\/vianoce-s-fcstore-poteste-svojich-blizkych-originalnym-darcekom\/#primaryimage\",\"url\":\"https:\/\/fcspartaktrnava.com\/wp-content\/uploads\/2024\/11\/DSC_8376-Enhanced-NR-scaled.jpg\",\"contentUrl\":\"https:\/\/fcspartaktrnava.com\/wp-content\/uploads\/2024\/11\/DSC_8376-Enhanced-NR-scaled.jpg\",\"width\":2560,\"height\":1709},{\"@type\":\"BreadcrumbList\",\"@id\":\"https:\/\/fcspartaktrnava.com\/vianoce-s-fcstore-poteste-svojich-blizkych-originalnym-darcekom\/#breadcrumb\",\"itemListElement\":[{\"@type\":\"ListItem\",\"position\":1,\"name\":\"Home\",\"item\":\"https:\/\/fcspartaktrnava.com\/\"},{\"@type\":\"ListItem\",\"position\":2,\"name\":\"VIANOCE S FCSTORE. Pote\u0161te svojich bl\u00edzkych origin\u00e1lnym dar\u010dekom!\"}]},{\"@type\":\"WebSite\",\"@id\":\"https:\/\/fcspartaktrnava.com\/#website\",\"url\":\"https:\/\/fcspartaktrnava.com\/\",\"name\":\"FC Spartak Trnava\",\"description\":\"ofici\u00e1lna webstr\u00e1nka futbalov\u00e9ho klubu\",\"publisher\":{\"@id\":\"https:\/\/fcspartaktrnava.com\/#organization\"},\"potentialAction\":[{\"@type\":\"SearchAction\",\"target\":{\"@type\":\"EntryPoint\",\"urlTemplate\":\"https:\/\/fcspartaktrnava.com\/?s={search_term_string}\"},\"query-input\":{\"@type\":\"PropertyValueSpecification\",\"valueRequired\":true,\"valueName\":\"search_term_string\"}}],\"inLanguage\":\"en-GB\"},{\"@type\":\"Organization\",\"@id\":\"https:\/\/fcspartaktrnava.com\/#organization\",\"name\":\"FC Spartak Trnava\",\"alternateName\":\"Spartak\",\"url\":\"https:\/\/fcspartaktrnava.com\/\",\"logo\":{\"@type\":\"ImageObject\",\"inLanguage\":\"en-GB\",\"@id\":\"https:\/\/fcspartaktrnava.com\/#\/schema\/logo\/image\/\",\"url\":\"https:\/\/fcspartaktrnava.com\/wp-content\/uploads\/2022\/08\/cropped-site_logo.png\",\"contentUrl\":\"https:\/\/fcspartaktrnava.com\/wp-content\/uploads\/2022\/08\/cropped-site_logo.png\",\"width\":140,\"height\":140,\"caption\":\"FC Spartak Trnava\"},\"image\":{\"@id\":\"https:\/\/fcspartaktrnava.com\/#\/schema\/logo\/image\/\"},\"sameAs\":[\"https:\/\/www.facebook.com\/SpartakTrnava\",\"https:\/\/x.com\/SpartakTrnava1\",\"https:\/\/www.instagram.com\/spartak_sk\/\"]},{\"@type\":\"Person\",\"@id\":\"https:\/\/fcspartaktrnava.com\/#\/schema\/person\/62c3c2562c3c56e4c0c8c2342c596ac0\",\"name\":\"Samuel \u010eurinsk\u00fd\",\"image\":{\"@type\":\"ImageObject\",\"inLanguage\":\"en-GB\",\"@id\":\"https:\/\/fcspartaktrnava.com\/#\/schema\/person\/image\/\",\"url\":\"https:\/\/secure.gravatar.com\/avatar\/af2fa02af92418b86ed742470664fe40056833fb68d84becf03f6ab02319257c?s=96&d=mm&r=g\",\"contentUrl\":\"https:\/\/secure.gravatar.com\/avatar\/af2fa02af92418b86ed742470664fe40056833fb68d84becf03f6ab02319257c?s=96&d=mm&r=g\",\"caption\":\"Samuel \u010eurinsk\u00fd\"},\"url\":\"https:\/\/fcspartaktrnava.com\/en\/author\/fcst-samuel\/\"}]}<\/script>\n<!-- \/ Yoast SEO plugin. -->","yoast_head_json":{"title":"VIANOCE S FCSTORE. Pote\u0161te svojich bl\u00edzkych origin\u00e1lnym dar\u010dekom! - FC Spartak Trnava","robots":{"index":"index","follow":"follow","max-snippet":"max-snippet:-1","max-image-preview":"max-image-preview:large","max-video-preview":"max-video-preview:-1"},"canonical":"https:\/\/fcspartaktrnava.com\/en\/vianoce-s-fcstore-poteste-svojich-blizkych-originalnym-darcekom\/","twitter_misc":{"Written by":"Samuel \u010eurinsk\u00fd","Estimated reading time":"4 minutes"},"schema":{"@context":"https:\/\/schema.org","@graph":[{"@type":"Article","@id":"https:\/\/fcspartaktrnava.com\/vianoce-s-fcstore-poteste-svojich-blizkych-originalnym-darcekom\/#article","isPartOf":{"@id":"https:\/\/fcspartaktrnava.com\/vianoce-s-fcstore-poteste-svojich-blizkych-originalnym-darcekom\/"},"author":{"name":"Samuel \u010eurinsk\u00fd","@id":"https:\/\/fcspartaktrnava.com\/#\/schema\/person\/62c3c2562c3c56e4c0c8c2342c596ac0"},"headline":"VIANOCE S FCSTORE. Pote\u0161te svojich bl\u00edzkych origin\u00e1lnym dar\u010dekom!","datePublished":"2024-11-14T13:51:19+00:00","dateModified":"2024-11-19T10:07:57+00:00","mainEntityOfPage":{"@id":"https:\/\/fcspartaktrnava.com\/vianoce-s-fcstore-poteste-svojich-blizkych-originalnym-darcekom\/"},"wordCount":367,"publisher":{"@id":"https:\/\/fcspartaktrnava.com\/#organization"},"image":{"@id":"https:\/\/fcspartaktrnava.com\/vianoce-s-fcstore-poteste-svojich-blizkych-originalnym-darcekom\/#primaryimage"},"thumbnailUrl":"https:\/\/fcspartaktrnava.com\/wp-content\/uploads\/2024\/11\/DSC_8376-Enhanced-NR-scaled.jpg","articleSection":["Spr\u00e1vy"],"inLanguage":"en-GB"},{"@type":"WebPage","@id":"https:\/\/fcspartaktrnava.com\/vianoce-s-fcstore-poteste-svojich-blizkych-originalnym-darcekom\/","url":"https:\/\/fcspartaktrnava.com\/vianoce-s-fcstore-poteste-svojich-blizkych-originalnym-darcekom\/","name":"VIANOCE S FCSTORE. Pote\u0161te svojich bl\u00edzkych origin\u00e1lnym dar\u010dekom! - FC Spartak Trnava","isPartOf":{"@id":"https:\/\/fcspartaktrnava.com\/#website"},"primaryImageOfPage":{"@id":"https:\/\/fcspartaktrnava.com\/vianoce-s-fcstore-poteste-svojich-blizkych-originalnym-darcekom\/#primaryimage"},"image":{"@id":"https:\/\/fcspartaktrnava.com\/vianoce-s-fcstore-poteste-svojich-blizkych-originalnym-darcekom\/#primaryimage"},"thumbnailUrl":"https:\/\/fcspartaktrnava.com\/wp-content\/uploads\/2024\/11\/DSC_8376-Enhanced-NR-scaled.jpg","datePublished":"2024-11-14T13:51:19+00:00","dateModified":"2024-11-19T10:07:57+00:00","breadcrumb":{"@id":"https:\/\/fcspartaktrnava.com\/vianoce-s-fcstore-poteste-svojich-blizkych-originalnym-darcekom\/#breadcrumb"},"inLanguage":"en-GB","potentialAction":[{"@type":"ReadAction","target":["https:\/\/fcspartaktrnava.com\/vianoce-s-fcstore-poteste-svojich-blizkych-originalnym-darcekom\/"]}]},{"@type":"ImageObject","inLanguage":"en-GB","@id":"https:\/\/fcspartaktrnava.com\/vianoce-s-fcstore-poteste-svojich-blizkych-originalnym-darcekom\/#primaryimage","url":"https:\/\/fcspartaktrnava.com\/wp-content\/uploads\/2024\/11\/DSC_8376-Enhanced-NR-scaled.jpg","contentUrl":"https:\/\/fcspartaktrnava.com\/wp-content\/uploads\/2024\/11\/DSC_8376-Enhanced-NR-scaled.jpg","width":2560,"height":1709},{"@type":"BreadcrumbList","@id":"https:\/\/fcspartaktrnava.com\/vianoce-s-fcstore-poteste-svojich-blizkych-originalnym-darcekom\/#breadcrumb","itemListElement":[{"@type":"ListItem","position":1,"name":"Home","item":"https:\/\/fcspartaktrnava.com\/"},{"@type":"ListItem","position":2,"name":"VIANOCE S FCSTORE. Pote\u0161te svojich bl\u00edzkych origin\u00e1lnym dar\u010dekom!"}]},{"@type":"WebSite","@id":"https:\/\/fcspartaktrnava.com\/#website","url":"https:\/\/fcspartaktrnava.com\/","name":"FC Spartak Trnava","description":"ofici\u00e1lna webstr\u00e1nka futbalov\u00e9ho klubu","publisher":{"@id":"https:\/\/fcspartaktrnava.com\/#organization"},"potentialAction":[{"@type":"SearchAction","target":{"@type":"EntryPoint","urlTemplate":"https:\/\/fcspartaktrnava.com\/?s={search_term_string}"},"query-input":{"@type":"PropertyValueSpecification","valueRequired":true,"valueName":"search_term_string"}}],"inLanguage":"en-GB"},{"@type":"Organization","@id":"https:\/\/fcspartaktrnava.com\/#organization","name":"FC Spartak Trnava","alternateName":"Spartak","url":"https:\/\/fcspartaktrnava.com\/","logo":{"@type":"ImageObject","inLanguage":"en-GB","@id":"https:\/\/fcspartaktrnava.com\/#\/schema\/logo\/image\/","url":"https:\/\/fcspartaktrnava.com\/wp-content\/uploads\/2022\/08\/cropped-site_logo.png","contentUrl":"https:\/\/fcspartaktrnava.com\/wp-content\/uploads\/2022\/08\/cropped-site_logo.png","width":140,"height":140,"caption":"FC Spartak Trnava"},"image":{"@id":"https:\/\/fcspartaktrnava.com\/#\/schema\/logo\/image\/"},"sameAs":["https:\/\/www.facebook.com\/SpartakTrnava","https:\/\/x.com\/SpartakTrnava1","https:\/\/www.instagram.com\/spartak_sk\/"]},{"@type":"Person","@id":"https:\/\/fcspartaktrnava.com\/#\/schema\/person\/62c3c2562c3c56e4c0c8c2342c596ac0","name":"Samuel \u010eurinsk\u00fd","image":{"@type":"ImageObject","inLanguage":"en-GB","@id":"https:\/\/fcspartaktrnava.com\/#\/schema\/person\/image\/","url":"https:\/\/secure.gravatar.com\/avatar\/af2fa02af92418b86ed742470664fe40056833fb68d84becf03f6ab02319257c?s=96&d=mm&r=g","contentUrl":"https:\/\/secure.gravatar.com\/avatar\/af2fa02af92418b86ed742470664fe40056833fb68d84becf03f6ab02319257c?s=96&d=mm&r=g","caption":"Samuel \u010eurinsk\u00fd"},"url":"https:\/\/fcspartaktrnava.com\/en\/author\/fcst-samuel\/"}]}},"_links":{"self":[{"href":"https:\/\/fcspartaktrnava.com\/en\/wp-json\/wp\/v2\/posts\/24107","targetHints":{"allow":["GET"]}}],"collection":[{"href":"https:\/\/fcspartaktrnava.com\/en\/wp-json\/wp\/v2\/posts"}],"about":[{"href":"https:\/\/fcspartaktrnava.com\/en\/wp-json\/wp\/v2\/types\/post"}],"author":[{"embeddable":true,"href":"https:\/\/fcspartaktrnava.com\/en\/wp-json\/wp\/v2\/users\/5"}],"replies":[{"embeddable":true,"href":"https:\/\/fcspartaktrnava.com\/en\/wp-json\/wp\/v2\/comments?post=24107"}],"version-history":[{"count":0,"href":"https:\/\/fcspartaktrnava.com\/en\/wp-json\/wp\/v2\/posts\/24107\/revisions"}],"wp:featuredmedia":[{"embeddable":true,"href":"https:\/\/fcspartaktrnava.com\/en\/wp-json\/wp\/v2\/media\/24115"}],"wp:attachment":[{"href":"https:\/\/fcspartaktrnava.com\/en\/wp-json\/wp\/v2\/media?parent=24107"}],"wp:term":[{"taxonomy":"category","embeddable":true,"href":"https:\/\/fcspartaktrnava.com\/en\/wp-json\/wp\/v2\/categories?post=24107"},{"taxonomy":"post_tag","embeddable":true,"href":"https:\/\/fcspartaktrnava.com\/en\/wp-json\/wp\/v2\/tags?post=24107"}],"curies":[{"name":"wp","href":"https:\/\/api.w.org\/{rel}","templated":true}]}}