{"id":24098,"date":"2024-11-12T17:59:05","date_gmt":"2024-11-12T15:59:05","guid":{"rendered":"https:\/\/fcspartaktrnava.com\/?p=24098"},"modified":"2024-11-12T17:59:05","modified_gmt":"2024-11-12T15:59:05","slug":"erik-daniel-vitaz-ankety-gol-mesiaca-oktober","status":"publish","type":"post","link":"https:\/\/fcspartaktrnava.com\/en\/erik-daniel-vitaz-ankety-gol-mesiaca-oktober\/","title":{"rendered":"ERIK DANIEL. V\u00ed\u0165az ankety G\u00d3L MESIACA OKT\u00d3BER!"},"content":{"rendered":"<p class=\"has-text-align-center has-medium-font-size\">Okt\u00f3ber bol vydaren\u00fdm mesiacom pre na\u0161e farby hne\u010f viacn\u00e1sobne. Okrem rozbehnutia g\u00f3lov\u00fdch motorov, sme zabodovali v dvoch anket\u00e1ch. Kelvin Ofori sa stal hr\u00e1\u010dom mesiaca Okt\u00f3ber a <strong>Erik Daniel v\u00ed\u0165azom ankety G\u00d3L MESIACA!<\/strong><\/p>\n\n\n\n<p class=\"has-text-align-center has-medium-font-size\"><strong>Erikov presn\u00fd z\u00e1sah zo z\u00e1pasu proti Podbrezovej z\u00edskal v hlasovan\u00ed verejnosti najviac hlasov (38,28%) a do n\u00e1\u0161ho klubu tak poputuje aj pr\u00edspevok od Nik\u00e9 a Fondu pre bud\u00facnos\u0165 \u0161portu vo v\u00fd\u0161ke 5000 EUR.<\/strong><\/p>\n\n\n\n<p class=\"has-text-align-center has-medium-font-size\">Dnes popoludn\u00ed prebehlo aj ofici\u00e1lne odovzdanie v\u00fdhry a \u0161eku, ktor\u00fd bude vyu\u017eit\u00fd na podporu na\u0161ej ml\u00e1de\u017ee, konkr\u00e9tne kateg\u00f3rie U17. V\u010faka finan\u010dnej podpore bud\u00fa m\u00f4c\u0165 na\u0161i talentovan\u00ed ml\u00e1de\u017en\u00edci absolvova\u0165 medzin\u00e1rodn\u00fd turnaj v Anglicku. <\/p>\n\n\n<div class=\"wp-block-image\">\n<figure class=\"aligncenter size-large\"><img loading=\"lazy\" decoding=\"async\" width=\"1024\" height=\"1024\" src=\"https:\/\/fcspartaktrnava.com\/wp-content\/uploads\/2024\/11\/fa3cbba9-1816-44cc-9ff4-026ddea02b67-1024x1024.jpg\" alt=\"\" class=\"wp-image-24099\" srcset=\"https:\/\/fcspartaktrnava.com\/wp-content\/uploads\/2024\/11\/fa3cbba9-1816-44cc-9ff4-026ddea02b67-1024x1024.jpg 1024w, https:\/\/fcspartaktrnava.com\/wp-content\/uploads\/2024\/11\/fa3cbba9-1816-44cc-9ff4-026ddea02b67-300x300.jpg 300w, https:\/\/fcspartaktrnava.com\/wp-content\/uploads\/2024\/11\/fa3cbba9-1816-44cc-9ff4-026ddea02b67-150x150.jpg 150w, https:\/\/fcspartaktrnava.com\/wp-content\/uploads\/2024\/11\/fa3cbba9-1816-44cc-9ff4-026ddea02b67-768x768.jpg 768w, https:\/\/fcspartaktrnava.com\/wp-content\/uploads\/2024\/11\/fa3cbba9-1816-44cc-9ff4-026ddea02b67-1536x1536.jpg 1536w, https:\/\/fcspartaktrnava.com\/wp-content\/uploads\/2024\/11\/fa3cbba9-1816-44cc-9ff4-026ddea02b67-12x12.jpg 12w, https:\/\/fcspartaktrnava.com\/wp-content\/uploads\/2024\/11\/fa3cbba9-1816-44cc-9ff4-026ddea02b67.jpg 1600w\" sizes=\"auto, (max-width: 1024px) 100vw, 1024px\" \/><\/figure>\n<\/div>\n\n\n<p class=\"has-text-align-center has-medium-font-size\"><strong>ERIK &#8211; GRATULUJEME! Pozrite si G\u00d3L MESIACA OKT\u00d3BER!<\/strong><\/p>\n\n\n\n<figure class=\"wp-block-embed is-type-video is-provider-youtube wp-block-embed-youtube wp-embed-aspect-16-9 wp-has-aspect-ratio\"><div class=\"wp-block-embed__wrapper\">\n<iframe loading=\"lazy\" title=\"Erik Daniel a jeho G\u00f3l mesiaca okt\u00f3ber!\" width=\"500\" height=\"281\" src=\"https:\/\/www.youtube.com\/embed\/Taznh0ToXVY?feature=oembed\" frameborder=\"0\" allow=\"accelerometer; autoplay; clipboard-write; encrypted-media; gyroscope; picture-in-picture; web-share\" referrerpolicy=\"strict-origin-when-cross-origin\" allowfullscreen><\/iframe>\n<\/div><\/figure>\n\n\n\n<hr class=\"wp-block-separator has-alpha-channel-opacity\"\/>\n\n\n<div class=\"wp-block-image\">\n<figure class=\"aligncenter size-large\"><img loading=\"lazy\" decoding=\"async\" width=\"1024\" height=\"1024\" src=\"https:\/\/fcspartaktrnava.com\/wp-content\/uploads\/2024\/11\/44df62ee-cf8c-4025-a790-605ac7c42766-1024x1024.jpg\" alt=\"\" class=\"wp-image-24100\" srcset=\"https:\/\/fcspartaktrnava.com\/wp-content\/uploads\/2024\/11\/44df62ee-cf8c-4025-a790-605ac7c42766-1024x1024.jpg 1024w, https:\/\/fcspartaktrnava.com\/wp-content\/uploads\/2024\/11\/44df62ee-cf8c-4025-a790-605ac7c42766-300x300.jpg 300w, https:\/\/fcspartaktrnava.com\/wp-content\/uploads\/2024\/11\/44df62ee-cf8c-4025-a790-605ac7c42766-150x150.jpg 150w, https:\/\/fcspartaktrnava.com\/wp-content\/uploads\/2024\/11\/44df62ee-cf8c-4025-a790-605ac7c42766-768x768.jpg 768w, https:\/\/fcspartaktrnava.com\/wp-content\/uploads\/2024\/11\/44df62ee-cf8c-4025-a790-605ac7c42766-1536x1536.jpg 1536w, https:\/\/fcspartaktrnava.com\/wp-content\/uploads\/2024\/11\/44df62ee-cf8c-4025-a790-605ac7c42766-12x12.jpg 12w, https:\/\/fcspartaktrnava.com\/wp-content\/uploads\/2024\/11\/44df62ee-cf8c-4025-a790-605ac7c42766.jpg 1600w\" sizes=\"auto, (max-width: 1024px) 100vw, 1024px\" \/><\/figure>\n<\/div>\n\n\n<hr class=\"wp-block-separator has-alpha-channel-opacity\"\/>\n\n\n\n<p class=\"has-text-align-center has-white-color has-black-background-color has-text-color has-background has-link-color has-medium-font-size wp-elements-58d4a741a4357cba2976824b2988672c\"><strong>Pr\u00ed\u010fte si pozrie\u0165 strelca najkraj\u0161ieho g\u00f3lu mesiaca okt\u00f3ber priamo v akcii! <\/strong><\/p>\n\n\n\n<p class=\"has-text-align-center has-luminous-vivid-amber-background-color has-background has-medium-font-size\"><strong>U\u017e vo \u0161tvrtok od 18:00 pokra\u010dujeme poh\u00e1rov\u00fdm z\u00e1pasom proti Podbrezovej. <\/strong><\/p>\n\n\n\n<p class=\"has-text-align-center has-luminous-vivid-amber-background-color has-background has-medium-font-size\"><strong><a href=\"https:\/\/predpredaj.zoznam.sk\/sk\/listky\/slovnaft-cup-fc-spartak-trnava-fk-zeleziarne-podbrezova-2024-11-14\/\">Vstupenky v sieti predpredaj.sk!<\/a><\/strong><\/p>","protected":false},"excerpt":{"rendered":"<p>Okt\u00f3ber bol vydaren\u00fdm mesiacom pre na\u0161e farby hne\u010f&#8230;<\/p>","protected":false},"author":5,"featured_media":23941,"comment_status":"closed","ping_status":"closed","sticky":false,"template":"","format":"standard","meta":{"footnotes":""},"categories":[12,18],"tags":[],"class_list":["post-24098","post","type-post","status-publish","format-standard","has-post-thumbnail","hentry","category-spravy","category-video","post-number-1"],"yoast_head":"<!-- This site is optimized with the Yoast SEO plugin v27.1.1 - https:\/\/yoast.com\/product\/yoast-seo-wordpress\/ -->\n<title>ERIK DANIEL. V\u00ed\u0165az ankety G\u00d3L MESIACA OKT\u00d3BER! - FC Spartak Trnava<\/title>\n<meta name=\"robots\" content=\"index, follow, max-snippet:-1, max-image-preview:large, max-video-preview:-1\" \/>\n<link rel=\"canonical\" href=\"https:\/\/fcspartaktrnava.com\/en\/erik-daniel-vitaz-ankety-gol-mesiaca-oktober\/\" \/>\n<meta name=\"twitter:label1\" content=\"Written by\" \/>\n\t<meta name=\"twitter:data1\" content=\"Samuel \u010eurinsk\u00fd\" \/>\n\t<meta name=\"twitter:label2\" content=\"Estimated reading time\" \/>\n\t<meta name=\"twitter:data2\" content=\"1 minute\" \/>\n<script type=\"application\/ld+json\" class=\"yoast-schema-graph\">{\"@context\":\"https:\/\/schema.org\",\"@graph\":[{\"@type\":\"Article\",\"@id\":\"https:\/\/fcspartaktrnava.com\/erik-daniel-vitaz-ankety-gol-mesiaca-oktober\/#article\",\"isPartOf\":{\"@id\":\"https:\/\/fcspartaktrnava.com\/erik-daniel-vitaz-ankety-gol-mesiaca-oktober\/\"},\"author\":{\"name\":\"Samuel \u010eurinsk\u00fd\",\"@id\":\"https:\/\/fcspartaktrnava.com\/#\/schema\/person\/62c3c2562c3c56e4c0c8c2342c596ac0\"},\"headline\":\"ERIK DANIEL. V\u00ed\u0165az ankety G\u00d3L MESIACA OKT\u00d3BER!\",\"datePublished\":\"2024-11-12T15:59:05+00:00\",\"mainEntityOfPage\":{\"@id\":\"https:\/\/fcspartaktrnava.com\/erik-daniel-vitaz-ankety-gol-mesiaca-oktober\/\"},\"wordCount\":190,\"publisher\":{\"@id\":\"https:\/\/fcspartaktrnava.com\/#organization\"},\"image\":{\"@id\":\"https:\/\/fcspartaktrnava.com\/erik-daniel-vitaz-ankety-gol-mesiaca-oktober\/#primaryimage\"},\"thumbnailUrl\":\"https:\/\/fcspartaktrnava.com\/wp-content\/uploads\/2024\/11\/DSC_7165-Enhanced-NR-scaled.jpg\",\"articleSection\":[\"Spr\u00e1vy\",\"Video\"],\"inLanguage\":\"en-GB\"},{\"@type\":\"WebPage\",\"@id\":\"https:\/\/fcspartaktrnava.com\/erik-daniel-vitaz-ankety-gol-mesiaca-oktober\/\",\"url\":\"https:\/\/fcspartaktrnava.com\/erik-daniel-vitaz-ankety-gol-mesiaca-oktober\/\",\"name\":\"ERIK DANIEL. V\u00ed\u0165az ankety G\u00d3L MESIACA OKT\u00d3BER! - FC Spartak Trnava\",\"isPartOf\":{\"@id\":\"https:\/\/fcspartaktrnava.com\/#website\"},\"primaryImageOfPage\":{\"@id\":\"https:\/\/fcspartaktrnava.com\/erik-daniel-vitaz-ankety-gol-mesiaca-oktober\/#primaryimage\"},\"image\":{\"@id\":\"https:\/\/fcspartaktrnava.com\/erik-daniel-vitaz-ankety-gol-mesiaca-oktober\/#primaryimage\"},\"thumbnailUrl\":\"https:\/\/fcspartaktrnava.com\/wp-content\/uploads\/2024\/11\/DSC_7165-Enhanced-NR-scaled.jpg\",\"datePublished\":\"2024-11-12T15:59:05+00:00\",\"breadcrumb\":{\"@id\":\"https:\/\/fcspartaktrnava.com\/erik-daniel-vitaz-ankety-gol-mesiaca-oktober\/#breadcrumb\"},\"inLanguage\":\"en-GB\",\"potentialAction\":[{\"@type\":\"ReadAction\",\"target\":[\"https:\/\/fcspartaktrnava.com\/erik-daniel-vitaz-ankety-gol-mesiaca-oktober\/\"]}]},{\"@type\":\"ImageObject\",\"inLanguage\":\"en-GB\",\"@id\":\"https:\/\/fcspartaktrnava.com\/erik-daniel-vitaz-ankety-gol-mesiaca-oktober\/#primaryimage\",\"url\":\"https:\/\/fcspartaktrnava.com\/wp-content\/uploads\/2024\/11\/DSC_7165-Enhanced-NR-scaled.jpg\",\"contentUrl\":\"https:\/\/fcspartaktrnava.com\/wp-content\/uploads\/2024\/11\/DSC_7165-Enhanced-NR-scaled.jpg\",\"width\":2560,\"height\":1709},{\"@type\":\"BreadcrumbList\",\"@id\":\"https:\/\/fcspartaktrnava.com\/erik-daniel-vitaz-ankety-gol-mesiaca-oktober\/#breadcrumb\",\"itemListElement\":[{\"@type\":\"ListItem\",\"position\":1,\"name\":\"Home\",\"item\":\"https:\/\/fcspartaktrnava.com\/\"},{\"@type\":\"ListItem\",\"position\":2,\"name\":\"ERIK DANIEL. V\u00ed\u0165az ankety G\u00d3L MESIACA OKT\u00d3BER!\"}]},{\"@type\":\"WebSite\",\"@id\":\"https:\/\/fcspartaktrnava.com\/#website\",\"url\":\"https:\/\/fcspartaktrnava.com\/\",\"name\":\"FC Spartak Trnava\",\"description\":\"ofici\u00e1lna webstr\u00e1nka futbalov\u00e9ho klubu\",\"publisher\":{\"@id\":\"https:\/\/fcspartaktrnava.com\/#organization\"},\"potentialAction\":[{\"@type\":\"SearchAction\",\"target\":{\"@type\":\"EntryPoint\",\"urlTemplate\":\"https:\/\/fcspartaktrnava.com\/?s={search_term_string}\"},\"query-input\":{\"@type\":\"PropertyValueSpecification\",\"valueRequired\":true,\"valueName\":\"search_term_string\"}}],\"inLanguage\":\"en-GB\"},{\"@type\":\"Organization\",\"@id\":\"https:\/\/fcspartaktrnava.com\/#organization\",\"name\":\"FC Spartak Trnava\",\"alternateName\":\"Spartak\",\"url\":\"https:\/\/fcspartaktrnava.com\/\",\"logo\":{\"@type\":\"ImageObject\",\"inLanguage\":\"en-GB\",\"@id\":\"https:\/\/fcspartaktrnava.com\/#\/schema\/logo\/image\/\",\"url\":\"https:\/\/fcspartaktrnava.com\/wp-content\/uploads\/2022\/08\/cropped-site_logo.png\",\"contentUrl\":\"https:\/\/fcspartaktrnava.com\/wp-content\/uploads\/2022\/08\/cropped-site_logo.png\",\"width\":140,\"height\":140,\"caption\":\"FC Spartak Trnava\"},\"image\":{\"@id\":\"https:\/\/fcspartaktrnava.com\/#\/schema\/logo\/image\/\"},\"sameAs\":[\"https:\/\/www.facebook.com\/SpartakTrnava\",\"https:\/\/x.com\/SpartakTrnava1\",\"https:\/\/www.instagram.com\/spartak_sk\/\"]},{\"@type\":\"Person\",\"@id\":\"https:\/\/fcspartaktrnava.com\/#\/schema\/person\/62c3c2562c3c56e4c0c8c2342c596ac0\",\"name\":\"Samuel \u010eurinsk\u00fd\",\"image\":{\"@type\":\"ImageObject\",\"inLanguage\":\"en-GB\",\"@id\":\"https:\/\/fcspartaktrnava.com\/#\/schema\/person\/image\/\",\"url\":\"https:\/\/secure.gravatar.com\/avatar\/af2fa02af92418b86ed742470664fe40056833fb68d84becf03f6ab02319257c?s=96&d=mm&r=g\",\"contentUrl\":\"https:\/\/secure.gravatar.com\/avatar\/af2fa02af92418b86ed742470664fe40056833fb68d84becf03f6ab02319257c?s=96&d=mm&r=g\",\"caption\":\"Samuel \u010eurinsk\u00fd\"},\"url\":\"https:\/\/fcspartaktrnava.com\/en\/author\/fcst-samuel\/\"}]}<\/script>\n<!-- \/ Yoast SEO plugin. -->","yoast_head_json":{"title":"ERIK DANIEL. V\u00ed\u0165az ankety G\u00d3L MESIACA OKT\u00d3BER! - FC Spartak Trnava","robots":{"index":"index","follow":"follow","max-snippet":"max-snippet:-1","max-image-preview":"max-image-preview:large","max-video-preview":"max-video-preview:-1"},"canonical":"https:\/\/fcspartaktrnava.com\/en\/erik-daniel-vitaz-ankety-gol-mesiaca-oktober\/","twitter_misc":{"Written by":"Samuel \u010eurinsk\u00fd","Estimated reading time":"1 minute"},"schema":{"@context":"https:\/\/schema.org","@graph":[{"@type":"Article","@id":"https:\/\/fcspartaktrnava.com\/erik-daniel-vitaz-ankety-gol-mesiaca-oktober\/#article","isPartOf":{"@id":"https:\/\/fcspartaktrnava.com\/erik-daniel-vitaz-ankety-gol-mesiaca-oktober\/"},"author":{"name":"Samuel \u010eurinsk\u00fd","@id":"https:\/\/fcspartaktrnava.com\/#\/schema\/person\/62c3c2562c3c56e4c0c8c2342c596ac0"},"headline":"ERIK DANIEL. V\u00ed\u0165az ankety G\u00d3L MESIACA OKT\u00d3BER!","datePublished":"2024-11-12T15:59:05+00:00","mainEntityOfPage":{"@id":"https:\/\/fcspartaktrnava.com\/erik-daniel-vitaz-ankety-gol-mesiaca-oktober\/"},"wordCount":190,"publisher":{"@id":"https:\/\/fcspartaktrnava.com\/#organization"},"image":{"@id":"https:\/\/fcspartaktrnava.com\/erik-daniel-vitaz-ankety-gol-mesiaca-oktober\/#primaryimage"},"thumbnailUrl":"https:\/\/fcspartaktrnava.com\/wp-content\/uploads\/2024\/11\/DSC_7165-Enhanced-NR-scaled.jpg","articleSection":["Spr\u00e1vy","Video"],"inLanguage":"en-GB"},{"@type":"WebPage","@id":"https:\/\/fcspartaktrnava.com\/erik-daniel-vitaz-ankety-gol-mesiaca-oktober\/","url":"https:\/\/fcspartaktrnava.com\/erik-daniel-vitaz-ankety-gol-mesiaca-oktober\/","name":"ERIK DANIEL. V\u00ed\u0165az ankety G\u00d3L MESIACA OKT\u00d3BER! - FC Spartak Trnava","isPartOf":{"@id":"https:\/\/fcspartaktrnava.com\/#website"},"primaryImageOfPage":{"@id":"https:\/\/fcspartaktrnava.com\/erik-daniel-vitaz-ankety-gol-mesiaca-oktober\/#primaryimage"},"image":{"@id":"https:\/\/fcspartaktrnava.com\/erik-daniel-vitaz-ankety-gol-mesiaca-oktober\/#primaryimage"},"thumbnailUrl":"https:\/\/fcspartaktrnava.com\/wp-content\/uploads\/2024\/11\/DSC_7165-Enhanced-NR-scaled.jpg","datePublished":"2024-11-12T15:59:05+00:00","breadcrumb":{"@id":"https:\/\/fcspartaktrnava.com\/erik-daniel-vitaz-ankety-gol-mesiaca-oktober\/#breadcrumb"},"inLanguage":"en-GB","potentialAction":[{"@type":"ReadAction","target":["https:\/\/fcspartaktrnava.com\/erik-daniel-vitaz-ankety-gol-mesiaca-oktober\/"]}]},{"@type":"ImageObject","inLanguage":"en-GB","@id":"https:\/\/fcspartaktrnava.com\/erik-daniel-vitaz-ankety-gol-mesiaca-oktober\/#primaryimage","url":"https:\/\/fcspartaktrnava.com\/wp-content\/uploads\/2024\/11\/DSC_7165-Enhanced-NR-scaled.jpg","contentUrl":"https:\/\/fcspartaktrnava.com\/wp-content\/uploads\/2024\/11\/DSC_7165-Enhanced-NR-scaled.jpg","width":2560,"height":1709},{"@type":"BreadcrumbList","@id":"https:\/\/fcspartaktrnava.com\/erik-daniel-vitaz-ankety-gol-mesiaca-oktober\/#breadcrumb","itemListElement":[{"@type":"ListItem","position":1,"name":"Home","item":"https:\/\/fcspartaktrnava.com\/"},{"@type":"ListItem","position":2,"name":"ERIK DANIEL. V\u00ed\u0165az ankety G\u00d3L MESIACA OKT\u00d3BER!"}]},{"@type":"WebSite","@id":"https:\/\/fcspartaktrnava.com\/#website","url":"https:\/\/fcspartaktrnava.com\/","name":"FC Spartak Trnava","description":"ofici\u00e1lna webstr\u00e1nka futbalov\u00e9ho klubu","publisher":{"@id":"https:\/\/fcspartaktrnava.com\/#organization"},"potentialAction":[{"@type":"SearchAction","target":{"@type":"EntryPoint","urlTemplate":"https:\/\/fcspartaktrnava.com\/?s={search_term_string}"},"query-input":{"@type":"PropertyValueSpecification","valueRequired":true,"valueName":"search_term_string"}}],"inLanguage":"en-GB"},{"@type":"Organization","@id":"https:\/\/fcspartaktrnava.com\/#organization","name":"FC Spartak Trnava","alternateName":"Spartak","url":"https:\/\/fcspartaktrnava.com\/","logo":{"@type":"ImageObject","inLanguage":"en-GB","@id":"https:\/\/fcspartaktrnava.com\/#\/schema\/logo\/image\/","url":"https:\/\/fcspartaktrnava.com\/wp-content\/uploads\/2022\/08\/cropped-site_logo.png","contentUrl":"https:\/\/fcspartaktrnava.com\/wp-content\/uploads\/2022\/08\/cropped-site_logo.png","width":140,"height":140,"caption":"FC Spartak Trnava"},"image":{"@id":"https:\/\/fcspartaktrnava.com\/#\/schema\/logo\/image\/"},"sameAs":["https:\/\/www.facebook.com\/SpartakTrnava","https:\/\/x.com\/SpartakTrnava1","https:\/\/www.instagram.com\/spartak_sk\/"]},{"@type":"Person","@id":"https:\/\/fcspartaktrnava.com\/#\/schema\/person\/62c3c2562c3c56e4c0c8c2342c596ac0","name":"Samuel \u010eurinsk\u00fd","image":{"@type":"ImageObject","inLanguage":"en-GB","@id":"https:\/\/fcspartaktrnava.com\/#\/schema\/person\/image\/","url":"https:\/\/secure.gravatar.com\/avatar\/af2fa02af92418b86ed742470664fe40056833fb68d84becf03f6ab02319257c?s=96&d=mm&r=g","contentUrl":"https:\/\/secure.gravatar.com\/avatar\/af2fa02af92418b86ed742470664fe40056833fb68d84becf03f6ab02319257c?s=96&d=mm&r=g","caption":"Samuel \u010eurinsk\u00fd"},"url":"https:\/\/fcspartaktrnava.com\/en\/author\/fcst-samuel\/"}]}},"_links":{"self":[{"href":"https:\/\/fcspartaktrnava.com\/en\/wp-json\/wp\/v2\/posts\/24098","targetHints":{"allow":["GET"]}}],"collection":[{"href":"https:\/\/fcspartaktrnava.com\/en\/wp-json\/wp\/v2\/posts"}],"about":[{"href":"https:\/\/fcspartaktrnava.com\/en\/wp-json\/wp\/v2\/types\/post"}],"author":[{"embeddable":true,"href":"https:\/\/fcspartaktrnava.com\/en\/wp-json\/wp\/v2\/users\/5"}],"replies":[{"embeddable":true,"href":"https:\/\/fcspartaktrnava.com\/en\/wp-json\/wp\/v2\/comments?post=24098"}],"version-history":[{"count":0,"href":"https:\/\/fcspartaktrnava.com\/en\/wp-json\/wp\/v2\/posts\/24098\/revisions"}],"wp:featuredmedia":[{"embeddable":true,"href":"https:\/\/fcspartaktrnava.com\/en\/wp-json\/wp\/v2\/media\/23941"}],"wp:attachment":[{"href":"https:\/\/fcspartaktrnava.com\/en\/wp-json\/wp\/v2\/media?parent=24098"}],"wp:term":[{"taxonomy":"category","embeddable":true,"href":"https:\/\/fcspartaktrnava.com\/en\/wp-json\/wp\/v2\/categories?post=24098"},{"taxonomy":"post_tag","embeddable":true,"href":"https:\/\/fcspartaktrnava.com\/en\/wp-json\/wp\/v2\/tags?post=24098"}],"curies":[{"name":"wp","href":"https:\/\/api.w.org\/{rel}","templated":true}]}}