{"id":23882,"date":"2024-11-04T15:26:13","date_gmt":"2024-11-04T13:26:13","guid":{"rendered":"https:\/\/fcspartaktrnava.com\/?p=23882"},"modified":"2024-11-04T15:27:36","modified_gmt":"2024-11-04T13:27:36","slug":"tri-vitazne-obraty-9-bodov-do-tabulky","status":"publish","type":"post","link":"https:\/\/fcspartaktrnava.com\/en\/tri-vitazne-obraty-9-bodov-do-tabulky\/","title":{"rendered":"Tri v\u00ed\u0165azn\u00e9 obraty = 9 bodov do tabu\u013eky!"},"content":{"rendered":"<p class=\"has-text-align-center has-medium-font-size\"><strong>Nahusten\u00fd program (3 z\u00e1pasy za 7 dn\u00ed) pre na\u0161e farby vyvrcholil sobotn\u00fdm z\u00e1pasom proti Michalovciam. T\u00edm zo Zempl\u00edna viedol po pol\u010dase 1:0 a na \u0165ahu sme tak boli op\u00e4\u0165 my. Tentokr\u00e1t sme zaznamenali v\u00ed\u0165azn\u00fa oto\u010dku z 0:1 na 3:1 a o v\u0161etky g\u00f3ly sa postarali Azango (1) a Ofori (2), ktor\u00ed potvrdili skvel\u00fa streleck\u00fa formu z predo\u0161l\u00fdch duelov.<\/strong><\/p>\n\n\n\n<h2 class=\"wp-block-heading has-text-align-center\">Kelvin Ofori medzi TOP 5 strelcami Nik\u00e9 ligy<\/h2>\n\n\n\n<p class=\"has-text-align-center has-medium-font-size\"><strong>Kelvin Ofori zaznamenal v posledn\u00fdch troch dueloch 4 g\u00f3ly a s celkov\u00fdm po\u010dtom 6 g\u00f3lov mu patr\u00ed 5. miesto v tabu\u013eke strelcov. V \u0161tatistike, ktor\u00e1 sleduje priemer strelen\u00fdch g\u00f3lov na z\u00e1pasu mu patr\u00ed dokonca prie\u010dka \u010d\u00edslo 2 s 0,7 g\u00f3lu na z\u00e1pas.<\/strong><\/p>\n\n\n<div class=\"wp-block-image\">\n<figure class=\"aligncenter size-large\"><img loading=\"lazy\" decoding=\"async\" width=\"1024\" height=\"682\" src=\"https:\/\/fcspartaktrnava.com\/wp-content\/uploads\/2024\/11\/DSC_1559-1024x682.jpg\" alt=\"\" class=\"wp-image-23849\" srcset=\"https:\/\/fcspartaktrnava.com\/wp-content\/uploads\/2024\/11\/DSC_1559-1024x682.jpg 1024w, https:\/\/fcspartaktrnava.com\/wp-content\/uploads\/2024\/11\/DSC_1559-300x200.jpg 300w, https:\/\/fcspartaktrnava.com\/wp-content\/uploads\/2024\/11\/DSC_1559-768x512.jpg 768w, https:\/\/fcspartaktrnava.com\/wp-content\/uploads\/2024\/11\/DSC_1559-18x12.jpg 18w, https:\/\/fcspartaktrnava.com\/wp-content\/uploads\/2024\/11\/DSC_1559.jpg 1520w\" sizes=\"auto, (max-width: 1024px) 100vw, 1024px\" \/><\/figure>\n<\/div>\n\n\n<p class=\"has-text-align-center has-black-color has-white-background-color has-text-color has-background has-link-color has-medium-font-size wp-elements-1632b6c48f88fee760beee16e8010817\"><strong>Dva presn\u00e9 z\u00e1sahy Oforiho a jedna expresn\u00e1 strela Azanga rozhodli o na\u0161ej v\u00fdhre proti Michalovciam. Tri z\u00e1pasy, tri v\u00fdhry a dev\u00e4\u0165 bodov do tabu\u013eky najvy\u0161\u0161ej s\u00fa\u0165a\u017ee! Aktu\u00e1lne sme na 3. mieste s 24-bodmi a na druh\u00fd Slovan str\u00e1came 6 bodov.<\/strong> <\/p>\n\n\n\n<hr class=\"wp-block-separator has-alpha-channel-opacity\"\/>\n\n\n\n<h2 class=\"wp-block-heading has-text-align-center\"><strong>Tri n\u00e1ro\u010dn\u00e9 obraty za sedem dn\u00ed uk\u00e1zali charakter t\u00edmu<\/strong><\/h2>\n\n\n\n<p class=\"has-text-align-center has-medium-font-size\">Po v\u00fdhre 3:2 v Tren\u010d\u00edne (obrat z 1:2) a rovnakej v\u00fdhre v stredu proti Kom\u00e1rnu, sme aj v z\u00e1pase proti Michalovciam museli bojova\u0165 o pln\u00fd bodov\u00fd zisk a\u017e do samotn\u00e9ho konca duelu. Michalovce predv\u00e1dzali kvalitn\u00fd v\u00fdkon a my sme sa dlho nevedeli dosta\u0165 do tempa. Na psychiku hr\u00e1\u010dov s\u00fa podobn\u00e9 z\u00e1pasy n\u00e1ro\u010dn\u00e9 ale o to viac potom chut\u00ed v\u00ed\u0165azstvo a tretia spolo\u010dn\u00e1 oslava v \u0161atni st\u00e1la op\u00e4\u0165 za to. <\/p>\n\n\n\n<p class=\"has-text-align-center has-medium-font-size\">N\u00e1ro\u010dnos\u0165 tak\u00fdchto duelov potvrdil aj Martin Mikovi\u010d.<\/p>\n\n\n\n<p class=\"has-text-align-center has-medium-font-size\"><strong>&#8222;Je to ur\u010dite n\u00e1ro\u010dn\u00e9 na psychiku. U\u017e dlho hr\u00e1vam futbal aj sledujem v\u00fdsledky a neviem, \u010di sa to niekomu podarilo, \u017ee takto ot\u00e1\u010da z\u00e1pasy. Ale sila v mu\u017estve je, charakter tie\u017e, fyzick\u00e9 sily m\u00e1me. Tret\u00ed z\u00e1pas za t\u00fd\u017ede\u0148 a mysl\u00edm, \u017ee nebolo vidie\u0165, aby sme nejako na ihrisku \u0165ahali nohy. Toto v\u0161etko n\u00e1m nahr\u00e1va, aby n\u00e1m i\u0161lo hore sebavedomie. Potrebujeme sa dr\u017ea\u0165 dvoch t\u00edmov pred nami. Sympatick\u00e9 mu\u017estvo, Michalovce hrali pekn\u00fd futbal ale doma ich mus\u00edme por\u00e1\u017ea\u0165 a chvalabohu sme to zvl\u00e1dli.&#8220;<\/strong><\/p>\n\n\n\n<p class=\"has-text-align-center has-medium-font-size\"><strong>Po prvom slab\u0161om pol\u010dase sa chlapci naladili na ten druh\u00fd s cie\u013eom op\u00e4\u0165 oto\u010di\u0165 nepriazniv\u00fd stav a z\u00e1ver bol plne v ich r\u00e9\u017eii. <\/strong>Poveda\u0165 k tomu v\u017edy maj\u00fa \u010do, okrem tr\u00e9nera, aj viacer\u00ed sk\u00fasen\u00ed hr\u00e1\u010di a kapit\u00e1n Mikovi\u010d.<\/p>\n\n\n\n<p class=\"has-text-align-center has-medium-font-size\"><strong>Slov\u00e1 aj do tretice padli na \u00farodn\u00fa p\u00f4du a po nahustenom programe sa u\u017e naplno koncentrujeme na \u010fal\u0161\u00ed duel Nik\u00e9 ligy, ktor\u00fd odohr\u00e1me v sobotu 9. novembra od 18:00 proti Kom\u00e1rnu. Nov\u00e1\u010dik s\u00fa\u0165a\u017ee hr\u00e1va svoje dom\u00e1ce z\u00e1pasy v do\u010dasnom azyle v Zlat\u00fdch Moravciach. Budeme op\u00e4\u0165 ve\u013emi radi, ak n\u00e1s pr\u00eddete podpori\u0165 priamo do dejiska z\u00e1pasu alebo si duel pozriete v priamom prenose na Dajto.<\/strong><\/p>\n\n\n\n<hr class=\"wp-block-separator has-alpha-channel-opacity\"\/>\n\n\n\n<p class=\"has-text-align-center has-white-color has-luminous-vivid-amber-background-color has-text-color has-background has-link-color has-medium-font-size wp-elements-f12e6390624252ea35250c897966a9df\"><strong>NAJBLI\u017d\u0160\u00cd DOM\u00c1CI Z\u00c1PAS ODOHR\u00c1ME 14. NOVEMBRA V SLOVNAFT CUPE OD 18:00 PROTI PODBREZOVEJ.<\/strong><\/p>\n\n\n\n<hr class=\"wp-block-separator has-alpha-channel-opacity\"\/>\n\n\n<div class=\"wp-block-image\">\n<figure class=\"aligncenter size-large\"><img loading=\"lazy\" decoding=\"async\" width=\"1024\" height=\"682\" src=\"https:\/\/fcspartaktrnava.com\/wp-content\/uploads\/2024\/11\/DSC_1735-1024x682.jpg\" alt=\"\" class=\"wp-image-23869\" srcset=\"https:\/\/fcspartaktrnava.com\/wp-content\/uploads\/2024\/11\/DSC_1735-1024x682.jpg 1024w, https:\/\/fcspartaktrnava.com\/wp-content\/uploads\/2024\/11\/DSC_1735-300x200.jpg 300w, https:\/\/fcspartaktrnava.com\/wp-content\/uploads\/2024\/11\/DSC_1735-768x512.jpg 768w, https:\/\/fcspartaktrnava.com\/wp-content\/uploads\/2024\/11\/DSC_1735-18x12.jpg 18w, https:\/\/fcspartaktrnava.com\/wp-content\/uploads\/2024\/11\/DSC_1735.jpg 1520w\" sizes=\"auto, (max-width: 1024px) 100vw, 1024px\" \/><\/figure>\n<\/div>\n\n\n<hr class=\"wp-block-separator has-alpha-channel-opacity\"\/>\n\n\n\n<p class=\"has-text-align-center has-white-color has-black-background-color has-text-color has-background has-link-color has-medium-font-size wp-elements-6a04876c45e99934a15b059748b430f7\"><strong>OHLASY PO Z\u00c1PASE PROTI MICHALOVCIAM <\/strong><\/p>\n\n\n\n<figure class=\"wp-block-embed aligncenter is-type-video is-provider-youtube wp-block-embed-youtube wp-embed-aspect-16-9 wp-has-aspect-ratio\"><div class=\"wp-block-embed__wrapper\">\n<iframe loading=\"lazy\" title=\"Tla\u010dov\u00e1 konferencia | Anton \u0160oltis a Michal Ga\u0161par\u00edk po z\u00e1pase 13. kola Nik\u00e9 ligy\" width=\"500\" height=\"281\" src=\"https:\/\/www.youtube.com\/embed\/Bdznil-FJNc?start=300&#038;feature=oembed\" frameborder=\"0\" allow=\"accelerometer; autoplay; clipboard-write; encrypted-media; gyroscope; picture-in-picture; web-share\" referrerpolicy=\"strict-origin-when-cross-origin\" allowfullscreen><\/iframe>\n<\/div><\/figure>\n\n\n\n<hr class=\"wp-block-separator has-alpha-channel-opacity\"\/>\n\n\n\n<figure class=\"wp-block-embed aligncenter is-type-video is-provider-youtube wp-block-embed-youtube wp-embed-aspect-16-9 wp-has-aspect-ratio\"><div class=\"wp-block-embed__wrapper\">\n<iframe loading=\"lazy\" title=\"Milo\u0161 Kratochv\u00edl po v\u00fdhre nad Michalovcami\" width=\"500\" height=\"281\" src=\"https:\/\/www.youtube.com\/embed\/WSYtK26QWLM?feature=oembed\" frameborder=\"0\" allow=\"accelerometer; autoplay; clipboard-write; encrypted-media; gyroscope; picture-in-picture; web-share\" referrerpolicy=\"strict-origin-when-cross-origin\" allowfullscreen><\/iframe>\n<\/div><\/figure>\n\n\n\n<hr class=\"wp-block-separator has-alpha-channel-opacity\"\/>\n\n\n\n<figure class=\"wp-block-embed aligncenter is-type-video is-provider-youtube wp-block-embed-youtube wp-embed-aspect-16-9 wp-has-aspect-ratio\"><div class=\"wp-block-embed__wrapper\">\n<iframe loading=\"lazy\" title=\"Martin Mikovi\u010d po v\u00fdhre nad Michalovcami\" width=\"500\" height=\"281\" src=\"https:\/\/www.youtube.com\/embed\/Zvr5IdU_g6M?feature=oembed\" frameborder=\"0\" allow=\"accelerometer; autoplay; clipboard-write; encrypted-media; gyroscope; picture-in-picture; web-share\" referrerpolicy=\"strict-origin-when-cross-origin\" allowfullscreen><\/iframe>\n<\/div><\/figure>\n\n\n\n<hr class=\"wp-block-separator has-alpha-channel-opacity\"\/>\n\n\n\n<p class=\"has-text-align-center has-white-color has-vivid-red-background-color has-text-color has-background has-link-color has-medium-font-size wp-elements-cdbe74913d86b89b504ea084f6c043df\"><strong>ZOSTRIHY DUELU PROTI MICHALOVCIAM<\/strong><\/p>\n\n\n\n<figure class=\"wp-block-embed aligncenter is-type-video is-provider-youtube wp-block-embed-youtube wp-embed-aspect-16-9 wp-has-aspect-ratio\"><div class=\"wp-block-embed__wrapper\">\n<iframe loading=\"lazy\" title=\"HIGHLIGHTS | FC Spartak Trnava 3:1 MFK Zempl\u00edn Michalovce (0:1)\" width=\"500\" height=\"281\" src=\"https:\/\/www.youtube.com\/embed\/cFTKx3eD_Yo?feature=oembed\" frameborder=\"0\" allow=\"accelerometer; autoplay; clipboard-write; encrypted-media; gyroscope; picture-in-picture; web-share\" referrerpolicy=\"strict-origin-when-cross-origin\" allowfullscreen><\/iframe>\n<\/div><\/figure>\n\n\n\n<hr class=\"wp-block-separator has-alpha-channel-opacity\"\/>\n\n\n\n<p class=\"has-text-align-center has-medium-font-size\"><strong>V\u00ed\u0165azn\u00e1 fotogal\u00e9ria:<\/strong><\/p>\n\n\n\n<figure class=\"wp-block-embed is-type-wp-embed is-provider-fc-spartak-trnava wp-block-embed-fc-spartak-trnava\"><div class=\"wp-block-embed__wrapper\">\n<blockquote class=\"wp-embedded-content\" data-secret=\"vKqzxTucrX\"><a href=\"https:\/\/fcspartaktrnava.com\/en\/galerii\/13-kolo-nl-fc-spartak-trnava-vs-mfk-zemplin-michalovce\/\">13. kolo NL: FC Spartak Trnava vs. MFK Zempl\u00edn Michalovce<\/a><\/blockquote><iframe loading=\"lazy\" class=\"wp-embedded-content\" sandbox=\"allow-scripts\" security=\"restricted\" style=\"position: absolute; clip: rect(1px, 1px, 1px, 1px);\" title=\"&#8220;13. kolo NL: FC Spartak Trnava vs. MFK Zempl\u00edn Michalovce&#8221; &#8212; FC Spartak Trnava\" src=\"https:\/\/fcspartaktrnava.com\/galerii\/13-kolo-nl-fc-spartak-trnava-vs-mfk-zemplin-michalovce\/embed\/#?secret=tKrc7JJNqI#?secret=vKqzxTucrX\" data-secret=\"vKqzxTucrX\" width=\"500\" height=\"282\" frameborder=\"0\" marginwidth=\"0\" marginheight=\"0\" scrolling=\"no\"><\/iframe>\n<\/div><\/figure>\n\n\n<div class=\"wp-block-image\">\n<figure class=\"aligncenter size-large\"><img loading=\"lazy\" decoding=\"async\" width=\"1024\" height=\"682\" src=\"https:\/\/fcspartaktrnava.com\/wp-content\/uploads\/2024\/11\/DSC_1694-1024x682.jpg\" alt=\"\" class=\"wp-image-23864\" srcset=\"https:\/\/fcspartaktrnava.com\/wp-content\/uploads\/2024\/11\/DSC_1694-1024x682.jpg 1024w, https:\/\/fcspartaktrnava.com\/wp-content\/uploads\/2024\/11\/DSC_1694-300x200.jpg 300w, https:\/\/fcspartaktrnava.com\/wp-content\/uploads\/2024\/11\/DSC_1694-768x512.jpg 768w, https:\/\/fcspartaktrnava.com\/wp-content\/uploads\/2024\/11\/DSC_1694-18x12.jpg 18w, https:\/\/fcspartaktrnava.com\/wp-content\/uploads\/2024\/11\/DSC_1694.jpg 1520w\" sizes=\"auto, (max-width: 1024px) 100vw, 1024px\" \/><\/figure>\n<\/div>\n\n\n<p class=\"has-text-align-center has-large-font-size\"><strong>TO MY SME SPARTAK!<\/strong><\/p>","protected":false},"excerpt":{"rendered":"<p>Nahusten\u00fd program (3 z\u00e1pasy za 7 dn\u00ed) pre&#8230;<\/p>","protected":false},"author":5,"featured_media":23883,"comment_status":"closed","ping_status":"closed","sticky":false,"template":"","format":"standard","meta":{"footnotes":""},"categories":[12,18,20],"tags":[],"class_list":["post-23882","post","type-post","status-publish","format-standard","has-post-thumbnail","hentry","category-spravy","category-video","category-zapas","post-number-1"],"yoast_head":"<!-- This site is optimized with the Yoast SEO plugin v27.1.1 - https:\/\/yoast.com\/product\/yoast-seo-wordpress\/ -->\n<title>Tri v\u00ed\u0165azn\u00e9 obraty = 9 bodov do tabu\u013eky! - FC Spartak Trnava<\/title>\n<meta name=\"robots\" content=\"index, follow, max-snippet:-1, max-image-preview:large, max-video-preview:-1\" \/>\n<link rel=\"canonical\" href=\"https:\/\/fcspartaktrnava.com\/en\/tri-vitazne-obraty-9-bodov-do-tabulky\/\" \/>\n<meta name=\"twitter:label1\" content=\"Written by\" \/>\n\t<meta name=\"twitter:data1\" content=\"Samuel \u010eurinsk\u00fd\" \/>\n\t<meta name=\"twitter:label2\" content=\"Estimated reading time\" \/>\n\t<meta name=\"twitter:data2\" content=\"4 minutes\" \/>\n<script type=\"application\/ld+json\" class=\"yoast-schema-graph\">{\"@context\":\"https:\/\/schema.org\",\"@graph\":[{\"@type\":\"Article\",\"@id\":\"https:\/\/fcspartaktrnava.com\/tri-vitazne-obraty-9-bodov-do-tabulky\/#article\",\"isPartOf\":{\"@id\":\"https:\/\/fcspartaktrnava.com\/tri-vitazne-obraty-9-bodov-do-tabulky\/\"},\"author\":{\"name\":\"Samuel \u010eurinsk\u00fd\",\"@id\":\"https:\/\/fcspartaktrnava.com\/#\/schema\/person\/62c3c2562c3c56e4c0c8c2342c596ac0\"},\"headline\":\"Tri v\u00ed\u0165azn\u00e9 obraty = 9 bodov do tabu\u013eky!\",\"datePublished\":\"2024-11-04T13:26:13+00:00\",\"dateModified\":\"2024-11-04T13:27:36+00:00\",\"mainEntityOfPage\":{\"@id\":\"https:\/\/fcspartaktrnava.com\/tri-vitazne-obraty-9-bodov-do-tabulky\/\"},\"wordCount\":588,\"publisher\":{\"@id\":\"https:\/\/fcspartaktrnava.com\/#organization\"},\"image\":{\"@id\":\"https:\/\/fcspartaktrnava.com\/tri-vitazne-obraty-9-bodov-do-tabulky\/#primaryimage\"},\"thumbnailUrl\":\"https:\/\/fcspartaktrnava.com\/wp-content\/uploads\/2024\/11\/DSC5992-Enhanced-NR-scaled.jpeg\",\"articleSection\":[\"Spr\u00e1vy\",\"Video\",\"Z\u00e1pas\"],\"inLanguage\":\"en-GB\"},{\"@type\":\"WebPage\",\"@id\":\"https:\/\/fcspartaktrnava.com\/tri-vitazne-obraty-9-bodov-do-tabulky\/\",\"url\":\"https:\/\/fcspartaktrnava.com\/tri-vitazne-obraty-9-bodov-do-tabulky\/\",\"name\":\"Tri v\u00ed\u0165azn\u00e9 obraty = 9 bodov do tabu\u013eky! - FC Spartak Trnava\",\"isPartOf\":{\"@id\":\"https:\/\/fcspartaktrnava.com\/#website\"},\"primaryImageOfPage\":{\"@id\":\"https:\/\/fcspartaktrnava.com\/tri-vitazne-obraty-9-bodov-do-tabulky\/#primaryimage\"},\"image\":{\"@id\":\"https:\/\/fcspartaktrnava.com\/tri-vitazne-obraty-9-bodov-do-tabulky\/#primaryimage\"},\"thumbnailUrl\":\"https:\/\/fcspartaktrnava.com\/wp-content\/uploads\/2024\/11\/DSC5992-Enhanced-NR-scaled.jpeg\",\"datePublished\":\"2024-11-04T13:26:13+00:00\",\"dateModified\":\"2024-11-04T13:27:36+00:00\",\"breadcrumb\":{\"@id\":\"https:\/\/fcspartaktrnava.com\/tri-vitazne-obraty-9-bodov-do-tabulky\/#breadcrumb\"},\"inLanguage\":\"en-GB\",\"potentialAction\":[{\"@type\":\"ReadAction\",\"target\":[\"https:\/\/fcspartaktrnava.com\/tri-vitazne-obraty-9-bodov-do-tabulky\/\"]}]},{\"@type\":\"ImageObject\",\"inLanguage\":\"en-GB\",\"@id\":\"https:\/\/fcspartaktrnava.com\/tri-vitazne-obraty-9-bodov-do-tabulky\/#primaryimage\",\"url\":\"https:\/\/fcspartaktrnava.com\/wp-content\/uploads\/2024\/11\/DSC5992-Enhanced-NR-scaled.jpeg\",\"contentUrl\":\"https:\/\/fcspartaktrnava.com\/wp-content\/uploads\/2024\/11\/DSC5992-Enhanced-NR-scaled.jpeg\",\"width\":2560,\"height\":1709},{\"@type\":\"BreadcrumbList\",\"@id\":\"https:\/\/fcspartaktrnava.com\/tri-vitazne-obraty-9-bodov-do-tabulky\/#breadcrumb\",\"itemListElement\":[{\"@type\":\"ListItem\",\"position\":1,\"name\":\"Home\",\"item\":\"https:\/\/fcspartaktrnava.com\/\"},{\"@type\":\"ListItem\",\"position\":2,\"name\":\"Tri v\u00ed\u0165azn\u00e9 obraty = 9 bodov do tabu\u013eky!\"}]},{\"@type\":\"WebSite\",\"@id\":\"https:\/\/fcspartaktrnava.com\/#website\",\"url\":\"https:\/\/fcspartaktrnava.com\/\",\"name\":\"FC Spartak Trnava\",\"description\":\"ofici\u00e1lna webstr\u00e1nka futbalov\u00e9ho klubu\",\"publisher\":{\"@id\":\"https:\/\/fcspartaktrnava.com\/#organization\"},\"potentialAction\":[{\"@type\":\"SearchAction\",\"target\":{\"@type\":\"EntryPoint\",\"urlTemplate\":\"https:\/\/fcspartaktrnava.com\/?s={search_term_string}\"},\"query-input\":{\"@type\":\"PropertyValueSpecification\",\"valueRequired\":true,\"valueName\":\"search_term_string\"}}],\"inLanguage\":\"en-GB\"},{\"@type\":\"Organization\",\"@id\":\"https:\/\/fcspartaktrnava.com\/#organization\",\"name\":\"FC Spartak Trnava\",\"alternateName\":\"Spartak\",\"url\":\"https:\/\/fcspartaktrnava.com\/\",\"logo\":{\"@type\":\"ImageObject\",\"inLanguage\":\"en-GB\",\"@id\":\"https:\/\/fcspartaktrnava.com\/#\/schema\/logo\/image\/\",\"url\":\"https:\/\/fcspartaktrnava.com\/wp-content\/uploads\/2022\/08\/cropped-site_logo.png\",\"contentUrl\":\"https:\/\/fcspartaktrnava.com\/wp-content\/uploads\/2022\/08\/cropped-site_logo.png\",\"width\":140,\"height\":140,\"caption\":\"FC Spartak Trnava\"},\"image\":{\"@id\":\"https:\/\/fcspartaktrnava.com\/#\/schema\/logo\/image\/\"},\"sameAs\":[\"https:\/\/www.facebook.com\/SpartakTrnava\",\"https:\/\/x.com\/SpartakTrnava1\",\"https:\/\/www.instagram.com\/spartak_sk\/\"]},{\"@type\":\"Person\",\"@id\":\"https:\/\/fcspartaktrnava.com\/#\/schema\/person\/62c3c2562c3c56e4c0c8c2342c596ac0\",\"name\":\"Samuel \u010eurinsk\u00fd\",\"image\":{\"@type\":\"ImageObject\",\"inLanguage\":\"en-GB\",\"@id\":\"https:\/\/fcspartaktrnava.com\/#\/schema\/person\/image\/\",\"url\":\"https:\/\/secure.gravatar.com\/avatar\/af2fa02af92418b86ed742470664fe40056833fb68d84becf03f6ab02319257c?s=96&d=mm&r=g\",\"contentUrl\":\"https:\/\/secure.gravatar.com\/avatar\/af2fa02af92418b86ed742470664fe40056833fb68d84becf03f6ab02319257c?s=96&d=mm&r=g\",\"caption\":\"Samuel \u010eurinsk\u00fd\"},\"url\":\"https:\/\/fcspartaktrnava.com\/en\/author\/fcst-samuel\/\"}]}<\/script>\n<!-- \/ Yoast SEO plugin. -->","yoast_head_json":{"title":"Tri v\u00ed\u0165azn\u00e9 obraty = 9 bodov do tabu\u013eky! - FC Spartak Trnava","robots":{"index":"index","follow":"follow","max-snippet":"max-snippet:-1","max-image-preview":"max-image-preview:large","max-video-preview":"max-video-preview:-1"},"canonical":"https:\/\/fcspartaktrnava.com\/en\/tri-vitazne-obraty-9-bodov-do-tabulky\/","twitter_misc":{"Written by":"Samuel \u010eurinsk\u00fd","Estimated reading time":"4 minutes"},"schema":{"@context":"https:\/\/schema.org","@graph":[{"@type":"Article","@id":"https:\/\/fcspartaktrnava.com\/tri-vitazne-obraty-9-bodov-do-tabulky\/#article","isPartOf":{"@id":"https:\/\/fcspartaktrnava.com\/tri-vitazne-obraty-9-bodov-do-tabulky\/"},"author":{"name":"Samuel \u010eurinsk\u00fd","@id":"https:\/\/fcspartaktrnava.com\/#\/schema\/person\/62c3c2562c3c56e4c0c8c2342c596ac0"},"headline":"Tri v\u00ed\u0165azn\u00e9 obraty = 9 bodov do tabu\u013eky!","datePublished":"2024-11-04T13:26:13+00:00","dateModified":"2024-11-04T13:27:36+00:00","mainEntityOfPage":{"@id":"https:\/\/fcspartaktrnava.com\/tri-vitazne-obraty-9-bodov-do-tabulky\/"},"wordCount":588,"publisher":{"@id":"https:\/\/fcspartaktrnava.com\/#organization"},"image":{"@id":"https:\/\/fcspartaktrnava.com\/tri-vitazne-obraty-9-bodov-do-tabulky\/#primaryimage"},"thumbnailUrl":"https:\/\/fcspartaktrnava.com\/wp-content\/uploads\/2024\/11\/DSC5992-Enhanced-NR-scaled.jpeg","articleSection":["Spr\u00e1vy","Video","Z\u00e1pas"],"inLanguage":"en-GB"},{"@type":"WebPage","@id":"https:\/\/fcspartaktrnava.com\/tri-vitazne-obraty-9-bodov-do-tabulky\/","url":"https:\/\/fcspartaktrnava.com\/tri-vitazne-obraty-9-bodov-do-tabulky\/","name":"Tri v\u00ed\u0165azn\u00e9 obraty = 9 bodov do tabu\u013eky! - FC Spartak Trnava","isPartOf":{"@id":"https:\/\/fcspartaktrnava.com\/#website"},"primaryImageOfPage":{"@id":"https:\/\/fcspartaktrnava.com\/tri-vitazne-obraty-9-bodov-do-tabulky\/#primaryimage"},"image":{"@id":"https:\/\/fcspartaktrnava.com\/tri-vitazne-obraty-9-bodov-do-tabulky\/#primaryimage"},"thumbnailUrl":"https:\/\/fcspartaktrnava.com\/wp-content\/uploads\/2024\/11\/DSC5992-Enhanced-NR-scaled.jpeg","datePublished":"2024-11-04T13:26:13+00:00","dateModified":"2024-11-04T13:27:36+00:00","breadcrumb":{"@id":"https:\/\/fcspartaktrnava.com\/tri-vitazne-obraty-9-bodov-do-tabulky\/#breadcrumb"},"inLanguage":"en-GB","potentialAction":[{"@type":"ReadAction","target":["https:\/\/fcspartaktrnava.com\/tri-vitazne-obraty-9-bodov-do-tabulky\/"]}]},{"@type":"ImageObject","inLanguage":"en-GB","@id":"https:\/\/fcspartaktrnava.com\/tri-vitazne-obraty-9-bodov-do-tabulky\/#primaryimage","url":"https:\/\/fcspartaktrnava.com\/wp-content\/uploads\/2024\/11\/DSC5992-Enhanced-NR-scaled.jpeg","contentUrl":"https:\/\/fcspartaktrnava.com\/wp-content\/uploads\/2024\/11\/DSC5992-Enhanced-NR-scaled.jpeg","width":2560,"height":1709},{"@type":"BreadcrumbList","@id":"https:\/\/fcspartaktrnava.com\/tri-vitazne-obraty-9-bodov-do-tabulky\/#breadcrumb","itemListElement":[{"@type":"ListItem","position":1,"name":"Home","item":"https:\/\/fcspartaktrnava.com\/"},{"@type":"ListItem","position":2,"name":"Tri v\u00ed\u0165azn\u00e9 obraty = 9 bodov do tabu\u013eky!"}]},{"@type":"WebSite","@id":"https:\/\/fcspartaktrnava.com\/#website","url":"https:\/\/fcspartaktrnava.com\/","name":"FC Spartak Trnava","description":"ofici\u00e1lna webstr\u00e1nka futbalov\u00e9ho klubu","publisher":{"@id":"https:\/\/fcspartaktrnava.com\/#organization"},"potentialAction":[{"@type":"SearchAction","target":{"@type":"EntryPoint","urlTemplate":"https:\/\/fcspartaktrnava.com\/?s={search_term_string}"},"query-input":{"@type":"PropertyValueSpecification","valueRequired":true,"valueName":"search_term_string"}}],"inLanguage":"en-GB"},{"@type":"Organization","@id":"https:\/\/fcspartaktrnava.com\/#organization","name":"FC Spartak Trnava","alternateName":"Spartak","url":"https:\/\/fcspartaktrnava.com\/","logo":{"@type":"ImageObject","inLanguage":"en-GB","@id":"https:\/\/fcspartaktrnava.com\/#\/schema\/logo\/image\/","url":"https:\/\/fcspartaktrnava.com\/wp-content\/uploads\/2022\/08\/cropped-site_logo.png","contentUrl":"https:\/\/fcspartaktrnava.com\/wp-content\/uploads\/2022\/08\/cropped-site_logo.png","width":140,"height":140,"caption":"FC Spartak Trnava"},"image":{"@id":"https:\/\/fcspartaktrnava.com\/#\/schema\/logo\/image\/"},"sameAs":["https:\/\/www.facebook.com\/SpartakTrnava","https:\/\/x.com\/SpartakTrnava1","https:\/\/www.instagram.com\/spartak_sk\/"]},{"@type":"Person","@id":"https:\/\/fcspartaktrnava.com\/#\/schema\/person\/62c3c2562c3c56e4c0c8c2342c596ac0","name":"Samuel \u010eurinsk\u00fd","image":{"@type":"ImageObject","inLanguage":"en-GB","@id":"https:\/\/fcspartaktrnava.com\/#\/schema\/person\/image\/","url":"https:\/\/secure.gravatar.com\/avatar\/af2fa02af92418b86ed742470664fe40056833fb68d84becf03f6ab02319257c?s=96&d=mm&r=g","contentUrl":"https:\/\/secure.gravatar.com\/avatar\/af2fa02af92418b86ed742470664fe40056833fb68d84becf03f6ab02319257c?s=96&d=mm&r=g","caption":"Samuel \u010eurinsk\u00fd"},"url":"https:\/\/fcspartaktrnava.com\/en\/author\/fcst-samuel\/"}]}},"_links":{"self":[{"href":"https:\/\/fcspartaktrnava.com\/en\/wp-json\/wp\/v2\/posts\/23882","targetHints":{"allow":["GET"]}}],"collection":[{"href":"https:\/\/fcspartaktrnava.com\/en\/wp-json\/wp\/v2\/posts"}],"about":[{"href":"https:\/\/fcspartaktrnava.com\/en\/wp-json\/wp\/v2\/types\/post"}],"author":[{"embeddable":true,"href":"https:\/\/fcspartaktrnava.com\/en\/wp-json\/wp\/v2\/users\/5"}],"replies":[{"embeddable":true,"href":"https:\/\/fcspartaktrnava.com\/en\/wp-json\/wp\/v2\/comments?post=23882"}],"version-history":[{"count":0,"href":"https:\/\/fcspartaktrnava.com\/en\/wp-json\/wp\/v2\/posts\/23882\/revisions"}],"wp:featuredmedia":[{"embeddable":true,"href":"https:\/\/fcspartaktrnava.com\/en\/wp-json\/wp\/v2\/media\/23883"}],"wp:attachment":[{"href":"https:\/\/fcspartaktrnava.com\/en\/wp-json\/wp\/v2\/media?parent=23882"}],"wp:term":[{"taxonomy":"category","embeddable":true,"href":"https:\/\/fcspartaktrnava.com\/en\/wp-json\/wp\/v2\/categories?post=23882"},{"taxonomy":"post_tag","embeddable":true,"href":"https:\/\/fcspartaktrnava.com\/en\/wp-json\/wp\/v2\/tags?post=23882"}],"curies":[{"name":"wp","href":"https:\/\/api.w.org\/{rel}","templated":true}]}}