{"id":2381,"date":"2022-10-25T12:53:26","date_gmt":"2022-10-25T12:53:26","guid":{"rendered":"https:\/\/fcspartaktrnava.com\/?p=2381"},"modified":"2022-10-25T14:32:36","modified_gmt":"2022-10-25T14:32:36","slug":"spartaku-vcera-paradoxne-pomohli-domaci-fanusikovia","status":"publish","type":"post","link":"https:\/\/fcspartaktrnava.com\/en\/spartaku-vcera-paradoxne-pomohli-domaci-fanusikovia\/","title":{"rendered":"Spartaku v\u010dera paradoxne pomohli dom\u00e1ci fan\u00fa\u0161ikovia"},"content":{"rendered":"<p>Spartakovci sa v\u010dera op\u00e4\u0165 vr\u00e1tili na v\u00ed\u0165azn\u00fa vlnu, ke\u010f dok\u00e1zali zv\u00ed\u0165azi\u0165 nad n\u00e1ro\u010dn\u00fdm protivn\u00edkom v \u017diline. Tr\u00e9ner Michal Ga\u0161par\u00edk urobil pred z\u00e1pasom viacero zmien v zostave. Niektor\u00e9 boli vyn\u00faten\u00e9 kv\u00f4li zraneniam a in\u00e9 i\u0161li na vrub zmeny syst\u00e9mu. Bohu\u017eia\u013e, kv\u00f4li zraneniam nedohrali \u010fal\u0161\u00ed traja hr\u00e1\u010di, tak\u017ee po\u010das z\u00e1pasu to boli na lavi\u010dke aj taktick\u00e9 \u0161achy. Pr\u00e1ve o tom sme sa pozhov\u00e1rali s hlavn\u00fdm tr\u00e9nerom Spartaka, ktor\u00fd objasnil niektor\u00e9 svoje \u0165ahy a pribl\u00ed\u017eil aj my\u0161lienkov\u00e9 pochody, ktor\u00e9 sa mu odohr\u00e1vali v hlave po\u010das duelu. Spolo\u010dne sme analyzovali v\u00ed\u0165azn\u00fd z\u00e1pas.<\/p>\n\n\n\n<p>Z dlhodobo zranen\u00fdch hr\u00e1\u010dov zasiahol do z\u00e1pasu u\u017e minul\u00fd t\u00fd\u017ede\u0148 Martin Bukata a bolo jasn\u00e9, \u017ee v \u017diline nebude ch\u00fdba\u0165 v z\u00e1kladnej zostave. Zvy\u0161n\u00e1 trojica si e\u0161te mus\u00ed po\u010dka\u0165, no najbli\u017e\u0161\u00ed ligov\u00fd z\u00e1pas sa hr\u00e1 a\u017e o dva t\u00fd\u017edne a to by mohli aspo\u0148 niektor\u00ed stihn\u00fa\u0165.\u00a0<strong><em>\u201eDaniela sme sk\u00fa\u0161ali cez t\u00fd\u017ede\u0148, \u010di zvl\u00e1dne z\u00e1pas, ale nakoniec svalov\u00e9 zranenie mu to e\u0161te nedovolilo. Bude zrejme pripraven\u00fd na Dunajsk\u00fa Stredu. Paur u\u017e za\u010dal beha\u0165 a ver\u00edm, \u017ee na bud\u00faci t\u00fd\u017ede\u0148 sa u\u017e prid\u00e1 k mu\u017estvu, podobne je na tom aj Tumma, ktor\u00fd tie\u017e u\u017e beh\u00e1.\u201c<\/em><\/strong><\/p>\n\n\n\n<p>Zmeny priniesla aj z\u00e1kladn\u00e1 zostava a rozostavenie oproti niektor\u00fdm predch\u00e1dzaj\u00facim z\u00e1pasom. Na hrote hral iba jeden \u00fato\u010dn\u00edk, zo zostavy vypadol Ristovski, naopak od \u00favodn\u00fdch min\u00fat nast\u00fapil po druh\u00fdkr\u00e1t Bolaji. Aj predt\u00fdm to bolo proti \u017diline.\u00a0<strong><em>\u201eSpravili sme viacero zmien. Mikovi\u010da sme posunuli na kr\u00eddlo a odohral tam slu\u0161n\u00fd z\u00e1pas. Pod neho sme u\u017e tradi\u010dne zasunuli Bolajiho, ktor\u00fd hr\u00e1va na Kapr\u00e1lika. Ten je extr\u00e9mne r\u00fdchly a Bolaji ho dok\u00e1\u017ee eliminova\u0165. V tomto oh\u013eade podal stopercentn\u00fd v\u00fdkon bez chyby. Rovnako na opa\u010dnom kraji Ko\u0161trna, tak\u017ee tie strany n\u00e1m fungovali. \u010curma dostal prednos\u0165 pred K\u00f3\u0161om, lebo Sebo nebol e\u0161te stopercentne pripraven\u00fd. Hral ve\u013emi dobre a podal bezchybn\u00fd v\u00fdkon. Podobne \u0160tetina, ktor\u00fd si navy\u0161e prip\u00edsal asistenciu pred rozhoduj\u00facim g\u00f3lom. Napokon aj K\u00f3\u0161a musel nasko\u010di\u0165 do z\u00e1pasu na poz\u00edciu \u0161t\u00edtov\u00e9ho z\u00e1lo\u017en\u00edka, lebo \u010fal\u0161ieho defenz\u00edvneho sme u\u017e nemali. Obst\u00e1l ve\u013emi dobre a ver\u00edm, \u017ee zranenie sa mu po z\u00e1pase nezhor\u0161ilo.\u201c<\/em><\/strong><\/p>\n\n\n\n<p>Z\u00e1lo\u017en\u00e1 form\u00e1cia je silnou zbra\u0148ou Trnavy. Neplatilo to len minul\u00fd t\u00fd\u017ede\u0148 a Podbrezov\u00e1 v\u010faka dominancii v strede po\u013ea ovl\u00e1dla z\u00e1pas. Tentoraz do nej pribudol vyzdraven\u00fd Bukata, no e\u0161te v prvom pol\u010dase sa zranili \u0160tef\u00e1nik aj Savvidis, ktor\u00fd v\u0161ak stihol svoj\u00edm \u0161tvrt\u00fdm g\u00f3lom v sez\u00f3ne otvori\u0165 sk\u00f3re.<em>\u00a0<strong><em>\u201eV z\u00e1lo\u017enej form\u00e1cii sme chceli \u00eds\u0165 s dvoma defenz\u00edvnymi hr\u00e1\u010dmi \u2013 Proch\u00e1zka, Savvidis, lebo sme potrebovali, aby boli vo ve\u013ea \u00fasekoch z\u00e1pasu ved\u013ea seba. Pred nimi bol \u0160tef\u00e1nik, ktor\u00fd si v\u0161ak ve\u013emi skoro zranil zadn\u00fd stehenn\u00fd sval a uvid\u00edme ak\u00fd dlh\u00fd \u010das si to vy\u017eiada. Prv\u00fd raz sme dali na hrot samotn\u00e9ho Taiwa, lebo sme chceli po prehratom z\u00e1pase da\u0165 ofenz\u00edvnej trojici nejak\u00fa iskru a nie\u010do zmeni\u0165. Hral teda Taiwo, Mikovi\u010d a sprava bol Bukata, ktor\u00fd p\u00e4\u0165 t\u00fd\u017ed\u0148ov nehral z\u00e1pas. Po p\u00e1r min\u00fatach a n\u00fatenom striedan\u00ed \u0160tef\u00e1nika sa musel presun\u00fa\u0165 do stredu z\u00e1lohy a na jeho miesto i\u0161iel Azevedo.\u201c<\/em><\/strong><\/em><\/p>\n\n\n\n<p>Pred Azevedom dost\u00e1val zvy\u010dajne prednos\u0165 Alex Iv\u00e1n, ale tentoraz si Ga\u0161par\u00edk vybral jeho a doprial mu doposia\u013e najvy\u0161\u0161iu minut\u00e1\u017e v z\u00e1pase. Po vy\u0161e \u0161tvr\u0165hodine vymenil \u0160tef\u00e1nika a odmenil sa mu svojou druhou g\u00f3lovou asistenciou.<em>\u00a0<strong><em>\u201ePodal dobr\u00fd v\u00fdkon, prihral na \u00favodn\u00fd g\u00f3l, mohol da\u0165 aj druh\u00fd po Taiwovom brvne, len netrafil odkryt\u00fa br\u00e1nu, \u010do je \u0161koda, lebo to mohol by\u0165 zlomov\u00fd okamih. Keby sme odsko\u010dili na rozdiel dvoch g\u00f3lov, hralo by sa n\u00e1m \u013eah\u0161ie. \u017dilina mala st\u00e1le \u0161ancu a bola nepr\u00edjemn\u00e1 v ofenz\u00edve. S\u00edce nemala ve\u013ea pr\u00edle\u017eitost\u00ed, ale st\u00e1lo n\u00e1s to ve\u013ea s\u00edl, aby sme vykr\u00fdvali tie priestory. Azevedo mal v druhom pol\u010dase najv\u00e4\u010d\u0161iu intenzitu, pracoval ve\u013ea do defenz\u00edvy. Dobr\u00e9 momenty striedal aj s nevyn\u00faten\u00fdmi \u013eahk\u00fdmi chybami, \u010do by mohol eliminova\u0165 a jeho v\u00fdkon by e\u0161te st\u00fapol.\u201c<\/em><\/strong><\/em><\/p>\n\n\n\n<p>U\u017e v z\u00e1vere pol\u010dasu bol po strete s protihr\u00e1\u010dom o\u0161etrovan\u00fd strelec dovtedy jedin\u00e9ho g\u00f3lu z\u00e1pasu a fan\u00fa\u0161ikovia boli zvedav\u00ed, \u010di je to nie\u010do v\u00e1\u017ene alebo to Gr\u00e9k \u201erozchod\u00ed\u201c. Ke\u010f vy\u0161iel po prest\u00e1vke zo \u0161atne, zdalo sa, \u017ee bude v\u0161etko v poriadku<em><em>.\u00a0<strong><em>\u201eCez prest\u00e1vku povedal, \u017ee si d\u00e1 tabletku a sk\u00fasi to. Nakoniec sa to uk\u00e1zalo ako chyba, lebo sme si hne\u010f po dvoch min\u00fatach druh\u00e9ho pol\u010dasu minuli aj druh\u00e9 striedanie a ostalo n\u00e1m u\u017e len jedno preru\u0161enie na striedanie. Od nejakej 55. min\u00faty kr\u00edval aj Taiwo, ale nechceli sme ho e\u0161te meni\u0165, lebo u\u017e by sme nemohli viac strieda\u0165. V prest\u00e1vke aj Bolaji c\u00edtil sval, kv\u00f4li ktor\u00e9mu p\u00e1r t\u00fd\u017ed\u0148ov pauzoval. Ko\u0161trna mal v prvom pol\u010dase men\u0161\u00ed v\u00fdron v \u010dlenku, lebo sa mu na umelej tr\u00e1ve zasekla noha. Proch\u00e1zku bolelo koleno, nabehal najviac kilometrov v z\u00e1pase. Cel\u00fd druh\u00fd pol\u010das sme teda t\u0155pli a nakoniec sme sa rozhodli pre jedno striedanie. Uprednostnili sme sk\u00f4r r\u00fdchlostn\u00fd typ Boatenga na \u00fakor Ristovskeho a z\u00e1pas sme uhrali. Ve\u013emi n\u00e1m v tom pomohlo preru\u0161enie kv\u00f4li dymovniciam. Dostali sme \u010das na to, aby som ulo\u017eil mu\u017estvo, pre\u0161li sme na in\u00fd syst\u00e9m. Zavreli sme to a \u017dilina u\u017e tam nemala \u017eiadnu v\u00e1\u017enej\u0161iu \u0161ancu a v pokoji sme ust\u00e1li z\u00e1vere\u010dn\u00fd tlak.\u201c<\/em><\/strong><\/em><\/em><\/p>\n\n\n\n<p>\u017dilina vst\u00fapila do druh\u00e9ho pol\u010dasu spr\u00e1vne nabuden\u00e1 a vyu\u017eila svoj \u00favodn\u00fd tlak na strelenie vyrovn\u00e1vaj\u00faceho g\u00f3lu. Hne\u010f vz\u00e1p\u00e4t\u00ed mohol sk\u00f3rova\u0165 aj Bukata, ktor\u00e9ho \u0161ikovn\u00e1 strie\u013ean\u00e1 prihr\u00e1vka smerovala k vzdialenej\u0161ej ty\u010dke, no Belko stihol zareagova\u0165. V 67. min v\u0161ak pri jeho bombe nestihol ani dvihn\u00fa\u0165 ruky a Bukata rozhodol z\u00e1pas<em><em>.\u00a0<strong><em>\u201eBuki uk\u00e1zal, ak\u00fd je pre n\u00e1s d\u00f4le\u017eit\u00fd a nakoniec rozhodol kr\u00e1snym g\u00f3lom. Pri g\u00f3le n\u00e1m vy\u0161lo to, \u010do sme na \u017dilinu chystali. Vytl\u00e1\u010daj\u00fa obrann\u00e1 \u0161tvoricu hore, a ke\u010f s\u00fa v pohybe, tak potrebujeme, aby tam nabehol niekto z druhej l\u00ednie, \u010do sa n\u00e1m dokonalo podarilo. Bukata to perfektne trafil a brank\u00e1rovi nedal \u0161ancu. Klob\u00fak dolu pred n\u00edm, lebo je to typ hr\u00e1\u010da, ktor\u00fd sa nepotrebuje dlho rozohr\u00e1va\u0165, ale okam\u017eite aj po dlhej pauze je platn\u00fd pre mu\u017estvo.\u201c<\/em><\/strong><\/em><\/em><\/p>\n\n\n\n<p>Spartak teda nechal starosti na pleciach \u017dilin\u010danov a v taktickom z\u00e1pase uk\u00e1zal viac kvality a najm\u00e4 efektivity, v\u010faka \u010domu vyhral. Odmenou mu teraz bude dlh\u0161\u00ed \u010dasov\u00fd priestor, aby sa v lep\u0161ej atmosf\u00e9re mohli hr\u00e1\u010di dolie\u010di\u0165 a v Dunajskej Strede nast\u00fapi\u0165 v \u010do najsilnej\u0161om zlo\u017een\u00ed. U\u017e v \u017diline hrali so \u0161tyrmi \u017elt\u00fdmi kartami \u0160tetina aj Savvidis, ale hrozbu trestu v podobe jednoz\u00e1pasovej stopky oddialili.<\/p>\n\n\n\n<p><em><em><strong><em>\u201eKe\u010f si predstav\u00edm, \u017ee ned\u00e1vno tam Trnava desa\u0165 rokov nevyhrala a teraz sme tam spravili trikr\u00e1t po sebe skvel\u00e9 v\u00fdsledky. Vyhrali sme tradi\u010dn\u00fdm v\u00fdsledkom 2:1, ako zvykn\u00fa kon\u010di\u0165 na\u0161e stretnutia. Z\u00e1pas bol v\u0161ak \u0165a\u017ek\u00fd, lebo sa n\u00e1m nakopilo ve\u013ea zranen\u00ed, pred z\u00e1pasom aj v \u0148om. \u010cak\u00e1 n\u00e1s teraz poh\u00e1r v Seredi a potom m\u00e1me v\u00edkend vo\u013eno. Ver\u00edm, \u017ee ho vyu\u017eijeme na dolie\u010denie a potom na kvalitn\u00fa pr\u00edpravu na posledn\u00fd z\u00e1pas vonku.\u201c<\/em><\/strong><\/em><\/em><\/p>\n\n\n\n<p class=\"has-vivid-red-color has-text-color has-medium-font-size\"><em><em><strong>Na z\u00e1ver k t\u00e9me umel\u00e1 tr\u00e1va<\/strong><\/em><\/em><\/p>\n\n\n\n<p><em><em>Ako je zn\u00e1me, od sez\u00f3ny 2024\/25 sa bude m\u00f4c\u0165 liga hra\u0165 len na pr\u00edrodn\u00fdch tr\u00e1vnikoch, s \u010d\u00edm maj\u00fa najv\u00e4\u010d\u0161\u00ed probl\u00e9m pr\u00e1ve v \u017diline a v Tren\u010d\u00edne. Tam toti\u017e hraj\u00fa na umelej tr\u00e1ve. Napriek tomu, \u017ee toto rozhodnutie je platnosti nieko\u013eko rokov a oba kluby dostali e\u0161te rok navy\u0161e na v\u00fdmenu hracej plochy, v oboch mest\u00e1ch sa svojej v\u00fdhody vzda\u0165 nemienia. Argumentov pre a proti je nieko\u013eko, obe strany, samozrejme, vyu\u017e\u00edvaj\u00fa tie, ktor\u00e9 s\u00fa v ich prospech. Michala Ga\u0161par\u00edka sme sa preto sp\u00fdtali, \u010di si mysl\u00ed, \u017ee v\u00e4\u010d\u0161\u00ed po\u010det zranen\u00fdch vo v\u010deraj\u0161om z\u00e1pase m\u00f4\u017ee by\u0165 aj kv\u00f4li umel\u00e9mu povrchu.<strong><em>\u201e\u0160tef\u00e1nik mal svalov\u00e9 zranenie a Savvidis dostal n\u00e1raz od protihr\u00e1\u010da, \u010do s umelou tr\u00e1vou nes\u00faviselo. Ko\u0161trna si privodil zranenie kv\u00f4li povrchu, ke\u010f mu umelka zastavila nohu. Taiwo m\u00e1 nedolie\u010den\u00fd \u010dlenok, a to na umelej tr\u00e1ve bol\u00ed dvojn\u00e1sobne. Bolo vidno na pohybe hr\u00e1\u010dov, \u017ee im to nesed\u00ed, hlavne u t\u00fdch star\u0161\u00edch. Pohyb na pr\u00edrodnej tr\u00e1ve je \u00faplne in\u00fd ako na tej umelej a v tom maj\u00fa mlad\u00ed hr\u00e1\u010di v\u00fdhodu.\u201c<\/em><\/strong><\/em><\/em><\/p>","protected":false},"excerpt":{"rendered":"<p>Spartakovci sa v\u010dera op\u00e4\u0165 vr\u00e1tili na v\u00ed\u0165azn\u00fa vlnu,&#8230;<\/p>","protected":false},"author":2,"featured_media":2382,"comment_status":"closed","ping_status":"closed","sticky":false,"template":"","format":"standard","meta":{"footnotes":""},"categories":[50],"tags":[11],"class_list":["post-2381","post","type-post","status-publish","format-standard","has-post-thumbnail","hentry","category-rozhovory","tag-michal-gasparik","post-number-1"],"yoast_head":"<!-- This site is optimized with the Yoast SEO plugin v27.1.1 - https:\/\/yoast.com\/product\/yoast-seo-wordpress\/ -->\n<title>Spartaku v\u010dera paradoxne pomohli dom\u00e1ci fan\u00fa\u0161ikovia - FC Spartak Trnava<\/title>\n<meta name=\"robots\" content=\"index, follow, max-snippet:-1, max-image-preview:large, max-video-preview:-1\" \/>\n<link rel=\"canonical\" href=\"https:\/\/fcspartaktrnava.com\/en\/spartaku-vcera-paradoxne-pomohli-domaci-fanusikovia\/\" \/>\n<meta name=\"twitter:label1\" content=\"Written by\" \/>\n\t<meta name=\"twitter:data1\" content=\"spartak\" \/>\n\t<meta name=\"twitter:label2\" content=\"Estimated reading time\" \/>\n\t<meta name=\"twitter:data2\" content=\"8 minutes\" \/>\n<script type=\"application\/ld+json\" class=\"yoast-schema-graph\">{\"@context\":\"https:\/\/schema.org\",\"@graph\":[{\"@type\":\"Article\",\"@id\":\"https:\/\/fcspartaktrnava.com\/en\/spartaku-vcera-paradoxne-pomohli-domaci-fanusikovia\/#article\",\"isPartOf\":{\"@id\":\"https:\/\/fcspartaktrnava.com\/en\/spartaku-vcera-paradoxne-pomohli-domaci-fanusikovia\/\"},\"author\":{\"name\":\"spartak\",\"@id\":\"https:\/\/fcspartaktrnava.com\/#\/schema\/person\/24bc5b254af14f71d7d8af178790aa75\"},\"headline\":\"Spartaku v\u010dera paradoxne pomohli dom\u00e1ci fan\u00fa\u0161ikovia\",\"datePublished\":\"2022-10-25T12:53:26+00:00\",\"dateModified\":\"2022-10-25T14:32:36+00:00\",\"mainEntityOfPage\":{\"@id\":\"https:\/\/fcspartaktrnava.com\/en\/spartaku-vcera-paradoxne-pomohli-domaci-fanusikovia\/\"},\"wordCount\":1608,\"publisher\":{\"@id\":\"https:\/\/fcspartaktrnava.com\/#organization\"},\"image\":{\"@id\":\"https:\/\/fcspartaktrnava.com\/en\/spartaku-vcera-paradoxne-pomohli-domaci-fanusikovia\/#primaryimage\"},\"thumbnailUrl\":\"https:\/\/fcspartaktrnava.com\/wp-content\/uploads\/2022\/10\/muzstvo-zilina.jpg\",\"keywords\":[\"Michal Ga\u0161par\u00edk\"],\"articleSection\":[\"Rozhovory\"],\"inLanguage\":\"en-GB\"},{\"@type\":\"WebPage\",\"@id\":\"https:\/\/fcspartaktrnava.com\/en\/spartaku-vcera-paradoxne-pomohli-domaci-fanusikovia\/\",\"url\":\"https:\/\/fcspartaktrnava.com\/en\/spartaku-vcera-paradoxne-pomohli-domaci-fanusikovia\/\",\"name\":\"Spartaku v\u010dera paradoxne pomohli dom\u00e1ci fan\u00fa\u0161ikovia - FC Spartak Trnava\",\"isPartOf\":{\"@id\":\"https:\/\/fcspartaktrnava.com\/#website\"},\"primaryImageOfPage\":{\"@id\":\"https:\/\/fcspartaktrnava.com\/en\/spartaku-vcera-paradoxne-pomohli-domaci-fanusikovia\/#primaryimage\"},\"image\":{\"@id\":\"https:\/\/fcspartaktrnava.com\/en\/spartaku-vcera-paradoxne-pomohli-domaci-fanusikovia\/#primaryimage\"},\"thumbnailUrl\":\"https:\/\/fcspartaktrnava.com\/wp-content\/uploads\/2022\/10\/muzstvo-zilina.jpg\",\"datePublished\":\"2022-10-25T12:53:26+00:00\",\"dateModified\":\"2022-10-25T14:32:36+00:00\",\"breadcrumb\":{\"@id\":\"https:\/\/fcspartaktrnava.com\/en\/spartaku-vcera-paradoxne-pomohli-domaci-fanusikovia\/#breadcrumb\"},\"inLanguage\":\"en-GB\",\"potentialAction\":[{\"@type\":\"ReadAction\",\"target\":[\"https:\/\/fcspartaktrnava.com\/en\/spartaku-vcera-paradoxne-pomohli-domaci-fanusikovia\/\"]}]},{\"@type\":\"ImageObject\",\"inLanguage\":\"en-GB\",\"@id\":\"https:\/\/fcspartaktrnava.com\/en\/spartaku-vcera-paradoxne-pomohli-domaci-fanusikovia\/#primaryimage\",\"url\":\"https:\/\/fcspartaktrnava.com\/wp-content\/uploads\/2022\/10\/muzstvo-zilina.jpg\",\"contentUrl\":\"https:\/\/fcspartaktrnava.com\/wp-content\/uploads\/2022\/10\/muzstvo-zilina.jpg\",\"width\":1300,\"height\":555},{\"@type\":\"BreadcrumbList\",\"@id\":\"https:\/\/fcspartaktrnava.com\/en\/spartaku-vcera-paradoxne-pomohli-domaci-fanusikovia\/#breadcrumb\",\"itemListElement\":[{\"@type\":\"ListItem\",\"position\":1,\"name\":\"Home\",\"item\":\"https:\/\/fcspartaktrnava.com\/\"},{\"@type\":\"ListItem\",\"position\":2,\"name\":\"Spartaku v\u010dera paradoxne pomohli dom\u00e1ci fan\u00fa\u0161ikovia\"}]},{\"@type\":\"WebSite\",\"@id\":\"https:\/\/fcspartaktrnava.com\/#website\",\"url\":\"https:\/\/fcspartaktrnava.com\/\",\"name\":\"FC Spartak Trnava\",\"description\":\"ofici\u00e1lna webstr\u00e1nka futbalov\u00e9ho klubu\",\"publisher\":{\"@id\":\"https:\/\/fcspartaktrnava.com\/#organization\"},\"potentialAction\":[{\"@type\":\"SearchAction\",\"target\":{\"@type\":\"EntryPoint\",\"urlTemplate\":\"https:\/\/fcspartaktrnava.com\/?s={search_term_string}\"},\"query-input\":{\"@type\":\"PropertyValueSpecification\",\"valueRequired\":true,\"valueName\":\"search_term_string\"}}],\"inLanguage\":\"en-GB\"},{\"@type\":\"Organization\",\"@id\":\"https:\/\/fcspartaktrnava.com\/#organization\",\"name\":\"FC Spartak Trnava\",\"alternateName\":\"Spartak\",\"url\":\"https:\/\/fcspartaktrnava.com\/\",\"logo\":{\"@type\":\"ImageObject\",\"inLanguage\":\"en-GB\",\"@id\":\"https:\/\/fcspartaktrnava.com\/#\/schema\/logo\/image\/\",\"url\":\"https:\/\/fcspartaktrnava.com\/wp-content\/uploads\/2022\/08\/cropped-site_logo.png\",\"contentUrl\":\"https:\/\/fcspartaktrnava.com\/wp-content\/uploads\/2022\/08\/cropped-site_logo.png\",\"width\":140,\"height\":140,\"caption\":\"FC Spartak Trnava\"},\"image\":{\"@id\":\"https:\/\/fcspartaktrnava.com\/#\/schema\/logo\/image\/\"},\"sameAs\":[\"https:\/\/www.facebook.com\/SpartakTrnava\",\"https:\/\/x.com\/SpartakTrnava1\",\"https:\/\/www.instagram.com\/spartak_sk\/\"]},{\"@type\":\"Person\",\"@id\":\"https:\/\/fcspartaktrnava.com\/#\/schema\/person\/24bc5b254af14f71d7d8af178790aa75\",\"name\":\"spartak\",\"image\":{\"@type\":\"ImageObject\",\"inLanguage\":\"en-GB\",\"@id\":\"https:\/\/fcspartaktrnava.com\/#\/schema\/person\/image\/\",\"url\":\"https:\/\/secure.gravatar.com\/avatar\/f8ff8584f3fcf3909a11a6da9019f37749183b4015bca14e64556c52614cdc7f?s=96&d=mm&r=g\",\"contentUrl\":\"https:\/\/secure.gravatar.com\/avatar\/f8ff8584f3fcf3909a11a6da9019f37749183b4015bca14e64556c52614cdc7f?s=96&d=mm&r=g\",\"caption\":\"spartak\"},\"url\":\"https:\/\/fcspartaktrnava.com\/en\/author\/spartak\/\"}]}<\/script>\n<!-- \/ Yoast SEO plugin. -->","yoast_head_json":{"title":"Spartaku v\u010dera paradoxne pomohli dom\u00e1ci fan\u00fa\u0161ikovia - FC Spartak Trnava","robots":{"index":"index","follow":"follow","max-snippet":"max-snippet:-1","max-image-preview":"max-image-preview:large","max-video-preview":"max-video-preview:-1"},"canonical":"https:\/\/fcspartaktrnava.com\/en\/spartaku-vcera-paradoxne-pomohli-domaci-fanusikovia\/","twitter_misc":{"Written by":"spartak","Estimated reading time":"8 minutes"},"schema":{"@context":"https:\/\/schema.org","@graph":[{"@type":"Article","@id":"https:\/\/fcspartaktrnava.com\/en\/spartaku-vcera-paradoxne-pomohli-domaci-fanusikovia\/#article","isPartOf":{"@id":"https:\/\/fcspartaktrnava.com\/en\/spartaku-vcera-paradoxne-pomohli-domaci-fanusikovia\/"},"author":{"name":"spartak","@id":"https:\/\/fcspartaktrnava.com\/#\/schema\/person\/24bc5b254af14f71d7d8af178790aa75"},"headline":"Spartaku v\u010dera paradoxne pomohli dom\u00e1ci fan\u00fa\u0161ikovia","datePublished":"2022-10-25T12:53:26+00:00","dateModified":"2022-10-25T14:32:36+00:00","mainEntityOfPage":{"@id":"https:\/\/fcspartaktrnava.com\/en\/spartaku-vcera-paradoxne-pomohli-domaci-fanusikovia\/"},"wordCount":1608,"publisher":{"@id":"https:\/\/fcspartaktrnava.com\/#organization"},"image":{"@id":"https:\/\/fcspartaktrnava.com\/en\/spartaku-vcera-paradoxne-pomohli-domaci-fanusikovia\/#primaryimage"},"thumbnailUrl":"https:\/\/fcspartaktrnava.com\/wp-content\/uploads\/2022\/10\/muzstvo-zilina.jpg","keywords":["Michal Ga\u0161par\u00edk"],"articleSection":["Rozhovory"],"inLanguage":"en-GB"},{"@type":"WebPage","@id":"https:\/\/fcspartaktrnava.com\/en\/spartaku-vcera-paradoxne-pomohli-domaci-fanusikovia\/","url":"https:\/\/fcspartaktrnava.com\/en\/spartaku-vcera-paradoxne-pomohli-domaci-fanusikovia\/","name":"Spartaku v\u010dera paradoxne pomohli dom\u00e1ci fan\u00fa\u0161ikovia - FC Spartak Trnava","isPartOf":{"@id":"https:\/\/fcspartaktrnava.com\/#website"},"primaryImageOfPage":{"@id":"https:\/\/fcspartaktrnava.com\/en\/spartaku-vcera-paradoxne-pomohli-domaci-fanusikovia\/#primaryimage"},"image":{"@id":"https:\/\/fcspartaktrnava.com\/en\/spartaku-vcera-paradoxne-pomohli-domaci-fanusikovia\/#primaryimage"},"thumbnailUrl":"https:\/\/fcspartaktrnava.com\/wp-content\/uploads\/2022\/10\/muzstvo-zilina.jpg","datePublished":"2022-10-25T12:53:26+00:00","dateModified":"2022-10-25T14:32:36+00:00","breadcrumb":{"@id":"https:\/\/fcspartaktrnava.com\/en\/spartaku-vcera-paradoxne-pomohli-domaci-fanusikovia\/#breadcrumb"},"inLanguage":"en-GB","potentialAction":[{"@type":"ReadAction","target":["https:\/\/fcspartaktrnava.com\/en\/spartaku-vcera-paradoxne-pomohli-domaci-fanusikovia\/"]}]},{"@type":"ImageObject","inLanguage":"en-GB","@id":"https:\/\/fcspartaktrnava.com\/en\/spartaku-vcera-paradoxne-pomohli-domaci-fanusikovia\/#primaryimage","url":"https:\/\/fcspartaktrnava.com\/wp-content\/uploads\/2022\/10\/muzstvo-zilina.jpg","contentUrl":"https:\/\/fcspartaktrnava.com\/wp-content\/uploads\/2022\/10\/muzstvo-zilina.jpg","width":1300,"height":555},{"@type":"BreadcrumbList","@id":"https:\/\/fcspartaktrnava.com\/en\/spartaku-vcera-paradoxne-pomohli-domaci-fanusikovia\/#breadcrumb","itemListElement":[{"@type":"ListItem","position":1,"name":"Home","item":"https:\/\/fcspartaktrnava.com\/"},{"@type":"ListItem","position":2,"name":"Spartaku v\u010dera paradoxne pomohli dom\u00e1ci fan\u00fa\u0161ikovia"}]},{"@type":"WebSite","@id":"https:\/\/fcspartaktrnava.com\/#website","url":"https:\/\/fcspartaktrnava.com\/","name":"FC Spartak Trnava","description":"ofici\u00e1lna webstr\u00e1nka futbalov\u00e9ho klubu","publisher":{"@id":"https:\/\/fcspartaktrnava.com\/#organization"},"potentialAction":[{"@type":"SearchAction","target":{"@type":"EntryPoint","urlTemplate":"https:\/\/fcspartaktrnava.com\/?s={search_term_string}"},"query-input":{"@type":"PropertyValueSpecification","valueRequired":true,"valueName":"search_term_string"}}],"inLanguage":"en-GB"},{"@type":"Organization","@id":"https:\/\/fcspartaktrnava.com\/#organization","name":"FC Spartak Trnava","alternateName":"Spartak","url":"https:\/\/fcspartaktrnava.com\/","logo":{"@type":"ImageObject","inLanguage":"en-GB","@id":"https:\/\/fcspartaktrnava.com\/#\/schema\/logo\/image\/","url":"https:\/\/fcspartaktrnava.com\/wp-content\/uploads\/2022\/08\/cropped-site_logo.png","contentUrl":"https:\/\/fcspartaktrnava.com\/wp-content\/uploads\/2022\/08\/cropped-site_logo.png","width":140,"height":140,"caption":"FC Spartak Trnava"},"image":{"@id":"https:\/\/fcspartaktrnava.com\/#\/schema\/logo\/image\/"},"sameAs":["https:\/\/www.facebook.com\/SpartakTrnava","https:\/\/x.com\/SpartakTrnava1","https:\/\/www.instagram.com\/spartak_sk\/"]},{"@type":"Person","@id":"https:\/\/fcspartaktrnava.com\/#\/schema\/person\/24bc5b254af14f71d7d8af178790aa75","name":"spartak","image":{"@type":"ImageObject","inLanguage":"en-GB","@id":"https:\/\/fcspartaktrnava.com\/#\/schema\/person\/image\/","url":"https:\/\/secure.gravatar.com\/avatar\/f8ff8584f3fcf3909a11a6da9019f37749183b4015bca14e64556c52614cdc7f?s=96&d=mm&r=g","contentUrl":"https:\/\/secure.gravatar.com\/avatar\/f8ff8584f3fcf3909a11a6da9019f37749183b4015bca14e64556c52614cdc7f?s=96&d=mm&r=g","caption":"spartak"},"url":"https:\/\/fcspartaktrnava.com\/en\/author\/spartak\/"}]}},"_links":{"self":[{"href":"https:\/\/fcspartaktrnava.com\/en\/wp-json\/wp\/v2\/posts\/2381","targetHints":{"allow":["GET"]}}],"collection":[{"href":"https:\/\/fcspartaktrnava.com\/en\/wp-json\/wp\/v2\/posts"}],"about":[{"href":"https:\/\/fcspartaktrnava.com\/en\/wp-json\/wp\/v2\/types\/post"}],"author":[{"embeddable":true,"href":"https:\/\/fcspartaktrnava.com\/en\/wp-json\/wp\/v2\/users\/2"}],"replies":[{"embeddable":true,"href":"https:\/\/fcspartaktrnava.com\/en\/wp-json\/wp\/v2\/comments?post=2381"}],"version-history":[{"count":0,"href":"https:\/\/fcspartaktrnava.com\/en\/wp-json\/wp\/v2\/posts\/2381\/revisions"}],"wp:featuredmedia":[{"embeddable":true,"href":"https:\/\/fcspartaktrnava.com\/en\/wp-json\/wp\/v2\/media\/2382"}],"wp:attachment":[{"href":"https:\/\/fcspartaktrnava.com\/en\/wp-json\/wp\/v2\/media?parent=2381"}],"wp:term":[{"taxonomy":"category","embeddable":true,"href":"https:\/\/fcspartaktrnava.com\/en\/wp-json\/wp\/v2\/categories?post=2381"},{"taxonomy":"post_tag","embeddable":true,"href":"https:\/\/fcspartaktrnava.com\/en\/wp-json\/wp\/v2\/tags?post=2381"}],"curies":[{"name":"wp","href":"https:\/\/api.w.org\/{rel}","templated":true}]}}