{"id":2360,"date":"2022-10-25T09:41:11","date_gmt":"2022-10-25T09:41:11","guid":{"rendered":"https:\/\/fcspartaktrnava.com\/?p=2360"},"modified":"2022-10-25T14:32:36","modified_gmt":"2022-10-25T14:32:36","slug":"najstarsi-fanusik-spartaka-v-zahranici-oslavil-104-narodeniny","status":"publish","type":"post","link":"https:\/\/fcspartaktrnava.com\/en\/najstarsi-fanusik-spartaka-v-zahranici-oslavil-104-narodeniny\/","title":{"rendered":"Najstar\u0161\u00ed fan\u00fa\u0161ik Spartaka v zahrani\u010d\u00ed osl\u00e1vil 104. narodeniny"},"content":{"rendered":"<p>Jozef, alebo dnes u\u017e Joe Veselsk\u00fd sa narodil v roku 1918 v Trnave, no u\u017e desa\u0165ro\u010dia \u017eije v \u00edrskom Dubline. Pr\u00e1ve tam mu v\u010dera k jeho narodenin\u00e1m zablaho\u017eelal aj slovensk\u00fd ve\u013evyslanec v \u00cdrsku Andrej Droba. Ke\u010f\u017ee p\u00e1n Veselsk\u00fd je dlhoro\u010dn\u00fdm fan\u00fa\u0161ikom n\u00e1\u0161ho Spartaka, spojili sme sa v\u010faka Trnavsk\u00e9mu samospr\u00e1vnemu kraju so slovensk\u00fdm ve\u013evyslanectvom a poslali sme mu prostredn\u00edctvom p\u00e1na ve\u013evyslanca spartakovsk\u00fd dar\u010dek \u2013 origin\u00e1lny hr\u00e1\u010dsky \u010derveno-\u010dierny dres s podpismi s\u00fa\u010dasn\u00fdch hr\u00e1\u010dov Spartaka.<\/p>\n\n\n\n<p>Joe Veselsk\u00fd bol u\u017e na svete, ke\u010f n\u00e1\u0161 klub vznikol a ako spom\u00ednal vo svojich rozhovoroch, odmali\u010dka bol jeho fan\u00fa\u0161ikom. Jeho priate\u013emi boli napr\u00edklad Anton Malatinsk\u00fd \u010di Imrich Stacho. Dodnes sleduje anglick\u00fa Premier League, v ktorej dr\u017e\u00ed palce FC Liverpool. Jemu sam\u00e9mu u\u010daroval stoln\u00fd tenis, v ktorom na\u0161u krajinu aj reprezentoval, nesk\u00f4r bol u\u017e v \u00cdrsku tr\u00e9nerom, ba dokonca p\u00f4sobil ako funkcion\u00e1r vo futbalovom klube Shamrock Rovers.<\/p>\n\n\n\n<p>V roku 1944 sa zapojil do Slovensk\u00e9ho n\u00e1rodn\u00e9ho povstania, tak\u017ee je jedn\u00fdm z h\u0155stky \u017eij\u00facich akt\u00edvnych \u00fa\u010dastn\u00edkov Povstania. V roku 1948 po komunistickom pu\u010di emigroval z krajiny a usadil sa v Dubline, kde \u017eije doteraz.<\/p>\n\n\n\n<p>V\u0161etko najlep\u0161ie Joe!<\/p>\n\n\n\n<figure class=\"wp-block-image size-large is-resized\"><img loading=\"lazy\" decoding=\"async\" src=\"https:\/\/fcspartaktrnava.com\/wp-content\/uploads\/2022\/10\/WhatsApp-Image-2022-10-20-at-18.38.21-768x1024.jpeg\" alt=\"\" class=\"wp-image-2361\" width=\"215\" height=\"287\" srcset=\"https:\/\/fcspartaktrnava.com\/wp-content\/uploads\/2022\/10\/WhatsApp-Image-2022-10-20-at-18.38.21-768x1024.jpeg 768w, https:\/\/fcspartaktrnava.com\/wp-content\/uploads\/2022\/10\/WhatsApp-Image-2022-10-20-at-18.38.21-225x300.jpeg 225w, https:\/\/fcspartaktrnava.com\/wp-content\/uploads\/2022\/10\/WhatsApp-Image-2022-10-20-at-18.38.21-1152x1536.jpeg 1152w, https:\/\/fcspartaktrnava.com\/wp-content\/uploads\/2022\/10\/WhatsApp-Image-2022-10-20-at-18.38.21-9x12.jpeg 9w, https:\/\/fcspartaktrnava.com\/wp-content\/uploads\/2022\/10\/WhatsApp-Image-2022-10-20-at-18.38.21.jpeg 1536w\" sizes=\"auto, (max-width: 215px) 100vw, 215px\" \/><\/figure>","protected":false},"excerpt":{"rendered":"<p>Jozef, alebo dnes u\u017e Joe Veselsk\u00fd sa narodil&#8230;<\/p>","protected":false},"author":2,"featured_media":2367,"comment_status":"closed","ping_status":"closed","sticky":false,"template":"","format":"standard","meta":{"footnotes":""},"categories":[12],"tags":[48,47],"class_list":["post-2360","post","type-post","status-publish","format-standard","has-post-thumbnail","hentry","category-spravy","tag-droba","tag-veselsky","post-number-1"],"yoast_head":"<!-- This site is optimized with the Yoast SEO plugin v27.1.1 - https:\/\/yoast.com\/product\/yoast-seo-wordpress\/ -->\n<title>Najstar\u0161\u00ed fan\u00fa\u0161ik Spartaka v zahrani\u010d\u00ed osl\u00e1vil 104. narodeniny - FC Spartak Trnava<\/title>\n<meta name=\"robots\" content=\"index, follow, max-snippet:-1, max-image-preview:large, max-video-preview:-1\" \/>\n<link rel=\"canonical\" href=\"https:\/\/fcspartaktrnava.com\/en\/najstarsi-fanusik-spartaka-v-zahranici-oslavil-104-narodeniny\/\" \/>\n<meta name=\"twitter:label1\" content=\"Written by\" \/>\n\t<meta name=\"twitter:data1\" content=\"spartak\" \/>\n\t<meta name=\"twitter:label2\" content=\"Estimated reading time\" \/>\n\t<meta name=\"twitter:data2\" content=\"1 minute\" \/>\n<script type=\"application\/ld+json\" class=\"yoast-schema-graph\">{\"@context\":\"https:\/\/schema.org\",\"@graph\":[{\"@type\":\"Article\",\"@id\":\"https:\/\/fcspartaktrnava.com\/najstarsi-fanusik-spartaka-v-zahranici-oslavil-104-narodeniny\/#article\",\"isPartOf\":{\"@id\":\"https:\/\/fcspartaktrnava.com\/najstarsi-fanusik-spartaka-v-zahranici-oslavil-104-narodeniny\/\"},\"author\":{\"name\":\"spartak\",\"@id\":\"https:\/\/fcspartaktrnava.com\/#\/schema\/person\/24bc5b254af14f71d7d8af178790aa75\"},\"headline\":\"Najstar\u0161\u00ed fan\u00fa\u0161ik Spartaka v zahrani\u010d\u00ed osl\u00e1vil 104. narodeniny\",\"datePublished\":\"2022-10-25T09:41:11+00:00\",\"dateModified\":\"2022-10-25T14:32:36+00:00\",\"mainEntityOfPage\":{\"@id\":\"https:\/\/fcspartaktrnava.com\/najstarsi-fanusik-spartaka-v-zahranici-oslavil-104-narodeniny\/\"},\"wordCount\":234,\"publisher\":{\"@id\":\"https:\/\/fcspartaktrnava.com\/#organization\"},\"image\":{\"@id\":\"https:\/\/fcspartaktrnava.com\/najstarsi-fanusik-spartaka-v-zahranici-oslavil-104-narodeniny\/#primaryimage\"},\"thumbnailUrl\":\"https:\/\/fcspartaktrnava.com\/wp-content\/uploads\/2022\/10\/WhatsApp-Image-2022-10-20-at-18.38.22-1-1.jpeg\",\"keywords\":[\"droba\",\"Veselsk\u00fd\"],\"articleSection\":[\"Spr\u00e1vy\"],\"inLanguage\":\"en-GB\"},{\"@type\":\"WebPage\",\"@id\":\"https:\/\/fcspartaktrnava.com\/najstarsi-fanusik-spartaka-v-zahranici-oslavil-104-narodeniny\/\",\"url\":\"https:\/\/fcspartaktrnava.com\/najstarsi-fanusik-spartaka-v-zahranici-oslavil-104-narodeniny\/\",\"name\":\"Najstar\u0161\u00ed fan\u00fa\u0161ik Spartaka v zahrani\u010d\u00ed osl\u00e1vil 104. narodeniny - FC Spartak Trnava\",\"isPartOf\":{\"@id\":\"https:\/\/fcspartaktrnava.com\/#website\"},\"primaryImageOfPage\":{\"@id\":\"https:\/\/fcspartaktrnava.com\/najstarsi-fanusik-spartaka-v-zahranici-oslavil-104-narodeniny\/#primaryimage\"},\"image\":{\"@id\":\"https:\/\/fcspartaktrnava.com\/najstarsi-fanusik-spartaka-v-zahranici-oslavil-104-narodeniny\/#primaryimage\"},\"thumbnailUrl\":\"https:\/\/fcspartaktrnava.com\/wp-content\/uploads\/2022\/10\/WhatsApp-Image-2022-10-20-at-18.38.22-1-1.jpeg\",\"datePublished\":\"2022-10-25T09:41:11+00:00\",\"dateModified\":\"2022-10-25T14:32:36+00:00\",\"breadcrumb\":{\"@id\":\"https:\/\/fcspartaktrnava.com\/najstarsi-fanusik-spartaka-v-zahranici-oslavil-104-narodeniny\/#breadcrumb\"},\"inLanguage\":\"en-GB\",\"potentialAction\":[{\"@type\":\"ReadAction\",\"target\":[\"https:\/\/fcspartaktrnava.com\/najstarsi-fanusik-spartaka-v-zahranici-oslavil-104-narodeniny\/\"]}]},{\"@type\":\"ImageObject\",\"inLanguage\":\"en-GB\",\"@id\":\"https:\/\/fcspartaktrnava.com\/najstarsi-fanusik-spartaka-v-zahranici-oslavil-104-narodeniny\/#primaryimage\",\"url\":\"https:\/\/fcspartaktrnava.com\/wp-content\/uploads\/2022\/10\/WhatsApp-Image-2022-10-20-at-18.38.22-1-1.jpeg\",\"contentUrl\":\"https:\/\/fcspartaktrnava.com\/wp-content\/uploads\/2022\/10\/WhatsApp-Image-2022-10-20-at-18.38.22-1-1.jpeg\",\"width\":2048,\"height\":2006},{\"@type\":\"BreadcrumbList\",\"@id\":\"https:\/\/fcspartaktrnava.com\/najstarsi-fanusik-spartaka-v-zahranici-oslavil-104-narodeniny\/#breadcrumb\",\"itemListElement\":[{\"@type\":\"ListItem\",\"position\":1,\"name\":\"Home\",\"item\":\"https:\/\/fcspartaktrnava.com\/\"},{\"@type\":\"ListItem\",\"position\":2,\"name\":\"Najstar\u0161\u00ed fan\u00fa\u0161ik Spartaka v zahrani\u010d\u00ed osl\u00e1vil 104. narodeniny\"}]},{\"@type\":\"WebSite\",\"@id\":\"https:\/\/fcspartaktrnava.com\/#website\",\"url\":\"https:\/\/fcspartaktrnava.com\/\",\"name\":\"FC Spartak Trnava\",\"description\":\"ofici\u00e1lna webstr\u00e1nka futbalov\u00e9ho klubu\",\"publisher\":{\"@id\":\"https:\/\/fcspartaktrnava.com\/#organization\"},\"potentialAction\":[{\"@type\":\"SearchAction\",\"target\":{\"@type\":\"EntryPoint\",\"urlTemplate\":\"https:\/\/fcspartaktrnava.com\/?s={search_term_string}\"},\"query-input\":{\"@type\":\"PropertyValueSpecification\",\"valueRequired\":true,\"valueName\":\"search_term_string\"}}],\"inLanguage\":\"en-GB\"},{\"@type\":\"Organization\",\"@id\":\"https:\/\/fcspartaktrnava.com\/#organization\",\"name\":\"FC Spartak Trnava\",\"alternateName\":\"Spartak\",\"url\":\"https:\/\/fcspartaktrnava.com\/\",\"logo\":{\"@type\":\"ImageObject\",\"inLanguage\":\"en-GB\",\"@id\":\"https:\/\/fcspartaktrnava.com\/#\/schema\/logo\/image\/\",\"url\":\"https:\/\/fcspartaktrnava.com\/wp-content\/uploads\/2022\/08\/cropped-site_logo.png\",\"contentUrl\":\"https:\/\/fcspartaktrnava.com\/wp-content\/uploads\/2022\/08\/cropped-site_logo.png\",\"width\":140,\"height\":140,\"caption\":\"FC Spartak Trnava\"},\"image\":{\"@id\":\"https:\/\/fcspartaktrnava.com\/#\/schema\/logo\/image\/\"},\"sameAs\":[\"https:\/\/www.facebook.com\/SpartakTrnava\",\"https:\/\/x.com\/SpartakTrnava1\",\"https:\/\/www.instagram.com\/spartak_sk\/\"]},{\"@type\":\"Person\",\"@id\":\"https:\/\/fcspartaktrnava.com\/#\/schema\/person\/24bc5b254af14f71d7d8af178790aa75\",\"name\":\"spartak\",\"image\":{\"@type\":\"ImageObject\",\"inLanguage\":\"en-GB\",\"@id\":\"https:\/\/fcspartaktrnava.com\/#\/schema\/person\/image\/\",\"url\":\"https:\/\/secure.gravatar.com\/avatar\/f8ff8584f3fcf3909a11a6da9019f37749183b4015bca14e64556c52614cdc7f?s=96&d=mm&r=g\",\"contentUrl\":\"https:\/\/secure.gravatar.com\/avatar\/f8ff8584f3fcf3909a11a6da9019f37749183b4015bca14e64556c52614cdc7f?s=96&d=mm&r=g\",\"caption\":\"spartak\"},\"url\":\"https:\/\/fcspartaktrnava.com\/en\/author\/spartak\/\"}]}<\/script>\n<!-- \/ Yoast SEO plugin. -->","yoast_head_json":{"title":"Najstar\u0161\u00ed fan\u00fa\u0161ik Spartaka v zahrani\u010d\u00ed osl\u00e1vil 104. narodeniny - FC Spartak Trnava","robots":{"index":"index","follow":"follow","max-snippet":"max-snippet:-1","max-image-preview":"max-image-preview:large","max-video-preview":"max-video-preview:-1"},"canonical":"https:\/\/fcspartaktrnava.com\/en\/najstarsi-fanusik-spartaka-v-zahranici-oslavil-104-narodeniny\/","twitter_misc":{"Written by":"spartak","Estimated reading time":"1 minute"},"schema":{"@context":"https:\/\/schema.org","@graph":[{"@type":"Article","@id":"https:\/\/fcspartaktrnava.com\/najstarsi-fanusik-spartaka-v-zahranici-oslavil-104-narodeniny\/#article","isPartOf":{"@id":"https:\/\/fcspartaktrnava.com\/najstarsi-fanusik-spartaka-v-zahranici-oslavil-104-narodeniny\/"},"author":{"name":"spartak","@id":"https:\/\/fcspartaktrnava.com\/#\/schema\/person\/24bc5b254af14f71d7d8af178790aa75"},"headline":"Najstar\u0161\u00ed fan\u00fa\u0161ik Spartaka v zahrani\u010d\u00ed osl\u00e1vil 104. narodeniny","datePublished":"2022-10-25T09:41:11+00:00","dateModified":"2022-10-25T14:32:36+00:00","mainEntityOfPage":{"@id":"https:\/\/fcspartaktrnava.com\/najstarsi-fanusik-spartaka-v-zahranici-oslavil-104-narodeniny\/"},"wordCount":234,"publisher":{"@id":"https:\/\/fcspartaktrnava.com\/#organization"},"image":{"@id":"https:\/\/fcspartaktrnava.com\/najstarsi-fanusik-spartaka-v-zahranici-oslavil-104-narodeniny\/#primaryimage"},"thumbnailUrl":"https:\/\/fcspartaktrnava.com\/wp-content\/uploads\/2022\/10\/WhatsApp-Image-2022-10-20-at-18.38.22-1-1.jpeg","keywords":["droba","Veselsk\u00fd"],"articleSection":["Spr\u00e1vy"],"inLanguage":"en-GB"},{"@type":"WebPage","@id":"https:\/\/fcspartaktrnava.com\/najstarsi-fanusik-spartaka-v-zahranici-oslavil-104-narodeniny\/","url":"https:\/\/fcspartaktrnava.com\/najstarsi-fanusik-spartaka-v-zahranici-oslavil-104-narodeniny\/","name":"Najstar\u0161\u00ed fan\u00fa\u0161ik Spartaka v zahrani\u010d\u00ed osl\u00e1vil 104. narodeniny - FC Spartak Trnava","isPartOf":{"@id":"https:\/\/fcspartaktrnava.com\/#website"},"primaryImageOfPage":{"@id":"https:\/\/fcspartaktrnava.com\/najstarsi-fanusik-spartaka-v-zahranici-oslavil-104-narodeniny\/#primaryimage"},"image":{"@id":"https:\/\/fcspartaktrnava.com\/najstarsi-fanusik-spartaka-v-zahranici-oslavil-104-narodeniny\/#primaryimage"},"thumbnailUrl":"https:\/\/fcspartaktrnava.com\/wp-content\/uploads\/2022\/10\/WhatsApp-Image-2022-10-20-at-18.38.22-1-1.jpeg","datePublished":"2022-10-25T09:41:11+00:00","dateModified":"2022-10-25T14:32:36+00:00","breadcrumb":{"@id":"https:\/\/fcspartaktrnava.com\/najstarsi-fanusik-spartaka-v-zahranici-oslavil-104-narodeniny\/#breadcrumb"},"inLanguage":"en-GB","potentialAction":[{"@type":"ReadAction","target":["https:\/\/fcspartaktrnava.com\/najstarsi-fanusik-spartaka-v-zahranici-oslavil-104-narodeniny\/"]}]},{"@type":"ImageObject","inLanguage":"en-GB","@id":"https:\/\/fcspartaktrnava.com\/najstarsi-fanusik-spartaka-v-zahranici-oslavil-104-narodeniny\/#primaryimage","url":"https:\/\/fcspartaktrnava.com\/wp-content\/uploads\/2022\/10\/WhatsApp-Image-2022-10-20-at-18.38.22-1-1.jpeg","contentUrl":"https:\/\/fcspartaktrnava.com\/wp-content\/uploads\/2022\/10\/WhatsApp-Image-2022-10-20-at-18.38.22-1-1.jpeg","width":2048,"height":2006},{"@type":"BreadcrumbList","@id":"https:\/\/fcspartaktrnava.com\/najstarsi-fanusik-spartaka-v-zahranici-oslavil-104-narodeniny\/#breadcrumb","itemListElement":[{"@type":"ListItem","position":1,"name":"Home","item":"https:\/\/fcspartaktrnava.com\/"},{"@type":"ListItem","position":2,"name":"Najstar\u0161\u00ed fan\u00fa\u0161ik Spartaka v zahrani\u010d\u00ed osl\u00e1vil 104. narodeniny"}]},{"@type":"WebSite","@id":"https:\/\/fcspartaktrnava.com\/#website","url":"https:\/\/fcspartaktrnava.com\/","name":"FC Spartak Trnava","description":"ofici\u00e1lna webstr\u00e1nka futbalov\u00e9ho klubu","publisher":{"@id":"https:\/\/fcspartaktrnava.com\/#organization"},"potentialAction":[{"@type":"SearchAction","target":{"@type":"EntryPoint","urlTemplate":"https:\/\/fcspartaktrnava.com\/?s={search_term_string}"},"query-input":{"@type":"PropertyValueSpecification","valueRequired":true,"valueName":"search_term_string"}}],"inLanguage":"en-GB"},{"@type":"Organization","@id":"https:\/\/fcspartaktrnava.com\/#organization","name":"FC Spartak Trnava","alternateName":"Spartak","url":"https:\/\/fcspartaktrnava.com\/","logo":{"@type":"ImageObject","inLanguage":"en-GB","@id":"https:\/\/fcspartaktrnava.com\/#\/schema\/logo\/image\/","url":"https:\/\/fcspartaktrnava.com\/wp-content\/uploads\/2022\/08\/cropped-site_logo.png","contentUrl":"https:\/\/fcspartaktrnava.com\/wp-content\/uploads\/2022\/08\/cropped-site_logo.png","width":140,"height":140,"caption":"FC Spartak Trnava"},"image":{"@id":"https:\/\/fcspartaktrnava.com\/#\/schema\/logo\/image\/"},"sameAs":["https:\/\/www.facebook.com\/SpartakTrnava","https:\/\/x.com\/SpartakTrnava1","https:\/\/www.instagram.com\/spartak_sk\/"]},{"@type":"Person","@id":"https:\/\/fcspartaktrnava.com\/#\/schema\/person\/24bc5b254af14f71d7d8af178790aa75","name":"spartak","image":{"@type":"ImageObject","inLanguage":"en-GB","@id":"https:\/\/fcspartaktrnava.com\/#\/schema\/person\/image\/","url":"https:\/\/secure.gravatar.com\/avatar\/f8ff8584f3fcf3909a11a6da9019f37749183b4015bca14e64556c52614cdc7f?s=96&d=mm&r=g","contentUrl":"https:\/\/secure.gravatar.com\/avatar\/f8ff8584f3fcf3909a11a6da9019f37749183b4015bca14e64556c52614cdc7f?s=96&d=mm&r=g","caption":"spartak"},"url":"https:\/\/fcspartaktrnava.com\/en\/author\/spartak\/"}]}},"_links":{"self":[{"href":"https:\/\/fcspartaktrnava.com\/en\/wp-json\/wp\/v2\/posts\/2360","targetHints":{"allow":["GET"]}}],"collection":[{"href":"https:\/\/fcspartaktrnava.com\/en\/wp-json\/wp\/v2\/posts"}],"about":[{"href":"https:\/\/fcspartaktrnava.com\/en\/wp-json\/wp\/v2\/types\/post"}],"author":[{"embeddable":true,"href":"https:\/\/fcspartaktrnava.com\/en\/wp-json\/wp\/v2\/users\/2"}],"replies":[{"embeddable":true,"href":"https:\/\/fcspartaktrnava.com\/en\/wp-json\/wp\/v2\/comments?post=2360"}],"version-history":[{"count":0,"href":"https:\/\/fcspartaktrnava.com\/en\/wp-json\/wp\/v2\/posts\/2360\/revisions"}],"wp:featuredmedia":[{"embeddable":true,"href":"https:\/\/fcspartaktrnava.com\/en\/wp-json\/wp\/v2\/media\/2367"}],"wp:attachment":[{"href":"https:\/\/fcspartaktrnava.com\/en\/wp-json\/wp\/v2\/media?parent=2360"}],"wp:term":[{"taxonomy":"category","embeddable":true,"href":"https:\/\/fcspartaktrnava.com\/en\/wp-json\/wp\/v2\/categories?post=2360"},{"taxonomy":"post_tag","embeddable":true,"href":"https:\/\/fcspartaktrnava.com\/en\/wp-json\/wp\/v2\/tags?post=2360"}],"curies":[{"name":"wp","href":"https:\/\/api.w.org\/{rel}","templated":true}]}}