{"id":23471,"date":"2024-10-21T10:28:42","date_gmt":"2024-10-21T08:28:42","guid":{"rendered":"https:\/\/fcspartaktrnava.com\/?p=23471"},"modified":"2024-10-21T10:28:42","modified_gmt":"2024-10-21T08:28:42","slug":"cerveno-cirna-kvapka-krvi-ladislava-kunu-v-slovenskej-knihe-rekordov","status":"publish","type":"post","link":"https:\/\/fcspartaktrnava.com\/en\/cerveno-cirna-kvapka-krvi-ladislava-kunu-v-slovenskej-knihe-rekordov\/","title":{"rendered":"\u010cerveno-\u010d\u00edrna kvapka krvi Ladislava Kunu v slovenskej knihe rekordov!"},"content":{"rendered":"<p class=\"has-text-align-center has-medium-font-size\"><strong>Trad\u00edcia, ktor\u00e1 pom\u00e1ha. Trad\u00edcia, ktor\u00e1 trv\u00e1 u\u017e 17 rokov. To je \u010cerveno-\u010d\u00edrna kvapka krvi Ladislava Kunu. <\/strong><\/p>\n\n\n\n<p class=\"has-text-align-center has-medium-font-size\">Meno po legend\u00e1rnom hr\u00e1\u010dovi a funkcion\u00e1rovi nesie so s\u00fahlasom rodiny od roku 2012 a od jej vzniku m\u00e1 za sebou u\u017e <strong>62 ed\u00edci\u00ed. <\/strong><\/p>\n\n\n\n<h2 class=\"wp-block-heading has-text-align-center\">Z\u00e1pis do knihy rekordov<\/h2>\n\n\n\n<p class=\"has-text-align-center has-medium-font-size\"><strong>Ve\u013ek\u00fd de\u0148 pre n\u00e1dhern\u00fa trad\u00edciu pri\u0161iel pred 173. Tradi\u010dn\u00fdm derby v sobotu 19. okt\u00f3bra 2024. <\/strong><\/p>\n\n\n\n<p class=\"has-text-align-center has-medium-font-size\">E\u0161te pred samotn\u00fdm v\u00fdkopom prebehol priamo na hracej ploche \u0160tadi\u00f3na Antona Malatinsk\u00e9ho sl\u00e1vnostn\u00fd ceremoni\u00e1l, ktor\u00e9ho sa z\u00fa\u010dastnili: za FC Spartak Trnava gener\u00e1lny mana\u017e\u00e9r Martin Hudec, za N\u00e1rodn\u00fa transf\u00faznu slu\u017ebu v Trnave MUDr. J\u00e1n \u0160i\u0161ka, za Slovensk\u00e9 rekordy pani Helena Celecov\u00e1 a p\u00e1n Igor Sv\u00edtok, z\u00e1stupcovia darcov krvi Emil Holovi\u010d (141 odberov) s dc\u00e9rou M\u00e1riou (dr\u017eite\u013eka zlatej plakety za 30 darovan\u00ed) a za O.Z. B\u00edli Andeli \u0160tefan Horv\u00e1th. <\/p>\n\n\n\n<p class=\"has-text-align-center has-medium-font-size\">Pred zaplnenou trib\u00fanou a za ve\u013ek\u00e9ho potlesku fan\u00fa\u0161ikov, medzi ktor\u00fdmi bolo ve\u013ek\u00e9 mno\u017estvo darcov krvi  sme ofici\u00e1lne vyhl\u00e1sili a potvrdili <strong>slovensk\u00fd rekord v po\u010dte darovan\u00ed krvi \u0161portov\u00fdmi fan\u00fa\u0161ikmi! <\/strong><\/p>\n\n\n\n<p class=\"has-text-align-center has-white-color has-vivid-red-background-color has-text-color has-background has-link-color has-medium-font-size wp-elements-4cb3accf6c36c29871b6ca7a13c01794\"><strong>Za 17 rokov existencie sa jedn\u00e1 o celkovo 3451 evidovan\u00fdch odberov v r\u00e1mci \u010cerveno-\u010d\u00edrnej kvapky krvi Ladislava Kunu! Fantastick\u00e9 a rekordn\u00e9 \u010d\u00edslo!<\/strong><\/p>\n\n\n<div class=\"wp-block-image\">\n<figure class=\"aligncenter size-large\"><img loading=\"lazy\" decoding=\"async\" width=\"1024\" height=\"682\" src=\"https:\/\/fcspartaktrnava.com\/wp-content\/uploads\/2024\/10\/DSC_7585-1024x682.jpg\" alt=\"\" class=\"wp-image-23381\" srcset=\"https:\/\/fcspartaktrnava.com\/wp-content\/uploads\/2024\/10\/DSC_7585-1024x682.jpg 1024w, https:\/\/fcspartaktrnava.com\/wp-content\/uploads\/2024\/10\/DSC_7585-300x200.jpg 300w, https:\/\/fcspartaktrnava.com\/wp-content\/uploads\/2024\/10\/DSC_7585-768x512.jpg 768w, https:\/\/fcspartaktrnava.com\/wp-content\/uploads\/2024\/10\/DSC_7585-18x12.jpg 18w, https:\/\/fcspartaktrnava.com\/wp-content\/uploads\/2024\/10\/DSC_7585.jpg 1520w\" sizes=\"auto, (max-width: 1024px) 100vw, 1024px\" \/><\/figure>\n<\/div>\n\n\n<hr class=\"wp-block-separator has-alpha-channel-opacity\"\/>\n\n\n\n<p class=\"has-text-align-center has-medium-font-size\">Po\u010das ceremoni\u00e1lu si z\u00e1stupcovia darcov prebrali od p\u00e1na Sv\u00edtoka pam\u00e4tn\u00e9 medaile, pam\u00e4tn\u00e1 plaketa bola odovzdan\u00e1 organiz\u00e1torovi darovania krvi \u0160tefanovi Horv\u00e1thovi, ktor\u00fd odovzdal pam\u00e4tn\u00fa tabu\u013eu gener\u00e1lnemu mana\u017e\u00e9rovi klubu FC Spartak Trnava Martinovi Hudecovi aj s ofici\u00e1lnym rekordn\u00fdm \u010d\u00edslom.<\/p>\n\n\n\n<p class=\"has-text-align-center has-medium-font-size\">Klub od tretieho ro\u010dn\u00edka venuje ka\u017ed\u00e9mu darcovi vstupenku na najbli\u017e\u0161\u00ed dom\u00e1ci z\u00e1pas. T\u00fato trad\u00edciu zaviedol legend\u00e1rny Laco Kuna, ke\u010f bol prezidentom Spartaka a\u00a0klub v\u00a0nej st\u00e1le pokra\u010duje. <\/p>\n\n\n<div class=\"wp-block-image\">\n<figure class=\"aligncenter size-large\"><img loading=\"lazy\" decoding=\"async\" width=\"1024\" height=\"682\" src=\"https:\/\/fcspartaktrnava.com\/wp-content\/uploads\/2024\/10\/DSC_7594-1024x682.jpg\" alt=\"\" class=\"wp-image-23384\" srcset=\"https:\/\/fcspartaktrnava.com\/wp-content\/uploads\/2024\/10\/DSC_7594-1024x682.jpg 1024w, https:\/\/fcspartaktrnava.com\/wp-content\/uploads\/2024\/10\/DSC_7594-300x200.jpg 300w, https:\/\/fcspartaktrnava.com\/wp-content\/uploads\/2024\/10\/DSC_7594-768x512.jpg 768w, https:\/\/fcspartaktrnava.com\/wp-content\/uploads\/2024\/10\/DSC_7594-18x12.jpg 18w, https:\/\/fcspartaktrnava.com\/wp-content\/uploads\/2024\/10\/DSC_7594.jpg 1520w\" sizes=\"auto, (max-width: 1024px) 100vw, 1024px\" \/><\/figure>\n<\/div>\n\n\n<hr class=\"wp-block-separator has-alpha-channel-opacity\"\/>\n\n\n\n<p class=\"has-text-align-center has-medium-font-size\"><strong>Fan\u00fa\u0161ikovia si po\u010das ceremoni\u00e1lu pripravili aj \u0161peci\u00e1lny transparent s rekordn\u00fdm \u010d\u00edslom darovan\u00ed krvi.<\/strong><\/p>\n\n\n<div class=\"wp-block-image\">\n<figure class=\"aligncenter size-large is-resized\"><img loading=\"lazy\" decoding=\"async\" width=\"1024\" height=\"682\" src=\"https:\/\/fcspartaktrnava.com\/wp-content\/uploads\/2024\/10\/DSC_7564-1024x682.jpg\" alt=\"\" class=\"wp-image-23376\" style=\"width:840px;height:auto\" srcset=\"https:\/\/fcspartaktrnava.com\/wp-content\/uploads\/2024\/10\/DSC_7564-1024x682.jpg 1024w, https:\/\/fcspartaktrnava.com\/wp-content\/uploads\/2024\/10\/DSC_7564-300x200.jpg 300w, https:\/\/fcspartaktrnava.com\/wp-content\/uploads\/2024\/10\/DSC_7564-768x512.jpg 768w, https:\/\/fcspartaktrnava.com\/wp-content\/uploads\/2024\/10\/DSC_7564-18x12.jpg 18w, https:\/\/fcspartaktrnava.com\/wp-content\/uploads\/2024\/10\/DSC_7564.jpg 1520w\" sizes=\"auto, (max-width: 1024px) 100vw, 1024px\" \/><\/figure>\n<\/div>\n\n\n<hr class=\"wp-block-separator has-text-color has-vivid-red-color has-alpha-channel-opacity has-vivid-red-background-color has-background is-style-dots\"\/>\n\n\n\n<p class=\"has-text-align-center has-medium-font-size\"><strong>Ve\u013ek\u00fd potlesk a ve\u013ek\u00e1 v\u010faka v\u0161etk\u00fdm, ktor\u00ed sa podie\u013eali na vytvoren\u00ed slovensk\u00e9ho rekordu v po\u010dte darovan\u00ed krvi \u0161portov\u00fdmi fan\u00fa\u0161ikmi! Te\u0161\u00edme sa na \u010fal\u0161ie pokra\u010dovanie kr\u00e1snej trad\u00edcie \u010cerveno-\u010d\u00edrnej kvapky krvi Ladislava Kunu.<\/strong><\/p>","protected":false},"excerpt":{"rendered":"<p>Trad\u00edcia, ktor\u00e1 pom\u00e1ha. Trad\u00edcia, ktor\u00e1 trv\u00e1 u\u017e 17&#8230;<\/p>","protected":false},"author":5,"featured_media":23376,"comment_status":"closed","ping_status":"closed","sticky":false,"template":"","format":"standard","meta":{"footnotes":""},"categories":[12],"tags":[],"class_list":["post-23471","post","type-post","status-publish","format-standard","has-post-thumbnail","hentry","category-spravy","post-number-1"],"yoast_head":"<!-- This site is optimized with the Yoast SEO plugin v27.1.1 - https:\/\/yoast.com\/product\/yoast-seo-wordpress\/ -->\n<title>\u010cerveno-\u010d\u00edrna kvapka krvi Ladislava Kunu v slovenskej knihe rekordov! - FC Spartak Trnava<\/title>\n<meta name=\"robots\" content=\"index, follow, max-snippet:-1, max-image-preview:large, max-video-preview:-1\" \/>\n<link rel=\"canonical\" href=\"https:\/\/fcspartaktrnava.com\/en\/cerveno-cirna-kvapka-krvi-ladislava-kunu-v-slovenskej-knihe-rekordov\/\" \/>\n<meta name=\"twitter:label1\" content=\"Written by\" \/>\n\t<meta name=\"twitter:data1\" content=\"Samuel \u010eurinsk\u00fd\" \/>\n\t<meta name=\"twitter:label2\" content=\"Estimated reading time\" \/>\n\t<meta name=\"twitter:data2\" content=\"3 minutes\" \/>\n<script type=\"application\/ld+json\" class=\"yoast-schema-graph\">{\"@context\":\"https:\/\/schema.org\",\"@graph\":[{\"@type\":\"Article\",\"@id\":\"https:\/\/fcspartaktrnava.com\/cerveno-cirna-kvapka-krvi-ladislava-kunu-v-slovenskej-knihe-rekordov\/#article\",\"isPartOf\":{\"@id\":\"https:\/\/fcspartaktrnava.com\/cerveno-cirna-kvapka-krvi-ladislava-kunu-v-slovenskej-knihe-rekordov\/\"},\"author\":{\"name\":\"Samuel \u010eurinsk\u00fd\",\"@id\":\"https:\/\/fcspartaktrnava.com\/#\/schema\/person\/62c3c2562c3c56e4c0c8c2342c596ac0\"},\"headline\":\"\u010cerveno-\u010d\u00edrna kvapka krvi Ladislava Kunu v slovenskej knihe rekordov!\",\"datePublished\":\"2024-10-21T08:28:42+00:00\",\"mainEntityOfPage\":{\"@id\":\"https:\/\/fcspartaktrnava.com\/cerveno-cirna-kvapka-krvi-ladislava-kunu-v-slovenskej-knihe-rekordov\/\"},\"wordCount\":389,\"publisher\":{\"@id\":\"https:\/\/fcspartaktrnava.com\/#organization\"},\"image\":{\"@id\":\"https:\/\/fcspartaktrnava.com\/cerveno-cirna-kvapka-krvi-ladislava-kunu-v-slovenskej-knihe-rekordov\/#primaryimage\"},\"thumbnailUrl\":\"https:\/\/fcspartaktrnava.com\/wp-content\/uploads\/2024\/10\/DSC_7564.jpg\",\"articleSection\":[\"Spr\u00e1vy\"],\"inLanguage\":\"en-GB\"},{\"@type\":\"WebPage\",\"@id\":\"https:\/\/fcspartaktrnava.com\/cerveno-cirna-kvapka-krvi-ladislava-kunu-v-slovenskej-knihe-rekordov\/\",\"url\":\"https:\/\/fcspartaktrnava.com\/cerveno-cirna-kvapka-krvi-ladislava-kunu-v-slovenskej-knihe-rekordov\/\",\"name\":\"\u010cerveno-\u010d\u00edrna kvapka krvi Ladislava Kunu v slovenskej knihe rekordov! - FC Spartak Trnava\",\"isPartOf\":{\"@id\":\"https:\/\/fcspartaktrnava.com\/#website\"},\"primaryImageOfPage\":{\"@id\":\"https:\/\/fcspartaktrnava.com\/cerveno-cirna-kvapka-krvi-ladislava-kunu-v-slovenskej-knihe-rekordov\/#primaryimage\"},\"image\":{\"@id\":\"https:\/\/fcspartaktrnava.com\/cerveno-cirna-kvapka-krvi-ladislava-kunu-v-slovenskej-knihe-rekordov\/#primaryimage\"},\"thumbnailUrl\":\"https:\/\/fcspartaktrnava.com\/wp-content\/uploads\/2024\/10\/DSC_7564.jpg\",\"datePublished\":\"2024-10-21T08:28:42+00:00\",\"breadcrumb\":{\"@id\":\"https:\/\/fcspartaktrnava.com\/cerveno-cirna-kvapka-krvi-ladislava-kunu-v-slovenskej-knihe-rekordov\/#breadcrumb\"},\"inLanguage\":\"en-GB\",\"potentialAction\":[{\"@type\":\"ReadAction\",\"target\":[\"https:\/\/fcspartaktrnava.com\/cerveno-cirna-kvapka-krvi-ladislava-kunu-v-slovenskej-knihe-rekordov\/\"]}]},{\"@type\":\"ImageObject\",\"inLanguage\":\"en-GB\",\"@id\":\"https:\/\/fcspartaktrnava.com\/cerveno-cirna-kvapka-krvi-ladislava-kunu-v-slovenskej-knihe-rekordov\/#primaryimage\",\"url\":\"https:\/\/fcspartaktrnava.com\/wp-content\/uploads\/2024\/10\/DSC_7564.jpg\",\"contentUrl\":\"https:\/\/fcspartaktrnava.com\/wp-content\/uploads\/2024\/10\/DSC_7564.jpg\",\"width\":1520,\"height\":1013},{\"@type\":\"BreadcrumbList\",\"@id\":\"https:\/\/fcspartaktrnava.com\/cerveno-cirna-kvapka-krvi-ladislava-kunu-v-slovenskej-knihe-rekordov\/#breadcrumb\",\"itemListElement\":[{\"@type\":\"ListItem\",\"position\":1,\"name\":\"Home\",\"item\":\"https:\/\/fcspartaktrnava.com\/\"},{\"@type\":\"ListItem\",\"position\":2,\"name\":\"\u010cerveno-\u010d\u00edrna kvapka krvi Ladislava Kunu v slovenskej knihe rekordov!\"}]},{\"@type\":\"WebSite\",\"@id\":\"https:\/\/fcspartaktrnava.com\/#website\",\"url\":\"https:\/\/fcspartaktrnava.com\/\",\"name\":\"FC Spartak Trnava\",\"description\":\"ofici\u00e1lna webstr\u00e1nka futbalov\u00e9ho klubu\",\"publisher\":{\"@id\":\"https:\/\/fcspartaktrnava.com\/#organization\"},\"potentialAction\":[{\"@type\":\"SearchAction\",\"target\":{\"@type\":\"EntryPoint\",\"urlTemplate\":\"https:\/\/fcspartaktrnava.com\/?s={search_term_string}\"},\"query-input\":{\"@type\":\"PropertyValueSpecification\",\"valueRequired\":true,\"valueName\":\"search_term_string\"}}],\"inLanguage\":\"en-GB\"},{\"@type\":\"Organization\",\"@id\":\"https:\/\/fcspartaktrnava.com\/#organization\",\"name\":\"FC Spartak Trnava\",\"alternateName\":\"Spartak\",\"url\":\"https:\/\/fcspartaktrnava.com\/\",\"logo\":{\"@type\":\"ImageObject\",\"inLanguage\":\"en-GB\",\"@id\":\"https:\/\/fcspartaktrnava.com\/#\/schema\/logo\/image\/\",\"url\":\"https:\/\/fcspartaktrnava.com\/wp-content\/uploads\/2022\/08\/cropped-site_logo.png\",\"contentUrl\":\"https:\/\/fcspartaktrnava.com\/wp-content\/uploads\/2022\/08\/cropped-site_logo.png\",\"width\":140,\"height\":140,\"caption\":\"FC Spartak Trnava\"},\"image\":{\"@id\":\"https:\/\/fcspartaktrnava.com\/#\/schema\/logo\/image\/\"},\"sameAs\":[\"https:\/\/www.facebook.com\/SpartakTrnava\",\"https:\/\/x.com\/SpartakTrnava1\",\"https:\/\/www.instagram.com\/spartak_sk\/\"]},{\"@type\":\"Person\",\"@id\":\"https:\/\/fcspartaktrnava.com\/#\/schema\/person\/62c3c2562c3c56e4c0c8c2342c596ac0\",\"name\":\"Samuel \u010eurinsk\u00fd\",\"image\":{\"@type\":\"ImageObject\",\"inLanguage\":\"en-GB\",\"@id\":\"https:\/\/fcspartaktrnava.com\/#\/schema\/person\/image\/\",\"url\":\"https:\/\/secure.gravatar.com\/avatar\/af2fa02af92418b86ed742470664fe40056833fb68d84becf03f6ab02319257c?s=96&d=mm&r=g\",\"contentUrl\":\"https:\/\/secure.gravatar.com\/avatar\/af2fa02af92418b86ed742470664fe40056833fb68d84becf03f6ab02319257c?s=96&d=mm&r=g\",\"caption\":\"Samuel \u010eurinsk\u00fd\"},\"url\":\"https:\/\/fcspartaktrnava.com\/en\/author\/fcst-samuel\/\"}]}<\/script>\n<!-- \/ Yoast SEO plugin. -->","yoast_head_json":{"title":"\u010cerveno-\u010d\u00edrna kvapka krvi Ladislava Kunu v slovenskej knihe rekordov! - FC Spartak Trnava","robots":{"index":"index","follow":"follow","max-snippet":"max-snippet:-1","max-image-preview":"max-image-preview:large","max-video-preview":"max-video-preview:-1"},"canonical":"https:\/\/fcspartaktrnava.com\/en\/cerveno-cirna-kvapka-krvi-ladislava-kunu-v-slovenskej-knihe-rekordov\/","twitter_misc":{"Written by":"Samuel \u010eurinsk\u00fd","Estimated reading time":"3 minutes"},"schema":{"@context":"https:\/\/schema.org","@graph":[{"@type":"Article","@id":"https:\/\/fcspartaktrnava.com\/cerveno-cirna-kvapka-krvi-ladislava-kunu-v-slovenskej-knihe-rekordov\/#article","isPartOf":{"@id":"https:\/\/fcspartaktrnava.com\/cerveno-cirna-kvapka-krvi-ladislava-kunu-v-slovenskej-knihe-rekordov\/"},"author":{"name":"Samuel \u010eurinsk\u00fd","@id":"https:\/\/fcspartaktrnava.com\/#\/schema\/person\/62c3c2562c3c56e4c0c8c2342c596ac0"},"headline":"\u010cerveno-\u010d\u00edrna kvapka krvi Ladislava Kunu v slovenskej knihe rekordov!","datePublished":"2024-10-21T08:28:42+00:00","mainEntityOfPage":{"@id":"https:\/\/fcspartaktrnava.com\/cerveno-cirna-kvapka-krvi-ladislava-kunu-v-slovenskej-knihe-rekordov\/"},"wordCount":389,"publisher":{"@id":"https:\/\/fcspartaktrnava.com\/#organization"},"image":{"@id":"https:\/\/fcspartaktrnava.com\/cerveno-cirna-kvapka-krvi-ladislava-kunu-v-slovenskej-knihe-rekordov\/#primaryimage"},"thumbnailUrl":"https:\/\/fcspartaktrnava.com\/wp-content\/uploads\/2024\/10\/DSC_7564.jpg","articleSection":["Spr\u00e1vy"],"inLanguage":"en-GB"},{"@type":"WebPage","@id":"https:\/\/fcspartaktrnava.com\/cerveno-cirna-kvapka-krvi-ladislava-kunu-v-slovenskej-knihe-rekordov\/","url":"https:\/\/fcspartaktrnava.com\/cerveno-cirna-kvapka-krvi-ladislava-kunu-v-slovenskej-knihe-rekordov\/","name":"\u010cerveno-\u010d\u00edrna kvapka krvi Ladislava Kunu v slovenskej knihe rekordov! - FC Spartak Trnava","isPartOf":{"@id":"https:\/\/fcspartaktrnava.com\/#website"},"primaryImageOfPage":{"@id":"https:\/\/fcspartaktrnava.com\/cerveno-cirna-kvapka-krvi-ladislava-kunu-v-slovenskej-knihe-rekordov\/#primaryimage"},"image":{"@id":"https:\/\/fcspartaktrnava.com\/cerveno-cirna-kvapka-krvi-ladislava-kunu-v-slovenskej-knihe-rekordov\/#primaryimage"},"thumbnailUrl":"https:\/\/fcspartaktrnava.com\/wp-content\/uploads\/2024\/10\/DSC_7564.jpg","datePublished":"2024-10-21T08:28:42+00:00","breadcrumb":{"@id":"https:\/\/fcspartaktrnava.com\/cerveno-cirna-kvapka-krvi-ladislava-kunu-v-slovenskej-knihe-rekordov\/#breadcrumb"},"inLanguage":"en-GB","potentialAction":[{"@type":"ReadAction","target":["https:\/\/fcspartaktrnava.com\/cerveno-cirna-kvapka-krvi-ladislava-kunu-v-slovenskej-knihe-rekordov\/"]}]},{"@type":"ImageObject","inLanguage":"en-GB","@id":"https:\/\/fcspartaktrnava.com\/cerveno-cirna-kvapka-krvi-ladislava-kunu-v-slovenskej-knihe-rekordov\/#primaryimage","url":"https:\/\/fcspartaktrnava.com\/wp-content\/uploads\/2024\/10\/DSC_7564.jpg","contentUrl":"https:\/\/fcspartaktrnava.com\/wp-content\/uploads\/2024\/10\/DSC_7564.jpg","width":1520,"height":1013},{"@type":"BreadcrumbList","@id":"https:\/\/fcspartaktrnava.com\/cerveno-cirna-kvapka-krvi-ladislava-kunu-v-slovenskej-knihe-rekordov\/#breadcrumb","itemListElement":[{"@type":"ListItem","position":1,"name":"Home","item":"https:\/\/fcspartaktrnava.com\/"},{"@type":"ListItem","position":2,"name":"\u010cerveno-\u010d\u00edrna kvapka krvi Ladislava Kunu v slovenskej knihe rekordov!"}]},{"@type":"WebSite","@id":"https:\/\/fcspartaktrnava.com\/#website","url":"https:\/\/fcspartaktrnava.com\/","name":"FC Spartak Trnava","description":"ofici\u00e1lna webstr\u00e1nka futbalov\u00e9ho klubu","publisher":{"@id":"https:\/\/fcspartaktrnava.com\/#organization"},"potentialAction":[{"@type":"SearchAction","target":{"@type":"EntryPoint","urlTemplate":"https:\/\/fcspartaktrnava.com\/?s={search_term_string}"},"query-input":{"@type":"PropertyValueSpecification","valueRequired":true,"valueName":"search_term_string"}}],"inLanguage":"en-GB"},{"@type":"Organization","@id":"https:\/\/fcspartaktrnava.com\/#organization","name":"FC Spartak Trnava","alternateName":"Spartak","url":"https:\/\/fcspartaktrnava.com\/","logo":{"@type":"ImageObject","inLanguage":"en-GB","@id":"https:\/\/fcspartaktrnava.com\/#\/schema\/logo\/image\/","url":"https:\/\/fcspartaktrnava.com\/wp-content\/uploads\/2022\/08\/cropped-site_logo.png","contentUrl":"https:\/\/fcspartaktrnava.com\/wp-content\/uploads\/2022\/08\/cropped-site_logo.png","width":140,"height":140,"caption":"FC Spartak Trnava"},"image":{"@id":"https:\/\/fcspartaktrnava.com\/#\/schema\/logo\/image\/"},"sameAs":["https:\/\/www.facebook.com\/SpartakTrnava","https:\/\/x.com\/SpartakTrnava1","https:\/\/www.instagram.com\/spartak_sk\/"]},{"@type":"Person","@id":"https:\/\/fcspartaktrnava.com\/#\/schema\/person\/62c3c2562c3c56e4c0c8c2342c596ac0","name":"Samuel \u010eurinsk\u00fd","image":{"@type":"ImageObject","inLanguage":"en-GB","@id":"https:\/\/fcspartaktrnava.com\/#\/schema\/person\/image\/","url":"https:\/\/secure.gravatar.com\/avatar\/af2fa02af92418b86ed742470664fe40056833fb68d84becf03f6ab02319257c?s=96&d=mm&r=g","contentUrl":"https:\/\/secure.gravatar.com\/avatar\/af2fa02af92418b86ed742470664fe40056833fb68d84becf03f6ab02319257c?s=96&d=mm&r=g","caption":"Samuel \u010eurinsk\u00fd"},"url":"https:\/\/fcspartaktrnava.com\/en\/author\/fcst-samuel\/"}]}},"_links":{"self":[{"href":"https:\/\/fcspartaktrnava.com\/en\/wp-json\/wp\/v2\/posts\/23471","targetHints":{"allow":["GET"]}}],"collection":[{"href":"https:\/\/fcspartaktrnava.com\/en\/wp-json\/wp\/v2\/posts"}],"about":[{"href":"https:\/\/fcspartaktrnava.com\/en\/wp-json\/wp\/v2\/types\/post"}],"author":[{"embeddable":true,"href":"https:\/\/fcspartaktrnava.com\/en\/wp-json\/wp\/v2\/users\/5"}],"replies":[{"embeddable":true,"href":"https:\/\/fcspartaktrnava.com\/en\/wp-json\/wp\/v2\/comments?post=23471"}],"version-history":[{"count":0,"href":"https:\/\/fcspartaktrnava.com\/en\/wp-json\/wp\/v2\/posts\/23471\/revisions"}],"wp:featuredmedia":[{"embeddable":true,"href":"https:\/\/fcspartaktrnava.com\/en\/wp-json\/wp\/v2\/media\/23376"}],"wp:attachment":[{"href":"https:\/\/fcspartaktrnava.com\/en\/wp-json\/wp\/v2\/media?parent=23471"}],"wp:term":[{"taxonomy":"category","embeddable":true,"href":"https:\/\/fcspartaktrnava.com\/en\/wp-json\/wp\/v2\/categories?post=23471"},{"taxonomy":"post_tag","embeddable":true,"href":"https:\/\/fcspartaktrnava.com\/en\/wp-json\/wp\/v2\/tags?post=23471"}],"curies":[{"name":"wp","href":"https:\/\/api.w.org\/{rel}","templated":true}]}}