{"id":23463,"date":"2024-10-20T12:11:21","date_gmt":"2024-10-20T10:11:21","guid":{"rendered":"https:\/\/fcspartaktrnava.com\/?p=23463"},"modified":"2024-10-20T12:13:25","modified_gmt":"2024-10-20T10:13:25","slug":"ohlasy-po-derby","status":"publish","type":"post","link":"https:\/\/fcspartaktrnava.com\/en\/ohlasy-po-derby\/","title":{"rendered":"OHLASY PO DERBY"},"content":{"rendered":"<p class=\"has-text-align-center has-medium-font-size\">173. Tradi\u010dn\u00e9 derby rozhodol jedin\u00fd g\u00f3l Barseghyana zo 69. min\u00faty a na\u0161ich hr\u00e1\u010dov ale aj tr\u00e9nersky \u0161t\u00e1b a cel\u00fd realiza\u010dn\u00fd t\u00edm mrzeli viacer\u00e9 nepremenen\u00e9 \u0161ance, ktor\u00e9 mohli znamena\u0165 \u00faplne odli\u0161n\u00fd priebeh duelu a mo\u017eno aj jeho v\u00fdsledok. <\/p>\n\n\n\n<p class=\"has-text-align-center has-medium-font-size\">Na &#8222;mo\u017eno&#8220; sa ale vo futbale nehr\u00e1 a pred fantastickou kulisou a vy\u0161e 13 500 div\u00e1kmi sme pod\u013eahli Slovanu najtesnej\u0161\u00edm mo\u017en\u00fdm v\u00fdsledkom 0:1.<\/p>\n\n\n\n<h2 class=\"wp-block-heading has-text-align-center\">V HODNOTEN\u00cd PREVL\u00c1DALO SLOVO SKLAMANIE<\/h2>\n\n\n\n<p class=\"has-text-align-center has-medium-font-size\">Kapit\u00e1na <strong>Romana Proch\u00e1zku<\/strong> prehra ve\u013emi mrzela. <\/p>\n\n\n\n<p class=\"has-text-align-center has-medium-font-size\"><strong>&#8222;Sme sklaman\u00ed, \u010do v\u00e1m m\u00e1m poveda\u0165. Mysl\u00edm, \u017ee prv\u00fd pol\u010das to bolo lep\u0161ie z na\u0161ej strany ako v druhom pol\u010dase. Nep\u00fa\u0161\u0165ali sme ich do nejakej rozohr\u00e1vky a dr\u017eania lopty. V druhom pol\u010dase nie\u010do zmenili a u\u017e mali lep\u0161ie dr\u017eanie lopty a dali n\u00e1m g\u00f3l z toho, na \u010do sme sa pripravovali. Vedeli sme, \u017ee s\u00fa v prechodovej f\u00e1ze siln\u00ed a nesk\u00f4r sme si u\u017e nevedeli vytvori\u0165 nejak\u00fa g\u00f3lov\u00fa \u0161ancu. \u0160koda, ve\u013emi n\u00e1s to mrz\u00ed.&#8220;<\/strong><\/p>\n\n\n\n<p class=\"has-text-align-center has-white-color has-black-background-color has-text-color has-background has-link-color has-medium-font-size wp-elements-1950525b18daf4c302188993f4ee1aa7\"><strong>Cel\u00e9 hodnotenie kapit\u00e1na Romana Proch\u00e1zku po derby n\u00e1jdete na na\u0161om YouTube:<\/strong><\/p>\n\n\n\n<figure class=\"wp-block-embed is-type-video is-provider-youtube wp-block-embed-youtube wp-embed-aspect-16-9 wp-has-aspect-ratio\"><div class=\"wp-block-embed__wrapper\">\n<iframe loading=\"lazy\" title=\"Roman Proch\u00e1zka po z\u00e1pase so Slovanom\" width=\"500\" height=\"281\" src=\"https:\/\/www.youtube.com\/embed\/gp-DKAEHrBo?feature=oembed\" frameborder=\"0\" allow=\"accelerometer; autoplay; clipboard-write; encrypted-media; gyroscope; picture-in-picture; web-share\" referrerpolicy=\"strict-origin-when-cross-origin\" allowfullscreen><\/iframe>\n<\/div><\/figure>\n\n\n\n<hr class=\"wp-block-separator has-alpha-channel-opacity\"\/>\n\n\n\n<p class=\"has-text-align-center has-medium-font-size\"><strong>Prv\u00e1 prehra sez\u00f3ny pri\u0161la pre na\u0161e farby a\u017e v derby z\u00e1pase pred skvelou kulisou.<\/strong> <\/p>\n\n\n\n<p class=\"has-text-align-center has-medium-font-size\">Pre Mareka Ujlakyho i\u0161lo o prv\u00e9 derby proti Slovanu v z\u00e1kladnej zostave. <strong>&#8222;Bolo to pre m\u0148a prv\u00e9 derby v z\u00e1klade a pre Trnav\u010dana je toto najv\u00e4\u010d\u0161\u00ed z\u00e1pas, tak\u017ee ur\u010dite som si ho u\u017eil.&#8220;<\/strong><\/p>\n\n\n\n<p class=\"has-text-align-center has-medium-font-size\">Z\u00e1pas mal v\u0161etko \u010do mal ma\u0165 a za v\u00fdkon sa na\u0161e farby ur\u010dite hanbi\u0165 nemusia. Pr\u00e1ve naopak. Pokra\u010duje Marek Ujlaky. <\/p>\n\n\n\n<p class=\"has-text-align-center has-medium-font-size\"><strong>&#8222;Za tento v\u00fdkon sa nemus\u00edme v\u00f4bec hanbi\u0165 a mus\u00edme na \u0148om stava\u0165. Mali sme tlak, i\u0161li sme hne\u010f od prvej min\u00faty do nich a ke\u010f budeme takto \u010falej pokra\u010dova\u0165, tak v\u00ed\u0165azstv\u00e1 bud\u00fa prich\u00e1dza\u0165.&#8220;<\/strong><\/p>\n\n\n\n<p class=\"has-text-align-center has-black-color has-white-background-color has-text-color has-background has-link-color has-medium-font-size wp-elements-5d532b49b6e337a140f67b6e61c04ea3\"><strong>Marek Ujlaky a jeho hodnotenie derby: <\/strong><\/p>\n\n\n\n<figure class=\"wp-block-embed is-type-video is-provider-youtube wp-block-embed-youtube wp-embed-aspect-16-9 wp-has-aspect-ratio\"><div class=\"wp-block-embed__wrapper\">\n<iframe loading=\"lazy\" title=\"Marek Ujlaky po z\u00e1pase so Slovanom\" width=\"500\" height=\"281\" src=\"https:\/\/www.youtube.com\/embed\/4lohsMwcXjE?feature=oembed\" frameborder=\"0\" allow=\"accelerometer; autoplay; clipboard-write; encrypted-media; gyroscope; picture-in-picture; web-share\" referrerpolicy=\"strict-origin-when-cross-origin\" allowfullscreen><\/iframe>\n<\/div><\/figure>\n\n\n\n<hr class=\"wp-block-separator has-text-color has-vivid-red-color has-alpha-channel-opacity has-vivid-red-background-color has-background is-style-dots\"\/>\n\n\n\n<p class=\"has-text-align-center has-medium-font-size\">Na lep\u0161\u00ed v\u00fdsledok n\u00e1m nesta\u010dil ani jeden z najlep\u0161\u00edch prv\u00fdch pol\u010dasov proti Slovanu. <\/p>\n\n\n\n<p class=\"has-text-align-center has-medium-font-size\">Takto videl derby tr\u00e9ner Michal Ga\u0161par\u00edk: <\/p>\n\n\n\n<p class=\"has-text-align-center has-medium-font-size\"><strong>&#8222;Derby za\u010dalo tentokr\u00e1t svi\u017ene. Aj napriek tomu, \u017ee bolo bojovn\u00e9, tak boli situ\u00e1cie pred oboma br\u00e1nkami a najm\u00e4 pred tou slovanistickou. Mali sme jeden z najlep\u0161\u00edch prv\u00fdch pol\u010dasov, \u010do sa t\u00fdka vz\u00e1jomn\u00fdch derby so Slovanom. V tretej min\u00fate sme mali ve\u013emi dobr\u00fa \u0161ancu, ke\u010f Ofori zluftoval \u010dist\u00fa loptu na jeden\u00e1stke a mo\u017eno sa to nakoniec uk\u00e1zalo ako k\u013e\u00fa\u010dov\u00e9, preto\u017ee v takomto vyrovnanom s\u00faboji potrebujete da\u0165 Slovanu prv\u00fd g\u00f3l. Darilo sa n\u00e1m ich v \u00favode zatla\u010di\u0165, mali sme dobr\u00fd repressing, dobr\u00e9 centre, ktor\u00e9 mali n\u00e1js\u0165 hr\u00e1\u010da v \u0161estn\u00e1stke. Nedok\u00e1zali sme \u017eia\u013e sk\u00f3rova\u0165. V druhom pol\u010dase sme nenadviazali na ten prv\u00fd a vypadli sme zo z\u00e1pasu na nejak\u00fdch 15 min\u00fat.&#8220;<\/strong><\/p>\n\n\n\n<p class=\"has-text-align-center has-medium-font-size\">Rozhodol jeden g\u00f3l a jedna z m\u00e1la ch\u00fdb.<\/p>\n\n\n\n<p class=\"has-text-align-center has-white-color has-vivid-red-background-color has-text-color has-background has-link-color has-medium-font-size wp-elements-e08f115a9142261c544c42a7c3563a31\"><strong>Cel\u00e9 hodnotenie tr\u00e9nera Michala Ga\u0161par\u00edka n\u00e1jdete na na\u0161om YouTube.<\/strong><\/p>\n\n\n\n<figure class=\"wp-block-embed is-type-video is-provider-youtube wp-block-embed-youtube wp-embed-aspect-16-9 wp-has-aspect-ratio\"><div class=\"wp-block-embed__wrapper\">\n<iframe loading=\"lazy\" title=\"Tr\u00e9neri Vladim\u00edr Weiss a Michal Ga\u0161par\u00edk po derby\" width=\"500\" height=\"281\" src=\"https:\/\/www.youtube.com\/embed\/L-YRJnfULGo?feature=oembed\" frameborder=\"0\" allow=\"accelerometer; autoplay; clipboard-write; encrypted-media; gyroscope; picture-in-picture; web-share\" referrerpolicy=\"strict-origin-when-cross-origin\" allowfullscreen><\/iframe>\n<\/div><\/figure>\n\n\n\n<hr class=\"wp-block-separator has-alpha-channel-opacity\"\/>\n\n\n\n<p class=\"has-text-align-center has-large-font-size\"><strong>13583-kr\u00e1t \u010eAKUJEME! <\/strong><\/p>\n\n\n\n<p class=\"has-text-align-center has-medium-font-size\"><strong>V\u010faka v\u00e1m malo derby naozaj v\u0161etko! \u010eakujeme za \u00fa\u017easn\u00fa podporu v\u0161etk\u00fdm fan\u00fa\u0161ikom, ktor\u00ed si na\u0161li cestu na \u0160tadi\u00f3n Antona Malatinsk\u00e9ho a u\u017eili si ten prav\u00fd de\u0148 DERBY. <\/strong><\/p>\n\n\n<div class=\"wp-block-image\">\n<figure class=\"aligncenter size-large\"><img loading=\"lazy\" decoding=\"async\" width=\"1024\" height=\"682\" src=\"https:\/\/fcspartaktrnava.com\/wp-content\/uploads\/2024\/10\/DSC_7803-1024x682.jpg\" alt=\"\" class=\"wp-image-23403\" srcset=\"https:\/\/fcspartaktrnava.com\/wp-content\/uploads\/2024\/10\/DSC_7803-1024x682.jpg 1024w, https:\/\/fcspartaktrnava.com\/wp-content\/uploads\/2024\/10\/DSC_7803-300x200.jpg 300w, https:\/\/fcspartaktrnava.com\/wp-content\/uploads\/2024\/10\/DSC_7803-768x512.jpg 768w, https:\/\/fcspartaktrnava.com\/wp-content\/uploads\/2024\/10\/DSC_7803-18x12.jpg 18w, https:\/\/fcspartaktrnava.com\/wp-content\/uploads\/2024\/10\/DSC_7803.jpg 1520w\" sizes=\"auto, (max-width: 1024px) 100vw, 1024px\" \/><\/figure>\n<\/div>\n\n\n<p class=\"has-text-align-center has-medium-font-size\">Pokra\u010dujeme spolo\u010dne \u010falej u\u017e v nede\u013eu 27. okt\u00f3bra na p\u00f4de AS Tren\u010d\u00edn. <\/p>\n\n\n\n<p class=\"has-text-align-center has-medium-font-size\"><strong><a href=\"https:\/\/fcspartaktrnava.com\/en\/galerii\/11-kolo-nl-fc-spartak-trnava-vs-sk-slovan-bratislava-2\/\">FOTOGAL\u00c9RIU<\/a> z derby \u010d\u00edslo 173 n\u00e1jdete na na\u0161om webe.<\/strong><\/p>","protected":false},"excerpt":{"rendered":"<p>173. Tradi\u010dn\u00e9 derby rozhodol jedin\u00fd g\u00f3l Barseghyana zo&#8230;<\/p>","protected":false},"author":5,"featured_media":23420,"comment_status":"closed","ping_status":"closed","sticky":false,"template":"","format":"standard","meta":{"footnotes":""},"categories":[41,12,18],"tags":[],"class_list":["post-23463","post","type-post","status-publish","format-standard","has-post-thumbnail","hentry","category-intervju","category-spravy","category-video","post-number-1"],"yoast_head":"<!-- This site is optimized with the Yoast SEO plugin v27.1.1 - https:\/\/yoast.com\/product\/yoast-seo-wordpress\/ -->\n<title>OHLASY PO DERBY - FC Spartak Trnava<\/title>\n<meta name=\"robots\" content=\"index, follow, max-snippet:-1, max-image-preview:large, max-video-preview:-1\" \/>\n<link rel=\"canonical\" href=\"https:\/\/fcspartaktrnava.com\/en\/ohlasy-po-derby\/\" \/>\n<meta name=\"twitter:label1\" content=\"Written by\" \/>\n\t<meta name=\"twitter:data1\" content=\"Samuel \u010eurinsk\u00fd\" \/>\n\t<meta name=\"twitter:label2\" content=\"Estimated reading time\" \/>\n\t<meta name=\"twitter:data2\" content=\"3 minutes\" \/>\n<script type=\"application\/ld+json\" class=\"yoast-schema-graph\">{\"@context\":\"https:\/\/schema.org\",\"@graph\":[{\"@type\":\"Article\",\"@id\":\"https:\/\/fcspartaktrnava.com\/ohlasy-po-derby\/#article\",\"isPartOf\":{\"@id\":\"https:\/\/fcspartaktrnava.com\/ohlasy-po-derby\/\"},\"author\":{\"name\":\"Samuel \u010eurinsk\u00fd\",\"@id\":\"https:\/\/fcspartaktrnava.com\/#\/schema\/person\/62c3c2562c3c56e4c0c8c2342c596ac0\"},\"headline\":\"OHLASY PO DERBY\",\"datePublished\":\"2024-10-20T10:11:21+00:00\",\"dateModified\":\"2024-10-20T10:13:25+00:00\",\"mainEntityOfPage\":{\"@id\":\"https:\/\/fcspartaktrnava.com\/ohlasy-po-derby\/\"},\"wordCount\":618,\"publisher\":{\"@id\":\"https:\/\/fcspartaktrnava.com\/#organization\"},\"image\":{\"@id\":\"https:\/\/fcspartaktrnava.com\/ohlasy-po-derby\/#primaryimage\"},\"thumbnailUrl\":\"https:\/\/fcspartaktrnava.com\/wp-content\/uploads\/2024\/10\/DSC_7983.jpg\",\"articleSection\":[\"Rozhovory\",\"Spr\u00e1vy\",\"Video\"],\"inLanguage\":\"en-GB\"},{\"@type\":\"WebPage\",\"@id\":\"https:\/\/fcspartaktrnava.com\/ohlasy-po-derby\/\",\"url\":\"https:\/\/fcspartaktrnava.com\/ohlasy-po-derby\/\",\"name\":\"OHLASY PO DERBY - FC Spartak Trnava\",\"isPartOf\":{\"@id\":\"https:\/\/fcspartaktrnava.com\/#website\"},\"primaryImageOfPage\":{\"@id\":\"https:\/\/fcspartaktrnava.com\/ohlasy-po-derby\/#primaryimage\"},\"image\":{\"@id\":\"https:\/\/fcspartaktrnava.com\/ohlasy-po-derby\/#primaryimage\"},\"thumbnailUrl\":\"https:\/\/fcspartaktrnava.com\/wp-content\/uploads\/2024\/10\/DSC_7983.jpg\",\"datePublished\":\"2024-10-20T10:11:21+00:00\",\"dateModified\":\"2024-10-20T10:13:25+00:00\",\"breadcrumb\":{\"@id\":\"https:\/\/fcspartaktrnava.com\/ohlasy-po-derby\/#breadcrumb\"},\"inLanguage\":\"en-GB\",\"potentialAction\":[{\"@type\":\"ReadAction\",\"target\":[\"https:\/\/fcspartaktrnava.com\/ohlasy-po-derby\/\"]}]},{\"@type\":\"ImageObject\",\"inLanguage\":\"en-GB\",\"@id\":\"https:\/\/fcspartaktrnava.com\/ohlasy-po-derby\/#primaryimage\",\"url\":\"https:\/\/fcspartaktrnava.com\/wp-content\/uploads\/2024\/10\/DSC_7983.jpg\",\"contentUrl\":\"https:\/\/fcspartaktrnava.com\/wp-content\/uploads\/2024\/10\/DSC_7983.jpg\",\"width\":1520,\"height\":1013},{\"@type\":\"BreadcrumbList\",\"@id\":\"https:\/\/fcspartaktrnava.com\/ohlasy-po-derby\/#breadcrumb\",\"itemListElement\":[{\"@type\":\"ListItem\",\"position\":1,\"name\":\"Home\",\"item\":\"https:\/\/fcspartaktrnava.com\/\"},{\"@type\":\"ListItem\",\"position\":2,\"name\":\"OHLASY PO DERBY\"}]},{\"@type\":\"WebSite\",\"@id\":\"https:\/\/fcspartaktrnava.com\/#website\",\"url\":\"https:\/\/fcspartaktrnava.com\/\",\"name\":\"FC Spartak Trnava\",\"description\":\"ofici\u00e1lna webstr\u00e1nka futbalov\u00e9ho klubu\",\"publisher\":{\"@id\":\"https:\/\/fcspartaktrnava.com\/#organization\"},\"potentialAction\":[{\"@type\":\"SearchAction\",\"target\":{\"@type\":\"EntryPoint\",\"urlTemplate\":\"https:\/\/fcspartaktrnava.com\/?s={search_term_string}\"},\"query-input\":{\"@type\":\"PropertyValueSpecification\",\"valueRequired\":true,\"valueName\":\"search_term_string\"}}],\"inLanguage\":\"en-GB\"},{\"@type\":\"Organization\",\"@id\":\"https:\/\/fcspartaktrnava.com\/#organization\",\"name\":\"FC Spartak Trnava\",\"alternateName\":\"Spartak\",\"url\":\"https:\/\/fcspartaktrnava.com\/\",\"logo\":{\"@type\":\"ImageObject\",\"inLanguage\":\"en-GB\",\"@id\":\"https:\/\/fcspartaktrnava.com\/#\/schema\/logo\/image\/\",\"url\":\"https:\/\/fcspartaktrnava.com\/wp-content\/uploads\/2022\/08\/cropped-site_logo.png\",\"contentUrl\":\"https:\/\/fcspartaktrnava.com\/wp-content\/uploads\/2022\/08\/cropped-site_logo.png\",\"width\":140,\"height\":140,\"caption\":\"FC Spartak Trnava\"},\"image\":{\"@id\":\"https:\/\/fcspartaktrnava.com\/#\/schema\/logo\/image\/\"},\"sameAs\":[\"https:\/\/www.facebook.com\/SpartakTrnava\",\"https:\/\/x.com\/SpartakTrnava1\",\"https:\/\/www.instagram.com\/spartak_sk\/\"]},{\"@type\":\"Person\",\"@id\":\"https:\/\/fcspartaktrnava.com\/#\/schema\/person\/62c3c2562c3c56e4c0c8c2342c596ac0\",\"name\":\"Samuel \u010eurinsk\u00fd\",\"image\":{\"@type\":\"ImageObject\",\"inLanguage\":\"en-GB\",\"@id\":\"https:\/\/fcspartaktrnava.com\/#\/schema\/person\/image\/\",\"url\":\"https:\/\/secure.gravatar.com\/avatar\/af2fa02af92418b86ed742470664fe40056833fb68d84becf03f6ab02319257c?s=96&d=mm&r=g\",\"contentUrl\":\"https:\/\/secure.gravatar.com\/avatar\/af2fa02af92418b86ed742470664fe40056833fb68d84becf03f6ab02319257c?s=96&d=mm&r=g\",\"caption\":\"Samuel \u010eurinsk\u00fd\"},\"url\":\"https:\/\/fcspartaktrnava.com\/en\/author\/fcst-samuel\/\"}]}<\/script>\n<!-- \/ Yoast SEO plugin. -->","yoast_head_json":{"title":"OHLASY PO DERBY - FC Spartak Trnava","robots":{"index":"index","follow":"follow","max-snippet":"max-snippet:-1","max-image-preview":"max-image-preview:large","max-video-preview":"max-video-preview:-1"},"canonical":"https:\/\/fcspartaktrnava.com\/en\/ohlasy-po-derby\/","twitter_misc":{"Written by":"Samuel \u010eurinsk\u00fd","Estimated reading time":"3 minutes"},"schema":{"@context":"https:\/\/schema.org","@graph":[{"@type":"Article","@id":"https:\/\/fcspartaktrnava.com\/ohlasy-po-derby\/#article","isPartOf":{"@id":"https:\/\/fcspartaktrnava.com\/ohlasy-po-derby\/"},"author":{"name":"Samuel \u010eurinsk\u00fd","@id":"https:\/\/fcspartaktrnava.com\/#\/schema\/person\/62c3c2562c3c56e4c0c8c2342c596ac0"},"headline":"OHLASY PO DERBY","datePublished":"2024-10-20T10:11:21+00:00","dateModified":"2024-10-20T10:13:25+00:00","mainEntityOfPage":{"@id":"https:\/\/fcspartaktrnava.com\/ohlasy-po-derby\/"},"wordCount":618,"publisher":{"@id":"https:\/\/fcspartaktrnava.com\/#organization"},"image":{"@id":"https:\/\/fcspartaktrnava.com\/ohlasy-po-derby\/#primaryimage"},"thumbnailUrl":"https:\/\/fcspartaktrnava.com\/wp-content\/uploads\/2024\/10\/DSC_7983.jpg","articleSection":["Rozhovory","Spr\u00e1vy","Video"],"inLanguage":"en-GB"},{"@type":"WebPage","@id":"https:\/\/fcspartaktrnava.com\/ohlasy-po-derby\/","url":"https:\/\/fcspartaktrnava.com\/ohlasy-po-derby\/","name":"OHLASY PO DERBY - FC Spartak Trnava","isPartOf":{"@id":"https:\/\/fcspartaktrnava.com\/#website"},"primaryImageOfPage":{"@id":"https:\/\/fcspartaktrnava.com\/ohlasy-po-derby\/#primaryimage"},"image":{"@id":"https:\/\/fcspartaktrnava.com\/ohlasy-po-derby\/#primaryimage"},"thumbnailUrl":"https:\/\/fcspartaktrnava.com\/wp-content\/uploads\/2024\/10\/DSC_7983.jpg","datePublished":"2024-10-20T10:11:21+00:00","dateModified":"2024-10-20T10:13:25+00:00","breadcrumb":{"@id":"https:\/\/fcspartaktrnava.com\/ohlasy-po-derby\/#breadcrumb"},"inLanguage":"en-GB","potentialAction":[{"@type":"ReadAction","target":["https:\/\/fcspartaktrnava.com\/ohlasy-po-derby\/"]}]},{"@type":"ImageObject","inLanguage":"en-GB","@id":"https:\/\/fcspartaktrnava.com\/ohlasy-po-derby\/#primaryimage","url":"https:\/\/fcspartaktrnava.com\/wp-content\/uploads\/2024\/10\/DSC_7983.jpg","contentUrl":"https:\/\/fcspartaktrnava.com\/wp-content\/uploads\/2024\/10\/DSC_7983.jpg","width":1520,"height":1013},{"@type":"BreadcrumbList","@id":"https:\/\/fcspartaktrnava.com\/ohlasy-po-derby\/#breadcrumb","itemListElement":[{"@type":"ListItem","position":1,"name":"Home","item":"https:\/\/fcspartaktrnava.com\/"},{"@type":"ListItem","position":2,"name":"OHLASY PO DERBY"}]},{"@type":"WebSite","@id":"https:\/\/fcspartaktrnava.com\/#website","url":"https:\/\/fcspartaktrnava.com\/","name":"FC Spartak Trnava","description":"ofici\u00e1lna webstr\u00e1nka futbalov\u00e9ho klubu","publisher":{"@id":"https:\/\/fcspartaktrnava.com\/#organization"},"potentialAction":[{"@type":"SearchAction","target":{"@type":"EntryPoint","urlTemplate":"https:\/\/fcspartaktrnava.com\/?s={search_term_string}"},"query-input":{"@type":"PropertyValueSpecification","valueRequired":true,"valueName":"search_term_string"}}],"inLanguage":"en-GB"},{"@type":"Organization","@id":"https:\/\/fcspartaktrnava.com\/#organization","name":"FC Spartak Trnava","alternateName":"Spartak","url":"https:\/\/fcspartaktrnava.com\/","logo":{"@type":"ImageObject","inLanguage":"en-GB","@id":"https:\/\/fcspartaktrnava.com\/#\/schema\/logo\/image\/","url":"https:\/\/fcspartaktrnava.com\/wp-content\/uploads\/2022\/08\/cropped-site_logo.png","contentUrl":"https:\/\/fcspartaktrnava.com\/wp-content\/uploads\/2022\/08\/cropped-site_logo.png","width":140,"height":140,"caption":"FC Spartak Trnava"},"image":{"@id":"https:\/\/fcspartaktrnava.com\/#\/schema\/logo\/image\/"},"sameAs":["https:\/\/www.facebook.com\/SpartakTrnava","https:\/\/x.com\/SpartakTrnava1","https:\/\/www.instagram.com\/spartak_sk\/"]},{"@type":"Person","@id":"https:\/\/fcspartaktrnava.com\/#\/schema\/person\/62c3c2562c3c56e4c0c8c2342c596ac0","name":"Samuel \u010eurinsk\u00fd","image":{"@type":"ImageObject","inLanguage":"en-GB","@id":"https:\/\/fcspartaktrnava.com\/#\/schema\/person\/image\/","url":"https:\/\/secure.gravatar.com\/avatar\/af2fa02af92418b86ed742470664fe40056833fb68d84becf03f6ab02319257c?s=96&d=mm&r=g","contentUrl":"https:\/\/secure.gravatar.com\/avatar\/af2fa02af92418b86ed742470664fe40056833fb68d84becf03f6ab02319257c?s=96&d=mm&r=g","caption":"Samuel \u010eurinsk\u00fd"},"url":"https:\/\/fcspartaktrnava.com\/en\/author\/fcst-samuel\/"}]}},"_links":{"self":[{"href":"https:\/\/fcspartaktrnava.com\/en\/wp-json\/wp\/v2\/posts\/23463","targetHints":{"allow":["GET"]}}],"collection":[{"href":"https:\/\/fcspartaktrnava.com\/en\/wp-json\/wp\/v2\/posts"}],"about":[{"href":"https:\/\/fcspartaktrnava.com\/en\/wp-json\/wp\/v2\/types\/post"}],"author":[{"embeddable":true,"href":"https:\/\/fcspartaktrnava.com\/en\/wp-json\/wp\/v2\/users\/5"}],"replies":[{"embeddable":true,"href":"https:\/\/fcspartaktrnava.com\/en\/wp-json\/wp\/v2\/comments?post=23463"}],"version-history":[{"count":0,"href":"https:\/\/fcspartaktrnava.com\/en\/wp-json\/wp\/v2\/posts\/23463\/revisions"}],"wp:featuredmedia":[{"embeddable":true,"href":"https:\/\/fcspartaktrnava.com\/en\/wp-json\/wp\/v2\/media\/23420"}],"wp:attachment":[{"href":"https:\/\/fcspartaktrnava.com\/en\/wp-json\/wp\/v2\/media?parent=23463"}],"wp:term":[{"taxonomy":"category","embeddable":true,"href":"https:\/\/fcspartaktrnava.com\/en\/wp-json\/wp\/v2\/categories?post=23463"},{"taxonomy":"post_tag","embeddable":true,"href":"https:\/\/fcspartaktrnava.com\/en\/wp-json\/wp\/v2\/tags?post=23463"}],"curies":[{"name":"wp","href":"https:\/\/api.w.org\/{rel}","templated":true}]}}