{"id":23254,"date":"2024-10-18T12:50:36","date_gmt":"2024-10-18T10:50:36","guid":{"rendered":"https:\/\/fcspartaktrnava.com\/?p=23254"},"modified":"2024-10-18T12:50:37","modified_gmt":"2024-10-18T10:50:37","slug":"derby-program-a-pokyny-pre-fanusikov","status":"publish","type":"post","link":"https:\/\/fcspartaktrnava.com\/en\/derby-program-a-pokyny-pre-fanusikov\/","title":{"rendered":"DERBY: Program a pokyny pre fan\u00fa\u0161ikov"},"content":{"rendered":"<p class=\"has-text-align-center has-medium-font-size\"><strong>Tradi\u010dn\u00e9 derby \u010d\u00edslo 173. Sobotn\u00fd ve\u010der bude patri\u0165 najv\u00e4\u010d\u0161iemu futbalov\u00e9mu derby na Slovensku. A vy pri tom nem\u00f4\u017eete ch\u00fdba\u0165. Do pozornosti v\u00e1m d\u00e1vame program a aj d\u00f4le\u017eit\u00e9 bezpe\u010dnostn\u00e9 pokyny, ktor\u00fdmi sa je potrebn\u00e9 riadi\u0165 pred, po\u010das aj po z\u00e1pase. <\/strong><\/p>\n\n\n\n<p class=\"has-text-align-center has-white-color has-blush-bordeaux-gradient-background has-text-color has-background has-link-color has-medium-font-size wp-elements-c78838016a27362d39dc233cddcb1f19\"><strong>Derby proti Slovanu ozna\u010den\u00e9 ako rizikov\u00fd z\u00e1pas.<\/strong><\/p>\n\n\n\n<h2 class=\"wp-block-heading has-text-align-center\"><strong>BEZPE\u010cNOSNT\u00c9 A ORGANIZA\u010cN\u00c9 POKYNY<\/strong><\/h2>\n\n\n\n<p class=\"has-text-align-center has-medium-font-size\"><strong>Ke\u010f\u017ee ide o rizikov\u00fd z\u00e1pas, pre\u010d\u00edtajte si d\u00f4le\u017eit\u00e9 bezpe\u010dnostn\u00e9 a organiza\u010dn\u00e9 pokyny. <\/strong><\/p>\n\n\n\n<p class=\"has-text-align-center has-white-color has-vivid-red-background-color has-text-color has-background has-link-color has-medium-font-size wp-elements-73710443f57e3cf403a408bc32bd3e52\"><strong>Br\u00e1ny \u0161tadi\u00f3na otv\u00e1rame o 16:00.<\/strong><\/p>\n\n\n\n<p class=\"has-text-align-center has-white-color has-black-background-color has-text-color has-background has-link-color has-medium-font-size wp-elements-e53f63251944875df48172384284585d\"><strong>Pred vstupom do sektoru bude prebieha\u0165 kontrola vstupeniek (na meno a priezvisko), kontrola ID (doklad toto\u017enosti) a n\u00e1slednej aj bezpe\u010dnostn\u00e1 kontrola na zak\u00e1zan\u00e9 predmety. <\/strong><\/p>\n\n\n\n<p class=\"has-text-align-center has-white-color has-black-background-color has-text-color has-background has-link-color has-medium-font-size wp-elements-afd078db01dea5c01183d587832f9955\"><strong>Pol\u00edcia Slovenskej republiky a organiz\u00e1tor bude na z\u00e1pas dohliada\u0165 kamerov\u00fd syst\u00e9mom a ke\u010f\u017ee ide o rizikov\u00fd z\u00e1pas, tak ak\u00e9ko\u013evek poru\u0161enie pravidiel bude potrestan\u00e9 n\u00e1sobne vy\u0161\u0161\u00edmi pokutami, ako pri be\u017enom z\u00e1pase. <\/strong><\/p>\n\n\n\n<p class=\"has-text-align-center has-black-color has-white-background-color has-text-color has-background has-link-color has-medium-font-size wp-elements-5cec57d6d6dcd9c6ef393d0d59b07398\">Preto pros\u00edme fan\u00fa\u0161ikov, aby sa vyvarovali ak\u00fdmko\u013evek prejavom <strong>RASIZMU, XENOF\u00d3BII, HANOBENIU RASY, VSTUPOVANIU DO IN\u00ddCH SEKTOROV A NA HRACIU PLOCHU!<\/strong><\/p>\n\n\n\n<p class=\"has-text-align-center has-white-color has-vivid-red-background-color has-text-color has-background has-link-color has-medium-font-size wp-elements-365b833a67be64f532af73941dd82b6d\"><strong>Ver\u00edme, \u017ee v\u0161etci m\u00e1me jeden spolo\u010dn\u00fd cie\u013e. Vyhra\u0165 derby a v tom najlep\u0161om svetle podpori\u0165 n\u00e1\u0161 milovan\u00fd klub a za\u017ei\u0165 skvel\u00fd \u0161portov\u00fd z\u00e1\u017eitok! \u010eAKUJEME!<\/strong><\/p>\n\n\n\n<hr class=\"wp-block-separator has-alpha-channel-opacity\"\/>\n\n\n\n<h2 class=\"wp-block-heading has-text-align-center\">FANZ\u00d3NA, AUTOGRAMI\u00c1DA, Z\u00c1PIS DO KNIHY REKORDOV<\/h2>\n\n\n\n<p class=\"has-text-align-center has-medium-font-size\"><strong>Nala\u010fte sa sa derby spolu s nami u\u017e pred samotn\u00fdm z\u00e1pasom. U\u017e od 15:30 si m\u00f4\u017eete pr\u00eds\u0165 spr\u00edjemni\u0165 \u010dakanie na v\u00fdkop duelu do FANZ\u00d3NY Nik\u00e9 ligy priamo pred City Ar\u00e9nu. <\/strong><\/p>\n\n\n\n<p class=\"has-text-align-center has-medium-font-size\"><strong>\u010cakaj\u00fa v\u00e1s r\u00f4zne atrakcie, futbalov\u00fd freestyle, hudba, z\u00e1bava ale aj autogrami\u00e1da s Filipom Twardzikom! <\/strong>T\u00e1 \u0161tartuje o 16:45.<\/p>\n\n\n<div class=\"wp-block-image\">\n<figure class=\"aligncenter size-large\"><img loading=\"lazy\" decoding=\"async\" width=\"819\" height=\"1024\" src=\"https:\/\/fcspartaktrnava.com\/wp-content\/uploads\/2024\/10\/IMG_2060-819x1024.jpeg\" alt=\"\" class=\"wp-image-23256\" srcset=\"https:\/\/fcspartaktrnava.com\/wp-content\/uploads\/2024\/10\/IMG_2060-819x1024.jpeg 819w, https:\/\/fcspartaktrnava.com\/wp-content\/uploads\/2024\/10\/IMG_2060-240x300.jpeg 240w, https:\/\/fcspartaktrnava.com\/wp-content\/uploads\/2024\/10\/IMG_2060-768x960.jpeg 768w, https:\/\/fcspartaktrnava.com\/wp-content\/uploads\/2024\/10\/IMG_2060-10x12.jpeg 10w, https:\/\/fcspartaktrnava.com\/wp-content\/uploads\/2024\/10\/IMG_2060.jpeg 1200w\" sizes=\"auto, (max-width: 819px) 100vw, 819px\" \/><\/figure>\n<\/div>\n\n\n<hr class=\"wp-block-separator has-alpha-channel-opacity\"\/>\n\n\n\n<p class=\"has-text-align-center has-white-color has-vivid-red-background-color has-text-color has-background has-link-color has-medium-font-size wp-elements-35a08207fbbe0453b5a7be6553826f75\"><strong>\u010cerveno-\u010d\u00edrna kvapka krvi Ladislava Kunu do knihy rekordov! <\/strong><\/p>\n\n\n\n<p class=\"has-text-align-center has-medium-font-size\"><strong>\u0160peci\u00e1lny ceremoni\u00e1l n\u00e1s \u010dak\u00e1 pred v\u00fdkopom derby z\u00e1pasu. Spojenie najtradi\u010dnej\u0161ieho futbalov\u00e9ho derby s dlhoro\u010dnou trad\u00edciou darovania krvi, ktor\u00e1 mala ned\u00e1vno na programe u\u017e 62. ed\u00edciu. A to nie je v\u0161etko. U\u017e zajtra \u010dak\u00e1 t\u00fato kr\u00e1snu trad\u00edciu \u0161peci\u00e1lny moment a vy sa dozviete aj rekordn\u00e9 \u010d\u00edslo predstavuj\u00face doteraj\u0161\u00ed celkov\u00fd po\u010det absolvovan\u00fdch odberov! M\u00e1te sa na \u010do te\u0161i\u0165! <\/strong><\/p>\n\n\n\n<hr class=\"wp-block-separator has-text-color has-vivid-red-color has-alpha-channel-opacity has-vivid-red-background-color has-background is-style-dots\"\/>\n\n\n\n<h2 class=\"wp-block-heading has-text-align-center\">FCSTORE otvoren\u00fd u\u017e od 11:00 &#8211; POKLADNE od 15:00<\/h2>\n\n\n\n<p class=\"has-text-align-center has-medium-font-size\">Pr\u00ed\u010fte pred \u0160tadi\u00f3n Antona Malatinsk\u00e9ho s dostato\u010dn\u00fdm predstihom a vyu\u017eite \u010das na stretnutie s priate\u013emi alebo nav\u0161t\u00edvte n\u00e1\u0161 <strong>FCSTORE<\/strong>, kde n\u00e1jdete v\u0161etko, \u010do prav\u00fd fan\u00fa\u0161ik Spartaka potrebuje! A k tomu aj nov\u00fa kolekciu jese\u0148-zima od zna\u010dky PUMA. Dvere FCSTORE otv\u00e1rame u\u017e o 11:00 a otvoren\u00e9 bud\u00fa aj po skon\u010den\u00ed duelu. <\/p>\n\n\n<div class=\"wp-block-image\">\n<figure class=\"aligncenter size-large\"><img loading=\"lazy\" decoding=\"async\" width=\"1024\" height=\"681\" src=\"https:\/\/fcspartaktrnava.com\/wp-content\/uploads\/2024\/10\/DSC_7552-1-1024x681.jpg\" alt=\"\" class=\"wp-image-23258\" srcset=\"https:\/\/fcspartaktrnava.com\/wp-content\/uploads\/2024\/10\/DSC_7552-1-1024x681.jpg 1024w, https:\/\/fcspartaktrnava.com\/wp-content\/uploads\/2024\/10\/DSC_7552-1-300x200.jpg 300w, https:\/\/fcspartaktrnava.com\/wp-content\/uploads\/2024\/10\/DSC_7552-1-768x511.jpg 768w, https:\/\/fcspartaktrnava.com\/wp-content\/uploads\/2024\/10\/DSC_7552-1-1536x1022.jpg 1536w, https:\/\/fcspartaktrnava.com\/wp-content\/uploads\/2024\/10\/DSC_7552-1-2048x1363.jpg 2048w, https:\/\/fcspartaktrnava.com\/wp-content\/uploads\/2024\/10\/DSC_7552-1-18x12.jpg 18w\" sizes=\"auto, (max-width: 1024px) 100vw, 1024px\" \/><\/figure>\n<\/div>\n\n\n<p class=\"has-text-align-center has-white-color has-black-background-color has-text-color has-background has-link-color has-medium-font-size wp-elements-eb6c46c95161ebf58dbd39c88fa14113\"><strong>Ak ste si e\u0161te nestihli zak\u00fapi\u0165 vstupenku na zajtraj\u0161\u00ed s\u00faboj s\u00fabojov, m\u00f4\u017eete tak urobi\u0165 online na <a href=\"https:\/\/predpredaj.zoznam.sk\/sk\/listky\/fc-spartak-trnava-sk-slovan-bratislava-2024-10-19\/\">predpredaj.sk<\/a><\/strong> alebo pred z\u00e1pasom priamo v pokladniach, ktor\u00e9 bud\u00fa otvoren\u00e9 u\u017e od 15:00.<\/p>\n\n\n\n<hr class=\"wp-block-separator has-alpha-channel-opacity\"\/>\n\n\n\n<p class=\"has-text-align-center has-medium-font-size\"><strong>A ak by ste sa po\u010das derby z\u00e1pasu n\u00e1hodou nedok\u00e1zali patri\u010dne zahria\u0165, v bufetoch n\u00e1jdete aj \u0161peci\u00e1lnu ponuku hor\u00facich n\u00e1pojov ako napr. \u010daj, hor\u00face jablko a pod.<\/strong> Na schladenie  bude pripraven\u00e9 pivo <strong>Kaltenecker<\/strong> a pre jeho expresn\u00e9 \u010dapovanie aj beerjety.<\/p>\n\n\n\n<p class=\"has-text-align-center has-medium-font-size\"><strong>Preh\u013eadn\u00e1 mapa \u0161tadi\u00f3na a bufetov na derby proti Slovanu.<\/strong><\/p>\n\n\n<div class=\"wp-block-image\">\n<figure class=\"aligncenter size-large\"><img loading=\"lazy\" decoding=\"async\" width=\"1024\" height=\"640\" src=\"https:\/\/fcspartaktrnava.com\/wp-content\/uploads\/2024\/10\/PHOTO-2024-10-18-12-34-31-1024x640.jpg\" alt=\"\" class=\"wp-image-23259\" srcset=\"https:\/\/fcspartaktrnava.com\/wp-content\/uploads\/2024\/10\/PHOTO-2024-10-18-12-34-31-1024x640.jpg 1024w, https:\/\/fcspartaktrnava.com\/wp-content\/uploads\/2024\/10\/PHOTO-2024-10-18-12-34-31-300x188.jpg 300w, https:\/\/fcspartaktrnava.com\/wp-content\/uploads\/2024\/10\/PHOTO-2024-10-18-12-34-31-768x480.jpg 768w, https:\/\/fcspartaktrnava.com\/wp-content\/uploads\/2024\/10\/PHOTO-2024-10-18-12-34-31-1536x960.jpg 1536w, https:\/\/fcspartaktrnava.com\/wp-content\/uploads\/2024\/10\/PHOTO-2024-10-18-12-34-31-18x12.jpg 18w, https:\/\/fcspartaktrnava.com\/wp-content\/uploads\/2024\/10\/PHOTO-2024-10-18-12-34-31.jpg 1600w\" sizes=\"auto, (max-width: 1024px) 100vw, 1024px\" \/><\/figure>\n<\/div>\n\n\n<hr class=\"wp-block-separator has-text-color has-vivid-red-color has-alpha-channel-opacity has-vivid-red-background-color has-background is-style-dots\"\/>\n\n\n\n<p class=\"has-text-align-center has-large-font-size\"><strong>Te\u0161\u00edme sa na v\u00e1s! TRNAVA DO TEHO! <\/strong><\/p>","protected":false},"excerpt":{"rendered":"<p>Tradi\u010dn\u00e9 derby \u010d\u00edslo 173. Sobotn\u00fd ve\u010der bude patri\u0165&#8230;<\/p>","protected":false},"author":5,"featured_media":23260,"comment_status":"closed","ping_status":"closed","sticky":false,"template":"","format":"standard","meta":{"footnotes":""},"categories":[12,20],"tags":[],"class_list":["post-23254","post","type-post","status-publish","format-standard","has-post-thumbnail","hentry","category-spravy","category-zapas","post-number-1"],"yoast_head":"<!-- This site is optimized with the Yoast SEO plugin v27.1.1 - https:\/\/yoast.com\/product\/yoast-seo-wordpress\/ -->\n<title>DERBY: Program a pokyny pre fan\u00fa\u0161ikov - FC Spartak Trnava<\/title>\n<meta name=\"robots\" content=\"index, follow, max-snippet:-1, max-image-preview:large, max-video-preview:-1\" \/>\n<link rel=\"canonical\" href=\"https:\/\/fcspartaktrnava.com\/en\/derby-program-a-pokyny-pre-fanusikov\/\" \/>\n<meta name=\"twitter:label1\" content=\"Written by\" \/>\n\t<meta name=\"twitter:data1\" content=\"Samuel \u010eurinsk\u00fd\" \/>\n\t<meta name=\"twitter:label2\" content=\"Estimated reading time\" \/>\n\t<meta name=\"twitter:data2\" content=\"4 minutes\" \/>\n<script type=\"application\/ld+json\" class=\"yoast-schema-graph\">{\"@context\":\"https:\/\/schema.org\",\"@graph\":[{\"@type\":\"Article\",\"@id\":\"https:\/\/fcspartaktrnava.com\/derby-program-a-pokyny-pre-fanusikov\/#article\",\"isPartOf\":{\"@id\":\"https:\/\/fcspartaktrnava.com\/derby-program-a-pokyny-pre-fanusikov\/\"},\"author\":{\"name\":\"Samuel \u010eurinsk\u00fd\",\"@id\":\"https:\/\/fcspartaktrnava.com\/#\/schema\/person\/62c3c2562c3c56e4c0c8c2342c596ac0\"},\"headline\":\"DERBY: Program a pokyny pre fan\u00fa\u0161ikov\",\"datePublished\":\"2024-10-18T10:50:36+00:00\",\"dateModified\":\"2024-10-18T10:50:37+00:00\",\"mainEntityOfPage\":{\"@id\":\"https:\/\/fcspartaktrnava.com\/derby-program-a-pokyny-pre-fanusikov\/\"},\"wordCount\":559,\"publisher\":{\"@id\":\"https:\/\/fcspartaktrnava.com\/#organization\"},\"image\":{\"@id\":\"https:\/\/fcspartaktrnava.com\/derby-program-a-pokyny-pre-fanusikov\/#primaryimage\"},\"thumbnailUrl\":\"https:\/\/fcspartaktrnava.com\/wp-content\/uploads\/2024\/10\/DSC_6373-scaled.jpg\",\"articleSection\":[\"Spr\u00e1vy\",\"Z\u00e1pas\"],\"inLanguage\":\"en-GB\"},{\"@type\":\"WebPage\",\"@id\":\"https:\/\/fcspartaktrnava.com\/derby-program-a-pokyny-pre-fanusikov\/\",\"url\":\"https:\/\/fcspartaktrnava.com\/derby-program-a-pokyny-pre-fanusikov\/\",\"name\":\"DERBY: Program a pokyny pre fan\u00fa\u0161ikov - FC Spartak Trnava\",\"isPartOf\":{\"@id\":\"https:\/\/fcspartaktrnava.com\/#website\"},\"primaryImageOfPage\":{\"@id\":\"https:\/\/fcspartaktrnava.com\/derby-program-a-pokyny-pre-fanusikov\/#primaryimage\"},\"image\":{\"@id\":\"https:\/\/fcspartaktrnava.com\/derby-program-a-pokyny-pre-fanusikov\/#primaryimage\"},\"thumbnailUrl\":\"https:\/\/fcspartaktrnava.com\/wp-content\/uploads\/2024\/10\/DSC_6373-scaled.jpg\",\"datePublished\":\"2024-10-18T10:50:36+00:00\",\"dateModified\":\"2024-10-18T10:50:37+00:00\",\"breadcrumb\":{\"@id\":\"https:\/\/fcspartaktrnava.com\/derby-program-a-pokyny-pre-fanusikov\/#breadcrumb\"},\"inLanguage\":\"en-GB\",\"potentialAction\":[{\"@type\":\"ReadAction\",\"target\":[\"https:\/\/fcspartaktrnava.com\/derby-program-a-pokyny-pre-fanusikov\/\"]}]},{\"@type\":\"ImageObject\",\"inLanguage\":\"en-GB\",\"@id\":\"https:\/\/fcspartaktrnava.com\/derby-program-a-pokyny-pre-fanusikov\/#primaryimage\",\"url\":\"https:\/\/fcspartaktrnava.com\/wp-content\/uploads\/2024\/10\/DSC_6373-scaled.jpg\",\"contentUrl\":\"https:\/\/fcspartaktrnava.com\/wp-content\/uploads\/2024\/10\/DSC_6373-scaled.jpg\",\"width\":2560,\"height\":1703},{\"@type\":\"BreadcrumbList\",\"@id\":\"https:\/\/fcspartaktrnava.com\/derby-program-a-pokyny-pre-fanusikov\/#breadcrumb\",\"itemListElement\":[{\"@type\":\"ListItem\",\"position\":1,\"name\":\"Home\",\"item\":\"https:\/\/fcspartaktrnava.com\/\"},{\"@type\":\"ListItem\",\"position\":2,\"name\":\"DERBY: Program a pokyny pre fan\u00fa\u0161ikov\"}]},{\"@type\":\"WebSite\",\"@id\":\"https:\/\/fcspartaktrnava.com\/#website\",\"url\":\"https:\/\/fcspartaktrnava.com\/\",\"name\":\"FC Spartak Trnava\",\"description\":\"ofici\u00e1lna webstr\u00e1nka futbalov\u00e9ho klubu\",\"publisher\":{\"@id\":\"https:\/\/fcspartaktrnava.com\/#organization\"},\"potentialAction\":[{\"@type\":\"SearchAction\",\"target\":{\"@type\":\"EntryPoint\",\"urlTemplate\":\"https:\/\/fcspartaktrnava.com\/?s={search_term_string}\"},\"query-input\":{\"@type\":\"PropertyValueSpecification\",\"valueRequired\":true,\"valueName\":\"search_term_string\"}}],\"inLanguage\":\"en-GB\"},{\"@type\":\"Organization\",\"@id\":\"https:\/\/fcspartaktrnava.com\/#organization\",\"name\":\"FC Spartak Trnava\",\"alternateName\":\"Spartak\",\"url\":\"https:\/\/fcspartaktrnava.com\/\",\"logo\":{\"@type\":\"ImageObject\",\"inLanguage\":\"en-GB\",\"@id\":\"https:\/\/fcspartaktrnava.com\/#\/schema\/logo\/image\/\",\"url\":\"https:\/\/fcspartaktrnava.com\/wp-content\/uploads\/2022\/08\/cropped-site_logo.png\",\"contentUrl\":\"https:\/\/fcspartaktrnava.com\/wp-content\/uploads\/2022\/08\/cropped-site_logo.png\",\"width\":140,\"height\":140,\"caption\":\"FC Spartak Trnava\"},\"image\":{\"@id\":\"https:\/\/fcspartaktrnava.com\/#\/schema\/logo\/image\/\"},\"sameAs\":[\"https:\/\/www.facebook.com\/SpartakTrnava\",\"https:\/\/x.com\/SpartakTrnava1\",\"https:\/\/www.instagram.com\/spartak_sk\/\"]},{\"@type\":\"Person\",\"@id\":\"https:\/\/fcspartaktrnava.com\/#\/schema\/person\/62c3c2562c3c56e4c0c8c2342c596ac0\",\"name\":\"Samuel \u010eurinsk\u00fd\",\"image\":{\"@type\":\"ImageObject\",\"inLanguage\":\"en-GB\",\"@id\":\"https:\/\/fcspartaktrnava.com\/#\/schema\/person\/image\/\",\"url\":\"https:\/\/secure.gravatar.com\/avatar\/af2fa02af92418b86ed742470664fe40056833fb68d84becf03f6ab02319257c?s=96&d=mm&r=g\",\"contentUrl\":\"https:\/\/secure.gravatar.com\/avatar\/af2fa02af92418b86ed742470664fe40056833fb68d84becf03f6ab02319257c?s=96&d=mm&r=g\",\"caption\":\"Samuel \u010eurinsk\u00fd\"},\"url\":\"https:\/\/fcspartaktrnava.com\/en\/author\/fcst-samuel\/\"}]}<\/script>\n<!-- \/ Yoast SEO plugin. -->","yoast_head_json":{"title":"DERBY: Program a pokyny pre fan\u00fa\u0161ikov - FC Spartak Trnava","robots":{"index":"index","follow":"follow","max-snippet":"max-snippet:-1","max-image-preview":"max-image-preview:large","max-video-preview":"max-video-preview:-1"},"canonical":"https:\/\/fcspartaktrnava.com\/en\/derby-program-a-pokyny-pre-fanusikov\/","twitter_misc":{"Written by":"Samuel \u010eurinsk\u00fd","Estimated reading time":"4 minutes"},"schema":{"@context":"https:\/\/schema.org","@graph":[{"@type":"Article","@id":"https:\/\/fcspartaktrnava.com\/derby-program-a-pokyny-pre-fanusikov\/#article","isPartOf":{"@id":"https:\/\/fcspartaktrnava.com\/derby-program-a-pokyny-pre-fanusikov\/"},"author":{"name":"Samuel \u010eurinsk\u00fd","@id":"https:\/\/fcspartaktrnava.com\/#\/schema\/person\/62c3c2562c3c56e4c0c8c2342c596ac0"},"headline":"DERBY: Program a pokyny pre fan\u00fa\u0161ikov","datePublished":"2024-10-18T10:50:36+00:00","dateModified":"2024-10-18T10:50:37+00:00","mainEntityOfPage":{"@id":"https:\/\/fcspartaktrnava.com\/derby-program-a-pokyny-pre-fanusikov\/"},"wordCount":559,"publisher":{"@id":"https:\/\/fcspartaktrnava.com\/#organization"},"image":{"@id":"https:\/\/fcspartaktrnava.com\/derby-program-a-pokyny-pre-fanusikov\/#primaryimage"},"thumbnailUrl":"https:\/\/fcspartaktrnava.com\/wp-content\/uploads\/2024\/10\/DSC_6373-scaled.jpg","articleSection":["Spr\u00e1vy","Z\u00e1pas"],"inLanguage":"en-GB"},{"@type":"WebPage","@id":"https:\/\/fcspartaktrnava.com\/derby-program-a-pokyny-pre-fanusikov\/","url":"https:\/\/fcspartaktrnava.com\/derby-program-a-pokyny-pre-fanusikov\/","name":"DERBY: Program a pokyny pre fan\u00fa\u0161ikov - FC Spartak Trnava","isPartOf":{"@id":"https:\/\/fcspartaktrnava.com\/#website"},"primaryImageOfPage":{"@id":"https:\/\/fcspartaktrnava.com\/derby-program-a-pokyny-pre-fanusikov\/#primaryimage"},"image":{"@id":"https:\/\/fcspartaktrnava.com\/derby-program-a-pokyny-pre-fanusikov\/#primaryimage"},"thumbnailUrl":"https:\/\/fcspartaktrnava.com\/wp-content\/uploads\/2024\/10\/DSC_6373-scaled.jpg","datePublished":"2024-10-18T10:50:36+00:00","dateModified":"2024-10-18T10:50:37+00:00","breadcrumb":{"@id":"https:\/\/fcspartaktrnava.com\/derby-program-a-pokyny-pre-fanusikov\/#breadcrumb"},"inLanguage":"en-GB","potentialAction":[{"@type":"ReadAction","target":["https:\/\/fcspartaktrnava.com\/derby-program-a-pokyny-pre-fanusikov\/"]}]},{"@type":"ImageObject","inLanguage":"en-GB","@id":"https:\/\/fcspartaktrnava.com\/derby-program-a-pokyny-pre-fanusikov\/#primaryimage","url":"https:\/\/fcspartaktrnava.com\/wp-content\/uploads\/2024\/10\/DSC_6373-scaled.jpg","contentUrl":"https:\/\/fcspartaktrnava.com\/wp-content\/uploads\/2024\/10\/DSC_6373-scaled.jpg","width":2560,"height":1703},{"@type":"BreadcrumbList","@id":"https:\/\/fcspartaktrnava.com\/derby-program-a-pokyny-pre-fanusikov\/#breadcrumb","itemListElement":[{"@type":"ListItem","position":1,"name":"Home","item":"https:\/\/fcspartaktrnava.com\/"},{"@type":"ListItem","position":2,"name":"DERBY: Program a pokyny pre fan\u00fa\u0161ikov"}]},{"@type":"WebSite","@id":"https:\/\/fcspartaktrnava.com\/#website","url":"https:\/\/fcspartaktrnava.com\/","name":"FC Spartak Trnava","description":"ofici\u00e1lna webstr\u00e1nka futbalov\u00e9ho klubu","publisher":{"@id":"https:\/\/fcspartaktrnava.com\/#organization"},"potentialAction":[{"@type":"SearchAction","target":{"@type":"EntryPoint","urlTemplate":"https:\/\/fcspartaktrnava.com\/?s={search_term_string}"},"query-input":{"@type":"PropertyValueSpecification","valueRequired":true,"valueName":"search_term_string"}}],"inLanguage":"en-GB"},{"@type":"Organization","@id":"https:\/\/fcspartaktrnava.com\/#organization","name":"FC Spartak Trnava","alternateName":"Spartak","url":"https:\/\/fcspartaktrnava.com\/","logo":{"@type":"ImageObject","inLanguage":"en-GB","@id":"https:\/\/fcspartaktrnava.com\/#\/schema\/logo\/image\/","url":"https:\/\/fcspartaktrnava.com\/wp-content\/uploads\/2022\/08\/cropped-site_logo.png","contentUrl":"https:\/\/fcspartaktrnava.com\/wp-content\/uploads\/2022\/08\/cropped-site_logo.png","width":140,"height":140,"caption":"FC Spartak Trnava"},"image":{"@id":"https:\/\/fcspartaktrnava.com\/#\/schema\/logo\/image\/"},"sameAs":["https:\/\/www.facebook.com\/SpartakTrnava","https:\/\/x.com\/SpartakTrnava1","https:\/\/www.instagram.com\/spartak_sk\/"]},{"@type":"Person","@id":"https:\/\/fcspartaktrnava.com\/#\/schema\/person\/62c3c2562c3c56e4c0c8c2342c596ac0","name":"Samuel \u010eurinsk\u00fd","image":{"@type":"ImageObject","inLanguage":"en-GB","@id":"https:\/\/fcspartaktrnava.com\/#\/schema\/person\/image\/","url":"https:\/\/secure.gravatar.com\/avatar\/af2fa02af92418b86ed742470664fe40056833fb68d84becf03f6ab02319257c?s=96&d=mm&r=g","contentUrl":"https:\/\/secure.gravatar.com\/avatar\/af2fa02af92418b86ed742470664fe40056833fb68d84becf03f6ab02319257c?s=96&d=mm&r=g","caption":"Samuel \u010eurinsk\u00fd"},"url":"https:\/\/fcspartaktrnava.com\/en\/author\/fcst-samuel\/"}]}},"_links":{"self":[{"href":"https:\/\/fcspartaktrnava.com\/en\/wp-json\/wp\/v2\/posts\/23254","targetHints":{"allow":["GET"]}}],"collection":[{"href":"https:\/\/fcspartaktrnava.com\/en\/wp-json\/wp\/v2\/posts"}],"about":[{"href":"https:\/\/fcspartaktrnava.com\/en\/wp-json\/wp\/v2\/types\/post"}],"author":[{"embeddable":true,"href":"https:\/\/fcspartaktrnava.com\/en\/wp-json\/wp\/v2\/users\/5"}],"replies":[{"embeddable":true,"href":"https:\/\/fcspartaktrnava.com\/en\/wp-json\/wp\/v2\/comments?post=23254"}],"version-history":[{"count":0,"href":"https:\/\/fcspartaktrnava.com\/en\/wp-json\/wp\/v2\/posts\/23254\/revisions"}],"wp:featuredmedia":[{"embeddable":true,"href":"https:\/\/fcspartaktrnava.com\/en\/wp-json\/wp\/v2\/media\/23260"}],"wp:attachment":[{"href":"https:\/\/fcspartaktrnava.com\/en\/wp-json\/wp\/v2\/media?parent=23254"}],"wp:term":[{"taxonomy":"category","embeddable":true,"href":"https:\/\/fcspartaktrnava.com\/en\/wp-json\/wp\/v2\/categories?post=23254"},{"taxonomy":"post_tag","embeddable":true,"href":"https:\/\/fcspartaktrnava.com\/en\/wp-json\/wp\/v2\/tags?post=23254"}],"curies":[{"name":"wp","href":"https:\/\/api.w.org\/{rel}","templated":true}]}}