{"id":2325,"date":"2022-10-13T11:39:00","date_gmt":"2022-10-13T11:39:00","guid":{"rendered":"https:\/\/fcspartaktrnava.com\/?p=2325"},"modified":"2022-10-18T11:42:20","modified_gmt":"2022-10-18T11:42:20","slug":"josef-pepo-geryk-by-mal-osemdesiatku","status":"publish","type":"post","link":"https:\/\/fcspartaktrnava.com\/en\/josef-pepo-geryk-by-mal-osemdesiatku\/","title":{"rendered":"Josef \"Pepo\" Geryk would have been eighty"},"content":{"rendered":"<p>Eighty years ago (October 14, 1942), former great goalkeeper Josef Geryk was born in Novi Ji\u010d\u00edn. He came to Spartak in the winter of 1966 from Ban\u00edk Ostrava. He played his first league match in the Trnava jersey in the spring of 1966 in Teplice, where Trnava won 1:0 with a goal by J. Adamec. In June 1967, after a 2:0 win in the rematch of Cs. cup (Spartak lost the first match in Prague's Eden 2:4 in the goal with Macha\u010d) contributed to Trnava's triumph when he neutralized Ivan Mr\u00e1z's penalty. In 1971, he was involved in winning the Slovak Cup (Slovan BA 2:0 at home, P\u00fachly 0:1 in the rematch) and Czech Republic. cup (\u0160koda Plze\u0148 2:1 and 5:1d). In 1975, he caught in both duels of the Czech Republic. cup against Sparta Prague and enjoyed winning the trophy after winning 3:1 d and 1:0.<\/p>\n\n\n\n<figure class=\"wp-block-image size-full\"><img loading=\"lazy\" decoding=\"async\" width=\"998\" height=\"665\" src=\"https:\/\/fcspartaktrnava.com\/wp-content\/uploads\/2022\/10\/dsc_8623.jpg\" alt=\"\" class=\"wp-image-2326\" srcset=\"https:\/\/fcspartaktrnava.com\/wp-content\/uploads\/2022\/10\/dsc_8623.jpg 998w, https:\/\/fcspartaktrnava.com\/wp-content\/uploads\/2022\/10\/dsc_8623-300x200.jpg 300w, https:\/\/fcspartaktrnava.com\/wp-content\/uploads\/2022\/10\/dsc_8623-768x512.jpg 768w, https:\/\/fcspartaktrnava.com\/wp-content\/uploads\/2022\/10\/dsc_8623-18x12.jpg 18w\" sizes=\"auto, (max-width: 998px) 100vw, 998px\" \/><\/figure>\n\n\n\n<p>On the European stage, he caught 14 meetings - away in Lausanne, 2nd half Torpedo Moscow in Tashkent, 2x Steaua Bucharest, 2x AEK Athens, Ajax in Amsterdam, Hibernians in Malta, 2x Galatasaray Istanbul, away Olympique Marseille, away Hertha Berlin, 2x Dinamo Bucharest . He played 123 league matches for Spartak (40 without a goal) and won all 5 championship titles (1968, 1969, 1971, 1972 and 1973). He caught Trnava's last match in the league in the 1st round in the fall of 1976 in Ostrava, where Trnava lost to Ban\u00edk 0:4.<\/p>\n\n\n\n<p>He died nine years ago doing what he loved most - football. During the exhibition match of the old men in \u010cerven\u00edk, he collapsed in the goal and his heart failed.<\/p>\n\n\n\n<figure class=\"wp-block-image size-full\"><img loading=\"lazy\" decoding=\"async\" width=\"998\" height=\"665\" src=\"https:\/\/fcspartaktrnava.com\/wp-content\/uploads\/2022\/10\/dsc_8632.jpg\" alt=\"\" class=\"wp-image-2327\" srcset=\"https:\/\/fcspartaktrnava.com\/wp-content\/uploads\/2022\/10\/dsc_8632.jpg 998w, https:\/\/fcspartaktrnava.com\/wp-content\/uploads\/2022\/10\/dsc_8632-300x200.jpg 300w, https:\/\/fcspartaktrnava.com\/wp-content\/uploads\/2022\/10\/dsc_8632-768x512.jpg 768w, https:\/\/fcspartaktrnava.com\/wp-content\/uploads\/2022\/10\/dsc_8632-18x12.jpg 18w\" sizes=\"auto, (max-width: 998px) 100vw, 998px\" \/><\/figure>","protected":false},"excerpt":{"rendered":"<p>Pred osemdesiatimi rokmi (14. 10. 1942) sa v&#8230;<\/p>","protected":false},"author":5,"featured_media":2328,"comment_status":"closed","ping_status":"closed","sticky":false,"template":"","format":"standard","meta":{"footnotes":""},"categories":[12],"tags":[45],"class_list":["post-2325","post","type-post","status-publish","format-standard","has-post-thumbnail","hentry","category-spravy","tag-josef-pepo-geryk","post-number-1"],"yoast_head":"<!-- This site is optimized with the Yoast SEO plugin v27.1.1 - https:\/\/yoast.com\/product\/yoast-seo-wordpress\/ -->\n<title>Josef \u201ePepo\u201c Geryk by mal osemdesiatku - FC Spartak Trnava<\/title>\n<meta name=\"robots\" content=\"index, follow, max-snippet:-1, max-image-preview:large, max-video-preview:-1\" \/>\n<link rel=\"canonical\" href=\"https:\/\/fcspartaktrnava.com\/en\/josef-pepo-geryk-by-mal-osemdesiatku\/\" \/>\n<meta name=\"twitter:label1\" content=\"Written by\" \/>\n\t<meta name=\"twitter:data1\" content=\"Samuel \u010eurinsk\u00fd\" \/>\n\t<meta name=\"twitter:label2\" content=\"Estimated reading time\" \/>\n\t<meta name=\"twitter:data2\" content=\"1 minute\" \/>\n<script type=\"application\/ld+json\" class=\"yoast-schema-graph\">{\"@context\":\"https:\/\/schema.org\",\"@graph\":[{\"@type\":\"Article\",\"@id\":\"https:\/\/fcspartaktrnava.com\/en\/josef-pepo-geryk-by-mal-osemdesiatku\/#article\",\"isPartOf\":{\"@id\":\"https:\/\/fcspartaktrnava.com\/en\/josef-pepo-geryk-by-mal-osemdesiatku\/\"},\"author\":{\"name\":\"Samuel \u010eurinsk\u00fd\",\"@id\":\"https:\/\/fcspartaktrnava.com\/#\/schema\/person\/62c3c2562c3c56e4c0c8c2342c596ac0\"},\"headline\":\"Josef \u201ePepo\u201c Geryk by mal osemdesiatku\",\"datePublished\":\"2022-10-13T11:39:00+00:00\",\"dateModified\":\"2022-10-18T11:42:20+00:00\",\"mainEntityOfPage\":{\"@id\":\"https:\/\/fcspartaktrnava.com\/en\/josef-pepo-geryk-by-mal-osemdesiatku\/\"},\"wordCount\":256,\"publisher\":{\"@id\":\"https:\/\/fcspartaktrnava.com\/#organization\"},\"image\":{\"@id\":\"https:\/\/fcspartaktrnava.com\/en\/josef-pepo-geryk-by-mal-osemdesiatku\/#primaryimage\"},\"thumbnailUrl\":\"https:\/\/fcspartaktrnava.com\/wp-content\/uploads\/2022\/10\/Josef-Pepo-Geryk-by-mal-osemdesiatku.jpg\",\"keywords\":[\"Josef \u201ePepo\u201c Geryk\"],\"articleSection\":[\"Spr\u00e1vy\"],\"inLanguage\":\"en-GB\"},{\"@type\":\"WebPage\",\"@id\":\"https:\/\/fcspartaktrnava.com\/en\/josef-pepo-geryk-by-mal-osemdesiatku\/\",\"url\":\"https:\/\/fcspartaktrnava.com\/en\/josef-pepo-geryk-by-mal-osemdesiatku\/\",\"name\":\"Josef \u201ePepo\u201c Geryk by mal osemdesiatku - FC Spartak Trnava\",\"isPartOf\":{\"@id\":\"https:\/\/fcspartaktrnava.com\/#website\"},\"primaryImageOfPage\":{\"@id\":\"https:\/\/fcspartaktrnava.com\/en\/josef-pepo-geryk-by-mal-osemdesiatku\/#primaryimage\"},\"image\":{\"@id\":\"https:\/\/fcspartaktrnava.com\/en\/josef-pepo-geryk-by-mal-osemdesiatku\/#primaryimage\"},\"thumbnailUrl\":\"https:\/\/fcspartaktrnava.com\/wp-content\/uploads\/2022\/10\/Josef-Pepo-Geryk-by-mal-osemdesiatku.jpg\",\"datePublished\":\"2022-10-13T11:39:00+00:00\",\"dateModified\":\"2022-10-18T11:42:20+00:00\",\"breadcrumb\":{\"@id\":\"https:\/\/fcspartaktrnava.com\/en\/josef-pepo-geryk-by-mal-osemdesiatku\/#breadcrumb\"},\"inLanguage\":\"en-GB\",\"potentialAction\":[{\"@type\":\"ReadAction\",\"target\":[\"https:\/\/fcspartaktrnava.com\/en\/josef-pepo-geryk-by-mal-osemdesiatku\/\"]}]},{\"@type\":\"ImageObject\",\"inLanguage\":\"en-GB\",\"@id\":\"https:\/\/fcspartaktrnava.com\/en\/josef-pepo-geryk-by-mal-osemdesiatku\/#primaryimage\",\"url\":\"https:\/\/fcspartaktrnava.com\/wp-content\/uploads\/2022\/10\/Josef-Pepo-Geryk-by-mal-osemdesiatku.jpg\",\"contentUrl\":\"https:\/\/fcspartaktrnava.com\/wp-content\/uploads\/2022\/10\/Josef-Pepo-Geryk-by-mal-osemdesiatku.jpg\",\"width\":1300,\"height\":555},{\"@type\":\"BreadcrumbList\",\"@id\":\"https:\/\/fcspartaktrnava.com\/en\/josef-pepo-geryk-by-mal-osemdesiatku\/#breadcrumb\",\"itemListElement\":[{\"@type\":\"ListItem\",\"position\":1,\"name\":\"Home\",\"item\":\"https:\/\/fcspartaktrnava.com\/\"},{\"@type\":\"ListItem\",\"position\":2,\"name\":\"Josef \u201ePepo\u201c Geryk by mal osemdesiatku\"}]},{\"@type\":\"WebSite\",\"@id\":\"https:\/\/fcspartaktrnava.com\/#website\",\"url\":\"https:\/\/fcspartaktrnava.com\/\",\"name\":\"FC Spartak Trnava\",\"description\":\"ofici\u00e1lna webstr\u00e1nka futbalov\u00e9ho klubu\",\"publisher\":{\"@id\":\"https:\/\/fcspartaktrnava.com\/#organization\"},\"potentialAction\":[{\"@type\":\"SearchAction\",\"target\":{\"@type\":\"EntryPoint\",\"urlTemplate\":\"https:\/\/fcspartaktrnava.com\/?s={search_term_string}\"},\"query-input\":{\"@type\":\"PropertyValueSpecification\",\"valueRequired\":true,\"valueName\":\"search_term_string\"}}],\"inLanguage\":\"en-GB\"},{\"@type\":\"Organization\",\"@id\":\"https:\/\/fcspartaktrnava.com\/#organization\",\"name\":\"FC Spartak Trnava\",\"alternateName\":\"Spartak\",\"url\":\"https:\/\/fcspartaktrnava.com\/\",\"logo\":{\"@type\":\"ImageObject\",\"inLanguage\":\"en-GB\",\"@id\":\"https:\/\/fcspartaktrnava.com\/#\/schema\/logo\/image\/\",\"url\":\"https:\/\/fcspartaktrnava.com\/wp-content\/uploads\/2022\/08\/cropped-site_logo.png\",\"contentUrl\":\"https:\/\/fcspartaktrnava.com\/wp-content\/uploads\/2022\/08\/cropped-site_logo.png\",\"width\":140,\"height\":140,\"caption\":\"FC Spartak Trnava\"},\"image\":{\"@id\":\"https:\/\/fcspartaktrnava.com\/#\/schema\/logo\/image\/\"},\"sameAs\":[\"https:\/\/www.facebook.com\/SpartakTrnava\",\"https:\/\/x.com\/SpartakTrnava1\",\"https:\/\/www.instagram.com\/spartak_sk\/\"]},{\"@type\":\"Person\",\"@id\":\"https:\/\/fcspartaktrnava.com\/#\/schema\/person\/62c3c2562c3c56e4c0c8c2342c596ac0\",\"name\":\"Samuel \u010eurinsk\u00fd\",\"image\":{\"@type\":\"ImageObject\",\"inLanguage\":\"en-GB\",\"@id\":\"https:\/\/fcspartaktrnava.com\/#\/schema\/person\/image\/\",\"url\":\"https:\/\/secure.gravatar.com\/avatar\/af2fa02af92418b86ed742470664fe40056833fb68d84becf03f6ab02319257c?s=96&d=mm&r=g\",\"contentUrl\":\"https:\/\/secure.gravatar.com\/avatar\/af2fa02af92418b86ed742470664fe40056833fb68d84becf03f6ab02319257c?s=96&d=mm&r=g\",\"caption\":\"Samuel \u010eurinsk\u00fd\"},\"url\":\"https:\/\/fcspartaktrnava.com\/en\/author\/fcst-samuel\/\"}]}<\/script>\n<!-- \/ Yoast SEO plugin. -->","yoast_head_json":{"title":"Josef \u201ePepo\u201c Geryk by mal osemdesiatku - FC Spartak Trnava","robots":{"index":"index","follow":"follow","max-snippet":"max-snippet:-1","max-image-preview":"max-image-preview:large","max-video-preview":"max-video-preview:-1"},"canonical":"https:\/\/fcspartaktrnava.com\/en\/josef-pepo-geryk-by-mal-osemdesiatku\/","twitter_misc":{"Written by":"Samuel \u010eurinsk\u00fd","Estimated reading time":"1 minute"},"schema":{"@context":"https:\/\/schema.org","@graph":[{"@type":"Article","@id":"https:\/\/fcspartaktrnava.com\/en\/josef-pepo-geryk-by-mal-osemdesiatku\/#article","isPartOf":{"@id":"https:\/\/fcspartaktrnava.com\/en\/josef-pepo-geryk-by-mal-osemdesiatku\/"},"author":{"name":"Samuel \u010eurinsk\u00fd","@id":"https:\/\/fcspartaktrnava.com\/#\/schema\/person\/62c3c2562c3c56e4c0c8c2342c596ac0"},"headline":"Josef \u201ePepo\u201c Geryk by mal osemdesiatku","datePublished":"2022-10-13T11:39:00+00:00","dateModified":"2022-10-18T11:42:20+00:00","mainEntityOfPage":{"@id":"https:\/\/fcspartaktrnava.com\/en\/josef-pepo-geryk-by-mal-osemdesiatku\/"},"wordCount":256,"publisher":{"@id":"https:\/\/fcspartaktrnava.com\/#organization"},"image":{"@id":"https:\/\/fcspartaktrnava.com\/en\/josef-pepo-geryk-by-mal-osemdesiatku\/#primaryimage"},"thumbnailUrl":"https:\/\/fcspartaktrnava.com\/wp-content\/uploads\/2022\/10\/Josef-Pepo-Geryk-by-mal-osemdesiatku.jpg","keywords":["Josef \u201ePepo\u201c Geryk"],"articleSection":["Spr\u00e1vy"],"inLanguage":"en-GB"},{"@type":"WebPage","@id":"https:\/\/fcspartaktrnava.com\/en\/josef-pepo-geryk-by-mal-osemdesiatku\/","url":"https:\/\/fcspartaktrnava.com\/en\/josef-pepo-geryk-by-mal-osemdesiatku\/","name":"Josef \u201ePepo\u201c Geryk by mal osemdesiatku - FC Spartak Trnava","isPartOf":{"@id":"https:\/\/fcspartaktrnava.com\/#website"},"primaryImageOfPage":{"@id":"https:\/\/fcspartaktrnava.com\/en\/josef-pepo-geryk-by-mal-osemdesiatku\/#primaryimage"},"image":{"@id":"https:\/\/fcspartaktrnava.com\/en\/josef-pepo-geryk-by-mal-osemdesiatku\/#primaryimage"},"thumbnailUrl":"https:\/\/fcspartaktrnava.com\/wp-content\/uploads\/2022\/10\/Josef-Pepo-Geryk-by-mal-osemdesiatku.jpg","datePublished":"2022-10-13T11:39:00+00:00","dateModified":"2022-10-18T11:42:20+00:00","breadcrumb":{"@id":"https:\/\/fcspartaktrnava.com\/en\/josef-pepo-geryk-by-mal-osemdesiatku\/#breadcrumb"},"inLanguage":"en-GB","potentialAction":[{"@type":"ReadAction","target":["https:\/\/fcspartaktrnava.com\/en\/josef-pepo-geryk-by-mal-osemdesiatku\/"]}]},{"@type":"ImageObject","inLanguage":"en-GB","@id":"https:\/\/fcspartaktrnava.com\/en\/josef-pepo-geryk-by-mal-osemdesiatku\/#primaryimage","url":"https:\/\/fcspartaktrnava.com\/wp-content\/uploads\/2022\/10\/Josef-Pepo-Geryk-by-mal-osemdesiatku.jpg","contentUrl":"https:\/\/fcspartaktrnava.com\/wp-content\/uploads\/2022\/10\/Josef-Pepo-Geryk-by-mal-osemdesiatku.jpg","width":1300,"height":555},{"@type":"BreadcrumbList","@id":"https:\/\/fcspartaktrnava.com\/en\/josef-pepo-geryk-by-mal-osemdesiatku\/#breadcrumb","itemListElement":[{"@type":"ListItem","position":1,"name":"Home","item":"https:\/\/fcspartaktrnava.com\/"},{"@type":"ListItem","position":2,"name":"Josef \u201ePepo\u201c Geryk by mal osemdesiatku"}]},{"@type":"WebSite","@id":"https:\/\/fcspartaktrnava.com\/#website","url":"https:\/\/fcspartaktrnava.com\/","name":"FC Spartak Trnava","description":"ofici\u00e1lna webstr\u00e1nka futbalov\u00e9ho klubu","publisher":{"@id":"https:\/\/fcspartaktrnava.com\/#organization"},"potentialAction":[{"@type":"SearchAction","target":{"@type":"EntryPoint","urlTemplate":"https:\/\/fcspartaktrnava.com\/?s={search_term_string}"},"query-input":{"@type":"PropertyValueSpecification","valueRequired":true,"valueName":"search_term_string"}}],"inLanguage":"en-GB"},{"@type":"Organization","@id":"https:\/\/fcspartaktrnava.com\/#organization","name":"FC Spartak Trnava","alternateName":"Spartak","url":"https:\/\/fcspartaktrnava.com\/","logo":{"@type":"ImageObject","inLanguage":"en-GB","@id":"https:\/\/fcspartaktrnava.com\/#\/schema\/logo\/image\/","url":"https:\/\/fcspartaktrnava.com\/wp-content\/uploads\/2022\/08\/cropped-site_logo.png","contentUrl":"https:\/\/fcspartaktrnava.com\/wp-content\/uploads\/2022\/08\/cropped-site_logo.png","width":140,"height":140,"caption":"FC Spartak Trnava"},"image":{"@id":"https:\/\/fcspartaktrnava.com\/#\/schema\/logo\/image\/"},"sameAs":["https:\/\/www.facebook.com\/SpartakTrnava","https:\/\/x.com\/SpartakTrnava1","https:\/\/www.instagram.com\/spartak_sk\/"]},{"@type":"Person","@id":"https:\/\/fcspartaktrnava.com\/#\/schema\/person\/62c3c2562c3c56e4c0c8c2342c596ac0","name":"Samuel \u010eurinsk\u00fd","image":{"@type":"ImageObject","inLanguage":"en-GB","@id":"https:\/\/fcspartaktrnava.com\/#\/schema\/person\/image\/","url":"https:\/\/secure.gravatar.com\/avatar\/af2fa02af92418b86ed742470664fe40056833fb68d84becf03f6ab02319257c?s=96&d=mm&r=g","contentUrl":"https:\/\/secure.gravatar.com\/avatar\/af2fa02af92418b86ed742470664fe40056833fb68d84becf03f6ab02319257c?s=96&d=mm&r=g","caption":"Samuel \u010eurinsk\u00fd"},"url":"https:\/\/fcspartaktrnava.com\/en\/author\/fcst-samuel\/"}]}},"_links":{"self":[{"href":"https:\/\/fcspartaktrnava.com\/en\/wp-json\/wp\/v2\/posts\/2325","targetHints":{"allow":["GET"]}}],"collection":[{"href":"https:\/\/fcspartaktrnava.com\/en\/wp-json\/wp\/v2\/posts"}],"about":[{"href":"https:\/\/fcspartaktrnava.com\/en\/wp-json\/wp\/v2\/types\/post"}],"author":[{"embeddable":true,"href":"https:\/\/fcspartaktrnava.com\/en\/wp-json\/wp\/v2\/users\/5"}],"replies":[{"embeddable":true,"href":"https:\/\/fcspartaktrnava.com\/en\/wp-json\/wp\/v2\/comments?post=2325"}],"version-history":[{"count":0,"href":"https:\/\/fcspartaktrnava.com\/en\/wp-json\/wp\/v2\/posts\/2325\/revisions"}],"wp:featuredmedia":[{"embeddable":true,"href":"https:\/\/fcspartaktrnava.com\/en\/wp-json\/wp\/v2\/media\/2328"}],"wp:attachment":[{"href":"https:\/\/fcspartaktrnava.com\/en\/wp-json\/wp\/v2\/media?parent=2325"}],"wp:term":[{"taxonomy":"category","embeddable":true,"href":"https:\/\/fcspartaktrnava.com\/en\/wp-json\/wp\/v2\/categories?post=2325"},{"taxonomy":"post_tag","embeddable":true,"href":"https:\/\/fcspartaktrnava.com\/en\/wp-json\/wp\/v2\/tags?post=2325"}],"curies":[{"name":"wp","href":"https:\/\/api.w.org\/{rel}","templated":true}]}}