{"id":23122,"date":"2024-10-17T13:59:00","date_gmt":"2024-10-17T11:59:00","guid":{"rendered":"https:\/\/fcspartaktrnava.com\/?p=23122"},"modified":"2024-10-17T14:51:24","modified_gmt":"2024-10-17T12:51:24","slug":"karol-pecze-derby-zapasy-maju-svoj-charakter-a-oba-timy-pojdu-na-doraz","status":"publish","type":"post","link":"https:\/\/fcspartaktrnava.com\/en\/karol-pecze-derby-zapasy-maju-svoj-charakter-a-oba-timy-pojdu-na-doraz\/","title":{"rendered":"KAROL PECZE: &#8222;Derby z\u00e1pasy maj\u00fa svoj charakter a oba t\u00edmy p\u00f4jdu na doraz.&#8220;"},"content":{"rendered":"<p class=\"has-text-align-center has-medium-font-size\"><strong>Pokra\u010dujeme druhou \u010das\u0165ou exkluz\u00edvneho rozhovoru s tr\u00e9nerskou legendou Karolom Peczem. Prajeme pr\u00edjemn\u00e9 \u010d\u00edtanie. <\/strong><\/p>\n\n\n\n<h2 class=\"wp-block-heading has-text-align-center\">Chlapci pozrite! V\u0161etci s\u00fa na v\u00e1s zvedav\u00ed!<\/h2>\n\n\n\n<p class=\"has-text-align-center has-medium-font-size\">Po\u010das rozhovoru si tr\u00e9ner Pecze zaspom\u00ednal aj na \u00fasmevn\u00e9 historky z jeho prv\u00e9ho p\u00f4sobenia v Trnave. Energiu, ktor\u00fa vy\u017eadoval od hr\u00e1\u010dov na ihrisku, prejavoval osobne najm\u00e4 v \u0161atni a z\u00e1kulis\u00ed. Na emot\u00edvnej\u0161ie prejavy mal v t\u00edme svojho asistenta Petra Zelensk\u00e9ho, ktor\u00fd vedel v\u017edy e\u0161te viac zv\u00fdrazni\u0165 emocion\u00e1lny faktor u hr\u00e1\u010dov.<\/p>\n\n\n\n<p class=\"has-text-align-center has-medium-font-size\"><strong>&#8222;P\u00f4sobil na hr\u00e1\u010dov tak, \u017ee aj ke\u010f niekto vyzeral, \u017ee zasp\u00e1va po ceste na z\u00e1pas v autobuse, tak Peter ho hne\u010f prebral a potom to aj tak vyzeralo na ihrisku.&#8220;<\/strong><\/p>\n\n\n\n<p class=\"has-text-align-center has-medium-font-size\"><strong>Zimomriavky aj po dlh\u00fdch rokoch<\/strong> a pr\u00edprava u\u017e v autobuse. Aj tak vyzerali cesty Trnavy v legend\u00e1rnej Peczeho \u00e9re smerom na z\u00e1pasy. <\/p>\n\n\n\n<p class=\"has-text-align-center has-medium-font-size\"><strong>&#8222;Dodnes si pam\u00e4t\u00e1m a m\u00e1m z toho zimomriavky, ke\u010f si spomeniem na to, ako sme cestovali na z\u00e1pasy a chodili sme na predz\u00e1pasov\u00e9 s\u00fastredenie do Pie\u0161\u0165an. Hodinu a pol sme prich\u00e1dzali na \u0161tadi\u00f3n a u\u017e vtedy bolo v\u0161ade plno \u013eud\u00ed. V\u0161etci s\u00fa na v\u00e1s zvedav\u00ed chlapci, vravel som hr\u00e1\u010dom. Tak\u017ee pr\u00edpravu sme robili u\u017e v autobuse po\u010das cesty na \u0161tadi\u00f3n. I\u0161iel by v takejto atmosf\u00e9re hr\u00e1\u010d na ihrisko tak, \u017ee si len prevetr\u00e1 dres?&#8220;<\/strong><\/p>\n\n\n<div class=\"wp-block-image\">\n<figure class=\"aligncenter size-large\"><img loading=\"lazy\" decoding=\"async\" width=\"1024\" height=\"728\" src=\"https:\/\/fcspartaktrnava.com\/wp-content\/uploads\/2024\/10\/IMG_2036-1024x728.jpeg\" alt=\"\" class=\"wp-image-23117\" srcset=\"https:\/\/fcspartaktrnava.com\/wp-content\/uploads\/2024\/10\/IMG_2036-1024x728.jpeg 1024w, https:\/\/fcspartaktrnava.com\/wp-content\/uploads\/2024\/10\/IMG_2036-300x213.jpeg 300w, https:\/\/fcspartaktrnava.com\/wp-content\/uploads\/2024\/10\/IMG_2036-768x546.jpeg 768w, https:\/\/fcspartaktrnava.com\/wp-content\/uploads\/2024\/10\/IMG_2036-1536x1092.jpeg 1536w, https:\/\/fcspartaktrnava.com\/wp-content\/uploads\/2024\/10\/IMG_2036-2048x1455.jpeg 2048w, https:\/\/fcspartaktrnava.com\/wp-content\/uploads\/2024\/10\/IMG_2036-18x12.jpeg 18w\" sizes=\"auto, (max-width: 1024px) 100vw, 1024px\" \/><\/figure>\n<\/div>\n\n\n<p class=\"has-text-align-center has-small-font-size\">Karol Pecze v plnom pracovnom nasaden\u00ed. FOTO: TASR<\/p>\n\n\n\n<p class=\"has-text-align-center has-medium-font-size\"><\/p>\n\n\n\n<hr class=\"wp-block-separator has-alpha-channel-opacity\"\/>\n\n\n\n<h2 class=\"wp-block-heading has-text-align-center has-white-color has-vivid-red-background-color has-text-color has-background has-link-color wp-elements-06543632552c0b51f5c0c0d5321f5617\">\u0160t\u00fadium na FTV\u0160, diplomov\u00e1 pr\u00e1ca o hr\u00e1\u010doch a tr\u00e9nersk\u00fd sen<\/h2>\n\n\n\n<p class=\"has-text-align-center has-medium-font-size\">Tr\u00e9ner Pecze si zaspom\u00ednal aj na \u0161tudentsk\u00e9 \u010dasy, po\u010das ktor\u00fdch sa za\u010dal jeho tr\u00e9nersk\u00fd sen. <\/p>\n\n\n\n<p class=\"has-text-align-center has-medium-font-size\"><strong>&#8222;Skon\u010dil som FTV\u0160 v Bratislave a t\u00e9mou mojej diplomovej pr\u00e1ce bolo sledovanie konania futbalistu v hre. Robil som pozorovanie mu\u017estiev a prich\u00e1dzal som aj do Trnavy v obdob\u00ed najsl\u00e1vnej\u0161ej \u00e9ry Spartaka. Spom\u00ednam to preto, lebo ke\u010f som videl to fan\u00fa\u0161ikovsk\u00e9 nad\u0161enie, nasadenie, oddanos\u0165 a p\u00fdcha s typick\u00fdm trnavsk\u00fdm n\u00e1re\u010d\u00edm boli neuverite\u013en\u00e9. \u00daplne odli\u0161n\u00e9 ako v in\u00fdch mest\u00e1ch a na in\u00fdch \u0161tadi\u00f3noch. U\u017e vtedy som si pomyslel, \u017ee fuuu, keby som tu raz mohol p\u00f4sobi\u0165.&#8220; <\/strong>povzdychol si Karol Pecze, ktor\u00fd chodil na r\u00f4zne ligov\u00e9 z\u00e1pasy ako div\u00e1k a pozorovate\u013e.<\/p>\n\n\n\n<p class=\"has-text-align-center has-medium-font-size\">\u017divot rozd\u00e1va karty r\u00f4zne a je v \u0148om ve\u013emi \u0165a\u017ek\u00e9 napl\u00e1nova\u0165 \u010falek\u00fa bud\u00facnos\u0165. \u0160anca tr\u00e9nova\u0165 Trnavu pri\u0161la pre tr\u00e9nera Peczeho po rokoch. <\/p>\n\n\n\n<p class=\"has-text-align-center has-medium-font-size\"><strong>&#8222;Nebolo to ni\u010d pl\u00e1novan\u00e9 a ani som netu\u0161il, \u017ee raz budem v Trnave. Ani z\u010faleka som netu\u0161il, kam sa prepracujem. Roky plynuli a odrazu pri\u0161la t\u00e1 chv\u00ed\u013ea. Kon\u010dil som ako tr\u00e9ner vo Wisle Krakow a uva\u017eoval, kam \u010falej. Oslovili ma trnavsk\u00fd funkcion\u00e1ri a ja som \u0161pekuloval, \u010di ponuku prijmem. Vedel som, \u017ee ke\u010f pr\u00eddem do Trnavy, mus\u00edm zobudi\u0165 div\u00e1kov. Moje obdobie prich\u00e1dzalo v 90. rokoch a pred samotn\u00fdm zobuden\u00edm chodilo na z\u00e1pasy okolo 3500 div\u00e1kov. V\u0161etko ale pri\u0161lo postupne a ja som za\u010d\u00ednal prakticky od nuly. Nepoznal som vtedaj\u0161ie vedenie Spartaka a boli to nov\u00ed \u013eudia. Mal som otvoren\u00e9 dvere a mo\u017enos\u0165 pr\u00e1ce s t\u00edmom od jeho pr\u00edpravy. Dostal som pln\u00fa podporu a za\u010dali sme pracova\u0165. Sk\u00fasili sme to a podarilo sa vytvori\u0165 nie\u010do nezabudnute\u013en\u00e9.&#8220;<\/strong><\/p>\n\n\n\n<p class=\"has-text-align-center has-medium-font-size\">Ak\u00e9 boli vtedaj\u0161ie vz\u0165ahy s fan\u00fa\u0161ikmi? N\u00e1ro\u010dn\u00e9 a s postupn\u00fdm z\u00edskavan\u00edm d\u00f4very.<\/p>\n\n\n\n<p class=\"has-text-align-center has-medium-font-size\">&#8222;<strong>Zavolajte \u0160uplera!&#8220; <\/strong>Spomenul si tr\u00e9ner Pecze na pokrik fan\u00fa\u0161ika, ktor\u00fd pri\u0161iel po slab\u0161\u00edch v\u00fdkonoch v \u00favode p\u00f4sobenia v Trnave. Predch\u00e1dzalo mu obdobie, ke\u010f sa tr\u00e9neri v Trnave striedali ako na be\u017eiacom p\u00e1se. Fan\u00fa\u0161ik chcel nazna\u010di\u0165, \u017ee by mal pr\u00eds\u0165 namiesto Peczeho e\u0161te v\u00e4\u010d\u0161\u00ed odborn\u00edk.<\/p>\n\n\n\n<p class=\"has-text-align-center has-medium-font-size\"><strong>&#8222;Nebolo to v \u00favode \u013eahk\u00e9, ale postupnou pr\u00e1cou sme si fan\u00fa\u0161ikov z\u00edskali. Museli sme \u0161\u013eapn\u00fa\u0165 na plyn a chcem t\u00fdm poveda\u0165, \u017ee to je n\u00e1ro\u010dn\u00e1 \u00faloha. Prv\u00fd ro\u010dn\u00edk bol \u0165a\u017ek\u00fd, skon\u010dili sme na 6. mieste a postupne sme st\u00fapali nahor. Doplnili sme hr\u00e1\u010dov na d\u00f4le\u017eit\u00e9 posty a pracovali syst\u00e9movo aj mimo ihriska. Tu sa vytvoril prav\u00fd vz\u0165ah s fan\u00fa\u0161ikmi a tie \u010fal\u0161ie mesiace a roky boli \u00fa\u017easn\u00e9.&#8220;<\/strong><\/p>\n\n\n\n<p class=\"has-text-align-center has-medium-font-size\"><strong>Pecze nie je \u010dlovek, Pecze je Boh. &#8222;M\u00f4\u017ee by\u0165 kraj\u0161ie ocenenie od fan\u00fa\u0161ikov? Ve\u013emi ma to pote\u0161ilo a \u017eili sme naplno s div\u00e1kmi a cel\u00fdm okol\u00edm.&#8220;<\/strong><\/p>\n\n\n\n<hr class=\"wp-block-separator has-alpha-channel-opacity\"\/>\n\n\n\n<p class=\"has-text-align-center has-black-color has-white-background-color has-text-color has-background has-link-color has-medium-font-size wp-elements-1930a098e6b53716582a72031748d982\"><strong>A ak\u00fd je odborn\u00fd poh\u013ead tr\u00e9nera Peczeho a o\u010dak\u00e1vanie od 173. Tradi\u010dn\u00e9ho derby?<\/strong><\/p>\n\n\n\n<p class=\"has-text-align-center has-medium-font-size\"><strong>&#8222;Bude to ve\u013emi zauj\u00edmav\u00fd z\u00e1pas. Trnava je osloboden\u00e1 z eur\u00f3pskych povinnost\u00ed a Slovan m\u00e1 st\u00e1le pred sebou z\u00e1pasy v Lige majstrov a s ur\u010dit\u00fdm podt\u00f3nom v\u00fdsledkov, ktor\u00e9 vpl\u00fdvaj\u00fa na n\u00e1ladu fan\u00fa\u0161ikov. Aj tento z\u00e1pas bude ma\u0165 vysok\u00fa \u00farove\u0148. Ani jedno mu\u017estvo nebude chcie\u0165 prehra\u0165. Trnava nec\u00edti tak\u00fa formu, aby sa mohli pusti\u0165 do otvorenej hry ale aj Slovan si je vedom\u00fd toho, \u017ee jeho v\u00fdkony m\u00f4\u017eu by\u0165 lep\u0161ie. Ot\u00e1zkou bude, kto bude m\u00f4c\u0165 hra\u0165 a ako to tr\u00e9neri namie\u0161aj\u00fa. <\/strong><\/p>\n\n\n\n<p class=\"has-text-align-center has-medium-font-size\"><strong>V tejto chv\u00edli viac prajem Trnave, aby vyu\u017eili pozit\u00edvne v\u00fdsledky, ktor\u00e9 zaznamenali v ned\u00e1vnom obdob\u00ed. Derby z\u00e1pasy maj\u00fa svoju atmosf\u00e9ru a charakter. Obe strany p\u00f4jdu na doraz a je to najv\u00e4\u010d\u0161ia rivalita na Slovensku. Fan\u00fa\u0161ikovia bud\u00fa v plnom nasaden\u00ed a na z\u00e1pas sa te\u0161\u00edm. Pravdepodobne na neho aj osobne zav\u00edtam.<\/strong>&#8222;<\/p>\n\n\n\n<p class=\"has-text-align-center has-medium-font-size\">Na \u00fapln\u00fd z\u00e1ver e\u0161te jedna vtipn\u00e1 pr\u00edhoda zo \u017eivota tr\u00e9nera Peczeho. <\/p>\n\n\n\n<p class=\"has-text-align-center has-medium-font-size\"><strong><em>&#8222;35 rokov som vo futbale p\u00f4sobil profesion\u00e1lne. Cel\u00e1 rodina sa prisp\u00f4sobovala mojej pr\u00e1ci. A po konci kari\u00e9ry man\u017eelka raz povedala, \u017ee doteraz sme \u0165a posl\u00fachali my, a teraz bude\u0161 ty n\u00e1s.&#8220; <\/em><\/strong><\/p>\n\n\n\n<hr class=\"wp-block-separator has-alpha-channel-opacity\"\/>\n\n\n\n<p class=\"has-text-align-center has-medium-font-size\">P\u00e1novi Peczemu \u010fakujeme za pr\u00edjemn\u00fd a zauj\u00edmav\u00fd rozhovor a prajeme mu pevn\u00e9 zdravie a ve\u013ea \u017eivotn\u00e9ho el\u00e1nu. Te\u0161\u00edme sa na stretnutie na sobotnom derby! V\u0161etci na \u0161tadi\u00f3n! <\/p>\n\n\n\n<p class=\"has-text-align-center has-medium-font-size\"><strong>Vstupenky v sieti <a href=\"https:\/\/predpredaj.zoznam.sk\/sk\/listky\/fc-spartak-trnava-sk-slovan-bratislava-2024-10-19\/\">predpredaj.sk<\/a>, vo FANSHOPE a v de\u0148 z\u00e1pasu od 15:00 v pokladniach.<\/strong><\/p>","protected":false},"excerpt":{"rendered":"<p>Pokra\u010dujeme druhou \u010das\u0165ou exkluz\u00edvneho rozhovoru s tr\u00e9nerskou legendou&#8230;<\/p>","protected":false},"author":5,"featured_media":23123,"comment_status":"closed","ping_status":"closed","sticky":false,"template":"","format":"standard","meta":{"footnotes":""},"categories":[41,12],"tags":[],"class_list":["post-23122","post","type-post","status-publish","format-standard","has-post-thumbnail","hentry","category-intervju","category-spravy","post-number-1"],"yoast_head":"<!-- This site is optimized with the Yoast SEO plugin v27.1.1 - https:\/\/yoast.com\/product\/yoast-seo-wordpress\/ -->\n<title>KAROL PECZE: &quot;Derby z\u00e1pasy maj\u00fa svoj charakter a oba t\u00edmy p\u00f4jdu na doraz.&quot; - FC Spartak Trnava<\/title>\n<meta name=\"robots\" content=\"index, follow, max-snippet:-1, max-image-preview:large, max-video-preview:-1\" \/>\n<link rel=\"canonical\" href=\"https:\/\/fcspartaktrnava.com\/en\/karol-pecze-derby-zapasy-maju-svoj-charakter-a-oba-timy-pojdu-na-doraz\/\" \/>\n<meta name=\"twitter:label1\" content=\"Written by\" \/>\n\t<meta name=\"twitter:data1\" content=\"Samuel \u010eurinsk\u00fd\" \/>\n\t<meta name=\"twitter:label2\" content=\"Estimated reading time\" \/>\n\t<meta name=\"twitter:data2\" content=\"5 minutes\" \/>\n<script type=\"application\/ld+json\" class=\"yoast-schema-graph\">{\"@context\":\"https:\/\/schema.org\",\"@graph\":[{\"@type\":\"Article\",\"@id\":\"https:\/\/fcspartaktrnava.com\/karol-pecze-derby-zapasy-maju-svoj-charakter-a-oba-timy-pojdu-na-doraz\/#article\",\"isPartOf\":{\"@id\":\"https:\/\/fcspartaktrnava.com\/karol-pecze-derby-zapasy-maju-svoj-charakter-a-oba-timy-pojdu-na-doraz\/\"},\"author\":{\"name\":\"Samuel \u010eurinsk\u00fd\",\"@id\":\"https:\/\/fcspartaktrnava.com\/#\/schema\/person\/62c3c2562c3c56e4c0c8c2342c596ac0\"},\"headline\":\"KAROL PECZE: &#8222;Derby z\u00e1pasy maj\u00fa svoj charakter a oba t\u00edmy p\u00f4jdu na doraz.&#8220;\",\"datePublished\":\"2024-10-17T11:59:00+00:00\",\"dateModified\":\"2024-10-17T12:51:24+00:00\",\"mainEntityOfPage\":{\"@id\":\"https:\/\/fcspartaktrnava.com\/karol-pecze-derby-zapasy-maju-svoj-charakter-a-oba-timy-pojdu-na-doraz\/\"},\"wordCount\":1088,\"publisher\":{\"@id\":\"https:\/\/fcspartaktrnava.com\/#organization\"},\"image\":{\"@id\":\"https:\/\/fcspartaktrnava.com\/karol-pecze-derby-zapasy-maju-svoj-charakter-a-oba-timy-pojdu-na-doraz\/#primaryimage\"},\"thumbnailUrl\":\"https:\/\/fcspartaktrnava.com\/wp-content\/uploads\/2024\/10\/IMG_2037-1-scaled.jpeg\",\"articleSection\":[\"Rozhovory\",\"Spr\u00e1vy\"],\"inLanguage\":\"en-GB\"},{\"@type\":\"WebPage\",\"@id\":\"https:\/\/fcspartaktrnava.com\/karol-pecze-derby-zapasy-maju-svoj-charakter-a-oba-timy-pojdu-na-doraz\/\",\"url\":\"https:\/\/fcspartaktrnava.com\/karol-pecze-derby-zapasy-maju-svoj-charakter-a-oba-timy-pojdu-na-doraz\/\",\"name\":\"KAROL PECZE: \\\"Derby z\u00e1pasy maj\u00fa svoj charakter a oba t\u00edmy p\u00f4jdu na doraz.\\\" - FC Spartak Trnava\",\"isPartOf\":{\"@id\":\"https:\/\/fcspartaktrnava.com\/#website\"},\"primaryImageOfPage\":{\"@id\":\"https:\/\/fcspartaktrnava.com\/karol-pecze-derby-zapasy-maju-svoj-charakter-a-oba-timy-pojdu-na-doraz\/#primaryimage\"},\"image\":{\"@id\":\"https:\/\/fcspartaktrnava.com\/karol-pecze-derby-zapasy-maju-svoj-charakter-a-oba-timy-pojdu-na-doraz\/#primaryimage\"},\"thumbnailUrl\":\"https:\/\/fcspartaktrnava.com\/wp-content\/uploads\/2024\/10\/IMG_2037-1-scaled.jpeg\",\"datePublished\":\"2024-10-17T11:59:00+00:00\",\"dateModified\":\"2024-10-17T12:51:24+00:00\",\"breadcrumb\":{\"@id\":\"https:\/\/fcspartaktrnava.com\/karol-pecze-derby-zapasy-maju-svoj-charakter-a-oba-timy-pojdu-na-doraz\/#breadcrumb\"},\"inLanguage\":\"en-GB\",\"potentialAction\":[{\"@type\":\"ReadAction\",\"target\":[\"https:\/\/fcspartaktrnava.com\/karol-pecze-derby-zapasy-maju-svoj-charakter-a-oba-timy-pojdu-na-doraz\/\"]}]},{\"@type\":\"ImageObject\",\"inLanguage\":\"en-GB\",\"@id\":\"https:\/\/fcspartaktrnava.com\/karol-pecze-derby-zapasy-maju-svoj-charakter-a-oba-timy-pojdu-na-doraz\/#primaryimage\",\"url\":\"https:\/\/fcspartaktrnava.com\/wp-content\/uploads\/2024\/10\/IMG_2037-1-scaled.jpeg\",\"contentUrl\":\"https:\/\/fcspartaktrnava.com\/wp-content\/uploads\/2024\/10\/IMG_2037-1-scaled.jpeg\",\"width\":2560,\"height\":1556},{\"@type\":\"BreadcrumbList\",\"@id\":\"https:\/\/fcspartaktrnava.com\/karol-pecze-derby-zapasy-maju-svoj-charakter-a-oba-timy-pojdu-na-doraz\/#breadcrumb\",\"itemListElement\":[{\"@type\":\"ListItem\",\"position\":1,\"name\":\"Home\",\"item\":\"https:\/\/fcspartaktrnava.com\/\"},{\"@type\":\"ListItem\",\"position\":2,\"name\":\"KAROL PECZE: &#8222;Derby z\u00e1pasy maj\u00fa svoj charakter a oba t\u00edmy p\u00f4jdu na doraz.&#8220;\"}]},{\"@type\":\"WebSite\",\"@id\":\"https:\/\/fcspartaktrnava.com\/#website\",\"url\":\"https:\/\/fcspartaktrnava.com\/\",\"name\":\"FC Spartak Trnava\",\"description\":\"ofici\u00e1lna webstr\u00e1nka futbalov\u00e9ho klubu\",\"publisher\":{\"@id\":\"https:\/\/fcspartaktrnava.com\/#organization\"},\"potentialAction\":[{\"@type\":\"SearchAction\",\"target\":{\"@type\":\"EntryPoint\",\"urlTemplate\":\"https:\/\/fcspartaktrnava.com\/?s={search_term_string}\"},\"query-input\":{\"@type\":\"PropertyValueSpecification\",\"valueRequired\":true,\"valueName\":\"search_term_string\"}}],\"inLanguage\":\"en-GB\"},{\"@type\":\"Organization\",\"@id\":\"https:\/\/fcspartaktrnava.com\/#organization\",\"name\":\"FC Spartak Trnava\",\"alternateName\":\"Spartak\",\"url\":\"https:\/\/fcspartaktrnava.com\/\",\"logo\":{\"@type\":\"ImageObject\",\"inLanguage\":\"en-GB\",\"@id\":\"https:\/\/fcspartaktrnava.com\/#\/schema\/logo\/image\/\",\"url\":\"https:\/\/fcspartaktrnava.com\/wp-content\/uploads\/2022\/08\/cropped-site_logo.png\",\"contentUrl\":\"https:\/\/fcspartaktrnava.com\/wp-content\/uploads\/2022\/08\/cropped-site_logo.png\",\"width\":140,\"height\":140,\"caption\":\"FC Spartak Trnava\"},\"image\":{\"@id\":\"https:\/\/fcspartaktrnava.com\/#\/schema\/logo\/image\/\"},\"sameAs\":[\"https:\/\/www.facebook.com\/SpartakTrnava\",\"https:\/\/x.com\/SpartakTrnava1\",\"https:\/\/www.instagram.com\/spartak_sk\/\"]},{\"@type\":\"Person\",\"@id\":\"https:\/\/fcspartaktrnava.com\/#\/schema\/person\/62c3c2562c3c56e4c0c8c2342c596ac0\",\"name\":\"Samuel \u010eurinsk\u00fd\",\"image\":{\"@type\":\"ImageObject\",\"inLanguage\":\"en-GB\",\"@id\":\"https:\/\/fcspartaktrnava.com\/#\/schema\/person\/image\/\",\"url\":\"https:\/\/secure.gravatar.com\/avatar\/af2fa02af92418b86ed742470664fe40056833fb68d84becf03f6ab02319257c?s=96&d=mm&r=g\",\"contentUrl\":\"https:\/\/secure.gravatar.com\/avatar\/af2fa02af92418b86ed742470664fe40056833fb68d84becf03f6ab02319257c?s=96&d=mm&r=g\",\"caption\":\"Samuel \u010eurinsk\u00fd\"},\"url\":\"https:\/\/fcspartaktrnava.com\/en\/author\/fcst-samuel\/\"}]}<\/script>\n<!-- \/ Yoast SEO plugin. -->","yoast_head_json":{"title":"KAROL PECZE: \"Derby z\u00e1pasy maj\u00fa svoj charakter a oba t\u00edmy p\u00f4jdu na doraz.\" - FC Spartak Trnava","robots":{"index":"index","follow":"follow","max-snippet":"max-snippet:-1","max-image-preview":"max-image-preview:large","max-video-preview":"max-video-preview:-1"},"canonical":"https:\/\/fcspartaktrnava.com\/en\/karol-pecze-derby-zapasy-maju-svoj-charakter-a-oba-timy-pojdu-na-doraz\/","twitter_misc":{"Written by":"Samuel \u010eurinsk\u00fd","Estimated reading time":"5 minutes"},"schema":{"@context":"https:\/\/schema.org","@graph":[{"@type":"Article","@id":"https:\/\/fcspartaktrnava.com\/karol-pecze-derby-zapasy-maju-svoj-charakter-a-oba-timy-pojdu-na-doraz\/#article","isPartOf":{"@id":"https:\/\/fcspartaktrnava.com\/karol-pecze-derby-zapasy-maju-svoj-charakter-a-oba-timy-pojdu-na-doraz\/"},"author":{"name":"Samuel \u010eurinsk\u00fd","@id":"https:\/\/fcspartaktrnava.com\/#\/schema\/person\/62c3c2562c3c56e4c0c8c2342c596ac0"},"headline":"KAROL PECZE: &#8222;Derby z\u00e1pasy maj\u00fa svoj charakter a oba t\u00edmy p\u00f4jdu na doraz.&#8220;","datePublished":"2024-10-17T11:59:00+00:00","dateModified":"2024-10-17T12:51:24+00:00","mainEntityOfPage":{"@id":"https:\/\/fcspartaktrnava.com\/karol-pecze-derby-zapasy-maju-svoj-charakter-a-oba-timy-pojdu-na-doraz\/"},"wordCount":1088,"publisher":{"@id":"https:\/\/fcspartaktrnava.com\/#organization"},"image":{"@id":"https:\/\/fcspartaktrnava.com\/karol-pecze-derby-zapasy-maju-svoj-charakter-a-oba-timy-pojdu-na-doraz\/#primaryimage"},"thumbnailUrl":"https:\/\/fcspartaktrnava.com\/wp-content\/uploads\/2024\/10\/IMG_2037-1-scaled.jpeg","articleSection":["Rozhovory","Spr\u00e1vy"],"inLanguage":"en-GB"},{"@type":"WebPage","@id":"https:\/\/fcspartaktrnava.com\/karol-pecze-derby-zapasy-maju-svoj-charakter-a-oba-timy-pojdu-na-doraz\/","url":"https:\/\/fcspartaktrnava.com\/karol-pecze-derby-zapasy-maju-svoj-charakter-a-oba-timy-pojdu-na-doraz\/","name":"KAROL PECZE: \"Derby z\u00e1pasy maj\u00fa svoj charakter a oba t\u00edmy p\u00f4jdu na doraz.\" - FC Spartak Trnava","isPartOf":{"@id":"https:\/\/fcspartaktrnava.com\/#website"},"primaryImageOfPage":{"@id":"https:\/\/fcspartaktrnava.com\/karol-pecze-derby-zapasy-maju-svoj-charakter-a-oba-timy-pojdu-na-doraz\/#primaryimage"},"image":{"@id":"https:\/\/fcspartaktrnava.com\/karol-pecze-derby-zapasy-maju-svoj-charakter-a-oba-timy-pojdu-na-doraz\/#primaryimage"},"thumbnailUrl":"https:\/\/fcspartaktrnava.com\/wp-content\/uploads\/2024\/10\/IMG_2037-1-scaled.jpeg","datePublished":"2024-10-17T11:59:00+00:00","dateModified":"2024-10-17T12:51:24+00:00","breadcrumb":{"@id":"https:\/\/fcspartaktrnava.com\/karol-pecze-derby-zapasy-maju-svoj-charakter-a-oba-timy-pojdu-na-doraz\/#breadcrumb"},"inLanguage":"en-GB","potentialAction":[{"@type":"ReadAction","target":["https:\/\/fcspartaktrnava.com\/karol-pecze-derby-zapasy-maju-svoj-charakter-a-oba-timy-pojdu-na-doraz\/"]}]},{"@type":"ImageObject","inLanguage":"en-GB","@id":"https:\/\/fcspartaktrnava.com\/karol-pecze-derby-zapasy-maju-svoj-charakter-a-oba-timy-pojdu-na-doraz\/#primaryimage","url":"https:\/\/fcspartaktrnava.com\/wp-content\/uploads\/2024\/10\/IMG_2037-1-scaled.jpeg","contentUrl":"https:\/\/fcspartaktrnava.com\/wp-content\/uploads\/2024\/10\/IMG_2037-1-scaled.jpeg","width":2560,"height":1556},{"@type":"BreadcrumbList","@id":"https:\/\/fcspartaktrnava.com\/karol-pecze-derby-zapasy-maju-svoj-charakter-a-oba-timy-pojdu-na-doraz\/#breadcrumb","itemListElement":[{"@type":"ListItem","position":1,"name":"Home","item":"https:\/\/fcspartaktrnava.com\/"},{"@type":"ListItem","position":2,"name":"KAROL PECZE: &#8222;Derby z\u00e1pasy maj\u00fa svoj charakter a oba t\u00edmy p\u00f4jdu na doraz.&#8220;"}]},{"@type":"WebSite","@id":"https:\/\/fcspartaktrnava.com\/#website","url":"https:\/\/fcspartaktrnava.com\/","name":"FC Spartak Trnava","description":"ofici\u00e1lna webstr\u00e1nka futbalov\u00e9ho klubu","publisher":{"@id":"https:\/\/fcspartaktrnava.com\/#organization"},"potentialAction":[{"@type":"SearchAction","target":{"@type":"EntryPoint","urlTemplate":"https:\/\/fcspartaktrnava.com\/?s={search_term_string}"},"query-input":{"@type":"PropertyValueSpecification","valueRequired":true,"valueName":"search_term_string"}}],"inLanguage":"en-GB"},{"@type":"Organization","@id":"https:\/\/fcspartaktrnava.com\/#organization","name":"FC Spartak Trnava","alternateName":"Spartak","url":"https:\/\/fcspartaktrnava.com\/","logo":{"@type":"ImageObject","inLanguage":"en-GB","@id":"https:\/\/fcspartaktrnava.com\/#\/schema\/logo\/image\/","url":"https:\/\/fcspartaktrnava.com\/wp-content\/uploads\/2022\/08\/cropped-site_logo.png","contentUrl":"https:\/\/fcspartaktrnava.com\/wp-content\/uploads\/2022\/08\/cropped-site_logo.png","width":140,"height":140,"caption":"FC Spartak Trnava"},"image":{"@id":"https:\/\/fcspartaktrnava.com\/#\/schema\/logo\/image\/"},"sameAs":["https:\/\/www.facebook.com\/SpartakTrnava","https:\/\/x.com\/SpartakTrnava1","https:\/\/www.instagram.com\/spartak_sk\/"]},{"@type":"Person","@id":"https:\/\/fcspartaktrnava.com\/#\/schema\/person\/62c3c2562c3c56e4c0c8c2342c596ac0","name":"Samuel \u010eurinsk\u00fd","image":{"@type":"ImageObject","inLanguage":"en-GB","@id":"https:\/\/fcspartaktrnava.com\/#\/schema\/person\/image\/","url":"https:\/\/secure.gravatar.com\/avatar\/af2fa02af92418b86ed742470664fe40056833fb68d84becf03f6ab02319257c?s=96&d=mm&r=g","contentUrl":"https:\/\/secure.gravatar.com\/avatar\/af2fa02af92418b86ed742470664fe40056833fb68d84becf03f6ab02319257c?s=96&d=mm&r=g","caption":"Samuel \u010eurinsk\u00fd"},"url":"https:\/\/fcspartaktrnava.com\/en\/author\/fcst-samuel\/"}]}},"_links":{"self":[{"href":"https:\/\/fcspartaktrnava.com\/en\/wp-json\/wp\/v2\/posts\/23122","targetHints":{"allow":["GET"]}}],"collection":[{"href":"https:\/\/fcspartaktrnava.com\/en\/wp-json\/wp\/v2\/posts"}],"about":[{"href":"https:\/\/fcspartaktrnava.com\/en\/wp-json\/wp\/v2\/types\/post"}],"author":[{"embeddable":true,"href":"https:\/\/fcspartaktrnava.com\/en\/wp-json\/wp\/v2\/users\/5"}],"replies":[{"embeddable":true,"href":"https:\/\/fcspartaktrnava.com\/en\/wp-json\/wp\/v2\/comments?post=23122"}],"version-history":[{"count":0,"href":"https:\/\/fcspartaktrnava.com\/en\/wp-json\/wp\/v2\/posts\/23122\/revisions"}],"wp:featuredmedia":[{"embeddable":true,"href":"https:\/\/fcspartaktrnava.com\/en\/wp-json\/wp\/v2\/media\/23123"}],"wp:attachment":[{"href":"https:\/\/fcspartaktrnava.com\/en\/wp-json\/wp\/v2\/media?parent=23122"}],"wp:term":[{"taxonomy":"category","embeddable":true,"href":"https:\/\/fcspartaktrnava.com\/en\/wp-json\/wp\/v2\/categories?post=23122"},{"taxonomy":"post_tag","embeddable":true,"href":"https:\/\/fcspartaktrnava.com\/en\/wp-json\/wp\/v2\/tags?post=23122"}],"curies":[{"name":"wp","href":"https:\/\/api.w.org\/{rel}","templated":true}]}}