{"id":23101,"date":"2024-10-14T10:34:29","date_gmt":"2024-10-14T08:34:29","guid":{"rendered":"https:\/\/fcspartaktrnava.com\/?p=23101"},"modified":"2024-10-14T10:34:29","modified_gmt":"2024-10-14T08:34:29","slug":"derby-ked-posledny-zdolal-lidra","status":"publish","type":"post","link":"https:\/\/fcspartaktrnava.com\/en\/derby-ked-posledny-zdolal-lidra\/","title":{"rendered":"DERBY: Ke\u010f posledn\u00fd zdolal l\u00eddra"},"content":{"rendered":"<p class=\"has-text-align-center has-medium-font-size\">P\u00edsal sa rok 2012 a pre Spartak to nebola sez\u00f3na, na ktor\u00fa by spom\u00ednal s nad\u0161en\u00edm. Druh\u00fd november bol ale d\u0148om derby a na programe bolo 15. kolo najvy\u0161\u0161ej s\u00fa\u0165a\u017ee. Hralo sa v sychravom po\u010das\u00ed na staru\u010dkom \u0161tadi\u00f3ne na Pasienkoch. <\/p>\n\n\n\n<p class=\"has-text-align-center has-medium-font-size\">Slovan viedol s\u00fa\u0165a\u017e a pred z\u00e1pasom proti na\u0161im farb\u00e1m prehral dvakr\u00e1t. Naopak my sme mali konte prehier a\u017e sedem a na Pasienkoch sme teda rozhodne favoritmi neboli. Bol to tr\u00e9nersk\u00fd s\u00faboj medzi Slov\u00e1kom a Hoftychom a na ihrisku proti sebe nast\u00fapili siln\u00e9 men\u00e1 cel\u00e9ho slovensk\u00e9ho futbalu. Halen\u00e1r, Schranz, Karhan, \u017dof\u010d\u00e1k a \u010fal\u0161\u00ed. <\/p>\n\n\n<div class=\"wp-block-image\">\n<figure class=\"aligncenter size-large\"><img loading=\"lazy\" decoding=\"async\" width=\"1024\" height=\"682\" src=\"https:\/\/fcspartaktrnava.com\/wp-content\/uploads\/2024\/10\/unnamed-20-1024x682.jpg\" alt=\"\" class=\"wp-image-23102\" srcset=\"https:\/\/fcspartaktrnava.com\/wp-content\/uploads\/2024\/10\/unnamed-20-1024x682.jpg 1024w, https:\/\/fcspartaktrnava.com\/wp-content\/uploads\/2024\/10\/unnamed-20-300x200.jpg 300w, https:\/\/fcspartaktrnava.com\/wp-content\/uploads\/2024\/10\/unnamed-20-768x512.jpg 768w, https:\/\/fcspartaktrnava.com\/wp-content\/uploads\/2024\/10\/unnamed-20-1536x1023.jpg 1536w, https:\/\/fcspartaktrnava.com\/wp-content\/uploads\/2024\/10\/unnamed-20-18x12.jpg 18w, https:\/\/fcspartaktrnava.com\/wp-content\/uploads\/2024\/10\/unnamed-20.jpg 1600w\" sizes=\"auto, (max-width: 1024px) 100vw, 1024px\" \/><\/figure>\n<\/div>\n\n\n<hr class=\"wp-block-separator has-text-color has-vivid-red-color has-alpha-channel-opacity has-vivid-red-background-color has-background is-style-dots\"\/>\n\n\n\n<p class=\"has-text-align-center has-medium-font-size\">V zostave Spartaka nech\u00fdbali ani na\u0161i aktu\u00e1lni hr\u00e1\u010di Mikovi\u010d, Sabo a dnes u\u017e tr\u00e9ner Michal Ga\u0161par\u00edk. V br\u00e1ne nast\u00fapil Dobrivoj Rusov a od za\u010diatku musel by\u0165 v pozore po typickej delovke Kladrubsk\u00e9ho. T\u00e1 len presvi\u0161\u0165ala ponad jeho br\u00e1nu a my sme vz\u00e1p\u00e4t\u00ed pohrozili po prieniku Saba. Rusov dr\u017eal \u010dist\u00e9 konto aj po pr\u00edzemnej strele Halen\u00e1ra, ktor\u00e1 pri\u0161la min\u00fatu pred koncom prv\u00e9ho pol\u010dasu.<\/p>\n\n\n\n<h2 class=\"wp-block-heading has-text-align-center\">G\u00f3lov\u00e1 delovka a dymovnice na trib\u00fanach<\/h2>\n\n\n\n<p class=\"has-text-align-center has-medium-font-size\"><strong>Hne\u010f v \u00favode druh\u00e9ho pol\u010dasu sme udreli! Dom\u00e1ci stratili loptu na vlastnej polovici, z\u00edskal ju bojovn\u00fd Vlasko, prihral Ga\u0161par\u00edkovi a ten nekompromisnou delovkou spoza pokutov\u00e9ho \u00fazemia strelil g\u00f3l. <\/strong><\/p>\n\n\n<div class=\"wp-block-image\">\n<figure class=\"aligncenter size-large\"><img loading=\"lazy\" decoding=\"async\" width=\"1024\" height=\"682\" src=\"https:\/\/fcspartaktrnava.com\/wp-content\/uploads\/2024\/10\/unnamed-22-1024x682.jpg\" alt=\"\" class=\"wp-image-23103\" srcset=\"https:\/\/fcspartaktrnava.com\/wp-content\/uploads\/2024\/10\/unnamed-22-1024x682.jpg 1024w, https:\/\/fcspartaktrnava.com\/wp-content\/uploads\/2024\/10\/unnamed-22-300x200.jpg 300w, https:\/\/fcspartaktrnava.com\/wp-content\/uploads\/2024\/10\/unnamed-22-768x512.jpg 768w, https:\/\/fcspartaktrnava.com\/wp-content\/uploads\/2024\/10\/unnamed-22-1536x1023.jpg 1536w, https:\/\/fcspartaktrnava.com\/wp-content\/uploads\/2024\/10\/unnamed-22-18x12.jpg 18w, https:\/\/fcspartaktrnava.com\/wp-content\/uploads\/2024\/10\/unnamed-22.jpg 1600w\" sizes=\"auto, (max-width: 1024px) 100vw, 1024px\" \/><\/figure>\n<\/div>\n\n\n<p class=\"has-text-align-center\">Rados\u0165 po g\u00f3le Ga\u0161par\u00edka.<\/p>\n\n\n\n<hr class=\"wp-block-separator has-text-color has-vivid-red-color has-alpha-channel-opacity has-vivid-red-background-color has-background is-style-dots\"\/>\n\n\n\n<p class=\"has-text-align-center has-medium-font-size\">Dom\u00e1ci s\u00edce zv\u00fd\u0161ili tempo a snahu o vyrovnanie, ale priebeh hry v\u00f4bec neukazoval tabu\u013ekov\u00e9 poz\u00edcie oboch t\u00edmov. U\u017e tradi\u010dne sa z\u00e1pas neobi\u0161iel bez preru\u0161enia. V 64. min\u00fate si dom\u00e1ci fan\u00fa\u0161ikovia zap\u00e1lili dymovn\u00edc viac, ako by bolo vhodn\u00e9 a cel\u00e9 Pasienky pohltil hust\u00fd dym. Pokra\u010dovalo sa a\u017e po 18-tich min\u00fatach. Do konca z\u00e1pasu sme u\u017e tlaku Slovana odolali a vybojovali ve\u013emi cenn\u00e9 tri body. <\/p>\n\n\n<div class=\"wp-block-image\">\n<figure class=\"aligncenter size-large\"><img loading=\"lazy\" decoding=\"async\" width=\"1024\" height=\"682\" src=\"https:\/\/fcspartaktrnava.com\/wp-content\/uploads\/2024\/10\/a1e5dfee-53b3-4c72-8d76-a317b0e95568-1024x682.jpg\" alt=\"\" class=\"wp-image-23104\" srcset=\"https:\/\/fcspartaktrnava.com\/wp-content\/uploads\/2024\/10\/a1e5dfee-53b3-4c72-8d76-a317b0e95568-1024x682.jpg 1024w, https:\/\/fcspartaktrnava.com\/wp-content\/uploads\/2024\/10\/a1e5dfee-53b3-4c72-8d76-a317b0e95568-300x200.jpg 300w, https:\/\/fcspartaktrnava.com\/wp-content\/uploads\/2024\/10\/a1e5dfee-53b3-4c72-8d76-a317b0e95568-768x512.jpg 768w, https:\/\/fcspartaktrnava.com\/wp-content\/uploads\/2024\/10\/a1e5dfee-53b3-4c72-8d76-a317b0e95568-1536x1023.jpg 1536w, https:\/\/fcspartaktrnava.com\/wp-content\/uploads\/2024\/10\/a1e5dfee-53b3-4c72-8d76-a317b0e95568-18x12.jpg 18w, https:\/\/fcspartaktrnava.com\/wp-content\/uploads\/2024\/10\/a1e5dfee-53b3-4c72-8d76-a317b0e95568.jpg 1600w\" sizes=\"auto, (max-width: 1024px) 100vw, 1024px\" \/><\/figure>\n<\/div>\n\n\n<hr class=\"wp-block-separator has-text-color has-vivid-red-color has-alpha-channel-opacity has-vivid-red-background-color has-background is-style-dots\"\/>\n\n\n\n<p class=\"has-text-align-center has-medium-font-size\">Napriek tomu, \u017ee Slovan figuroval na prvej poz\u00edcii, z\u00e1pas sledovalo len 3853 div\u00e1kov.<\/p>\n\n\n\n<p class=\"has-text-align-center has-medium-font-size\">Sez\u00f3na 2012\/2013 skon\u010dila pre na\u0161e farby na predposlednom mieste a z\u00e1chranou v najvy\u0161\u0161ej s\u00fa\u0165a\u017ei.<\/p>\n\n\n\n<hr class=\"wp-block-separator has-alpha-channel-opacity\"\/>\n\n\n\n<p class=\"has-text-align-center has-medium-font-size\">Pred 173. derby sme ale na tre\u0165om mieste a bez jedinej prehry. <\/p>\n\n\n\n<p class=\"has-text-align-center has-medium-font-size\">U\u017e v sobotu 19. okt\u00f3bra od 18:00 sa vid\u00edme na \u0160tadi\u00f3ne Antona Malatinsk\u00e9ho! V\u0160ETCI NA \u0160TADI\u00d3N! <\/p>\n\n\n\n<p class=\"has-text-align-center has-black-color has-white-background-color has-text-color has-background has-link-color has-medium-font-size wp-elements-86e02fe9ff3e17ed0104b3166e920b27\"><strong>Vstupenky v sieti <a href=\"https:\/\/predpredaj.zoznam.sk\/sk\/listky\/fc-spartak-trnava-sk-slovan-bratislava-2024-10-19\/\">predpredaj.sk<\/a><\/strong><\/p>","protected":false},"excerpt":{"rendered":"<p>P\u00edsal sa rok 2012 a pre Spartak to&#8230;<\/p>","protected":false},"author":5,"featured_media":23105,"comment_status":"closed","ping_status":"closed","sticky":false,"template":"","format":"standard","meta":{"footnotes":""},"categories":[12],"tags":[],"class_list":["post-23101","post","type-post","status-publish","format-standard","has-post-thumbnail","hentry","category-spravy","post-number-1"],"yoast_head":"<!-- This site is optimized with the Yoast SEO plugin v27.1.1 - https:\/\/yoast.com\/product\/yoast-seo-wordpress\/ -->\n<title>DERBY: Ke\u010f posledn\u00fd zdolal l\u00eddra - FC Spartak Trnava<\/title>\n<meta name=\"robots\" content=\"index, follow, max-snippet:-1, max-image-preview:large, max-video-preview:-1\" \/>\n<link rel=\"canonical\" href=\"https:\/\/fcspartaktrnava.com\/en\/derby-ked-posledny-zdolal-lidra\/\" \/>\n<meta name=\"twitter:label1\" content=\"Written by\" \/>\n\t<meta name=\"twitter:data1\" content=\"Samuel \u010eurinsk\u00fd\" \/>\n\t<meta name=\"twitter:label2\" content=\"Estimated reading time\" \/>\n\t<meta name=\"twitter:data2\" content=\"3 minutes\" \/>\n<script type=\"application\/ld+json\" class=\"yoast-schema-graph\">{\"@context\":\"https:\/\/schema.org\",\"@graph\":[{\"@type\":\"Article\",\"@id\":\"https:\/\/fcspartaktrnava.com\/derby-ked-posledny-zdolal-lidra\/#article\",\"isPartOf\":{\"@id\":\"https:\/\/fcspartaktrnava.com\/derby-ked-posledny-zdolal-lidra\/\"},\"author\":{\"name\":\"Samuel \u010eurinsk\u00fd\",\"@id\":\"https:\/\/fcspartaktrnava.com\/#\/schema\/person\/62c3c2562c3c56e4c0c8c2342c596ac0\"},\"headline\":\"DERBY: Ke\u010f posledn\u00fd zdolal l\u00eddra\",\"datePublished\":\"2024-10-14T08:34:29+00:00\",\"mainEntityOfPage\":{\"@id\":\"https:\/\/fcspartaktrnava.com\/derby-ked-posledny-zdolal-lidra\/\"},\"wordCount\":410,\"publisher\":{\"@id\":\"https:\/\/fcspartaktrnava.com\/#organization\"},\"image\":{\"@id\":\"https:\/\/fcspartaktrnava.com\/derby-ked-posledny-zdolal-lidra\/#primaryimage\"},\"thumbnailUrl\":\"https:\/\/fcspartaktrnava.com\/wp-content\/uploads\/2024\/10\/unnamed-21.jpg\",\"articleSection\":[\"Spr\u00e1vy\"],\"inLanguage\":\"en-GB\"},{\"@type\":\"WebPage\",\"@id\":\"https:\/\/fcspartaktrnava.com\/derby-ked-posledny-zdolal-lidra\/\",\"url\":\"https:\/\/fcspartaktrnava.com\/derby-ked-posledny-zdolal-lidra\/\",\"name\":\"DERBY: Ke\u010f posledn\u00fd zdolal l\u00eddra - FC Spartak Trnava\",\"isPartOf\":{\"@id\":\"https:\/\/fcspartaktrnava.com\/#website\"},\"primaryImageOfPage\":{\"@id\":\"https:\/\/fcspartaktrnava.com\/derby-ked-posledny-zdolal-lidra\/#primaryimage\"},\"image\":{\"@id\":\"https:\/\/fcspartaktrnava.com\/derby-ked-posledny-zdolal-lidra\/#primaryimage\"},\"thumbnailUrl\":\"https:\/\/fcspartaktrnava.com\/wp-content\/uploads\/2024\/10\/unnamed-21.jpg\",\"datePublished\":\"2024-10-14T08:34:29+00:00\",\"breadcrumb\":{\"@id\":\"https:\/\/fcspartaktrnava.com\/derby-ked-posledny-zdolal-lidra\/#breadcrumb\"},\"inLanguage\":\"en-GB\",\"potentialAction\":[{\"@type\":\"ReadAction\",\"target\":[\"https:\/\/fcspartaktrnava.com\/derby-ked-posledny-zdolal-lidra\/\"]}]},{\"@type\":\"ImageObject\",\"inLanguage\":\"en-GB\",\"@id\":\"https:\/\/fcspartaktrnava.com\/derby-ked-posledny-zdolal-lidra\/#primaryimage\",\"url\":\"https:\/\/fcspartaktrnava.com\/wp-content\/uploads\/2024\/10\/unnamed-21.jpg\",\"contentUrl\":\"https:\/\/fcspartaktrnava.com\/wp-content\/uploads\/2024\/10\/unnamed-21.jpg\",\"width\":1600,\"height\":1066},{\"@type\":\"BreadcrumbList\",\"@id\":\"https:\/\/fcspartaktrnava.com\/derby-ked-posledny-zdolal-lidra\/#breadcrumb\",\"itemListElement\":[{\"@type\":\"ListItem\",\"position\":1,\"name\":\"Home\",\"item\":\"https:\/\/fcspartaktrnava.com\/\"},{\"@type\":\"ListItem\",\"position\":2,\"name\":\"DERBY: Ke\u010f posledn\u00fd zdolal l\u00eddra\"}]},{\"@type\":\"WebSite\",\"@id\":\"https:\/\/fcspartaktrnava.com\/#website\",\"url\":\"https:\/\/fcspartaktrnava.com\/\",\"name\":\"FC Spartak Trnava\",\"description\":\"ofici\u00e1lna webstr\u00e1nka futbalov\u00e9ho klubu\",\"publisher\":{\"@id\":\"https:\/\/fcspartaktrnava.com\/#organization\"},\"potentialAction\":[{\"@type\":\"SearchAction\",\"target\":{\"@type\":\"EntryPoint\",\"urlTemplate\":\"https:\/\/fcspartaktrnava.com\/?s={search_term_string}\"},\"query-input\":{\"@type\":\"PropertyValueSpecification\",\"valueRequired\":true,\"valueName\":\"search_term_string\"}}],\"inLanguage\":\"en-GB\"},{\"@type\":\"Organization\",\"@id\":\"https:\/\/fcspartaktrnava.com\/#organization\",\"name\":\"FC Spartak Trnava\",\"alternateName\":\"Spartak\",\"url\":\"https:\/\/fcspartaktrnava.com\/\",\"logo\":{\"@type\":\"ImageObject\",\"inLanguage\":\"en-GB\",\"@id\":\"https:\/\/fcspartaktrnava.com\/#\/schema\/logo\/image\/\",\"url\":\"https:\/\/fcspartaktrnava.com\/wp-content\/uploads\/2022\/08\/cropped-site_logo.png\",\"contentUrl\":\"https:\/\/fcspartaktrnava.com\/wp-content\/uploads\/2022\/08\/cropped-site_logo.png\",\"width\":140,\"height\":140,\"caption\":\"FC Spartak Trnava\"},\"image\":{\"@id\":\"https:\/\/fcspartaktrnava.com\/#\/schema\/logo\/image\/\"},\"sameAs\":[\"https:\/\/www.facebook.com\/SpartakTrnava\",\"https:\/\/x.com\/SpartakTrnava1\",\"https:\/\/www.instagram.com\/spartak_sk\/\"]},{\"@type\":\"Person\",\"@id\":\"https:\/\/fcspartaktrnava.com\/#\/schema\/person\/62c3c2562c3c56e4c0c8c2342c596ac0\",\"name\":\"Samuel \u010eurinsk\u00fd\",\"image\":{\"@type\":\"ImageObject\",\"inLanguage\":\"en-GB\",\"@id\":\"https:\/\/fcspartaktrnava.com\/#\/schema\/person\/image\/\",\"url\":\"https:\/\/secure.gravatar.com\/avatar\/af2fa02af92418b86ed742470664fe40056833fb68d84becf03f6ab02319257c?s=96&d=mm&r=g\",\"contentUrl\":\"https:\/\/secure.gravatar.com\/avatar\/af2fa02af92418b86ed742470664fe40056833fb68d84becf03f6ab02319257c?s=96&d=mm&r=g\",\"caption\":\"Samuel \u010eurinsk\u00fd\"},\"url\":\"https:\/\/fcspartaktrnava.com\/en\/author\/fcst-samuel\/\"}]}<\/script>\n<!-- \/ Yoast SEO plugin. -->","yoast_head_json":{"title":"DERBY: Ke\u010f posledn\u00fd zdolal l\u00eddra - FC Spartak Trnava","robots":{"index":"index","follow":"follow","max-snippet":"max-snippet:-1","max-image-preview":"max-image-preview:large","max-video-preview":"max-video-preview:-1"},"canonical":"https:\/\/fcspartaktrnava.com\/en\/derby-ked-posledny-zdolal-lidra\/","twitter_misc":{"Written by":"Samuel \u010eurinsk\u00fd","Estimated reading time":"3 minutes"},"schema":{"@context":"https:\/\/schema.org","@graph":[{"@type":"Article","@id":"https:\/\/fcspartaktrnava.com\/derby-ked-posledny-zdolal-lidra\/#article","isPartOf":{"@id":"https:\/\/fcspartaktrnava.com\/derby-ked-posledny-zdolal-lidra\/"},"author":{"name":"Samuel \u010eurinsk\u00fd","@id":"https:\/\/fcspartaktrnava.com\/#\/schema\/person\/62c3c2562c3c56e4c0c8c2342c596ac0"},"headline":"DERBY: Ke\u010f posledn\u00fd zdolal l\u00eddra","datePublished":"2024-10-14T08:34:29+00:00","mainEntityOfPage":{"@id":"https:\/\/fcspartaktrnava.com\/derby-ked-posledny-zdolal-lidra\/"},"wordCount":410,"publisher":{"@id":"https:\/\/fcspartaktrnava.com\/#organization"},"image":{"@id":"https:\/\/fcspartaktrnava.com\/derby-ked-posledny-zdolal-lidra\/#primaryimage"},"thumbnailUrl":"https:\/\/fcspartaktrnava.com\/wp-content\/uploads\/2024\/10\/unnamed-21.jpg","articleSection":["Spr\u00e1vy"],"inLanguage":"en-GB"},{"@type":"WebPage","@id":"https:\/\/fcspartaktrnava.com\/derby-ked-posledny-zdolal-lidra\/","url":"https:\/\/fcspartaktrnava.com\/derby-ked-posledny-zdolal-lidra\/","name":"DERBY: Ke\u010f posledn\u00fd zdolal l\u00eddra - FC Spartak Trnava","isPartOf":{"@id":"https:\/\/fcspartaktrnava.com\/#website"},"primaryImageOfPage":{"@id":"https:\/\/fcspartaktrnava.com\/derby-ked-posledny-zdolal-lidra\/#primaryimage"},"image":{"@id":"https:\/\/fcspartaktrnava.com\/derby-ked-posledny-zdolal-lidra\/#primaryimage"},"thumbnailUrl":"https:\/\/fcspartaktrnava.com\/wp-content\/uploads\/2024\/10\/unnamed-21.jpg","datePublished":"2024-10-14T08:34:29+00:00","breadcrumb":{"@id":"https:\/\/fcspartaktrnava.com\/derby-ked-posledny-zdolal-lidra\/#breadcrumb"},"inLanguage":"en-GB","potentialAction":[{"@type":"ReadAction","target":["https:\/\/fcspartaktrnava.com\/derby-ked-posledny-zdolal-lidra\/"]}]},{"@type":"ImageObject","inLanguage":"en-GB","@id":"https:\/\/fcspartaktrnava.com\/derby-ked-posledny-zdolal-lidra\/#primaryimage","url":"https:\/\/fcspartaktrnava.com\/wp-content\/uploads\/2024\/10\/unnamed-21.jpg","contentUrl":"https:\/\/fcspartaktrnava.com\/wp-content\/uploads\/2024\/10\/unnamed-21.jpg","width":1600,"height":1066},{"@type":"BreadcrumbList","@id":"https:\/\/fcspartaktrnava.com\/derby-ked-posledny-zdolal-lidra\/#breadcrumb","itemListElement":[{"@type":"ListItem","position":1,"name":"Home","item":"https:\/\/fcspartaktrnava.com\/"},{"@type":"ListItem","position":2,"name":"DERBY: Ke\u010f posledn\u00fd zdolal l\u00eddra"}]},{"@type":"WebSite","@id":"https:\/\/fcspartaktrnava.com\/#website","url":"https:\/\/fcspartaktrnava.com\/","name":"FC Spartak Trnava","description":"ofici\u00e1lna webstr\u00e1nka futbalov\u00e9ho klubu","publisher":{"@id":"https:\/\/fcspartaktrnava.com\/#organization"},"potentialAction":[{"@type":"SearchAction","target":{"@type":"EntryPoint","urlTemplate":"https:\/\/fcspartaktrnava.com\/?s={search_term_string}"},"query-input":{"@type":"PropertyValueSpecification","valueRequired":true,"valueName":"search_term_string"}}],"inLanguage":"en-GB"},{"@type":"Organization","@id":"https:\/\/fcspartaktrnava.com\/#organization","name":"FC Spartak Trnava","alternateName":"Spartak","url":"https:\/\/fcspartaktrnava.com\/","logo":{"@type":"ImageObject","inLanguage":"en-GB","@id":"https:\/\/fcspartaktrnava.com\/#\/schema\/logo\/image\/","url":"https:\/\/fcspartaktrnava.com\/wp-content\/uploads\/2022\/08\/cropped-site_logo.png","contentUrl":"https:\/\/fcspartaktrnava.com\/wp-content\/uploads\/2022\/08\/cropped-site_logo.png","width":140,"height":140,"caption":"FC Spartak Trnava"},"image":{"@id":"https:\/\/fcspartaktrnava.com\/#\/schema\/logo\/image\/"},"sameAs":["https:\/\/www.facebook.com\/SpartakTrnava","https:\/\/x.com\/SpartakTrnava1","https:\/\/www.instagram.com\/spartak_sk\/"]},{"@type":"Person","@id":"https:\/\/fcspartaktrnava.com\/#\/schema\/person\/62c3c2562c3c56e4c0c8c2342c596ac0","name":"Samuel \u010eurinsk\u00fd","image":{"@type":"ImageObject","inLanguage":"en-GB","@id":"https:\/\/fcspartaktrnava.com\/#\/schema\/person\/image\/","url":"https:\/\/secure.gravatar.com\/avatar\/af2fa02af92418b86ed742470664fe40056833fb68d84becf03f6ab02319257c?s=96&d=mm&r=g","contentUrl":"https:\/\/secure.gravatar.com\/avatar\/af2fa02af92418b86ed742470664fe40056833fb68d84becf03f6ab02319257c?s=96&d=mm&r=g","caption":"Samuel \u010eurinsk\u00fd"},"url":"https:\/\/fcspartaktrnava.com\/en\/author\/fcst-samuel\/"}]}},"_links":{"self":[{"href":"https:\/\/fcspartaktrnava.com\/en\/wp-json\/wp\/v2\/posts\/23101","targetHints":{"allow":["GET"]}}],"collection":[{"href":"https:\/\/fcspartaktrnava.com\/en\/wp-json\/wp\/v2\/posts"}],"about":[{"href":"https:\/\/fcspartaktrnava.com\/en\/wp-json\/wp\/v2\/types\/post"}],"author":[{"embeddable":true,"href":"https:\/\/fcspartaktrnava.com\/en\/wp-json\/wp\/v2\/users\/5"}],"replies":[{"embeddable":true,"href":"https:\/\/fcspartaktrnava.com\/en\/wp-json\/wp\/v2\/comments?post=23101"}],"version-history":[{"count":0,"href":"https:\/\/fcspartaktrnava.com\/en\/wp-json\/wp\/v2\/posts\/23101\/revisions"}],"wp:featuredmedia":[{"embeddable":true,"href":"https:\/\/fcspartaktrnava.com\/en\/wp-json\/wp\/v2\/media\/23105"}],"wp:attachment":[{"href":"https:\/\/fcspartaktrnava.com\/en\/wp-json\/wp\/v2\/media?parent=23101"}],"wp:term":[{"taxonomy":"category","embeddable":true,"href":"https:\/\/fcspartaktrnava.com\/en\/wp-json\/wp\/v2\/categories?post=23101"},{"taxonomy":"post_tag","embeddable":true,"href":"https:\/\/fcspartaktrnava.com\/en\/wp-json\/wp\/v2\/tags?post=23101"}],"curies":[{"name":"wp","href":"https:\/\/api.w.org\/{rel}","templated":true}]}}