{"id":23089,"date":"2024-10-10T10:07:39","date_gmt":"2024-10-10T08:07:39","guid":{"rendered":"https:\/\/fcspartaktrnava.com\/?p=23089"},"modified":"2024-10-10T10:07:40","modified_gmt":"2024-10-10T08:07:40","slug":"derby-horuci-duel-pred-vyse-12-tisic-divakmi","status":"publish","type":"post","link":"https:\/\/fcspartaktrnava.com\/en\/derby-horuci-duel-pred-vyse-12-tisic-divakmi\/","title":{"rendered":"DERBY: Hor\u00faci duel pred vy\u0161e 12-tis\u00edc div\u00e1kmi"},"content":{"rendered":"<p class=\"has-text-align-center has-medium-font-size\"><strong>Kampa\u0148 v duchu VYPREDAJME DERBY, sez\u00f3na so skupinovou f\u00e1zou Eur\u00f3pskej konferen\u010dnej ligy a 12 528 div\u00e1kov na \u0160tadi\u00f3ne Antona Malatinsk\u00e9ho. <\/strong><\/p>\n\n\n\n<p class=\"has-text-align-center has-medium-font-size\"><strong>Aj tak\u00e9 bolo 169. vydanie Tradi\u010dn\u00e9ho derby 22. okt\u00f3bra 2023.<\/strong> <\/p>\n\n\n\n<p class=\"has-text-align-center has-medium-font-size\">Pam\u00e4t\u00e1te si na neho? Prenesme sa aspo\u0148 nachv\u00ed\u013eu do minulosti, ktor\u00e1 s\u00edce na\u0161im farb\u00e1m v\u00fdhru nepriniesla, ale na trib\u00fanach to bol pre Slovan priam debakel.<\/p>\n\n\n\n<h2 class=\"wp-block-heading has-text-align-center\">Ohe\u0148, voda, v\u00edtr&#8230; <\/h2>\n\n\n\n<p class=\"has-text-align-center has-medium-font-size\">Aj derby \u010d\u00edslo 169. malo v\u0161etko, \u010do sa od neho o\u010dak\u00e1va. Ohne, transparenty, tvrd\u00e9 s\u00faboje na ihrisku a hlasn\u00e9 pokriky na trib\u00fanach. Jese\u0148 v znamen\u00ed eur\u00f3pskeho futbalu na\u017ehavila srdcia \u010derveno-\u010d\u00edrnych fan\u00fa\u0161ikov a priniesla duel, v ktorom chceli zverenci tr\u00e9nera Michala Ga\u0161par\u00edka uspie\u0165. Bol to z\u00e1pas 11. kola Nik\u00e9 ligy, pred ktor\u00fdm sme mali na konte <strong>tri v\u00fdhry<\/strong> v rade a chceli prida\u0165 \u010fal\u0161iu. <\/p>\n\n\n\n<p class=\"has-text-align-center has-medium-font-size\"><strong>Samotn\u00e9mu \u0161tartu duelu predch\u00e1dzali sl\u00e1vnostn\u00e9 a pam\u00e4tn\u00e9 momenty pre kanoniera Michala \u010euri\u0161a. Okrem uvedenia do klubu ligov\u00fdch kanonierov z\u00edskal aj ocenenie pre hr\u00e1\u010da mesiaca september v najvy\u0161\u0161ej s\u00fa\u0165a\u017ei. \u010euri\u0161 dominoval v hlasovan\u00ed odbornej komisie, mal skvel\u00fa formu a na ihrisku predv\u00e1dzal v\u00fdkony hodn\u00e9 TOP \u00fato\u010dn\u00edka. Hne\u010f po n\u00e1vrate na Slovensko a do najvy\u0161\u0161ej slovenskej s\u00fa\u0165a\u017ee zaznamenal g\u00f3l a otvoril si tak streleck\u00fd \u00fa\u010det v na\u0161om drese. V tomto trende pokra\u010doval po\u010das cel\u00e9ho septembra 2023 a na bodov\u00e9 konto mu pribudli tri g\u00f3ly a tri asistencie.<\/strong><\/p>\n\n\n<div class=\"wp-block-image\">\n<figure class=\"aligncenter size-large\"><img loading=\"lazy\" decoding=\"async\" width=\"1024\" height=\"683\" src=\"https:\/\/fcspartaktrnava.com\/wp-content\/uploads\/2024\/10\/DSC_8638-1024x683.jpg\" alt=\"\" class=\"wp-image-23090\" srcset=\"https:\/\/fcspartaktrnava.com\/wp-content\/uploads\/2024\/10\/DSC_8638-1024x683.jpg 1024w, https:\/\/fcspartaktrnava.com\/wp-content\/uploads\/2024\/10\/DSC_8638-300x200.jpg 300w, https:\/\/fcspartaktrnava.com\/wp-content\/uploads\/2024\/10\/DSC_8638-768x512.jpg 768w, https:\/\/fcspartaktrnava.com\/wp-content\/uploads\/2024\/10\/DSC_8638-1536x1024.jpg 1536w, https:\/\/fcspartaktrnava.com\/wp-content\/uploads\/2024\/10\/DSC_8638-2048x1365.jpg 2048w, https:\/\/fcspartaktrnava.com\/wp-content\/uploads\/2024\/10\/DSC_8638-18x12.jpg 18w\" sizes=\"auto, (max-width: 1024px) 100vw, 1024px\" \/><\/figure>\n<\/div>\n\n\n<hr class=\"wp-block-separator has-text-color has-vivid-red-color has-alpha-channel-opacity has-vivid-red-background-color has-background is-style-dots\"\/>\n\n\n\n<p class=\"has-text-align-center has-medium-font-size\">Telev\u00edzny z\u00e1pas, z\u00e1pas mesiaca. Mno\u017estvo pr\u00edvlastkov pre v\u00fdnimo\u010dn\u00fd duel v elektrizuj\u00facej atmosf\u00e9re bol na ihrisku taktick\u00fd a prv\u00fd pol\u010das g\u00f3lom div\u00e1kov nepote\u0161il ani jeden t\u00edm. Na trib\u00fane sme ale videli ohne, pre ktor\u00e9 musel by\u0165 z\u00e1pas dvakr\u00e1t preru\u0161en\u00fd. Na\u0161\u0165astie sa neaplikovalo pr\u00edslovie trikr\u00e1t a dos\u0165, ktor\u00fdm hrozili deleg\u00e1ti stretnutia a z\u00e1pas sa dohral.<\/p>\n\n\n\n<p class=\"has-text-align-center has-medium-font-size\">Na g\u00f3l najv\u00e4\u010d\u0161ieho rivala zo 64. min\u00faty odpovedal Zeljkovi\u0107 exportnou strelou z voleja a na konto si prip\u00edsal svoj debutov\u00fd presn\u00fd z\u00e1pas v trnavskom drese. \u0160tadi\u00f3n explodoval rados\u0165ou, ktor\u00e1 ale trvala len desa\u0165 min\u00fat. Zeljkovi\u0107ov g\u00f3l napokon na body nesta\u010dil a Slovan dok\u00e1zal uspie\u0165 v 169. Tradi\u010dnom derby.<\/p>\n\n\n<div class=\"wp-block-image\">\n<figure class=\"aligncenter size-large\"><img loading=\"lazy\" decoding=\"async\" width=\"1024\" height=\"683\" src=\"https:\/\/fcspartaktrnava.com\/wp-content\/uploads\/2024\/10\/DSC_8849-1024x683.jpg\" alt=\"\" class=\"wp-image-23091\" srcset=\"https:\/\/fcspartaktrnava.com\/wp-content\/uploads\/2024\/10\/DSC_8849-1024x683.jpg 1024w, https:\/\/fcspartaktrnava.com\/wp-content\/uploads\/2024\/10\/DSC_8849-300x200.jpg 300w, https:\/\/fcspartaktrnava.com\/wp-content\/uploads\/2024\/10\/DSC_8849-768x512.jpg 768w, https:\/\/fcspartaktrnava.com\/wp-content\/uploads\/2024\/10\/DSC_8849-1536x1024.jpg 1536w, https:\/\/fcspartaktrnava.com\/wp-content\/uploads\/2024\/10\/DSC_8849-2048x1365.jpg 2048w, https:\/\/fcspartaktrnava.com\/wp-content\/uploads\/2024\/10\/DSC_8849-18x12.jpg 18w\" sizes=\"auto, (max-width: 1024px) 100vw, 1024px\" \/><\/figure>\n<\/div>\n\n\n<hr class=\"wp-block-separator has-alpha-channel-opacity\"\/>\n\n\n\n<p class=\"has-text-align-center has-white-color has-black-background-color has-text-color has-background has-link-color has-medium-font-size wp-elements-dff1c91661d868fa75d1264bb489877f\"><a href=\"https:\/\/fcspartaktrnava.com\/en\/galerii\/11-kolo-nl-fc-spartak-trnava-vs-sk-slovan-bratislava\/\"><strong>169. DERBY V OBRAZOCH<\/strong><\/a><\/p>\n\n\n\n<hr class=\"wp-block-separator has-alpha-channel-opacity\"\/>\n\n\n\n<p class=\"has-text-align-center has-medium-font-size\"><strong>A \u010do n\u00e1m prinesie DERBY \u010d\u00edslo 173? Dozvieme sa u\u017e 19. okt\u00f3bra od 18:00 na \u0160tadi\u00f3ne Antona Malatinsk\u00e9ho. <\/strong><\/p>\n\n\n\n<p class=\"has-text-align-center has-medium-font-size\"><strong>A VY PRI TOM NESMIETE CH\u00ddBA\u0164! Vyberte si svoje miesto u\u017e teraz!<\/strong><\/p>\n\n\n\n<p class=\"has-text-align-center has-medium-font-size\"><strong>VSTUPENKY V SIETI <a href=\"https:\/\/predpredaj.zoznam.sk\/sk\/listky\/fc-spartak-trnava-sk-slovan-bratislava-2024-10-19\/\">PREDPREDAJ.SK<\/a><\/strong><\/p>","protected":false},"excerpt":{"rendered":"<p>Kampa\u0148 v duchu VYPREDAJME DERBY, sez\u00f3na so skupinovou&#8230;<\/p>","protected":false},"author":5,"featured_media":23092,"comment_status":"closed","ping_status":"closed","sticky":false,"template":"","format":"standard","meta":{"footnotes":""},"categories":[12],"tags":[],"class_list":["post-23089","post","type-post","status-publish","format-standard","has-post-thumbnail","hentry","category-spravy","post-number-1"],"yoast_head":"<!-- This site is optimized with the Yoast SEO plugin v27.1.1 - https:\/\/yoast.com\/product\/yoast-seo-wordpress\/ -->\n<title>DERBY: Hor\u00faci duel pred vy\u0161e 12-tis\u00edc div\u00e1kmi - FC Spartak Trnava<\/title>\n<meta name=\"robots\" content=\"index, follow, max-snippet:-1, max-image-preview:large, max-video-preview:-1\" \/>\n<link rel=\"canonical\" href=\"https:\/\/fcspartaktrnava.com\/en\/derby-horuci-duel-pred-vyse-12-tisic-divakmi\/\" \/>\n<meta name=\"twitter:label1\" content=\"Written by\" \/>\n\t<meta name=\"twitter:data1\" content=\"Samuel \u010eurinsk\u00fd\" \/>\n\t<meta name=\"twitter:label2\" content=\"Estimated reading time\" \/>\n\t<meta name=\"twitter:data2\" content=\"3 minutes\" \/>\n<script type=\"application\/ld+json\" class=\"yoast-schema-graph\">{\"@context\":\"https:\/\/schema.org\",\"@graph\":[{\"@type\":\"Article\",\"@id\":\"https:\/\/fcspartaktrnava.com\/derby-horuci-duel-pred-vyse-12-tisic-divakmi\/#article\",\"isPartOf\":{\"@id\":\"https:\/\/fcspartaktrnava.com\/derby-horuci-duel-pred-vyse-12-tisic-divakmi\/\"},\"author\":{\"name\":\"Samuel \u010eurinsk\u00fd\",\"@id\":\"https:\/\/fcspartaktrnava.com\/#\/schema\/person\/62c3c2562c3c56e4c0c8c2342c596ac0\"},\"headline\":\"DERBY: Hor\u00faci duel pred vy\u0161e 12-tis\u00edc div\u00e1kmi\",\"datePublished\":\"2024-10-10T08:07:39+00:00\",\"dateModified\":\"2024-10-10T08:07:40+00:00\",\"mainEntityOfPage\":{\"@id\":\"https:\/\/fcspartaktrnava.com\/derby-horuci-duel-pred-vyse-12-tisic-divakmi\/\"},\"wordCount\":445,\"publisher\":{\"@id\":\"https:\/\/fcspartaktrnava.com\/#organization\"},\"image\":{\"@id\":\"https:\/\/fcspartaktrnava.com\/derby-horuci-duel-pred-vyse-12-tisic-divakmi\/#primaryimage\"},\"thumbnailUrl\":\"https:\/\/fcspartaktrnava.com\/wp-content\/uploads\/2024\/10\/DSC_8866-scaled.jpg\",\"articleSection\":[\"Spr\u00e1vy\"],\"inLanguage\":\"en-GB\"},{\"@type\":\"WebPage\",\"@id\":\"https:\/\/fcspartaktrnava.com\/derby-horuci-duel-pred-vyse-12-tisic-divakmi\/\",\"url\":\"https:\/\/fcspartaktrnava.com\/derby-horuci-duel-pred-vyse-12-tisic-divakmi\/\",\"name\":\"DERBY: Hor\u00faci duel pred vy\u0161e 12-tis\u00edc div\u00e1kmi - FC Spartak Trnava\",\"isPartOf\":{\"@id\":\"https:\/\/fcspartaktrnava.com\/#website\"},\"primaryImageOfPage\":{\"@id\":\"https:\/\/fcspartaktrnava.com\/derby-horuci-duel-pred-vyse-12-tisic-divakmi\/#primaryimage\"},\"image\":{\"@id\":\"https:\/\/fcspartaktrnava.com\/derby-horuci-duel-pred-vyse-12-tisic-divakmi\/#primaryimage\"},\"thumbnailUrl\":\"https:\/\/fcspartaktrnava.com\/wp-content\/uploads\/2024\/10\/DSC_8866-scaled.jpg\",\"datePublished\":\"2024-10-10T08:07:39+00:00\",\"dateModified\":\"2024-10-10T08:07:40+00:00\",\"breadcrumb\":{\"@id\":\"https:\/\/fcspartaktrnava.com\/derby-horuci-duel-pred-vyse-12-tisic-divakmi\/#breadcrumb\"},\"inLanguage\":\"en-GB\",\"potentialAction\":[{\"@type\":\"ReadAction\",\"target\":[\"https:\/\/fcspartaktrnava.com\/derby-horuci-duel-pred-vyse-12-tisic-divakmi\/\"]}]},{\"@type\":\"ImageObject\",\"inLanguage\":\"en-GB\",\"@id\":\"https:\/\/fcspartaktrnava.com\/derby-horuci-duel-pred-vyse-12-tisic-divakmi\/#primaryimage\",\"url\":\"https:\/\/fcspartaktrnava.com\/wp-content\/uploads\/2024\/10\/DSC_8866-scaled.jpg\",\"contentUrl\":\"https:\/\/fcspartaktrnava.com\/wp-content\/uploads\/2024\/10\/DSC_8866-scaled.jpg\",\"width\":2560,\"height\":1707},{\"@type\":\"BreadcrumbList\",\"@id\":\"https:\/\/fcspartaktrnava.com\/derby-horuci-duel-pred-vyse-12-tisic-divakmi\/#breadcrumb\",\"itemListElement\":[{\"@type\":\"ListItem\",\"position\":1,\"name\":\"Home\",\"item\":\"https:\/\/fcspartaktrnava.com\/\"},{\"@type\":\"ListItem\",\"position\":2,\"name\":\"DERBY: Hor\u00faci duel pred vy\u0161e 12-tis\u00edc div\u00e1kmi\"}]},{\"@type\":\"WebSite\",\"@id\":\"https:\/\/fcspartaktrnava.com\/#website\",\"url\":\"https:\/\/fcspartaktrnava.com\/\",\"name\":\"FC Spartak Trnava\",\"description\":\"ofici\u00e1lna webstr\u00e1nka futbalov\u00e9ho klubu\",\"publisher\":{\"@id\":\"https:\/\/fcspartaktrnava.com\/#organization\"},\"potentialAction\":[{\"@type\":\"SearchAction\",\"target\":{\"@type\":\"EntryPoint\",\"urlTemplate\":\"https:\/\/fcspartaktrnava.com\/?s={search_term_string}\"},\"query-input\":{\"@type\":\"PropertyValueSpecification\",\"valueRequired\":true,\"valueName\":\"search_term_string\"}}],\"inLanguage\":\"en-GB\"},{\"@type\":\"Organization\",\"@id\":\"https:\/\/fcspartaktrnava.com\/#organization\",\"name\":\"FC Spartak Trnava\",\"alternateName\":\"Spartak\",\"url\":\"https:\/\/fcspartaktrnava.com\/\",\"logo\":{\"@type\":\"ImageObject\",\"inLanguage\":\"en-GB\",\"@id\":\"https:\/\/fcspartaktrnava.com\/#\/schema\/logo\/image\/\",\"url\":\"https:\/\/fcspartaktrnava.com\/wp-content\/uploads\/2022\/08\/cropped-site_logo.png\",\"contentUrl\":\"https:\/\/fcspartaktrnava.com\/wp-content\/uploads\/2022\/08\/cropped-site_logo.png\",\"width\":140,\"height\":140,\"caption\":\"FC Spartak Trnava\"},\"image\":{\"@id\":\"https:\/\/fcspartaktrnava.com\/#\/schema\/logo\/image\/\"},\"sameAs\":[\"https:\/\/www.facebook.com\/SpartakTrnava\",\"https:\/\/x.com\/SpartakTrnava1\",\"https:\/\/www.instagram.com\/spartak_sk\/\"]},{\"@type\":\"Person\",\"@id\":\"https:\/\/fcspartaktrnava.com\/#\/schema\/person\/62c3c2562c3c56e4c0c8c2342c596ac0\",\"name\":\"Samuel \u010eurinsk\u00fd\",\"image\":{\"@type\":\"ImageObject\",\"inLanguage\":\"en-GB\",\"@id\":\"https:\/\/fcspartaktrnava.com\/#\/schema\/person\/image\/\",\"url\":\"https:\/\/secure.gravatar.com\/avatar\/af2fa02af92418b86ed742470664fe40056833fb68d84becf03f6ab02319257c?s=96&d=mm&r=g\",\"contentUrl\":\"https:\/\/secure.gravatar.com\/avatar\/af2fa02af92418b86ed742470664fe40056833fb68d84becf03f6ab02319257c?s=96&d=mm&r=g\",\"caption\":\"Samuel \u010eurinsk\u00fd\"},\"url\":\"https:\/\/fcspartaktrnava.com\/en\/author\/fcst-samuel\/\"}]}<\/script>\n<!-- \/ Yoast SEO plugin. -->","yoast_head_json":{"title":"DERBY: Hor\u00faci duel pred vy\u0161e 12-tis\u00edc div\u00e1kmi - FC Spartak Trnava","robots":{"index":"index","follow":"follow","max-snippet":"max-snippet:-1","max-image-preview":"max-image-preview:large","max-video-preview":"max-video-preview:-1"},"canonical":"https:\/\/fcspartaktrnava.com\/en\/derby-horuci-duel-pred-vyse-12-tisic-divakmi\/","twitter_misc":{"Written by":"Samuel \u010eurinsk\u00fd","Estimated reading time":"3 minutes"},"schema":{"@context":"https:\/\/schema.org","@graph":[{"@type":"Article","@id":"https:\/\/fcspartaktrnava.com\/derby-horuci-duel-pred-vyse-12-tisic-divakmi\/#article","isPartOf":{"@id":"https:\/\/fcspartaktrnava.com\/derby-horuci-duel-pred-vyse-12-tisic-divakmi\/"},"author":{"name":"Samuel \u010eurinsk\u00fd","@id":"https:\/\/fcspartaktrnava.com\/#\/schema\/person\/62c3c2562c3c56e4c0c8c2342c596ac0"},"headline":"DERBY: Hor\u00faci duel pred vy\u0161e 12-tis\u00edc div\u00e1kmi","datePublished":"2024-10-10T08:07:39+00:00","dateModified":"2024-10-10T08:07:40+00:00","mainEntityOfPage":{"@id":"https:\/\/fcspartaktrnava.com\/derby-horuci-duel-pred-vyse-12-tisic-divakmi\/"},"wordCount":445,"publisher":{"@id":"https:\/\/fcspartaktrnava.com\/#organization"},"image":{"@id":"https:\/\/fcspartaktrnava.com\/derby-horuci-duel-pred-vyse-12-tisic-divakmi\/#primaryimage"},"thumbnailUrl":"https:\/\/fcspartaktrnava.com\/wp-content\/uploads\/2024\/10\/DSC_8866-scaled.jpg","articleSection":["Spr\u00e1vy"],"inLanguage":"en-GB"},{"@type":"WebPage","@id":"https:\/\/fcspartaktrnava.com\/derby-horuci-duel-pred-vyse-12-tisic-divakmi\/","url":"https:\/\/fcspartaktrnava.com\/derby-horuci-duel-pred-vyse-12-tisic-divakmi\/","name":"DERBY: Hor\u00faci duel pred vy\u0161e 12-tis\u00edc div\u00e1kmi - FC Spartak Trnava","isPartOf":{"@id":"https:\/\/fcspartaktrnava.com\/#website"},"primaryImageOfPage":{"@id":"https:\/\/fcspartaktrnava.com\/derby-horuci-duel-pred-vyse-12-tisic-divakmi\/#primaryimage"},"image":{"@id":"https:\/\/fcspartaktrnava.com\/derby-horuci-duel-pred-vyse-12-tisic-divakmi\/#primaryimage"},"thumbnailUrl":"https:\/\/fcspartaktrnava.com\/wp-content\/uploads\/2024\/10\/DSC_8866-scaled.jpg","datePublished":"2024-10-10T08:07:39+00:00","dateModified":"2024-10-10T08:07:40+00:00","breadcrumb":{"@id":"https:\/\/fcspartaktrnava.com\/derby-horuci-duel-pred-vyse-12-tisic-divakmi\/#breadcrumb"},"inLanguage":"en-GB","potentialAction":[{"@type":"ReadAction","target":["https:\/\/fcspartaktrnava.com\/derby-horuci-duel-pred-vyse-12-tisic-divakmi\/"]}]},{"@type":"ImageObject","inLanguage":"en-GB","@id":"https:\/\/fcspartaktrnava.com\/derby-horuci-duel-pred-vyse-12-tisic-divakmi\/#primaryimage","url":"https:\/\/fcspartaktrnava.com\/wp-content\/uploads\/2024\/10\/DSC_8866-scaled.jpg","contentUrl":"https:\/\/fcspartaktrnava.com\/wp-content\/uploads\/2024\/10\/DSC_8866-scaled.jpg","width":2560,"height":1707},{"@type":"BreadcrumbList","@id":"https:\/\/fcspartaktrnava.com\/derby-horuci-duel-pred-vyse-12-tisic-divakmi\/#breadcrumb","itemListElement":[{"@type":"ListItem","position":1,"name":"Home","item":"https:\/\/fcspartaktrnava.com\/"},{"@type":"ListItem","position":2,"name":"DERBY: Hor\u00faci duel pred vy\u0161e 12-tis\u00edc div\u00e1kmi"}]},{"@type":"WebSite","@id":"https:\/\/fcspartaktrnava.com\/#website","url":"https:\/\/fcspartaktrnava.com\/","name":"FC Spartak Trnava","description":"ofici\u00e1lna webstr\u00e1nka futbalov\u00e9ho klubu","publisher":{"@id":"https:\/\/fcspartaktrnava.com\/#organization"},"potentialAction":[{"@type":"SearchAction","target":{"@type":"EntryPoint","urlTemplate":"https:\/\/fcspartaktrnava.com\/?s={search_term_string}"},"query-input":{"@type":"PropertyValueSpecification","valueRequired":true,"valueName":"search_term_string"}}],"inLanguage":"en-GB"},{"@type":"Organization","@id":"https:\/\/fcspartaktrnava.com\/#organization","name":"FC Spartak Trnava","alternateName":"Spartak","url":"https:\/\/fcspartaktrnava.com\/","logo":{"@type":"ImageObject","inLanguage":"en-GB","@id":"https:\/\/fcspartaktrnava.com\/#\/schema\/logo\/image\/","url":"https:\/\/fcspartaktrnava.com\/wp-content\/uploads\/2022\/08\/cropped-site_logo.png","contentUrl":"https:\/\/fcspartaktrnava.com\/wp-content\/uploads\/2022\/08\/cropped-site_logo.png","width":140,"height":140,"caption":"FC Spartak Trnava"},"image":{"@id":"https:\/\/fcspartaktrnava.com\/#\/schema\/logo\/image\/"},"sameAs":["https:\/\/www.facebook.com\/SpartakTrnava","https:\/\/x.com\/SpartakTrnava1","https:\/\/www.instagram.com\/spartak_sk\/"]},{"@type":"Person","@id":"https:\/\/fcspartaktrnava.com\/#\/schema\/person\/62c3c2562c3c56e4c0c8c2342c596ac0","name":"Samuel \u010eurinsk\u00fd","image":{"@type":"ImageObject","inLanguage":"en-GB","@id":"https:\/\/fcspartaktrnava.com\/#\/schema\/person\/image\/","url":"https:\/\/secure.gravatar.com\/avatar\/af2fa02af92418b86ed742470664fe40056833fb68d84becf03f6ab02319257c?s=96&d=mm&r=g","contentUrl":"https:\/\/secure.gravatar.com\/avatar\/af2fa02af92418b86ed742470664fe40056833fb68d84becf03f6ab02319257c?s=96&d=mm&r=g","caption":"Samuel \u010eurinsk\u00fd"},"url":"https:\/\/fcspartaktrnava.com\/en\/author\/fcst-samuel\/"}]}},"_links":{"self":[{"href":"https:\/\/fcspartaktrnava.com\/en\/wp-json\/wp\/v2\/posts\/23089","targetHints":{"allow":["GET"]}}],"collection":[{"href":"https:\/\/fcspartaktrnava.com\/en\/wp-json\/wp\/v2\/posts"}],"about":[{"href":"https:\/\/fcspartaktrnava.com\/en\/wp-json\/wp\/v2\/types\/post"}],"author":[{"embeddable":true,"href":"https:\/\/fcspartaktrnava.com\/en\/wp-json\/wp\/v2\/users\/5"}],"replies":[{"embeddable":true,"href":"https:\/\/fcspartaktrnava.com\/en\/wp-json\/wp\/v2\/comments?post=23089"}],"version-history":[{"count":0,"href":"https:\/\/fcspartaktrnava.com\/en\/wp-json\/wp\/v2\/posts\/23089\/revisions"}],"wp:featuredmedia":[{"embeddable":true,"href":"https:\/\/fcspartaktrnava.com\/en\/wp-json\/wp\/v2\/media\/23092"}],"wp:attachment":[{"href":"https:\/\/fcspartaktrnava.com\/en\/wp-json\/wp\/v2\/media?parent=23089"}],"wp:term":[{"taxonomy":"category","embeddable":true,"href":"https:\/\/fcspartaktrnava.com\/en\/wp-json\/wp\/v2\/categories?post=23089"},{"taxonomy":"post_tag","embeddable":true,"href":"https:\/\/fcspartaktrnava.com\/en\/wp-json\/wp\/v2\/tags?post=23089"}],"curies":[{"name":"wp","href":"https:\/\/api.w.org\/{rel}","templated":true}]}}