{"id":22960,"date":"2024-10-03T10:19:07","date_gmt":"2024-10-03T08:19:07","guid":{"rendered":"https:\/\/fcspartaktrnava.com\/?p=22960"},"modified":"2024-10-03T20:38:33","modified_gmt":"2024-10-03T18:38:33","slug":"ohlasy-po-poharovom-zapase-v-castkovciach","status":"publish","type":"post","link":"https:\/\/fcspartaktrnava.com\/en\/ohlasy-po-poharovom-zapase-v-castkovciach\/","title":{"rendered":"Ohlasy po poh\u00e1rovom z\u00e1pase v \u010castkovciach"},"content":{"rendered":"<p class=\"has-text-align-center has-medium-font-size\"><strong>B\u00edli Andeli sa v 3.kole Slovnaft Cupu predstavili na ihrisku tre\u0165oligov\u00fdch \u010castkoviec. Dom\u00e1ci nast\u00fapili do z\u00e1pasu s viacer\u00fdmi mlad\u00fdmi hr\u00e1\u010dmi, na \u010dele s len 15-ro\u010dn\u00fdm strelcom Martinom Jan\u00edkom a rozdiel v sk\u00fasenostiach a kvalite bol zna\u010dn\u00fd u\u017e od prvej min\u00faty. Trnav\u010danom sa napokon podarilo v z\u00e1pase streli\u0165 7 g\u00f3lov, z \u010doho sa zrodila druh\u00e1 najvy\u0161\u0161ia v\u00fdhra pod veden\u00edm tr\u00e9nera Michala Ga\u0161par\u00edka (na prvom mieste je v\u00fdhra 0:8 v \u0160uranoch v minulom ro\u010dn\u00edku).<\/strong><\/p>\n\n\n\n<p class=\"has-text-align-center has-medium-font-size\"><strong><em>,,Po dlhej dobe sme mali pol\u010das v ktorom sme strelili viacej g\u00f3lov. Ja ver\u00edm, \u017ee mu\u017estvu to pom\u00f4\u017ee, lebo t\u00ed chalani vedia hra\u0165 futbal, vedia strie\u013ea\u0165 g\u00f3ly, \u010do sme potvrdili aj v predch\u00e1dzaj\u00facich sez\u00f3nach. Ver\u00edm, \u017ee nabehneme na v\u00ed\u0165azn\u00fa vlnu, kde budeme strie\u013ea\u0165 g\u00f3ly a zbiera\u0165 3 body,&#8220;<\/em><\/strong> zhodnotil dne\u0161n\u00fd duel Michal Ga\u0161par\u00edk.<\/p>\n\n\n\n<p class=\"has-text-align-center has-medium-font-size\">Debut v \u010derveno\u010d\u00edrnom drese si odbil aj cyper\u010dan Thomas Nikolaou: <strong><em>,,Postupne mu d\u00e1vame \u0161ancu, aby sa etabloval aj v Mal\u017eeniciach, aj u n\u00e1s v A-t\u00edme. Je \u0161ikovn\u00fd a st\u00e1le e\u0161te mlad\u00fd chalan, predbe\u017ene m\u00e1 zmluvu do zimy a potom sa rozhodneme \u010do \u010falej,&#8220; <\/em><\/strong>vyjadril sa na margo mlad\u00e9ho \u013eav\u00e9ho obrancu Ga\u0161par\u00edk.<\/p>\n\n\n\n<figure class=\"wp-block-embed aligncenter is-type-video is-provider-youtube wp-block-embed-youtube wp-embed-aspect-16-9 wp-has-aspect-ratio\"><div class=\"wp-block-embed__wrapper\">\n<iframe loading=\"lazy\" title=\"Michal Ga\u0161par\u00edk po v\u00fdhre s \u010castkovcami\" width=\"500\" height=\"281\" src=\"https:\/\/www.youtube.com\/embed\/cYCMhG58pV4?feature=oembed&#038;enablejsapi=1&#038;origin=https:\/\/fcspartaktrnava.com\" frameborder=\"0\" allow=\"accelerometer; autoplay; clipboard-write; encrypted-media; gyroscope; picture-in-picture; web-share\" referrerpolicy=\"strict-origin-when-cross-origin\" allowfullscreen><\/iframe>\n<\/div><figcaption class=\"wp-element-caption\">                                      Cel\u00fd poz\u00e1pasov\u00fd rozhovor s tr\u00e9nerom Michalom Ga\u0161par\u00edkom<\/figcaption><\/figure>\n\n\n\n<hr class=\"wp-block-separator has-text-color has-vivid-red-color has-alpha-channel-opacity has-vivid-red-background-color has-background is-style-dots\"\/>\n\n\n\n<p class=\"has-text-align-center has-medium-font-size\">Hattrickom sa v z\u00e1pase blysli hne\u010f dvaja hr\u00e1\u010di trnavsk\u00e9ho Spartaka. Prv\u00fd z nich Jakub Paur skon\u010dil po hodine hry na nos\u00edtkach, po nepr\u00edjemnom p\u00e1de vo vzdu\u0161nom s\u00faboji. T\u00fdm druh\u00fdm bol R\u00f3bert Pich, ktor\u00fd ku 3 g\u00f3lom pridal aj 2 g\u00f3lov\u00e9 asistencie:<strong><em> ,,Boli sme na z\u00e1pas dobre pripraven\u00ed, u\u017e od prvej min\u00faty sme mali dobr\u00e9 nasadenie a t\u00fdm sme si ten z\u00e1pas zjednodu\u0161ili. Uk\u00e1zali sme spr\u00e1vny pr\u00edstup k poh\u00e1rov\u00e9mu z\u00e1pasu a rovnak\u00e9 nasadenie chceme uk\u00e1za\u0165 aj v \u010fal\u0161\u00edch z\u00e1pasoch.&#8220;<\/em><\/strong><\/p>\n\n\n\n<p class=\"has-text-align-center has-medium-font-size\">Pre Picha to boli v\u00f4bec prv\u00e9 g\u00f3ly v trnavskom drese od jeho letn\u00e9ho pr\u00edchodu do klubu: <strong><em>,,Som r\u00e1d, je to m\u00f4j prv\u00fd hattrick, ka\u017ed\u00fd g\u00f3l pom\u00e1ha a je jedno v akom z\u00e1pase padne, preto\u017ee ka\u017ed\u00fd z\u00e1pas je d\u00f4le\u017eit\u00fd. Ver\u00edm, \u017ee n\u00e1m to pom\u00f4\u017ee, aby sme boli vo v\u00e4\u010d\u0161ej pohode v ofenz\u00edve aj v ligov\u00fdch z\u00e1pasoch.&#8220;<\/em><\/strong><\/p>\n\n\n\n<figure class=\"wp-block-embed aligncenter is-type-video is-provider-youtube wp-block-embed-youtube wp-embed-aspect-16-9 wp-has-aspect-ratio\"><div class=\"wp-block-embed__wrapper\">\n<iframe loading=\"lazy\" title=\"Robert Pich po v\u00fdhre s \u010castkovcami\" width=\"500\" height=\"281\" src=\"https:\/\/www.youtube.com\/embed\/ZWPJEr22RLQ?feature=oembed&#038;enablejsapi=1&#038;origin=https:\/\/fcspartaktrnava.com\" frameborder=\"0\" allow=\"accelerometer; autoplay; clipboard-write; encrypted-media; gyroscope; picture-in-picture; web-share\" referrerpolicy=\"strict-origin-when-cross-origin\" allowfullscreen><\/iframe>\n<\/div><figcaption class=\"wp-element-caption\">                            Cel\u00fd rozhovor s R\u00f3bertom Pichom n\u00e1jdete na na\u0161om klubovom YouTube<\/figcaption><\/figure>\n\n\n\n<p><\/p>","protected":false},"excerpt":{"rendered":"<p>B\u00edli Andeli sa v 3.kole Slovnaft Cupu predstavili&#8230;<\/p>","protected":false},"author":5,"featured_media":22932,"comment_status":"closed","ping_status":"closed","sticky":false,"template":"","format":"standard","meta":{"footnotes":""},"categories":[41],"tags":[],"class_list":["post-22960","post","type-post","status-publish","format-standard","has-post-thumbnail","hentry","category-intervju","post-number-1"],"yoast_head":"<!-- This site is optimized with the Yoast SEO plugin v27.1.1 - https:\/\/yoast.com\/product\/yoast-seo-wordpress\/ -->\n<title>Ohlasy po poh\u00e1rovom z\u00e1pase v \u010castkovciach - FC Spartak Trnava<\/title>\n<meta name=\"robots\" content=\"index, follow, max-snippet:-1, max-image-preview:large, max-video-preview:-1\" \/>\n<link rel=\"canonical\" href=\"https:\/\/fcspartaktrnava.com\/en\/ohlasy-po-poharovom-zapase-v-castkovciach\/\" \/>\n<meta name=\"twitter:label1\" content=\"Written by\" \/>\n\t<meta name=\"twitter:data1\" content=\"Samuel \u010eurinsk\u00fd\" \/>\n\t<meta name=\"twitter:label2\" content=\"Estimated reading time\" \/>\n\t<meta name=\"twitter:data2\" content=\"2 minutes\" \/>\n<script type=\"application\/ld+json\" class=\"yoast-schema-graph\">{\"@context\":\"https:\/\/schema.org\",\"@graph\":[{\"@type\":\"Article\",\"@id\":\"https:\/\/fcspartaktrnava.com\/ohlasy-po-poharovom-zapase-v-castkovciach\/#article\",\"isPartOf\":{\"@id\":\"https:\/\/fcspartaktrnava.com\/ohlasy-po-poharovom-zapase-v-castkovciach\/\"},\"author\":{\"name\":\"Samuel \u010eurinsk\u00fd\",\"@id\":\"https:\/\/fcspartaktrnava.com\/#\/schema\/person\/62c3c2562c3c56e4c0c8c2342c596ac0\"},\"headline\":\"Ohlasy po poh\u00e1rovom z\u00e1pase v \u010castkovciach\",\"datePublished\":\"2024-10-03T08:19:07+00:00\",\"dateModified\":\"2024-10-03T18:38:33+00:00\",\"mainEntityOfPage\":{\"@id\":\"https:\/\/fcspartaktrnava.com\/ohlasy-po-poharovom-zapase-v-castkovciach\/\"},\"wordCount\":459,\"publisher\":{\"@id\":\"https:\/\/fcspartaktrnava.com\/#organization\"},\"image\":{\"@id\":\"https:\/\/fcspartaktrnava.com\/ohlasy-po-poharovom-zapase-v-castkovciach\/#primaryimage\"},\"thumbnailUrl\":\"https:\/\/fcspartaktrnava.com\/wp-content\/uploads\/2024\/10\/DSC_6993.jpg\",\"articleSection\":[\"Rozhovory\"],\"inLanguage\":\"en-GB\"},{\"@type\":\"WebPage\",\"@id\":\"https:\/\/fcspartaktrnava.com\/ohlasy-po-poharovom-zapase-v-castkovciach\/\",\"url\":\"https:\/\/fcspartaktrnava.com\/ohlasy-po-poharovom-zapase-v-castkovciach\/\",\"name\":\"Ohlasy po poh\u00e1rovom z\u00e1pase v \u010castkovciach - FC Spartak Trnava\",\"isPartOf\":{\"@id\":\"https:\/\/fcspartaktrnava.com\/#website\"},\"primaryImageOfPage\":{\"@id\":\"https:\/\/fcspartaktrnava.com\/ohlasy-po-poharovom-zapase-v-castkovciach\/#primaryimage\"},\"image\":{\"@id\":\"https:\/\/fcspartaktrnava.com\/ohlasy-po-poharovom-zapase-v-castkovciach\/#primaryimage\"},\"thumbnailUrl\":\"https:\/\/fcspartaktrnava.com\/wp-content\/uploads\/2024\/10\/DSC_6993.jpg\",\"datePublished\":\"2024-10-03T08:19:07+00:00\",\"dateModified\":\"2024-10-03T18:38:33+00:00\",\"breadcrumb\":{\"@id\":\"https:\/\/fcspartaktrnava.com\/ohlasy-po-poharovom-zapase-v-castkovciach\/#breadcrumb\"},\"inLanguage\":\"en-GB\",\"potentialAction\":[{\"@type\":\"ReadAction\",\"target\":[\"https:\/\/fcspartaktrnava.com\/ohlasy-po-poharovom-zapase-v-castkovciach\/\"]}]},{\"@type\":\"ImageObject\",\"inLanguage\":\"en-GB\",\"@id\":\"https:\/\/fcspartaktrnava.com\/ohlasy-po-poharovom-zapase-v-castkovciach\/#primaryimage\",\"url\":\"https:\/\/fcspartaktrnava.com\/wp-content\/uploads\/2024\/10\/DSC_6993.jpg\",\"contentUrl\":\"https:\/\/fcspartaktrnava.com\/wp-content\/uploads\/2024\/10\/DSC_6993.jpg\",\"width\":1520,\"height\":1013},{\"@type\":\"BreadcrumbList\",\"@id\":\"https:\/\/fcspartaktrnava.com\/ohlasy-po-poharovom-zapase-v-castkovciach\/#breadcrumb\",\"itemListElement\":[{\"@type\":\"ListItem\",\"position\":1,\"name\":\"Home\",\"item\":\"https:\/\/fcspartaktrnava.com\/\"},{\"@type\":\"ListItem\",\"position\":2,\"name\":\"Ohlasy po poh\u00e1rovom z\u00e1pase v \u010castkovciach\"}]},{\"@type\":\"WebSite\",\"@id\":\"https:\/\/fcspartaktrnava.com\/#website\",\"url\":\"https:\/\/fcspartaktrnava.com\/\",\"name\":\"FC Spartak Trnava\",\"description\":\"ofici\u00e1lna webstr\u00e1nka futbalov\u00e9ho klubu\",\"publisher\":{\"@id\":\"https:\/\/fcspartaktrnava.com\/#organization\"},\"potentialAction\":[{\"@type\":\"SearchAction\",\"target\":{\"@type\":\"EntryPoint\",\"urlTemplate\":\"https:\/\/fcspartaktrnava.com\/?s={search_term_string}\"},\"query-input\":{\"@type\":\"PropertyValueSpecification\",\"valueRequired\":true,\"valueName\":\"search_term_string\"}}],\"inLanguage\":\"en-GB\"},{\"@type\":\"Organization\",\"@id\":\"https:\/\/fcspartaktrnava.com\/#organization\",\"name\":\"FC Spartak Trnava\",\"alternateName\":\"Spartak\",\"url\":\"https:\/\/fcspartaktrnava.com\/\",\"logo\":{\"@type\":\"ImageObject\",\"inLanguage\":\"en-GB\",\"@id\":\"https:\/\/fcspartaktrnava.com\/#\/schema\/logo\/image\/\",\"url\":\"https:\/\/fcspartaktrnava.com\/wp-content\/uploads\/2022\/08\/cropped-site_logo.png\",\"contentUrl\":\"https:\/\/fcspartaktrnava.com\/wp-content\/uploads\/2022\/08\/cropped-site_logo.png\",\"width\":140,\"height\":140,\"caption\":\"FC Spartak Trnava\"},\"image\":{\"@id\":\"https:\/\/fcspartaktrnava.com\/#\/schema\/logo\/image\/\"},\"sameAs\":[\"https:\/\/www.facebook.com\/SpartakTrnava\",\"https:\/\/x.com\/SpartakTrnava1\",\"https:\/\/www.instagram.com\/spartak_sk\/\"]},{\"@type\":\"Person\",\"@id\":\"https:\/\/fcspartaktrnava.com\/#\/schema\/person\/62c3c2562c3c56e4c0c8c2342c596ac0\",\"name\":\"Samuel \u010eurinsk\u00fd\",\"image\":{\"@type\":\"ImageObject\",\"inLanguage\":\"en-GB\",\"@id\":\"https:\/\/fcspartaktrnava.com\/#\/schema\/person\/image\/\",\"url\":\"https:\/\/secure.gravatar.com\/avatar\/af2fa02af92418b86ed742470664fe40056833fb68d84becf03f6ab02319257c?s=96&d=mm&r=g\",\"contentUrl\":\"https:\/\/secure.gravatar.com\/avatar\/af2fa02af92418b86ed742470664fe40056833fb68d84becf03f6ab02319257c?s=96&d=mm&r=g\",\"caption\":\"Samuel \u010eurinsk\u00fd\"},\"url\":\"https:\/\/fcspartaktrnava.com\/en\/author\/fcst-samuel\/\"}]}<\/script>\n<!-- \/ Yoast SEO plugin. -->","yoast_head_json":{"title":"Ohlasy po poh\u00e1rovom z\u00e1pase v \u010castkovciach - FC Spartak Trnava","robots":{"index":"index","follow":"follow","max-snippet":"max-snippet:-1","max-image-preview":"max-image-preview:large","max-video-preview":"max-video-preview:-1"},"canonical":"https:\/\/fcspartaktrnava.com\/en\/ohlasy-po-poharovom-zapase-v-castkovciach\/","twitter_misc":{"Written by":"Samuel \u010eurinsk\u00fd","Estimated reading time":"2 minutes"},"schema":{"@context":"https:\/\/schema.org","@graph":[{"@type":"Article","@id":"https:\/\/fcspartaktrnava.com\/ohlasy-po-poharovom-zapase-v-castkovciach\/#article","isPartOf":{"@id":"https:\/\/fcspartaktrnava.com\/ohlasy-po-poharovom-zapase-v-castkovciach\/"},"author":{"name":"Samuel \u010eurinsk\u00fd","@id":"https:\/\/fcspartaktrnava.com\/#\/schema\/person\/62c3c2562c3c56e4c0c8c2342c596ac0"},"headline":"Ohlasy po poh\u00e1rovom z\u00e1pase v \u010castkovciach","datePublished":"2024-10-03T08:19:07+00:00","dateModified":"2024-10-03T18:38:33+00:00","mainEntityOfPage":{"@id":"https:\/\/fcspartaktrnava.com\/ohlasy-po-poharovom-zapase-v-castkovciach\/"},"wordCount":459,"publisher":{"@id":"https:\/\/fcspartaktrnava.com\/#organization"},"image":{"@id":"https:\/\/fcspartaktrnava.com\/ohlasy-po-poharovom-zapase-v-castkovciach\/#primaryimage"},"thumbnailUrl":"https:\/\/fcspartaktrnava.com\/wp-content\/uploads\/2024\/10\/DSC_6993.jpg","articleSection":["Rozhovory"],"inLanguage":"en-GB"},{"@type":"WebPage","@id":"https:\/\/fcspartaktrnava.com\/ohlasy-po-poharovom-zapase-v-castkovciach\/","url":"https:\/\/fcspartaktrnava.com\/ohlasy-po-poharovom-zapase-v-castkovciach\/","name":"Ohlasy po poh\u00e1rovom z\u00e1pase v \u010castkovciach - FC Spartak Trnava","isPartOf":{"@id":"https:\/\/fcspartaktrnava.com\/#website"},"primaryImageOfPage":{"@id":"https:\/\/fcspartaktrnava.com\/ohlasy-po-poharovom-zapase-v-castkovciach\/#primaryimage"},"image":{"@id":"https:\/\/fcspartaktrnava.com\/ohlasy-po-poharovom-zapase-v-castkovciach\/#primaryimage"},"thumbnailUrl":"https:\/\/fcspartaktrnava.com\/wp-content\/uploads\/2024\/10\/DSC_6993.jpg","datePublished":"2024-10-03T08:19:07+00:00","dateModified":"2024-10-03T18:38:33+00:00","breadcrumb":{"@id":"https:\/\/fcspartaktrnava.com\/ohlasy-po-poharovom-zapase-v-castkovciach\/#breadcrumb"},"inLanguage":"en-GB","potentialAction":[{"@type":"ReadAction","target":["https:\/\/fcspartaktrnava.com\/ohlasy-po-poharovom-zapase-v-castkovciach\/"]}]},{"@type":"ImageObject","inLanguage":"en-GB","@id":"https:\/\/fcspartaktrnava.com\/ohlasy-po-poharovom-zapase-v-castkovciach\/#primaryimage","url":"https:\/\/fcspartaktrnava.com\/wp-content\/uploads\/2024\/10\/DSC_6993.jpg","contentUrl":"https:\/\/fcspartaktrnava.com\/wp-content\/uploads\/2024\/10\/DSC_6993.jpg","width":1520,"height":1013},{"@type":"BreadcrumbList","@id":"https:\/\/fcspartaktrnava.com\/ohlasy-po-poharovom-zapase-v-castkovciach\/#breadcrumb","itemListElement":[{"@type":"ListItem","position":1,"name":"Home","item":"https:\/\/fcspartaktrnava.com\/"},{"@type":"ListItem","position":2,"name":"Ohlasy po poh\u00e1rovom z\u00e1pase v \u010castkovciach"}]},{"@type":"WebSite","@id":"https:\/\/fcspartaktrnava.com\/#website","url":"https:\/\/fcspartaktrnava.com\/","name":"FC Spartak Trnava","description":"ofici\u00e1lna webstr\u00e1nka futbalov\u00e9ho klubu","publisher":{"@id":"https:\/\/fcspartaktrnava.com\/#organization"},"potentialAction":[{"@type":"SearchAction","target":{"@type":"EntryPoint","urlTemplate":"https:\/\/fcspartaktrnava.com\/?s={search_term_string}"},"query-input":{"@type":"PropertyValueSpecification","valueRequired":true,"valueName":"search_term_string"}}],"inLanguage":"en-GB"},{"@type":"Organization","@id":"https:\/\/fcspartaktrnava.com\/#organization","name":"FC Spartak Trnava","alternateName":"Spartak","url":"https:\/\/fcspartaktrnava.com\/","logo":{"@type":"ImageObject","inLanguage":"en-GB","@id":"https:\/\/fcspartaktrnava.com\/#\/schema\/logo\/image\/","url":"https:\/\/fcspartaktrnava.com\/wp-content\/uploads\/2022\/08\/cropped-site_logo.png","contentUrl":"https:\/\/fcspartaktrnava.com\/wp-content\/uploads\/2022\/08\/cropped-site_logo.png","width":140,"height":140,"caption":"FC Spartak Trnava"},"image":{"@id":"https:\/\/fcspartaktrnava.com\/#\/schema\/logo\/image\/"},"sameAs":["https:\/\/www.facebook.com\/SpartakTrnava","https:\/\/x.com\/SpartakTrnava1","https:\/\/www.instagram.com\/spartak_sk\/"]},{"@type":"Person","@id":"https:\/\/fcspartaktrnava.com\/#\/schema\/person\/62c3c2562c3c56e4c0c8c2342c596ac0","name":"Samuel \u010eurinsk\u00fd","image":{"@type":"ImageObject","inLanguage":"en-GB","@id":"https:\/\/fcspartaktrnava.com\/#\/schema\/person\/image\/","url":"https:\/\/secure.gravatar.com\/avatar\/af2fa02af92418b86ed742470664fe40056833fb68d84becf03f6ab02319257c?s=96&d=mm&r=g","contentUrl":"https:\/\/secure.gravatar.com\/avatar\/af2fa02af92418b86ed742470664fe40056833fb68d84becf03f6ab02319257c?s=96&d=mm&r=g","caption":"Samuel \u010eurinsk\u00fd"},"url":"https:\/\/fcspartaktrnava.com\/en\/author\/fcst-samuel\/"}]}},"_links":{"self":[{"href":"https:\/\/fcspartaktrnava.com\/en\/wp-json\/wp\/v2\/posts\/22960","targetHints":{"allow":["GET"]}}],"collection":[{"href":"https:\/\/fcspartaktrnava.com\/en\/wp-json\/wp\/v2\/posts"}],"about":[{"href":"https:\/\/fcspartaktrnava.com\/en\/wp-json\/wp\/v2\/types\/post"}],"author":[{"embeddable":true,"href":"https:\/\/fcspartaktrnava.com\/en\/wp-json\/wp\/v2\/users\/5"}],"replies":[{"embeddable":true,"href":"https:\/\/fcspartaktrnava.com\/en\/wp-json\/wp\/v2\/comments?post=22960"}],"version-history":[{"count":0,"href":"https:\/\/fcspartaktrnava.com\/en\/wp-json\/wp\/v2\/posts\/22960\/revisions"}],"wp:featuredmedia":[{"embeddable":true,"href":"https:\/\/fcspartaktrnava.com\/en\/wp-json\/wp\/v2\/media\/22932"}],"wp:attachment":[{"href":"https:\/\/fcspartaktrnava.com\/en\/wp-json\/wp\/v2\/media?parent=22960"}],"wp:term":[{"taxonomy":"category","embeddable":true,"href":"https:\/\/fcspartaktrnava.com\/en\/wp-json\/wp\/v2\/categories?post=22960"},{"taxonomy":"post_tag","embeddable":true,"href":"https:\/\/fcspartaktrnava.com\/en\/wp-json\/wp\/v2\/tags?post=22960"}],"curies":[{"name":"wp","href":"https:\/\/api.w.org\/{rel}","templated":true}]}}