{"id":22716,"date":"2024-09-28T22:25:58","date_gmt":"2024-09-28T20:25:58","guid":{"rendered":"https:\/\/fcspartaktrnava.com\/?p=22716"},"modified":"2024-09-29T20:10:50","modified_gmt":"2024-09-29T18:10:50","slug":"nike-liga-sobotny-vecerny-duel-v-dunajskej-strede","status":"publish","type":"post","link":"https:\/\/fcspartaktrnava.com\/en\/nike-liga-sobotny-vecerny-duel-v-dunajskej-strede\/","title":{"rendered":"Nik\u00e9 liga: Bod z Dunajskej Stredy po bezg\u00f3lovej rem\u00edze"},"content":{"rendered":"<p class=\"has-text-align-center has-medium-font-size\"><strong>Pokra\u010dovanie Nik\u00e9 ligy na p\u00f4de DAC Dunajsk\u00e1 Streda. 9. kolo najvy\u0161\u0161ej s\u00fa\u0165a\u017ee prinieslo s\u00faboj na \u017ditnom ostrove. <\/strong><\/p>\n\n\n\n<p class=\"has-text-align-center has-medium-font-size\"><strong>Zaplnen\u00fd sektor host\u00ed hnal na\u0161e farby dopredu u\u017e po\u010das rozcvi\u010dky a predpokladal sa kvalitn\u00fd z\u00e1pas pred kamerami TV Dajto.<\/strong><\/p>\n\n\n\n<p class=\"has-text-align-center has-medium-font-size\">Z\u00e1pas od\u0161tartoval pred pekne zaplnen\u00fdmi trib\u00fanami. S\u00faboj na ihrisku ale aj s\u00faboj na trib\u00fanach. Nech\u00fdbalo predz\u00e1pasov\u00e9 choreo a \u0161tadi\u00f3n nachv\u00ed\u013eu zaplavila aj dymov\u00e1 clona.<\/p>\n\n\n\n<p class=\"has-text-align-center has-medium-font-size\">Potom sa u\u017e pozornos\u0165 obr\u00e1tila na hraciu plochu a dom\u00e1ci boli v prv\u00fdch min\u00fatach viac akt\u00edvni a mali loptu na kopa\u010dk\u00e1ch.<\/p>\n\n\n\n<p class=\"has-text-align-center has-medium-font-size\">6. min\u00fata a prv\u00e1 ve\u013ek\u00e1 \u0161anca na strane dom\u00e1cich. Frelih ale nemusel zasahova\u0165, lopta smerovala na rohov\u00fd kop. Od \u00favodu sme si museli d\u00e1va\u0165 ve\u013ek\u00fd pozor na akt\u00edvnu hru a vyd\u00fdchli sme si po strele dom\u00e1cich, ktor\u00e1 smerovala vysoko nad na\u0161u br\u00e1nu.<\/p>\n\n\n\n<p class=\"has-text-align-center has-medium-font-size\">V 9. min\u00fate musel by\u0165 o\u0161etrovan\u00fd Marek Ujlaky, na\u0161\u0165astie ale mohol pokra\u010dova\u0165 v hre.<\/p>\n\n\n\n<p class=\"has-text-align-center has-medium-font-size\">Prv\u00fdch 10 min\u00fat sme si \u0161ancu nevypracovali a v 13. min\u00fate pri\u0161la pas\u00e1\u017e, po\u010das ktorej sme dlh\u0161\u00ed \u010das dr\u017eali loptu my. T\u00e1 ale nepramenila v \u017eiaden streleck\u00fd pokus alebo pr\u00edle\u017eitos\u0165. V\u00e4\u010d\u0161ina na\u0161ich kombin\u00e1ci\u00ed ale kon\u010dila e\u0161te pred dom\u00e1cou \u0161estn\u00e1stkou.<\/p>\n\n\n\n<p class=\"has-text-align-center has-medium-font-size\">V 24. min\u00fate pri\u0161la prv\u00e1 \u017elt\u00e1 karta z\u00e1pasu pre na\u0161e farby. Dostal ju Robo Pich. Dom\u00e1ci boli na\u010falej akt\u00edvnej\u0161\u00ed a po chybe \u0160tetinu mohli \u00eds\u0165 do vedenia. Trusa i\u0161iel s\u00e1m na Freliha, ktor\u00fd v\u00fdborn\u00fdm z\u00e1krokom zrazil jeho pokus na bo\u010dn\u00fa sie\u0165. Po n\u00e1slednej \u0161anci Frelih boxoval loptu nad br\u00e1nu a bol mu\u017eom \u010d\u00edslo 1 na na\u0161ej strane.<\/p>\n\n\n<div class=\"wp-block-image\">\n<figure class=\"aligncenter size-large\"><img loading=\"lazy\" decoding=\"async\" width=\"1024\" height=\"683\" src=\"https:\/\/fcspartaktrnava.com\/wp-content\/uploads\/2024\/09\/DSC_5782-1024x683.jpg\" alt=\"\" class=\"wp-image-22719\" srcset=\"https:\/\/fcspartaktrnava.com\/wp-content\/uploads\/2024\/09\/DSC_5782-1024x683.jpg 1024w, https:\/\/fcspartaktrnava.com\/wp-content\/uploads\/2024\/09\/DSC_5782-300x200.jpg 300w, https:\/\/fcspartaktrnava.com\/wp-content\/uploads\/2024\/09\/DSC_5782-768x512.jpg 768w, https:\/\/fcspartaktrnava.com\/wp-content\/uploads\/2024\/09\/DSC_5782-1536x1024.jpg 1536w, https:\/\/fcspartaktrnava.com\/wp-content\/uploads\/2024\/09\/DSC_5782-2048x1365.jpg 2048w, https:\/\/fcspartaktrnava.com\/wp-content\/uploads\/2024\/09\/DSC_5782-18x12.jpg 18w\" sizes=\"auto, (max-width: 1024px) 100vw, 1024px\" \/><\/figure>\n<\/div>\n\n\n<p class=\"has-text-align-center has-medium-font-size\">Smerom dopredu sme toho v prv\u00fdch 30-tich min\u00fatach ve\u013ea nevymysleli a museli sme by\u0165 pozorn\u00ed najm\u00e4 v defenz\u00edve.<\/p>\n\n\n\n<p class=\"has-text-align-center has-medium-font-size\">Pich si v 33. min\u00fate vyp\u00fdtal faul a Jure\u0161kin zahr\u00e1val priamy kop z pravej strany. Loptu ale poslal len na hlavu dom\u00e1ceho hr\u00e1\u010da. Sledovali sme viacer\u00e9 ostr\u00e9 s\u00faboje a nech\u00fdbali em\u00f3cie na oboch stran\u00e1ch. G\u00f3lov\u00e9 korenie ale v prvom pol\u010dase ch\u00fdbalo a my sme sa do vylo\u017eenej \u0161ance nedostali. Nadstaven\u00fd \u010das dve min\u00faty dal do pozoru op\u00e4\u0165 Freliha, ale do kab\u00edn sa i\u0161lo po bezg\u00f3lovom priebehu.<\/p>\n\n\n\n<h2 class=\"wp-block-heading has-text-align-center\">2. pol\u010das<\/h2>\n\n\n\n<p class=\"has-text-align-center has-medium-font-size\">Peknou strelou sme sa prezentovali v 47. min\u00fate z kopa\u010dky Kratochv\u00edla, ktor\u00e1 ale mierila nad dom\u00e1cu br\u00e1nku. Do druh\u00e9ho pol\u010dasu sme vst\u00fapili akt\u00edvnej\u0161ie. <\/p>\n\n\n\n<p class=\"has-text-align-center has-medium-font-size\">V 53. videl spom\u00ednan\u00fd Kratochv\u00edl \u017elt\u00fa kartu a po \u0161tandardnej situ\u00e1cii dom\u00e1ci pohrozili. Koniec 55. min\u00faty priniesol obrovsk\u00fa \u0161ancu dom\u00e1cich a Ujlaky musel hasi\u0165 mas\u00edvny po\u017eiar na br\u00e1nkovej \u010diare.<\/p>\n\n\n\n<p class=\"has-text-align-center has-medium-font-size\">V 58. min\u00fate zostal na zemi v dom\u00e1cej \u0161estn\u00e1stke le\u017ea\u0165 Erik Sabo a ve\u013emi pomaly sa z nej zbieral. Chystalo sa prv\u00e9 striedanie na na\u0161ej strane. Dole i\u0161iel Sabo a nahradil ho Paur.<\/p>\n\n\n\n<p class=\"has-text-align-center has-medium-font-size\">E\u0161te pred striedan\u00edm sme mali v\u00fdhodu \u0161tandardky. Z \u013eavej strany centroval Jure\u0161kin ale k zakon\u010deniu sme sa nedostali. Hra sa k\u00faskovala z d\u00f4vodu viacer\u00fdch preru\u0161en\u00ed hry po nedovolen\u00fdch z\u00e1krokoch.<\/p>\n\n\n<div class=\"wp-block-image\">\n<figure class=\"aligncenter size-large\"><img loading=\"lazy\" decoding=\"async\" width=\"1024\" height=\"683\" src=\"https:\/\/fcspartaktrnava.com\/wp-content\/uploads\/2024\/09\/unnamed-17-1024x683.jpg\" alt=\"\" class=\"wp-image-22722\" srcset=\"https:\/\/fcspartaktrnava.com\/wp-content\/uploads\/2024\/09\/unnamed-17-1024x683.jpg 1024w, https:\/\/fcspartaktrnava.com\/wp-content\/uploads\/2024\/09\/unnamed-17-300x200.jpg 300w, https:\/\/fcspartaktrnava.com\/wp-content\/uploads\/2024\/09\/unnamed-17-768x512.jpg 768w, https:\/\/fcspartaktrnava.com\/wp-content\/uploads\/2024\/09\/unnamed-17-1536x1024.jpg 1536w, https:\/\/fcspartaktrnava.com\/wp-content\/uploads\/2024\/09\/unnamed-17-2048x1365.jpg 2048w, https:\/\/fcspartaktrnava.com\/wp-content\/uploads\/2024\/09\/unnamed-17-18x12.jpg 18w\" sizes=\"auto, (max-width: 1024px) 100vw, 1024px\" \/><\/figure>\n<\/div>\n\n\n<p class=\"has-text-align-center has-medium-font-size\">Em\u00f3cie gradovali a Zeljkovi\u0107 to sk\u00fa\u0161al strelou spoza pokutov\u00e9ho \u00fazemia. Na druhej strane sme op\u00e4\u0165 museli hasi\u0165 po\u017eiar a dom\u00e1ci hl\u00e1sate\u013e aj upokojova\u0165 dom\u00e1cich fan\u00fa\u0161ikov. Videli sme ve\u013ea faulov a v 72. min\u00fate ich bolo na oboch stran\u00e1ch dovedna 20. Em\u00f3cie gradovali aj v oboch fan\u00fa\u0161ikovsk\u00fdch sektoroch. Na ihrisku sme sledovali na\u010falej bojovn\u00fd z\u00e1pas. <\/p>\n\n\n\n<p class=\"has-text-align-center has-medium-font-size\">Druh\u00e9 striedanie na na\u0161ej strane pri\u0161lo v 75. min\u00fate. Z ihriska i\u0161iel Pich a na ihrisko Ofori. O p\u00e4\u0165 min\u00fat nesk\u00f4r op\u00e4\u0165 vzplanuli v\u00e1\u0161ne v na\u0161ej \u0161estn\u00e1stke a po nepr\u00edjemnom z\u00e1kroku zostal na zemi le\u017ea\u0165 \u0160tetina. Po kr\u00e1tkom o\u0161etren\u00ed ale pokra\u010doval v hre a my sme n\u00e1sledne dvakr\u00e1t vystriedali. Dole i\u0161li \u010euri\u0161 a Kratochv\u00edl a do hry Kubista s Proch\u00e1zkom.<\/p>\n\n\n\n<p class=\"has-text-align-center has-medium-font-size\">Hra sa na\u0165ahovala a prib\u00fadali viacer\u00e9 hrani\u010dn\u00e9 fauly, o\u0161etrenia a nervozita. \u0160l\u00e1ger kola tak mal v\u0161etko, okrem g\u00f3lov&#8230; Frelih dr\u017eal \u010dist\u00e9 konto a dom\u00e1ci si v 88. min\u00fate p\u00fdtali penaltu. Rozhodca Kru\u017eliak ale zostal pokojn\u00fd.<\/p>\n\n\n\n<p class=\"has-text-align-center has-medium-font-size\">89. min\u00fata a kr\u00e1sna strela Oforiho, ktorou mieril k pravej ty\u010dke. Brank\u00e1r dom\u00e1cich ju ale dok\u00e1zal vytla\u010di\u0165 na rohov\u00fd kop. Mohli sme v z\u00e1vere riadnej hracej doby rozhodn\u00fa\u0165. <\/p>\n\n\n\n<p class=\"has-text-align-center has-medium-font-size\">Nadstaven\u00fd \u010das mal 6 min\u00fat.<\/p>\n\n\n\n<p class=\"has-text-align-center has-medium-font-size\">Pozor sme si ale museli d\u00e1va\u0165 a\u017e do \u00fapln\u00e9ho konca. \u017dlt\u00fa kartu videl Kubista. N\u00e1sledne pri\u0161la mo\u017enos\u0165 pre dom\u00e1cich na priamy kop z tesnej hranice pokutov\u00e9ho \u00fazemia v 95. min\u00fate. <strong>Fantastick\u00fd FRELIH! <\/strong>Perfektne vyrazil g\u00f3lov\u00fd pokus mimo br\u00e1ny. Stav sa u\u017e nezmenil a z\u00e1pas skon\u010dil po v\u00fdsledku 0:0. Z Dunajske Stredy tak vezieme ubojovan\u00fd bod.<\/p>\n\n\n\n<hr class=\"wp-block-separator has-alpha-channel-opacity\"\/>\n\n\n\n<p class=\"has-text-align-center has-white-color has-vivid-red-background-color has-text-color has-background has-link-color has-medium-font-size wp-elements-34993a052533b5095e80cbbeb394d469\"><strong>Nik\u00e9 liga 9. kolo &#8211; DAC Dunajsk\u00e1 Streda vs FC Spartak Trnava<\/strong><\/p>\n\n\n\n<p class=\"has-text-align-center has-black-color has-white-background-color has-text-color has-background has-link-color has-medium-font-size wp-elements-58272e9b1b8db5848e3dc669dd85174f\"><strong>Kone\u010dn\u00fd stav 0:0<\/strong><\/p>\n\n\n\n<hr class=\"wp-block-separator has-alpha-channel-opacity\"\/>\n\n\n\n<p class=\"has-text-align-center has-white-color has-black-background-color has-text-color has-background has-link-color has-medium-font-size wp-elements-8df4376d37560521f88af372beea08da\"><strong>Na z\u00e1pas proti DAC sme nast\u00fapili v tejto z\u00e1kladnej zostave: <\/strong><\/p>\n\n\n<div class=\"wp-block-image\">\n<figure class=\"aligncenter size-large\"><img loading=\"lazy\" decoding=\"async\" width=\"819\" height=\"1024\" src=\"https:\/\/fcspartaktrnava.com\/wp-content\/uploads\/2024\/09\/image_123650291-29-1-819x1024.jpg\" alt=\"\" class=\"wp-image-22717\" srcset=\"https:\/\/fcspartaktrnava.com\/wp-content\/uploads\/2024\/09\/image_123650291-29-1-819x1024.jpg 819w, https:\/\/fcspartaktrnava.com\/wp-content\/uploads\/2024\/09\/image_123650291-29-1-240x300.jpg 240w, https:\/\/fcspartaktrnava.com\/wp-content\/uploads\/2024\/09\/image_123650291-29-1-768x960.jpg 768w, https:\/\/fcspartaktrnava.com\/wp-content\/uploads\/2024\/09\/image_123650291-29-1-10x12.jpg 10w, https:\/\/fcspartaktrnava.com\/wp-content\/uploads\/2024\/09\/image_123650291-29-1.jpg 1200w\" sizes=\"auto, (max-width: 819px) 100vw, 819px\" \/><\/figure>\n<\/div>","protected":false},"excerpt":{"rendered":"<p>Pokra\u010dovanie Nik\u00e9 ligy na p\u00f4de DAC Dunajsk\u00e1 Streda&#8230;.<\/p>","protected":false},"author":5,"featured_media":22745,"comment_status":"closed","ping_status":"closed","sticky":false,"template":"","format":"standard","meta":{"footnotes":""},"categories":[12,20],"tags":[],"class_list":["post-22716","post","type-post","status-publish","format-standard","has-post-thumbnail","hentry","category-spravy","category-zapas","post-number-1"],"yoast_head":"<!-- This site is optimized with the Yoast SEO plugin v27.1.1 - https:\/\/yoast.com\/product\/yoast-seo-wordpress\/ -->\n<title>Nik\u00e9 liga: Bod z Dunajskej Stredy po bezg\u00f3lovej rem\u00edze - FC Spartak Trnava<\/title>\n<meta name=\"robots\" content=\"index, follow, max-snippet:-1, max-image-preview:large, max-video-preview:-1\" \/>\n<link rel=\"canonical\" href=\"https:\/\/fcspartaktrnava.com\/en\/nike-liga-sobotny-vecerny-duel-v-dunajskej-strede\/\" \/>\n<meta name=\"twitter:label1\" content=\"Written by\" \/>\n\t<meta name=\"twitter:data1\" content=\"Samuel \u010eurinsk\u00fd\" \/>\n\t<meta name=\"twitter:label2\" content=\"Estimated reading time\" \/>\n\t<meta name=\"twitter:data2\" content=\"5 minutes\" \/>\n<script type=\"application\/ld+json\" class=\"yoast-schema-graph\">{\"@context\":\"https:\/\/schema.org\",\"@graph\":[{\"@type\":\"Article\",\"@id\":\"https:\/\/fcspartaktrnava.com\/nike-liga-sobotny-vecerny-duel-v-dunajskej-strede\/#article\",\"isPartOf\":{\"@id\":\"https:\/\/fcspartaktrnava.com\/nike-liga-sobotny-vecerny-duel-v-dunajskej-strede\/\"},\"author\":{\"name\":\"Samuel \u010eurinsk\u00fd\",\"@id\":\"https:\/\/fcspartaktrnava.com\/#\/schema\/person\/62c3c2562c3c56e4c0c8c2342c596ac0\"},\"headline\":\"Nik\u00e9 liga: Bod z Dunajskej Stredy po bezg\u00f3lovej rem\u00edze\",\"datePublished\":\"2024-09-28T20:25:58+00:00\",\"dateModified\":\"2024-09-29T18:10:50+00:00\",\"mainEntityOfPage\":{\"@id\":\"https:\/\/fcspartaktrnava.com\/nike-liga-sobotny-vecerny-duel-v-dunajskej-strede\/\"},\"wordCount\":891,\"publisher\":{\"@id\":\"https:\/\/fcspartaktrnava.com\/#organization\"},\"image\":{\"@id\":\"https:\/\/fcspartaktrnava.com\/nike-liga-sobotny-vecerny-duel-v-dunajskej-strede\/#primaryimage\"},\"thumbnailUrl\":\"https:\/\/fcspartaktrnava.com\/wp-content\/uploads\/2024\/09\/DSC_5628.jpg\",\"articleSection\":[\"Spr\u00e1vy\",\"Z\u00e1pas\"],\"inLanguage\":\"en-GB\"},{\"@type\":\"WebPage\",\"@id\":\"https:\/\/fcspartaktrnava.com\/nike-liga-sobotny-vecerny-duel-v-dunajskej-strede\/\",\"url\":\"https:\/\/fcspartaktrnava.com\/nike-liga-sobotny-vecerny-duel-v-dunajskej-strede\/\",\"name\":\"Nik\u00e9 liga: Bod z Dunajskej Stredy po bezg\u00f3lovej rem\u00edze - FC Spartak Trnava\",\"isPartOf\":{\"@id\":\"https:\/\/fcspartaktrnava.com\/#website\"},\"primaryImageOfPage\":{\"@id\":\"https:\/\/fcspartaktrnava.com\/nike-liga-sobotny-vecerny-duel-v-dunajskej-strede\/#primaryimage\"},\"image\":{\"@id\":\"https:\/\/fcspartaktrnava.com\/nike-liga-sobotny-vecerny-duel-v-dunajskej-strede\/#primaryimage\"},\"thumbnailUrl\":\"https:\/\/fcspartaktrnava.com\/wp-content\/uploads\/2024\/09\/DSC_5628.jpg\",\"datePublished\":\"2024-09-28T20:25:58+00:00\",\"dateModified\":\"2024-09-29T18:10:50+00:00\",\"breadcrumb\":{\"@id\":\"https:\/\/fcspartaktrnava.com\/nike-liga-sobotny-vecerny-duel-v-dunajskej-strede\/#breadcrumb\"},\"inLanguage\":\"en-GB\",\"potentialAction\":[{\"@type\":\"ReadAction\",\"target\":[\"https:\/\/fcspartaktrnava.com\/nike-liga-sobotny-vecerny-duel-v-dunajskej-strede\/\"]}]},{\"@type\":\"ImageObject\",\"inLanguage\":\"en-GB\",\"@id\":\"https:\/\/fcspartaktrnava.com\/nike-liga-sobotny-vecerny-duel-v-dunajskej-strede\/#primaryimage\",\"url\":\"https:\/\/fcspartaktrnava.com\/wp-content\/uploads\/2024\/09\/DSC_5628.jpg\",\"contentUrl\":\"https:\/\/fcspartaktrnava.com\/wp-content\/uploads\/2024\/09\/DSC_5628.jpg\",\"width\":1520,\"height\":1013},{\"@type\":\"BreadcrumbList\",\"@id\":\"https:\/\/fcspartaktrnava.com\/nike-liga-sobotny-vecerny-duel-v-dunajskej-strede\/#breadcrumb\",\"itemListElement\":[{\"@type\":\"ListItem\",\"position\":1,\"name\":\"Home\",\"item\":\"https:\/\/fcspartaktrnava.com\/\"},{\"@type\":\"ListItem\",\"position\":2,\"name\":\"Nik\u00e9 liga: Bod z Dunajskej Stredy po bezg\u00f3lovej rem\u00edze\"}]},{\"@type\":\"WebSite\",\"@id\":\"https:\/\/fcspartaktrnava.com\/#website\",\"url\":\"https:\/\/fcspartaktrnava.com\/\",\"name\":\"FC Spartak Trnava\",\"description\":\"ofici\u00e1lna webstr\u00e1nka futbalov\u00e9ho klubu\",\"publisher\":{\"@id\":\"https:\/\/fcspartaktrnava.com\/#organization\"},\"potentialAction\":[{\"@type\":\"SearchAction\",\"target\":{\"@type\":\"EntryPoint\",\"urlTemplate\":\"https:\/\/fcspartaktrnava.com\/?s={search_term_string}\"},\"query-input\":{\"@type\":\"PropertyValueSpecification\",\"valueRequired\":true,\"valueName\":\"search_term_string\"}}],\"inLanguage\":\"en-GB\"},{\"@type\":\"Organization\",\"@id\":\"https:\/\/fcspartaktrnava.com\/#organization\",\"name\":\"FC Spartak Trnava\",\"alternateName\":\"Spartak\",\"url\":\"https:\/\/fcspartaktrnava.com\/\",\"logo\":{\"@type\":\"ImageObject\",\"inLanguage\":\"en-GB\",\"@id\":\"https:\/\/fcspartaktrnava.com\/#\/schema\/logo\/image\/\",\"url\":\"https:\/\/fcspartaktrnava.com\/wp-content\/uploads\/2022\/08\/cropped-site_logo.png\",\"contentUrl\":\"https:\/\/fcspartaktrnava.com\/wp-content\/uploads\/2022\/08\/cropped-site_logo.png\",\"width\":140,\"height\":140,\"caption\":\"FC Spartak Trnava\"},\"image\":{\"@id\":\"https:\/\/fcspartaktrnava.com\/#\/schema\/logo\/image\/\"},\"sameAs\":[\"https:\/\/www.facebook.com\/SpartakTrnava\",\"https:\/\/x.com\/SpartakTrnava1\",\"https:\/\/www.instagram.com\/spartak_sk\/\"]},{\"@type\":\"Person\",\"@id\":\"https:\/\/fcspartaktrnava.com\/#\/schema\/person\/62c3c2562c3c56e4c0c8c2342c596ac0\",\"name\":\"Samuel \u010eurinsk\u00fd\",\"image\":{\"@type\":\"ImageObject\",\"inLanguage\":\"en-GB\",\"@id\":\"https:\/\/fcspartaktrnava.com\/#\/schema\/person\/image\/\",\"url\":\"https:\/\/secure.gravatar.com\/avatar\/af2fa02af92418b86ed742470664fe40056833fb68d84becf03f6ab02319257c?s=96&d=mm&r=g\",\"contentUrl\":\"https:\/\/secure.gravatar.com\/avatar\/af2fa02af92418b86ed742470664fe40056833fb68d84becf03f6ab02319257c?s=96&d=mm&r=g\",\"caption\":\"Samuel \u010eurinsk\u00fd\"},\"url\":\"https:\/\/fcspartaktrnava.com\/en\/author\/fcst-samuel\/\"}]}<\/script>\n<!-- \/ Yoast SEO plugin. -->","yoast_head_json":{"title":"Nik\u00e9 liga: Bod z Dunajskej Stredy po bezg\u00f3lovej rem\u00edze - FC Spartak Trnava","robots":{"index":"index","follow":"follow","max-snippet":"max-snippet:-1","max-image-preview":"max-image-preview:large","max-video-preview":"max-video-preview:-1"},"canonical":"https:\/\/fcspartaktrnava.com\/en\/nike-liga-sobotny-vecerny-duel-v-dunajskej-strede\/","twitter_misc":{"Written by":"Samuel \u010eurinsk\u00fd","Estimated reading time":"5 minutes"},"schema":{"@context":"https:\/\/schema.org","@graph":[{"@type":"Article","@id":"https:\/\/fcspartaktrnava.com\/nike-liga-sobotny-vecerny-duel-v-dunajskej-strede\/#article","isPartOf":{"@id":"https:\/\/fcspartaktrnava.com\/nike-liga-sobotny-vecerny-duel-v-dunajskej-strede\/"},"author":{"name":"Samuel \u010eurinsk\u00fd","@id":"https:\/\/fcspartaktrnava.com\/#\/schema\/person\/62c3c2562c3c56e4c0c8c2342c596ac0"},"headline":"Nik\u00e9 liga: Bod z Dunajskej Stredy po bezg\u00f3lovej rem\u00edze","datePublished":"2024-09-28T20:25:58+00:00","dateModified":"2024-09-29T18:10:50+00:00","mainEntityOfPage":{"@id":"https:\/\/fcspartaktrnava.com\/nike-liga-sobotny-vecerny-duel-v-dunajskej-strede\/"},"wordCount":891,"publisher":{"@id":"https:\/\/fcspartaktrnava.com\/#organization"},"image":{"@id":"https:\/\/fcspartaktrnava.com\/nike-liga-sobotny-vecerny-duel-v-dunajskej-strede\/#primaryimage"},"thumbnailUrl":"https:\/\/fcspartaktrnava.com\/wp-content\/uploads\/2024\/09\/DSC_5628.jpg","articleSection":["Spr\u00e1vy","Z\u00e1pas"],"inLanguage":"en-GB"},{"@type":"WebPage","@id":"https:\/\/fcspartaktrnava.com\/nike-liga-sobotny-vecerny-duel-v-dunajskej-strede\/","url":"https:\/\/fcspartaktrnava.com\/nike-liga-sobotny-vecerny-duel-v-dunajskej-strede\/","name":"Nik\u00e9 liga: Bod z Dunajskej Stredy po bezg\u00f3lovej rem\u00edze - FC Spartak Trnava","isPartOf":{"@id":"https:\/\/fcspartaktrnava.com\/#website"},"primaryImageOfPage":{"@id":"https:\/\/fcspartaktrnava.com\/nike-liga-sobotny-vecerny-duel-v-dunajskej-strede\/#primaryimage"},"image":{"@id":"https:\/\/fcspartaktrnava.com\/nike-liga-sobotny-vecerny-duel-v-dunajskej-strede\/#primaryimage"},"thumbnailUrl":"https:\/\/fcspartaktrnava.com\/wp-content\/uploads\/2024\/09\/DSC_5628.jpg","datePublished":"2024-09-28T20:25:58+00:00","dateModified":"2024-09-29T18:10:50+00:00","breadcrumb":{"@id":"https:\/\/fcspartaktrnava.com\/nike-liga-sobotny-vecerny-duel-v-dunajskej-strede\/#breadcrumb"},"inLanguage":"en-GB","potentialAction":[{"@type":"ReadAction","target":["https:\/\/fcspartaktrnava.com\/nike-liga-sobotny-vecerny-duel-v-dunajskej-strede\/"]}]},{"@type":"ImageObject","inLanguage":"en-GB","@id":"https:\/\/fcspartaktrnava.com\/nike-liga-sobotny-vecerny-duel-v-dunajskej-strede\/#primaryimage","url":"https:\/\/fcspartaktrnava.com\/wp-content\/uploads\/2024\/09\/DSC_5628.jpg","contentUrl":"https:\/\/fcspartaktrnava.com\/wp-content\/uploads\/2024\/09\/DSC_5628.jpg","width":1520,"height":1013},{"@type":"BreadcrumbList","@id":"https:\/\/fcspartaktrnava.com\/nike-liga-sobotny-vecerny-duel-v-dunajskej-strede\/#breadcrumb","itemListElement":[{"@type":"ListItem","position":1,"name":"Home","item":"https:\/\/fcspartaktrnava.com\/"},{"@type":"ListItem","position":2,"name":"Nik\u00e9 liga: Bod z Dunajskej Stredy po bezg\u00f3lovej rem\u00edze"}]},{"@type":"WebSite","@id":"https:\/\/fcspartaktrnava.com\/#website","url":"https:\/\/fcspartaktrnava.com\/","name":"FC Spartak Trnava","description":"ofici\u00e1lna webstr\u00e1nka futbalov\u00e9ho klubu","publisher":{"@id":"https:\/\/fcspartaktrnava.com\/#organization"},"potentialAction":[{"@type":"SearchAction","target":{"@type":"EntryPoint","urlTemplate":"https:\/\/fcspartaktrnava.com\/?s={search_term_string}"},"query-input":{"@type":"PropertyValueSpecification","valueRequired":true,"valueName":"search_term_string"}}],"inLanguage":"en-GB"},{"@type":"Organization","@id":"https:\/\/fcspartaktrnava.com\/#organization","name":"FC Spartak Trnava","alternateName":"Spartak","url":"https:\/\/fcspartaktrnava.com\/","logo":{"@type":"ImageObject","inLanguage":"en-GB","@id":"https:\/\/fcspartaktrnava.com\/#\/schema\/logo\/image\/","url":"https:\/\/fcspartaktrnava.com\/wp-content\/uploads\/2022\/08\/cropped-site_logo.png","contentUrl":"https:\/\/fcspartaktrnava.com\/wp-content\/uploads\/2022\/08\/cropped-site_logo.png","width":140,"height":140,"caption":"FC Spartak Trnava"},"image":{"@id":"https:\/\/fcspartaktrnava.com\/#\/schema\/logo\/image\/"},"sameAs":["https:\/\/www.facebook.com\/SpartakTrnava","https:\/\/x.com\/SpartakTrnava1","https:\/\/www.instagram.com\/spartak_sk\/"]},{"@type":"Person","@id":"https:\/\/fcspartaktrnava.com\/#\/schema\/person\/62c3c2562c3c56e4c0c8c2342c596ac0","name":"Samuel \u010eurinsk\u00fd","image":{"@type":"ImageObject","inLanguage":"en-GB","@id":"https:\/\/fcspartaktrnava.com\/#\/schema\/person\/image\/","url":"https:\/\/secure.gravatar.com\/avatar\/af2fa02af92418b86ed742470664fe40056833fb68d84becf03f6ab02319257c?s=96&d=mm&r=g","contentUrl":"https:\/\/secure.gravatar.com\/avatar\/af2fa02af92418b86ed742470664fe40056833fb68d84becf03f6ab02319257c?s=96&d=mm&r=g","caption":"Samuel \u010eurinsk\u00fd"},"url":"https:\/\/fcspartaktrnava.com\/en\/author\/fcst-samuel\/"}]}},"_links":{"self":[{"href":"https:\/\/fcspartaktrnava.com\/en\/wp-json\/wp\/v2\/posts\/22716","targetHints":{"allow":["GET"]}}],"collection":[{"href":"https:\/\/fcspartaktrnava.com\/en\/wp-json\/wp\/v2\/posts"}],"about":[{"href":"https:\/\/fcspartaktrnava.com\/en\/wp-json\/wp\/v2\/types\/post"}],"author":[{"embeddable":true,"href":"https:\/\/fcspartaktrnava.com\/en\/wp-json\/wp\/v2\/users\/5"}],"replies":[{"embeddable":true,"href":"https:\/\/fcspartaktrnava.com\/en\/wp-json\/wp\/v2\/comments?post=22716"}],"version-history":[{"count":0,"href":"https:\/\/fcspartaktrnava.com\/en\/wp-json\/wp\/v2\/posts\/22716\/revisions"}],"wp:featuredmedia":[{"embeddable":true,"href":"https:\/\/fcspartaktrnava.com\/en\/wp-json\/wp\/v2\/media\/22745"}],"wp:attachment":[{"href":"https:\/\/fcspartaktrnava.com\/en\/wp-json\/wp\/v2\/media?parent=22716"}],"wp:term":[{"taxonomy":"category","embeddable":true,"href":"https:\/\/fcspartaktrnava.com\/en\/wp-json\/wp\/v2\/categories?post=22716"},{"taxonomy":"post_tag","embeddable":true,"href":"https:\/\/fcspartaktrnava.com\/en\/wp-json\/wp\/v2\/tags?post=22716"}],"curies":[{"name":"wp","href":"https:\/\/api.w.org\/{rel}","templated":true}]}}