{"id":22629,"date":"2024-09-23T16:21:52","date_gmt":"2024-09-23T14:21:52","guid":{"rendered":"https:\/\/fcspartaktrnava.com\/?p=22629"},"modified":"2024-09-23T16:21:52","modified_gmt":"2024-09-23T14:21:52","slug":"video-ohlasy-na-vyhru-proti-banskej-bystrici","status":"publish","type":"post","link":"https:\/\/fcspartaktrnava.com\/en\/video-ohlasy-na-vyhru-proti-banskej-bystrici\/","title":{"rendered":"VIDEO: Ohlasy na v\u00fdhru proti Banskej Bystrici"},"content":{"rendered":"<p class=\"has-text-align-center has-medium-font-size\"><strong>FC Spartak Trnava 1:0 MFK Dukla Bansk\u00e1 Bystrica. Strelec Michal \u010euri\u0161 op\u00e4\u0165 \u00faradoval a presnou dor\u00e1\u017ekou n\u00e1m zabezpe\u010dil druh\u00fa v\u00fdhru aktu\u00e1lnej sez\u00f3ny Nik\u00e9 ligy a prv\u00fa na dom\u00e1cej p\u00f4de. <\/strong><\/p>\n\n\n\n<p class=\"has-text-align-center has-medium-font-size\">Pre Michala \u010euri\u0161a to bol prv\u00fd g\u00f3l v sez\u00f3ne najvy\u0161\u0161ej s\u00fa\u0165a\u017ee a v\u010faka nemu sme sa do\u010dkali pln\u00e9ho bodov\u00e9ho z\u00e1sahu. Slne\u010dn\u00e1 nede\u013ea n\u00e1m tak zabezpe\u010dila pozit\u00edvne naladenie pred sobotn\u00fdm duelom proti Dunajskej Strede, ktor\u00fd od\u0161tartuje na p\u00f4de s\u00fapera o 20:30.<\/p>\n\n\n\n<p class=\"has-text-align-center\"><em><strong>E\u0161te pred samotn\u00fdm v\u00fdkopom duelu sme si min\u00fatou ticha a potleskom uctili pamiatku zosnulej legendy Spartaka &#8211; Jaroslava Ma\u010d\u00e1ka a aj fan\u00fa\u0161ika, ktor\u00fd sa stal obe\u0165ou tragickej dopravnej nehody, po\u010das cesty zo z\u00e1pasu AS Tren\u010d\u00edn a Dunajsk\u00e1 Streda.<\/strong><\/em><\/p>\n\n\n<div class=\"wp-block-image\">\n<figure class=\"aligncenter size-large\"><img loading=\"lazy\" decoding=\"async\" width=\"1024\" height=\"682\" src=\"https:\/\/fcspartaktrnava.com\/wp-content\/uploads\/2024\/09\/DSC_2679-1024x682.jpg\" alt=\"\" class=\"wp-image-22556\" srcset=\"https:\/\/fcspartaktrnava.com\/wp-content\/uploads\/2024\/09\/DSC_2679-1024x682.jpg 1024w, https:\/\/fcspartaktrnava.com\/wp-content\/uploads\/2024\/09\/DSC_2679-300x200.jpg 300w, https:\/\/fcspartaktrnava.com\/wp-content\/uploads\/2024\/09\/DSC_2679-768x512.jpg 768w, https:\/\/fcspartaktrnava.com\/wp-content\/uploads\/2024\/09\/DSC_2679-18x12.jpg 18w, https:\/\/fcspartaktrnava.com\/wp-content\/uploads\/2024\/09\/DSC_2679.jpg 1520w\" sizes=\"auto, (max-width: 1024px) 100vw, 1024px\" \/><\/figure>\n<\/div>\n\n\n<hr class=\"wp-block-separator has-text-color has-vivid-red-color has-alpha-channel-opacity has-vivid-red-background-color has-background is-style-dots\"\/>\n\n\n\n<h2 class=\"wp-block-heading has-text-align-center\">G\u00f3ly proti Bystrici neoslavuje<\/h2>\n\n\n\n<p class=\"has-text-align-center has-medium-font-size\">N\u00e1\u0161 jedin\u00fd strelec v posledn\u00fdch dvoch dueloch proti Banskej Bystrici g\u00f3ly neoslavuje z re\u0161pektu ku svojmu b\u00fdval\u00e9mu klubu, kde s futbalom za\u010d\u00ednal. <\/p>\n\n\n\n<p class=\"has-text-align-center has-medium-font-size\"><strong>&#8222;Pr\u00edde mi to norm\u00e1lne. Proti Bystrici g\u00f3ly oslavova\u0165 nebudem. Stalo sa to aj minul\u00fa sez\u00f3nu a mysl\u00edm si, \u017ee je to \u00faplne norm\u00e1lne.&#8220;<\/strong><\/p>\n\n\n\n<p class=\"has-text-align-center has-medium-font-size\">\u010euri\u0161ov prv\u00fd g\u00f3l v prebiehaj\u00facej sez\u00f3ne Nik\u00e9 ligy pri\u0161iel v prvom pol\u010dase v 36. min\u00fate a sk\u00fasen\u00e9ho strelca pote\u0161il.<\/p>\n\n\n\n<p class=\"has-text-align-center has-medium-font-size\"><strong>&#8222;Som r\u00e1d, \u017ee ten g\u00f3l padol. G\u00f3ly sa odo m\u0148a o\u010dak\u00e1vaj\u00fa. Vid\u00edme, \u017ee tie g\u00f3ly ned\u00e1vame a nie sme ve\u013emi efekt\u00edvni ale ver\u00edm, \u017ee sa to zlom\u00ed a \u017ee g\u00f3lov bude pada\u0165 viac.&#8220;<\/strong><\/p>\n\n\n<div class=\"wp-block-image\">\n<figure class=\"aligncenter size-large\"><img loading=\"lazy\" decoding=\"async\" width=\"1024\" height=\"682\" src=\"https:\/\/fcspartaktrnava.com\/wp-content\/uploads\/2024\/09\/DSC_3099-1024x682.jpg\" alt=\"\" class=\"wp-image-22588\" srcset=\"https:\/\/fcspartaktrnava.com\/wp-content\/uploads\/2024\/09\/DSC_3099-1024x682.jpg 1024w, https:\/\/fcspartaktrnava.com\/wp-content\/uploads\/2024\/09\/DSC_3099-300x200.jpg 300w, https:\/\/fcspartaktrnava.com\/wp-content\/uploads\/2024\/09\/DSC_3099-768x512.jpg 768w, https:\/\/fcspartaktrnava.com\/wp-content\/uploads\/2024\/09\/DSC_3099-18x12.jpg 18w, https:\/\/fcspartaktrnava.com\/wp-content\/uploads\/2024\/09\/DSC_3099.jpg 1520w\" sizes=\"auto, (max-width: 1024px) 100vw, 1024px\" \/><\/figure>\n<\/div>\n\n\n<hr class=\"wp-block-separator has-text-color has-vivid-red-color has-alpha-channel-opacity has-vivid-red-background-color has-background is-style-dots\"\/>\n\n\n\n<p class=\"has-text-align-center has-medium-font-size\"><strong>Michal \u010euri\u0161 sa vyjadril aj k v\u00fdkonom novej posily Roka Jure\u0161kina, ktor\u00fd mu nahr\u00e1val na g\u00f3l a ktor\u00e9ho ste v hlasovan\u00ed na na\u0161om Facebooku vybrali za najlep\u0161ieho hr\u00e1\u010da z\u00e1pasu proti Banskej Bystrici.<\/strong><\/p>\n\n\n<div class=\"wp-block-image\">\n<figure class=\"aligncenter size-large is-resized\"><img loading=\"lazy\" decoding=\"async\" width=\"1024\" height=\"682\" src=\"https:\/\/fcspartaktrnava.com\/wp-content\/uploads\/2024\/09\/DSC_3222-1-1024x682.jpg\" alt=\"\" class=\"wp-image-22603\" style=\"width:840px;height:auto\" srcset=\"https:\/\/fcspartaktrnava.com\/wp-content\/uploads\/2024\/09\/DSC_3222-1-1024x682.jpg 1024w, https:\/\/fcspartaktrnava.com\/wp-content\/uploads\/2024\/09\/DSC_3222-1-300x200.jpg 300w, https:\/\/fcspartaktrnava.com\/wp-content\/uploads\/2024\/09\/DSC_3222-1-768x512.jpg 768w, https:\/\/fcspartaktrnava.com\/wp-content\/uploads\/2024\/09\/DSC_3222-1-18x12.jpg 18w, https:\/\/fcspartaktrnava.com\/wp-content\/uploads\/2024\/09\/DSC_3222-1.jpg 1520w\" sizes=\"auto, (max-width: 1024px) 100vw, 1024px\" \/><\/figure>\n<\/div>\n\n\n<p class=\"has-text-align-center\">Roko Jure\u0161kin sa zatia\u013e ukazuje ako ve\u013emi dobr\u00e1 posila.<\/p>\n\n\n\n<p class=\"has-text-align-center has-white-color has-black-background-color has-text-color has-background has-link-color has-medium-font-size wp-elements-6f4a5844504ce89ac1057870bf2d80d9\"><strong>Pozrite si cel\u00e9 hodnotenie Michala \u010euri\u0161a po v\u00fdhre nad Dukla Bansk\u00e1 Bystrica.<\/strong><\/p>\n\n\n\n<figure class=\"wp-block-embed aligncenter is-type-video is-provider-youtube wp-block-embed-youtube wp-embed-aspect-16-9 wp-has-aspect-ratio\"><div class=\"wp-block-embed__wrapper\">\n<iframe loading=\"lazy\" title=\"Michal \u010euri\u0161 po v\u00fdhre nad Duklou\" width=\"500\" height=\"281\" src=\"https:\/\/www.youtube.com\/embed\/DrVoDhu4ZqY?feature=oembed\" frameborder=\"0\" allow=\"accelerometer; autoplay; clipboard-write; encrypted-media; gyroscope; picture-in-picture; web-share\" referrerpolicy=\"strict-origin-when-cross-origin\" allowfullscreen><\/iframe>\n<\/div><\/figure>\n\n\n\n<hr class=\"wp-block-separator has-alpha-channel-opacity\"\/>\n\n\n\n<p class=\"has-text-align-center has-medium-font-size\"><strong>V pol\u010dasovej prest\u00e1vke sme ocenili aj v\u00fdhercu ceny od partnera duelu firmy JAF a v zast\u00fapen\u00ed prezidenta klubu p\u00e1na Petra Macha aj darcov krvi, ktor\u00ed odovzdali najvz\u00e1cnej\u0161iu tekutinu na u\u017e 62. ed\u00edcii \u010cerveno\u010d\u00edrnej kvapky krvi Ladislava Kunu<\/strong>!<\/p>\n\n\n<div class=\"wp-block-image\">\n<figure class=\"aligncenter size-large\"><img loading=\"lazy\" decoding=\"async\" width=\"1024\" height=\"682\" src=\"https:\/\/fcspartaktrnava.com\/wp-content\/uploads\/2024\/09\/DSC_3090-1024x682.jpg\" alt=\"\" class=\"wp-image-22586\" srcset=\"https:\/\/fcspartaktrnava.com\/wp-content\/uploads\/2024\/09\/DSC_3090-1024x682.jpg 1024w, https:\/\/fcspartaktrnava.com\/wp-content\/uploads\/2024\/09\/DSC_3090-300x200.jpg 300w, https:\/\/fcspartaktrnava.com\/wp-content\/uploads\/2024\/09\/DSC_3090-768x512.jpg 768w, https:\/\/fcspartaktrnava.com\/wp-content\/uploads\/2024\/09\/DSC_3090-18x12.jpg 18w, https:\/\/fcspartaktrnava.com\/wp-content\/uploads\/2024\/09\/DSC_3090.jpg 1520w\" sizes=\"auto, (max-width: 1024px) 100vw, 1024px\" \/><\/figure>\n<\/div>\n\n\n<hr class=\"wp-block-separator has-text-color has-vivid-red-color has-alpha-channel-opacity has-vivid-red-background-color has-background is-style-dots\"\/>\n\n\n\n<p class=\"has-text-align-center has-black-color has-white-background-color has-text-color has-background has-link-color has-medium-font-size wp-elements-3230dd752968ce2563477741b002312f\"><strong>Pozrite si aj reakcie Erika Saba, ktor\u00fd nast\u00fapil do z\u00e1pasu s kapit\u00e1nskou p\u00e1skou a aj tr\u00e9nera Michala Ga\u0161par\u00edka na poz\u00e1pasovej tla\u010dovej konferencii.<\/strong><\/p>\n\n\n\n<figure class=\"wp-block-embed aligncenter is-type-video is-provider-youtube wp-block-embed-youtube wp-embed-aspect-16-9 wp-has-aspect-ratio\"><div class=\"wp-block-embed__wrapper\">\n<iframe loading=\"lazy\" title=\"Erik Sabo po v\u00fdhre nad Duklou\" width=\"500\" height=\"281\" src=\"https:\/\/www.youtube.com\/embed\/w7fLxNy0AJ0?start=5&#038;feature=oembed\" frameborder=\"0\" allow=\"accelerometer; autoplay; clipboard-write; encrypted-media; gyroscope; picture-in-picture; web-share\" referrerpolicy=\"strict-origin-when-cross-origin\" allowfullscreen><\/iframe>\n<\/div><\/figure>\n\n\n\n<hr class=\"wp-block-separator has-alpha-channel-opacity\"\/>\n\n\n\n<figure class=\"wp-block-embed aligncenter is-type-video is-provider-youtube wp-block-embed-youtube wp-embed-aspect-16-9 wp-has-aspect-ratio\"><div class=\"wp-block-embed__wrapper\">\n<iframe loading=\"lazy\" title=\"Tla\u010dov\u00e1 konferencia | Marek Ba\u017e\u00edk a Michal Ga\u0161par\u00edk po z\u00e1pase 8. kola Nik\u00e9 ligy\" width=\"500\" height=\"281\" src=\"https:\/\/www.youtube.com\/embed\/KnAKmw6XHEk?feature=oembed\" frameborder=\"0\" allow=\"accelerometer; autoplay; clipboard-write; encrypted-media; gyroscope; picture-in-picture; web-share\" referrerpolicy=\"strict-origin-when-cross-origin\" allowfullscreen><\/iframe>\n<\/div><\/figure>\n\n\n\n<hr class=\"wp-block-separator has-alpha-channel-opacity\"\/>\n\n\n\n<p class=\"has-text-align-center has-medium-font-size\"><strong>Najbli\u017e\u0161\u00ed z\u00e1pas \u010dak\u00e1 \u010derveno\u010d\u00edrne farby v sobotu 28. septembra na p\u00f4de Dunajskej Stredy. Z\u00e1pas si budete m\u00f4c\u0165 pozrie\u0165 v telev\u00edzii DAJTO.<\/strong><\/p>\n\n\n\n<p class=\"has-text-align-center has-medium-font-size\">\u010eakujeme za podporu a te\u0161\u00edme sa na v\u00e1s pri \u010fal\u0161\u00edch dueloch. TRNAVA DO TEHO!<\/p>","protected":false},"excerpt":{"rendered":"<p>FC Spartak Trnava 1:0 MFK Dukla Bansk\u00e1 Bystrica&#8230;.<\/p>","protected":false},"author":5,"featured_media":22553,"comment_status":"closed","ping_status":"closed","sticky":false,"template":"","format":"standard","meta":{"footnotes":""},"categories":[12,20],"tags":[],"class_list":["post-22629","post","type-post","status-publish","format-standard","has-post-thumbnail","hentry","category-spravy","category-zapas","post-number-1"],"yoast_head":"<!-- This site is optimized with the Yoast SEO plugin v27.1.1 - https:\/\/yoast.com\/product\/yoast-seo-wordpress\/ -->\n<title>VIDEO: Ohlasy na v\u00fdhru proti Banskej Bystrici - FC Spartak Trnava<\/title>\n<meta name=\"robots\" content=\"index, follow, max-snippet:-1, max-image-preview:large, max-video-preview:-1\" \/>\n<link rel=\"canonical\" href=\"https:\/\/fcspartaktrnava.com\/en\/video-ohlasy-na-vyhru-proti-banskej-bystrici\/\" \/>\n<meta name=\"twitter:label1\" content=\"Written by\" \/>\n\t<meta name=\"twitter:data1\" content=\"Samuel \u010eurinsk\u00fd\" \/>\n\t<meta name=\"twitter:label2\" content=\"Estimated reading time\" \/>\n\t<meta name=\"twitter:data2\" content=\"3 minutes\" \/>\n<script type=\"application\/ld+json\" class=\"yoast-schema-graph\">{\"@context\":\"https:\/\/schema.org\",\"@graph\":[{\"@type\":\"Article\",\"@id\":\"https:\/\/fcspartaktrnava.com\/video-ohlasy-na-vyhru-proti-banskej-bystrici\/#article\",\"isPartOf\":{\"@id\":\"https:\/\/fcspartaktrnava.com\/video-ohlasy-na-vyhru-proti-banskej-bystrici\/\"},\"author\":{\"name\":\"Samuel \u010eurinsk\u00fd\",\"@id\":\"https:\/\/fcspartaktrnava.com\/#\/schema\/person\/62c3c2562c3c56e4c0c8c2342c596ac0\"},\"headline\":\"VIDEO: Ohlasy na v\u00fdhru proti Banskej Bystrici\",\"datePublished\":\"2024-09-23T14:21:52+00:00\",\"mainEntityOfPage\":{\"@id\":\"https:\/\/fcspartaktrnava.com\/video-ohlasy-na-vyhru-proti-banskej-bystrici\/\"},\"wordCount\":500,\"publisher\":{\"@id\":\"https:\/\/fcspartaktrnava.com\/#organization\"},\"image\":{\"@id\":\"https:\/\/fcspartaktrnava.com\/video-ohlasy-na-vyhru-proti-banskej-bystrici\/#primaryimage\"},\"thumbnailUrl\":\"https:\/\/fcspartaktrnava.com\/wp-content\/uploads\/2024\/09\/DSC_2659.jpg\",\"articleSection\":[\"Spr\u00e1vy\",\"Z\u00e1pas\"],\"inLanguage\":\"en-GB\"},{\"@type\":\"WebPage\",\"@id\":\"https:\/\/fcspartaktrnava.com\/video-ohlasy-na-vyhru-proti-banskej-bystrici\/\",\"url\":\"https:\/\/fcspartaktrnava.com\/video-ohlasy-na-vyhru-proti-banskej-bystrici\/\",\"name\":\"VIDEO: Ohlasy na v\u00fdhru proti Banskej Bystrici - FC Spartak Trnava\",\"isPartOf\":{\"@id\":\"https:\/\/fcspartaktrnava.com\/#website\"},\"primaryImageOfPage\":{\"@id\":\"https:\/\/fcspartaktrnava.com\/video-ohlasy-na-vyhru-proti-banskej-bystrici\/#primaryimage\"},\"image\":{\"@id\":\"https:\/\/fcspartaktrnava.com\/video-ohlasy-na-vyhru-proti-banskej-bystrici\/#primaryimage\"},\"thumbnailUrl\":\"https:\/\/fcspartaktrnava.com\/wp-content\/uploads\/2024\/09\/DSC_2659.jpg\",\"datePublished\":\"2024-09-23T14:21:52+00:00\",\"breadcrumb\":{\"@id\":\"https:\/\/fcspartaktrnava.com\/video-ohlasy-na-vyhru-proti-banskej-bystrici\/#breadcrumb\"},\"inLanguage\":\"en-GB\",\"potentialAction\":[{\"@type\":\"ReadAction\",\"target\":[\"https:\/\/fcspartaktrnava.com\/video-ohlasy-na-vyhru-proti-banskej-bystrici\/\"]}]},{\"@type\":\"ImageObject\",\"inLanguage\":\"en-GB\",\"@id\":\"https:\/\/fcspartaktrnava.com\/video-ohlasy-na-vyhru-proti-banskej-bystrici\/#primaryimage\",\"url\":\"https:\/\/fcspartaktrnava.com\/wp-content\/uploads\/2024\/09\/DSC_2659.jpg\",\"contentUrl\":\"https:\/\/fcspartaktrnava.com\/wp-content\/uploads\/2024\/09\/DSC_2659.jpg\",\"width\":1520,\"height\":1013},{\"@type\":\"BreadcrumbList\",\"@id\":\"https:\/\/fcspartaktrnava.com\/video-ohlasy-na-vyhru-proti-banskej-bystrici\/#breadcrumb\",\"itemListElement\":[{\"@type\":\"ListItem\",\"position\":1,\"name\":\"Home\",\"item\":\"https:\/\/fcspartaktrnava.com\/\"},{\"@type\":\"ListItem\",\"position\":2,\"name\":\"VIDEO: Ohlasy na v\u00fdhru proti Banskej Bystrici\"}]},{\"@type\":\"WebSite\",\"@id\":\"https:\/\/fcspartaktrnava.com\/#website\",\"url\":\"https:\/\/fcspartaktrnava.com\/\",\"name\":\"FC Spartak Trnava\",\"description\":\"ofici\u00e1lna webstr\u00e1nka futbalov\u00e9ho klubu\",\"publisher\":{\"@id\":\"https:\/\/fcspartaktrnava.com\/#organization\"},\"potentialAction\":[{\"@type\":\"SearchAction\",\"target\":{\"@type\":\"EntryPoint\",\"urlTemplate\":\"https:\/\/fcspartaktrnava.com\/?s={search_term_string}\"},\"query-input\":{\"@type\":\"PropertyValueSpecification\",\"valueRequired\":true,\"valueName\":\"search_term_string\"}}],\"inLanguage\":\"en-GB\"},{\"@type\":\"Organization\",\"@id\":\"https:\/\/fcspartaktrnava.com\/#organization\",\"name\":\"FC Spartak Trnava\",\"alternateName\":\"Spartak\",\"url\":\"https:\/\/fcspartaktrnava.com\/\",\"logo\":{\"@type\":\"ImageObject\",\"inLanguage\":\"en-GB\",\"@id\":\"https:\/\/fcspartaktrnava.com\/#\/schema\/logo\/image\/\",\"url\":\"https:\/\/fcspartaktrnava.com\/wp-content\/uploads\/2022\/08\/cropped-site_logo.png\",\"contentUrl\":\"https:\/\/fcspartaktrnava.com\/wp-content\/uploads\/2022\/08\/cropped-site_logo.png\",\"width\":140,\"height\":140,\"caption\":\"FC Spartak Trnava\"},\"image\":{\"@id\":\"https:\/\/fcspartaktrnava.com\/#\/schema\/logo\/image\/\"},\"sameAs\":[\"https:\/\/www.facebook.com\/SpartakTrnava\",\"https:\/\/x.com\/SpartakTrnava1\",\"https:\/\/www.instagram.com\/spartak_sk\/\"]},{\"@type\":\"Person\",\"@id\":\"https:\/\/fcspartaktrnava.com\/#\/schema\/person\/62c3c2562c3c56e4c0c8c2342c596ac0\",\"name\":\"Samuel \u010eurinsk\u00fd\",\"image\":{\"@type\":\"ImageObject\",\"inLanguage\":\"en-GB\",\"@id\":\"https:\/\/fcspartaktrnava.com\/#\/schema\/person\/image\/\",\"url\":\"https:\/\/secure.gravatar.com\/avatar\/af2fa02af92418b86ed742470664fe40056833fb68d84becf03f6ab02319257c?s=96&d=mm&r=g\",\"contentUrl\":\"https:\/\/secure.gravatar.com\/avatar\/af2fa02af92418b86ed742470664fe40056833fb68d84becf03f6ab02319257c?s=96&d=mm&r=g\",\"caption\":\"Samuel \u010eurinsk\u00fd\"},\"url\":\"https:\/\/fcspartaktrnava.com\/en\/author\/fcst-samuel\/\"}]}<\/script>\n<!-- \/ Yoast SEO plugin. -->","yoast_head_json":{"title":"VIDEO: Ohlasy na v\u00fdhru proti Banskej Bystrici - FC Spartak Trnava","robots":{"index":"index","follow":"follow","max-snippet":"max-snippet:-1","max-image-preview":"max-image-preview:large","max-video-preview":"max-video-preview:-1"},"canonical":"https:\/\/fcspartaktrnava.com\/en\/video-ohlasy-na-vyhru-proti-banskej-bystrici\/","twitter_misc":{"Written by":"Samuel \u010eurinsk\u00fd","Estimated reading time":"3 minutes"},"schema":{"@context":"https:\/\/schema.org","@graph":[{"@type":"Article","@id":"https:\/\/fcspartaktrnava.com\/video-ohlasy-na-vyhru-proti-banskej-bystrici\/#article","isPartOf":{"@id":"https:\/\/fcspartaktrnava.com\/video-ohlasy-na-vyhru-proti-banskej-bystrici\/"},"author":{"name":"Samuel \u010eurinsk\u00fd","@id":"https:\/\/fcspartaktrnava.com\/#\/schema\/person\/62c3c2562c3c56e4c0c8c2342c596ac0"},"headline":"VIDEO: Ohlasy na v\u00fdhru proti Banskej Bystrici","datePublished":"2024-09-23T14:21:52+00:00","mainEntityOfPage":{"@id":"https:\/\/fcspartaktrnava.com\/video-ohlasy-na-vyhru-proti-banskej-bystrici\/"},"wordCount":500,"publisher":{"@id":"https:\/\/fcspartaktrnava.com\/#organization"},"image":{"@id":"https:\/\/fcspartaktrnava.com\/video-ohlasy-na-vyhru-proti-banskej-bystrici\/#primaryimage"},"thumbnailUrl":"https:\/\/fcspartaktrnava.com\/wp-content\/uploads\/2024\/09\/DSC_2659.jpg","articleSection":["Spr\u00e1vy","Z\u00e1pas"],"inLanguage":"en-GB"},{"@type":"WebPage","@id":"https:\/\/fcspartaktrnava.com\/video-ohlasy-na-vyhru-proti-banskej-bystrici\/","url":"https:\/\/fcspartaktrnava.com\/video-ohlasy-na-vyhru-proti-banskej-bystrici\/","name":"VIDEO: Ohlasy na v\u00fdhru proti Banskej Bystrici - FC Spartak Trnava","isPartOf":{"@id":"https:\/\/fcspartaktrnava.com\/#website"},"primaryImageOfPage":{"@id":"https:\/\/fcspartaktrnava.com\/video-ohlasy-na-vyhru-proti-banskej-bystrici\/#primaryimage"},"image":{"@id":"https:\/\/fcspartaktrnava.com\/video-ohlasy-na-vyhru-proti-banskej-bystrici\/#primaryimage"},"thumbnailUrl":"https:\/\/fcspartaktrnava.com\/wp-content\/uploads\/2024\/09\/DSC_2659.jpg","datePublished":"2024-09-23T14:21:52+00:00","breadcrumb":{"@id":"https:\/\/fcspartaktrnava.com\/video-ohlasy-na-vyhru-proti-banskej-bystrici\/#breadcrumb"},"inLanguage":"en-GB","potentialAction":[{"@type":"ReadAction","target":["https:\/\/fcspartaktrnava.com\/video-ohlasy-na-vyhru-proti-banskej-bystrici\/"]}]},{"@type":"ImageObject","inLanguage":"en-GB","@id":"https:\/\/fcspartaktrnava.com\/video-ohlasy-na-vyhru-proti-banskej-bystrici\/#primaryimage","url":"https:\/\/fcspartaktrnava.com\/wp-content\/uploads\/2024\/09\/DSC_2659.jpg","contentUrl":"https:\/\/fcspartaktrnava.com\/wp-content\/uploads\/2024\/09\/DSC_2659.jpg","width":1520,"height":1013},{"@type":"BreadcrumbList","@id":"https:\/\/fcspartaktrnava.com\/video-ohlasy-na-vyhru-proti-banskej-bystrici\/#breadcrumb","itemListElement":[{"@type":"ListItem","position":1,"name":"Home","item":"https:\/\/fcspartaktrnava.com\/"},{"@type":"ListItem","position":2,"name":"VIDEO: Ohlasy na v\u00fdhru proti Banskej Bystrici"}]},{"@type":"WebSite","@id":"https:\/\/fcspartaktrnava.com\/#website","url":"https:\/\/fcspartaktrnava.com\/","name":"FC Spartak Trnava","description":"ofici\u00e1lna webstr\u00e1nka futbalov\u00e9ho klubu","publisher":{"@id":"https:\/\/fcspartaktrnava.com\/#organization"},"potentialAction":[{"@type":"SearchAction","target":{"@type":"EntryPoint","urlTemplate":"https:\/\/fcspartaktrnava.com\/?s={search_term_string}"},"query-input":{"@type":"PropertyValueSpecification","valueRequired":true,"valueName":"search_term_string"}}],"inLanguage":"en-GB"},{"@type":"Organization","@id":"https:\/\/fcspartaktrnava.com\/#organization","name":"FC Spartak Trnava","alternateName":"Spartak","url":"https:\/\/fcspartaktrnava.com\/","logo":{"@type":"ImageObject","inLanguage":"en-GB","@id":"https:\/\/fcspartaktrnava.com\/#\/schema\/logo\/image\/","url":"https:\/\/fcspartaktrnava.com\/wp-content\/uploads\/2022\/08\/cropped-site_logo.png","contentUrl":"https:\/\/fcspartaktrnava.com\/wp-content\/uploads\/2022\/08\/cropped-site_logo.png","width":140,"height":140,"caption":"FC Spartak Trnava"},"image":{"@id":"https:\/\/fcspartaktrnava.com\/#\/schema\/logo\/image\/"},"sameAs":["https:\/\/www.facebook.com\/SpartakTrnava","https:\/\/x.com\/SpartakTrnava1","https:\/\/www.instagram.com\/spartak_sk\/"]},{"@type":"Person","@id":"https:\/\/fcspartaktrnava.com\/#\/schema\/person\/62c3c2562c3c56e4c0c8c2342c596ac0","name":"Samuel \u010eurinsk\u00fd","image":{"@type":"ImageObject","inLanguage":"en-GB","@id":"https:\/\/fcspartaktrnava.com\/#\/schema\/person\/image\/","url":"https:\/\/secure.gravatar.com\/avatar\/af2fa02af92418b86ed742470664fe40056833fb68d84becf03f6ab02319257c?s=96&d=mm&r=g","contentUrl":"https:\/\/secure.gravatar.com\/avatar\/af2fa02af92418b86ed742470664fe40056833fb68d84becf03f6ab02319257c?s=96&d=mm&r=g","caption":"Samuel \u010eurinsk\u00fd"},"url":"https:\/\/fcspartaktrnava.com\/en\/author\/fcst-samuel\/"}]}},"_links":{"self":[{"href":"https:\/\/fcspartaktrnava.com\/en\/wp-json\/wp\/v2\/posts\/22629","targetHints":{"allow":["GET"]}}],"collection":[{"href":"https:\/\/fcspartaktrnava.com\/en\/wp-json\/wp\/v2\/posts"}],"about":[{"href":"https:\/\/fcspartaktrnava.com\/en\/wp-json\/wp\/v2\/types\/post"}],"author":[{"embeddable":true,"href":"https:\/\/fcspartaktrnava.com\/en\/wp-json\/wp\/v2\/users\/5"}],"replies":[{"embeddable":true,"href":"https:\/\/fcspartaktrnava.com\/en\/wp-json\/wp\/v2\/comments?post=22629"}],"version-history":[{"count":0,"href":"https:\/\/fcspartaktrnava.com\/en\/wp-json\/wp\/v2\/posts\/22629\/revisions"}],"wp:featuredmedia":[{"embeddable":true,"href":"https:\/\/fcspartaktrnava.com\/en\/wp-json\/wp\/v2\/media\/22553"}],"wp:attachment":[{"href":"https:\/\/fcspartaktrnava.com\/en\/wp-json\/wp\/v2\/media?parent=22629"}],"wp:term":[{"taxonomy":"category","embeddable":true,"href":"https:\/\/fcspartaktrnava.com\/en\/wp-json\/wp\/v2\/categories?post=22629"},{"taxonomy":"post_tag","embeddable":true,"href":"https:\/\/fcspartaktrnava.com\/en\/wp-json\/wp\/v2\/tags?post=22629"}],"curies":[{"name":"wp","href":"https:\/\/api.w.org\/{rel}","templated":true}]}}