{"id":22501,"date":"2024-09-19T11:15:22","date_gmt":"2024-09-19T09:15:22","guid":{"rendered":"https:\/\/fcspartaktrnava.com\/?p=22501"},"modified":"2024-09-19T13:30:34","modified_gmt":"2024-09-19T11:30:34","slug":"oktoberfest-na-spartaku-uz-v-nedelu","status":"publish","type":"post","link":"https:\/\/fcspartaktrnava.com\/en\/oktoberfest-na-spartaku-uz-v-nedelu\/","title":{"rendered":"Okt\u00f3berfest na Spartaku u\u017e v nede\u013eu"},"content":{"rendered":"<p class=\"has-text-align-center has-medium-font-size\">Spartak sa u\u017e v nede\u013eu popoludn\u00ed predstav\u00ed na dom\u00e1cej p\u00f4de v z\u00e1pase proti Banskej Bystrici. S\u00fapera zo srdca republiky sme v minulej sez\u00f3ne dok\u00e1zali dvakr\u00e1t zdola\u0165. Nadvia\u017eme na tieto dve v\u00fdhry spolo\u010dne. <\/p>\n\n\n\n<p class=\"has-text-align-center has-medium-font-size\">Poz\u00fdvame v\u00e1s, na\u0161ich skvel\u00fdch fan\u00fa\u0161ikov, na z\u00e1pas proti Banskej Bystrici a tentokr\u00e1t pre v\u00e1s m\u00e1me pripraven\u00fa \u0161peci\u00e1lnu ponuku v na\u0161ich bufetoch, ku ktor\u00fdm patr\u00ed aj kvalitn\u00e9 pivo.<\/p>\n\n\n\n<h2 class=\"wp-block-heading has-text-align-center\">PAULANER AKO NA OKT\u00d3BER FESTE V MN\u00cdCHOVE<\/h2>\n\n\n\n<p class=\"has-text-align-center has-medium-font-size\">K z\u00e1veru septembra patr\u00ed jednozna\u010dne tradi\u010dn\u00e1 oslava dobr\u00e9ho jedla, prav\u00fdch bavorsk\u00fdch \u0161pecial\u00edt a kvalitn\u00e9 pivo. U n\u00e1s si v nede\u013eu pr\u00eddu na svoje v\u0161etci milovn\u00edci jed\u00e1l ako napr. <strong><em>Weisswurst, Leberk\u00e4se \u010di pracl\u00edkov. <\/em><\/strong><\/p>\n\n\n<div class=\"wp-block-image\">\n<figure class=\"aligncenter size-large is-resized\"><img loading=\"lazy\" decoding=\"async\" width=\"819\" height=\"1024\" src=\"https:\/\/fcspartaktrnava.com\/wp-content\/uploads\/2024\/09\/image_123650291-27-819x1024.jpg\" alt=\"\" class=\"wp-image-22502\" style=\"width:603px;height:auto\" srcset=\"https:\/\/fcspartaktrnava.com\/wp-content\/uploads\/2024\/09\/image_123650291-27-819x1024.jpg 819w, https:\/\/fcspartaktrnava.com\/wp-content\/uploads\/2024\/09\/image_123650291-27-240x300.jpg 240w, https:\/\/fcspartaktrnava.com\/wp-content\/uploads\/2024\/09\/image_123650291-27-768x960.jpg 768w, https:\/\/fcspartaktrnava.com\/wp-content\/uploads\/2024\/09\/image_123650291-27-10x12.jpg 10w, https:\/\/fcspartaktrnava.com\/wp-content\/uploads\/2024\/09\/image_123650291-27.jpg 1200w\" sizes=\"auto, (max-width: 819px) 100vw, 819px\" \/><\/figure>\n<\/div>\n\n\n<p class=\"has-text-align-center\"><em>Ilustra\u010dn\u00e1 foto<\/em><\/p>\n\n\n\n<hr class=\"wp-block-separator has-text-color has-vivid-red-color has-alpha-channel-opacity has-vivid-red-background-color has-background is-style-dots\"\/>\n\n\n\n<p class=\"has-text-align-center has-medium-font-size\"><strong>To v\u0161etko budete m\u00f4c\u0165 zapi\u0165 origin\u00e1lnym pivom zna\u010dky PAULANER, ktor\u00e9 sa pod\u00e1va na Okt\u00f3berfeste v Mn\u00edchove. <\/strong>V\u0161etko si vychutn\u00e1te v pohodl\u00ed \u0161tadi\u00f3na aj pri \u0161peci\u00e1lnom seden\u00ed za z\u00e1padnou trib\u00fanou.<\/p>\n\n\n<div class=\"wp-block-image\">\n<figure class=\"aligncenter size-large is-resized\"><img loading=\"lazy\" decoding=\"async\" width=\"819\" height=\"1024\" src=\"https:\/\/fcspartaktrnava.com\/wp-content\/uploads\/2024\/09\/image_123650291-29-819x1024.jpg\" alt=\"\" class=\"wp-image-22503\" style=\"width:597px;height:auto\" srcset=\"https:\/\/fcspartaktrnava.com\/wp-content\/uploads\/2024\/09\/image_123650291-29-819x1024.jpg 819w, https:\/\/fcspartaktrnava.com\/wp-content\/uploads\/2024\/09\/image_123650291-29-240x300.jpg 240w, https:\/\/fcspartaktrnava.com\/wp-content\/uploads\/2024\/09\/image_123650291-29-768x960.jpg 768w, https:\/\/fcspartaktrnava.com\/wp-content\/uploads\/2024\/09\/image_123650291-29-10x12.jpg 10w, https:\/\/fcspartaktrnava.com\/wp-content\/uploads\/2024\/09\/image_123650291-29.jpg 1200w\" sizes=\"auto, (max-width: 819px) 100vw, 819px\" \/><\/figure>\n<\/div>\n\n\n<hr class=\"wp-block-separator has-alpha-channel-opacity\"\/>\n\n\n\n<p class=\"has-text-align-center has-medium-font-size\"><strong>Te\u0161\u00edme sa na v\u00e1s priamo na \u0160tadi\u00f3ne Antona Malatinsk\u00e9ho u\u017e v nede\u013eu 22. septembra. <\/strong><\/p>\n\n\n\n<p class=\"has-text-align-center has-medium-font-size\"><strong>Br\u00e1ny \u0161tadi\u00f3na otv\u00e1rame u\u017e dve hodiny pred z\u00e1pasom, tak pr\u00ed\u010fte si vychutna\u0165 \u0161peciality Okt\u00f3berfestu na Spartaku!<\/strong><\/p>\n\n\n\n<p class=\"has-text-align-center has-black-color has-white-background-color has-text-color has-background has-link-color has-medium-font-size wp-elements-ea1961e08b907e83c18a34243ccd7f85\"><strong>Vstupenky dostupn\u00e9 na <a href=\"https:\/\/predpredaj.zoznam.sk\/sk\/listky\/fc-spartak-trnava-dukla-banska-bystrica-2024-09-22\/\">predpredaj.sk<\/a><\/strong> v na\u0161om FANSHOPE a dve hodiny pred z\u00e1pasom aj v pokladniach.<\/p>\n\n\n\n<p class=\"has-text-align-center has-medium-font-size\"><strong>PERSISTENCE IN IT!<\/strong><\/p>","protected":false},"excerpt":{"rendered":"<p>Spartak sa u\u017e v nede\u013eu popoludn\u00ed predstav\u00ed na&#8230;<\/p>","protected":false},"author":5,"featured_media":22504,"comment_status":"closed","ping_status":"closed","sticky":false,"template":"","format":"standard","meta":{"footnotes":""},"categories":[12],"tags":[],"class_list":["post-22501","post","type-post","status-publish","format-standard","has-post-thumbnail","hentry","category-spravy","post-number-1"],"yoast_head":"<!-- This site is optimized with the Yoast SEO plugin v27.1.1 - https:\/\/yoast.com\/product\/yoast-seo-wordpress\/ -->\n<title>Okt\u00f3berfest na Spartaku u\u017e v nede\u013eu - FC Spartak Trnava<\/title>\n<meta name=\"robots\" content=\"index, follow, max-snippet:-1, max-image-preview:large, max-video-preview:-1\" \/>\n<link rel=\"canonical\" href=\"https:\/\/fcspartaktrnava.com\/en\/oktoberfest-na-spartaku-uz-v-nedelu\/\" \/>\n<meta name=\"twitter:label1\" content=\"Written by\" \/>\n\t<meta name=\"twitter:data1\" content=\"Samuel \u010eurinsk\u00fd\" \/>\n\t<meta name=\"twitter:label2\" content=\"Estimated reading time\" \/>\n\t<meta name=\"twitter:data2\" content=\"2 minutes\" \/>\n<script type=\"application\/ld+json\" class=\"yoast-schema-graph\">{\"@context\":\"https:\/\/schema.org\",\"@graph\":[{\"@type\":\"Article\",\"@id\":\"https:\/\/fcspartaktrnava.com\/oktoberfest-na-spartaku-uz-v-nedelu\/#article\",\"isPartOf\":{\"@id\":\"https:\/\/fcspartaktrnava.com\/oktoberfest-na-spartaku-uz-v-nedelu\/\"},\"author\":{\"name\":\"Samuel \u010eurinsk\u00fd\",\"@id\":\"https:\/\/fcspartaktrnava.com\/#\/schema\/person\/62c3c2562c3c56e4c0c8c2342c596ac0\"},\"headline\":\"Okt\u00f3berfest na Spartaku u\u017e v nede\u013eu\",\"datePublished\":\"2024-09-19T09:15:22+00:00\",\"dateModified\":\"2024-09-19T11:30:34+00:00\",\"mainEntityOfPage\":{\"@id\":\"https:\/\/fcspartaktrnava.com\/oktoberfest-na-spartaku-uz-v-nedelu\/\"},\"wordCount\":252,\"publisher\":{\"@id\":\"https:\/\/fcspartaktrnava.com\/#organization\"},\"image\":{\"@id\":\"https:\/\/fcspartaktrnava.com\/oktoberfest-na-spartaku-uz-v-nedelu\/#primaryimage\"},\"thumbnailUrl\":\"https:\/\/fcspartaktrnava.com\/wp-content\/uploads\/2024\/09\/190605_Oktoberfest_02_Anstossen_Gruppe_4c_gold-scaled.jpg\",\"articleSection\":[\"Spr\u00e1vy\"],\"inLanguage\":\"en-GB\"},{\"@type\":\"WebPage\",\"@id\":\"https:\/\/fcspartaktrnava.com\/oktoberfest-na-spartaku-uz-v-nedelu\/\",\"url\":\"https:\/\/fcspartaktrnava.com\/oktoberfest-na-spartaku-uz-v-nedelu\/\",\"name\":\"Okt\u00f3berfest na Spartaku u\u017e v nede\u013eu - FC Spartak Trnava\",\"isPartOf\":{\"@id\":\"https:\/\/fcspartaktrnava.com\/#website\"},\"primaryImageOfPage\":{\"@id\":\"https:\/\/fcspartaktrnava.com\/oktoberfest-na-spartaku-uz-v-nedelu\/#primaryimage\"},\"image\":{\"@id\":\"https:\/\/fcspartaktrnava.com\/oktoberfest-na-spartaku-uz-v-nedelu\/#primaryimage\"},\"thumbnailUrl\":\"https:\/\/fcspartaktrnava.com\/wp-content\/uploads\/2024\/09\/190605_Oktoberfest_02_Anstossen_Gruppe_4c_gold-scaled.jpg\",\"datePublished\":\"2024-09-19T09:15:22+00:00\",\"dateModified\":\"2024-09-19T11:30:34+00:00\",\"breadcrumb\":{\"@id\":\"https:\/\/fcspartaktrnava.com\/oktoberfest-na-spartaku-uz-v-nedelu\/#breadcrumb\"},\"inLanguage\":\"en-GB\",\"potentialAction\":[{\"@type\":\"ReadAction\",\"target\":[\"https:\/\/fcspartaktrnava.com\/oktoberfest-na-spartaku-uz-v-nedelu\/\"]}]},{\"@type\":\"ImageObject\",\"inLanguage\":\"en-GB\",\"@id\":\"https:\/\/fcspartaktrnava.com\/oktoberfest-na-spartaku-uz-v-nedelu\/#primaryimage\",\"url\":\"https:\/\/fcspartaktrnava.com\/wp-content\/uploads\/2024\/09\/190605_Oktoberfest_02_Anstossen_Gruppe_4c_gold-scaled.jpg\",\"contentUrl\":\"https:\/\/fcspartaktrnava.com\/wp-content\/uploads\/2024\/09\/190605_Oktoberfest_02_Anstossen_Gruppe_4c_gold-scaled.jpg\",\"width\":2560,\"height\":1872},{\"@type\":\"BreadcrumbList\",\"@id\":\"https:\/\/fcspartaktrnava.com\/oktoberfest-na-spartaku-uz-v-nedelu\/#breadcrumb\",\"itemListElement\":[{\"@type\":\"ListItem\",\"position\":1,\"name\":\"Home\",\"item\":\"https:\/\/fcspartaktrnava.com\/\"},{\"@type\":\"ListItem\",\"position\":2,\"name\":\"Okt\u00f3berfest na Spartaku u\u017e v nede\u013eu\"}]},{\"@type\":\"WebSite\",\"@id\":\"https:\/\/fcspartaktrnava.com\/#website\",\"url\":\"https:\/\/fcspartaktrnava.com\/\",\"name\":\"FC Spartak Trnava\",\"description\":\"ofici\u00e1lna webstr\u00e1nka futbalov\u00e9ho klubu\",\"publisher\":{\"@id\":\"https:\/\/fcspartaktrnava.com\/#organization\"},\"potentialAction\":[{\"@type\":\"SearchAction\",\"target\":{\"@type\":\"EntryPoint\",\"urlTemplate\":\"https:\/\/fcspartaktrnava.com\/?s={search_term_string}\"},\"query-input\":{\"@type\":\"PropertyValueSpecification\",\"valueRequired\":true,\"valueName\":\"search_term_string\"}}],\"inLanguage\":\"en-GB\"},{\"@type\":\"Organization\",\"@id\":\"https:\/\/fcspartaktrnava.com\/#organization\",\"name\":\"FC Spartak Trnava\",\"alternateName\":\"Spartak\",\"url\":\"https:\/\/fcspartaktrnava.com\/\",\"logo\":{\"@type\":\"ImageObject\",\"inLanguage\":\"en-GB\",\"@id\":\"https:\/\/fcspartaktrnava.com\/#\/schema\/logo\/image\/\",\"url\":\"https:\/\/fcspartaktrnava.com\/wp-content\/uploads\/2022\/08\/cropped-site_logo.png\",\"contentUrl\":\"https:\/\/fcspartaktrnava.com\/wp-content\/uploads\/2022\/08\/cropped-site_logo.png\",\"width\":140,\"height\":140,\"caption\":\"FC Spartak Trnava\"},\"image\":{\"@id\":\"https:\/\/fcspartaktrnava.com\/#\/schema\/logo\/image\/\"},\"sameAs\":[\"https:\/\/www.facebook.com\/SpartakTrnava\",\"https:\/\/x.com\/SpartakTrnava1\",\"https:\/\/www.instagram.com\/spartak_sk\/\"]},{\"@type\":\"Person\",\"@id\":\"https:\/\/fcspartaktrnava.com\/#\/schema\/person\/62c3c2562c3c56e4c0c8c2342c596ac0\",\"name\":\"Samuel \u010eurinsk\u00fd\",\"image\":{\"@type\":\"ImageObject\",\"inLanguage\":\"en-GB\",\"@id\":\"https:\/\/fcspartaktrnava.com\/#\/schema\/person\/image\/\",\"url\":\"https:\/\/secure.gravatar.com\/avatar\/af2fa02af92418b86ed742470664fe40056833fb68d84becf03f6ab02319257c?s=96&d=mm&r=g\",\"contentUrl\":\"https:\/\/secure.gravatar.com\/avatar\/af2fa02af92418b86ed742470664fe40056833fb68d84becf03f6ab02319257c?s=96&d=mm&r=g\",\"caption\":\"Samuel \u010eurinsk\u00fd\"},\"url\":\"https:\/\/fcspartaktrnava.com\/en\/author\/fcst-samuel\/\"}]}<\/script>\n<!-- \/ Yoast SEO plugin. -->","yoast_head_json":{"title":"Okt\u00f3berfest na Spartaku u\u017e v nede\u013eu - FC Spartak Trnava","robots":{"index":"index","follow":"follow","max-snippet":"max-snippet:-1","max-image-preview":"max-image-preview:large","max-video-preview":"max-video-preview:-1"},"canonical":"https:\/\/fcspartaktrnava.com\/en\/oktoberfest-na-spartaku-uz-v-nedelu\/","twitter_misc":{"Written by":"Samuel \u010eurinsk\u00fd","Estimated reading time":"2 minutes"},"schema":{"@context":"https:\/\/schema.org","@graph":[{"@type":"Article","@id":"https:\/\/fcspartaktrnava.com\/oktoberfest-na-spartaku-uz-v-nedelu\/#article","isPartOf":{"@id":"https:\/\/fcspartaktrnava.com\/oktoberfest-na-spartaku-uz-v-nedelu\/"},"author":{"name":"Samuel \u010eurinsk\u00fd","@id":"https:\/\/fcspartaktrnava.com\/#\/schema\/person\/62c3c2562c3c56e4c0c8c2342c596ac0"},"headline":"Okt\u00f3berfest na Spartaku u\u017e v nede\u013eu","datePublished":"2024-09-19T09:15:22+00:00","dateModified":"2024-09-19T11:30:34+00:00","mainEntityOfPage":{"@id":"https:\/\/fcspartaktrnava.com\/oktoberfest-na-spartaku-uz-v-nedelu\/"},"wordCount":252,"publisher":{"@id":"https:\/\/fcspartaktrnava.com\/#organization"},"image":{"@id":"https:\/\/fcspartaktrnava.com\/oktoberfest-na-spartaku-uz-v-nedelu\/#primaryimage"},"thumbnailUrl":"https:\/\/fcspartaktrnava.com\/wp-content\/uploads\/2024\/09\/190605_Oktoberfest_02_Anstossen_Gruppe_4c_gold-scaled.jpg","articleSection":["Spr\u00e1vy"],"inLanguage":"en-GB"},{"@type":"WebPage","@id":"https:\/\/fcspartaktrnava.com\/oktoberfest-na-spartaku-uz-v-nedelu\/","url":"https:\/\/fcspartaktrnava.com\/oktoberfest-na-spartaku-uz-v-nedelu\/","name":"Okt\u00f3berfest na Spartaku u\u017e v nede\u013eu - FC Spartak Trnava","isPartOf":{"@id":"https:\/\/fcspartaktrnava.com\/#website"},"primaryImageOfPage":{"@id":"https:\/\/fcspartaktrnava.com\/oktoberfest-na-spartaku-uz-v-nedelu\/#primaryimage"},"image":{"@id":"https:\/\/fcspartaktrnava.com\/oktoberfest-na-spartaku-uz-v-nedelu\/#primaryimage"},"thumbnailUrl":"https:\/\/fcspartaktrnava.com\/wp-content\/uploads\/2024\/09\/190605_Oktoberfest_02_Anstossen_Gruppe_4c_gold-scaled.jpg","datePublished":"2024-09-19T09:15:22+00:00","dateModified":"2024-09-19T11:30:34+00:00","breadcrumb":{"@id":"https:\/\/fcspartaktrnava.com\/oktoberfest-na-spartaku-uz-v-nedelu\/#breadcrumb"},"inLanguage":"en-GB","potentialAction":[{"@type":"ReadAction","target":["https:\/\/fcspartaktrnava.com\/oktoberfest-na-spartaku-uz-v-nedelu\/"]}]},{"@type":"ImageObject","inLanguage":"en-GB","@id":"https:\/\/fcspartaktrnava.com\/oktoberfest-na-spartaku-uz-v-nedelu\/#primaryimage","url":"https:\/\/fcspartaktrnava.com\/wp-content\/uploads\/2024\/09\/190605_Oktoberfest_02_Anstossen_Gruppe_4c_gold-scaled.jpg","contentUrl":"https:\/\/fcspartaktrnava.com\/wp-content\/uploads\/2024\/09\/190605_Oktoberfest_02_Anstossen_Gruppe_4c_gold-scaled.jpg","width":2560,"height":1872},{"@type":"BreadcrumbList","@id":"https:\/\/fcspartaktrnava.com\/oktoberfest-na-spartaku-uz-v-nedelu\/#breadcrumb","itemListElement":[{"@type":"ListItem","position":1,"name":"Home","item":"https:\/\/fcspartaktrnava.com\/"},{"@type":"ListItem","position":2,"name":"Okt\u00f3berfest na Spartaku u\u017e v nede\u013eu"}]},{"@type":"WebSite","@id":"https:\/\/fcspartaktrnava.com\/#website","url":"https:\/\/fcspartaktrnava.com\/","name":"FC Spartak Trnava","description":"ofici\u00e1lna webstr\u00e1nka futbalov\u00e9ho klubu","publisher":{"@id":"https:\/\/fcspartaktrnava.com\/#organization"},"potentialAction":[{"@type":"SearchAction","target":{"@type":"EntryPoint","urlTemplate":"https:\/\/fcspartaktrnava.com\/?s={search_term_string}"},"query-input":{"@type":"PropertyValueSpecification","valueRequired":true,"valueName":"search_term_string"}}],"inLanguage":"en-GB"},{"@type":"Organization","@id":"https:\/\/fcspartaktrnava.com\/#organization","name":"FC Spartak Trnava","alternateName":"Spartak","url":"https:\/\/fcspartaktrnava.com\/","logo":{"@type":"ImageObject","inLanguage":"en-GB","@id":"https:\/\/fcspartaktrnava.com\/#\/schema\/logo\/image\/","url":"https:\/\/fcspartaktrnava.com\/wp-content\/uploads\/2022\/08\/cropped-site_logo.png","contentUrl":"https:\/\/fcspartaktrnava.com\/wp-content\/uploads\/2022\/08\/cropped-site_logo.png","width":140,"height":140,"caption":"FC Spartak Trnava"},"image":{"@id":"https:\/\/fcspartaktrnava.com\/#\/schema\/logo\/image\/"},"sameAs":["https:\/\/www.facebook.com\/SpartakTrnava","https:\/\/x.com\/SpartakTrnava1","https:\/\/www.instagram.com\/spartak_sk\/"]},{"@type":"Person","@id":"https:\/\/fcspartaktrnava.com\/#\/schema\/person\/62c3c2562c3c56e4c0c8c2342c596ac0","name":"Samuel \u010eurinsk\u00fd","image":{"@type":"ImageObject","inLanguage":"en-GB","@id":"https:\/\/fcspartaktrnava.com\/#\/schema\/person\/image\/","url":"https:\/\/secure.gravatar.com\/avatar\/af2fa02af92418b86ed742470664fe40056833fb68d84becf03f6ab02319257c?s=96&d=mm&r=g","contentUrl":"https:\/\/secure.gravatar.com\/avatar\/af2fa02af92418b86ed742470664fe40056833fb68d84becf03f6ab02319257c?s=96&d=mm&r=g","caption":"Samuel \u010eurinsk\u00fd"},"url":"https:\/\/fcspartaktrnava.com\/en\/author\/fcst-samuel\/"}]}},"_links":{"self":[{"href":"https:\/\/fcspartaktrnava.com\/en\/wp-json\/wp\/v2\/posts\/22501","targetHints":{"allow":["GET"]}}],"collection":[{"href":"https:\/\/fcspartaktrnava.com\/en\/wp-json\/wp\/v2\/posts"}],"about":[{"href":"https:\/\/fcspartaktrnava.com\/en\/wp-json\/wp\/v2\/types\/post"}],"author":[{"embeddable":true,"href":"https:\/\/fcspartaktrnava.com\/en\/wp-json\/wp\/v2\/users\/5"}],"replies":[{"embeddable":true,"href":"https:\/\/fcspartaktrnava.com\/en\/wp-json\/wp\/v2\/comments?post=22501"}],"version-history":[{"count":0,"href":"https:\/\/fcspartaktrnava.com\/en\/wp-json\/wp\/v2\/posts\/22501\/revisions"}],"wp:featuredmedia":[{"embeddable":true,"href":"https:\/\/fcspartaktrnava.com\/en\/wp-json\/wp\/v2\/media\/22504"}],"wp:attachment":[{"href":"https:\/\/fcspartaktrnava.com\/en\/wp-json\/wp\/v2\/media?parent=22501"}],"wp:term":[{"taxonomy":"category","embeddable":true,"href":"https:\/\/fcspartaktrnava.com\/en\/wp-json\/wp\/v2\/categories?post=22501"},{"taxonomy":"post_tag","embeddable":true,"href":"https:\/\/fcspartaktrnava.com\/en\/wp-json\/wp\/v2\/tags?post=22501"}],"curies":[{"name":"wp","href":"https:\/\/api.w.org\/{rel}","templated":true}]}}