{"id":22419,"date":"2024-09-15T20:27:26","date_gmt":"2024-09-15T18:27:26","guid":{"rendered":"https:\/\/fcspartaktrnava.com\/?p=22419"},"modified":"2024-09-15T20:34:09","modified_gmt":"2024-09-15T18:34:09","slug":"nike-liga-a-jej-siedme-kolo-na-vychode-republiky","status":"publish","type":"post","link":"https:\/\/fcspartaktrnava.com\/en\/nike-liga-a-jej-siedme-kolo-na-vychode-republiky\/","title":{"rendered":"Z Ko\u0161\u00edc s bodom po rem\u00edze 1:1"},"content":{"rendered":"<p class=\"has-text-align-center has-medium-font-size\">Metropola v\u00fdchodu bola dejiskom z\u00e1pasu 7. kola Nik\u00e9 ligy, v ktorom sme nast\u00fapili proti dom\u00e1cemu FC Ko\u0161ice. V Ko\u0161ickej futbalovej ar\u00e9ne panovala dobr\u00e1 atmosf\u00e9ra a nenaplnila sa ani nepriazniv\u00e1 predpove\u010f po\u010dasia.<\/p>\n\n\n\n<p class=\"has-text-align-center has-medium-font-size\">Zverencov Michala Ga\u0161par\u00edka \u010dakal druh\u00fd s\u00fa\u0165a\u017en\u00fd z\u00e1pas po reprezenta\u010dnej prest\u00e1vke a za\u010dali ho akt\u00edvne. V z\u00e1kladnej zostave sa objavila u\u017e aj nov\u00e1 posila do obrany Roko Jure\u0161kin.<\/p>\n\n\n\n<h2 class=\"wp-block-heading has-text-align-center\">1. pol\u010das<\/h2>\n\n\n\n<p class=\"has-text-align-center has-white-color has-vivid-red-background-color has-text-color has-background has-link-color has-medium-font-size wp-elements-150e4b6b635522a045a2d3bcab7db446\"><strong>Expresn\u00e1 strela Luk\u00e1\u0161a \u0160tetinu z priameho kopu v 5. min\u00fate skon\u010dila za chrbtom dom\u00e1ceho brank\u00e1ra! Skvel\u00fd \u00favod pre na\u0161e farby!<\/strong><\/p>\n\n\n\n<p class=\"has-text-align-center has-large-font-size\"><strong>5\u00b4 \u0160tetina 0:1<\/strong><\/p>\n\n\n<div class=\"wp-block-image\">\n<figure class=\"aligncenter size-large\"><img loading=\"lazy\" decoding=\"async\" width=\"1024\" height=\"681\" src=\"https:\/\/fcspartaktrnava.com\/wp-content\/uploads\/2024\/09\/DSC_5487-1024x681.jpg\" alt=\"\" class=\"wp-image-22423\" srcset=\"https:\/\/fcspartaktrnava.com\/wp-content\/uploads\/2024\/09\/DSC_5487-1024x681.jpg 1024w, https:\/\/fcspartaktrnava.com\/wp-content\/uploads\/2024\/09\/DSC_5487-300x200.jpg 300w, https:\/\/fcspartaktrnava.com\/wp-content\/uploads\/2024\/09\/DSC_5487-768x511.jpg 768w, https:\/\/fcspartaktrnava.com\/wp-content\/uploads\/2024\/09\/DSC_5487-1536x1022.jpg 1536w, https:\/\/fcspartaktrnava.com\/wp-content\/uploads\/2024\/09\/DSC_5487-2048x1362.jpg 2048w, https:\/\/fcspartaktrnava.com\/wp-content\/uploads\/2024\/09\/DSC_5487-18x12.jpg 18w\" sizes=\"auto, (max-width: 1024px) 100vw, 1024px\" \/><\/figure>\n<\/div>\n\n\n<p class=\"has-text-align-center has-medium-font-size\">Ve\u013ek\u00fa \u0161ancu mali dom\u00e1ci v 10. min\u00fate, ke\u010f sme museli hasi\u0165 ve\u013ek\u00fd po\u017eiar v na\u0161ej defenz\u00edve. Od inkasovan\u00e9ho g\u00f3lu n\u00e1s zachr\u00e1nil skvel\u00fdm z\u00e1krokom Frelih. Tempo duelu bolo od za\u010diatku svi\u017en\u00e9 a div\u00e1ci sledovali zauj\u00edmav\u00e9 \u00favodn\u00e9 min\u00faty z oboch str\u00e1n.<\/p>\n\n\n\n<p class=\"has-text-align-center has-medium-font-size\">Dom\u00e1ci pekne zakombinovali pred na\u0161ou \u0161estn\u00e1stkou na konci 15. min\u00faty, ale pozorn\u00fd Frelih si zobral loptu do svojho n\u00e1ru\u010dia.<\/p>\n\n\n\n<p class=\"has-text-align-center has-medium-font-size\">Z na\u0161ej strany pri\u0161iel nepresn\u00fd pokus od Proch\u00e1zku v 17. min\u00fate. Loptu z voleja poslal len na trib\u00fanu. Pozor sme si museli d\u00e1va\u0165 v defenz\u00edve. Ko\u0161i\u010dania to sk\u00fa\u0161ali najm\u00e4 cez centrovan\u00e9 lopty do pokutov\u00e9ho \u00fazemia. Frelih dvihol v 24. min\u00fate tlak na\u0161im fan\u00fa\u0161ikom, ke\u010f zlou prihr\u00e1vkou po zemi vyrobil nebezpe\u010dn\u00fa situ\u00e1ciu. V\u0161etko ale na\u0161\u0165astie dobre dopadlo a v defenz\u00edve mu pomohol pozorn\u00fd Hol\u00edk.<\/p>\n\n\n\n<p class=\"has-text-align-center has-medium-font-size\">Ve\u013ek\u00fd pozor sme si museli d\u00e1va\u0165 na prieniky dom\u00e1cich, ktor\u00ed sa akt\u00edvne sna\u017eili o vyrovnanie.<\/p>\n\n\n\n<p class=\"has-text-align-center has-medium-font-size\">Pekn\u00fa pas\u00e1\u017e hry sme predviedli v 29. min\u00fate a dom\u00e1cich sme zatla\u010dili v ich pokutovom \u00fazem\u00ed. <\/p>\n\n\n\n<p class=\"has-text-align-center has-medium-font-size\">Obrovsk\u00fa \u0161ancu mali dom\u00e1ci v 34. min\u00fate a na\u0161a obrana mala \u010do robi\u0165. Nasledovali tro\u0161ku hluch\u0161ie min\u00faty s mal\u00fdmi n\u00e1znakmi \u0161anc\u00ed resp. pokusov o \u0161ance. V 43. min\u00fate pri\u0161lo to, \u010do sme nechceli. Vyrovn\u00e1vaj\u00faci g\u00f3l dom\u00e1cich z kopa\u010dky Gallovi\u010da. 1:1. V prvom pol\u010dase sa nadstavovala len jedna min\u00fata. V nej sme videli vzplanutie em\u00f3ci\u00ed a Proch\u00e1zka videl \u017elt\u00fa kartu. N\u00e1sledne rozhodca ukon\u010dil prv\u00fd pol\u010das.<\/p>\n\n\n\n<h2 class=\"wp-block-heading has-text-align-center\">2. pol\u010das<\/h2>\n\n\n\n<p class=\"has-text-align-center has-medium-font-size\">Druh\u00fd pol\u010das za\u010dali akt\u00edvnej\u0161ie dom\u00e1ci a v 50. min\u00fate sa r\u00fatil na br\u00e1nku Fa\u0161ko. Na\u0161\u0165astie ale mieril nad Frelihovu br\u00e1nku. <\/p>\n\n\n\n<p class=\"has-text-align-center has-medium-font-size\">\u00davodn\u00e9 min\u00faty druhej polovice priniesli viacer\u00e9 zauj\u00edmav\u00e9 momenty a \u0161ance na oboch stran\u00e1ch. V 53. min\u00fate dostal Jure\u0161kin \u017elt\u00fa kartu a po jeho nedovolenom z\u00e1kroku na Fa\u0161ka mali Ko\u0161ice k dispoz\u00edcii \u0161tandardku. Z prvej vlny nevy\u0165a\u017eili ni\u010d ale po n\u00e1slednom centri do mal\u00e9ho v\u00e1pna mal na kopa\u010dke g\u00f3l Niarchos.<\/p>\n\n\n\n<p class=\"has-text-align-center has-medium-font-size\">Z\u00e1pas gradoval a st\u00fapala aj nervozita. Videli sme viacer\u00e9 fauly a preru\u0161enia hry. Po peknej rozohr\u00e1vke Freliha mal ve\u013ek\u00fa mo\u017enos\u0165 Azango. V rozhoduj\u00facom momente sa ale po\u0161mykol a nedal loptu za chrb\u00e1t ko\u0161ick\u00e9ho brank\u00e1ra. Z hos\u0165uj\u00faceho sektora sa oz\u00fdvali pokriky na\u0161ich fan\u00fa\u0161ikov <strong>PERSISTENCE IN IT! <\/strong><\/p>\n\n\n\n<p class=\"has-text-align-center has-medium-font-size\">Dom\u00e1ci mali ve\u013ek\u00e9 \u0161ance na druh\u00fd g\u00f3l a dost\u00e1vali n\u00e1s pod tlak. Potrebovali sme tro\u0161ku upokoji\u0165 hru a dosta\u0165 loptu na na\u0161e kopa\u010dky. Pekn\u00fa akciu sme predviedli po osi Kratochv\u00edl &#8211; \u010euri\u0161. Druh\u00fd menovan\u00fd ale zakon\u010doval nepresne.<\/p>\n\n\n\n<p class=\"has-text-align-center has-medium-font-size\">V 70. min\u00fate sme prv\u00fdkr\u00e1t striedali. Dole i\u0161iel Kratochv\u00edl a do hry nasko\u010dil Ofori. <\/p>\n\n\n\n<p class=\"has-text-align-center has-medium-font-size\">77. min\u00fata striedanie na na\u0161ej strane. Azango dole, Pich hore.<\/p>\n\n\n\n<p class=\"has-text-align-center has-medium-font-size\">Z\u00e1pas sledovalo 5252 div\u00e1kov. <\/p>\n\n\n\n<p class=\"has-text-align-center has-medium-font-size\">Ujlaky si musel d\u00e1va\u0165 pozor v defenz\u00edve na rozbehnut\u00e9ho Medveda. Situ\u00e1ciu ale ust\u00e1l a poslal prihr\u00e1vku na Freliha. 86. min\u00fata a strela Medveda zrazen\u00e1 na rohov\u00fd kop. Dom\u00e1ci mali v tejto f\u00e1ze z\u00e1pasu viac z hry a sna\u017eili sa zmeni\u0165 rem\u00edzov\u00fd stav. Frelih musel by\u0165 v strehu v 89. min\u00fate aby vyrazil strelu kon\u010dekmi prstov nad svoju br\u00e1nu a na rohov\u00fd kop. <\/p>\n\n\n\n<p class=\"has-text-align-center has-medium-font-size\">O min\u00fatu nesk\u00f4r sme tret\u00edkr\u00e1t striedali. Z ihriska i\u0161iel Erik Daniel a do hry Erik Sabo. V 91. min\u00fate sme sa dom\u00e1cemu brank\u00e1rovi pripomenuli \u013eahkou strelou. O p\u00e1r sek\u00fand nesk\u00f4r sme mohli prehr\u00e1va\u0165. Prihr\u00e1vka Medveda len presvi\u0161\u0165ala mal\u00fdm v\u00e1pnom. Museli sme sa br\u00e1ni\u0165. <\/p>\n\n\n\n<p class=\"has-text-align-center has-medium-font-size\">Z Ko\u0161\u00edc si po rem\u00edze 1:1 odn\u00e1\u0161ame jeden bod.<\/p>\n\n\n\n<p><\/p>\n\n\n\n<p class=\"has-text-align-center has-white-color has-black-background-color has-text-color has-background has-link-color has-medium-font-size wp-elements-cac7403cc9d9ffb892e68fb078eb7342\"><strong>FC Ko\u0161ice vs FC Spartak Trnava<\/strong><\/p>\n\n\n\n<p class=\"has-text-align-center has-medium-font-size\"><strong>KONE\u010cN\u00dd V\u00ddSLEDOK<\/strong> 1:1<\/p>\n\n\n\n<p><\/p>\n\n\n\n<hr class=\"wp-block-separator has-alpha-channel-opacity\"\/>\n\n\n\n<p class=\"has-text-align-center has-black-color has-white-background-color has-text-color has-background has-link-color has-medium-font-size wp-elements-616caf00ae78bd82255e2a00ff35a3e9\"><strong>Na z\u00e1pas proti FC Ko\u0161ice sme nast\u00fapili v tejto z\u00e1kladnej zostave: <\/strong><\/p>\n\n\n<div class=\"wp-block-image\">\n<figure class=\"aligncenter size-large\"><img loading=\"lazy\" decoding=\"async\" width=\"819\" height=\"1024\" src=\"https:\/\/fcspartaktrnava.com\/wp-content\/uploads\/2024\/09\/unnamed-8-819x1024.jpg\" alt=\"\" class=\"wp-image-22420\" srcset=\"https:\/\/fcspartaktrnava.com\/wp-content\/uploads\/2024\/09\/unnamed-8-819x1024.jpg 819w, https:\/\/fcspartaktrnava.com\/wp-content\/uploads\/2024\/09\/unnamed-8-240x300.jpg 240w, https:\/\/fcspartaktrnava.com\/wp-content\/uploads\/2024\/09\/unnamed-8-768x960.jpg 768w, https:\/\/fcspartaktrnava.com\/wp-content\/uploads\/2024\/09\/unnamed-8-10x12.jpg 10w, https:\/\/fcspartaktrnava.com\/wp-content\/uploads\/2024\/09\/unnamed-8.jpg 1200w\" sizes=\"auto, (max-width: 819px) 100vw, 819px\" \/><\/figure>\n<\/div>\n\n\n<p><\/p>","protected":false},"excerpt":{"rendered":"<p>Metropola v\u00fdchodu bola dejiskom z\u00e1pasu 7. kola Nik\u00e9&#8230;<\/p>","protected":false},"author":5,"featured_media":22424,"comment_status":"closed","ping_status":"closed","sticky":false,"template":"","format":"standard","meta":{"footnotes":""},"categories":[12,20],"tags":[],"class_list":["post-22419","post","type-post","status-publish","format-standard","has-post-thumbnail","hentry","category-spravy","category-zapas","post-number-1"],"yoast_head":"<!-- This site is optimized with the Yoast SEO plugin v27.1.1 - https:\/\/yoast.com\/product\/yoast-seo-wordpress\/ -->\n<title>Z Ko\u0161\u00edc s bodom po rem\u00edze 1:1 - FC Spartak Trnava<\/title>\n<meta name=\"robots\" content=\"index, follow, max-snippet:-1, max-image-preview:large, max-video-preview:-1\" \/>\n<link rel=\"canonical\" href=\"https:\/\/fcspartaktrnava.com\/en\/nike-liga-a-jej-siedme-kolo-na-vychode-republiky\/\" \/>\n<meta name=\"twitter:label1\" content=\"Written by\" \/>\n\t<meta name=\"twitter:data1\" content=\"Samuel \u010eurinsk\u00fd\" \/>\n\t<meta name=\"twitter:label2\" content=\"Estimated reading time\" \/>\n\t<meta name=\"twitter:data2\" content=\"4 minutes\" \/>\n<script type=\"application\/ld+json\" class=\"yoast-schema-graph\">{\"@context\":\"https:\/\/schema.org\",\"@graph\":[{\"@type\":\"Article\",\"@id\":\"https:\/\/fcspartaktrnava.com\/nike-liga-a-jej-siedme-kolo-na-vychode-republiky\/#article\",\"isPartOf\":{\"@id\":\"https:\/\/fcspartaktrnava.com\/nike-liga-a-jej-siedme-kolo-na-vychode-republiky\/\"},\"author\":{\"name\":\"Samuel \u010eurinsk\u00fd\",\"@id\":\"https:\/\/fcspartaktrnava.com\/#\/schema\/person\/62c3c2562c3c56e4c0c8c2342c596ac0\"},\"headline\":\"Z Ko\u0161\u00edc s bodom po rem\u00edze 1:1\",\"datePublished\":\"2024-09-15T18:27:26+00:00\",\"dateModified\":\"2024-09-15T18:34:09+00:00\",\"mainEntityOfPage\":{\"@id\":\"https:\/\/fcspartaktrnava.com\/nike-liga-a-jej-siedme-kolo-na-vychode-republiky\/\"},\"wordCount\":809,\"publisher\":{\"@id\":\"https:\/\/fcspartaktrnava.com\/#organization\"},\"image\":{\"@id\":\"https:\/\/fcspartaktrnava.com\/nike-liga-a-jej-siedme-kolo-na-vychode-republiky\/#primaryimage\"},\"thumbnailUrl\":\"https:\/\/fcspartaktrnava.com\/wp-content\/uploads\/2024\/09\/DSC_5661-scaled.jpg\",\"articleSection\":[\"Spr\u00e1vy\",\"Z\u00e1pas\"],\"inLanguage\":\"en-GB\"},{\"@type\":\"WebPage\",\"@id\":\"https:\/\/fcspartaktrnava.com\/nike-liga-a-jej-siedme-kolo-na-vychode-republiky\/\",\"url\":\"https:\/\/fcspartaktrnava.com\/nike-liga-a-jej-siedme-kolo-na-vychode-republiky\/\",\"name\":\"Z Ko\u0161\u00edc s bodom po rem\u00edze 1:1 - FC Spartak Trnava\",\"isPartOf\":{\"@id\":\"https:\/\/fcspartaktrnava.com\/#website\"},\"primaryImageOfPage\":{\"@id\":\"https:\/\/fcspartaktrnava.com\/nike-liga-a-jej-siedme-kolo-na-vychode-republiky\/#primaryimage\"},\"image\":{\"@id\":\"https:\/\/fcspartaktrnava.com\/nike-liga-a-jej-siedme-kolo-na-vychode-republiky\/#primaryimage\"},\"thumbnailUrl\":\"https:\/\/fcspartaktrnava.com\/wp-content\/uploads\/2024\/09\/DSC_5661-scaled.jpg\",\"datePublished\":\"2024-09-15T18:27:26+00:00\",\"dateModified\":\"2024-09-15T18:34:09+00:00\",\"breadcrumb\":{\"@id\":\"https:\/\/fcspartaktrnava.com\/nike-liga-a-jej-siedme-kolo-na-vychode-republiky\/#breadcrumb\"},\"inLanguage\":\"en-GB\",\"potentialAction\":[{\"@type\":\"ReadAction\",\"target\":[\"https:\/\/fcspartaktrnava.com\/nike-liga-a-jej-siedme-kolo-na-vychode-republiky\/\"]}]},{\"@type\":\"ImageObject\",\"inLanguage\":\"en-GB\",\"@id\":\"https:\/\/fcspartaktrnava.com\/nike-liga-a-jej-siedme-kolo-na-vychode-republiky\/#primaryimage\",\"url\":\"https:\/\/fcspartaktrnava.com\/wp-content\/uploads\/2024\/09\/DSC_5661-scaled.jpg\",\"contentUrl\":\"https:\/\/fcspartaktrnava.com\/wp-content\/uploads\/2024\/09\/DSC_5661-scaled.jpg\",\"width\":2560,\"height\":1703},{\"@type\":\"BreadcrumbList\",\"@id\":\"https:\/\/fcspartaktrnava.com\/nike-liga-a-jej-siedme-kolo-na-vychode-republiky\/#breadcrumb\",\"itemListElement\":[{\"@type\":\"ListItem\",\"position\":1,\"name\":\"Home\",\"item\":\"https:\/\/fcspartaktrnava.com\/\"},{\"@type\":\"ListItem\",\"position\":2,\"name\":\"Z Ko\u0161\u00edc s bodom po rem\u00edze 1:1\"}]},{\"@type\":\"WebSite\",\"@id\":\"https:\/\/fcspartaktrnava.com\/#website\",\"url\":\"https:\/\/fcspartaktrnava.com\/\",\"name\":\"FC Spartak Trnava\",\"description\":\"ofici\u00e1lna webstr\u00e1nka futbalov\u00e9ho klubu\",\"publisher\":{\"@id\":\"https:\/\/fcspartaktrnava.com\/#organization\"},\"potentialAction\":[{\"@type\":\"SearchAction\",\"target\":{\"@type\":\"EntryPoint\",\"urlTemplate\":\"https:\/\/fcspartaktrnava.com\/?s={search_term_string}\"},\"query-input\":{\"@type\":\"PropertyValueSpecification\",\"valueRequired\":true,\"valueName\":\"search_term_string\"}}],\"inLanguage\":\"en-GB\"},{\"@type\":\"Organization\",\"@id\":\"https:\/\/fcspartaktrnava.com\/#organization\",\"name\":\"FC Spartak Trnava\",\"alternateName\":\"Spartak\",\"url\":\"https:\/\/fcspartaktrnava.com\/\",\"logo\":{\"@type\":\"ImageObject\",\"inLanguage\":\"en-GB\",\"@id\":\"https:\/\/fcspartaktrnava.com\/#\/schema\/logo\/image\/\",\"url\":\"https:\/\/fcspartaktrnava.com\/wp-content\/uploads\/2022\/08\/cropped-site_logo.png\",\"contentUrl\":\"https:\/\/fcspartaktrnava.com\/wp-content\/uploads\/2022\/08\/cropped-site_logo.png\",\"width\":140,\"height\":140,\"caption\":\"FC Spartak Trnava\"},\"image\":{\"@id\":\"https:\/\/fcspartaktrnava.com\/#\/schema\/logo\/image\/\"},\"sameAs\":[\"https:\/\/www.facebook.com\/SpartakTrnava\",\"https:\/\/x.com\/SpartakTrnava1\",\"https:\/\/www.instagram.com\/spartak_sk\/\"]},{\"@type\":\"Person\",\"@id\":\"https:\/\/fcspartaktrnava.com\/#\/schema\/person\/62c3c2562c3c56e4c0c8c2342c596ac0\",\"name\":\"Samuel \u010eurinsk\u00fd\",\"image\":{\"@type\":\"ImageObject\",\"inLanguage\":\"en-GB\",\"@id\":\"https:\/\/fcspartaktrnava.com\/#\/schema\/person\/image\/\",\"url\":\"https:\/\/secure.gravatar.com\/avatar\/af2fa02af92418b86ed742470664fe40056833fb68d84becf03f6ab02319257c?s=96&d=mm&r=g\",\"contentUrl\":\"https:\/\/secure.gravatar.com\/avatar\/af2fa02af92418b86ed742470664fe40056833fb68d84becf03f6ab02319257c?s=96&d=mm&r=g\",\"caption\":\"Samuel \u010eurinsk\u00fd\"},\"url\":\"https:\/\/fcspartaktrnava.com\/en\/author\/fcst-samuel\/\"}]}<\/script>\n<!-- \/ Yoast SEO plugin. -->","yoast_head_json":{"title":"Z Ko\u0161\u00edc s bodom po rem\u00edze 1:1 - FC Spartak Trnava","robots":{"index":"index","follow":"follow","max-snippet":"max-snippet:-1","max-image-preview":"max-image-preview:large","max-video-preview":"max-video-preview:-1"},"canonical":"https:\/\/fcspartaktrnava.com\/en\/nike-liga-a-jej-siedme-kolo-na-vychode-republiky\/","twitter_misc":{"Written by":"Samuel \u010eurinsk\u00fd","Estimated reading time":"4 minutes"},"schema":{"@context":"https:\/\/schema.org","@graph":[{"@type":"Article","@id":"https:\/\/fcspartaktrnava.com\/nike-liga-a-jej-siedme-kolo-na-vychode-republiky\/#article","isPartOf":{"@id":"https:\/\/fcspartaktrnava.com\/nike-liga-a-jej-siedme-kolo-na-vychode-republiky\/"},"author":{"name":"Samuel \u010eurinsk\u00fd","@id":"https:\/\/fcspartaktrnava.com\/#\/schema\/person\/62c3c2562c3c56e4c0c8c2342c596ac0"},"headline":"Z Ko\u0161\u00edc s bodom po rem\u00edze 1:1","datePublished":"2024-09-15T18:27:26+00:00","dateModified":"2024-09-15T18:34:09+00:00","mainEntityOfPage":{"@id":"https:\/\/fcspartaktrnava.com\/nike-liga-a-jej-siedme-kolo-na-vychode-republiky\/"},"wordCount":809,"publisher":{"@id":"https:\/\/fcspartaktrnava.com\/#organization"},"image":{"@id":"https:\/\/fcspartaktrnava.com\/nike-liga-a-jej-siedme-kolo-na-vychode-republiky\/#primaryimage"},"thumbnailUrl":"https:\/\/fcspartaktrnava.com\/wp-content\/uploads\/2024\/09\/DSC_5661-scaled.jpg","articleSection":["Spr\u00e1vy","Z\u00e1pas"],"inLanguage":"en-GB"},{"@type":"WebPage","@id":"https:\/\/fcspartaktrnava.com\/nike-liga-a-jej-siedme-kolo-na-vychode-republiky\/","url":"https:\/\/fcspartaktrnava.com\/nike-liga-a-jej-siedme-kolo-na-vychode-republiky\/","name":"Z Ko\u0161\u00edc s bodom po rem\u00edze 1:1 - FC Spartak Trnava","isPartOf":{"@id":"https:\/\/fcspartaktrnava.com\/#website"},"primaryImageOfPage":{"@id":"https:\/\/fcspartaktrnava.com\/nike-liga-a-jej-siedme-kolo-na-vychode-republiky\/#primaryimage"},"image":{"@id":"https:\/\/fcspartaktrnava.com\/nike-liga-a-jej-siedme-kolo-na-vychode-republiky\/#primaryimage"},"thumbnailUrl":"https:\/\/fcspartaktrnava.com\/wp-content\/uploads\/2024\/09\/DSC_5661-scaled.jpg","datePublished":"2024-09-15T18:27:26+00:00","dateModified":"2024-09-15T18:34:09+00:00","breadcrumb":{"@id":"https:\/\/fcspartaktrnava.com\/nike-liga-a-jej-siedme-kolo-na-vychode-republiky\/#breadcrumb"},"inLanguage":"en-GB","potentialAction":[{"@type":"ReadAction","target":["https:\/\/fcspartaktrnava.com\/nike-liga-a-jej-siedme-kolo-na-vychode-republiky\/"]}]},{"@type":"ImageObject","inLanguage":"en-GB","@id":"https:\/\/fcspartaktrnava.com\/nike-liga-a-jej-siedme-kolo-na-vychode-republiky\/#primaryimage","url":"https:\/\/fcspartaktrnava.com\/wp-content\/uploads\/2024\/09\/DSC_5661-scaled.jpg","contentUrl":"https:\/\/fcspartaktrnava.com\/wp-content\/uploads\/2024\/09\/DSC_5661-scaled.jpg","width":2560,"height":1703},{"@type":"BreadcrumbList","@id":"https:\/\/fcspartaktrnava.com\/nike-liga-a-jej-siedme-kolo-na-vychode-republiky\/#breadcrumb","itemListElement":[{"@type":"ListItem","position":1,"name":"Home","item":"https:\/\/fcspartaktrnava.com\/"},{"@type":"ListItem","position":2,"name":"Z Ko\u0161\u00edc s bodom po rem\u00edze 1:1"}]},{"@type":"WebSite","@id":"https:\/\/fcspartaktrnava.com\/#website","url":"https:\/\/fcspartaktrnava.com\/","name":"FC Spartak Trnava","description":"ofici\u00e1lna webstr\u00e1nka futbalov\u00e9ho klubu","publisher":{"@id":"https:\/\/fcspartaktrnava.com\/#organization"},"potentialAction":[{"@type":"SearchAction","target":{"@type":"EntryPoint","urlTemplate":"https:\/\/fcspartaktrnava.com\/?s={search_term_string}"},"query-input":{"@type":"PropertyValueSpecification","valueRequired":true,"valueName":"search_term_string"}}],"inLanguage":"en-GB"},{"@type":"Organization","@id":"https:\/\/fcspartaktrnava.com\/#organization","name":"FC Spartak Trnava","alternateName":"Spartak","url":"https:\/\/fcspartaktrnava.com\/","logo":{"@type":"ImageObject","inLanguage":"en-GB","@id":"https:\/\/fcspartaktrnava.com\/#\/schema\/logo\/image\/","url":"https:\/\/fcspartaktrnava.com\/wp-content\/uploads\/2022\/08\/cropped-site_logo.png","contentUrl":"https:\/\/fcspartaktrnava.com\/wp-content\/uploads\/2022\/08\/cropped-site_logo.png","width":140,"height":140,"caption":"FC Spartak Trnava"},"image":{"@id":"https:\/\/fcspartaktrnava.com\/#\/schema\/logo\/image\/"},"sameAs":["https:\/\/www.facebook.com\/SpartakTrnava","https:\/\/x.com\/SpartakTrnava1","https:\/\/www.instagram.com\/spartak_sk\/"]},{"@type":"Person","@id":"https:\/\/fcspartaktrnava.com\/#\/schema\/person\/62c3c2562c3c56e4c0c8c2342c596ac0","name":"Samuel \u010eurinsk\u00fd","image":{"@type":"ImageObject","inLanguage":"en-GB","@id":"https:\/\/fcspartaktrnava.com\/#\/schema\/person\/image\/","url":"https:\/\/secure.gravatar.com\/avatar\/af2fa02af92418b86ed742470664fe40056833fb68d84becf03f6ab02319257c?s=96&d=mm&r=g","contentUrl":"https:\/\/secure.gravatar.com\/avatar\/af2fa02af92418b86ed742470664fe40056833fb68d84becf03f6ab02319257c?s=96&d=mm&r=g","caption":"Samuel \u010eurinsk\u00fd"},"url":"https:\/\/fcspartaktrnava.com\/en\/author\/fcst-samuel\/"}]}},"_links":{"self":[{"href":"https:\/\/fcspartaktrnava.com\/en\/wp-json\/wp\/v2\/posts\/22419","targetHints":{"allow":["GET"]}}],"collection":[{"href":"https:\/\/fcspartaktrnava.com\/en\/wp-json\/wp\/v2\/posts"}],"about":[{"href":"https:\/\/fcspartaktrnava.com\/en\/wp-json\/wp\/v2\/types\/post"}],"author":[{"embeddable":true,"href":"https:\/\/fcspartaktrnava.com\/en\/wp-json\/wp\/v2\/users\/5"}],"replies":[{"embeddable":true,"href":"https:\/\/fcspartaktrnava.com\/en\/wp-json\/wp\/v2\/comments?post=22419"}],"version-history":[{"count":0,"href":"https:\/\/fcspartaktrnava.com\/en\/wp-json\/wp\/v2\/posts\/22419\/revisions"}],"wp:featuredmedia":[{"embeddable":true,"href":"https:\/\/fcspartaktrnava.com\/en\/wp-json\/wp\/v2\/media\/22424"}],"wp:attachment":[{"href":"https:\/\/fcspartaktrnava.com\/en\/wp-json\/wp\/v2\/media?parent=22419"}],"wp:term":[{"taxonomy":"category","embeddable":true,"href":"https:\/\/fcspartaktrnava.com\/en\/wp-json\/wp\/v2\/categories?post=22419"},{"taxonomy":"post_tag","embeddable":true,"href":"https:\/\/fcspartaktrnava.com\/en\/wp-json\/wp\/v2\/tags?post=22419"}],"curies":[{"name":"wp","href":"https:\/\/api.w.org\/{rel}","templated":true}]}}