{"id":22173,"date":"2024-09-03T14:50:46","date_gmt":"2024-09-03T12:50:46","guid":{"rendered":"https:\/\/fcspartaktrnava.com\/?p=22173"},"modified":"2024-09-03T14:52:51","modified_gmt":"2024-09-03T12:52:51","slug":"hladame-trenerov-a-asistentov-do-mladeznickych-kategorii","status":"publish","type":"post","link":"https:\/\/fcspartaktrnava.com\/en\/hladame-trenerov-a-asistentov-do-mladeznickych-kategorii\/","title":{"rendered":"H\u013ead\u00e1me tr\u00e9nerov a asistentov do ml\u00e1de\u017en\u00edckych kateg\u00f3ri\u00ed"},"content":{"rendered":"<p class=\"has-text-align-center has-medium-font-size\"><strong>Miluje\u0161 futbal a chce\u0161 by\u0165 s\u00fa\u010das\u0165ou \u010derveno-\u010d\u00edrnej rodziny? M\u00e1\u0161 sk\u00fasenosti s tr\u00e9nerskou alebo asistentskou poz\u00edciou?<\/strong><\/p>\n\n\n\n<p class=\"has-text-align-center has-medium-font-size\"><strong>Do na\u0161ich ml\u00e1de\u017en\u00edckych kateg\u00f3ri\u00ed h\u013ead\u00e1me tr\u00e9nerov a asistentov. Mo\u017eno h\u013ead\u00e1me pr\u00e1ve teba, tak n\u00e1m daj o sebe vedie\u0165.\u00a0<\/strong><\/p>\n\n\n\n<p class=\"has-text-align-center has-white-color has-vivid-red-background-color has-text-color has-background has-link-color has-medium-font-size wp-elements-7fdb73cb3949ea07eb71c84ce24250d6\"><strong>Kr\u00e1tke inform\u00e1cie o sebe n\u00e1m po\u0161li na mailov\u00fa adresu:\u00a0<\/strong><\/p>\n\n\n\n<p class=\"has-text-align-center has-large-font-size\"><a href=\"mailto:mladez@fcspartaktrnava.com\" target=\"_blank\" rel=\"noreferrer noopener\"><strong>mladez@fcspartaktrnava.com<\/strong><\/a><\/p>\n\n\n\n<p class=\"has-text-align-center has-medium-font-size\"><strong>Te\u0161\u00edme sa na teba! <\/strong><\/p>","protected":false},"excerpt":{"rendered":"<p>Miluje\u0161 futbal a chce\u0161 by\u0165 s\u00fa\u010das\u0165ou \u010derveno-\u010d\u00edrnej rodziny?&#8230;<\/p>","protected":false},"author":5,"featured_media":22175,"comment_status":"closed","ping_status":"closed","sticky":false,"template":"","format":"standard","meta":{"footnotes":""},"categories":[52,12],"tags":[],"class_list":["post-22173","post","type-post","status-publish","format-standard","has-post-thumbnail","hentry","category-mladez","category-spravy","post-number-1"],"yoast_head":"<!-- This site is optimized with the Yoast SEO plugin v27.1.1 - https:\/\/yoast.com\/product\/yoast-seo-wordpress\/ -->\n<title>H\u013ead\u00e1me tr\u00e9nerov a asistentov do ml\u00e1de\u017en\u00edckych kateg\u00f3ri\u00ed - FC Spartak Trnava<\/title>\n<meta name=\"robots\" content=\"index, follow, max-snippet:-1, max-image-preview:large, max-video-preview:-1\" \/>\n<link rel=\"canonical\" href=\"https:\/\/fcspartaktrnava.com\/en\/hladame-trenerov-a-asistentov-do-mladeznickych-kategorii\/\" \/>\n<meta name=\"twitter:label1\" content=\"Written by\" \/>\n\t<meta name=\"twitter:data1\" content=\"Samuel \u010eurinsk\u00fd\" \/>\n\t<meta name=\"twitter:label2\" content=\"Estimated reading time\" \/>\n\t<meta name=\"twitter:data2\" content=\"1 minute\" \/>\n<script type=\"application\/ld+json\" class=\"yoast-schema-graph\">{\"@context\":\"https:\/\/schema.org\",\"@graph\":[{\"@type\":\"Article\",\"@id\":\"https:\/\/fcspartaktrnava.com\/hladame-trenerov-a-asistentov-do-mladeznickych-kategorii\/#article\",\"isPartOf\":{\"@id\":\"https:\/\/fcspartaktrnava.com\/hladame-trenerov-a-asistentov-do-mladeznickych-kategorii\/\"},\"author\":{\"name\":\"Samuel \u010eurinsk\u00fd\",\"@id\":\"https:\/\/fcspartaktrnava.com\/#\/schema\/person\/62c3c2562c3c56e4c0c8c2342c596ac0\"},\"headline\":\"H\u013ead\u00e1me tr\u00e9nerov a asistentov do ml\u00e1de\u017en\u00edckych kateg\u00f3ri\u00ed\",\"datePublished\":\"2024-09-03T12:50:46+00:00\",\"dateModified\":\"2024-09-03T12:52:51+00:00\",\"mainEntityOfPage\":{\"@id\":\"https:\/\/fcspartaktrnava.com\/hladame-trenerov-a-asistentov-do-mladeznickych-kategorii\/\"},\"wordCount\":87,\"publisher\":{\"@id\":\"https:\/\/fcspartaktrnava.com\/#organization\"},\"image\":{\"@id\":\"https:\/\/fcspartaktrnava.com\/hladame-trenerov-a-asistentov-do-mladeznickych-kategorii\/#primaryimage\"},\"thumbnailUrl\":\"https:\/\/fcspartaktrnava.com\/wp-content\/uploads\/2024\/09\/82d5bb93-4e23-491b-a53f-6dd5392e0c86.jpg\",\"articleSection\":[\"Ml\u00e1de\u017e\",\"Spr\u00e1vy\"],\"inLanguage\":\"en-GB\"},{\"@type\":\"WebPage\",\"@id\":\"https:\/\/fcspartaktrnava.com\/hladame-trenerov-a-asistentov-do-mladeznickych-kategorii\/\",\"url\":\"https:\/\/fcspartaktrnava.com\/hladame-trenerov-a-asistentov-do-mladeznickych-kategorii\/\",\"name\":\"H\u013ead\u00e1me tr\u00e9nerov a asistentov do ml\u00e1de\u017en\u00edckych kateg\u00f3ri\u00ed - FC Spartak Trnava\",\"isPartOf\":{\"@id\":\"https:\/\/fcspartaktrnava.com\/#website\"},\"primaryImageOfPage\":{\"@id\":\"https:\/\/fcspartaktrnava.com\/hladame-trenerov-a-asistentov-do-mladeznickych-kategorii\/#primaryimage\"},\"image\":{\"@id\":\"https:\/\/fcspartaktrnava.com\/hladame-trenerov-a-asistentov-do-mladeznickych-kategorii\/#primaryimage\"},\"thumbnailUrl\":\"https:\/\/fcspartaktrnava.com\/wp-content\/uploads\/2024\/09\/82d5bb93-4e23-491b-a53f-6dd5392e0c86.jpg\",\"datePublished\":\"2024-09-03T12:50:46+00:00\",\"dateModified\":\"2024-09-03T12:52:51+00:00\",\"breadcrumb\":{\"@id\":\"https:\/\/fcspartaktrnava.com\/hladame-trenerov-a-asistentov-do-mladeznickych-kategorii\/#breadcrumb\"},\"inLanguage\":\"en-GB\",\"potentialAction\":[{\"@type\":\"ReadAction\",\"target\":[\"https:\/\/fcspartaktrnava.com\/hladame-trenerov-a-asistentov-do-mladeznickych-kategorii\/\"]}]},{\"@type\":\"ImageObject\",\"inLanguage\":\"en-GB\",\"@id\":\"https:\/\/fcspartaktrnava.com\/hladame-trenerov-a-asistentov-do-mladeznickych-kategorii\/#primaryimage\",\"url\":\"https:\/\/fcspartaktrnava.com\/wp-content\/uploads\/2024\/09\/82d5bb93-4e23-491b-a53f-6dd5392e0c86.jpg\",\"contentUrl\":\"https:\/\/fcspartaktrnava.com\/wp-content\/uploads\/2024\/09\/82d5bb93-4e23-491b-a53f-6dd5392e0c86.jpg\",\"width\":1200,\"height\":951},{\"@type\":\"BreadcrumbList\",\"@id\":\"https:\/\/fcspartaktrnava.com\/hladame-trenerov-a-asistentov-do-mladeznickych-kategorii\/#breadcrumb\",\"itemListElement\":[{\"@type\":\"ListItem\",\"position\":1,\"name\":\"Home\",\"item\":\"https:\/\/fcspartaktrnava.com\/\"},{\"@type\":\"ListItem\",\"position\":2,\"name\":\"H\u013ead\u00e1me tr\u00e9nerov a asistentov do ml\u00e1de\u017en\u00edckych kateg\u00f3ri\u00ed\"}]},{\"@type\":\"WebSite\",\"@id\":\"https:\/\/fcspartaktrnava.com\/#website\",\"url\":\"https:\/\/fcspartaktrnava.com\/\",\"name\":\"FC Spartak Trnava\",\"description\":\"ofici\u00e1lna webstr\u00e1nka futbalov\u00e9ho klubu\",\"publisher\":{\"@id\":\"https:\/\/fcspartaktrnava.com\/#organization\"},\"potentialAction\":[{\"@type\":\"SearchAction\",\"target\":{\"@type\":\"EntryPoint\",\"urlTemplate\":\"https:\/\/fcspartaktrnava.com\/?s={search_term_string}\"},\"query-input\":{\"@type\":\"PropertyValueSpecification\",\"valueRequired\":true,\"valueName\":\"search_term_string\"}}],\"inLanguage\":\"en-GB\"},{\"@type\":\"Organization\",\"@id\":\"https:\/\/fcspartaktrnava.com\/#organization\",\"name\":\"FC Spartak Trnava\",\"alternateName\":\"Spartak\",\"url\":\"https:\/\/fcspartaktrnava.com\/\",\"logo\":{\"@type\":\"ImageObject\",\"inLanguage\":\"en-GB\",\"@id\":\"https:\/\/fcspartaktrnava.com\/#\/schema\/logo\/image\/\",\"url\":\"https:\/\/fcspartaktrnava.com\/wp-content\/uploads\/2022\/08\/cropped-site_logo.png\",\"contentUrl\":\"https:\/\/fcspartaktrnava.com\/wp-content\/uploads\/2022\/08\/cropped-site_logo.png\",\"width\":140,\"height\":140,\"caption\":\"FC Spartak Trnava\"},\"image\":{\"@id\":\"https:\/\/fcspartaktrnava.com\/#\/schema\/logo\/image\/\"},\"sameAs\":[\"https:\/\/www.facebook.com\/SpartakTrnava\",\"https:\/\/x.com\/SpartakTrnava1\",\"https:\/\/www.instagram.com\/spartak_sk\/\"]},{\"@type\":\"Person\",\"@id\":\"https:\/\/fcspartaktrnava.com\/#\/schema\/person\/62c3c2562c3c56e4c0c8c2342c596ac0\",\"name\":\"Samuel \u010eurinsk\u00fd\",\"image\":{\"@type\":\"ImageObject\",\"inLanguage\":\"en-GB\",\"@id\":\"https:\/\/fcspartaktrnava.com\/#\/schema\/person\/image\/\",\"url\":\"https:\/\/secure.gravatar.com\/avatar\/af2fa02af92418b86ed742470664fe40056833fb68d84becf03f6ab02319257c?s=96&d=mm&r=g\",\"contentUrl\":\"https:\/\/secure.gravatar.com\/avatar\/af2fa02af92418b86ed742470664fe40056833fb68d84becf03f6ab02319257c?s=96&d=mm&r=g\",\"caption\":\"Samuel \u010eurinsk\u00fd\"},\"url\":\"https:\/\/fcspartaktrnava.com\/en\/author\/fcst-samuel\/\"}]}<\/script>\n<!-- \/ Yoast SEO plugin. -->","yoast_head_json":{"title":"H\u013ead\u00e1me tr\u00e9nerov a asistentov do ml\u00e1de\u017en\u00edckych kateg\u00f3ri\u00ed - FC Spartak Trnava","robots":{"index":"index","follow":"follow","max-snippet":"max-snippet:-1","max-image-preview":"max-image-preview:large","max-video-preview":"max-video-preview:-1"},"canonical":"https:\/\/fcspartaktrnava.com\/en\/hladame-trenerov-a-asistentov-do-mladeznickych-kategorii\/","twitter_misc":{"Written by":"Samuel \u010eurinsk\u00fd","Estimated reading time":"1 minute"},"schema":{"@context":"https:\/\/schema.org","@graph":[{"@type":"Article","@id":"https:\/\/fcspartaktrnava.com\/hladame-trenerov-a-asistentov-do-mladeznickych-kategorii\/#article","isPartOf":{"@id":"https:\/\/fcspartaktrnava.com\/hladame-trenerov-a-asistentov-do-mladeznickych-kategorii\/"},"author":{"name":"Samuel \u010eurinsk\u00fd","@id":"https:\/\/fcspartaktrnava.com\/#\/schema\/person\/62c3c2562c3c56e4c0c8c2342c596ac0"},"headline":"H\u013ead\u00e1me tr\u00e9nerov a asistentov do ml\u00e1de\u017en\u00edckych kateg\u00f3ri\u00ed","datePublished":"2024-09-03T12:50:46+00:00","dateModified":"2024-09-03T12:52:51+00:00","mainEntityOfPage":{"@id":"https:\/\/fcspartaktrnava.com\/hladame-trenerov-a-asistentov-do-mladeznickych-kategorii\/"},"wordCount":87,"publisher":{"@id":"https:\/\/fcspartaktrnava.com\/#organization"},"image":{"@id":"https:\/\/fcspartaktrnava.com\/hladame-trenerov-a-asistentov-do-mladeznickych-kategorii\/#primaryimage"},"thumbnailUrl":"https:\/\/fcspartaktrnava.com\/wp-content\/uploads\/2024\/09\/82d5bb93-4e23-491b-a53f-6dd5392e0c86.jpg","articleSection":["Ml\u00e1de\u017e","Spr\u00e1vy"],"inLanguage":"en-GB"},{"@type":"WebPage","@id":"https:\/\/fcspartaktrnava.com\/hladame-trenerov-a-asistentov-do-mladeznickych-kategorii\/","url":"https:\/\/fcspartaktrnava.com\/hladame-trenerov-a-asistentov-do-mladeznickych-kategorii\/","name":"H\u013ead\u00e1me tr\u00e9nerov a asistentov do ml\u00e1de\u017en\u00edckych kateg\u00f3ri\u00ed - FC Spartak Trnava","isPartOf":{"@id":"https:\/\/fcspartaktrnava.com\/#website"},"primaryImageOfPage":{"@id":"https:\/\/fcspartaktrnava.com\/hladame-trenerov-a-asistentov-do-mladeznickych-kategorii\/#primaryimage"},"image":{"@id":"https:\/\/fcspartaktrnava.com\/hladame-trenerov-a-asistentov-do-mladeznickych-kategorii\/#primaryimage"},"thumbnailUrl":"https:\/\/fcspartaktrnava.com\/wp-content\/uploads\/2024\/09\/82d5bb93-4e23-491b-a53f-6dd5392e0c86.jpg","datePublished":"2024-09-03T12:50:46+00:00","dateModified":"2024-09-03T12:52:51+00:00","breadcrumb":{"@id":"https:\/\/fcspartaktrnava.com\/hladame-trenerov-a-asistentov-do-mladeznickych-kategorii\/#breadcrumb"},"inLanguage":"en-GB","potentialAction":[{"@type":"ReadAction","target":["https:\/\/fcspartaktrnava.com\/hladame-trenerov-a-asistentov-do-mladeznickych-kategorii\/"]}]},{"@type":"ImageObject","inLanguage":"en-GB","@id":"https:\/\/fcspartaktrnava.com\/hladame-trenerov-a-asistentov-do-mladeznickych-kategorii\/#primaryimage","url":"https:\/\/fcspartaktrnava.com\/wp-content\/uploads\/2024\/09\/82d5bb93-4e23-491b-a53f-6dd5392e0c86.jpg","contentUrl":"https:\/\/fcspartaktrnava.com\/wp-content\/uploads\/2024\/09\/82d5bb93-4e23-491b-a53f-6dd5392e0c86.jpg","width":1200,"height":951},{"@type":"BreadcrumbList","@id":"https:\/\/fcspartaktrnava.com\/hladame-trenerov-a-asistentov-do-mladeznickych-kategorii\/#breadcrumb","itemListElement":[{"@type":"ListItem","position":1,"name":"Home","item":"https:\/\/fcspartaktrnava.com\/"},{"@type":"ListItem","position":2,"name":"H\u013ead\u00e1me tr\u00e9nerov a asistentov do ml\u00e1de\u017en\u00edckych kateg\u00f3ri\u00ed"}]},{"@type":"WebSite","@id":"https:\/\/fcspartaktrnava.com\/#website","url":"https:\/\/fcspartaktrnava.com\/","name":"FC Spartak Trnava","description":"ofici\u00e1lna webstr\u00e1nka futbalov\u00e9ho klubu","publisher":{"@id":"https:\/\/fcspartaktrnava.com\/#organization"},"potentialAction":[{"@type":"SearchAction","target":{"@type":"EntryPoint","urlTemplate":"https:\/\/fcspartaktrnava.com\/?s={search_term_string}"},"query-input":{"@type":"PropertyValueSpecification","valueRequired":true,"valueName":"search_term_string"}}],"inLanguage":"en-GB"},{"@type":"Organization","@id":"https:\/\/fcspartaktrnava.com\/#organization","name":"FC Spartak Trnava","alternateName":"Spartak","url":"https:\/\/fcspartaktrnava.com\/","logo":{"@type":"ImageObject","inLanguage":"en-GB","@id":"https:\/\/fcspartaktrnava.com\/#\/schema\/logo\/image\/","url":"https:\/\/fcspartaktrnava.com\/wp-content\/uploads\/2022\/08\/cropped-site_logo.png","contentUrl":"https:\/\/fcspartaktrnava.com\/wp-content\/uploads\/2022\/08\/cropped-site_logo.png","width":140,"height":140,"caption":"FC Spartak Trnava"},"image":{"@id":"https:\/\/fcspartaktrnava.com\/#\/schema\/logo\/image\/"},"sameAs":["https:\/\/www.facebook.com\/SpartakTrnava","https:\/\/x.com\/SpartakTrnava1","https:\/\/www.instagram.com\/spartak_sk\/"]},{"@type":"Person","@id":"https:\/\/fcspartaktrnava.com\/#\/schema\/person\/62c3c2562c3c56e4c0c8c2342c596ac0","name":"Samuel \u010eurinsk\u00fd","image":{"@type":"ImageObject","inLanguage":"en-GB","@id":"https:\/\/fcspartaktrnava.com\/#\/schema\/person\/image\/","url":"https:\/\/secure.gravatar.com\/avatar\/af2fa02af92418b86ed742470664fe40056833fb68d84becf03f6ab02319257c?s=96&d=mm&r=g","contentUrl":"https:\/\/secure.gravatar.com\/avatar\/af2fa02af92418b86ed742470664fe40056833fb68d84becf03f6ab02319257c?s=96&d=mm&r=g","caption":"Samuel \u010eurinsk\u00fd"},"url":"https:\/\/fcspartaktrnava.com\/en\/author\/fcst-samuel\/"}]}},"_links":{"self":[{"href":"https:\/\/fcspartaktrnava.com\/en\/wp-json\/wp\/v2\/posts\/22173","targetHints":{"allow":["GET"]}}],"collection":[{"href":"https:\/\/fcspartaktrnava.com\/en\/wp-json\/wp\/v2\/posts"}],"about":[{"href":"https:\/\/fcspartaktrnava.com\/en\/wp-json\/wp\/v2\/types\/post"}],"author":[{"embeddable":true,"href":"https:\/\/fcspartaktrnava.com\/en\/wp-json\/wp\/v2\/users\/5"}],"replies":[{"embeddable":true,"href":"https:\/\/fcspartaktrnava.com\/en\/wp-json\/wp\/v2\/comments?post=22173"}],"version-history":[{"count":0,"href":"https:\/\/fcspartaktrnava.com\/en\/wp-json\/wp\/v2\/posts\/22173\/revisions"}],"wp:featuredmedia":[{"embeddable":true,"href":"https:\/\/fcspartaktrnava.com\/en\/wp-json\/wp\/v2\/media\/22175"}],"wp:attachment":[{"href":"https:\/\/fcspartaktrnava.com\/en\/wp-json\/wp\/v2\/media?parent=22173"}],"wp:term":[{"taxonomy":"category","embeddable":true,"href":"https:\/\/fcspartaktrnava.com\/en\/wp-json\/wp\/v2\/categories?post=22173"},{"taxonomy":"post_tag","embeddable":true,"href":"https:\/\/fcspartaktrnava.com\/en\/wp-json\/wp\/v2\/tags?post=22173"}],"curies":[{"name":"wp","href":"https:\/\/api.w.org\/{rel}","templated":true}]}}