{"id":22000,"date":"2024-08-31T11:11:01","date_gmt":"2024-08-31T09:11:01","guid":{"rendered":"https:\/\/fcspartaktrnava.com\/?p=22000"},"modified":"2024-08-31T11:11:02","modified_gmt":"2024-08-31T09:11:02","slug":"vydareny-taliansky-turnaj-pre-nasu-sedemnastku","status":"publish","type":"post","link":"https:\/\/fcspartaktrnava.com\/en\/vydareny-taliansky-turnaj-pre-nasu-sedemnastku\/","title":{"rendered":"Vydaren\u00fd taliansky turnaj pre na\u0161u sedemn\u00e1stku"},"content":{"rendered":"<p class=\"has-text-align-center has-medium-font-size\">Kateg\u00f3ria U17 m\u00e1 za sebou kvalitne obsaden\u00fd medzin\u00e1rodn\u00fd turnaj Trofeo Nereo Rocco. Z\u00fa\u010dastnilo sa ho celkovo 12 t\u00edmov a zverenci tr\u00e9nera Adama Chorvatha sa v skupine stretli postupne s Interom Mil\u00e1no, NK Bravo a Udinese Calcio. <\/p>\n\n\n\n<p class=\"has-text-align-center has-medium-font-size\">Nech\u00fdbalo ve\u013ea a zahrali by si aj v semifin\u00e1le. V boji o TOP4 narazili op\u00e4\u0165 na Inter Mil\u00e1no a prehrali a\u017e po penaltovom rozstrele.<\/p>\n\n\n\n<hr class=\"wp-block-separator has-text-color has-vivid-red-color has-alpha-channel-opacity has-vivid-red-background-color has-background is-style-dots\"\/>\n\n\n\n<p class=\"has-text-align-center has-vivid-red-background-color has-background has-small-font-size\"><\/p>\n\n\n\n<h2 class=\"wp-block-heading has-text-align-center\"><strong>Odmena za dlhoro\u010dn\u00fa snahu pos\u00fava\u0165 ml\u00e1de\u017en\u00edcku sekciu vpred<\/strong><\/h2>\n\n\n\n<p class=\"has-text-align-center has-medium-font-size\">Tr\u00e9ner Adam Chorvath si \u00fa\u010das\u0165 na tak kvalitnom turnaji ve\u013emi v\u00e1\u017ei a vn\u00edma ju ako odmenu za dlhoro\u010dn\u00fa snahu pos\u00fava\u0165 ml\u00e1de\u017en\u00edcku sekciu Spartaka na \u010doraz vy\u0161\u0161iu \u00farove\u0148.<\/p>\n\n\n\n<p class=\"has-text-align-center has-medium-font-size\">Hr\u00e1\u010di a tr\u00e9neri sa mohli konfrontova\u0165 so silnou konkurenciou a porovna\u0165 \u00farove\u0148 na\u0161ej akad\u00e9mie s t\u00fdmi zahrani\u010dn\u00fdmi. <\/p>\n\n\n\n<p class=\"has-text-align-center has-medium-font-size\"><strong>&#8222;Jedn\u00fdm z na\u0161ich cie\u013eov je re\u00e1lne pos\u00fadi\u0165, na akej \u00farovni sme v r\u00e1mci konfront\u00e1cie so \u0161pi\u010dkov\u00fdmi zahrani\u010dn\u00fdmi akad\u00e9miami. Druh\u00fdm podstatn\u00fdm cie\u013eom je budova\u0165 v hr\u00e1\u010doch sebavedomie a v\u00ed\u0165azn\u00fa mentalitu. Sk\u00fasenosti z tak \u201cve\u013ek\u00fdch\u201d ml\u00e1de\u017en\u00edckych z\u00e1pasov ich bezpochyby najlep\u0161ie pripravia na prechod do seniorsk\u00e9ho profi futbalu. V\u00fdsledky s\u00fa samozrejme d\u00f4le\u017eitou s\u00fa\u010das\u0165ou medzin\u00e1rodnej konfront\u00e1cie, ka\u017ed\u00fd z n\u00e1s ich chce v tak\u00fdchto z\u00e1pasoch dosiahnu\u0165, no obrovsk\u00e1 v\u00fdzva pre n\u00e1s je vybudova\u0165 v hr\u00e1\u010doch presved\u010denie, \u017ee dok\u00e1\u017eeme by\u0165 kvalitnej\u0161\u00edm t\u00edmom v oboch f\u00e1zach hry a z\u00e1rove\u0148 z\u00e1pas aj v\u00fdsledkovo zvl\u00e1dnu\u0165.&#8220;<\/strong><\/p>\n\n\n\n<hr class=\"wp-block-separator has-alpha-channel-opacity\"\/>\n\n\n\n<p class=\"has-text-align-center has-medium-font-size\"><strong>Pozrime sa aj na samotn\u00e9 v\u00fdsledky U17 na turnaji v Taliansku:<\/strong><\/p>\n\n\n\n<p class=\"has-text-align-center has-medium-font-size\"><strong>Z\u00e1kladn\u00e1 skupina: <\/strong><\/p>\n\n\n\n<p class=\"has-text-align-center has-medium-font-size\">FCST &#8211; Inter Milan 2:4 g\u00f3ly: Hus\u00e1r, Ma\u0165o <\/p>\n\n\n\n<p class=\"has-text-align-center has-medium-font-size\">FCST &#8211; NK Bravo 2:0 g\u00f3ly: He\u010dko, Melia <\/p>\n\n\n\n<p class=\"has-text-align-center has-medium-font-size\">FCST &#8211; Udinese Calcio 1:4 g\u00f3l: Hus\u00e1r <\/p>\n\n\n\n<p class=\"has-text-align-center has-medium-font-size\"><strong>\u0160tvr\u0165fin\u00e1le: <\/strong>FCST &#8211; Inter Milan 2:2 (3:5 po pen.) g\u00f3ly: Terenkov 2<\/p>\n\n\n\n<hr class=\"wp-block-separator has-alpha-channel-opacity\"\/>\n\n\n\n<p class=\"has-text-align-center has-medium-font-size\">Tr\u00e9ner Adam Chorvath bol s p\u00f4soben\u00edm svojho t\u00edmu spokojn\u00fd a tak\u00e1to kvalitn\u00e1 z\u00e1pasov\u00e1 konfront\u00e1cia op\u00e4\u0165 pos\u00fava jeho zverencov vpred.<\/p>\n\n\n\n<p class=\"has-text-align-center has-medium-font-size\">Pridal aj komplexn\u00e9 hodnotenie turnaja a v\u00fdkonnosti jeho zverencov.<\/p>\n\n\n\n<p class=\"has-text-align-center has-medium-font-size\"><strong>&#8222;Po sk\u00fasenostiach z turnaja v Holandsku, kde sme sa mali mo\u017enos\u0165 konfrontova\u0165 s Benficou \u010di Royalom Antverpy a po letnej \u00faspe\u0161nej konfront\u00e1cii s Wolverhamptonom \u010di Sl\u00e1viou n\u00e1s tentokr\u00e1t \u010dakal z\u00e1pas s Interom Mil\u00e1no, s\u00faperom, ktor\u00fd je v tejto kateg\u00f3rii najlep\u0161\u00ed v Taliansku a takisto s Udinese Calcio. Pri ucelenom hodnoten\u00ed m\u00f4\u017eeme kon\u0161tatova\u0165, \u017ee na\u0161i hr\u00e1\u010di sa kvalitou hern\u00fdch \u010dinnost\u00ed jednotlivca dok\u00e1\u017eu vyrovna\u0165 aj t\u00edmom, ako je Inter Mil\u00e1no. Rovnako m\u00e1me takticky ve\u013emi vyspel\u00fdch hr\u00e1\u010dov. Po r\u00fdchlostno-silovej str\u00e1nke dok\u00e1\u017eeme takisto konkurova\u0165.&#8220;<\/strong><\/p>\n\n\n\n<p class=\"has-text-align-center has-medium-font-size\">A kde vid\u00ed priestor na zlep\u0161enie? <\/p>\n\n\n\n<p class=\"has-text-align-center has-medium-font-size\"><strong>&#8222;Priestor, kde sa jednozna\u010dne potrebujeme zlep\u0161i\u0165 je ochota hr\u00e1\u010dov robi\u0165 n\u00e1behy a neust\u00e1le \u201ctrha\u0165\u201d obrann\u00fa l\u00edniu. V tomto n\u00e1s obaja taliansky s\u00faperi pred\u010dili. V druhom rade to bolo \u00fato\u010denie do prehustenej obrany, kde najm\u00e4 hr\u00e1\u010di Interu dok\u00e1zali udr\u017ea\u0165 v zhustenom priestore \u0165a\u017ek\u00e9 lopty a cez n\u00e1behy a kreat\u00edvne prihr\u00e1vky sa dost\u00e1va\u0165 za na\u0161u l\u00edniu. Potrebujeme dosiahnu\u0165 e\u0161te v\u00e4\u010d\u0161iu intenzitu \u00fato\u010dn\u00fdch hern\u00fdch \u010dinnost\u00ed &#8211; najm\u00e4 pri n\u00e1behov\u00fdch situ\u00e1ci\u00e1ch a n\u00e1slednej pr\u00e1ci s loptou v okol\u00ed s\u00faperovho pokutov\u00e9ho \u00fazemia.&#8220;<\/strong><\/p>\n\n\n\n<hr class=\"wp-block-separator has-alpha-channel-opacity\"\/>\n\n\n<div class=\"wp-block-image\">\n<figure class=\"aligncenter size-large\"><img loading=\"lazy\" decoding=\"async\" width=\"768\" height=\"1024\" src=\"https:\/\/fcspartaktrnava.com\/wp-content\/uploads\/2024\/08\/273f4928-a334-460a-b9aa-377ae36322a1-768x1024.jpg\" alt=\"\" class=\"wp-image-22002\" srcset=\"https:\/\/fcspartaktrnava.com\/wp-content\/uploads\/2024\/08\/273f4928-a334-460a-b9aa-377ae36322a1-768x1024.jpg 768w, https:\/\/fcspartaktrnava.com\/wp-content\/uploads\/2024\/08\/273f4928-a334-460a-b9aa-377ae36322a1-225x300.jpg 225w, https:\/\/fcspartaktrnava.com\/wp-content\/uploads\/2024\/08\/273f4928-a334-460a-b9aa-377ae36322a1-1152x1536.jpg 1152w, https:\/\/fcspartaktrnava.com\/wp-content\/uploads\/2024\/08\/273f4928-a334-460a-b9aa-377ae36322a1-9x12.jpg 9w, https:\/\/fcspartaktrnava.com\/wp-content\/uploads\/2024\/08\/273f4928-a334-460a-b9aa-377ae36322a1.jpg 1536w\" sizes=\"auto, (max-width: 768px) 100vw, 768px\" \/><\/figure>\n<\/div>\n\n\n<p class=\"has-text-align-center has-medium-font-size\">Par\u00e1dne pripraven\u00e1 spartakovsk\u00e1 \u0161at\u0148a.<\/p>\n\n\n\n<hr class=\"wp-block-separator has-text-color has-vivid-red-color has-alpha-channel-opacity has-vivid-red-background-color has-background is-style-dots\"\/>\n\n\n\n<h2 class=\"wp-block-heading has-text-align-center\">D\u00f4le\u017eit\u00e1 sp\u00e4tn\u00e1 v\u00e4zba pre cel\u00fd t\u00edm<\/h2>\n\n\n\n<p class=\"has-text-align-center has-medium-font-size\">P\u00f4sobenie na turnaji v Taliansku sl\u00fa\u017eilo aj ako d\u00f4le\u017eit\u00e9 porovnanie s medzin\u00e1rodnou konkurenciou a tr\u00e9ner Chorvath ho vn\u00edma aj ako d\u00f4le\u017eit\u00fa sp\u00e4tn\u00fa v\u00e4zbu. <\/p>\n\n\n\n<p class=\"has-text-align-center has-medium-font-size\"><strong>&#8222;M\u00f4\u017ee to by\u0165 zauj\u00edmav\u00fd feedback pre n\u00e1s a na\u0161ich tr\u00e9nerov v ni\u017e\u0161\u00edch kateg\u00f3ri\u00e1ch, z\u00e1rove\u0148 aj pre extern\u00fdch tr\u00e9nerov, \u010di funkcion\u00e1rov. Na\u0161ou \u00falohou teraz mus\u00ed by\u0165 odstra\u0148ova\u0165 tieto rozdiely a e\u0161te viac sa pribl\u00ed\u017ei\u0165 eur\u00f3pskej \u0161pi\u010dke. Na to v\u0161ak potrebujeme hra\u0165 takto n\u00e1ro\u010dn\u00e9 z\u00e1pasy ove\u013ea \u010dastej\u0161ie.&#8220;<\/strong><\/p>\n\n\n\n<p class=\"has-text-align-center has-medium-font-size\">Na\u0161a sedemn\u00e1stka odohrala \u0161tyri z\u00e1pasy za \u0161tyri dni a stopku jej vystavil neskor\u0161\u00ed v\u00ed\u0165az turnaja Inter Mil\u00e1no. T\u00edm ale zanechal v Taliansku pozit\u00edvny dojem. <\/p>\n\n\n\n<p class=\"has-text-align-center has-medium-font-size\"><strong>&#8222;Dok\u00e1zali sme odohra\u0165 \u0161tyri 90-min\u00fatov\u00e9 z\u00e1pasy za 4 dni. V \u017eiadnom z\u00e1pase sme neboli vyslovene slab\u0161\u00edm t\u00edmom. S Interom Mil\u00e1no sme i\u0161li do vedenia a\u017e 4-kr\u00e1t. Nakoniec sme vypadli vo \u0161tvr\u0165fin\u00e1le pr\u00e1ve s neskor\u0161\u00edm v\u00ed\u0165azom cel\u00e9ho turnaja Interom Mil\u00e1no, ke\u010f s\u00faper vyrovnal 10 min\u00fat pred koncom a nakoniec zv\u00ed\u0165azil po penaltovom rozstrele. Pomyseln\u00fa hranicu obrovsk\u00e9ho \u00faspechu sa n\u00e1m znovu prekro\u010di\u0165 nepodarilo, no mysl\u00edm si, \u017ee sme zanechali pozit\u00edvny dojem.&#8220;<\/strong> <\/p>\n\n\n\n<p class=\"has-text-align-center has-medium-font-size\">Uzavrel hodnotenie turnaja tr\u00e9ner Adam Chorvath.<\/p>\n\n\n\n<hr class=\"wp-block-separator has-text-color has-vivid-red-color has-alpha-channel-opacity has-vivid-red-background-color has-background is-style-dots\"\/>\n\n\n\n<p class=\"has-text-align-center has-medium-font-size\">Cel\u00fd t\u00edm stihol okrem samotn\u00fdch z\u00e1pasov aj regener\u00e1ciu pri mori a n\u00e1v\u0161tevu centra mesta Trieste.<\/p>\n\n\n<div class=\"wp-block-image\">\n<figure class=\"aligncenter size-large\"><img loading=\"lazy\" decoding=\"async\" width=\"768\" height=\"1024\" src=\"https:\/\/fcspartaktrnava.com\/wp-content\/uploads\/2024\/08\/01d3c783-a5bf-4d7a-81bc-1e22be72d5ad-768x1024.jpg\" alt=\"\" class=\"wp-image-22003\" srcset=\"https:\/\/fcspartaktrnava.com\/wp-content\/uploads\/2024\/08\/01d3c783-a5bf-4d7a-81bc-1e22be72d5ad-768x1024.jpg 768w, https:\/\/fcspartaktrnava.com\/wp-content\/uploads\/2024\/08\/01d3c783-a5bf-4d7a-81bc-1e22be72d5ad-225x300.jpg 225w, https:\/\/fcspartaktrnava.com\/wp-content\/uploads\/2024\/08\/01d3c783-a5bf-4d7a-81bc-1e22be72d5ad-1152x1536.jpg 1152w, https:\/\/fcspartaktrnava.com\/wp-content\/uploads\/2024\/08\/01d3c783-a5bf-4d7a-81bc-1e22be72d5ad-9x12.jpg 9w, https:\/\/fcspartaktrnava.com\/wp-content\/uploads\/2024\/08\/01d3c783-a5bf-4d7a-81bc-1e22be72d5ad.jpg 1536w\" sizes=\"auto, (max-width: 768px) 100vw, 768px\" \/><\/figure>\n<\/div>\n\n<div class=\"wp-block-image\">\n<figure class=\"aligncenter size-large\"><img loading=\"lazy\" decoding=\"async\" width=\"1024\" height=\"768\" src=\"https:\/\/fcspartaktrnava.com\/wp-content\/uploads\/2024\/08\/6843dfd9-dd5f-4b8a-a16c-fe4ea5ca42df-1024x768.jpg\" alt=\"\" class=\"wp-image-22004\" srcset=\"https:\/\/fcspartaktrnava.com\/wp-content\/uploads\/2024\/08\/6843dfd9-dd5f-4b8a-a16c-fe4ea5ca42df-1024x768.jpg 1024w, https:\/\/fcspartaktrnava.com\/wp-content\/uploads\/2024\/08\/6843dfd9-dd5f-4b8a-a16c-fe4ea5ca42df-300x225.jpg 300w, https:\/\/fcspartaktrnava.com\/wp-content\/uploads\/2024\/08\/6843dfd9-dd5f-4b8a-a16c-fe4ea5ca42df-768x576.jpg 768w, https:\/\/fcspartaktrnava.com\/wp-content\/uploads\/2024\/08\/6843dfd9-dd5f-4b8a-a16c-fe4ea5ca42df-1536x1152.jpg 1536w, https:\/\/fcspartaktrnava.com\/wp-content\/uploads\/2024\/08\/6843dfd9-dd5f-4b8a-a16c-fe4ea5ca42df-16x12.jpg 16w, https:\/\/fcspartaktrnava.com\/wp-content\/uploads\/2024\/08\/6843dfd9-dd5f-4b8a-a16c-fe4ea5ca42df.jpg 2048w\" sizes=\"auto, (max-width: 1024px) 100vw, 1024px\" \/><\/figure>\n<\/div>\n\n\n<p class=\"has-text-align-center has-medium-font-size\"><\/p>\n\n\n\n<hr class=\"wp-block-separator has-text-color has-vivid-red-color has-alpha-channel-opacity has-vivid-red-background-color has-background is-style-dots\"\/>\n\n\n\n<p class=\"has-text-align-center has-medium-font-size\"><strong>Touto cestou \u010fakujeme chalanom a cel\u00e9mu t\u00edmu za vzorn\u00fa reprezent\u00e1ciu klubu a prajeme ve\u013ea \u00faspechov v novej sez\u00f3ne. <\/strong><\/p>\n\n\n\n<p class=\"has-text-align-center has-medium-font-size\"><strong>#FCST<\/strong><\/p>","protected":false},"excerpt":{"rendered":"<p>Kateg\u00f3ria U17 m\u00e1 za sebou kvalitne obsaden\u00fd medzin\u00e1rodn\u00fd&#8230;<\/p>","protected":false},"author":5,"featured_media":22001,"comment_status":"closed","ping_status":"closed","sticky":false,"template":"","format":"standard","meta":{"footnotes":""},"categories":[52,41,12],"tags":[],"class_list":["post-22000","post","type-post","status-publish","format-standard","has-post-thumbnail","hentry","category-mladez","category-intervju","category-spravy","post-number-1"],"yoast_head":"<!-- This site is optimized with the Yoast SEO plugin v27.1.1 - https:\/\/yoast.com\/product\/yoast-seo-wordpress\/ -->\n<title>Vydaren\u00fd taliansky turnaj pre na\u0161u sedemn\u00e1stku - FC Spartak Trnava<\/title>\n<meta name=\"robots\" content=\"index, follow, max-snippet:-1, max-image-preview:large, max-video-preview:-1\" \/>\n<link rel=\"canonical\" href=\"https:\/\/fcspartaktrnava.com\/en\/vydareny-taliansky-turnaj-pre-nasu-sedemnastku\/\" \/>\n<meta name=\"twitter:label1\" content=\"Written by\" \/>\n\t<meta name=\"twitter:data1\" content=\"Samuel \u010eurinsk\u00fd\" \/>\n\t<meta name=\"twitter:label2\" content=\"Estimated reading time\" \/>\n\t<meta name=\"twitter:data2\" content=\"5 minutes\" \/>\n<script type=\"application\/ld+json\" class=\"yoast-schema-graph\">{\"@context\":\"https:\/\/schema.org\",\"@graph\":[{\"@type\":\"Article\",\"@id\":\"https:\/\/fcspartaktrnava.com\/vydareny-taliansky-turnaj-pre-nasu-sedemnastku\/#article\",\"isPartOf\":{\"@id\":\"https:\/\/fcspartaktrnava.com\/vydareny-taliansky-turnaj-pre-nasu-sedemnastku\/\"},\"author\":{\"name\":\"Samuel \u010eurinsk\u00fd\",\"@id\":\"https:\/\/fcspartaktrnava.com\/#\/schema\/person\/62c3c2562c3c56e4c0c8c2342c596ac0\"},\"headline\":\"Vydaren\u00fd taliansky turnaj pre na\u0161u sedemn\u00e1stku\",\"datePublished\":\"2024-08-31T09:11:01+00:00\",\"dateModified\":\"2024-08-31T09:11:02+00:00\",\"mainEntityOfPage\":{\"@id\":\"https:\/\/fcspartaktrnava.com\/vydareny-taliansky-turnaj-pre-nasu-sedemnastku\/\"},\"wordCount\":894,\"publisher\":{\"@id\":\"https:\/\/fcspartaktrnava.com\/#organization\"},\"image\":{\"@id\":\"https:\/\/fcspartaktrnava.com\/vydareny-taliansky-turnaj-pre-nasu-sedemnastku\/#primaryimage\"},\"thumbnailUrl\":\"https:\/\/fcspartaktrnava.com\/wp-content\/uploads\/2024\/08\/c872bbe6-e66a-4c70-831d-2f98595d9c16.jpg\",\"articleSection\":[\"Ml\u00e1de\u017e\",\"Rozhovory\",\"Spr\u00e1vy\"],\"inLanguage\":\"en-GB\"},{\"@type\":\"WebPage\",\"@id\":\"https:\/\/fcspartaktrnava.com\/vydareny-taliansky-turnaj-pre-nasu-sedemnastku\/\",\"url\":\"https:\/\/fcspartaktrnava.com\/vydareny-taliansky-turnaj-pre-nasu-sedemnastku\/\",\"name\":\"Vydaren\u00fd taliansky turnaj pre na\u0161u sedemn\u00e1stku - FC Spartak Trnava\",\"isPartOf\":{\"@id\":\"https:\/\/fcspartaktrnava.com\/#website\"},\"primaryImageOfPage\":{\"@id\":\"https:\/\/fcspartaktrnava.com\/vydareny-taliansky-turnaj-pre-nasu-sedemnastku\/#primaryimage\"},\"image\":{\"@id\":\"https:\/\/fcspartaktrnava.com\/vydareny-taliansky-turnaj-pre-nasu-sedemnastku\/#primaryimage\"},\"thumbnailUrl\":\"https:\/\/fcspartaktrnava.com\/wp-content\/uploads\/2024\/08\/c872bbe6-e66a-4c70-831d-2f98595d9c16.jpg\",\"datePublished\":\"2024-08-31T09:11:01+00:00\",\"dateModified\":\"2024-08-31T09:11:02+00:00\",\"breadcrumb\":{\"@id\":\"https:\/\/fcspartaktrnava.com\/vydareny-taliansky-turnaj-pre-nasu-sedemnastku\/#breadcrumb\"},\"inLanguage\":\"en-GB\",\"potentialAction\":[{\"@type\":\"ReadAction\",\"target\":[\"https:\/\/fcspartaktrnava.com\/vydareny-taliansky-turnaj-pre-nasu-sedemnastku\/\"]}]},{\"@type\":\"ImageObject\",\"inLanguage\":\"en-GB\",\"@id\":\"https:\/\/fcspartaktrnava.com\/vydareny-taliansky-turnaj-pre-nasu-sedemnastku\/#primaryimage\",\"url\":\"https:\/\/fcspartaktrnava.com\/wp-content\/uploads\/2024\/08\/c872bbe6-e66a-4c70-831d-2f98595d9c16.jpg\",\"contentUrl\":\"https:\/\/fcspartaktrnava.com\/wp-content\/uploads\/2024\/08\/c872bbe6-e66a-4c70-831d-2f98595d9c16.jpg\",\"width\":1536,\"height\":1146},{\"@type\":\"BreadcrumbList\",\"@id\":\"https:\/\/fcspartaktrnava.com\/vydareny-taliansky-turnaj-pre-nasu-sedemnastku\/#breadcrumb\",\"itemListElement\":[{\"@type\":\"ListItem\",\"position\":1,\"name\":\"Home\",\"item\":\"https:\/\/fcspartaktrnava.com\/\"},{\"@type\":\"ListItem\",\"position\":2,\"name\":\"Vydaren\u00fd taliansky turnaj pre na\u0161u sedemn\u00e1stku\"}]},{\"@type\":\"WebSite\",\"@id\":\"https:\/\/fcspartaktrnava.com\/#website\",\"url\":\"https:\/\/fcspartaktrnava.com\/\",\"name\":\"FC Spartak Trnava\",\"description\":\"ofici\u00e1lna webstr\u00e1nka futbalov\u00e9ho klubu\",\"publisher\":{\"@id\":\"https:\/\/fcspartaktrnava.com\/#organization\"},\"potentialAction\":[{\"@type\":\"SearchAction\",\"target\":{\"@type\":\"EntryPoint\",\"urlTemplate\":\"https:\/\/fcspartaktrnava.com\/?s={search_term_string}\"},\"query-input\":{\"@type\":\"PropertyValueSpecification\",\"valueRequired\":true,\"valueName\":\"search_term_string\"}}],\"inLanguage\":\"en-GB\"},{\"@type\":\"Organization\",\"@id\":\"https:\/\/fcspartaktrnava.com\/#organization\",\"name\":\"FC Spartak Trnava\",\"alternateName\":\"Spartak\",\"url\":\"https:\/\/fcspartaktrnava.com\/\",\"logo\":{\"@type\":\"ImageObject\",\"inLanguage\":\"en-GB\",\"@id\":\"https:\/\/fcspartaktrnava.com\/#\/schema\/logo\/image\/\",\"url\":\"https:\/\/fcspartaktrnava.com\/wp-content\/uploads\/2022\/08\/cropped-site_logo.png\",\"contentUrl\":\"https:\/\/fcspartaktrnava.com\/wp-content\/uploads\/2022\/08\/cropped-site_logo.png\",\"width\":140,\"height\":140,\"caption\":\"FC Spartak Trnava\"},\"image\":{\"@id\":\"https:\/\/fcspartaktrnava.com\/#\/schema\/logo\/image\/\"},\"sameAs\":[\"https:\/\/www.facebook.com\/SpartakTrnava\",\"https:\/\/x.com\/SpartakTrnava1\",\"https:\/\/www.instagram.com\/spartak_sk\/\"]},{\"@type\":\"Person\",\"@id\":\"https:\/\/fcspartaktrnava.com\/#\/schema\/person\/62c3c2562c3c56e4c0c8c2342c596ac0\",\"name\":\"Samuel \u010eurinsk\u00fd\",\"image\":{\"@type\":\"ImageObject\",\"inLanguage\":\"en-GB\",\"@id\":\"https:\/\/fcspartaktrnava.com\/#\/schema\/person\/image\/\",\"url\":\"https:\/\/secure.gravatar.com\/avatar\/af2fa02af92418b86ed742470664fe40056833fb68d84becf03f6ab02319257c?s=96&d=mm&r=g\",\"contentUrl\":\"https:\/\/secure.gravatar.com\/avatar\/af2fa02af92418b86ed742470664fe40056833fb68d84becf03f6ab02319257c?s=96&d=mm&r=g\",\"caption\":\"Samuel \u010eurinsk\u00fd\"},\"url\":\"https:\/\/fcspartaktrnava.com\/en\/author\/fcst-samuel\/\"}]}<\/script>\n<!-- \/ Yoast SEO plugin. -->","yoast_head_json":{"title":"Vydaren\u00fd taliansky turnaj pre na\u0161u sedemn\u00e1stku - FC Spartak Trnava","robots":{"index":"index","follow":"follow","max-snippet":"max-snippet:-1","max-image-preview":"max-image-preview:large","max-video-preview":"max-video-preview:-1"},"canonical":"https:\/\/fcspartaktrnava.com\/en\/vydareny-taliansky-turnaj-pre-nasu-sedemnastku\/","twitter_misc":{"Written by":"Samuel \u010eurinsk\u00fd","Estimated reading time":"5 minutes"},"schema":{"@context":"https:\/\/schema.org","@graph":[{"@type":"Article","@id":"https:\/\/fcspartaktrnava.com\/vydareny-taliansky-turnaj-pre-nasu-sedemnastku\/#article","isPartOf":{"@id":"https:\/\/fcspartaktrnava.com\/vydareny-taliansky-turnaj-pre-nasu-sedemnastku\/"},"author":{"name":"Samuel \u010eurinsk\u00fd","@id":"https:\/\/fcspartaktrnava.com\/#\/schema\/person\/62c3c2562c3c56e4c0c8c2342c596ac0"},"headline":"Vydaren\u00fd taliansky turnaj pre na\u0161u sedemn\u00e1stku","datePublished":"2024-08-31T09:11:01+00:00","dateModified":"2024-08-31T09:11:02+00:00","mainEntityOfPage":{"@id":"https:\/\/fcspartaktrnava.com\/vydareny-taliansky-turnaj-pre-nasu-sedemnastku\/"},"wordCount":894,"publisher":{"@id":"https:\/\/fcspartaktrnava.com\/#organization"},"image":{"@id":"https:\/\/fcspartaktrnava.com\/vydareny-taliansky-turnaj-pre-nasu-sedemnastku\/#primaryimage"},"thumbnailUrl":"https:\/\/fcspartaktrnava.com\/wp-content\/uploads\/2024\/08\/c872bbe6-e66a-4c70-831d-2f98595d9c16.jpg","articleSection":["Ml\u00e1de\u017e","Rozhovory","Spr\u00e1vy"],"inLanguage":"en-GB"},{"@type":"WebPage","@id":"https:\/\/fcspartaktrnava.com\/vydareny-taliansky-turnaj-pre-nasu-sedemnastku\/","url":"https:\/\/fcspartaktrnava.com\/vydareny-taliansky-turnaj-pre-nasu-sedemnastku\/","name":"Vydaren\u00fd taliansky turnaj pre na\u0161u sedemn\u00e1stku - FC Spartak Trnava","isPartOf":{"@id":"https:\/\/fcspartaktrnava.com\/#website"},"primaryImageOfPage":{"@id":"https:\/\/fcspartaktrnava.com\/vydareny-taliansky-turnaj-pre-nasu-sedemnastku\/#primaryimage"},"image":{"@id":"https:\/\/fcspartaktrnava.com\/vydareny-taliansky-turnaj-pre-nasu-sedemnastku\/#primaryimage"},"thumbnailUrl":"https:\/\/fcspartaktrnava.com\/wp-content\/uploads\/2024\/08\/c872bbe6-e66a-4c70-831d-2f98595d9c16.jpg","datePublished":"2024-08-31T09:11:01+00:00","dateModified":"2024-08-31T09:11:02+00:00","breadcrumb":{"@id":"https:\/\/fcspartaktrnava.com\/vydareny-taliansky-turnaj-pre-nasu-sedemnastku\/#breadcrumb"},"inLanguage":"en-GB","potentialAction":[{"@type":"ReadAction","target":["https:\/\/fcspartaktrnava.com\/vydareny-taliansky-turnaj-pre-nasu-sedemnastku\/"]}]},{"@type":"ImageObject","inLanguage":"en-GB","@id":"https:\/\/fcspartaktrnava.com\/vydareny-taliansky-turnaj-pre-nasu-sedemnastku\/#primaryimage","url":"https:\/\/fcspartaktrnava.com\/wp-content\/uploads\/2024\/08\/c872bbe6-e66a-4c70-831d-2f98595d9c16.jpg","contentUrl":"https:\/\/fcspartaktrnava.com\/wp-content\/uploads\/2024\/08\/c872bbe6-e66a-4c70-831d-2f98595d9c16.jpg","width":1536,"height":1146},{"@type":"BreadcrumbList","@id":"https:\/\/fcspartaktrnava.com\/vydareny-taliansky-turnaj-pre-nasu-sedemnastku\/#breadcrumb","itemListElement":[{"@type":"ListItem","position":1,"name":"Home","item":"https:\/\/fcspartaktrnava.com\/"},{"@type":"ListItem","position":2,"name":"Vydaren\u00fd taliansky turnaj pre na\u0161u sedemn\u00e1stku"}]},{"@type":"WebSite","@id":"https:\/\/fcspartaktrnava.com\/#website","url":"https:\/\/fcspartaktrnava.com\/","name":"FC Spartak Trnava","description":"ofici\u00e1lna webstr\u00e1nka futbalov\u00e9ho klubu","publisher":{"@id":"https:\/\/fcspartaktrnava.com\/#organization"},"potentialAction":[{"@type":"SearchAction","target":{"@type":"EntryPoint","urlTemplate":"https:\/\/fcspartaktrnava.com\/?s={search_term_string}"},"query-input":{"@type":"PropertyValueSpecification","valueRequired":true,"valueName":"search_term_string"}}],"inLanguage":"en-GB"},{"@type":"Organization","@id":"https:\/\/fcspartaktrnava.com\/#organization","name":"FC Spartak Trnava","alternateName":"Spartak","url":"https:\/\/fcspartaktrnava.com\/","logo":{"@type":"ImageObject","inLanguage":"en-GB","@id":"https:\/\/fcspartaktrnava.com\/#\/schema\/logo\/image\/","url":"https:\/\/fcspartaktrnava.com\/wp-content\/uploads\/2022\/08\/cropped-site_logo.png","contentUrl":"https:\/\/fcspartaktrnava.com\/wp-content\/uploads\/2022\/08\/cropped-site_logo.png","width":140,"height":140,"caption":"FC Spartak Trnava"},"image":{"@id":"https:\/\/fcspartaktrnava.com\/#\/schema\/logo\/image\/"},"sameAs":["https:\/\/www.facebook.com\/SpartakTrnava","https:\/\/x.com\/SpartakTrnava1","https:\/\/www.instagram.com\/spartak_sk\/"]},{"@type":"Person","@id":"https:\/\/fcspartaktrnava.com\/#\/schema\/person\/62c3c2562c3c56e4c0c8c2342c596ac0","name":"Samuel \u010eurinsk\u00fd","image":{"@type":"ImageObject","inLanguage":"en-GB","@id":"https:\/\/fcspartaktrnava.com\/#\/schema\/person\/image\/","url":"https:\/\/secure.gravatar.com\/avatar\/af2fa02af92418b86ed742470664fe40056833fb68d84becf03f6ab02319257c?s=96&d=mm&r=g","contentUrl":"https:\/\/secure.gravatar.com\/avatar\/af2fa02af92418b86ed742470664fe40056833fb68d84becf03f6ab02319257c?s=96&d=mm&r=g","caption":"Samuel \u010eurinsk\u00fd"},"url":"https:\/\/fcspartaktrnava.com\/en\/author\/fcst-samuel\/"}]}},"_links":{"self":[{"href":"https:\/\/fcspartaktrnava.com\/en\/wp-json\/wp\/v2\/posts\/22000","targetHints":{"allow":["GET"]}}],"collection":[{"href":"https:\/\/fcspartaktrnava.com\/en\/wp-json\/wp\/v2\/posts"}],"about":[{"href":"https:\/\/fcspartaktrnava.com\/en\/wp-json\/wp\/v2\/types\/post"}],"author":[{"embeddable":true,"href":"https:\/\/fcspartaktrnava.com\/en\/wp-json\/wp\/v2\/users\/5"}],"replies":[{"embeddable":true,"href":"https:\/\/fcspartaktrnava.com\/en\/wp-json\/wp\/v2\/comments?post=22000"}],"version-history":[{"count":0,"href":"https:\/\/fcspartaktrnava.com\/en\/wp-json\/wp\/v2\/posts\/22000\/revisions"}],"wp:featuredmedia":[{"embeddable":true,"href":"https:\/\/fcspartaktrnava.com\/en\/wp-json\/wp\/v2\/media\/22001"}],"wp:attachment":[{"href":"https:\/\/fcspartaktrnava.com\/en\/wp-json\/wp\/v2\/media?parent=22000"}],"wp:term":[{"taxonomy":"category","embeddable":true,"href":"https:\/\/fcspartaktrnava.com\/en\/wp-json\/wp\/v2\/categories?post=22000"},{"taxonomy":"post_tag","embeddable":true,"href":"https:\/\/fcspartaktrnava.com\/en\/wp-json\/wp\/v2\/tags?post=22000"}],"curies":[{"name":"wp","href":"https:\/\/api.w.org\/{rel}","templated":true}]}}