{"id":21934,"date":"2024-08-28T15:16:01","date_gmt":"2024-08-28T13:16:01","guid":{"rendered":"https:\/\/fcspartaktrnava.com\/?p=21934"},"modified":"2024-08-28T15:16:34","modified_gmt":"2024-08-28T13:16:34","slug":"stretneme-sa-na-stadione-uz-v-nedelu","status":"publish","type":"post","link":"https:\/\/fcspartaktrnava.com\/en\/stretneme-sa-na-stadione-uz-v-nedelu\/","title":{"rendered":"STRETNEME SA NA \u0160TADI\u00d3NE. U\u017e v nede\u013eu"},"content":{"rendered":"<p class=\"has-text-align-center has-medium-font-size\"><strong>Po v\u00fdhre v Skalici pokra\u010dujeme plynule \u010falej a z\u00e1ver t\u00fd\u017ed\u0148a bude patri\u0165 z\u00e1pasu 6. kola Nik\u00e9 ligy proti MFK Ru\u017eomberok od 18:00.<\/strong><\/p>\n\n\n\n<p class=\"has-text-align-center has-white-color has-vivid-red-background-color has-text-color has-background has-link-color has-medium-font-size wp-elements-ae8bf158509536e329e905bc4761aaaf\"><strong>Okrem samotn\u00e9ho z\u00e1pasu sme si pre v\u00e1s pripravili aj viacer\u00e9 sprievodn\u00e9 akcie, ktor\u00e9 v\u00e1m spr\u00edjemnia pobyt priamo na \u0160tadi\u00f3ne Antona Malatinsk\u00e9ho. <\/strong><\/p>\n\n\n\n<p class=\"has-text-align-center has-black-color has-white-background-color has-text-color has-background has-link-color has-medium-font-size wp-elements-7c1f1acc5492c307737c1d2a0868aa25\"><strong>Br\u00e1ny \u0161tadi\u00f3na otv\u00e1rame o 16:00<\/strong><\/p>\n\n\n\n<hr class=\"wp-block-separator has-text-color has-vivid-red-color has-alpha-channel-opacity has-vivid-red-background-color has-background is-style-dots\"\/>\n\n\n\n<p class=\"has-text-align-center has-medium-font-size\"><strong>Pokra\u010dujeme v akcii SPARTAK PRE DETI.<\/strong> Detsk\u00e9 sektory 5,6,7 pre mami\u010dky s de\u0165mi za symbolick\u00e9 EURO a k tomu prid\u00e1vame prv\u00fdkr\u00e1t aj \u0161peci\u00e1lnu vn\u00fatorn\u00fa FUNZ\u00d3NU pr\u00e1ve pri detsk\u00fdch sektoroch.<\/p>\n\n\n<div class=\"wp-block-image\">\n<figure class=\"aligncenter size-large\"><img loading=\"lazy\" decoding=\"async\" width=\"819\" height=\"1024\" src=\"https:\/\/fcspartaktrnava.com\/wp-content\/uploads\/2024\/08\/GrafikaNew-50-819x1024.png\" alt=\"\" class=\"wp-image-21936\" srcset=\"https:\/\/fcspartaktrnava.com\/wp-content\/uploads\/2024\/08\/GrafikaNew-50-819x1024.png 819w, https:\/\/fcspartaktrnava.com\/wp-content\/uploads\/2024\/08\/GrafikaNew-50-240x300.png 240w, https:\/\/fcspartaktrnava.com\/wp-content\/uploads\/2024\/08\/GrafikaNew-50-768x960.png 768w, https:\/\/fcspartaktrnava.com\/wp-content\/uploads\/2024\/08\/GrafikaNew-50-10x12.png 10w, https:\/\/fcspartaktrnava.com\/wp-content\/uploads\/2024\/08\/GrafikaNew-50.png 1200w\" sizes=\"auto, (max-width: 819px) 100vw, 819px\" \/><\/figure>\n<\/div>\n\n\n<p class=\"has-text-align-center has-large-font-size\"><strong>VSTUPENKY V SIETI <a href=\"https:\/\/predpredaj.zoznam.sk\/sk\/listky\/fc-spartak-trnava-mfk-ruzomberok-2024-09-01\/\">PREDPREDAJ.SK<\/a><\/strong><\/p>\n\n\n\n<hr class=\"wp-block-separator has-text-color has-vivid-red-color has-alpha-channel-opacity has-vivid-red-background-color has-background is-style-dots\"\/>\n\n\n\n<p class=\"has-text-align-center has-white-color has-black-background-color has-text-color has-background has-link-color has-medium-font-size wp-elements-f5ce9c134bf325bbbd9358880b7a18d6\"><strong>N\u00e1jdete v nej viacer\u00e9 atrakcie, ktor\u00e9 zabavia va\u0161e ratolesti a bud\u00fa rozdelen\u00e9 na dve stanovi\u0161tia. Jedno sa bude nach\u00e1dza\u0165 nad schodiskom po vstupe od z\u00e1padnej trib\u00fany a druh\u00e9 pri detsk\u00fdch sektoroch. A pr\u00e1ve tu v\u00e1s bude \u010daka\u0165 aj prekvapenie v podobe malej autogrami\u00e1dy trojice \u010derveno-\u010d\u00edrnych hr\u00e1\u010dov. <\/strong><\/p>\n\n\n\n<p class=\"has-text-align-center has-black-color has-luminous-vivid-amber-background-color has-text-color has-background has-link-color has-medium-font-size wp-elements-bca2b6f9e45518558c239d7966d05bfb\"><strong>TE\u0160IA SA NA V\u00c1S<\/strong><\/p>\n\n\n\n<p class=\"has-text-align-center has-black-color has-luminous-vivid-amber-background-color has-text-color has-background has-link-color has-medium-font-size wp-elements-67f1ec21c969f6fadf36a97ed29a209f\"><strong>Martin Bukata &#8211; Luk\u00e1\u0161 \u0160tetina &#8211; Filip Twardzik<\/strong><\/p>\n\n\n<div class=\"wp-block-image\">\n<figure class=\"aligncenter size-large\"><img loading=\"lazy\" decoding=\"async\" width=\"819\" height=\"1024\" src=\"https:\/\/fcspartaktrnava.com\/wp-content\/uploads\/2024\/08\/GrafikaNew-48-819x1024.png\" alt=\"\" class=\"wp-image-21935\" srcset=\"https:\/\/fcspartaktrnava.com\/wp-content\/uploads\/2024\/08\/GrafikaNew-48-819x1024.png 819w, https:\/\/fcspartaktrnava.com\/wp-content\/uploads\/2024\/08\/GrafikaNew-48-240x300.png 240w, https:\/\/fcspartaktrnava.com\/wp-content\/uploads\/2024\/08\/GrafikaNew-48-768x960.png 768w, https:\/\/fcspartaktrnava.com\/wp-content\/uploads\/2024\/08\/GrafikaNew-48-10x12.png 10w, https:\/\/fcspartaktrnava.com\/wp-content\/uploads\/2024\/08\/GrafikaNew-48.png 1200w\" sizes=\"auto, (max-width: 819px) 100vw, 819px\" \/><\/figure>\n<\/div>\n\n\n<hr class=\"wp-block-separator has-text-color has-vivid-red-color has-alpha-channel-opacity has-vivid-red-background-color has-background is-style-dots\"\/>\n\n\n\n<p class=\"has-text-align-center has-medium-font-size\"><\/p>\n\n\n\n<h2 class=\"wp-block-heading has-text-align-center\"><strong>PIVO ZA EURO <\/strong><\/h2>\n\n\n\n<p class=\"has-text-align-center has-medium-font-size\">Pre dospel\u00fdch sme si pripravili \u0161peci\u00e1lnu akciu na zlatist\u00fd mok. <\/p>\n\n\n\n<p class=\"has-text-align-center has-medium-font-size\">Ob\u013e\u00faben\u00e9 pivo od n\u00e1\u0161ho partnera KALTENECKER si vychutn\u00e1te vo vybran\u00fdch bufetoch po\u010das prvej hodiny od otvorenia br\u00e1n \u0161tadi\u00f3na len za jedin\u00e9 <strong>EURO. <\/strong><\/p>\n\n\n\n<p class=\"has-text-align-center has-medium-font-size\"><strong>Akcia potrv\u00e1 od 16:00 do 17:00 preto pr\u00ed\u010fte na \u0161tadi\u00f3n ur\u010dite sk\u00f4r. <\/strong><\/p>\n\n\n<div class=\"wp-block-image\">\n<figure class=\"aligncenter size-large\"><img loading=\"lazy\" decoding=\"async\" width=\"819\" height=\"1024\" src=\"https:\/\/fcspartaktrnava.com\/wp-content\/uploads\/2024\/08\/GrafikaNew-49-819x1024.png\" alt=\"\" class=\"wp-image-21937\" srcset=\"https:\/\/fcspartaktrnava.com\/wp-content\/uploads\/2024\/08\/GrafikaNew-49-819x1024.png 819w, https:\/\/fcspartaktrnava.com\/wp-content\/uploads\/2024\/08\/GrafikaNew-49-240x300.png 240w, https:\/\/fcspartaktrnava.com\/wp-content\/uploads\/2024\/08\/GrafikaNew-49-768x960.png 768w, https:\/\/fcspartaktrnava.com\/wp-content\/uploads\/2024\/08\/GrafikaNew-49-10x12.png 10w, https:\/\/fcspartaktrnava.com\/wp-content\/uploads\/2024\/08\/GrafikaNew-49.png 1200w\" sizes=\"auto, (max-width: 819px) 100vw, 819px\" \/><\/figure>\n<\/div>\n\n\n<hr class=\"wp-block-separator has-alpha-channel-opacity\"\/>\n\n\n\n<h2 class=\"wp-block-heading has-text-align-center\">ODMENA PRE NAJVERNEJ\u0160\u00cdCH<\/h2>\n\n\n\n<p class=\"has-text-align-center has-medium-font-size\">Ani v nede\u013eu nebude ch\u00fdba\u0165 \u017erebovanie ceny pre dr\u017eite\u013eov permanentiek. Va\u0161u vernos\u0165 si v\u00e1\u017eime a tentokr\u00e1t odmen\u00edme jedn\u00e9ho alebo jednu z v\u00e1s cenou od partnera duelu Aquapark Trnava. <\/p>\n\n\n\n<p class=\"has-text-align-center has-white-color has-vivid-red-background-color has-text-color has-background has-link-color has-medium-font-size wp-elements-554a01d7038f78c872eaad8b405529a3\"><strong>Z\u00edska\u0165 m\u00f4\u017eete 5 rodinn\u00fdch vstupov a u\u017ei\u0165 si pr\u00edjemn\u00fd relax s va\u0161imi najbli\u017e\u0161\u00edmi. <\/strong><\/p>\n\n\n<div class=\"wp-block-image\">\n<figure class=\"aligncenter size-large\"><img loading=\"lazy\" decoding=\"async\" width=\"819\" height=\"1024\" src=\"https:\/\/fcspartaktrnava.com\/wp-content\/uploads\/2024\/08\/GrafikaNew-47-819x1024.png\" alt=\"\" class=\"wp-image-21938\" srcset=\"https:\/\/fcspartaktrnava.com\/wp-content\/uploads\/2024\/08\/GrafikaNew-47-819x1024.png 819w, https:\/\/fcspartaktrnava.com\/wp-content\/uploads\/2024\/08\/GrafikaNew-47-240x300.png 240w, https:\/\/fcspartaktrnava.com\/wp-content\/uploads\/2024\/08\/GrafikaNew-47-768x960.png 768w, https:\/\/fcspartaktrnava.com\/wp-content\/uploads\/2024\/08\/GrafikaNew-47-10x12.png 10w, https:\/\/fcspartaktrnava.com\/wp-content\/uploads\/2024\/08\/GrafikaNew-47.png 1200w\" sizes=\"auto, (max-width: 819px) 100vw, 819px\" \/><\/figure>\n<\/div>\n\n\n<hr class=\"wp-block-separator has-alpha-channel-opacity\"\/>\n\n\n\n<p class=\"has-text-align-center has-medium-font-size\"><strong>A pripraven\u00e9 m\u00e1me e\u0161te jedno \u0161peci\u00e1lne prekvapenie. Exkluz\u00edvny a limitovan\u00fd merch<\/strong>.<\/p>\n\n\n\n<p class=\"has-text-align-center has-medium-font-size\"><strong>Origin\u00e1lne tri\u010dko s epickou fotkou Michala \u010euri\u0161a.<\/strong><\/p>\n\n\n<div class=\"wp-block-image\">\n<figure class=\"aligncenter size-large\"><img loading=\"lazy\" decoding=\"async\" width=\"819\" height=\"1024\" src=\"https:\/\/fcspartaktrnava.com\/wp-content\/uploads\/2024\/08\/image_123650291-15-819x1024.jpg\" alt=\"\" class=\"wp-image-21998\" srcset=\"https:\/\/fcspartaktrnava.com\/wp-content\/uploads\/2024\/08\/image_123650291-15-819x1024.jpg 819w, https:\/\/fcspartaktrnava.com\/wp-content\/uploads\/2024\/08\/image_123650291-15-240x300.jpg 240w, https:\/\/fcspartaktrnava.com\/wp-content\/uploads\/2024\/08\/image_123650291-15-768x960.jpg 768w, https:\/\/fcspartaktrnava.com\/wp-content\/uploads\/2024\/08\/image_123650291-15-10x12.jpg 10w, https:\/\/fcspartaktrnava.com\/wp-content\/uploads\/2024\/08\/image_123650291-15.jpg 1200w\" sizes=\"auto, (max-width: 819px) 100vw, 819px\" \/><\/figure>\n<\/div>\n\n\n<p class=\"has-text-align-center has-medium-font-size\"><strong>\u010cLENOVIA RODZINY<\/strong> si m\u00f4\u017eu tri\u010dko exkluz\u00edvne objedna\u0165 ako prv\u00ed (alebo rezervova\u0165) u\u017e teraz cez mail \ud835\uddf3\ud835\uddf0\ud835\ude00\ud835\ude01\ud835\uddfc\ud835\uddff\ud835\uddf2@\ud835\uddf3\ud835\uddf0\ud835\ude00\ud835\uddfd\ud835\uddee\ud835\uddff\ud835\ude01\ud835\uddee\ud835\uddf8\ud835\ude01\ud835\uddff\ud835\uddfb\ud835\uddee\ud835\ude03\ud835\uddee.\ud835\uddf0\ud835\uddfc\ud835\uddfa a uplatni\u0165 si svoju garantovan\u00fa celosez\u00f3nnu z\u013eavu pod\u013ea typu \u010dlenstva. <\/p>\n\n\n\n<p class=\"has-text-align-center has-medium-font-size\"><strong>V\u0160ETCI FAN\u00da\u0160IKOVIA <\/strong>si toto tri\u010dko m\u00f4\u017eu zak\u00fapi\u0165 v\u00fdlu\u010dne V NEDE\u013dU pred ligov\u00fdm z\u00e1pasom v na\u0161om trnavskom fanshope FC STORE<\/p>\n\n\n\n<p class=\"has-text-align-center has-medium-font-size\"><em>PO\u010cET TRI\u010cIEK je limitovan\u00fd, nenechajte si ich ujs\u0165. Cena tohto \u0161peci\u00e1lneho tri\u010dka je 20,-EUR. Grafick\u00fd n\u00e1h\u013ead tohto tri\u010dka sa m\u00f4\u017ee s re\u00e1lnym tri\u010dkom v mal\u00fdch detailoch l\u00ed\u0161i\u0165.<\/em><\/p>\n\n\n\n<hr class=\"wp-block-separator has-alpha-channel-opacity\"\/>\n\n\n\n<p class=\"has-text-align-center has-medium-font-size\"><strong>STRETNEME SA NA \u0160TADI\u00d3NE. Pr\u00ed\u010fte \u010do najsk\u00f4r, nech v\u00e1m ni\u010d neujde. Te\u0161\u00edme sa na v\u00e1s.<\/strong><\/p>\n\n\n\n<p class=\"has-text-align-center has-large-font-size\"><strong>TO MY SME SPARTAK!<\/strong><\/p>","protected":false},"excerpt":{"rendered":"<p>Po v\u00fdhre v Skalici pokra\u010dujeme plynule \u010falej a&#8230;<\/p>","protected":false},"author":5,"featured_media":21283,"comment_status":"closed","ping_status":"closed","sticky":false,"template":"","format":"standard","meta":{"footnotes":""},"categories":[12,20],"tags":[],"class_list":["post-21934","post","type-post","status-publish","format-standard","has-post-thumbnail","hentry","category-spravy","category-zapas","post-number-1"],"yoast_head":"<!-- This site is optimized with the Yoast SEO plugin v27.1.1 - https:\/\/yoast.com\/product\/yoast-seo-wordpress\/ -->\n<title>STRETNEME SA NA \u0160TADI\u00d3NE. U\u017e v nede\u013eu - FC Spartak Trnava<\/title>\n<meta name=\"robots\" content=\"index, follow, max-snippet:-1, max-image-preview:large, max-video-preview:-1\" \/>\n<link rel=\"canonical\" href=\"https:\/\/fcspartaktrnava.com\/en\/stretneme-sa-na-stadione-uz-v-nedelu\/\" \/>\n<meta name=\"twitter:label1\" content=\"Written by\" \/>\n\t<meta name=\"twitter:data1\" content=\"Samuel \u010eurinsk\u00fd\" \/>\n\t<meta name=\"twitter:label2\" content=\"Estimated reading time\" \/>\n\t<meta name=\"twitter:data2\" content=\"4 minutes\" \/>\n<script type=\"application\/ld+json\" class=\"yoast-schema-graph\">{\"@context\":\"https:\/\/schema.org\",\"@graph\":[{\"@type\":\"Article\",\"@id\":\"https:\/\/fcspartaktrnava.com\/stretneme-sa-na-stadione-uz-v-nedelu\/#article\",\"isPartOf\":{\"@id\":\"https:\/\/fcspartaktrnava.com\/stretneme-sa-na-stadione-uz-v-nedelu\/\"},\"author\":{\"name\":\"Samuel \u010eurinsk\u00fd\",\"@id\":\"https:\/\/fcspartaktrnava.com\/#\/schema\/person\/62c3c2562c3c56e4c0c8c2342c596ac0\"},\"headline\":\"STRETNEME SA NA \u0160TADI\u00d3NE. U\u017e v nede\u013eu\",\"datePublished\":\"2024-08-28T13:16:01+00:00\",\"dateModified\":\"2024-08-28T13:16:34+00:00\",\"mainEntityOfPage\":{\"@id\":\"https:\/\/fcspartaktrnava.com\/stretneme-sa-na-stadione-uz-v-nedelu\/\"},\"wordCount\":456,\"publisher\":{\"@id\":\"https:\/\/fcspartaktrnava.com\/#organization\"},\"image\":{\"@id\":\"https:\/\/fcspartaktrnava.com\/stretneme-sa-na-stadione-uz-v-nedelu\/#primaryimage\"},\"thumbnailUrl\":\"https:\/\/fcspartaktrnava.com\/wp-content\/uploads\/2024\/08\/DSC_9021.jpg\",\"articleSection\":[\"Spr\u00e1vy\",\"Z\u00e1pas\"],\"inLanguage\":\"en-GB\"},{\"@type\":\"WebPage\",\"@id\":\"https:\/\/fcspartaktrnava.com\/stretneme-sa-na-stadione-uz-v-nedelu\/\",\"url\":\"https:\/\/fcspartaktrnava.com\/stretneme-sa-na-stadione-uz-v-nedelu\/\",\"name\":\"STRETNEME SA NA \u0160TADI\u00d3NE. U\u017e v nede\u013eu - FC Spartak Trnava\",\"isPartOf\":{\"@id\":\"https:\/\/fcspartaktrnava.com\/#website\"},\"primaryImageOfPage\":{\"@id\":\"https:\/\/fcspartaktrnava.com\/stretneme-sa-na-stadione-uz-v-nedelu\/#primaryimage\"},\"image\":{\"@id\":\"https:\/\/fcspartaktrnava.com\/stretneme-sa-na-stadione-uz-v-nedelu\/#primaryimage\"},\"thumbnailUrl\":\"https:\/\/fcspartaktrnava.com\/wp-content\/uploads\/2024\/08\/DSC_9021.jpg\",\"datePublished\":\"2024-08-28T13:16:01+00:00\",\"dateModified\":\"2024-08-28T13:16:34+00:00\",\"breadcrumb\":{\"@id\":\"https:\/\/fcspartaktrnava.com\/stretneme-sa-na-stadione-uz-v-nedelu\/#breadcrumb\"},\"inLanguage\":\"en-GB\",\"potentialAction\":[{\"@type\":\"ReadAction\",\"target\":[\"https:\/\/fcspartaktrnava.com\/stretneme-sa-na-stadione-uz-v-nedelu\/\"]}]},{\"@type\":\"ImageObject\",\"inLanguage\":\"en-GB\",\"@id\":\"https:\/\/fcspartaktrnava.com\/stretneme-sa-na-stadione-uz-v-nedelu\/#primaryimage\",\"url\":\"https:\/\/fcspartaktrnava.com\/wp-content\/uploads\/2024\/08\/DSC_9021.jpg\",\"contentUrl\":\"https:\/\/fcspartaktrnava.com\/wp-content\/uploads\/2024\/08\/DSC_9021.jpg\",\"width\":1520,\"height\":1011},{\"@type\":\"BreadcrumbList\",\"@id\":\"https:\/\/fcspartaktrnava.com\/stretneme-sa-na-stadione-uz-v-nedelu\/#breadcrumb\",\"itemListElement\":[{\"@type\":\"ListItem\",\"position\":1,\"name\":\"Home\",\"item\":\"https:\/\/fcspartaktrnava.com\/\"},{\"@type\":\"ListItem\",\"position\":2,\"name\":\"STRETNEME SA NA \u0160TADI\u00d3NE. U\u017e v nede\u013eu\"}]},{\"@type\":\"WebSite\",\"@id\":\"https:\/\/fcspartaktrnava.com\/#website\",\"url\":\"https:\/\/fcspartaktrnava.com\/\",\"name\":\"FC Spartak Trnava\",\"description\":\"ofici\u00e1lna webstr\u00e1nka futbalov\u00e9ho klubu\",\"publisher\":{\"@id\":\"https:\/\/fcspartaktrnava.com\/#organization\"},\"potentialAction\":[{\"@type\":\"SearchAction\",\"target\":{\"@type\":\"EntryPoint\",\"urlTemplate\":\"https:\/\/fcspartaktrnava.com\/?s={search_term_string}\"},\"query-input\":{\"@type\":\"PropertyValueSpecification\",\"valueRequired\":true,\"valueName\":\"search_term_string\"}}],\"inLanguage\":\"en-GB\"},{\"@type\":\"Organization\",\"@id\":\"https:\/\/fcspartaktrnava.com\/#organization\",\"name\":\"FC Spartak Trnava\",\"alternateName\":\"Spartak\",\"url\":\"https:\/\/fcspartaktrnava.com\/\",\"logo\":{\"@type\":\"ImageObject\",\"inLanguage\":\"en-GB\",\"@id\":\"https:\/\/fcspartaktrnava.com\/#\/schema\/logo\/image\/\",\"url\":\"https:\/\/fcspartaktrnava.com\/wp-content\/uploads\/2022\/08\/cropped-site_logo.png\",\"contentUrl\":\"https:\/\/fcspartaktrnava.com\/wp-content\/uploads\/2022\/08\/cropped-site_logo.png\",\"width\":140,\"height\":140,\"caption\":\"FC Spartak Trnava\"},\"image\":{\"@id\":\"https:\/\/fcspartaktrnava.com\/#\/schema\/logo\/image\/\"},\"sameAs\":[\"https:\/\/www.facebook.com\/SpartakTrnava\",\"https:\/\/x.com\/SpartakTrnava1\",\"https:\/\/www.instagram.com\/spartak_sk\/\"]},{\"@type\":\"Person\",\"@id\":\"https:\/\/fcspartaktrnava.com\/#\/schema\/person\/62c3c2562c3c56e4c0c8c2342c596ac0\",\"name\":\"Samuel \u010eurinsk\u00fd\",\"image\":{\"@type\":\"ImageObject\",\"inLanguage\":\"en-GB\",\"@id\":\"https:\/\/fcspartaktrnava.com\/#\/schema\/person\/image\/\",\"url\":\"https:\/\/secure.gravatar.com\/avatar\/af2fa02af92418b86ed742470664fe40056833fb68d84becf03f6ab02319257c?s=96&d=mm&r=g\",\"contentUrl\":\"https:\/\/secure.gravatar.com\/avatar\/af2fa02af92418b86ed742470664fe40056833fb68d84becf03f6ab02319257c?s=96&d=mm&r=g\",\"caption\":\"Samuel \u010eurinsk\u00fd\"},\"url\":\"https:\/\/fcspartaktrnava.com\/en\/author\/fcst-samuel\/\"}]}<\/script>\n<!-- \/ Yoast SEO plugin. -->","yoast_head_json":{"title":"STRETNEME SA NA \u0160TADI\u00d3NE. U\u017e v nede\u013eu - FC Spartak Trnava","robots":{"index":"index","follow":"follow","max-snippet":"max-snippet:-1","max-image-preview":"max-image-preview:large","max-video-preview":"max-video-preview:-1"},"canonical":"https:\/\/fcspartaktrnava.com\/en\/stretneme-sa-na-stadione-uz-v-nedelu\/","twitter_misc":{"Written by":"Samuel \u010eurinsk\u00fd","Estimated reading time":"4 minutes"},"schema":{"@context":"https:\/\/schema.org","@graph":[{"@type":"Article","@id":"https:\/\/fcspartaktrnava.com\/stretneme-sa-na-stadione-uz-v-nedelu\/#article","isPartOf":{"@id":"https:\/\/fcspartaktrnava.com\/stretneme-sa-na-stadione-uz-v-nedelu\/"},"author":{"name":"Samuel \u010eurinsk\u00fd","@id":"https:\/\/fcspartaktrnava.com\/#\/schema\/person\/62c3c2562c3c56e4c0c8c2342c596ac0"},"headline":"STRETNEME SA NA \u0160TADI\u00d3NE. U\u017e v nede\u013eu","datePublished":"2024-08-28T13:16:01+00:00","dateModified":"2024-08-28T13:16:34+00:00","mainEntityOfPage":{"@id":"https:\/\/fcspartaktrnava.com\/stretneme-sa-na-stadione-uz-v-nedelu\/"},"wordCount":456,"publisher":{"@id":"https:\/\/fcspartaktrnava.com\/#organization"},"image":{"@id":"https:\/\/fcspartaktrnava.com\/stretneme-sa-na-stadione-uz-v-nedelu\/#primaryimage"},"thumbnailUrl":"https:\/\/fcspartaktrnava.com\/wp-content\/uploads\/2024\/08\/DSC_9021.jpg","articleSection":["Spr\u00e1vy","Z\u00e1pas"],"inLanguage":"en-GB"},{"@type":"WebPage","@id":"https:\/\/fcspartaktrnava.com\/stretneme-sa-na-stadione-uz-v-nedelu\/","url":"https:\/\/fcspartaktrnava.com\/stretneme-sa-na-stadione-uz-v-nedelu\/","name":"STRETNEME SA NA \u0160TADI\u00d3NE. U\u017e v nede\u013eu - FC Spartak Trnava","isPartOf":{"@id":"https:\/\/fcspartaktrnava.com\/#website"},"primaryImageOfPage":{"@id":"https:\/\/fcspartaktrnava.com\/stretneme-sa-na-stadione-uz-v-nedelu\/#primaryimage"},"image":{"@id":"https:\/\/fcspartaktrnava.com\/stretneme-sa-na-stadione-uz-v-nedelu\/#primaryimage"},"thumbnailUrl":"https:\/\/fcspartaktrnava.com\/wp-content\/uploads\/2024\/08\/DSC_9021.jpg","datePublished":"2024-08-28T13:16:01+00:00","dateModified":"2024-08-28T13:16:34+00:00","breadcrumb":{"@id":"https:\/\/fcspartaktrnava.com\/stretneme-sa-na-stadione-uz-v-nedelu\/#breadcrumb"},"inLanguage":"en-GB","potentialAction":[{"@type":"ReadAction","target":["https:\/\/fcspartaktrnava.com\/stretneme-sa-na-stadione-uz-v-nedelu\/"]}]},{"@type":"ImageObject","inLanguage":"en-GB","@id":"https:\/\/fcspartaktrnava.com\/stretneme-sa-na-stadione-uz-v-nedelu\/#primaryimage","url":"https:\/\/fcspartaktrnava.com\/wp-content\/uploads\/2024\/08\/DSC_9021.jpg","contentUrl":"https:\/\/fcspartaktrnava.com\/wp-content\/uploads\/2024\/08\/DSC_9021.jpg","width":1520,"height":1011},{"@type":"BreadcrumbList","@id":"https:\/\/fcspartaktrnava.com\/stretneme-sa-na-stadione-uz-v-nedelu\/#breadcrumb","itemListElement":[{"@type":"ListItem","position":1,"name":"Home","item":"https:\/\/fcspartaktrnava.com\/"},{"@type":"ListItem","position":2,"name":"STRETNEME SA NA \u0160TADI\u00d3NE. U\u017e v nede\u013eu"}]},{"@type":"WebSite","@id":"https:\/\/fcspartaktrnava.com\/#website","url":"https:\/\/fcspartaktrnava.com\/","name":"FC Spartak Trnava","description":"ofici\u00e1lna webstr\u00e1nka futbalov\u00e9ho klubu","publisher":{"@id":"https:\/\/fcspartaktrnava.com\/#organization"},"potentialAction":[{"@type":"SearchAction","target":{"@type":"EntryPoint","urlTemplate":"https:\/\/fcspartaktrnava.com\/?s={search_term_string}"},"query-input":{"@type":"PropertyValueSpecification","valueRequired":true,"valueName":"search_term_string"}}],"inLanguage":"en-GB"},{"@type":"Organization","@id":"https:\/\/fcspartaktrnava.com\/#organization","name":"FC Spartak Trnava","alternateName":"Spartak","url":"https:\/\/fcspartaktrnava.com\/","logo":{"@type":"ImageObject","inLanguage":"en-GB","@id":"https:\/\/fcspartaktrnava.com\/#\/schema\/logo\/image\/","url":"https:\/\/fcspartaktrnava.com\/wp-content\/uploads\/2022\/08\/cropped-site_logo.png","contentUrl":"https:\/\/fcspartaktrnava.com\/wp-content\/uploads\/2022\/08\/cropped-site_logo.png","width":140,"height":140,"caption":"FC Spartak Trnava"},"image":{"@id":"https:\/\/fcspartaktrnava.com\/#\/schema\/logo\/image\/"},"sameAs":["https:\/\/www.facebook.com\/SpartakTrnava","https:\/\/x.com\/SpartakTrnava1","https:\/\/www.instagram.com\/spartak_sk\/"]},{"@type":"Person","@id":"https:\/\/fcspartaktrnava.com\/#\/schema\/person\/62c3c2562c3c56e4c0c8c2342c596ac0","name":"Samuel \u010eurinsk\u00fd","image":{"@type":"ImageObject","inLanguage":"en-GB","@id":"https:\/\/fcspartaktrnava.com\/#\/schema\/person\/image\/","url":"https:\/\/secure.gravatar.com\/avatar\/af2fa02af92418b86ed742470664fe40056833fb68d84becf03f6ab02319257c?s=96&d=mm&r=g","contentUrl":"https:\/\/secure.gravatar.com\/avatar\/af2fa02af92418b86ed742470664fe40056833fb68d84becf03f6ab02319257c?s=96&d=mm&r=g","caption":"Samuel \u010eurinsk\u00fd"},"url":"https:\/\/fcspartaktrnava.com\/en\/author\/fcst-samuel\/"}]}},"_links":{"self":[{"href":"https:\/\/fcspartaktrnava.com\/en\/wp-json\/wp\/v2\/posts\/21934","targetHints":{"allow":["GET"]}}],"collection":[{"href":"https:\/\/fcspartaktrnava.com\/en\/wp-json\/wp\/v2\/posts"}],"about":[{"href":"https:\/\/fcspartaktrnava.com\/en\/wp-json\/wp\/v2\/types\/post"}],"author":[{"embeddable":true,"href":"https:\/\/fcspartaktrnava.com\/en\/wp-json\/wp\/v2\/users\/5"}],"replies":[{"embeddable":true,"href":"https:\/\/fcspartaktrnava.com\/en\/wp-json\/wp\/v2\/comments?post=21934"}],"version-history":[{"count":0,"href":"https:\/\/fcspartaktrnava.com\/en\/wp-json\/wp\/v2\/posts\/21934\/revisions"}],"wp:featuredmedia":[{"embeddable":true,"href":"https:\/\/fcspartaktrnava.com\/en\/wp-json\/wp\/v2\/media\/21283"}],"wp:attachment":[{"href":"https:\/\/fcspartaktrnava.com\/en\/wp-json\/wp\/v2\/media?parent=21934"}],"wp:term":[{"taxonomy":"category","embeddable":true,"href":"https:\/\/fcspartaktrnava.com\/en\/wp-json\/wp\/v2\/categories?post=21934"},{"taxonomy":"post_tag","embeddable":true,"href":"https:\/\/fcspartaktrnava.com\/en\/wp-json\/wp\/v2\/tags?post=21934"}],"curies":[{"name":"wp","href":"https:\/\/api.w.org\/{rel}","templated":true}]}}