{"id":21336,"date":"2024-08-20T16:43:04","date_gmt":"2024-08-20T14:43:04","guid":{"rendered":"https:\/\/fcspartaktrnava.com\/?p=21336"},"modified":"2024-08-20T16:51:10","modified_gmt":"2024-08-20T14:51:10","slug":"vychova-mladych-brankarov-aj-s-podporou-kkeepers","status":"publish","type":"post","link":"https:\/\/fcspartaktrnava.com\/en\/vychova-mladych-brankarov-aj-s-podporou-kkeepers\/","title":{"rendered":"V\u00fdchova mlad\u00fdch brank\u00e1rov aj s podporou KKeepers"},"content":{"rendered":"<p class=\"has-text-align-center has-medium-font-size\">Na v\u00fdchove a rozvoji mlad\u00fdch a talentovan\u00fdch brank\u00e1rov n\u00e1m v Spartaku ve\u013emi z\u00e1le\u017e\u00ed a preto sme sa rozhodli zorganizova\u0165 prv\u00fd brank\u00e1rsky kemp &#8211; otvoren\u00fd tr\u00e9ning pod veden\u00edm sk\u00fasen\u00fdch tr\u00e9nerov a brank\u00e1rskych osobnost\u00ed n\u00e1\u0161ho klubu.<\/p>\n\n\n\n<p class=\"has-text-align-center has-medium-font-size\">Na programe je u\u017e bud\u00faci pondelok <strong>26. augusta od 16:00 do 18:30<\/strong> a ve\u013emi n\u00e1s te\u0161\u00ed, \u017ee kapacita je naplnen\u00e1 a \u010dak\u00e1 n\u00e1s kr\u00e1sne popoludnie pln\u00e9 poriadnej zabera\u010dky ale aj prekvapen\u00ed pre \u00fa\u010dastn\u00edkov. <\/p>\n\n\n<div class=\"wp-block-image\">\n<figure class=\"aligncenter size-large\"><img loading=\"lazy\" decoding=\"async\" width=\"1024\" height=\"682\" src=\"https:\/\/fcspartaktrnava.com\/wp-content\/uploads\/2024\/08\/DSC_8625-1024x682.jpg\" alt=\"\" class=\"wp-image-21230\" srcset=\"https:\/\/fcspartaktrnava.com\/wp-content\/uploads\/2024\/08\/DSC_8625-1024x682.jpg 1024w, https:\/\/fcspartaktrnava.com\/wp-content\/uploads\/2024\/08\/DSC_8625-300x200.jpg 300w, https:\/\/fcspartaktrnava.com\/wp-content\/uploads\/2024\/08\/DSC_8625-768x512.jpg 768w, https:\/\/fcspartaktrnava.com\/wp-content\/uploads\/2024\/08\/DSC_8625-18x12.jpg 18w, https:\/\/fcspartaktrnava.com\/wp-content\/uploads\/2024\/08\/DSC_8625.jpg 1520w\" sizes=\"auto, (max-width: 1024px) 100vw, 1024px\" \/><\/figure>\n<\/div>\n\n\n<h2 class=\"wp-block-heading has-text-align-center\">Online vzdel\u00e1vacia platforma pre tr\u00e9nerov brank\u00e1rov <\/h2>\n\n\n\n<p class=\"has-text-align-center has-medium-font-size\">V na\u0161om klube neust\u00e1le pracujeme na zlep\u0161en\u00ed podmienok pre hr\u00e1\u010dov, brank\u00e1rov ale aj tr\u00e9nerov. Jednou z noviniek, ktor\u00fa sme zaviedli je online vzdel\u00e1vacia platforma s n\u00e1zvom <strong>Goalkeeping Pro Hub<\/strong>, ur\u010den\u00e1 pre tr\u00e9nerov brank\u00e1rov Spartaka. <\/p>\n\n\n\n<p class=\"has-text-align-center has-medium-font-size\">Ide o datab\u00e1zu r\u00f4znych cvi\u010den\u00ed, ktor\u00fa vyu\u017e\u00edvaj\u00fa viacer\u00e9 futbalov\u00e9 kluby v Eur\u00f3pe ale aj vo svete, napr. v D\u00e1nsku, Turecku, Po\u013esku alebo v izraelskom Maccabi Tel Aviv. <\/p>\n\n\n\n<p class=\"has-text-align-center has-medium-font-size\">Viac n\u00e1m o samotnej platforme ale aj spolupr\u00e1ci s na\u0161im klubom prezradil Karol Komara &#8211; tvorca cel\u00e9ho vzdel\u00e1vacieho konceptu pre tr\u00e9nerov a brank\u00e1rov a rovnako aj autor jedine\u010dn\u00fdch brank\u00e1rskych rukav\u00edc s logom KK. <\/p>\n\n\n<div class=\"wp-block-image\">\n<figure class=\"aligncenter size-large is-resized\"><img loading=\"lazy\" decoding=\"async\" width=\"1024\" height=\"1024\" src=\"https:\/\/fcspartaktrnava.com\/wp-content\/uploads\/2024\/08\/shadow-1024x1024.png\" alt=\"\" class=\"wp-image-21337\" style=\"width:662px;height:auto\" srcset=\"https:\/\/fcspartaktrnava.com\/wp-content\/uploads\/2024\/08\/shadow-1024x1024.png 1024w, https:\/\/fcspartaktrnava.com\/wp-content\/uploads\/2024\/08\/shadow-300x300.png 300w, https:\/\/fcspartaktrnava.com\/wp-content\/uploads\/2024\/08\/shadow-150x150.png 150w, https:\/\/fcspartaktrnava.com\/wp-content\/uploads\/2024\/08\/shadow-768x768.png 768w, https:\/\/fcspartaktrnava.com\/wp-content\/uploads\/2024\/08\/shadow-12x12.png 12w, https:\/\/fcspartaktrnava.com\/wp-content\/uploads\/2024\/08\/shadow.png 1080w\" sizes=\"auto, (max-width: 1024px) 100vw, 1024px\" \/><\/figure>\n<\/div>\n\n\n<hr class=\"wp-block-separator has-alpha-channel-opacity\"\/>\n\n\n\n<p class=\"has-text-align-center has-white-color has-black-background-color has-text-color has-background has-link-color has-medium-font-size wp-elements-806404e6126756345ff3dce0eefb83d9\"><strong>Viac inform\u00e1ci\u00ed o platforme aj jednotliv\u00e9 produkty n\u00e1jdete na webe: <a href=\"https:\/\/2keepers.com\/sk\/\">https:\/\/2keepers.com\/sk\/<\/a><\/strong><\/p>\n\n\n\n<hr class=\"wp-block-separator has-alpha-channel-opacity\"\/>\n\n\n\n<p class=\"has-text-align-center has-medium-font-size\">&#8222;<strong>Na\u0161a online platforma sl\u00fa\u017ei rovnako pre brank\u00e1rov, ktor\u00ed chc\u00fa na sebe pracova\u0165 ale aj pre tr\u00e9nerov, ktor\u00ed im pom\u00e1haj\u00fa na ich ceste k progresu. Prid\u00e1vame tam cvi\u010denia, ktor\u00fdch obsah sme nadobudli na konferenci\u00e1ch a semin\u00e1roch tr\u00e9nerov brank\u00e1rov na celom svete. Spolupr\u00e1cu sme u\u017e nadviazali s tr\u00e9nermi z r\u00f4znych najvy\u0161\u0161\u00edch s\u00fa\u0165a\u017e\u00ed a v\u0161etci tam bud\u00fa zdie\u013ea\u0165 svoje know-how.<\/strong> <strong>Tr\u00e9nerom brank\u00e1rov v Spartaku sme vytvorili pr\u00edstupov\u00e9 \u00fa\u010dty k platforme a sme ve\u013emi radi, \u017ee m\u00f4\u017eeme spolupracova\u0165 s jedn\u00fdm z najlep\u0161\u00edch futbalov\u00fdch klubov na Slovensku. Z\u00e1rove\u0148 ver\u00edme, \u017ee na\u0161a platforma pom\u00f4\u017ee k rozvoju mlad\u00fdch brank\u00e1rov v klube a motivuje k pr\u00e1ci \u010fal\u0161\u00edch tr\u00e9nerov ale aj samotn\u00fdch brank\u00e1rov.&#8220;<\/strong><\/p>\n\n\n\n<p class=\"has-text-align-center has-black-color has-white-background-color has-text-color has-background has-link-color has-medium-font-size wp-elements-fbb9b62e16c7d32e68c086e681070731\"><strong>A v \u010dom je t\u00e1to vzdel\u00e1vacia platforma jedine\u010dn\u00e1? <\/strong><\/p>\n\n\n\n<p class=\"has-text-align-center has-medium-font-size\">Pokra\u010duje Karol Komara.<\/p>\n\n\n\n<p class=\"has-text-align-center has-medium-font-size\"><strong>&#8222;N\u00e1\u0161 koncept je jedine\u010dn\u00fd v tom, \u017ee tr\u00e9neri si medzi sebou vymie\u0148aj\u00fa svoje znalosti a vz\u00e1jomne prep\u00e1jame tr\u00e9nerov z r\u00f4znych futbalov\u00fdch klubov. Z pohodlia domova tak vedia z\u00edska\u0165 inform\u00e1cie, za ktor\u00fdmi by inokedy museli cestova\u0165 na r\u00f4zne konferencie a semin\u00e1re po celom svete. Spartak z toho bude \u0165a\u017ei\u0165 pri v\u00fdchove mlad\u00fdch brank\u00e1rov.&#8220;<\/strong><\/p>\n\n\n<div class=\"wp-block-image\">\n<figure class=\"aligncenter size-large\"><img loading=\"lazy\" decoding=\"async\" width=\"1024\" height=\"681\" src=\"https:\/\/fcspartaktrnava.com\/wp-content\/uploads\/2024\/08\/image_123650291-10-1024x681.jpg\" alt=\"\" class=\"wp-image-21338\" srcset=\"https:\/\/fcspartaktrnava.com\/wp-content\/uploads\/2024\/08\/image_123650291-10-1024x681.jpg 1024w, https:\/\/fcspartaktrnava.com\/wp-content\/uploads\/2024\/08\/image_123650291-10-300x200.jpg 300w, https:\/\/fcspartaktrnava.com\/wp-content\/uploads\/2024\/08\/image_123650291-10-768x511.jpg 768w, https:\/\/fcspartaktrnava.com\/wp-content\/uploads\/2024\/08\/image_123650291-10-1536x1022.jpg 1536w, https:\/\/fcspartaktrnava.com\/wp-content\/uploads\/2024\/08\/image_123650291-10-2048x1363.jpg 2048w, https:\/\/fcspartaktrnava.com\/wp-content\/uploads\/2024\/08\/image_123650291-10-18x12.jpg 18w\" sizes=\"auto, (max-width: 1024px) 100vw, 1024px\" \/><\/figure>\n<\/div>\n\n\n<h2 class=\"wp-block-heading has-text-align-center\">D\u00f4raz na kvalitu, materi\u00e1l a originalitu rukav\u00edc<\/h2>\n\n\n\n<p class=\"has-text-align-center has-medium-font-size\">Karol Komara je b\u00fdval\u00fd brank\u00e1r a preto mu na kvalite vzdel\u00e1vania brank\u00e1rov ale aj samotn\u00fdch brank\u00e1rskych rukav\u00edc ve\u013emi z\u00e1le\u017e\u00ed. <\/p>\n\n\n\n<p class=\"has-text-align-center has-medium-font-size\"><strong>&#8222;V minulosti som p\u00f4sobil ako brank\u00e1r a nesk\u00f4r ako tr\u00e9ner. V\u0161etky rukavice musia prejs\u0165 pred ich v\u00fdrobou vstupn\u00fdm testom. Pokia\u013e sa mi na nich nie\u010do nep\u00e1\u010di alebo je na nich nie\u010do nepohodln\u00e9, neprejd\u00fa na\u0161ou a mojou kontrolou. Rukavice vyr\u00e1bame tak, ako keby sme ich vyr\u00e1bali pre seba.<\/strong> <strong>Prisp\u00f4sobujeme tomu ich strih, kvalitu materi\u00e1lov a v\u0161etko, \u010do musia sp\u013a\u0148a\u0165 \u0161pi\u010dkov\u00e9 brank\u00e1rske rukavice. Z\u00e1rove\u0148 sa prezentujeme ako zna\u010dka s najlepkavej\u0161\u00edm gripom (penou) na rukaviciach.&#8220;<\/strong><\/p>\n\n\n\n<p class=\"has-text-align-center has-black-color has-white-background-color has-text-color has-background has-link-color has-medium-font-size wp-elements-5643ca2abdc0cd1e07662b8a99e33064\"><strong>Kvalita za dostupn\u00e9 ceny<\/strong><\/p>\n\n\n\n<p class=\"has-text-align-center has-medium-font-size\"><strong>&#8222;Rukavice sme za\u010dali vyr\u00e1ba\u0165 po tom, ke\u010f mi na tr\u00e9ningy chodili brank\u00e1ri v nekvalitn\u00fdch rukaviciach drah\u00fdch zna\u010diek, \u010do im br\u00e1nilo vykon\u00e1va\u0165 dan\u00e9 cvi\u010denia v po\u017eadovanej kvalite. Chcel som im da\u0165 mo\u017enos\u0165 chyta\u0165 v profesion\u00e1lnych rukaviciach za dostupnej\u0161ie ceny a tejto my\u0161lienky sa st\u00e1le dr\u017e\u00edm. Postupne sme za\u010dali vyr\u00e1ba\u0165 rukavice aj pre \u0161irok\u00fa brank\u00e1rsku verejnos\u0165.&#8220;<\/strong><\/p>\n\n\n\n<hr class=\"wp-block-separator has-text-color has-vivid-red-color has-alpha-channel-opacity has-vivid-red-background-color has-background is-style-dots\"\/>\n\n\n\n<p class=\"has-text-align-center has-white-color has-vivid-red-background-color has-text-color has-background has-link-color has-medium-font-size wp-elements-daa87c8107e97848df5c0457ed6f3bad\"><strong>U\u017e \u010doskoro bud\u00fa v predaji aj origin\u00e1lne brank\u00e1rske rukavice s logom FC Spartak Trnava, ktor\u00e9 si budete m\u00f4c\u0165 zak\u00fapi\u0165 v na\u0161om FANSHOPE alebo cez e-mailov\u00fa adresu fcstore@fcspartaktrnava.com<\/strong><\/p>\n\n\n\n<p class=\"has-text-align-center has-white-color has-vivid-red-background-color has-text-color has-background has-link-color has-medium-font-size wp-elements-8683aa3174ee608ccd2940e14eafff5d\"><strong>Tak n\u00e1s sledujte, nech v\u00e1m ni\u010d neujde. <\/strong><\/p>\n\n\n\n<p class=\"has-text-align-center has-medium-font-size\"><\/p>","protected":false},"excerpt":{"rendered":"<p>Na v\u00fdchove a rozvoji mlad\u00fdch a talentovan\u00fdch brank\u00e1rov&#8230;<\/p>","protected":false},"author":5,"featured_media":21340,"comment_status":"closed","ping_status":"closed","sticky":false,"template":"","format":"standard","meta":{"footnotes":""},"categories":[41],"tags":[],"class_list":["post-21336","post","type-post","status-publish","format-standard","has-post-thumbnail","hentry","category-intervju","post-number-1"],"yoast_head":"<!-- This site is optimized with the Yoast SEO plugin v27.1.1 - https:\/\/yoast.com\/product\/yoast-seo-wordpress\/ -->\n<title>V\u00fdchova mlad\u00fdch brank\u00e1rov aj s podporou KKeepers - FC Spartak Trnava<\/title>\n<meta name=\"robots\" content=\"index, follow, max-snippet:-1, max-image-preview:large, max-video-preview:-1\" \/>\n<link rel=\"canonical\" href=\"https:\/\/fcspartaktrnava.com\/en\/vychova-mladych-brankarov-aj-s-podporou-kkeepers\/\" \/>\n<meta name=\"twitter:label1\" content=\"Written by\" \/>\n\t<meta name=\"twitter:data1\" content=\"Samuel \u010eurinsk\u00fd\" \/>\n\t<meta name=\"twitter:label2\" content=\"Estimated reading time\" \/>\n\t<meta name=\"twitter:data2\" content=\"4 minutes\" \/>\n<script type=\"application\/ld+json\" class=\"yoast-schema-graph\">{\"@context\":\"https:\/\/schema.org\",\"@graph\":[{\"@type\":\"Article\",\"@id\":\"https:\/\/fcspartaktrnava.com\/vychova-mladych-brankarov-aj-s-podporou-kkeepers\/#article\",\"isPartOf\":{\"@id\":\"https:\/\/fcspartaktrnava.com\/vychova-mladych-brankarov-aj-s-podporou-kkeepers\/\"},\"author\":{\"name\":\"Samuel \u010eurinsk\u00fd\",\"@id\":\"https:\/\/fcspartaktrnava.com\/#\/schema\/person\/62c3c2562c3c56e4c0c8c2342c596ac0\"},\"headline\":\"V\u00fdchova mlad\u00fdch brank\u00e1rov aj s podporou KKeepers\",\"datePublished\":\"2024-08-20T14:43:04+00:00\",\"dateModified\":\"2024-08-20T14:51:10+00:00\",\"mainEntityOfPage\":{\"@id\":\"https:\/\/fcspartaktrnava.com\/vychova-mladych-brankarov-aj-s-podporou-kkeepers\/\"},\"wordCount\":723,\"publisher\":{\"@id\":\"https:\/\/fcspartaktrnava.com\/#organization\"},\"image\":{\"@id\":\"https:\/\/fcspartaktrnava.com\/vychova-mladych-brankarov-aj-s-podporou-kkeepers\/#primaryimage\"},\"thumbnailUrl\":\"https:\/\/fcspartaktrnava.com\/wp-content\/uploads\/2024\/08\/image_123650291-9-scaled.jpg\",\"articleSection\":[\"Rozhovory\"],\"inLanguage\":\"en-GB\"},{\"@type\":\"WebPage\",\"@id\":\"https:\/\/fcspartaktrnava.com\/vychova-mladych-brankarov-aj-s-podporou-kkeepers\/\",\"url\":\"https:\/\/fcspartaktrnava.com\/vychova-mladych-brankarov-aj-s-podporou-kkeepers\/\",\"name\":\"V\u00fdchova mlad\u00fdch brank\u00e1rov aj s podporou KKeepers - FC Spartak Trnava\",\"isPartOf\":{\"@id\":\"https:\/\/fcspartaktrnava.com\/#website\"},\"primaryImageOfPage\":{\"@id\":\"https:\/\/fcspartaktrnava.com\/vychova-mladych-brankarov-aj-s-podporou-kkeepers\/#primaryimage\"},\"image\":{\"@id\":\"https:\/\/fcspartaktrnava.com\/vychova-mladych-brankarov-aj-s-podporou-kkeepers\/#primaryimage\"},\"thumbnailUrl\":\"https:\/\/fcspartaktrnava.com\/wp-content\/uploads\/2024\/08\/image_123650291-9-scaled.jpg\",\"datePublished\":\"2024-08-20T14:43:04+00:00\",\"dateModified\":\"2024-08-20T14:51:10+00:00\",\"breadcrumb\":{\"@id\":\"https:\/\/fcspartaktrnava.com\/vychova-mladych-brankarov-aj-s-podporou-kkeepers\/#breadcrumb\"},\"inLanguage\":\"en-GB\",\"potentialAction\":[{\"@type\":\"ReadAction\",\"target\":[\"https:\/\/fcspartaktrnava.com\/vychova-mladych-brankarov-aj-s-podporou-kkeepers\/\"]}]},{\"@type\":\"ImageObject\",\"inLanguage\":\"en-GB\",\"@id\":\"https:\/\/fcspartaktrnava.com\/vychova-mladych-brankarov-aj-s-podporou-kkeepers\/#primaryimage\",\"url\":\"https:\/\/fcspartaktrnava.com\/wp-content\/uploads\/2024\/08\/image_123650291-9-scaled.jpg\",\"contentUrl\":\"https:\/\/fcspartaktrnava.com\/wp-content\/uploads\/2024\/08\/image_123650291-9-scaled.jpg\",\"width\":2560,\"height\":1703},{\"@type\":\"BreadcrumbList\",\"@id\":\"https:\/\/fcspartaktrnava.com\/vychova-mladych-brankarov-aj-s-podporou-kkeepers\/#breadcrumb\",\"itemListElement\":[{\"@type\":\"ListItem\",\"position\":1,\"name\":\"Home\",\"item\":\"https:\/\/fcspartaktrnava.com\/\"},{\"@type\":\"ListItem\",\"position\":2,\"name\":\"V\u00fdchova mlad\u00fdch brank\u00e1rov aj s podporou KKeepers\"}]},{\"@type\":\"WebSite\",\"@id\":\"https:\/\/fcspartaktrnava.com\/#website\",\"url\":\"https:\/\/fcspartaktrnava.com\/\",\"name\":\"FC Spartak Trnava\",\"description\":\"ofici\u00e1lna webstr\u00e1nka futbalov\u00e9ho klubu\",\"publisher\":{\"@id\":\"https:\/\/fcspartaktrnava.com\/#organization\"},\"potentialAction\":[{\"@type\":\"SearchAction\",\"target\":{\"@type\":\"EntryPoint\",\"urlTemplate\":\"https:\/\/fcspartaktrnava.com\/?s={search_term_string}\"},\"query-input\":{\"@type\":\"PropertyValueSpecification\",\"valueRequired\":true,\"valueName\":\"search_term_string\"}}],\"inLanguage\":\"en-GB\"},{\"@type\":\"Organization\",\"@id\":\"https:\/\/fcspartaktrnava.com\/#organization\",\"name\":\"FC Spartak Trnava\",\"alternateName\":\"Spartak\",\"url\":\"https:\/\/fcspartaktrnava.com\/\",\"logo\":{\"@type\":\"ImageObject\",\"inLanguage\":\"en-GB\",\"@id\":\"https:\/\/fcspartaktrnava.com\/#\/schema\/logo\/image\/\",\"url\":\"https:\/\/fcspartaktrnava.com\/wp-content\/uploads\/2022\/08\/cropped-site_logo.png\",\"contentUrl\":\"https:\/\/fcspartaktrnava.com\/wp-content\/uploads\/2022\/08\/cropped-site_logo.png\",\"width\":140,\"height\":140,\"caption\":\"FC Spartak Trnava\"},\"image\":{\"@id\":\"https:\/\/fcspartaktrnava.com\/#\/schema\/logo\/image\/\"},\"sameAs\":[\"https:\/\/www.facebook.com\/SpartakTrnava\",\"https:\/\/x.com\/SpartakTrnava1\",\"https:\/\/www.instagram.com\/spartak_sk\/\"]},{\"@type\":\"Person\",\"@id\":\"https:\/\/fcspartaktrnava.com\/#\/schema\/person\/62c3c2562c3c56e4c0c8c2342c596ac0\",\"name\":\"Samuel \u010eurinsk\u00fd\",\"image\":{\"@type\":\"ImageObject\",\"inLanguage\":\"en-GB\",\"@id\":\"https:\/\/fcspartaktrnava.com\/#\/schema\/person\/image\/\",\"url\":\"https:\/\/secure.gravatar.com\/avatar\/af2fa02af92418b86ed742470664fe40056833fb68d84becf03f6ab02319257c?s=96&d=mm&r=g\",\"contentUrl\":\"https:\/\/secure.gravatar.com\/avatar\/af2fa02af92418b86ed742470664fe40056833fb68d84becf03f6ab02319257c?s=96&d=mm&r=g\",\"caption\":\"Samuel \u010eurinsk\u00fd\"},\"url\":\"https:\/\/fcspartaktrnava.com\/en\/author\/fcst-samuel\/\"}]}<\/script>\n<!-- \/ Yoast SEO plugin. -->","yoast_head_json":{"title":"V\u00fdchova mlad\u00fdch brank\u00e1rov aj s podporou KKeepers - FC Spartak Trnava","robots":{"index":"index","follow":"follow","max-snippet":"max-snippet:-1","max-image-preview":"max-image-preview:large","max-video-preview":"max-video-preview:-1"},"canonical":"https:\/\/fcspartaktrnava.com\/en\/vychova-mladych-brankarov-aj-s-podporou-kkeepers\/","twitter_misc":{"Written by":"Samuel \u010eurinsk\u00fd","Estimated reading time":"4 minutes"},"schema":{"@context":"https:\/\/schema.org","@graph":[{"@type":"Article","@id":"https:\/\/fcspartaktrnava.com\/vychova-mladych-brankarov-aj-s-podporou-kkeepers\/#article","isPartOf":{"@id":"https:\/\/fcspartaktrnava.com\/vychova-mladych-brankarov-aj-s-podporou-kkeepers\/"},"author":{"name":"Samuel \u010eurinsk\u00fd","@id":"https:\/\/fcspartaktrnava.com\/#\/schema\/person\/62c3c2562c3c56e4c0c8c2342c596ac0"},"headline":"V\u00fdchova mlad\u00fdch brank\u00e1rov aj s podporou KKeepers","datePublished":"2024-08-20T14:43:04+00:00","dateModified":"2024-08-20T14:51:10+00:00","mainEntityOfPage":{"@id":"https:\/\/fcspartaktrnava.com\/vychova-mladych-brankarov-aj-s-podporou-kkeepers\/"},"wordCount":723,"publisher":{"@id":"https:\/\/fcspartaktrnava.com\/#organization"},"image":{"@id":"https:\/\/fcspartaktrnava.com\/vychova-mladych-brankarov-aj-s-podporou-kkeepers\/#primaryimage"},"thumbnailUrl":"https:\/\/fcspartaktrnava.com\/wp-content\/uploads\/2024\/08\/image_123650291-9-scaled.jpg","articleSection":["Rozhovory"],"inLanguage":"en-GB"},{"@type":"WebPage","@id":"https:\/\/fcspartaktrnava.com\/vychova-mladych-brankarov-aj-s-podporou-kkeepers\/","url":"https:\/\/fcspartaktrnava.com\/vychova-mladych-brankarov-aj-s-podporou-kkeepers\/","name":"V\u00fdchova mlad\u00fdch brank\u00e1rov aj s podporou KKeepers - FC Spartak Trnava","isPartOf":{"@id":"https:\/\/fcspartaktrnava.com\/#website"},"primaryImageOfPage":{"@id":"https:\/\/fcspartaktrnava.com\/vychova-mladych-brankarov-aj-s-podporou-kkeepers\/#primaryimage"},"image":{"@id":"https:\/\/fcspartaktrnava.com\/vychova-mladych-brankarov-aj-s-podporou-kkeepers\/#primaryimage"},"thumbnailUrl":"https:\/\/fcspartaktrnava.com\/wp-content\/uploads\/2024\/08\/image_123650291-9-scaled.jpg","datePublished":"2024-08-20T14:43:04+00:00","dateModified":"2024-08-20T14:51:10+00:00","breadcrumb":{"@id":"https:\/\/fcspartaktrnava.com\/vychova-mladych-brankarov-aj-s-podporou-kkeepers\/#breadcrumb"},"inLanguage":"en-GB","potentialAction":[{"@type":"ReadAction","target":["https:\/\/fcspartaktrnava.com\/vychova-mladych-brankarov-aj-s-podporou-kkeepers\/"]}]},{"@type":"ImageObject","inLanguage":"en-GB","@id":"https:\/\/fcspartaktrnava.com\/vychova-mladych-brankarov-aj-s-podporou-kkeepers\/#primaryimage","url":"https:\/\/fcspartaktrnava.com\/wp-content\/uploads\/2024\/08\/image_123650291-9-scaled.jpg","contentUrl":"https:\/\/fcspartaktrnava.com\/wp-content\/uploads\/2024\/08\/image_123650291-9-scaled.jpg","width":2560,"height":1703},{"@type":"BreadcrumbList","@id":"https:\/\/fcspartaktrnava.com\/vychova-mladych-brankarov-aj-s-podporou-kkeepers\/#breadcrumb","itemListElement":[{"@type":"ListItem","position":1,"name":"Home","item":"https:\/\/fcspartaktrnava.com\/"},{"@type":"ListItem","position":2,"name":"V\u00fdchova mlad\u00fdch brank\u00e1rov aj s podporou KKeepers"}]},{"@type":"WebSite","@id":"https:\/\/fcspartaktrnava.com\/#website","url":"https:\/\/fcspartaktrnava.com\/","name":"FC Spartak Trnava","description":"ofici\u00e1lna webstr\u00e1nka futbalov\u00e9ho klubu","publisher":{"@id":"https:\/\/fcspartaktrnava.com\/#organization"},"potentialAction":[{"@type":"SearchAction","target":{"@type":"EntryPoint","urlTemplate":"https:\/\/fcspartaktrnava.com\/?s={search_term_string}"},"query-input":{"@type":"PropertyValueSpecification","valueRequired":true,"valueName":"search_term_string"}}],"inLanguage":"en-GB"},{"@type":"Organization","@id":"https:\/\/fcspartaktrnava.com\/#organization","name":"FC Spartak Trnava","alternateName":"Spartak","url":"https:\/\/fcspartaktrnava.com\/","logo":{"@type":"ImageObject","inLanguage":"en-GB","@id":"https:\/\/fcspartaktrnava.com\/#\/schema\/logo\/image\/","url":"https:\/\/fcspartaktrnava.com\/wp-content\/uploads\/2022\/08\/cropped-site_logo.png","contentUrl":"https:\/\/fcspartaktrnava.com\/wp-content\/uploads\/2022\/08\/cropped-site_logo.png","width":140,"height":140,"caption":"FC Spartak Trnava"},"image":{"@id":"https:\/\/fcspartaktrnava.com\/#\/schema\/logo\/image\/"},"sameAs":["https:\/\/www.facebook.com\/SpartakTrnava","https:\/\/x.com\/SpartakTrnava1","https:\/\/www.instagram.com\/spartak_sk\/"]},{"@type":"Person","@id":"https:\/\/fcspartaktrnava.com\/#\/schema\/person\/62c3c2562c3c56e4c0c8c2342c596ac0","name":"Samuel \u010eurinsk\u00fd","image":{"@type":"ImageObject","inLanguage":"en-GB","@id":"https:\/\/fcspartaktrnava.com\/#\/schema\/person\/image\/","url":"https:\/\/secure.gravatar.com\/avatar\/af2fa02af92418b86ed742470664fe40056833fb68d84becf03f6ab02319257c?s=96&d=mm&r=g","contentUrl":"https:\/\/secure.gravatar.com\/avatar\/af2fa02af92418b86ed742470664fe40056833fb68d84becf03f6ab02319257c?s=96&d=mm&r=g","caption":"Samuel \u010eurinsk\u00fd"},"url":"https:\/\/fcspartaktrnava.com\/en\/author\/fcst-samuel\/"}]}},"_links":{"self":[{"href":"https:\/\/fcspartaktrnava.com\/en\/wp-json\/wp\/v2\/posts\/21336","targetHints":{"allow":["GET"]}}],"collection":[{"href":"https:\/\/fcspartaktrnava.com\/en\/wp-json\/wp\/v2\/posts"}],"about":[{"href":"https:\/\/fcspartaktrnava.com\/en\/wp-json\/wp\/v2\/types\/post"}],"author":[{"embeddable":true,"href":"https:\/\/fcspartaktrnava.com\/en\/wp-json\/wp\/v2\/users\/5"}],"replies":[{"embeddable":true,"href":"https:\/\/fcspartaktrnava.com\/en\/wp-json\/wp\/v2\/comments?post=21336"}],"version-history":[{"count":0,"href":"https:\/\/fcspartaktrnava.com\/en\/wp-json\/wp\/v2\/posts\/21336\/revisions"}],"wp:featuredmedia":[{"embeddable":true,"href":"https:\/\/fcspartaktrnava.com\/en\/wp-json\/wp\/v2\/media\/21340"}],"wp:attachment":[{"href":"https:\/\/fcspartaktrnava.com\/en\/wp-json\/wp\/v2\/media?parent=21336"}],"wp:term":[{"taxonomy":"category","embeddable":true,"href":"https:\/\/fcspartaktrnava.com\/en\/wp-json\/wp\/v2\/categories?post=21336"},{"taxonomy":"post_tag","embeddable":true,"href":"https:\/\/fcspartaktrnava.com\/en\/wp-json\/wp\/v2\/tags?post=21336"}],"curies":[{"name":"wp","href":"https:\/\/api.w.org\/{rel}","templated":true}]}}