{"id":21189,"date":"2024-08-18T20:48:35","date_gmt":"2024-08-18T18:48:35","guid":{"rendered":"https:\/\/fcspartaktrnava.com\/?p=21189"},"modified":"2024-08-18T23:38:24","modified_gmt":"2024-08-18T21:38:24","slug":"utocna-snaha-proti-ziline-gol-nepriniesla","status":"publish","type":"post","link":"https:\/\/fcspartaktrnava.com\/en\/utocna-snaha-proti-ziline-gol-nepriniesla\/","title":{"rendered":"\u00dato\u010dn\u00e1 snaha proti \u017diline g\u00f3l nepriniesla"},"content":{"rendered":"<p class=\"has-text-align-center has-medium-font-size\">B\u00edli Andel\u00e9 sa u\u017e naplno s\u00fastredia na dom\u00e1cu s\u00fa\u0165a\u017e, ktor\u00e1 pokra\u010dovala v\u00edkendov\u00fdm \u0161tvrt\u00fdm kolom. V hor\u00facom po\u010das\u00ed sme doma priv\u00edtali \u017dilinu, ktor\u00e1 mala pred z\u00e1pasom na konte 4 body. N\u00e1\u0161 t\u00edm potreboval zabra\u0165 naplno a pozit\u00edvne zareagova\u0165 na koniec eur\u00f3pskej cesty.<\/p>\n\n\n\n<p class=\"has-text-align-center has-medium-font-size\"><\/p>\n\n\n\n<p class=\"has-text-align-center has-white-color has-black-background-color has-text-color has-background has-link-color has-medium-font-size wp-elements-4275d106efa7e80abf4bc77fdc2fee3c\"><strong>E\u0161te pred v\u00fdkopom duelu sme ocenili Michala \u010euri\u0161a za jeho rekordn\u00fd po\u010det strelen\u00fdch g\u00f3lov v eur\u00f3pskych s\u00fa\u0165a\u017eiach. \u010euri\u0161 je s 26 presn\u00fdmi z\u00e1sahmi najlep\u0161\u00ed Slov\u00e1k v tejto \u0161tatistike a sme ve\u013emi radi, \u017ee dan\u00fa m\u00e9tu dosiahol pr\u00e1ve v na\u0161om drese. <\/strong><\/p>\n\n\n\n<p class=\"has-text-align-center has-white-color has-black-background-color has-text-color has-background has-link-color has-medium-font-size wp-elements-24205e6c94382d897802dcf62b2ac824\"><strong>MICHAL GRATULUJEME! Nech sa ti dar\u00ed rovnako aj na\u010falej<\/strong>!<\/p>\n\n\n<div class=\"wp-block-image\">\n<figure class=\"aligncenter size-large\"><img loading=\"lazy\" decoding=\"async\" width=\"1024\" height=\"681\" src=\"https:\/\/fcspartaktrnava.com\/wp-content\/uploads\/2024\/08\/duris-foto-1024x681.jpg\" alt=\"\" class=\"wp-image-21191\" srcset=\"https:\/\/fcspartaktrnava.com\/wp-content\/uploads\/2024\/08\/duris-foto-1024x681.jpg 1024w, https:\/\/fcspartaktrnava.com\/wp-content\/uploads\/2024\/08\/duris-foto-300x200.jpg 300w, https:\/\/fcspartaktrnava.com\/wp-content\/uploads\/2024\/08\/duris-foto-768x511.jpg 768w, https:\/\/fcspartaktrnava.com\/wp-content\/uploads\/2024\/08\/duris-foto-1536x1022.jpg 1536w, https:\/\/fcspartaktrnava.com\/wp-content\/uploads\/2024\/08\/duris-foto-2048x1363.jpg 2048w, https:\/\/fcspartaktrnava.com\/wp-content\/uploads\/2024\/08\/duris-foto-18x12.jpg 18w\" sizes=\"auto, (max-width: 1024px) 100vw, 1024px\" \/><\/figure>\n<\/div>\n\n\n<hr class=\"wp-block-separator has-text-color has-vivid-red-color has-alpha-channel-opacity has-vivid-red-background-color has-background\"\/>\n\n\n\n<p class=\"has-text-align-center has-medium-font-size\">Z\u00e1pas ale od\u0161tartoval vo vla\u017enom tempe a ostr\u00e9 slnko predznamen\u00e1valo n\u00e1ro\u010dnos\u0165 duelu pre na\u0161e farby.<\/p>\n\n\n\n<p class=\"has-text-align-center has-medium-font-size\">V 14. min\u00fate musel by\u0165 v pozore Frelih, ke\u010f vytl\u00e1\u010dal pokus Bileho mieriaci pod brvno.<\/p>\n\n\n\n<p class=\"has-text-align-center has-medium-font-size\">Na\u0161i hr\u00e1\u010di sa sna\u017eili kombinova\u0165 na polovici s\u00fapera a prv\u00fd vzruch pred \u017eilinskou br\u00e1nou pri\u0161iel v 19. a 20. min\u00fate po centrovanej lopte Azanga a n\u00e1slednej zblokovanej strele Paura. Inak n\u00e1m \u00favodn\u00fdch 20 min\u00fat ve\u013ea d\u00f4vodov na zv\u00fd\u0161enie tepu nedalo. Futbal sa hral najm\u00e4 medzi \u0161estn\u00e1stkami a ch\u00fdbali momenty, ktor\u00e9 by viedli k ohrozeniu br\u00e1ny na jednej, \u010di druhej strane. Ch\u00fdbal najm\u00e4 moment prekvapenia a streleck\u00e9 pokusy.<\/p>\n\n\n\n<p class=\"has-text-align-center has-medium-font-size\">Min\u00faty postupne ubiehali a v 35. min\u00fate sme videli prv\u00fa \u017elt\u00fa kartu stretnutia na strane host\u00ed. A nesk\u00f4r predviedli hostia pekn\u00fa akciu po \u013eavej strane s nebezpe\u010dn\u00fdm zakon\u010den\u00edm. Nepr\u00edjemn\u00fa situ\u00e1ciu sme ale zvl\u00e1dli. Dymov\u00e1 clona od ULTRAS akosi e\u0161te st\u00e1le zostala na kopa\u010dk\u00e1ch na\u0161ich hr\u00e1\u010dov.<\/p>\n\n\n\n<p class=\"has-text-align-center has-medium-font-size\">V z\u00e1vere pol\u010dasu sme ale mali mo\u017enos\u0165 streli\u0165 \u00favodn\u00fd g\u00f3l, ke\u010f Corrynov rohov\u00fd kop na\u0161iel Hol\u00edka a ten poslal loptu tesne ved\u013ea \u013eavej ty\u010dky. Aj hostia sa sna\u017eili udrie\u0165 ale na\u0161u pozorn\u00fa obranu neprekonali. <\/p>\n\n\n\n<p class=\"has-text-align-center has-medium-font-size\"><strong>Po prvom pol\u010dase tak bol stav 0:0.<\/strong><\/p>\n\n\n\n<h2 class=\"wp-block-heading has-text-align-center\">2. pol\u010das<\/h2>\n\n\n\n<p class=\"has-text-align-center has-medium-font-size\">Dvojn\u00e1sobn\u00e1 zmena v zostave do druhej polovice na na\u0161ej strane. Dole i\u0161li Ahl a Kubista, do hry i\u0161li Zeljkovi\u010d a Daniel.<\/p>\n\n\n\n<p class=\"has-text-align-center has-medium-font-size\">Po 50-tich min\u00fatach hry sme g\u00f3l nevideli a nezmenil to ani priamy kop v podan\u00ed Corryna s nepresn\u00fdm hlavi\u010dkov\u00fdm zakon\u010den\u00edm. <\/p>\n\n\n\n<p class=\"has-text-align-center has-medium-font-size\">56. min\u00fata a \u010fal\u0161\u00ed priamy kop pre n\u00e1s, tentokr\u00e1t z pravej strany. Ani ten ale neohrozil hos\u0165uj\u00faceho brank\u00e1ra. Trib\u00fanou sa nieslo Spartaaaak B\u00edli Andel\u00e9! Energia od fan\u00fa\u0161ikov na trib\u00fanach ale nebola pretaven\u00e1 do zlep\u0161enej hry z na\u0161ej strany. <\/p>\n\n\n\n<p class=\"has-text-align-center has-medium-font-size\">Mikovi\u010d v 60. min\u00fate pekne odcentroval do s\u00faperovej \u0161estn\u00e1stky, nasledoval rohov\u00fd kop a aj pekn\u00e1 strela Azanga, ktor\u00e1 ale mierila ved\u013ea pravej ty\u010dky \u017eilinskej br\u00e1ny. Na druhej strane pohrozili aj hostia a na\u0161a obrana musela by\u0165 v pozore.<\/p>\n\n\n\n<p class=\"has-text-align-center has-medium-font-size\">V 68. min\u00fate tretie striedanie na na\u0161ej strane. Z ihriska i\u0161li Hol\u00edk a Corryn, do hry nabehli Pich a \u010euri\u0161. Snaha o o\u017eivenie \u00fato\u010dnej hry a o strelenie prv\u00e9ho g\u00f3lu v novej sez\u00f3ne Nik\u00e9 ligy.<\/p>\n\n\n\n<p class=\"has-text-align-center has-medium-font-size\">O\u010di div\u00e1kov nepote\u0161ili hr\u00e1\u010di g\u00f3lom ani po 70-tich min\u00fatach.<\/p>\n\n\n\n<p class=\"has-text-align-center has-medium-font-size\"><strong>Ve\u013ek\u00fa \u0161ancu sp\u00e1lil v 72. min\u00fate Pich, ktor\u00fd mal hne\u010f dva pokusy na g\u00f3l. <\/strong><\/p>\n\n\n\n<p class=\"has-text-align-center has-medium-font-size\">Lep\u0161iu f\u00e1zu z\u00e1pasu sme mali po spom\u00ednanom dvojn\u00e1sobnom striedan\u00ed a snaha o prv\u00fd g\u00f3l sa zv\u00e4\u010d\u0161ovala. Pozor sme si ale museli d\u00e1va\u0165 na nepr\u00edjemne \u0161ance a strely \u017diliny po odrazen\u00fdch lopt\u00e1ch.<\/p>\n\n\n\n<p class=\"has-text-align-center has-medium-font-size\">Erik Daniel prenikal v 83. min\u00fate s\u00e1m po pravej strane ale ani on nemieril presne. O min\u00fatu nesk\u00f4r i\u0161iel dole K\u00f3\u0161a a do hry nasko\u010dil Erik Sabo. Erik Daniel bol na\u010falej akt\u00edvny a v 87. min\u00fate vyslal \u010fal\u0161iu strelu na brank\u00e1ra host\u00ed, ktor\u00fd s \u0148ou ale nemal probl\u00e9my. <\/p>\n\n\n\n<p class=\"has-text-align-center has-medium-font-size\">V z\u00e1vere sa na\u0161i hr\u00e1\u010di tla\u010dili do br\u00e1ny v snahe streli\u0165 g\u00f3l. Najv\u00e4\u010d\u0161iu \u0161ancu na presn\u00fd z\u00e1sah mal e\u0161te Michal \u010euri\u0161, ktor\u00fd po prihr\u00e1vke Picha trafil len do ty\u010dky&#8230;Aj tret\u00ed z\u00e1pas v novej sez\u00f3ne pre na\u0161e farby skon\u010dil bezg\u00f3lovou rem\u00edzou. <\/p>\n\n\n\n<p class=\"has-text-align-center has-medium-font-size\">Z\u00e1pas sledovalo 3919 div\u00e1kov. \u010eAKUJEME!<\/p>\n\n\n\n<p><\/p>\n\n\n\n<p class=\"has-text-align-center has-black-color has-white-background-color has-text-color has-background has-link-color has-medium-font-size wp-elements-6309e917c20ca14df877669886ebf1d5\"><strong>NIK\u00c9 LIGA &#8211; 4. KOLO <\/strong><\/p>\n\n\n\n<p class=\"has-text-align-center has-black-color has-white-background-color has-text-color has-background has-link-color has-medium-font-size wp-elements-776971bfed2cb2f2b781b94897819e0e\"><strong>FC SPARTAK TRNAVA VS M\u0160K \u017dILINA<\/strong><\/p>\n\n\n\n<p class=\"has-text-align-center has-white-color has-vivid-red-background-color has-text-color has-background has-link-color has-medium-font-size wp-elements-56bbceee35384a787039a22ce6c9bd47\"><strong>KONE\u010cN\u00dd V\u00ddSLEDOK<\/strong> <strong>0:0<\/strong><\/p>\n\n\n\n<p><\/p>\n\n\n\n<p><\/p>\n\n\n<div class=\"wp-block-image\">\n<figure class=\"aligncenter size-large\"><img loading=\"lazy\" decoding=\"async\" width=\"1024\" height=\"681\" src=\"https:\/\/fcspartaktrnava.com\/wp-content\/uploads\/2024\/08\/DSC_8731-1024x681.jpg\" alt=\"\" class=\"wp-image-21193\" srcset=\"https:\/\/fcspartaktrnava.com\/wp-content\/uploads\/2024\/08\/DSC_8731-1024x681.jpg 1024w, https:\/\/fcspartaktrnava.com\/wp-content\/uploads\/2024\/08\/DSC_8731-300x200.jpg 300w, https:\/\/fcspartaktrnava.com\/wp-content\/uploads\/2024\/08\/DSC_8731-768x511.jpg 768w, https:\/\/fcspartaktrnava.com\/wp-content\/uploads\/2024\/08\/DSC_8731-1536x1022.jpg 1536w, https:\/\/fcspartaktrnava.com\/wp-content\/uploads\/2024\/08\/DSC_8731-2048x1363.jpg 2048w, https:\/\/fcspartaktrnava.com\/wp-content\/uploads\/2024\/08\/DSC_8731-18x12.jpg 18w\" sizes=\"auto, (max-width: 1024px) 100vw, 1024px\" \/><\/figure>\n<\/div>\n\n\n<hr class=\"wp-block-separator has-text-color has-vivid-red-color has-alpha-channel-opacity has-vivid-red-background-color has-background is-style-dots\"\/>\n\n\n\n<p class=\"has-text-align-center has-white-color has-vivid-red-background-color has-text-color has-background has-link-color has-medium-font-size wp-elements-9348a68222781946036d67383aea949b\"><strong>Na z\u00e1pas 4. kola Nik\u00e9 ligy proti M\u0160K \u017dilina sme nast\u00fapili v tejto zostave.<\/strong><\/p>\n\n\n<div class=\"wp-block-image\">\n<figure class=\"aligncenter size-large\"><img loading=\"lazy\" decoding=\"async\" width=\"819\" height=\"1024\" src=\"https:\/\/fcspartaktrnava.com\/wp-content\/uploads\/2024\/08\/image_123650291-8-819x1024.jpg\" alt=\"\" class=\"wp-image-21190\" srcset=\"https:\/\/fcspartaktrnava.com\/wp-content\/uploads\/2024\/08\/image_123650291-8-819x1024.jpg 819w, https:\/\/fcspartaktrnava.com\/wp-content\/uploads\/2024\/08\/image_123650291-8-240x300.jpg 240w, https:\/\/fcspartaktrnava.com\/wp-content\/uploads\/2024\/08\/image_123650291-8-768x960.jpg 768w, https:\/\/fcspartaktrnava.com\/wp-content\/uploads\/2024\/08\/image_123650291-8-10x12.jpg 10w, https:\/\/fcspartaktrnava.com\/wp-content\/uploads\/2024\/08\/image_123650291-8.jpg 1200w\" sizes=\"auto, (max-width: 819px) 100vw, 819px\" \/><\/figure>\n<\/div>","protected":false},"excerpt":{"rendered":"<p>B\u00edli Andel\u00e9 sa u\u017e naplno s\u00fastredia na dom\u00e1cu&#8230;<\/p>","protected":false},"author":5,"featured_media":21192,"comment_status":"closed","ping_status":"closed","sticky":false,"template":"","format":"standard","meta":{"footnotes":""},"categories":[12,20],"tags":[],"class_list":["post-21189","post","type-post","status-publish","format-standard","has-post-thumbnail","hentry","category-spravy","category-zapas","post-number-1"],"yoast_head":"<!-- This site is optimized with the Yoast SEO plugin v27.1.1 - https:\/\/yoast.com\/product\/yoast-seo-wordpress\/ -->\n<title>\u00dato\u010dn\u00e1 snaha proti \u017diline g\u00f3l nepriniesla - FC Spartak Trnava<\/title>\n<meta name=\"robots\" content=\"index, follow, max-snippet:-1, max-image-preview:large, max-video-preview:-1\" \/>\n<link rel=\"canonical\" href=\"https:\/\/fcspartaktrnava.com\/en\/utocna-snaha-proti-ziline-gol-nepriniesla\/\" \/>\n<meta name=\"twitter:label1\" content=\"Written by\" \/>\n\t<meta name=\"twitter:data1\" content=\"Samuel \u010eurinsk\u00fd\" \/>\n\t<meta name=\"twitter:label2\" content=\"Estimated reading time\" \/>\n\t<meta name=\"twitter:data2\" content=\"5 minutes\" \/>\n<script type=\"application\/ld+json\" class=\"yoast-schema-graph\">{\"@context\":\"https:\/\/schema.org\",\"@graph\":[{\"@type\":\"Article\",\"@id\":\"https:\/\/fcspartaktrnava.com\/utocna-snaha-proti-ziline-gol-nepriniesla\/#article\",\"isPartOf\":{\"@id\":\"https:\/\/fcspartaktrnava.com\/utocna-snaha-proti-ziline-gol-nepriniesla\/\"},\"author\":{\"name\":\"Samuel \u010eurinsk\u00fd\",\"@id\":\"https:\/\/fcspartaktrnava.com\/#\/schema\/person\/62c3c2562c3c56e4c0c8c2342c596ac0\"},\"headline\":\"\u00dato\u010dn\u00e1 snaha proti \u017diline g\u00f3l nepriniesla\",\"datePublished\":\"2024-08-18T18:48:35+00:00\",\"dateModified\":\"2024-08-18T21:38:24+00:00\",\"mainEntityOfPage\":{\"@id\":\"https:\/\/fcspartaktrnava.com\/utocna-snaha-proti-ziline-gol-nepriniesla\/\"},\"wordCount\":777,\"publisher\":{\"@id\":\"https:\/\/fcspartaktrnava.com\/#organization\"},\"image\":{\"@id\":\"https:\/\/fcspartaktrnava.com\/utocna-snaha-proti-ziline-gol-nepriniesla\/#primaryimage\"},\"thumbnailUrl\":\"https:\/\/fcspartaktrnava.com\/wp-content\/uploads\/2024\/08\/DSC_8748-scaled.jpg\",\"articleSection\":[\"Spr\u00e1vy\",\"Z\u00e1pas\"],\"inLanguage\":\"en-GB\"},{\"@type\":\"WebPage\",\"@id\":\"https:\/\/fcspartaktrnava.com\/utocna-snaha-proti-ziline-gol-nepriniesla\/\",\"url\":\"https:\/\/fcspartaktrnava.com\/utocna-snaha-proti-ziline-gol-nepriniesla\/\",\"name\":\"\u00dato\u010dn\u00e1 snaha proti \u017diline g\u00f3l nepriniesla - FC Spartak Trnava\",\"isPartOf\":{\"@id\":\"https:\/\/fcspartaktrnava.com\/#website\"},\"primaryImageOfPage\":{\"@id\":\"https:\/\/fcspartaktrnava.com\/utocna-snaha-proti-ziline-gol-nepriniesla\/#primaryimage\"},\"image\":{\"@id\":\"https:\/\/fcspartaktrnava.com\/utocna-snaha-proti-ziline-gol-nepriniesla\/#primaryimage\"},\"thumbnailUrl\":\"https:\/\/fcspartaktrnava.com\/wp-content\/uploads\/2024\/08\/DSC_8748-scaled.jpg\",\"datePublished\":\"2024-08-18T18:48:35+00:00\",\"dateModified\":\"2024-08-18T21:38:24+00:00\",\"breadcrumb\":{\"@id\":\"https:\/\/fcspartaktrnava.com\/utocna-snaha-proti-ziline-gol-nepriniesla\/#breadcrumb\"},\"inLanguage\":\"en-GB\",\"potentialAction\":[{\"@type\":\"ReadAction\",\"target\":[\"https:\/\/fcspartaktrnava.com\/utocna-snaha-proti-ziline-gol-nepriniesla\/\"]}]},{\"@type\":\"ImageObject\",\"inLanguage\":\"en-GB\",\"@id\":\"https:\/\/fcspartaktrnava.com\/utocna-snaha-proti-ziline-gol-nepriniesla\/#primaryimage\",\"url\":\"https:\/\/fcspartaktrnava.com\/wp-content\/uploads\/2024\/08\/DSC_8748-scaled.jpg\",\"contentUrl\":\"https:\/\/fcspartaktrnava.com\/wp-content\/uploads\/2024\/08\/DSC_8748-scaled.jpg\",\"width\":2560,\"height\":1703},{\"@type\":\"BreadcrumbList\",\"@id\":\"https:\/\/fcspartaktrnava.com\/utocna-snaha-proti-ziline-gol-nepriniesla\/#breadcrumb\",\"itemListElement\":[{\"@type\":\"ListItem\",\"position\":1,\"name\":\"Home\",\"item\":\"https:\/\/fcspartaktrnava.com\/\"},{\"@type\":\"ListItem\",\"position\":2,\"name\":\"\u00dato\u010dn\u00e1 snaha proti \u017diline g\u00f3l nepriniesla\"}]},{\"@type\":\"WebSite\",\"@id\":\"https:\/\/fcspartaktrnava.com\/#website\",\"url\":\"https:\/\/fcspartaktrnava.com\/\",\"name\":\"FC Spartak Trnava\",\"description\":\"ofici\u00e1lna webstr\u00e1nka futbalov\u00e9ho klubu\",\"publisher\":{\"@id\":\"https:\/\/fcspartaktrnava.com\/#organization\"},\"potentialAction\":[{\"@type\":\"SearchAction\",\"target\":{\"@type\":\"EntryPoint\",\"urlTemplate\":\"https:\/\/fcspartaktrnava.com\/?s={search_term_string}\"},\"query-input\":{\"@type\":\"PropertyValueSpecification\",\"valueRequired\":true,\"valueName\":\"search_term_string\"}}],\"inLanguage\":\"en-GB\"},{\"@type\":\"Organization\",\"@id\":\"https:\/\/fcspartaktrnava.com\/#organization\",\"name\":\"FC Spartak Trnava\",\"alternateName\":\"Spartak\",\"url\":\"https:\/\/fcspartaktrnava.com\/\",\"logo\":{\"@type\":\"ImageObject\",\"inLanguage\":\"en-GB\",\"@id\":\"https:\/\/fcspartaktrnava.com\/#\/schema\/logo\/image\/\",\"url\":\"https:\/\/fcspartaktrnava.com\/wp-content\/uploads\/2022\/08\/cropped-site_logo.png\",\"contentUrl\":\"https:\/\/fcspartaktrnava.com\/wp-content\/uploads\/2022\/08\/cropped-site_logo.png\",\"width\":140,\"height\":140,\"caption\":\"FC Spartak Trnava\"},\"image\":{\"@id\":\"https:\/\/fcspartaktrnava.com\/#\/schema\/logo\/image\/\"},\"sameAs\":[\"https:\/\/www.facebook.com\/SpartakTrnava\",\"https:\/\/x.com\/SpartakTrnava1\",\"https:\/\/www.instagram.com\/spartak_sk\/\"]},{\"@type\":\"Person\",\"@id\":\"https:\/\/fcspartaktrnava.com\/#\/schema\/person\/62c3c2562c3c56e4c0c8c2342c596ac0\",\"name\":\"Samuel \u010eurinsk\u00fd\",\"image\":{\"@type\":\"ImageObject\",\"inLanguage\":\"en-GB\",\"@id\":\"https:\/\/fcspartaktrnava.com\/#\/schema\/person\/image\/\",\"url\":\"https:\/\/secure.gravatar.com\/avatar\/af2fa02af92418b86ed742470664fe40056833fb68d84becf03f6ab02319257c?s=96&d=mm&r=g\",\"contentUrl\":\"https:\/\/secure.gravatar.com\/avatar\/af2fa02af92418b86ed742470664fe40056833fb68d84becf03f6ab02319257c?s=96&d=mm&r=g\",\"caption\":\"Samuel \u010eurinsk\u00fd\"},\"url\":\"https:\/\/fcspartaktrnava.com\/en\/author\/fcst-samuel\/\"}]}<\/script>\n<!-- \/ Yoast SEO plugin. -->","yoast_head_json":{"title":"\u00dato\u010dn\u00e1 snaha proti \u017diline g\u00f3l nepriniesla - FC Spartak Trnava","robots":{"index":"index","follow":"follow","max-snippet":"max-snippet:-1","max-image-preview":"max-image-preview:large","max-video-preview":"max-video-preview:-1"},"canonical":"https:\/\/fcspartaktrnava.com\/en\/utocna-snaha-proti-ziline-gol-nepriniesla\/","twitter_misc":{"Written by":"Samuel \u010eurinsk\u00fd","Estimated reading time":"5 minutes"},"schema":{"@context":"https:\/\/schema.org","@graph":[{"@type":"Article","@id":"https:\/\/fcspartaktrnava.com\/utocna-snaha-proti-ziline-gol-nepriniesla\/#article","isPartOf":{"@id":"https:\/\/fcspartaktrnava.com\/utocna-snaha-proti-ziline-gol-nepriniesla\/"},"author":{"name":"Samuel \u010eurinsk\u00fd","@id":"https:\/\/fcspartaktrnava.com\/#\/schema\/person\/62c3c2562c3c56e4c0c8c2342c596ac0"},"headline":"\u00dato\u010dn\u00e1 snaha proti \u017diline g\u00f3l nepriniesla","datePublished":"2024-08-18T18:48:35+00:00","dateModified":"2024-08-18T21:38:24+00:00","mainEntityOfPage":{"@id":"https:\/\/fcspartaktrnava.com\/utocna-snaha-proti-ziline-gol-nepriniesla\/"},"wordCount":777,"publisher":{"@id":"https:\/\/fcspartaktrnava.com\/#organization"},"image":{"@id":"https:\/\/fcspartaktrnava.com\/utocna-snaha-proti-ziline-gol-nepriniesla\/#primaryimage"},"thumbnailUrl":"https:\/\/fcspartaktrnava.com\/wp-content\/uploads\/2024\/08\/DSC_8748-scaled.jpg","articleSection":["Spr\u00e1vy","Z\u00e1pas"],"inLanguage":"en-GB"},{"@type":"WebPage","@id":"https:\/\/fcspartaktrnava.com\/utocna-snaha-proti-ziline-gol-nepriniesla\/","url":"https:\/\/fcspartaktrnava.com\/utocna-snaha-proti-ziline-gol-nepriniesla\/","name":"\u00dato\u010dn\u00e1 snaha proti \u017diline g\u00f3l nepriniesla - FC Spartak Trnava","isPartOf":{"@id":"https:\/\/fcspartaktrnava.com\/#website"},"primaryImageOfPage":{"@id":"https:\/\/fcspartaktrnava.com\/utocna-snaha-proti-ziline-gol-nepriniesla\/#primaryimage"},"image":{"@id":"https:\/\/fcspartaktrnava.com\/utocna-snaha-proti-ziline-gol-nepriniesla\/#primaryimage"},"thumbnailUrl":"https:\/\/fcspartaktrnava.com\/wp-content\/uploads\/2024\/08\/DSC_8748-scaled.jpg","datePublished":"2024-08-18T18:48:35+00:00","dateModified":"2024-08-18T21:38:24+00:00","breadcrumb":{"@id":"https:\/\/fcspartaktrnava.com\/utocna-snaha-proti-ziline-gol-nepriniesla\/#breadcrumb"},"inLanguage":"en-GB","potentialAction":[{"@type":"ReadAction","target":["https:\/\/fcspartaktrnava.com\/utocna-snaha-proti-ziline-gol-nepriniesla\/"]}]},{"@type":"ImageObject","inLanguage":"en-GB","@id":"https:\/\/fcspartaktrnava.com\/utocna-snaha-proti-ziline-gol-nepriniesla\/#primaryimage","url":"https:\/\/fcspartaktrnava.com\/wp-content\/uploads\/2024\/08\/DSC_8748-scaled.jpg","contentUrl":"https:\/\/fcspartaktrnava.com\/wp-content\/uploads\/2024\/08\/DSC_8748-scaled.jpg","width":2560,"height":1703},{"@type":"BreadcrumbList","@id":"https:\/\/fcspartaktrnava.com\/utocna-snaha-proti-ziline-gol-nepriniesla\/#breadcrumb","itemListElement":[{"@type":"ListItem","position":1,"name":"Home","item":"https:\/\/fcspartaktrnava.com\/"},{"@type":"ListItem","position":2,"name":"\u00dato\u010dn\u00e1 snaha proti \u017diline g\u00f3l nepriniesla"}]},{"@type":"WebSite","@id":"https:\/\/fcspartaktrnava.com\/#website","url":"https:\/\/fcspartaktrnava.com\/","name":"FC Spartak Trnava","description":"ofici\u00e1lna webstr\u00e1nka futbalov\u00e9ho klubu","publisher":{"@id":"https:\/\/fcspartaktrnava.com\/#organization"},"potentialAction":[{"@type":"SearchAction","target":{"@type":"EntryPoint","urlTemplate":"https:\/\/fcspartaktrnava.com\/?s={search_term_string}"},"query-input":{"@type":"PropertyValueSpecification","valueRequired":true,"valueName":"search_term_string"}}],"inLanguage":"en-GB"},{"@type":"Organization","@id":"https:\/\/fcspartaktrnava.com\/#organization","name":"FC Spartak Trnava","alternateName":"Spartak","url":"https:\/\/fcspartaktrnava.com\/","logo":{"@type":"ImageObject","inLanguage":"en-GB","@id":"https:\/\/fcspartaktrnava.com\/#\/schema\/logo\/image\/","url":"https:\/\/fcspartaktrnava.com\/wp-content\/uploads\/2022\/08\/cropped-site_logo.png","contentUrl":"https:\/\/fcspartaktrnava.com\/wp-content\/uploads\/2022\/08\/cropped-site_logo.png","width":140,"height":140,"caption":"FC Spartak Trnava"},"image":{"@id":"https:\/\/fcspartaktrnava.com\/#\/schema\/logo\/image\/"},"sameAs":["https:\/\/www.facebook.com\/SpartakTrnava","https:\/\/x.com\/SpartakTrnava1","https:\/\/www.instagram.com\/spartak_sk\/"]},{"@type":"Person","@id":"https:\/\/fcspartaktrnava.com\/#\/schema\/person\/62c3c2562c3c56e4c0c8c2342c596ac0","name":"Samuel \u010eurinsk\u00fd","image":{"@type":"ImageObject","inLanguage":"en-GB","@id":"https:\/\/fcspartaktrnava.com\/#\/schema\/person\/image\/","url":"https:\/\/secure.gravatar.com\/avatar\/af2fa02af92418b86ed742470664fe40056833fb68d84becf03f6ab02319257c?s=96&d=mm&r=g","contentUrl":"https:\/\/secure.gravatar.com\/avatar\/af2fa02af92418b86ed742470664fe40056833fb68d84becf03f6ab02319257c?s=96&d=mm&r=g","caption":"Samuel \u010eurinsk\u00fd"},"url":"https:\/\/fcspartaktrnava.com\/en\/author\/fcst-samuel\/"}]}},"_links":{"self":[{"href":"https:\/\/fcspartaktrnava.com\/en\/wp-json\/wp\/v2\/posts\/21189","targetHints":{"allow":["GET"]}}],"collection":[{"href":"https:\/\/fcspartaktrnava.com\/en\/wp-json\/wp\/v2\/posts"}],"about":[{"href":"https:\/\/fcspartaktrnava.com\/en\/wp-json\/wp\/v2\/types\/post"}],"author":[{"embeddable":true,"href":"https:\/\/fcspartaktrnava.com\/en\/wp-json\/wp\/v2\/users\/5"}],"replies":[{"embeddable":true,"href":"https:\/\/fcspartaktrnava.com\/en\/wp-json\/wp\/v2\/comments?post=21189"}],"version-history":[{"count":0,"href":"https:\/\/fcspartaktrnava.com\/en\/wp-json\/wp\/v2\/posts\/21189\/revisions"}],"wp:featuredmedia":[{"embeddable":true,"href":"https:\/\/fcspartaktrnava.com\/en\/wp-json\/wp\/v2\/media\/21192"}],"wp:attachment":[{"href":"https:\/\/fcspartaktrnava.com\/en\/wp-json\/wp\/v2\/media?parent=21189"}],"wp:term":[{"taxonomy":"category","embeddable":true,"href":"https:\/\/fcspartaktrnava.com\/en\/wp-json\/wp\/v2\/categories?post=21189"},{"taxonomy":"post_tag","embeddable":true,"href":"https:\/\/fcspartaktrnava.com\/en\/wp-json\/wp\/v2\/tags?post=21189"}],"curies":[{"name":"wp","href":"https:\/\/api.w.org\/{rel}","templated":true}]}}