{"id":20779,"date":"2024-08-09T13:02:22","date_gmt":"2024-08-09T11:02:22","guid":{"rendered":"https:\/\/fcspartaktrnava.com\/?p=20779"},"modified":"2024-08-09T13:02:46","modified_gmt":"2024-08-09T11:02:46","slug":"zeny-s-ostrym-startom-sezony","status":"publish","type":"post","link":"https:\/\/fcspartaktrnava.com\/en\/zeny-s-ostrym-startom-sezony\/","title":{"rendered":"\u017deny s ostr\u00fdm \u0161tartom sez\u00f3ny proti Tren\u010d\u00ednu"},"content":{"rendered":"<p class=\"has-text-align-center has-medium-font-size\"><strong>U\u017e zajtra od\u0161tartuj\u00fa na\u0161e \u017eeny nov\u00fa sez\u00f3nu. Prv\u00fd duel ich \u010dak\u00e1 od 11:00 v Tren\u010d\u00edne a my sme pred samotn\u00fdm za\u010diatkom nov\u00e9ho ro\u010dn\u00edka vyspovedali tr\u00e9nerku a sk\u00fasen\u00fa obranky\u0148u Vikt\u00f3riu \u010ceriov\u00fa.<\/strong><\/p>\n\n\n\n<p class=\"has-text-align-center has-medium-font-size\">Okrem in\u00e9ho sa dozviete, ak\u00fa mali \u017eeny pr\u00edpravu, ak\u00e9 m\u00e1 Vikt\u00f3ria o\u010dak\u00e1vania od sez\u00f3ny alebo to, ak\u00e9 \u0161peci\u00e1lne momenty a udalosti e\u0161te prinesie bohat\u00fd futbalov\u00fd rok 2024.<\/p>\n\n\n\n<h2 class=\"wp-block-heading has-text-align-center\"><strong>Pr\u00edprava bola kr\u00e1tka ale intenz\u00edvna<\/strong><\/h2>\n\n\n\n<p class=\"has-text-align-center has-medium-font-size\">\u017densk\u00fd A-t\u00edm od\u0161tartoval pr\u00edpravu na nov\u00fd ro\u010dn\u00edk najvy\u0161\u0161ej \u017eenskej s\u00fa\u0165a\u017ee presne v polovici j\u00fala a aj pod\u013ea slov Vikt\u00f3rie \u010ceriovej to bol kr\u00e1tky \u010das na nastavenie v\u0161etk\u00fdch potrebn\u00fdch procesov a zladenie pomyseln\u00e9ho orchestra.<\/p>\n\n\n\n<p class=\"has-text-align-center has-medium-font-size\"><strong>&#8222;Za\u010diatok pr\u00edpravy bol 15. j\u00fala a mali sme ve\u013emi kr\u00e1tky \u010das na to, aby sme sa zozn\u00e1mili, predstavili si koncepciu hry a v\u0161etko zladili tak, aby sme boli v sez\u00f3ne \u00faspe\u0161n\u00e9. Po\u010das t\u00fd\u017ed\u0148a sme tr\u00e9novali 5x, pri\u010dom ka\u017ed\u00fd tr\u00e9ning mal in\u00e9 zameranie.&#8220;<\/strong><\/p>\n\n\n\n<p class=\"has-text-align-center has-medium-font-size\">Na\u0161e \u017eeny absolvovali aj tri pr\u00edpravn\u00e9 z\u00e1pasy. <\/p>\n\n\n\n<p class=\"has-text-align-center has-medium-font-size\"><strong>&#8222;Odohrali sme tri n\u00e1ro\u010dn\u00e9 z\u00e1pasy. Dvakr\u00e1t sme sa predstavili proti ma\u010farsk\u00fdm t\u00edmom, s ktor\u00fdmi sme prehrali a v gener\u00e1lke sme sa stretli s nov\u00e1\u010dikom ligy KFC Kom\u00e1rno a zv\u00ed\u0165azili sme 4:1. Pr\u00edprava bola ve\u013emi r\u00fdchla, dynamick\u00e1, veci sme rie\u0161ili za pochodu, ale pevne ver\u00edm, \u017ee v sobotu odohr\u00e1me z\u00e1pas pod\u013ea na\u0161ich predst\u00e1v a domov privezieme tri body.&#8220;<\/strong><\/p>\n\n\n<div class=\"wp-block-image\">\n<figure class=\"aligncenter size-large\"><img loading=\"lazy\" decoding=\"async\" width=\"1024\" height=\"681\" src=\"https:\/\/fcspartaktrnava.com\/wp-content\/uploads\/2024\/08\/DSC_2004-1024x681.jpg\" alt=\"\" class=\"wp-image-20780\" srcset=\"https:\/\/fcspartaktrnava.com\/wp-content\/uploads\/2024\/08\/DSC_2004-1024x681.jpg 1024w, https:\/\/fcspartaktrnava.com\/wp-content\/uploads\/2024\/08\/DSC_2004-300x200.jpg 300w, https:\/\/fcspartaktrnava.com\/wp-content\/uploads\/2024\/08\/DSC_2004-768x511.jpg 768w, https:\/\/fcspartaktrnava.com\/wp-content\/uploads\/2024\/08\/DSC_2004-1536x1022.jpg 1536w, https:\/\/fcspartaktrnava.com\/wp-content\/uploads\/2024\/08\/DSC_2004-2048x1363.jpg 2048w, https:\/\/fcspartaktrnava.com\/wp-content\/uploads\/2024\/08\/DSC_2004-18x12.jpg 18w\" sizes=\"auto, (max-width: 1024px) 100vw, 1024px\" \/><\/figure>\n<\/div>\n\n\n<hr class=\"wp-block-separator has-text-color has-vivid-red-color has-alpha-channel-opacity has-vivid-red-background-color has-background is-style-dots\"\/>\n\n\n\n<h2 class=\"wp-block-heading has-text-align-center\">Po\u010das leta pracovali aj na posil\u00e1ch<\/h2>\n\n\n\n<p class=\"has-text-align-center has-medium-font-size\">Letn\u00e1 prest\u00e1vka na\u0161ich \u017eien patrila aj obmene a doplneniu k\u00e1dra a niektor\u00e9 z nich doladil t\u00edm a\u017e v poslednom t\u00fd\u017edni pred ostr\u00fdm \u0161tartom v Tren\u010d\u00edne. <\/p>\n\n\n\n<p class=\"has-text-align-center has-medium-font-size\"><strong>&#8222;Po\u010das letnej prest\u00e1vky sme taktie\u017e pracovali na posil\u00e1ch, ktor\u00e9 sme doladili e\u0161te tento posledn\u00fd t\u00fd\u017ede\u0148. Pri\u0161li k n\u00e1m hr\u00e1\u010dky z juniorky &#8211; Kri\u0161tofiakov\u00e1, Pola\u010dkov\u00e1, Eckerov\u00e1, \u010falej n\u00e1s doplnila Ga\u0161par\u00edkov\u00e1 zo Slovana Bratislava, Zsid\u00f3o z DAC a vr\u00e1tila sa sp\u00e4\u0165 k futbalu Hor\u0148\u00e1\u010dkov\u00e1 a Bederkov\u00e1. N\u00e1\u0161 k\u00e1der je pomerne mlad\u00fd, ale podarilo sa n\u00e1m ho doplni\u0165 sk\u00fasenej\u0161\u00edmi hra\u010dkami, ktor\u00e9 u\u017e v Spartaku p\u00f4sobili a prich\u00e1dzaj\u00fa k n\u00e1m z Pe\u010denad &#8211; Vajdov\u00e1, Koflanovi\u010dov\u00e1, Vargov\u00e1.&#8220; <\/strong><\/p>\n\n\n<div class=\"wp-block-image\">\n<figure class=\"aligncenter size-large\"><img loading=\"lazy\" decoding=\"async\" width=\"1024\" height=\"683\" src=\"https:\/\/fcspartaktrnava.com\/wp-content\/uploads\/2024\/08\/DSC_2039-1024x683.jpg\" alt=\"\" class=\"wp-image-20781\" srcset=\"https:\/\/fcspartaktrnava.com\/wp-content\/uploads\/2024\/08\/DSC_2039-1024x683.jpg 1024w, https:\/\/fcspartaktrnava.com\/wp-content\/uploads\/2024\/08\/DSC_2039-300x200.jpg 300w, https:\/\/fcspartaktrnava.com\/wp-content\/uploads\/2024\/08\/DSC_2039-768x512.jpg 768w, https:\/\/fcspartaktrnava.com\/wp-content\/uploads\/2024\/08\/DSC_2039-1536x1024.jpg 1536w, https:\/\/fcspartaktrnava.com\/wp-content\/uploads\/2024\/08\/DSC_2039-2048x1365.jpg 2048w, https:\/\/fcspartaktrnava.com\/wp-content\/uploads\/2024\/08\/DSC_2039-18x12.jpg 18w\" sizes=\"auto, (max-width: 1024px) 100vw, 1024px\" \/><\/figure>\n<\/div>\n\n\n<hr class=\"wp-block-separator has-text-color has-vivid-red-color has-alpha-channel-opacity has-vivid-red-background-color has-background\"\/>\n\n\n\n<h2 class=\"wp-block-heading has-text-align-center\"><strong>A ak\u00e1 bude pod\u013ea Vikt\u00f3rie \u010ceriovej nadch\u00e1dzaj\u00faca sez\u00f3na? <\/strong><\/h2>\n\n\n\n<p class=\"has-text-align-center has-medium-font-size\"><strong>&#8222;Sez\u00f3na bude bude dlh\u00e1 a n\u00e1ro\u010dn\u00e1, ale ver\u00edm, \u017ee n\u00e1s bud\u00fa obch\u00e1dza\u0165 zranenia, a t\u00fdm p\u00e1dom budeme schopn\u00e9 si \u00eds\u0165 za cie\u013emi, ktor\u00e9 sme rozdelili do viacer\u00fdch \u010diastkov\u00fdch. Jedn\u00fdm z nich je postup v Slovenskom poh\u00e1ri a \u010fal\u0161\u00ed je postup do nadstavbovej \u010dasti o titul.&#8220;<\/strong><\/p>\n\n\n\n<p class=\"has-text-align-center has-medium-font-size\">V minulej sez\u00f3ne obsadil n\u00e1\u0161 \u017eensk\u00fd t\u00edm kr\u00e1sne 4. miesto a my ver\u00edme, \u017ee na podobn\u00e9 postavenie nadvia\u017eu futbalistky Spartaka aj v ro\u010dn\u00edku 2024\/2025. <\/p>\n\n\n\n<p class=\"has-text-align-center has-white-color has-vivid-red-background-color has-text-color has-background has-link-color has-medium-font-size wp-elements-f32d45212660d2db6b47e13ca5dd99cd\"><strong>A bude tu aj jeden \u0161peci\u00e1lny moment a ve\u013ek\u00e1 udalos\u0165 pre \u017eensk\u00fd futbal v Trnave a na celom Slovensku. <\/strong><\/p>\n\n\n\n<p class=\"has-text-align-center has-white-color has-black-background-color has-text-color has-background has-link-color has-medium-font-size wp-elements-d1af8d9cb1c6aa676d924d32823bf521\"><strong>&#8222;Vieme, \u017ee n\u00e1s \u010dak\u00e1 jeden \u0161peci\u00e1lny moment a to pr\u00edle\u017eitos\u0165 zahra\u0165 si na \u0161tadi\u00f3ne Antona Malatinsk\u00e9ho 28.9.2024 o 15.00h proti \u017diline. Pevne ver\u00edm, \u017ee si na z\u00e1pas n\u00e1jde cestu mnoho fan\u00fa\u0161ikov, ktor\u00fd n\u00e1m pom\u00f4\u017eu vyhra\u0165 n\u00e1ro\u010dn\u00fd z\u00e1pas a naopak my im uk\u00e1\u017eeme pekn\u00fa hru pln\u00fa g\u00f3lov.&#8220;<\/strong><\/p>\n\n\n\n<p class=\"has-text-align-center has-medium-font-size\"><strong>P\u00f4jde o \u0161peci\u00e1lny z\u00e1pas, ktor\u00fd bude patri\u0165 \u017eensk\u00e9mu futbalu a v\u0161etk\u00fdm, ktor\u00ed miluj\u00fa n\u00e1\u0161 klub. O z\u00e1bavu a prekvapenia nebude n\u00fadza. <\/strong><\/p>\n\n\n\n<p class=\"has-text-align-center has-medium-font-size\"><strong>Sledujte n\u00e1s aby ste toto jedine\u010dn\u00e9 popoludnie nezme\u0161kali.<\/strong><\/p>\n\n\n\n<p class=\"has-text-align-center has-black-color has-luminous-vivid-amber-background-color has-text-color has-background has-link-color has-medium-font-size wp-elements-39a182f6721a91e8639025cb5f3147de\"><strong>Dr\u017ete \u010derveno-\u010d\u00edrnemu t\u00edmu \u017eien palce u\u017e zajtra v prvom z\u00e1pase sez\u00f3ny od 11:00 proti Tren\u010d\u00ednu. TRNAVA DO TEHO!<\/strong><\/p>","protected":false},"excerpt":{"rendered":"<p>U\u017e zajtra od\u0161tartuj\u00fa na\u0161e \u017eeny nov\u00fa sez\u00f3nu. Prv\u00fd&#8230;<\/p>","protected":false},"author":5,"featured_media":20783,"comment_status":"closed","ping_status":"closed","sticky":false,"template":"","format":"standard","meta":{"footnotes":""},"categories":[41,12],"tags":[],"class_list":["post-20779","post","type-post","status-publish","format-standard","has-post-thumbnail","hentry","category-intervju","category-spravy","post-number-1"],"yoast_head":"<!-- This site is optimized with the Yoast SEO plugin v27.1.1 - https:\/\/yoast.com\/product\/yoast-seo-wordpress\/ -->\n<title>\u017deny s ostr\u00fdm \u0161tartom sez\u00f3ny proti Tren\u010d\u00ednu - FC Spartak Trnava<\/title>\n<meta name=\"robots\" content=\"index, follow, max-snippet:-1, max-image-preview:large, max-video-preview:-1\" \/>\n<link rel=\"canonical\" href=\"https:\/\/fcspartaktrnava.com\/en\/zeny-s-ostrym-startom-sezony\/\" \/>\n<meta name=\"twitter:label1\" content=\"Written by\" \/>\n\t<meta name=\"twitter:data1\" content=\"Samuel \u010eurinsk\u00fd\" \/>\n\t<meta name=\"twitter:label2\" content=\"Estimated reading time\" \/>\n\t<meta name=\"twitter:data2\" content=\"4 minutes\" \/>\n<script type=\"application\/ld+json\" class=\"yoast-schema-graph\">{\"@context\":\"https:\/\/schema.org\",\"@graph\":[{\"@type\":\"Article\",\"@id\":\"https:\/\/fcspartaktrnava.com\/zeny-s-ostrym-startom-sezony\/#article\",\"isPartOf\":{\"@id\":\"https:\/\/fcspartaktrnava.com\/zeny-s-ostrym-startom-sezony\/\"},\"author\":{\"name\":\"Samuel \u010eurinsk\u00fd\",\"@id\":\"https:\/\/fcspartaktrnava.com\/#\/schema\/person\/62c3c2562c3c56e4c0c8c2342c596ac0\"},\"headline\":\"\u017deny s ostr\u00fdm \u0161tartom sez\u00f3ny proti Tren\u010d\u00ednu\",\"datePublished\":\"2024-08-09T11:02:22+00:00\",\"dateModified\":\"2024-08-09T11:02:46+00:00\",\"mainEntityOfPage\":{\"@id\":\"https:\/\/fcspartaktrnava.com\/zeny-s-ostrym-startom-sezony\/\"},\"wordCount\":672,\"publisher\":{\"@id\":\"https:\/\/fcspartaktrnava.com\/#organization\"},\"image\":{\"@id\":\"https:\/\/fcspartaktrnava.com\/zeny-s-ostrym-startom-sezony\/#primaryimage\"},\"thumbnailUrl\":\"https:\/\/fcspartaktrnava.com\/wp-content\/uploads\/2024\/08\/DSC_2000-scaled.jpg\",\"articleSection\":[\"Rozhovory\",\"Spr\u00e1vy\"],\"inLanguage\":\"en-GB\"},{\"@type\":\"WebPage\",\"@id\":\"https:\/\/fcspartaktrnava.com\/zeny-s-ostrym-startom-sezony\/\",\"url\":\"https:\/\/fcspartaktrnava.com\/zeny-s-ostrym-startom-sezony\/\",\"name\":\"\u017deny s ostr\u00fdm \u0161tartom sez\u00f3ny proti Tren\u010d\u00ednu - FC Spartak Trnava\",\"isPartOf\":{\"@id\":\"https:\/\/fcspartaktrnava.com\/#website\"},\"primaryImageOfPage\":{\"@id\":\"https:\/\/fcspartaktrnava.com\/zeny-s-ostrym-startom-sezony\/#primaryimage\"},\"image\":{\"@id\":\"https:\/\/fcspartaktrnava.com\/zeny-s-ostrym-startom-sezony\/#primaryimage\"},\"thumbnailUrl\":\"https:\/\/fcspartaktrnava.com\/wp-content\/uploads\/2024\/08\/DSC_2000-scaled.jpg\",\"datePublished\":\"2024-08-09T11:02:22+00:00\",\"dateModified\":\"2024-08-09T11:02:46+00:00\",\"breadcrumb\":{\"@id\":\"https:\/\/fcspartaktrnava.com\/zeny-s-ostrym-startom-sezony\/#breadcrumb\"},\"inLanguage\":\"en-GB\",\"potentialAction\":[{\"@type\":\"ReadAction\",\"target\":[\"https:\/\/fcspartaktrnava.com\/zeny-s-ostrym-startom-sezony\/\"]}]},{\"@type\":\"ImageObject\",\"inLanguage\":\"en-GB\",\"@id\":\"https:\/\/fcspartaktrnava.com\/zeny-s-ostrym-startom-sezony\/#primaryimage\",\"url\":\"https:\/\/fcspartaktrnava.com\/wp-content\/uploads\/2024\/08\/DSC_2000-scaled.jpg\",\"contentUrl\":\"https:\/\/fcspartaktrnava.com\/wp-content\/uploads\/2024\/08\/DSC_2000-scaled.jpg\",\"width\":2560,\"height\":1706},{\"@type\":\"BreadcrumbList\",\"@id\":\"https:\/\/fcspartaktrnava.com\/zeny-s-ostrym-startom-sezony\/#breadcrumb\",\"itemListElement\":[{\"@type\":\"ListItem\",\"position\":1,\"name\":\"Home\",\"item\":\"https:\/\/fcspartaktrnava.com\/\"},{\"@type\":\"ListItem\",\"position\":2,\"name\":\"\u017deny s ostr\u00fdm \u0161tartom sez\u00f3ny proti Tren\u010d\u00ednu\"}]},{\"@type\":\"WebSite\",\"@id\":\"https:\/\/fcspartaktrnava.com\/#website\",\"url\":\"https:\/\/fcspartaktrnava.com\/\",\"name\":\"FC Spartak Trnava\",\"description\":\"ofici\u00e1lna webstr\u00e1nka futbalov\u00e9ho klubu\",\"publisher\":{\"@id\":\"https:\/\/fcspartaktrnava.com\/#organization\"},\"potentialAction\":[{\"@type\":\"SearchAction\",\"target\":{\"@type\":\"EntryPoint\",\"urlTemplate\":\"https:\/\/fcspartaktrnava.com\/?s={search_term_string}\"},\"query-input\":{\"@type\":\"PropertyValueSpecification\",\"valueRequired\":true,\"valueName\":\"search_term_string\"}}],\"inLanguage\":\"en-GB\"},{\"@type\":\"Organization\",\"@id\":\"https:\/\/fcspartaktrnava.com\/#organization\",\"name\":\"FC Spartak Trnava\",\"alternateName\":\"Spartak\",\"url\":\"https:\/\/fcspartaktrnava.com\/\",\"logo\":{\"@type\":\"ImageObject\",\"inLanguage\":\"en-GB\",\"@id\":\"https:\/\/fcspartaktrnava.com\/#\/schema\/logo\/image\/\",\"url\":\"https:\/\/fcspartaktrnava.com\/wp-content\/uploads\/2022\/08\/cropped-site_logo.png\",\"contentUrl\":\"https:\/\/fcspartaktrnava.com\/wp-content\/uploads\/2022\/08\/cropped-site_logo.png\",\"width\":140,\"height\":140,\"caption\":\"FC Spartak Trnava\"},\"image\":{\"@id\":\"https:\/\/fcspartaktrnava.com\/#\/schema\/logo\/image\/\"},\"sameAs\":[\"https:\/\/www.facebook.com\/SpartakTrnava\",\"https:\/\/x.com\/SpartakTrnava1\",\"https:\/\/www.instagram.com\/spartak_sk\/\"]},{\"@type\":\"Person\",\"@id\":\"https:\/\/fcspartaktrnava.com\/#\/schema\/person\/62c3c2562c3c56e4c0c8c2342c596ac0\",\"name\":\"Samuel \u010eurinsk\u00fd\",\"image\":{\"@type\":\"ImageObject\",\"inLanguage\":\"en-GB\",\"@id\":\"https:\/\/fcspartaktrnava.com\/#\/schema\/person\/image\/\",\"url\":\"https:\/\/secure.gravatar.com\/avatar\/af2fa02af92418b86ed742470664fe40056833fb68d84becf03f6ab02319257c?s=96&d=mm&r=g\",\"contentUrl\":\"https:\/\/secure.gravatar.com\/avatar\/af2fa02af92418b86ed742470664fe40056833fb68d84becf03f6ab02319257c?s=96&d=mm&r=g\",\"caption\":\"Samuel \u010eurinsk\u00fd\"},\"url\":\"https:\/\/fcspartaktrnava.com\/en\/author\/fcst-samuel\/\"}]}<\/script>\n<!-- \/ Yoast SEO plugin. -->","yoast_head_json":{"title":"\u017deny s ostr\u00fdm \u0161tartom sez\u00f3ny proti Tren\u010d\u00ednu - FC Spartak Trnava","robots":{"index":"index","follow":"follow","max-snippet":"max-snippet:-1","max-image-preview":"max-image-preview:large","max-video-preview":"max-video-preview:-1"},"canonical":"https:\/\/fcspartaktrnava.com\/en\/zeny-s-ostrym-startom-sezony\/","twitter_misc":{"Written by":"Samuel \u010eurinsk\u00fd","Estimated reading time":"4 minutes"},"schema":{"@context":"https:\/\/schema.org","@graph":[{"@type":"Article","@id":"https:\/\/fcspartaktrnava.com\/zeny-s-ostrym-startom-sezony\/#article","isPartOf":{"@id":"https:\/\/fcspartaktrnava.com\/zeny-s-ostrym-startom-sezony\/"},"author":{"name":"Samuel \u010eurinsk\u00fd","@id":"https:\/\/fcspartaktrnava.com\/#\/schema\/person\/62c3c2562c3c56e4c0c8c2342c596ac0"},"headline":"\u017deny s ostr\u00fdm \u0161tartom sez\u00f3ny proti Tren\u010d\u00ednu","datePublished":"2024-08-09T11:02:22+00:00","dateModified":"2024-08-09T11:02:46+00:00","mainEntityOfPage":{"@id":"https:\/\/fcspartaktrnava.com\/zeny-s-ostrym-startom-sezony\/"},"wordCount":672,"publisher":{"@id":"https:\/\/fcspartaktrnava.com\/#organization"},"image":{"@id":"https:\/\/fcspartaktrnava.com\/zeny-s-ostrym-startom-sezony\/#primaryimage"},"thumbnailUrl":"https:\/\/fcspartaktrnava.com\/wp-content\/uploads\/2024\/08\/DSC_2000-scaled.jpg","articleSection":["Rozhovory","Spr\u00e1vy"],"inLanguage":"en-GB"},{"@type":"WebPage","@id":"https:\/\/fcspartaktrnava.com\/zeny-s-ostrym-startom-sezony\/","url":"https:\/\/fcspartaktrnava.com\/zeny-s-ostrym-startom-sezony\/","name":"\u017deny s ostr\u00fdm \u0161tartom sez\u00f3ny proti Tren\u010d\u00ednu - FC Spartak Trnava","isPartOf":{"@id":"https:\/\/fcspartaktrnava.com\/#website"},"primaryImageOfPage":{"@id":"https:\/\/fcspartaktrnava.com\/zeny-s-ostrym-startom-sezony\/#primaryimage"},"image":{"@id":"https:\/\/fcspartaktrnava.com\/zeny-s-ostrym-startom-sezony\/#primaryimage"},"thumbnailUrl":"https:\/\/fcspartaktrnava.com\/wp-content\/uploads\/2024\/08\/DSC_2000-scaled.jpg","datePublished":"2024-08-09T11:02:22+00:00","dateModified":"2024-08-09T11:02:46+00:00","breadcrumb":{"@id":"https:\/\/fcspartaktrnava.com\/zeny-s-ostrym-startom-sezony\/#breadcrumb"},"inLanguage":"en-GB","potentialAction":[{"@type":"ReadAction","target":["https:\/\/fcspartaktrnava.com\/zeny-s-ostrym-startom-sezony\/"]}]},{"@type":"ImageObject","inLanguage":"en-GB","@id":"https:\/\/fcspartaktrnava.com\/zeny-s-ostrym-startom-sezony\/#primaryimage","url":"https:\/\/fcspartaktrnava.com\/wp-content\/uploads\/2024\/08\/DSC_2000-scaled.jpg","contentUrl":"https:\/\/fcspartaktrnava.com\/wp-content\/uploads\/2024\/08\/DSC_2000-scaled.jpg","width":2560,"height":1706},{"@type":"BreadcrumbList","@id":"https:\/\/fcspartaktrnava.com\/zeny-s-ostrym-startom-sezony\/#breadcrumb","itemListElement":[{"@type":"ListItem","position":1,"name":"Home","item":"https:\/\/fcspartaktrnava.com\/"},{"@type":"ListItem","position":2,"name":"\u017deny s ostr\u00fdm \u0161tartom sez\u00f3ny proti Tren\u010d\u00ednu"}]},{"@type":"WebSite","@id":"https:\/\/fcspartaktrnava.com\/#website","url":"https:\/\/fcspartaktrnava.com\/","name":"FC Spartak Trnava","description":"ofici\u00e1lna webstr\u00e1nka futbalov\u00e9ho klubu","publisher":{"@id":"https:\/\/fcspartaktrnava.com\/#organization"},"potentialAction":[{"@type":"SearchAction","target":{"@type":"EntryPoint","urlTemplate":"https:\/\/fcspartaktrnava.com\/?s={search_term_string}"},"query-input":{"@type":"PropertyValueSpecification","valueRequired":true,"valueName":"search_term_string"}}],"inLanguage":"en-GB"},{"@type":"Organization","@id":"https:\/\/fcspartaktrnava.com\/#organization","name":"FC Spartak Trnava","alternateName":"Spartak","url":"https:\/\/fcspartaktrnava.com\/","logo":{"@type":"ImageObject","inLanguage":"en-GB","@id":"https:\/\/fcspartaktrnava.com\/#\/schema\/logo\/image\/","url":"https:\/\/fcspartaktrnava.com\/wp-content\/uploads\/2022\/08\/cropped-site_logo.png","contentUrl":"https:\/\/fcspartaktrnava.com\/wp-content\/uploads\/2022\/08\/cropped-site_logo.png","width":140,"height":140,"caption":"FC Spartak Trnava"},"image":{"@id":"https:\/\/fcspartaktrnava.com\/#\/schema\/logo\/image\/"},"sameAs":["https:\/\/www.facebook.com\/SpartakTrnava","https:\/\/x.com\/SpartakTrnava1","https:\/\/www.instagram.com\/spartak_sk\/"]},{"@type":"Person","@id":"https:\/\/fcspartaktrnava.com\/#\/schema\/person\/62c3c2562c3c56e4c0c8c2342c596ac0","name":"Samuel \u010eurinsk\u00fd","image":{"@type":"ImageObject","inLanguage":"en-GB","@id":"https:\/\/fcspartaktrnava.com\/#\/schema\/person\/image\/","url":"https:\/\/secure.gravatar.com\/avatar\/af2fa02af92418b86ed742470664fe40056833fb68d84becf03f6ab02319257c?s=96&d=mm&r=g","contentUrl":"https:\/\/secure.gravatar.com\/avatar\/af2fa02af92418b86ed742470664fe40056833fb68d84becf03f6ab02319257c?s=96&d=mm&r=g","caption":"Samuel \u010eurinsk\u00fd"},"url":"https:\/\/fcspartaktrnava.com\/en\/author\/fcst-samuel\/"}]}},"_links":{"self":[{"href":"https:\/\/fcspartaktrnava.com\/en\/wp-json\/wp\/v2\/posts\/20779","targetHints":{"allow":["GET"]}}],"collection":[{"href":"https:\/\/fcspartaktrnava.com\/en\/wp-json\/wp\/v2\/posts"}],"about":[{"href":"https:\/\/fcspartaktrnava.com\/en\/wp-json\/wp\/v2\/types\/post"}],"author":[{"embeddable":true,"href":"https:\/\/fcspartaktrnava.com\/en\/wp-json\/wp\/v2\/users\/5"}],"replies":[{"embeddable":true,"href":"https:\/\/fcspartaktrnava.com\/en\/wp-json\/wp\/v2\/comments?post=20779"}],"version-history":[{"count":0,"href":"https:\/\/fcspartaktrnava.com\/en\/wp-json\/wp\/v2\/posts\/20779\/revisions"}],"wp:featuredmedia":[{"embeddable":true,"href":"https:\/\/fcspartaktrnava.com\/en\/wp-json\/wp\/v2\/media\/20783"}],"wp:attachment":[{"href":"https:\/\/fcspartaktrnava.com\/en\/wp-json\/wp\/v2\/media?parent=20779"}],"wp:term":[{"taxonomy":"category","embeddable":true,"href":"https:\/\/fcspartaktrnava.com\/en\/wp-json\/wp\/v2\/categories?post=20779"},{"taxonomy":"post_tag","embeddable":true,"href":"https:\/\/fcspartaktrnava.com\/en\/wp-json\/wp\/v2\/tags?post=20779"}],"curies":[{"name":"wp","href":"https:\/\/api.w.org\/{rel}","templated":true}]}}