{"id":2051,"date":"2022-10-03T09:05:00","date_gmt":"2022-10-03T09:05:00","guid":{"rendered":"https:\/\/fcspartaktrnava.com\/?p=2051"},"modified":"2022-10-10T07:31:23","modified_gmt":"2022-10-10T07:31:23","slug":"taiwo-so-stefanikom-sa-strelecky-naladili-uz-v-pohari","status":"publish","type":"post","link":"https:\/\/fcspartaktrnava.com\/en\/taiwo-so-stefanikom-sa-strelecky-naladili-uz-v-pohari\/","title":{"rendered":"Taiwo and \u0160tef\u00e1nik adjusted their shooting skills already in the cup"},"content":{"rendered":"<p>Zlat\u00e9 Moravce are a pleasant opponent for Spartak in the last matches, which was also confirmed yesterday. The last time he lost to him was three and a half years ago and he hasn't cashed in since the opening round of the spring part last year. Coincidentally, that was Michal Ga\u0161par\u00edk's very first match on the Trnava bench as head coach, and the red and black coach admitted that he remembered this moment before the match.&nbsp;<strong><em>\"I was very nervous when I went through that tunnel for the first time. Then we won here 4:2, now maybe a slightly better result. I remembered that moment.'<\/em><\/strong><\/p>\n\n\n\n<p>Yesterday's match was also similar to the previous ones. Under Ga\u0161par\u00edk's leadership, Spartak did not lose against ViOn in the seventh match and managed the other six without conceding a goal.&nbsp;<strong><em>\"We chose a 3-5-2 formation to be as strong as possible offensively. To my taste, there were some windows opening up for us defensively in the first half, even if Zlat\u00e9 Moravce did not use them. It worked well for us offensively. Zlat\u00e9 Moravce have a solid defense, they haven't scored many goals in the last few games and we were preparing to overcome it and we succeeded. In the second half, we switched to our classic 4-3-3, and paradoxically, we scored two more goals relatively early and easily.\"<\/em><\/strong><\/p>\n\n\n\n<p><em>The scoring was opened by Kyriakos Savvidis, who has already fulfilled his statistics from previous seasons \u2013 3 goals and an assist. His goal was technically brilliant and showed that the Greek is not only an excellent defensive midfielder, but also an excellent player who makes full use of his footballing intelligence when finishing.<\/em><\/p>\n\n\n\n<p><em>After his arrival, the Nigerian striker Abdulrahman Taiwo shows himself in a good light. He made his debut for a few minutes in Tren\u010d\u00edn, jumped into the derby, and this time he was already a member of the starting line-up. Already in the cup match on Wednesday in Tren\u010dianske Stankovce, he played from the start and scored a clean hat-trick.&nbsp;<strong><em>\"I am very happy that I managed to score and I could contribute to the team's victory with my performance. It's a great feeling and I hope that we will continue to win. Today it is important that we got three points and we want to continue like this so that we can chase Slovan. This is possibly the best week of my career. I think it will help me get more motivated for matches. I have to thank all my teammates and coaches, who helped me a lot to adapt to the team as quickly as possible,\"<\/em><\/strong>&nbsp;the 24-year-old player beamed with happiness after the match.<\/em><\/p>\n\n\n\n<p><em>His teammate Samuel \u0160tef\u00e1nik also had the same score - i.e. a goal and an assist, for whom it was the third goal. He prevailed against ViOn in the first match between them.&nbsp;<strong><em>\"From the beginning, the course did not indicate that it would be such an unequivocal victory. For the first twenty minutes we fumbled and there was no great chance, but then we turned the game in our favor. It could have ended with a bigger difference, but we are happy with 3:0, and zero at the back is also good for us.\"<\/em><\/strong>&nbsp;said Spartak's most productive player at the moment with three goals and four assists.<\/em><\/p>\n\n\n\n<p><em>You can watch the entire interview on the club's YouTube channel:<\/em><\/p>\n\n\n\r\n<div class=\"gg-post-video-yt-block gg-video-yt post-2051 post type-post status-publish format-standard has-post-thumbnail hentry category-spravy post-number-1\">\r\n\t<div class=\"gg-video-inner\">\r\n\t\t\t\r\n\t\t<div class=\"gg-video-img\" style=\"background-image: url(https:\/\/i3.ytimg.com\/vi\/AJVTVdG9wJA\/maxresdefault.jpg); padding-top:56.5%;\"><\/div>\r\n\t\t\t\t\t\t\r\n\t\t<div class=\"video-play-icon\"\r\n\t\t\tdata-video-id=\"AJVTVdG9wJA\"\r\n\t\t\tdata-video-url=\"https:\/\/www.youtube.com\/watch?v=AJVTVdG9wJA\"\r\n\t\t\tdata-video-date=\"Oct 3, 2022\"\r\n\t\t\tdata-video-title=\"Ohlasy po z\u00e1pase - Samuel \u0160tef\u00e1nik\"\r\n\t\t\tdata-video-description=\"Zlat\u00e9 Moravce s\u00fa v posledn\u00fdch z\u00e1pasoch pre Spartak...\">\r\n\t\t\t<svg xmlns=\"http:\/\/www.w3.org\/2000\/svg\" width=\"466.667\" height=\"600\" viewbox=\"166.667 0 466.667 600\" xml:space=\"preserve\"><path d=\"m166.667 0 466.667 300-466.667 300V0z\"\/><\/svg>\t\t<\/div>\r\n\t\t\r\n\t\t<div class=\"content-box\">\r\n\t\t\t<h3 class=\"video__title\">Feedback after the match \u2013 Samuel \u0160tef\u00e1nik<\/h3>\r\n\t\t<\/div>\r\n\t\t\t\t\t\t\t\t\t\t\t\t\t\t\t\t\t\t\t\t\t\r\n\t<\/div>\r\n<\/div>\n\n\n<div class=\"wp-block-buttons is-layout-flex wp-block-buttons-is-layout-flex\">\n<div class=\"wp-block-button aligncenter is-style-fill\"><a class=\"wp-block-button__link has-white-color has-text-color has-background\" href=\"https:\/\/fcspartaktrnava.com\/en\/galerii\/12-kolo-fc-vion-zlate-moravce-fc-spartak-trnava\/\" style=\"border-radius:0px;background-color:#d40133\">PHOTO GALLERY<\/a><\/div>\n<\/div>","protected":false},"excerpt":{"rendered":"<p>Zlat\u00e9 Moravce s\u00fa v posledn\u00fdch z\u00e1pasoch pre Spartak&#8230;<\/p>","protected":false},"author":5,"featured_media":2052,"comment_status":"closed","ping_status":"closed","sticky":false,"template":"","format":"standard","meta":{"footnotes":""},"categories":[12],"tags":[],"class_list":["post-2051","post","type-post","status-publish","format-standard","has-post-thumbnail","hentry","category-spravy","post-number-2"],"yoast_head":"<!-- This site is optimized with the Yoast SEO plugin v27.1.1 - https:\/\/yoast.com\/product\/yoast-seo-wordpress\/ -->\n<title>Taiwo so \u0160tef\u00e1nikom sa strelecky naladili u\u017e v poh\u00e1ri - FC Spartak Trnava<\/title>\n<meta name=\"robots\" content=\"index, follow, max-snippet:-1, max-image-preview:large, max-video-preview:-1\" \/>\n<link rel=\"canonical\" href=\"https:\/\/fcspartaktrnava.com\/en\/taiwo-so-stefanikom-sa-strelecky-naladili-uz-v-pohari\/\" \/>\n<meta name=\"twitter:label1\" content=\"Written by\" \/>\n\t<meta name=\"twitter:data1\" content=\"Samuel \u010eurinsk\u00fd\" \/>\n\t<meta name=\"twitter:label2\" content=\"Estimated reading time\" \/>\n\t<meta name=\"twitter:data2\" content=\"3 minutes\" \/>\n<script type=\"application\/ld+json\" class=\"yoast-schema-graph\">{\"@context\":\"https:\/\/schema.org\",\"@graph\":[{\"@type\":\"Article\",\"@id\":\"https:\/\/fcspartaktrnava.com\/taiwo-so-stefanikom-sa-strelecky-naladili-uz-v-pohari\/#article\",\"isPartOf\":{\"@id\":\"https:\/\/fcspartaktrnava.com\/taiwo-so-stefanikom-sa-strelecky-naladili-uz-v-pohari\/\"},\"author\":{\"name\":\"Samuel \u010eurinsk\u00fd\",\"@id\":\"https:\/\/fcspartaktrnava.com\/#\/schema\/person\/62c3c2562c3c56e4c0c8c2342c596ac0\"},\"headline\":\"Taiwo so \u0160tef\u00e1nikom sa strelecky naladili u\u017e v poh\u00e1ri\",\"datePublished\":\"2022-10-03T09:05:00+00:00\",\"dateModified\":\"2022-10-10T07:31:23+00:00\",\"mainEntityOfPage\":{\"@id\":\"https:\/\/fcspartaktrnava.com\/taiwo-so-stefanikom-sa-strelecky-naladili-uz-v-pohari\/\"},\"wordCount\":672,\"publisher\":{\"@id\":\"https:\/\/fcspartaktrnava.com\/#organization\"},\"image\":{\"@id\":\"https:\/\/fcspartaktrnava.com\/taiwo-so-stefanikom-sa-strelecky-naladili-uz-v-pohari\/#primaryimage\"},\"thumbnailUrl\":\"https:\/\/fcspartaktrnava.com\/wp-content\/uploads\/2022\/10\/Taiwo-so-Stefanikom-sa-strelecky.jpg\",\"articleSection\":[\"Spr\u00e1vy\"],\"inLanguage\":\"en-GB\"},{\"@type\":\"WebPage\",\"@id\":\"https:\/\/fcspartaktrnava.com\/taiwo-so-stefanikom-sa-strelecky-naladili-uz-v-pohari\/\",\"url\":\"https:\/\/fcspartaktrnava.com\/taiwo-so-stefanikom-sa-strelecky-naladili-uz-v-pohari\/\",\"name\":\"Taiwo so \u0160tef\u00e1nikom sa strelecky naladili u\u017e v poh\u00e1ri - FC Spartak Trnava\",\"isPartOf\":{\"@id\":\"https:\/\/fcspartaktrnava.com\/#website\"},\"primaryImageOfPage\":{\"@id\":\"https:\/\/fcspartaktrnava.com\/taiwo-so-stefanikom-sa-strelecky-naladili-uz-v-pohari\/#primaryimage\"},\"image\":{\"@id\":\"https:\/\/fcspartaktrnava.com\/taiwo-so-stefanikom-sa-strelecky-naladili-uz-v-pohari\/#primaryimage\"},\"thumbnailUrl\":\"https:\/\/fcspartaktrnava.com\/wp-content\/uploads\/2022\/10\/Taiwo-so-Stefanikom-sa-strelecky.jpg\",\"datePublished\":\"2022-10-03T09:05:00+00:00\",\"dateModified\":\"2022-10-10T07:31:23+00:00\",\"breadcrumb\":{\"@id\":\"https:\/\/fcspartaktrnava.com\/taiwo-so-stefanikom-sa-strelecky-naladili-uz-v-pohari\/#breadcrumb\"},\"inLanguage\":\"en-GB\",\"potentialAction\":[{\"@type\":\"ReadAction\",\"target\":[\"https:\/\/fcspartaktrnava.com\/taiwo-so-stefanikom-sa-strelecky-naladili-uz-v-pohari\/\"]}]},{\"@type\":\"ImageObject\",\"inLanguage\":\"en-GB\",\"@id\":\"https:\/\/fcspartaktrnava.com\/taiwo-so-stefanikom-sa-strelecky-naladili-uz-v-pohari\/#primaryimage\",\"url\":\"https:\/\/fcspartaktrnava.com\/wp-content\/uploads\/2022\/10\/Taiwo-so-Stefanikom-sa-strelecky.jpg\",\"contentUrl\":\"https:\/\/fcspartaktrnava.com\/wp-content\/uploads\/2022\/10\/Taiwo-so-Stefanikom-sa-strelecky.jpg\",\"width\":1300,\"height\":555},{\"@type\":\"BreadcrumbList\",\"@id\":\"https:\/\/fcspartaktrnava.com\/taiwo-so-stefanikom-sa-strelecky-naladili-uz-v-pohari\/#breadcrumb\",\"itemListElement\":[{\"@type\":\"ListItem\",\"position\":1,\"name\":\"Home\",\"item\":\"https:\/\/fcspartaktrnava.com\/\"},{\"@type\":\"ListItem\",\"position\":2,\"name\":\"Taiwo so \u0160tef\u00e1nikom sa strelecky naladili u\u017e v poh\u00e1ri\"}]},{\"@type\":\"WebSite\",\"@id\":\"https:\/\/fcspartaktrnava.com\/#website\",\"url\":\"https:\/\/fcspartaktrnava.com\/\",\"name\":\"FC Spartak Trnava\",\"description\":\"ofici\u00e1lna webstr\u00e1nka futbalov\u00e9ho klubu\",\"publisher\":{\"@id\":\"https:\/\/fcspartaktrnava.com\/#organization\"},\"potentialAction\":[{\"@type\":\"SearchAction\",\"target\":{\"@type\":\"EntryPoint\",\"urlTemplate\":\"https:\/\/fcspartaktrnava.com\/?s={search_term_string}\"},\"query-input\":{\"@type\":\"PropertyValueSpecification\",\"valueRequired\":true,\"valueName\":\"search_term_string\"}}],\"inLanguage\":\"en-GB\"},{\"@type\":\"Organization\",\"@id\":\"https:\/\/fcspartaktrnava.com\/#organization\",\"name\":\"FC Spartak Trnava\",\"alternateName\":\"Spartak\",\"url\":\"https:\/\/fcspartaktrnava.com\/\",\"logo\":{\"@type\":\"ImageObject\",\"inLanguage\":\"en-GB\",\"@id\":\"https:\/\/fcspartaktrnava.com\/#\/schema\/logo\/image\/\",\"url\":\"https:\/\/fcspartaktrnava.com\/wp-content\/uploads\/2022\/08\/cropped-site_logo.png\",\"contentUrl\":\"https:\/\/fcspartaktrnava.com\/wp-content\/uploads\/2022\/08\/cropped-site_logo.png\",\"width\":140,\"height\":140,\"caption\":\"FC Spartak Trnava\"},\"image\":{\"@id\":\"https:\/\/fcspartaktrnava.com\/#\/schema\/logo\/image\/\"},\"sameAs\":[\"https:\/\/www.facebook.com\/SpartakTrnava\",\"https:\/\/x.com\/SpartakTrnava1\",\"https:\/\/www.instagram.com\/spartak_sk\/\"]},{\"@type\":\"Person\",\"@id\":\"https:\/\/fcspartaktrnava.com\/#\/schema\/person\/62c3c2562c3c56e4c0c8c2342c596ac0\",\"name\":\"Samuel \u010eurinsk\u00fd\",\"image\":{\"@type\":\"ImageObject\",\"inLanguage\":\"en-GB\",\"@id\":\"https:\/\/fcspartaktrnava.com\/#\/schema\/person\/image\/\",\"url\":\"https:\/\/secure.gravatar.com\/avatar\/af2fa02af92418b86ed742470664fe40056833fb68d84becf03f6ab02319257c?s=96&d=mm&r=g\",\"contentUrl\":\"https:\/\/secure.gravatar.com\/avatar\/af2fa02af92418b86ed742470664fe40056833fb68d84becf03f6ab02319257c?s=96&d=mm&r=g\",\"caption\":\"Samuel \u010eurinsk\u00fd\"},\"url\":\"https:\/\/fcspartaktrnava.com\/en\/author\/fcst-samuel\/\"}]}<\/script>\n<!-- \/ Yoast SEO plugin. -->","yoast_head_json":{"title":"Taiwo so \u0160tef\u00e1nikom sa strelecky naladili u\u017e v poh\u00e1ri - FC Spartak Trnava","robots":{"index":"index","follow":"follow","max-snippet":"max-snippet:-1","max-image-preview":"max-image-preview:large","max-video-preview":"max-video-preview:-1"},"canonical":"https:\/\/fcspartaktrnava.com\/en\/taiwo-so-stefanikom-sa-strelecky-naladili-uz-v-pohari\/","twitter_misc":{"Written by":"Samuel \u010eurinsk\u00fd","Estimated reading time":"3 minutes"},"schema":{"@context":"https:\/\/schema.org","@graph":[{"@type":"Article","@id":"https:\/\/fcspartaktrnava.com\/taiwo-so-stefanikom-sa-strelecky-naladili-uz-v-pohari\/#article","isPartOf":{"@id":"https:\/\/fcspartaktrnava.com\/taiwo-so-stefanikom-sa-strelecky-naladili-uz-v-pohari\/"},"author":{"name":"Samuel \u010eurinsk\u00fd","@id":"https:\/\/fcspartaktrnava.com\/#\/schema\/person\/62c3c2562c3c56e4c0c8c2342c596ac0"},"headline":"Taiwo so \u0160tef\u00e1nikom sa strelecky naladili u\u017e v poh\u00e1ri","datePublished":"2022-10-03T09:05:00+00:00","dateModified":"2022-10-10T07:31:23+00:00","mainEntityOfPage":{"@id":"https:\/\/fcspartaktrnava.com\/taiwo-so-stefanikom-sa-strelecky-naladili-uz-v-pohari\/"},"wordCount":672,"publisher":{"@id":"https:\/\/fcspartaktrnava.com\/#organization"},"image":{"@id":"https:\/\/fcspartaktrnava.com\/taiwo-so-stefanikom-sa-strelecky-naladili-uz-v-pohari\/#primaryimage"},"thumbnailUrl":"https:\/\/fcspartaktrnava.com\/wp-content\/uploads\/2022\/10\/Taiwo-so-Stefanikom-sa-strelecky.jpg","articleSection":["Spr\u00e1vy"],"inLanguage":"en-GB"},{"@type":"WebPage","@id":"https:\/\/fcspartaktrnava.com\/taiwo-so-stefanikom-sa-strelecky-naladili-uz-v-pohari\/","url":"https:\/\/fcspartaktrnava.com\/taiwo-so-stefanikom-sa-strelecky-naladili-uz-v-pohari\/","name":"Taiwo so \u0160tef\u00e1nikom sa strelecky naladili u\u017e v poh\u00e1ri - FC Spartak Trnava","isPartOf":{"@id":"https:\/\/fcspartaktrnava.com\/#website"},"primaryImageOfPage":{"@id":"https:\/\/fcspartaktrnava.com\/taiwo-so-stefanikom-sa-strelecky-naladili-uz-v-pohari\/#primaryimage"},"image":{"@id":"https:\/\/fcspartaktrnava.com\/taiwo-so-stefanikom-sa-strelecky-naladili-uz-v-pohari\/#primaryimage"},"thumbnailUrl":"https:\/\/fcspartaktrnava.com\/wp-content\/uploads\/2022\/10\/Taiwo-so-Stefanikom-sa-strelecky.jpg","datePublished":"2022-10-03T09:05:00+00:00","dateModified":"2022-10-10T07:31:23+00:00","breadcrumb":{"@id":"https:\/\/fcspartaktrnava.com\/taiwo-so-stefanikom-sa-strelecky-naladili-uz-v-pohari\/#breadcrumb"},"inLanguage":"en-GB","potentialAction":[{"@type":"ReadAction","target":["https:\/\/fcspartaktrnava.com\/taiwo-so-stefanikom-sa-strelecky-naladili-uz-v-pohari\/"]}]},{"@type":"ImageObject","inLanguage":"en-GB","@id":"https:\/\/fcspartaktrnava.com\/taiwo-so-stefanikom-sa-strelecky-naladili-uz-v-pohari\/#primaryimage","url":"https:\/\/fcspartaktrnava.com\/wp-content\/uploads\/2022\/10\/Taiwo-so-Stefanikom-sa-strelecky.jpg","contentUrl":"https:\/\/fcspartaktrnava.com\/wp-content\/uploads\/2022\/10\/Taiwo-so-Stefanikom-sa-strelecky.jpg","width":1300,"height":555},{"@type":"BreadcrumbList","@id":"https:\/\/fcspartaktrnava.com\/taiwo-so-stefanikom-sa-strelecky-naladili-uz-v-pohari\/#breadcrumb","itemListElement":[{"@type":"ListItem","position":1,"name":"Home","item":"https:\/\/fcspartaktrnava.com\/"},{"@type":"ListItem","position":2,"name":"Taiwo so \u0160tef\u00e1nikom sa strelecky naladili u\u017e v poh\u00e1ri"}]},{"@type":"WebSite","@id":"https:\/\/fcspartaktrnava.com\/#website","url":"https:\/\/fcspartaktrnava.com\/","name":"FC Spartak Trnava","description":"ofici\u00e1lna webstr\u00e1nka futbalov\u00e9ho klubu","publisher":{"@id":"https:\/\/fcspartaktrnava.com\/#organization"},"potentialAction":[{"@type":"SearchAction","target":{"@type":"EntryPoint","urlTemplate":"https:\/\/fcspartaktrnava.com\/?s={search_term_string}"},"query-input":{"@type":"PropertyValueSpecification","valueRequired":true,"valueName":"search_term_string"}}],"inLanguage":"en-GB"},{"@type":"Organization","@id":"https:\/\/fcspartaktrnava.com\/#organization","name":"FC Spartak Trnava","alternateName":"Spartak","url":"https:\/\/fcspartaktrnava.com\/","logo":{"@type":"ImageObject","inLanguage":"en-GB","@id":"https:\/\/fcspartaktrnava.com\/#\/schema\/logo\/image\/","url":"https:\/\/fcspartaktrnava.com\/wp-content\/uploads\/2022\/08\/cropped-site_logo.png","contentUrl":"https:\/\/fcspartaktrnava.com\/wp-content\/uploads\/2022\/08\/cropped-site_logo.png","width":140,"height":140,"caption":"FC Spartak Trnava"},"image":{"@id":"https:\/\/fcspartaktrnava.com\/#\/schema\/logo\/image\/"},"sameAs":["https:\/\/www.facebook.com\/SpartakTrnava","https:\/\/x.com\/SpartakTrnava1","https:\/\/www.instagram.com\/spartak_sk\/"]},{"@type":"Person","@id":"https:\/\/fcspartaktrnava.com\/#\/schema\/person\/62c3c2562c3c56e4c0c8c2342c596ac0","name":"Samuel \u010eurinsk\u00fd","image":{"@type":"ImageObject","inLanguage":"en-GB","@id":"https:\/\/fcspartaktrnava.com\/#\/schema\/person\/image\/","url":"https:\/\/secure.gravatar.com\/avatar\/af2fa02af92418b86ed742470664fe40056833fb68d84becf03f6ab02319257c?s=96&d=mm&r=g","contentUrl":"https:\/\/secure.gravatar.com\/avatar\/af2fa02af92418b86ed742470664fe40056833fb68d84becf03f6ab02319257c?s=96&d=mm&r=g","caption":"Samuel \u010eurinsk\u00fd"},"url":"https:\/\/fcspartaktrnava.com\/en\/author\/fcst-samuel\/"}]}},"_links":{"self":[{"href":"https:\/\/fcspartaktrnava.com\/en\/wp-json\/wp\/v2\/posts\/2051","targetHints":{"allow":["GET"]}}],"collection":[{"href":"https:\/\/fcspartaktrnava.com\/en\/wp-json\/wp\/v2\/posts"}],"about":[{"href":"https:\/\/fcspartaktrnava.com\/en\/wp-json\/wp\/v2\/types\/post"}],"author":[{"embeddable":true,"href":"https:\/\/fcspartaktrnava.com\/en\/wp-json\/wp\/v2\/users\/5"}],"replies":[{"embeddable":true,"href":"https:\/\/fcspartaktrnava.com\/en\/wp-json\/wp\/v2\/comments?post=2051"}],"version-history":[{"count":0,"href":"https:\/\/fcspartaktrnava.com\/en\/wp-json\/wp\/v2\/posts\/2051\/revisions"}],"wp:featuredmedia":[{"embeddable":true,"href":"https:\/\/fcspartaktrnava.com\/en\/wp-json\/wp\/v2\/media\/2052"}],"wp:attachment":[{"href":"https:\/\/fcspartaktrnava.com\/en\/wp-json\/wp\/v2\/media?parent=2051"}],"wp:term":[{"taxonomy":"category","embeddable":true,"href":"https:\/\/fcspartaktrnava.com\/en\/wp-json\/wp\/v2\/categories?post=2051"},{"taxonomy":"post_tag","embeddable":true,"href":"https:\/\/fcspartaktrnava.com\/en\/wp-json\/wp\/v2\/tags?post=2051"}],"curies":[{"name":"wp","href":"https:\/\/api.w.org\/{rel}","templated":true}]}}