{"id":20427,"date":"2024-08-05T11:13:10","date_gmt":"2024-08-05T09:13:10","guid":{"rendered":"https:\/\/fcspartaktrnava.com\/?p=20427"},"modified":"2024-08-05T15:29:07","modified_gmt":"2024-08-05T13:29:07","slug":"otvorena-pokladna-a-zlavy-pre-permanentkarov","status":"publish","type":"post","link":"https:\/\/fcspartaktrnava.com\/en\/otvorena-pokladna-a-zlavy-pre-permanentkarov\/","title":{"rendered":"OTVOREN\u00c1 POKLAD\u0147A A Z\u013dAVY PRE PERMANENTK\u00c1ROV"},"content":{"rendered":"<p class=\"has-text-align-center has-white-color has-vivid-red-background-color has-text-color has-background has-link-color has-medium-font-size wp-elements-76ec824c0a4c0c171b81ea0a77130ed4\"><strong>Poklad\u0148a na \u0161tadi\u00f3ne Antona Malatinsk\u00e9ho bude dnes (pondelok 5.8.) otvoren\u00e1 v \u010dase 15:30 a\u017e 17:30. Na pokladni bude mo\u017en\u00e9 zak\u00fapi\u0165 vstupenky na \u0161tvrtkov\u00fd z\u00e1pas proti Wisle Krakow, ale tie\u017e aj vymeni\u0165 si online voucher za fyzick\u00fa permanentku.<\/strong><\/p>\n\n\n\n<p class=\"has-text-align-center has-medium-font-size\">Vstupenky mimo pokladne zak\u00fapite aj v na\u0161om fanshope po\u010das otv\u00e1rac\u00edch hod\u00edn, alebo online na str\u00e1nke <a href=\"https:\/\/predpredaj.zoznam.sk\/sk\/presale\/fc-spartak-trnava-wisla-krakov-2024-08-08\/\">predpredaj.sk<\/a>. <strong>Te\u0161\u00edme sa na v\u00e1s u\u017e vo \u0161tvrtok o 20:30 na dom\u00e1com \u0161tadi\u00f3ne v boji o poh\u00e1rov\u00fa Eur\u00f3pu!<\/strong><\/p>\n\n\n<div class=\"wp-block-image\">\n<figure class=\"aligncenter size-large\"><img loading=\"lazy\" decoding=\"async\" width=\"819\" height=\"1024\" src=\"https:\/\/fcspartaktrnava.com\/wp-content\/uploads\/2024\/08\/GrafikaNew-2024-08-05T095842.740-819x1024.png\" alt=\"\" class=\"wp-image-20428\" srcset=\"https:\/\/fcspartaktrnava.com\/wp-content\/uploads\/2024\/08\/GrafikaNew-2024-08-05T095842.740-819x1024.png 819w, https:\/\/fcspartaktrnava.com\/wp-content\/uploads\/2024\/08\/GrafikaNew-2024-08-05T095842.740-240x300.png 240w, https:\/\/fcspartaktrnava.com\/wp-content\/uploads\/2024\/08\/GrafikaNew-2024-08-05T095842.740-768x960.png 768w, https:\/\/fcspartaktrnava.com\/wp-content\/uploads\/2024\/08\/GrafikaNew-2024-08-05T095842.740-10x12.png 10w, https:\/\/fcspartaktrnava.com\/wp-content\/uploads\/2024\/08\/GrafikaNew-2024-08-05T095842.740.png 1200w\" sizes=\"auto, (max-width: 819px) 100vw, 819px\" \/><\/figure>\n<\/div>\n\n\n<h2 class=\"wp-block-heading has-text-align-center\">Z\u013dAVY PRE PERMANENTK\u00c1ROV<\/h2>\n\n\n\n<p class=\"has-text-align-center has-medium-font-size\">E\u0161te st\u00e1le plat\u00ed mo\u017enos\u0165 uplatnenia si z\u013eavy na vstupenku pre \u0161tvrtkov\u00fd z\u00e1pas pre dr\u017eite\u013eov permanentky. Klasick\u00ed permanentk\u00e1ri maj\u00fa pri online n\u00e1kupe vstupeniek z\u013eavu 30%, \u010dlenovia RODZINY SILVER si vstupenku m\u00f4\u017eu k\u00fapi\u0165 s 50%-nou z\u013eavou a \u010dlenovia RODZINY GOLD maj\u00fa vstupenky na z\u00e1pas ZADARMO. <strong>St\u00e1le v\u0161ak plat\u00ed nutnos\u0165 k\u00fapy online l\u00edstka cez port\u00e1l <a href=\"https:\/\/predpredaj.zoznam.sk\/sk\/presale\/fc-spartak-trnava-wisla-krakov-2024-08-08\/\">predpredaj.sk<\/a><\/strong><br><br><strong>Do utorka (6.8.) 12:00 si viete z\u013eavu uplatni\u0165 priamo na port\u00e1li predpredaj.sk , kto si z\u013eavu nestihne uplatni\u0165 do tohto \u010dasu, bude mu na mail poslan\u00fd unik\u00e1tny k\u00f3d, s ktor\u00fdm dan\u00fa z\u013eavu dostane. L\u00edstky sa v\u0161ak pomaly ale isto m\u00ed\u0148aj\u00fa, preto neodpor\u00fa\u010dame \u010daka\u0165 s k\u00fapou!<\/strong><\/p>\n\n\n<div class=\"wp-block-image\">\n<figure class=\"aligncenter size-large\"><img loading=\"lazy\" decoding=\"async\" width=\"819\" height=\"1024\" src=\"https:\/\/fcspartaktrnava.com\/wp-content\/uploads\/2024\/08\/GrafikaNew-2024-08-05T111826.157-819x1024.png\" alt=\"\" class=\"wp-image-20431\" srcset=\"https:\/\/fcspartaktrnava.com\/wp-content\/uploads\/2024\/08\/GrafikaNew-2024-08-05T111826.157-819x1024.png 819w, https:\/\/fcspartaktrnava.com\/wp-content\/uploads\/2024\/08\/GrafikaNew-2024-08-05T111826.157-240x300.png 240w, https:\/\/fcspartaktrnava.com\/wp-content\/uploads\/2024\/08\/GrafikaNew-2024-08-05T111826.157-768x960.png 768w, https:\/\/fcspartaktrnava.com\/wp-content\/uploads\/2024\/08\/GrafikaNew-2024-08-05T111826.157-10x12.png 10w, https:\/\/fcspartaktrnava.com\/wp-content\/uploads\/2024\/08\/GrafikaNew-2024-08-05T111826.157.png 1200w\" sizes=\"auto, (max-width: 819px) 100vw, 819px\" \/><\/figure>\n<\/div>","protected":false},"excerpt":{"rendered":"<p>Poklad\u0148a na \u0161tadi\u00f3ne Antona Malatinsk\u00e9ho bude dnes (pondelok&#8230;<\/p>","protected":false},"author":5,"featured_media":20200,"comment_status":"closed","ping_status":"closed","sticky":false,"template":"","format":"standard","meta":{"footnotes":""},"categories":[12],"tags":[],"class_list":["post-20427","post","type-post","status-publish","format-standard","has-post-thumbnail","hentry","category-spravy","post-number-1"],"yoast_head":"<!-- This site is optimized with the Yoast SEO plugin v27.1.1 - https:\/\/yoast.com\/product\/yoast-seo-wordpress\/ -->\n<title>OTVOREN\u00c1 POKLAD\u0147A A Z\u013dAVY PRE PERMANENTK\u00c1ROV - FC Spartak Trnava<\/title>\n<meta name=\"robots\" content=\"index, follow, max-snippet:-1, max-image-preview:large, max-video-preview:-1\" \/>\n<link rel=\"canonical\" href=\"https:\/\/fcspartaktrnava.com\/en\/otvorena-pokladna-a-zlavy-pre-permanentkarov\/\" \/>\n<meta name=\"twitter:label1\" content=\"Written by\" \/>\n\t<meta name=\"twitter:data1\" content=\"Samuel \u010eurinsk\u00fd\" \/>\n\t<meta name=\"twitter:label2\" content=\"Estimated reading time\" \/>\n\t<meta name=\"twitter:data2\" content=\"2 minutes\" \/>\n<script type=\"application\/ld+json\" class=\"yoast-schema-graph\">{\"@context\":\"https:\/\/schema.org\",\"@graph\":[{\"@type\":\"Article\",\"@id\":\"https:\/\/fcspartaktrnava.com\/otvorena-pokladna-a-zlavy-pre-permanentkarov\/#article\",\"isPartOf\":{\"@id\":\"https:\/\/fcspartaktrnava.com\/otvorena-pokladna-a-zlavy-pre-permanentkarov\/\"},\"author\":{\"name\":\"Samuel \u010eurinsk\u00fd\",\"@id\":\"https:\/\/fcspartaktrnava.com\/#\/schema\/person\/62c3c2562c3c56e4c0c8c2342c596ac0\"},\"headline\":\"OTVOREN\u00c1 POKLAD\u0147A A Z\u013dAVY PRE PERMANENTK\u00c1ROV\",\"datePublished\":\"2024-08-05T09:13:10+00:00\",\"dateModified\":\"2024-08-05T13:29:07+00:00\",\"mainEntityOfPage\":{\"@id\":\"https:\/\/fcspartaktrnava.com\/otvorena-pokladna-a-zlavy-pre-permanentkarov\/\"},\"wordCount\":227,\"publisher\":{\"@id\":\"https:\/\/fcspartaktrnava.com\/#organization\"},\"image\":{\"@id\":\"https:\/\/fcspartaktrnava.com\/otvorena-pokladna-a-zlavy-pre-permanentkarov\/#primaryimage\"},\"thumbnailUrl\":\"https:\/\/fcspartaktrnava.com\/wp-content\/uploads\/2024\/08\/DSC_2778.jpg\",\"articleSection\":[\"Spr\u00e1vy\"],\"inLanguage\":\"en-GB\"},{\"@type\":\"WebPage\",\"@id\":\"https:\/\/fcspartaktrnava.com\/otvorena-pokladna-a-zlavy-pre-permanentkarov\/\",\"url\":\"https:\/\/fcspartaktrnava.com\/otvorena-pokladna-a-zlavy-pre-permanentkarov\/\",\"name\":\"OTVOREN\u00c1 POKLAD\u0147A A Z\u013dAVY PRE PERMANENTK\u00c1ROV - FC Spartak Trnava\",\"isPartOf\":{\"@id\":\"https:\/\/fcspartaktrnava.com\/#website\"},\"primaryImageOfPage\":{\"@id\":\"https:\/\/fcspartaktrnava.com\/otvorena-pokladna-a-zlavy-pre-permanentkarov\/#primaryimage\"},\"image\":{\"@id\":\"https:\/\/fcspartaktrnava.com\/otvorena-pokladna-a-zlavy-pre-permanentkarov\/#primaryimage\"},\"thumbnailUrl\":\"https:\/\/fcspartaktrnava.com\/wp-content\/uploads\/2024\/08\/DSC_2778.jpg\",\"datePublished\":\"2024-08-05T09:13:10+00:00\",\"dateModified\":\"2024-08-05T13:29:07+00:00\",\"breadcrumb\":{\"@id\":\"https:\/\/fcspartaktrnava.com\/otvorena-pokladna-a-zlavy-pre-permanentkarov\/#breadcrumb\"},\"inLanguage\":\"en-GB\",\"potentialAction\":[{\"@type\":\"ReadAction\",\"target\":[\"https:\/\/fcspartaktrnava.com\/otvorena-pokladna-a-zlavy-pre-permanentkarov\/\"]}]},{\"@type\":\"ImageObject\",\"inLanguage\":\"en-GB\",\"@id\":\"https:\/\/fcspartaktrnava.com\/otvorena-pokladna-a-zlavy-pre-permanentkarov\/#primaryimage\",\"url\":\"https:\/\/fcspartaktrnava.com\/wp-content\/uploads\/2024\/08\/DSC_2778.jpg\",\"contentUrl\":\"https:\/\/fcspartaktrnava.com\/wp-content\/uploads\/2024\/08\/DSC_2778.jpg\",\"width\":1520,\"height\":1011},{\"@type\":\"BreadcrumbList\",\"@id\":\"https:\/\/fcspartaktrnava.com\/otvorena-pokladna-a-zlavy-pre-permanentkarov\/#breadcrumb\",\"itemListElement\":[{\"@type\":\"ListItem\",\"position\":1,\"name\":\"Home\",\"item\":\"https:\/\/fcspartaktrnava.com\/\"},{\"@type\":\"ListItem\",\"position\":2,\"name\":\"OTVOREN\u00c1 POKLAD\u0147A A Z\u013dAVY PRE PERMANENTK\u00c1ROV\"}]},{\"@type\":\"WebSite\",\"@id\":\"https:\/\/fcspartaktrnava.com\/#website\",\"url\":\"https:\/\/fcspartaktrnava.com\/\",\"name\":\"FC Spartak Trnava\",\"description\":\"ofici\u00e1lna webstr\u00e1nka futbalov\u00e9ho klubu\",\"publisher\":{\"@id\":\"https:\/\/fcspartaktrnava.com\/#organization\"},\"potentialAction\":[{\"@type\":\"SearchAction\",\"target\":{\"@type\":\"EntryPoint\",\"urlTemplate\":\"https:\/\/fcspartaktrnava.com\/?s={search_term_string}\"},\"query-input\":{\"@type\":\"PropertyValueSpecification\",\"valueRequired\":true,\"valueName\":\"search_term_string\"}}],\"inLanguage\":\"en-GB\"},{\"@type\":\"Organization\",\"@id\":\"https:\/\/fcspartaktrnava.com\/#organization\",\"name\":\"FC Spartak Trnava\",\"alternateName\":\"Spartak\",\"url\":\"https:\/\/fcspartaktrnava.com\/\",\"logo\":{\"@type\":\"ImageObject\",\"inLanguage\":\"en-GB\",\"@id\":\"https:\/\/fcspartaktrnava.com\/#\/schema\/logo\/image\/\",\"url\":\"https:\/\/fcspartaktrnava.com\/wp-content\/uploads\/2022\/08\/cropped-site_logo.png\",\"contentUrl\":\"https:\/\/fcspartaktrnava.com\/wp-content\/uploads\/2022\/08\/cropped-site_logo.png\",\"width\":140,\"height\":140,\"caption\":\"FC Spartak Trnava\"},\"image\":{\"@id\":\"https:\/\/fcspartaktrnava.com\/#\/schema\/logo\/image\/\"},\"sameAs\":[\"https:\/\/www.facebook.com\/SpartakTrnava\",\"https:\/\/x.com\/SpartakTrnava1\",\"https:\/\/www.instagram.com\/spartak_sk\/\"]},{\"@type\":\"Person\",\"@id\":\"https:\/\/fcspartaktrnava.com\/#\/schema\/person\/62c3c2562c3c56e4c0c8c2342c596ac0\",\"name\":\"Samuel \u010eurinsk\u00fd\",\"image\":{\"@type\":\"ImageObject\",\"inLanguage\":\"en-GB\",\"@id\":\"https:\/\/fcspartaktrnava.com\/#\/schema\/person\/image\/\",\"url\":\"https:\/\/secure.gravatar.com\/avatar\/af2fa02af92418b86ed742470664fe40056833fb68d84becf03f6ab02319257c?s=96&d=mm&r=g\",\"contentUrl\":\"https:\/\/secure.gravatar.com\/avatar\/af2fa02af92418b86ed742470664fe40056833fb68d84becf03f6ab02319257c?s=96&d=mm&r=g\",\"caption\":\"Samuel \u010eurinsk\u00fd\"},\"url\":\"https:\/\/fcspartaktrnava.com\/en\/author\/fcst-samuel\/\"}]}<\/script>\n<!-- \/ Yoast SEO plugin. -->","yoast_head_json":{"title":"OTVOREN\u00c1 POKLAD\u0147A A Z\u013dAVY PRE PERMANENTK\u00c1ROV - FC Spartak Trnava","robots":{"index":"index","follow":"follow","max-snippet":"max-snippet:-1","max-image-preview":"max-image-preview:large","max-video-preview":"max-video-preview:-1"},"canonical":"https:\/\/fcspartaktrnava.com\/en\/otvorena-pokladna-a-zlavy-pre-permanentkarov\/","twitter_misc":{"Written by":"Samuel \u010eurinsk\u00fd","Estimated reading time":"2 minutes"},"schema":{"@context":"https:\/\/schema.org","@graph":[{"@type":"Article","@id":"https:\/\/fcspartaktrnava.com\/otvorena-pokladna-a-zlavy-pre-permanentkarov\/#article","isPartOf":{"@id":"https:\/\/fcspartaktrnava.com\/otvorena-pokladna-a-zlavy-pre-permanentkarov\/"},"author":{"name":"Samuel \u010eurinsk\u00fd","@id":"https:\/\/fcspartaktrnava.com\/#\/schema\/person\/62c3c2562c3c56e4c0c8c2342c596ac0"},"headline":"OTVOREN\u00c1 POKLAD\u0147A A Z\u013dAVY PRE PERMANENTK\u00c1ROV","datePublished":"2024-08-05T09:13:10+00:00","dateModified":"2024-08-05T13:29:07+00:00","mainEntityOfPage":{"@id":"https:\/\/fcspartaktrnava.com\/otvorena-pokladna-a-zlavy-pre-permanentkarov\/"},"wordCount":227,"publisher":{"@id":"https:\/\/fcspartaktrnava.com\/#organization"},"image":{"@id":"https:\/\/fcspartaktrnava.com\/otvorena-pokladna-a-zlavy-pre-permanentkarov\/#primaryimage"},"thumbnailUrl":"https:\/\/fcspartaktrnava.com\/wp-content\/uploads\/2024\/08\/DSC_2778.jpg","articleSection":["Spr\u00e1vy"],"inLanguage":"en-GB"},{"@type":"WebPage","@id":"https:\/\/fcspartaktrnava.com\/otvorena-pokladna-a-zlavy-pre-permanentkarov\/","url":"https:\/\/fcspartaktrnava.com\/otvorena-pokladna-a-zlavy-pre-permanentkarov\/","name":"OTVOREN\u00c1 POKLAD\u0147A A Z\u013dAVY PRE PERMANENTK\u00c1ROV - FC Spartak Trnava","isPartOf":{"@id":"https:\/\/fcspartaktrnava.com\/#website"},"primaryImageOfPage":{"@id":"https:\/\/fcspartaktrnava.com\/otvorena-pokladna-a-zlavy-pre-permanentkarov\/#primaryimage"},"image":{"@id":"https:\/\/fcspartaktrnava.com\/otvorena-pokladna-a-zlavy-pre-permanentkarov\/#primaryimage"},"thumbnailUrl":"https:\/\/fcspartaktrnava.com\/wp-content\/uploads\/2024\/08\/DSC_2778.jpg","datePublished":"2024-08-05T09:13:10+00:00","dateModified":"2024-08-05T13:29:07+00:00","breadcrumb":{"@id":"https:\/\/fcspartaktrnava.com\/otvorena-pokladna-a-zlavy-pre-permanentkarov\/#breadcrumb"},"inLanguage":"en-GB","potentialAction":[{"@type":"ReadAction","target":["https:\/\/fcspartaktrnava.com\/otvorena-pokladna-a-zlavy-pre-permanentkarov\/"]}]},{"@type":"ImageObject","inLanguage":"en-GB","@id":"https:\/\/fcspartaktrnava.com\/otvorena-pokladna-a-zlavy-pre-permanentkarov\/#primaryimage","url":"https:\/\/fcspartaktrnava.com\/wp-content\/uploads\/2024\/08\/DSC_2778.jpg","contentUrl":"https:\/\/fcspartaktrnava.com\/wp-content\/uploads\/2024\/08\/DSC_2778.jpg","width":1520,"height":1011},{"@type":"BreadcrumbList","@id":"https:\/\/fcspartaktrnava.com\/otvorena-pokladna-a-zlavy-pre-permanentkarov\/#breadcrumb","itemListElement":[{"@type":"ListItem","position":1,"name":"Home","item":"https:\/\/fcspartaktrnava.com\/"},{"@type":"ListItem","position":2,"name":"OTVOREN\u00c1 POKLAD\u0147A A Z\u013dAVY PRE PERMANENTK\u00c1ROV"}]},{"@type":"WebSite","@id":"https:\/\/fcspartaktrnava.com\/#website","url":"https:\/\/fcspartaktrnava.com\/","name":"FC Spartak Trnava","description":"ofici\u00e1lna webstr\u00e1nka futbalov\u00e9ho klubu","publisher":{"@id":"https:\/\/fcspartaktrnava.com\/#organization"},"potentialAction":[{"@type":"SearchAction","target":{"@type":"EntryPoint","urlTemplate":"https:\/\/fcspartaktrnava.com\/?s={search_term_string}"},"query-input":{"@type":"PropertyValueSpecification","valueRequired":true,"valueName":"search_term_string"}}],"inLanguage":"en-GB"},{"@type":"Organization","@id":"https:\/\/fcspartaktrnava.com\/#organization","name":"FC Spartak Trnava","alternateName":"Spartak","url":"https:\/\/fcspartaktrnava.com\/","logo":{"@type":"ImageObject","inLanguage":"en-GB","@id":"https:\/\/fcspartaktrnava.com\/#\/schema\/logo\/image\/","url":"https:\/\/fcspartaktrnava.com\/wp-content\/uploads\/2022\/08\/cropped-site_logo.png","contentUrl":"https:\/\/fcspartaktrnava.com\/wp-content\/uploads\/2022\/08\/cropped-site_logo.png","width":140,"height":140,"caption":"FC Spartak Trnava"},"image":{"@id":"https:\/\/fcspartaktrnava.com\/#\/schema\/logo\/image\/"},"sameAs":["https:\/\/www.facebook.com\/SpartakTrnava","https:\/\/x.com\/SpartakTrnava1","https:\/\/www.instagram.com\/spartak_sk\/"]},{"@type":"Person","@id":"https:\/\/fcspartaktrnava.com\/#\/schema\/person\/62c3c2562c3c56e4c0c8c2342c596ac0","name":"Samuel \u010eurinsk\u00fd","image":{"@type":"ImageObject","inLanguage":"en-GB","@id":"https:\/\/fcspartaktrnava.com\/#\/schema\/person\/image\/","url":"https:\/\/secure.gravatar.com\/avatar\/af2fa02af92418b86ed742470664fe40056833fb68d84becf03f6ab02319257c?s=96&d=mm&r=g","contentUrl":"https:\/\/secure.gravatar.com\/avatar\/af2fa02af92418b86ed742470664fe40056833fb68d84becf03f6ab02319257c?s=96&d=mm&r=g","caption":"Samuel \u010eurinsk\u00fd"},"url":"https:\/\/fcspartaktrnava.com\/en\/author\/fcst-samuel\/"}]}},"_links":{"self":[{"href":"https:\/\/fcspartaktrnava.com\/en\/wp-json\/wp\/v2\/posts\/20427","targetHints":{"allow":["GET"]}}],"collection":[{"href":"https:\/\/fcspartaktrnava.com\/en\/wp-json\/wp\/v2\/posts"}],"about":[{"href":"https:\/\/fcspartaktrnava.com\/en\/wp-json\/wp\/v2\/types\/post"}],"author":[{"embeddable":true,"href":"https:\/\/fcspartaktrnava.com\/en\/wp-json\/wp\/v2\/users\/5"}],"replies":[{"embeddable":true,"href":"https:\/\/fcspartaktrnava.com\/en\/wp-json\/wp\/v2\/comments?post=20427"}],"version-history":[{"count":0,"href":"https:\/\/fcspartaktrnava.com\/en\/wp-json\/wp\/v2\/posts\/20427\/revisions"}],"wp:featuredmedia":[{"embeddable":true,"href":"https:\/\/fcspartaktrnava.com\/en\/wp-json\/wp\/v2\/media\/20200"}],"wp:attachment":[{"href":"https:\/\/fcspartaktrnava.com\/en\/wp-json\/wp\/v2\/media?parent=20427"}],"wp:term":[{"taxonomy":"category","embeddable":true,"href":"https:\/\/fcspartaktrnava.com\/en\/wp-json\/wp\/v2\/categories?post=20427"},{"taxonomy":"post_tag","embeddable":true,"href":"https:\/\/fcspartaktrnava.com\/en\/wp-json\/wp\/v2\/tags?post=20427"}],"curies":[{"name":"wp","href":"https:\/\/api.w.org\/{rel}","templated":true}]}}