{"id":2041,"date":"2022-09-29T08:08:00","date_gmt":"2022-09-29T08:08:00","guid":{"rendered":"https:\/\/fcspartaktrnava.com\/?p=2041"},"modified":"2022-10-03T08:13:45","modified_gmt":"2022-10-03T08:13:45","slug":"vantruba-sa-v-druhom-polcase-aj-zapotil","status":"publish","type":"post","link":"https:\/\/fcspartaktrnava.com\/en\/vantruba-sa-v-druhom-polcase-aj-zapotil\/","title":{"rendered":"Vantruba also sweated in the second half"},"content":{"rendered":"<p>The fans were curious as to how Spartak would handle the next cup match, in which the draw once again gave them an opponent from the lower levels of football. He advanced with Boler\u00e1z in the previous round only after penalties, which angered coach Michal Ga\u0161par\u00edk and he promised that it would not happen again. In the end, Tren\u010dianske Stankovce didn't put up any resistance and the decision was made after only twenty minutes.<\/p>\n\n\n\n<p><strong><em>\"That's how I imagine it as a coach, and it's nice when you win like that. 1200 people came, they enjoyed it and this is what it should look like. A league player should be able to manage smoothly in such matches, and then everyone will be satisfied.\"<\/em><\/strong><em>&nbsp;Ga\u0161par\u00edk also beamed with satisfaction. This time, unlike Boler\u00e1z, he made it stronger right at the beginning. Although some players could not play, the starting line-up decided the match relatively quickly, when Taiwo and \u0160tef\u00e1nik scored five goals.<\/em><\/p>\n\n\n\r\n<div class=\"gg-post-video-yt-block gg-video-yt post-2041 post type-post status-publish format-standard has-post-thumbnail hentry category-spravy post-number-1\">\r\n\t<div class=\"gg-video-inner\">\r\n\t\t\t\r\n\t\t<div class=\"gg-video-img\" style=\"background-image: url(https:\/\/i3.ytimg.com\/vi\/mGM4cr9-msg\/maxresdefault.jpg); padding-top:56.5%;\"><\/div>\r\n\t\t\t\t\t\t\r\n\t\t<div class=\"video-play-icon\"\r\n\t\t\tdata-video-id=\"mGM4cr9-msg\"\r\n\t\t\tdata-video-url=\"https:\/\/www.youtube.com\/watch?v=mGM4cr9-msg\"\r\n\t\t\tdata-video-date=\"Sep 29, 2022\"\r\n\t\t\tdata-video-title=\"Martin Vantruba po z\u00e1pase 3. kola Slovnaft Cup-u\"\r\n\t\t\tdata-video-description=\"Fan\u00fa\u0161ikovia boli zvedav\u00ed ako zvl\u00e1dne Spartak \u010fal\u0161\u00ed poh\u00e1rov\u00fd...\">\r\n\t\t\t<svg xmlns=\"http:\/\/www.w3.org\/2000\/svg\" width=\"466.667\" height=\"600\" viewbox=\"166.667 0 466.667 600\" xml:space=\"preserve\"><path d=\"m166.667 0 466.667 300-466.667 300V0z\"\/><\/svg>\t\t<\/div>\r\n\t\t\r\n\t\t<div class=\"content-box\">\r\n\t\t\t<h3 class=\"video__title\">Martin Vantruba after the match of the 3rd round of the Slovnaft Cup<\/h3>\r\n\t\t<\/div>\r\n\t\t\t\t\t\t\t\t\t\t\t\t\t\t\t\t\t\t\t\t\t\r\n\t<\/div>\r\n<\/div>\n\n\n<p><strong><em>\"The first instructions from the coach were not to repeat the performance with Boler\u00e1z. We managed to do that and practically in the first half it was decided. The guys took it very seriously, they performed well and the result is deserved.\"<\/em><\/strong><em>\u00a0says goalkeeper Martin Vantruba, who also caught the second cup duel. In the previous one, he had to face a shootout, but yesterday he was idle in the first half. In the second one, the local footballers already had chances and some were even scored, but Vantruba kept a clean sheet. However, it turned out that after the substitution, Spartak's performance went down.\u00a0<strong><em>\"During halftime, coach Kamesch told me that some intervention was coming and I should wait for him. It gradually escalated. At first there was only a cross, then some situation and finally they got into goal chances. I'm glad we kept a clean sheet with the guys and we're looking forward to the next round.\"<\/em><\/strong><\/em><\/p>\n\n\n\n<p><em>During the next weekend, the league competition will start again and Spartak will have the first of a series of away matches. On Sunday, from 6 p.m., he will perform in Zlat\u00e9 Moravce.<\/em><\/p>\n\n\n\n<div class=\"wp-block-buttons is-layout-flex wp-block-buttons-is-layout-flex\">\n<div class=\"wp-block-button aligncenter is-style-fill\"><a class=\"wp-block-button__link has-white-color has-text-color has-background\" href=\"https:\/\/fcspartaktrnava.com\/en\/galerii\/3-kolo-sc-osk-trencianske-stankovce-fc-spartak-trnava\/\" style=\"border-radius:0px;background-color:#d40133\">PHOTO GALLERY<\/a><\/div>\n<\/div>","protected":false},"excerpt":{"rendered":"<p>Fan\u00fa\u0161ikovia boli zvedav\u00ed ako zvl\u00e1dne Spartak \u010fal\u0161\u00ed poh\u00e1rov\u00fd&#8230;<\/p>","protected":false},"author":5,"featured_media":2042,"comment_status":"closed","ping_status":"closed","sticky":false,"template":"","format":"standard","meta":{"footnotes":""},"categories":[12],"tags":[],"class_list":["post-2041","post","type-post","status-publish","format-standard","has-post-thumbnail","hentry","category-spravy","post-number-2"],"yoast_head":"<!-- This site is optimized with the Yoast SEO plugin v27.1.1 - https:\/\/yoast.com\/product\/yoast-seo-wordpress\/ -->\n<title>Vantruba sa v druhom pol\u010dase aj zapotil - FC Spartak Trnava<\/title>\n<meta name=\"robots\" content=\"index, follow, max-snippet:-1, max-image-preview:large, max-video-preview:-1\" \/>\n<link rel=\"canonical\" href=\"https:\/\/fcspartaktrnava.com\/en\/vantruba-sa-v-druhom-polcase-aj-zapotil\/\" \/>\n<meta name=\"twitter:label1\" content=\"Written by\" \/>\n\t<meta name=\"twitter:data1\" content=\"Samuel \u010eurinsk\u00fd\" \/>\n\t<meta name=\"twitter:label2\" content=\"Estimated reading time\" \/>\n\t<meta name=\"twitter:data2\" content=\"2 minutes\" \/>\n<script type=\"application\/ld+json\" class=\"yoast-schema-graph\">{\"@context\":\"https:\/\/schema.org\",\"@graph\":[{\"@type\":\"Article\",\"@id\":\"https:\/\/fcspartaktrnava.com\/vantruba-sa-v-druhom-polcase-aj-zapotil\/#article\",\"isPartOf\":{\"@id\":\"https:\/\/fcspartaktrnava.com\/vantruba-sa-v-druhom-polcase-aj-zapotil\/\"},\"author\":{\"name\":\"Samuel \u010eurinsk\u00fd\",\"@id\":\"https:\/\/fcspartaktrnava.com\/#\/schema\/person\/62c3c2562c3c56e4c0c8c2342c596ac0\"},\"headline\":\"Vantruba sa v druhom pol\u010dase aj zapotil\",\"datePublished\":\"2022-09-29T08:08:00+00:00\",\"dateModified\":\"2022-10-03T08:13:45+00:00\",\"mainEntityOfPage\":{\"@id\":\"https:\/\/fcspartaktrnava.com\/vantruba-sa-v-druhom-polcase-aj-zapotil\/\"},\"wordCount\":387,\"publisher\":{\"@id\":\"https:\/\/fcspartaktrnava.com\/#organization\"},\"image\":{\"@id\":\"https:\/\/fcspartaktrnava.com\/vantruba-sa-v-druhom-polcase-aj-zapotil\/#primaryimage\"},\"thumbnailUrl\":\"https:\/\/fcspartaktrnava.com\/wp-content\/uploads\/2022\/10\/Vantruba-sa-v-druhom.jpg\",\"articleSection\":[\"Spr\u00e1vy\"],\"inLanguage\":\"en-GB\"},{\"@type\":\"WebPage\",\"@id\":\"https:\/\/fcspartaktrnava.com\/vantruba-sa-v-druhom-polcase-aj-zapotil\/\",\"url\":\"https:\/\/fcspartaktrnava.com\/vantruba-sa-v-druhom-polcase-aj-zapotil\/\",\"name\":\"Vantruba sa v druhom pol\u010dase aj zapotil - FC Spartak Trnava\",\"isPartOf\":{\"@id\":\"https:\/\/fcspartaktrnava.com\/#website\"},\"primaryImageOfPage\":{\"@id\":\"https:\/\/fcspartaktrnava.com\/vantruba-sa-v-druhom-polcase-aj-zapotil\/#primaryimage\"},\"image\":{\"@id\":\"https:\/\/fcspartaktrnava.com\/vantruba-sa-v-druhom-polcase-aj-zapotil\/#primaryimage\"},\"thumbnailUrl\":\"https:\/\/fcspartaktrnava.com\/wp-content\/uploads\/2022\/10\/Vantruba-sa-v-druhom.jpg\",\"datePublished\":\"2022-09-29T08:08:00+00:00\",\"dateModified\":\"2022-10-03T08:13:45+00:00\",\"breadcrumb\":{\"@id\":\"https:\/\/fcspartaktrnava.com\/vantruba-sa-v-druhom-polcase-aj-zapotil\/#breadcrumb\"},\"inLanguage\":\"en-GB\",\"potentialAction\":[{\"@type\":\"ReadAction\",\"target\":[\"https:\/\/fcspartaktrnava.com\/vantruba-sa-v-druhom-polcase-aj-zapotil\/\"]}]},{\"@type\":\"ImageObject\",\"inLanguage\":\"en-GB\",\"@id\":\"https:\/\/fcspartaktrnava.com\/vantruba-sa-v-druhom-polcase-aj-zapotil\/#primaryimage\",\"url\":\"https:\/\/fcspartaktrnava.com\/wp-content\/uploads\/2022\/10\/Vantruba-sa-v-druhom.jpg\",\"contentUrl\":\"https:\/\/fcspartaktrnava.com\/wp-content\/uploads\/2022\/10\/Vantruba-sa-v-druhom.jpg\",\"width\":1300,\"height\":555},{\"@type\":\"BreadcrumbList\",\"@id\":\"https:\/\/fcspartaktrnava.com\/vantruba-sa-v-druhom-polcase-aj-zapotil\/#breadcrumb\",\"itemListElement\":[{\"@type\":\"ListItem\",\"position\":1,\"name\":\"Home\",\"item\":\"https:\/\/fcspartaktrnava.com\/\"},{\"@type\":\"ListItem\",\"position\":2,\"name\":\"Vantruba sa v druhom pol\u010dase aj zapotil\"}]},{\"@type\":\"WebSite\",\"@id\":\"https:\/\/fcspartaktrnava.com\/#website\",\"url\":\"https:\/\/fcspartaktrnava.com\/\",\"name\":\"FC Spartak Trnava\",\"description\":\"ofici\u00e1lna webstr\u00e1nka futbalov\u00e9ho klubu\",\"publisher\":{\"@id\":\"https:\/\/fcspartaktrnava.com\/#organization\"},\"potentialAction\":[{\"@type\":\"SearchAction\",\"target\":{\"@type\":\"EntryPoint\",\"urlTemplate\":\"https:\/\/fcspartaktrnava.com\/?s={search_term_string}\"},\"query-input\":{\"@type\":\"PropertyValueSpecification\",\"valueRequired\":true,\"valueName\":\"search_term_string\"}}],\"inLanguage\":\"en-GB\"},{\"@type\":\"Organization\",\"@id\":\"https:\/\/fcspartaktrnava.com\/#organization\",\"name\":\"FC Spartak Trnava\",\"alternateName\":\"Spartak\",\"url\":\"https:\/\/fcspartaktrnava.com\/\",\"logo\":{\"@type\":\"ImageObject\",\"inLanguage\":\"en-GB\",\"@id\":\"https:\/\/fcspartaktrnava.com\/#\/schema\/logo\/image\/\",\"url\":\"https:\/\/fcspartaktrnava.com\/wp-content\/uploads\/2022\/08\/cropped-site_logo.png\",\"contentUrl\":\"https:\/\/fcspartaktrnava.com\/wp-content\/uploads\/2022\/08\/cropped-site_logo.png\",\"width\":140,\"height\":140,\"caption\":\"FC Spartak Trnava\"},\"image\":{\"@id\":\"https:\/\/fcspartaktrnava.com\/#\/schema\/logo\/image\/\"},\"sameAs\":[\"https:\/\/www.facebook.com\/SpartakTrnava\",\"https:\/\/x.com\/SpartakTrnava1\",\"https:\/\/www.instagram.com\/spartak_sk\/\"]},{\"@type\":\"Person\",\"@id\":\"https:\/\/fcspartaktrnava.com\/#\/schema\/person\/62c3c2562c3c56e4c0c8c2342c596ac0\",\"name\":\"Samuel \u010eurinsk\u00fd\",\"image\":{\"@type\":\"ImageObject\",\"inLanguage\":\"en-GB\",\"@id\":\"https:\/\/fcspartaktrnava.com\/#\/schema\/person\/image\/\",\"url\":\"https:\/\/secure.gravatar.com\/avatar\/af2fa02af92418b86ed742470664fe40056833fb68d84becf03f6ab02319257c?s=96&d=mm&r=g\",\"contentUrl\":\"https:\/\/secure.gravatar.com\/avatar\/af2fa02af92418b86ed742470664fe40056833fb68d84becf03f6ab02319257c?s=96&d=mm&r=g\",\"caption\":\"Samuel \u010eurinsk\u00fd\"},\"url\":\"https:\/\/fcspartaktrnava.com\/en\/author\/fcst-samuel\/\"}]}<\/script>\n<!-- \/ Yoast SEO plugin. -->","yoast_head_json":{"title":"Vantruba sa v druhom pol\u010dase aj zapotil - FC Spartak Trnava","robots":{"index":"index","follow":"follow","max-snippet":"max-snippet:-1","max-image-preview":"max-image-preview:large","max-video-preview":"max-video-preview:-1"},"canonical":"https:\/\/fcspartaktrnava.com\/en\/vantruba-sa-v-druhom-polcase-aj-zapotil\/","twitter_misc":{"Written by":"Samuel \u010eurinsk\u00fd","Estimated reading time":"2 minutes"},"schema":{"@context":"https:\/\/schema.org","@graph":[{"@type":"Article","@id":"https:\/\/fcspartaktrnava.com\/vantruba-sa-v-druhom-polcase-aj-zapotil\/#article","isPartOf":{"@id":"https:\/\/fcspartaktrnava.com\/vantruba-sa-v-druhom-polcase-aj-zapotil\/"},"author":{"name":"Samuel \u010eurinsk\u00fd","@id":"https:\/\/fcspartaktrnava.com\/#\/schema\/person\/62c3c2562c3c56e4c0c8c2342c596ac0"},"headline":"Vantruba sa v druhom pol\u010dase aj zapotil","datePublished":"2022-09-29T08:08:00+00:00","dateModified":"2022-10-03T08:13:45+00:00","mainEntityOfPage":{"@id":"https:\/\/fcspartaktrnava.com\/vantruba-sa-v-druhom-polcase-aj-zapotil\/"},"wordCount":387,"publisher":{"@id":"https:\/\/fcspartaktrnava.com\/#organization"},"image":{"@id":"https:\/\/fcspartaktrnava.com\/vantruba-sa-v-druhom-polcase-aj-zapotil\/#primaryimage"},"thumbnailUrl":"https:\/\/fcspartaktrnava.com\/wp-content\/uploads\/2022\/10\/Vantruba-sa-v-druhom.jpg","articleSection":["Spr\u00e1vy"],"inLanguage":"en-GB"},{"@type":"WebPage","@id":"https:\/\/fcspartaktrnava.com\/vantruba-sa-v-druhom-polcase-aj-zapotil\/","url":"https:\/\/fcspartaktrnava.com\/vantruba-sa-v-druhom-polcase-aj-zapotil\/","name":"Vantruba sa v druhom pol\u010dase aj zapotil - FC Spartak Trnava","isPartOf":{"@id":"https:\/\/fcspartaktrnava.com\/#website"},"primaryImageOfPage":{"@id":"https:\/\/fcspartaktrnava.com\/vantruba-sa-v-druhom-polcase-aj-zapotil\/#primaryimage"},"image":{"@id":"https:\/\/fcspartaktrnava.com\/vantruba-sa-v-druhom-polcase-aj-zapotil\/#primaryimage"},"thumbnailUrl":"https:\/\/fcspartaktrnava.com\/wp-content\/uploads\/2022\/10\/Vantruba-sa-v-druhom.jpg","datePublished":"2022-09-29T08:08:00+00:00","dateModified":"2022-10-03T08:13:45+00:00","breadcrumb":{"@id":"https:\/\/fcspartaktrnava.com\/vantruba-sa-v-druhom-polcase-aj-zapotil\/#breadcrumb"},"inLanguage":"en-GB","potentialAction":[{"@type":"ReadAction","target":["https:\/\/fcspartaktrnava.com\/vantruba-sa-v-druhom-polcase-aj-zapotil\/"]}]},{"@type":"ImageObject","inLanguage":"en-GB","@id":"https:\/\/fcspartaktrnava.com\/vantruba-sa-v-druhom-polcase-aj-zapotil\/#primaryimage","url":"https:\/\/fcspartaktrnava.com\/wp-content\/uploads\/2022\/10\/Vantruba-sa-v-druhom.jpg","contentUrl":"https:\/\/fcspartaktrnava.com\/wp-content\/uploads\/2022\/10\/Vantruba-sa-v-druhom.jpg","width":1300,"height":555},{"@type":"BreadcrumbList","@id":"https:\/\/fcspartaktrnava.com\/vantruba-sa-v-druhom-polcase-aj-zapotil\/#breadcrumb","itemListElement":[{"@type":"ListItem","position":1,"name":"Home","item":"https:\/\/fcspartaktrnava.com\/"},{"@type":"ListItem","position":2,"name":"Vantruba sa v druhom pol\u010dase aj zapotil"}]},{"@type":"WebSite","@id":"https:\/\/fcspartaktrnava.com\/#website","url":"https:\/\/fcspartaktrnava.com\/","name":"FC Spartak Trnava","description":"ofici\u00e1lna webstr\u00e1nka futbalov\u00e9ho klubu","publisher":{"@id":"https:\/\/fcspartaktrnava.com\/#organization"},"potentialAction":[{"@type":"SearchAction","target":{"@type":"EntryPoint","urlTemplate":"https:\/\/fcspartaktrnava.com\/?s={search_term_string}"},"query-input":{"@type":"PropertyValueSpecification","valueRequired":true,"valueName":"search_term_string"}}],"inLanguage":"en-GB"},{"@type":"Organization","@id":"https:\/\/fcspartaktrnava.com\/#organization","name":"FC Spartak Trnava","alternateName":"Spartak","url":"https:\/\/fcspartaktrnava.com\/","logo":{"@type":"ImageObject","inLanguage":"en-GB","@id":"https:\/\/fcspartaktrnava.com\/#\/schema\/logo\/image\/","url":"https:\/\/fcspartaktrnava.com\/wp-content\/uploads\/2022\/08\/cropped-site_logo.png","contentUrl":"https:\/\/fcspartaktrnava.com\/wp-content\/uploads\/2022\/08\/cropped-site_logo.png","width":140,"height":140,"caption":"FC Spartak Trnava"},"image":{"@id":"https:\/\/fcspartaktrnava.com\/#\/schema\/logo\/image\/"},"sameAs":["https:\/\/www.facebook.com\/SpartakTrnava","https:\/\/x.com\/SpartakTrnava1","https:\/\/www.instagram.com\/spartak_sk\/"]},{"@type":"Person","@id":"https:\/\/fcspartaktrnava.com\/#\/schema\/person\/62c3c2562c3c56e4c0c8c2342c596ac0","name":"Samuel \u010eurinsk\u00fd","image":{"@type":"ImageObject","inLanguage":"en-GB","@id":"https:\/\/fcspartaktrnava.com\/#\/schema\/person\/image\/","url":"https:\/\/secure.gravatar.com\/avatar\/af2fa02af92418b86ed742470664fe40056833fb68d84becf03f6ab02319257c?s=96&d=mm&r=g","contentUrl":"https:\/\/secure.gravatar.com\/avatar\/af2fa02af92418b86ed742470664fe40056833fb68d84becf03f6ab02319257c?s=96&d=mm&r=g","caption":"Samuel \u010eurinsk\u00fd"},"url":"https:\/\/fcspartaktrnava.com\/en\/author\/fcst-samuel\/"}]}},"_links":{"self":[{"href":"https:\/\/fcspartaktrnava.com\/en\/wp-json\/wp\/v2\/posts\/2041","targetHints":{"allow":["GET"]}}],"collection":[{"href":"https:\/\/fcspartaktrnava.com\/en\/wp-json\/wp\/v2\/posts"}],"about":[{"href":"https:\/\/fcspartaktrnava.com\/en\/wp-json\/wp\/v2\/types\/post"}],"author":[{"embeddable":true,"href":"https:\/\/fcspartaktrnava.com\/en\/wp-json\/wp\/v2\/users\/5"}],"replies":[{"embeddable":true,"href":"https:\/\/fcspartaktrnava.com\/en\/wp-json\/wp\/v2\/comments?post=2041"}],"version-history":[{"count":0,"href":"https:\/\/fcspartaktrnava.com\/en\/wp-json\/wp\/v2\/posts\/2041\/revisions"}],"wp:featuredmedia":[{"embeddable":true,"href":"https:\/\/fcspartaktrnava.com\/en\/wp-json\/wp\/v2\/media\/2042"}],"wp:attachment":[{"href":"https:\/\/fcspartaktrnava.com\/en\/wp-json\/wp\/v2\/media?parent=2041"}],"wp:term":[{"taxonomy":"category","embeddable":true,"href":"https:\/\/fcspartaktrnava.com\/en\/wp-json\/wp\/v2\/categories?post=2041"},{"taxonomy":"post_tag","embeddable":true,"href":"https:\/\/fcspartaktrnava.com\/en\/wp-json\/wp\/v2\/tags?post=2041"}],"curies":[{"name":"wp","href":"https:\/\/api.w.org\/{rel}","templated":true}]}}