{"id":20140,"date":"2024-07-30T16:59:59","date_gmt":"2024-07-30T14:59:59","guid":{"rendered":"https:\/\/fcspartaktrnava.com\/?p=20140"},"modified":"2024-07-30T17:59:55","modified_gmt":"2024-07-30T15:59:55","slug":"duris-ked-je-stadion-naplneny-atmosfera-je-tu-uzasna-a-samozrejme-ze-nam-to-pomoze","status":"publish","type":"post","link":"https:\/\/fcspartaktrnava.com\/en\/duris-ked-je-stadion-naplneny-atmosfera-je-tu-uzasna-a-samozrejme-ze-nam-to-pomoze\/","title":{"rendered":"\u010eURI\u0160: &#8222;Ke\u010f je \u0161tadi\u00f3n naplnen\u00fd, atmosf\u00e9ra je tu \u00fa\u017easn\u00e1 a pom\u00f4\u017ee n\u00e1m to.&#8220;"},"content":{"rendered":"<p class=\"has-text-align-center has-medium-font-size\"><strong>U\u017e len nie\u010do vy\u0161e 24 hod\u00edn n\u00e1s del\u00ed od \u010fal\u0161ieho d\u00f4le\u017eit\u00e9ho eur\u00f3pskeho ve\u010dera v Trnave. Z\u00e1pas proti FK Sarajevo a spolo\u010dn\u00e1 snaha o pokra\u010dovanie v snahe o poh\u00e1rov\u00fa jese\u0148. <\/strong><\/p>\n\n\n\n<p class=\"has-text-align-center has-medium-font-size\"><strong>Po\u010fme si spolo\u010dne po postup! <\/strong><\/p>\n\n\n\n<p class=\"has-text-align-center has-medium-font-size\"><strong>Stredaj\u0161\u00ed ve\u010der bude patri\u0165 duelu proti h\u00fa\u017eevnat\u00e9mu s\u00faperovi z Bosny a Hercegoviny. FK Sarajevo hnalo dopredu v prvom z\u00e1pase na jeho p\u00f4de vy\u0161e 27 000 div\u00e1kov a my potrebujeme, aby ste n\u00e1s pri\u0161li podpori\u0165<\/strong> <strong>v \u010do najv\u00e4\u010d\u0161om po\u010dte.<\/strong><\/p>\n\n\n\n<figure class=\"wp-block-image size-large\"><img loading=\"lazy\" decoding=\"async\" width=\"1024\" height=\"681\" src=\"https:\/\/fcspartaktrnava.com\/wp-content\/uploads\/2024\/07\/DSC_8901-1-1024x681.jpg\" alt=\"\" class=\"wp-image-20144\" srcset=\"https:\/\/fcspartaktrnava.com\/wp-content\/uploads\/2024\/07\/DSC_8901-1-1024x681.jpg 1024w, https:\/\/fcspartaktrnava.com\/wp-content\/uploads\/2024\/07\/DSC_8901-1-300x200.jpg 300w, https:\/\/fcspartaktrnava.com\/wp-content\/uploads\/2024\/07\/DSC_8901-1-768x511.jpg 768w, https:\/\/fcspartaktrnava.com\/wp-content\/uploads\/2024\/07\/DSC_8901-1-1536x1022.jpg 1536w, https:\/\/fcspartaktrnava.com\/wp-content\/uploads\/2024\/07\/DSC_8901-1-2048x1363.jpg 2048w, https:\/\/fcspartaktrnava.com\/wp-content\/uploads\/2024\/07\/DSC_8901-1-18x12.jpg 18w\" sizes=\"auto, (max-width: 1024px) 100vw, 1024px\" \/><\/figure>\n\n\n\n<h2 class=\"wp-block-heading has-text-align-center has-white-color has-black-background-color has-text-color has-background has-link-color wp-elements-423bcefd8269ebea1a1ac0e5a43abdba\">Odhodlan\u00fd s\u00faper, odhodlan\u00fd Spartak<\/h2>\n\n\n\n<p class=\"has-text-align-center has-medium-font-size\">Tr\u00e9ner Michal Ga\u0161par\u00edk si uvedomuje, \u017ee proti jeho zverencom bude st\u00e1\u0165 odhodlan\u00fd a h\u00fa\u017eevnat\u00fd s\u00faper ale ver\u00ed, \u017ee to preklop\u00edme na svoju stranu a p\u00f4jdeme \u010falej. V\u010faka dom\u00e1cemu prostrediu, v\u010faka v\u00e1m a v\u010faka kvalite, ktor\u00fa v k\u00e1dri m\u00e1me. <\/p>\n\n\n\n<p class=\"has-text-align-center has-medium-font-size\">Dva s\u00fa\u0165a\u017en\u00e9 z\u00e1pasy bez g\u00f3lu. \u00davod sez\u00f3ny priniesol dve bezg\u00f3lov\u00e9 rem\u00edzy a k\u013e\u00fa\u010dom k \u00faspechu proti Sarajevu bude, okrem koncentrovanej obrany, zlep\u0161i\u0165 ofenz\u00edvnu \u010das\u0165 hry. <\/p>\n\n\n\n<p class=\"has-text-align-center has-medium-font-size\"><strong>&#8222;Z\u00e1pas proti Sarajevu sme si  vyhodnotili \u010d\u00edselne aj prostredn\u00edctvom videa. Sarajevo malo v prvom pol\u010dase tri strely na br\u00e1nu, po na\u0161ich &#8222;mal\u00fdch&#8220; domov, kde sme urobili fat\u00e1lne chyby ale na\u0161\u0165astie sme to zachr\u00e1nili. V druhom pol\u010dase sme sa s\u00fastredili na defenz\u00edvu a nevystrelil n\u00e1m na br\u00e1nu. Ale ch\u00fdbala n\u00e1m ofenz\u00edva a tu pr\u00e1ve bude k\u013e\u00fa\u010d k \u00faspechu a priestor, kde sa m\u00f4\u017eeme zlep\u0161i\u0165. Vieme, ako s\u00fapera ubr\u00e1ni\u0165.&#8220;<\/strong> povedal tr\u00e9ner Ga\u0161par\u00edk na predz\u00e1pasovej tla\u010dovej konferencii.<\/p>\n\n\n\n<figure class=\"wp-block-image size-large\"><img loading=\"lazy\" decoding=\"async\" width=\"1024\" height=\"683\" src=\"https:\/\/fcspartaktrnava.com\/wp-content\/uploads\/2024\/07\/DSC_1378-1024x683.jpg\" alt=\"\" class=\"wp-image-20141\" srcset=\"https:\/\/fcspartaktrnava.com\/wp-content\/uploads\/2024\/07\/DSC_1378-1024x683.jpg 1024w, https:\/\/fcspartaktrnava.com\/wp-content\/uploads\/2024\/07\/DSC_1378-300x200.jpg 300w, https:\/\/fcspartaktrnava.com\/wp-content\/uploads\/2024\/07\/DSC_1378-768x512.jpg 768w, https:\/\/fcspartaktrnava.com\/wp-content\/uploads\/2024\/07\/DSC_1378-1536x1024.jpg 1536w, https:\/\/fcspartaktrnava.com\/wp-content\/uploads\/2024\/07\/DSC_1378-2048x1365.jpg 2048w, https:\/\/fcspartaktrnava.com\/wp-content\/uploads\/2024\/07\/DSC_1378-18x12.jpg 18w\" sizes=\"auto, (max-width: 1024px) 100vw, 1024px\" \/><\/figure>\n\n\n\n<hr class=\"wp-block-separator has-text-color has-vivid-red-color has-alpha-channel-opacity has-vivid-red-background-color has-background is-style-dots\"\/>\n\n\n\n<p class=\"has-text-align-center has-white-color has-vivid-red-background-color has-text-color has-background has-link-color has-medium-font-size wp-elements-7a8bf85790181337774bc7d0674e387e\"><strong>&#8222;Vieme, \u010do chceme hra\u0165, ako sa dosta\u0165 do s\u00faperovej obrany, ako vies\u0165 \u00fatok a ver\u00edm, \u017ee kone\u010dne n\u00e1jdeme u\u017e spr\u00e1vnu mu\u0161ku.&#8220;<\/strong> Michal Ga\u0161par\u00edk<\/p>\n\n\n\n<h2 class=\"wp-block-heading has-text-align-center\">\u0160pecifickos\u0165 poh\u00e1rov\u00fdch z\u00e1pasov<\/h2>\n\n\n\n<p class=\"has-text-align-center has-medium-font-size\">Na tr\u00e9nera Ga\u0161par\u00edka nadviazal slovami aj sk\u00fasen\u00fd \u00fato\u010dn\u00edk Michal \u010euri\u0161, ktor\u00fd ver\u00ed v kvalitu mu\u017estva. <\/p>\n\n\n\n<p class=\"has-text-align-center has-medium-font-size\"><strong>&#8222;Poh\u00e1rov\u00e9 z\u00e1pasy s\u00fa \u0161pecifick\u00e9 v tom, \u017ee sa hr\u00e1 na dva z\u00e1pasy. V Sarajeve sme vedeli, \u010do chceme hra\u0165 a nechceli sme inkasova\u0165 g\u00f3l. V\u00fdsledok 0:0 je do odvety dobr\u00fd. V z\u00e1pase proti Tren\u010d\u00ednu sme mali viacer\u00e9 \u0161ance, \u010do je pozit\u00edvne, ale treba ich premie\u0148a\u0165. Ver\u00edm, \u017ee sa niekto z n\u00e1s \u00fato\u010dn\u00edkov chyt\u00ed a g\u00f3lovo to potiahne. Mo\u017eno je teraz trochu v\u00e4\u010d\u0161\u00ed tlak na \u00fato\u010dn\u00edkov, preto\u017ee od n\u00e1s sa \u010dakaj\u00fa g\u00f3ly. Ak premen\u00edme prv\u00fa \u0161ancu, tak sa z\u00e1pas bude vyv\u00edja\u0165 \u00faplne inak a mo\u017eno prid\u00e1me aj \u010fal\u0161ie g\u00f3ly.&#8220;<\/strong><\/p>\n\n\n\n<p class=\"has-text-align-center has-medium-font-size\">Michal \u010euri\u0161 sa musel v Sarajeve vysporiada\u0165 s viacer\u00fdmi n\u00e1ro\u010dn\u00fdmi s\u00fabojmi s obranou s\u00fapera a ver\u00ed, \u017ee dom\u00e1ci z\u00e1pas bude \u00faplne in\u00fd a n\u00e1\u0161 t\u00edm bude ten, \u010do bude chcie\u0165 tvori\u0165 hru a tlak a do n\u00e1ro\u010dn\u00fdch situ\u00e1ci\u00ed sa dostaneme \u010do najmenej. <\/p>\n\n\n\n<figure class=\"wp-block-image size-large\"><img loading=\"lazy\" decoding=\"async\" width=\"1024\" height=\"683\" src=\"https:\/\/fcspartaktrnava.com\/wp-content\/uploads\/2024\/07\/DSC_1362-1024x683.jpg\" alt=\"\" class=\"wp-image-20142\" srcset=\"https:\/\/fcspartaktrnava.com\/wp-content\/uploads\/2024\/07\/DSC_1362-1024x683.jpg 1024w, https:\/\/fcspartaktrnava.com\/wp-content\/uploads\/2024\/07\/DSC_1362-300x200.jpg 300w, https:\/\/fcspartaktrnava.com\/wp-content\/uploads\/2024\/07\/DSC_1362-768x512.jpg 768w, https:\/\/fcspartaktrnava.com\/wp-content\/uploads\/2024\/07\/DSC_1362-1536x1024.jpg 1536w, https:\/\/fcspartaktrnava.com\/wp-content\/uploads\/2024\/07\/DSC_1362-2048x1365.jpg 2048w, https:\/\/fcspartaktrnava.com\/wp-content\/uploads\/2024\/07\/DSC_1362-18x12.jpg 18w\" sizes=\"auto, (max-width: 1024px) 100vw, 1024px\" \/><\/figure>\n\n\n\n<p class=\"has-text-align-center has-white-color has-vivid-red-background-color has-text-color has-background has-link-color has-medium-font-size wp-elements-19685814ce41decc971be722e3242f58\"><strong>Tr\u00e9ner sa mus\u00ed vysporiada\u0165 s viacer\u00fdmi zranen\u00fdmi hr\u00e1\u010dmi &#8211; dovedna je ich osem. St\u00e1le a dlhodobo nem\u00f4\u017ee po\u010d\u00edta\u0165 s Oforim, Danielom, Bolajim a Bukatom. V\u0161etko s\u00fa to zranenia e\u0161te z predo\u0161lej sez\u00f3ny. Nov\u00e9 zranenia sa t\u00fdkaj\u00fa Kratochv\u00edla, Kubistu, \u0160uleka a \u0160tetinu.<\/strong><\/p>\n\n\n\n<hr class=\"wp-block-separator has-text-color has-black-color has-alpha-channel-opacity has-black-background-color has-background is-style-dots\"\/>\n\n\n\n<p class=\"has-text-align-center has-white-color has-black-background-color has-text-color has-background has-link-color has-medium-font-size wp-elements-e42824271726cc6e0afd3d137a2eb949\"><strong>VIDEO: Pozrite si cel\u00fa tla\u010dov\u00fa konferenciu pred z\u00e1pasom proti FK Sarajevo<\/strong><\/p>\n\n\n\n<figure class=\"wp-block-embed is-type-video is-provider-youtube wp-block-embed-youtube wp-embed-aspect-16-9 wp-has-aspect-ratio\"><div class=\"wp-block-embed__wrapper\">\n<iframe loading=\"lazy\" title=\"Tla\u010dov\u00e1 konferencia | Michal Ga\u0161par\u00edk a Michal \u010euri\u0161 pred odvetou s FK Sarajevo\" width=\"500\" height=\"281\" src=\"https:\/\/www.youtube.com\/embed\/Cjttg81DZNs?feature=oembed\" frameborder=\"0\" allow=\"accelerometer; autoplay; clipboard-write; encrypted-media; gyroscope; picture-in-picture; web-share\" referrerpolicy=\"strict-origin-when-cross-origin\" allowfullscreen><\/iframe>\n<\/div><\/figure>\n\n\n\n<hr class=\"wp-block-separator has-text-color has-vivid-red-color has-alpha-channel-opacity has-vivid-red-background-color has-background is-style-dots\"\/>\n\n\n\n<p class=\"has-text-align-center has-medium-font-size\"><strong>Hr\u00e1\u010di dnes absolvovali predz\u00e1pasov\u00fd tr\u00e9ning na \u0160tadi\u00f3ne Antona Malatinsk\u00e9ho<\/strong>. Z\u00e1bery z tr\u00e9ningu n\u00e1jdete na na\u0161om webe ale aj na soci\u00e1lnych sie\u0165ach. <\/p>\n\n\n<div class=\"wp-block-image\">\n<figure class=\"aligncenter size-large\"><img loading=\"lazy\" decoding=\"async\" width=\"1024\" height=\"683\" src=\"https:\/\/fcspartaktrnava.com\/wp-content\/uploads\/2024\/07\/DSC_1043-2-1024x683.jpg\" alt=\"\" class=\"wp-image-20147\" srcset=\"https:\/\/fcspartaktrnava.com\/wp-content\/uploads\/2024\/07\/DSC_1043-2-1024x683.jpg 1024w, https:\/\/fcspartaktrnava.com\/wp-content\/uploads\/2024\/07\/DSC_1043-2-300x200.jpg 300w, https:\/\/fcspartaktrnava.com\/wp-content\/uploads\/2024\/07\/DSC_1043-2-768x512.jpg 768w, https:\/\/fcspartaktrnava.com\/wp-content\/uploads\/2024\/07\/DSC_1043-2-1536x1024.jpg 1536w, https:\/\/fcspartaktrnava.com\/wp-content\/uploads\/2024\/07\/DSC_1043-2-2048x1365.jpg 2048w, https:\/\/fcspartaktrnava.com\/wp-content\/uploads\/2024\/07\/DSC_1043-2-18x12.jpg 18w\" sizes=\"auto, (max-width: 1024px) 100vw, 1024px\" \/><\/figure>\n<\/div>\n\n\n<p class=\"has-text-align-center has-white-color has-vivid-red-background-color has-text-color has-background has-link-color has-medium-font-size wp-elements-932f0b53b31f5d30a08c153603a2414c\"><strong>Pripom\u00edname, \u017ee predaj vstupeniek na Sarajevo st\u00e1le be\u017e\u00ed ONLINE na predpredaj.sk a pokladne pred z\u00e1pasom bud\u00fa otvoren\u00e9 od 17:00 &#8211; 19:30. <\/strong><\/p>\n\n\n\n<p class=\"has-text-align-center\"><a href=\"https:\/\/predpredaj.zoznam.sk\/sk\/listky\/fc-spartak-trnava-fk-sarajevo-2024-07-31\"><strong>https:\/\/predpredaj.zoznam.sk\/sk\/listky\/fc-spartak-trnava-fk-sarajevo-2024-07-31<\/strong><\/a><\/p>\n\n\n\n<p class=\"has-text-align-center has-white-color has-vivid-red-background-color has-text-color has-background has-link-color has-medium-font-size wp-elements-29510120c3f29f62985f073c1f25a0fb\"><strong>Tak po\u010fme spolo\u010dne zaplni\u0165 trib\u00fany a pokra\u010dova\u0165 na spolo\u010dnej poh\u00e1rovej ceste. <\/strong><\/p>\n\n\n<div class=\"wp-block-image\">\n<figure class=\"aligncenter size-full\"><img loading=\"lazy\" decoding=\"async\" width=\"768\" height=\"960\" src=\"https:\/\/fcspartaktrnava.com\/wp-content\/uploads\/2024\/07\/vstupenky.jpg\" alt=\"\" class=\"wp-image-20145\" srcset=\"https:\/\/fcspartaktrnava.com\/wp-content\/uploads\/2024\/07\/vstupenky.jpg 768w, https:\/\/fcspartaktrnava.com\/wp-content\/uploads\/2024\/07\/vstupenky-240x300.jpg 240w, https:\/\/fcspartaktrnava.com\/wp-content\/uploads\/2024\/07\/vstupenky-10x12.jpg 10w\" sizes=\"auto, (max-width: 768px) 100vw, 768px\" \/><\/figure>\n<\/div>","protected":false},"excerpt":{"rendered":"<p>U\u017e len nie\u010do vy\u0161e 24 hod\u00edn n\u00e1s del\u00ed&#8230;<\/p>","protected":false},"author":5,"featured_media":20146,"comment_status":"closed","ping_status":"closed","sticky":false,"template":"","format":"standard","meta":{"footnotes":""},"categories":[12,18,20],"tags":[],"class_list":["post-20140","post","type-post","status-publish","format-standard","has-post-thumbnail","hentry","category-spravy","category-video","category-zapas","post-number-1"],"yoast_head":"<!-- This site is optimized with the Yoast SEO plugin v27.1.1 - https:\/\/yoast.com\/product\/yoast-seo-wordpress\/ -->\n<title>\u010eURI\u0160: &quot;Ke\u010f je \u0161tadi\u00f3n naplnen\u00fd, atmosf\u00e9ra je tu \u00fa\u017easn\u00e1 a pom\u00f4\u017ee n\u00e1m to.&quot; - FC Spartak Trnava<\/title>\n<meta name=\"robots\" content=\"index, follow, max-snippet:-1, max-image-preview:large, max-video-preview:-1\" \/>\n<link rel=\"canonical\" href=\"https:\/\/fcspartaktrnava.com\/en\/duris-ked-je-stadion-naplneny-atmosfera-je-tu-uzasna-a-samozrejme-ze-nam-to-pomoze\/\" \/>\n<meta name=\"twitter:label1\" content=\"Written by\" \/>\n\t<meta name=\"twitter:data1\" content=\"Samuel \u010eurinsk\u00fd\" \/>\n\t<meta name=\"twitter:label2\" content=\"Estimated reading time\" \/>\n\t<meta name=\"twitter:data2\" content=\"4 minutes\" \/>\n<script type=\"application\/ld+json\" class=\"yoast-schema-graph\">{\"@context\":\"https:\/\/schema.org\",\"@graph\":[{\"@type\":\"Article\",\"@id\":\"https:\/\/fcspartaktrnava.com\/duris-ked-je-stadion-naplneny-atmosfera-je-tu-uzasna-a-samozrejme-ze-nam-to-pomoze\/#article\",\"isPartOf\":{\"@id\":\"https:\/\/fcspartaktrnava.com\/duris-ked-je-stadion-naplneny-atmosfera-je-tu-uzasna-a-samozrejme-ze-nam-to-pomoze\/\"},\"author\":{\"name\":\"Samuel \u010eurinsk\u00fd\",\"@id\":\"https:\/\/fcspartaktrnava.com\/#\/schema\/person\/62c3c2562c3c56e4c0c8c2342c596ac0\"},\"headline\":\"\u010eURI\u0160: &#8222;Ke\u010f je \u0161tadi\u00f3n naplnen\u00fd, atmosf\u00e9ra je tu \u00fa\u017easn\u00e1 a pom\u00f4\u017ee n\u00e1m to.&#8220;\",\"datePublished\":\"2024-07-30T14:59:59+00:00\",\"dateModified\":\"2024-07-30T15:59:55+00:00\",\"mainEntityOfPage\":{\"@id\":\"https:\/\/fcspartaktrnava.com\/duris-ked-je-stadion-naplneny-atmosfera-je-tu-uzasna-a-samozrejme-ze-nam-to-pomoze\/\"},\"wordCount\":691,\"publisher\":{\"@id\":\"https:\/\/fcspartaktrnava.com\/#organization\"},\"image\":{\"@id\":\"https:\/\/fcspartaktrnava.com\/duris-ked-je-stadion-naplneny-atmosfera-je-tu-uzasna-a-samozrejme-ze-nam-to-pomoze\/#primaryimage\"},\"thumbnailUrl\":\"https:\/\/fcspartaktrnava.com\/wp-content\/uploads\/2024\/07\/DSC_1040-1-scaled.jpg\",\"articleSection\":[\"Spr\u00e1vy\",\"Video\",\"Z\u00e1pas\"],\"inLanguage\":\"en-GB\"},{\"@type\":\"WebPage\",\"@id\":\"https:\/\/fcspartaktrnava.com\/duris-ked-je-stadion-naplneny-atmosfera-je-tu-uzasna-a-samozrejme-ze-nam-to-pomoze\/\",\"url\":\"https:\/\/fcspartaktrnava.com\/duris-ked-je-stadion-naplneny-atmosfera-je-tu-uzasna-a-samozrejme-ze-nam-to-pomoze\/\",\"name\":\"\u010eURI\u0160: \\\"Ke\u010f je \u0161tadi\u00f3n naplnen\u00fd, atmosf\u00e9ra je tu \u00fa\u017easn\u00e1 a pom\u00f4\u017ee n\u00e1m to.\\\" - FC Spartak Trnava\",\"isPartOf\":{\"@id\":\"https:\/\/fcspartaktrnava.com\/#website\"},\"primaryImageOfPage\":{\"@id\":\"https:\/\/fcspartaktrnava.com\/duris-ked-je-stadion-naplneny-atmosfera-je-tu-uzasna-a-samozrejme-ze-nam-to-pomoze\/#primaryimage\"},\"image\":{\"@id\":\"https:\/\/fcspartaktrnava.com\/duris-ked-je-stadion-naplneny-atmosfera-je-tu-uzasna-a-samozrejme-ze-nam-to-pomoze\/#primaryimage\"},\"thumbnailUrl\":\"https:\/\/fcspartaktrnava.com\/wp-content\/uploads\/2024\/07\/DSC_1040-1-scaled.jpg\",\"datePublished\":\"2024-07-30T14:59:59+00:00\",\"dateModified\":\"2024-07-30T15:59:55+00:00\",\"breadcrumb\":{\"@id\":\"https:\/\/fcspartaktrnava.com\/duris-ked-je-stadion-naplneny-atmosfera-je-tu-uzasna-a-samozrejme-ze-nam-to-pomoze\/#breadcrumb\"},\"inLanguage\":\"en-GB\",\"potentialAction\":[{\"@type\":\"ReadAction\",\"target\":[\"https:\/\/fcspartaktrnava.com\/duris-ked-je-stadion-naplneny-atmosfera-je-tu-uzasna-a-samozrejme-ze-nam-to-pomoze\/\"]}]},{\"@type\":\"ImageObject\",\"inLanguage\":\"en-GB\",\"@id\":\"https:\/\/fcspartaktrnava.com\/duris-ked-je-stadion-naplneny-atmosfera-je-tu-uzasna-a-samozrejme-ze-nam-to-pomoze\/#primaryimage\",\"url\":\"https:\/\/fcspartaktrnava.com\/wp-content\/uploads\/2024\/07\/DSC_1040-1-scaled.jpg\",\"contentUrl\":\"https:\/\/fcspartaktrnava.com\/wp-content\/uploads\/2024\/07\/DSC_1040-1-scaled.jpg\",\"width\":2560,\"height\":1707},{\"@type\":\"BreadcrumbList\",\"@id\":\"https:\/\/fcspartaktrnava.com\/duris-ked-je-stadion-naplneny-atmosfera-je-tu-uzasna-a-samozrejme-ze-nam-to-pomoze\/#breadcrumb\",\"itemListElement\":[{\"@type\":\"ListItem\",\"position\":1,\"name\":\"Home\",\"item\":\"https:\/\/fcspartaktrnava.com\/\"},{\"@type\":\"ListItem\",\"position\":2,\"name\":\"\u010eURI\u0160: &#8222;Ke\u010f je \u0161tadi\u00f3n naplnen\u00fd, atmosf\u00e9ra je tu \u00fa\u017easn\u00e1 a pom\u00f4\u017ee n\u00e1m to.&#8220;\"}]},{\"@type\":\"WebSite\",\"@id\":\"https:\/\/fcspartaktrnava.com\/#website\",\"url\":\"https:\/\/fcspartaktrnava.com\/\",\"name\":\"FC Spartak Trnava\",\"description\":\"ofici\u00e1lna webstr\u00e1nka futbalov\u00e9ho klubu\",\"publisher\":{\"@id\":\"https:\/\/fcspartaktrnava.com\/#organization\"},\"potentialAction\":[{\"@type\":\"SearchAction\",\"target\":{\"@type\":\"EntryPoint\",\"urlTemplate\":\"https:\/\/fcspartaktrnava.com\/?s={search_term_string}\"},\"query-input\":{\"@type\":\"PropertyValueSpecification\",\"valueRequired\":true,\"valueName\":\"search_term_string\"}}],\"inLanguage\":\"en-GB\"},{\"@type\":\"Organization\",\"@id\":\"https:\/\/fcspartaktrnava.com\/#organization\",\"name\":\"FC Spartak Trnava\",\"alternateName\":\"Spartak\",\"url\":\"https:\/\/fcspartaktrnava.com\/\",\"logo\":{\"@type\":\"ImageObject\",\"inLanguage\":\"en-GB\",\"@id\":\"https:\/\/fcspartaktrnava.com\/#\/schema\/logo\/image\/\",\"url\":\"https:\/\/fcspartaktrnava.com\/wp-content\/uploads\/2022\/08\/cropped-site_logo.png\",\"contentUrl\":\"https:\/\/fcspartaktrnava.com\/wp-content\/uploads\/2022\/08\/cropped-site_logo.png\",\"width\":140,\"height\":140,\"caption\":\"FC Spartak Trnava\"},\"image\":{\"@id\":\"https:\/\/fcspartaktrnava.com\/#\/schema\/logo\/image\/\"},\"sameAs\":[\"https:\/\/www.facebook.com\/SpartakTrnava\",\"https:\/\/x.com\/SpartakTrnava1\",\"https:\/\/www.instagram.com\/spartak_sk\/\"]},{\"@type\":\"Person\",\"@id\":\"https:\/\/fcspartaktrnava.com\/#\/schema\/person\/62c3c2562c3c56e4c0c8c2342c596ac0\",\"name\":\"Samuel \u010eurinsk\u00fd\",\"image\":{\"@type\":\"ImageObject\",\"inLanguage\":\"en-GB\",\"@id\":\"https:\/\/fcspartaktrnava.com\/#\/schema\/person\/image\/\",\"url\":\"https:\/\/secure.gravatar.com\/avatar\/af2fa02af92418b86ed742470664fe40056833fb68d84becf03f6ab02319257c?s=96&d=mm&r=g\",\"contentUrl\":\"https:\/\/secure.gravatar.com\/avatar\/af2fa02af92418b86ed742470664fe40056833fb68d84becf03f6ab02319257c?s=96&d=mm&r=g\",\"caption\":\"Samuel \u010eurinsk\u00fd\"},\"url\":\"https:\/\/fcspartaktrnava.com\/en\/author\/fcst-samuel\/\"}]}<\/script>\n<!-- \/ Yoast SEO plugin. -->","yoast_head_json":{"title":"\u010eURI\u0160: \"Ke\u010f je \u0161tadi\u00f3n naplnen\u00fd, atmosf\u00e9ra je tu \u00fa\u017easn\u00e1 a pom\u00f4\u017ee n\u00e1m to.\" - FC Spartak Trnava","robots":{"index":"index","follow":"follow","max-snippet":"max-snippet:-1","max-image-preview":"max-image-preview:large","max-video-preview":"max-video-preview:-1"},"canonical":"https:\/\/fcspartaktrnava.com\/en\/duris-ked-je-stadion-naplneny-atmosfera-je-tu-uzasna-a-samozrejme-ze-nam-to-pomoze\/","twitter_misc":{"Written by":"Samuel \u010eurinsk\u00fd","Estimated reading time":"4 minutes"},"schema":{"@context":"https:\/\/schema.org","@graph":[{"@type":"Article","@id":"https:\/\/fcspartaktrnava.com\/duris-ked-je-stadion-naplneny-atmosfera-je-tu-uzasna-a-samozrejme-ze-nam-to-pomoze\/#article","isPartOf":{"@id":"https:\/\/fcspartaktrnava.com\/duris-ked-je-stadion-naplneny-atmosfera-je-tu-uzasna-a-samozrejme-ze-nam-to-pomoze\/"},"author":{"name":"Samuel \u010eurinsk\u00fd","@id":"https:\/\/fcspartaktrnava.com\/#\/schema\/person\/62c3c2562c3c56e4c0c8c2342c596ac0"},"headline":"\u010eURI\u0160: &#8222;Ke\u010f je \u0161tadi\u00f3n naplnen\u00fd, atmosf\u00e9ra je tu \u00fa\u017easn\u00e1 a pom\u00f4\u017ee n\u00e1m to.&#8220;","datePublished":"2024-07-30T14:59:59+00:00","dateModified":"2024-07-30T15:59:55+00:00","mainEntityOfPage":{"@id":"https:\/\/fcspartaktrnava.com\/duris-ked-je-stadion-naplneny-atmosfera-je-tu-uzasna-a-samozrejme-ze-nam-to-pomoze\/"},"wordCount":691,"publisher":{"@id":"https:\/\/fcspartaktrnava.com\/#organization"},"image":{"@id":"https:\/\/fcspartaktrnava.com\/duris-ked-je-stadion-naplneny-atmosfera-je-tu-uzasna-a-samozrejme-ze-nam-to-pomoze\/#primaryimage"},"thumbnailUrl":"https:\/\/fcspartaktrnava.com\/wp-content\/uploads\/2024\/07\/DSC_1040-1-scaled.jpg","articleSection":["Spr\u00e1vy","Video","Z\u00e1pas"],"inLanguage":"en-GB"},{"@type":"WebPage","@id":"https:\/\/fcspartaktrnava.com\/duris-ked-je-stadion-naplneny-atmosfera-je-tu-uzasna-a-samozrejme-ze-nam-to-pomoze\/","url":"https:\/\/fcspartaktrnava.com\/duris-ked-je-stadion-naplneny-atmosfera-je-tu-uzasna-a-samozrejme-ze-nam-to-pomoze\/","name":"\u010eURI\u0160: \"Ke\u010f je \u0161tadi\u00f3n naplnen\u00fd, atmosf\u00e9ra je tu \u00fa\u017easn\u00e1 a pom\u00f4\u017ee n\u00e1m to.\" - FC Spartak Trnava","isPartOf":{"@id":"https:\/\/fcspartaktrnava.com\/#website"},"primaryImageOfPage":{"@id":"https:\/\/fcspartaktrnava.com\/duris-ked-je-stadion-naplneny-atmosfera-je-tu-uzasna-a-samozrejme-ze-nam-to-pomoze\/#primaryimage"},"image":{"@id":"https:\/\/fcspartaktrnava.com\/duris-ked-je-stadion-naplneny-atmosfera-je-tu-uzasna-a-samozrejme-ze-nam-to-pomoze\/#primaryimage"},"thumbnailUrl":"https:\/\/fcspartaktrnava.com\/wp-content\/uploads\/2024\/07\/DSC_1040-1-scaled.jpg","datePublished":"2024-07-30T14:59:59+00:00","dateModified":"2024-07-30T15:59:55+00:00","breadcrumb":{"@id":"https:\/\/fcspartaktrnava.com\/duris-ked-je-stadion-naplneny-atmosfera-je-tu-uzasna-a-samozrejme-ze-nam-to-pomoze\/#breadcrumb"},"inLanguage":"en-GB","potentialAction":[{"@type":"ReadAction","target":["https:\/\/fcspartaktrnava.com\/duris-ked-je-stadion-naplneny-atmosfera-je-tu-uzasna-a-samozrejme-ze-nam-to-pomoze\/"]}]},{"@type":"ImageObject","inLanguage":"en-GB","@id":"https:\/\/fcspartaktrnava.com\/duris-ked-je-stadion-naplneny-atmosfera-je-tu-uzasna-a-samozrejme-ze-nam-to-pomoze\/#primaryimage","url":"https:\/\/fcspartaktrnava.com\/wp-content\/uploads\/2024\/07\/DSC_1040-1-scaled.jpg","contentUrl":"https:\/\/fcspartaktrnava.com\/wp-content\/uploads\/2024\/07\/DSC_1040-1-scaled.jpg","width":2560,"height":1707},{"@type":"BreadcrumbList","@id":"https:\/\/fcspartaktrnava.com\/duris-ked-je-stadion-naplneny-atmosfera-je-tu-uzasna-a-samozrejme-ze-nam-to-pomoze\/#breadcrumb","itemListElement":[{"@type":"ListItem","position":1,"name":"Home","item":"https:\/\/fcspartaktrnava.com\/"},{"@type":"ListItem","position":2,"name":"\u010eURI\u0160: &#8222;Ke\u010f je \u0161tadi\u00f3n naplnen\u00fd, atmosf\u00e9ra je tu \u00fa\u017easn\u00e1 a pom\u00f4\u017ee n\u00e1m to.&#8220;"}]},{"@type":"WebSite","@id":"https:\/\/fcspartaktrnava.com\/#website","url":"https:\/\/fcspartaktrnava.com\/","name":"FC Spartak Trnava","description":"ofici\u00e1lna webstr\u00e1nka futbalov\u00e9ho klubu","publisher":{"@id":"https:\/\/fcspartaktrnava.com\/#organization"},"potentialAction":[{"@type":"SearchAction","target":{"@type":"EntryPoint","urlTemplate":"https:\/\/fcspartaktrnava.com\/?s={search_term_string}"},"query-input":{"@type":"PropertyValueSpecification","valueRequired":true,"valueName":"search_term_string"}}],"inLanguage":"en-GB"},{"@type":"Organization","@id":"https:\/\/fcspartaktrnava.com\/#organization","name":"FC Spartak Trnava","alternateName":"Spartak","url":"https:\/\/fcspartaktrnava.com\/","logo":{"@type":"ImageObject","inLanguage":"en-GB","@id":"https:\/\/fcspartaktrnava.com\/#\/schema\/logo\/image\/","url":"https:\/\/fcspartaktrnava.com\/wp-content\/uploads\/2022\/08\/cropped-site_logo.png","contentUrl":"https:\/\/fcspartaktrnava.com\/wp-content\/uploads\/2022\/08\/cropped-site_logo.png","width":140,"height":140,"caption":"FC Spartak Trnava"},"image":{"@id":"https:\/\/fcspartaktrnava.com\/#\/schema\/logo\/image\/"},"sameAs":["https:\/\/www.facebook.com\/SpartakTrnava","https:\/\/x.com\/SpartakTrnava1","https:\/\/www.instagram.com\/spartak_sk\/"]},{"@type":"Person","@id":"https:\/\/fcspartaktrnava.com\/#\/schema\/person\/62c3c2562c3c56e4c0c8c2342c596ac0","name":"Samuel \u010eurinsk\u00fd","image":{"@type":"ImageObject","inLanguage":"en-GB","@id":"https:\/\/fcspartaktrnava.com\/#\/schema\/person\/image\/","url":"https:\/\/secure.gravatar.com\/avatar\/af2fa02af92418b86ed742470664fe40056833fb68d84becf03f6ab02319257c?s=96&d=mm&r=g","contentUrl":"https:\/\/secure.gravatar.com\/avatar\/af2fa02af92418b86ed742470664fe40056833fb68d84becf03f6ab02319257c?s=96&d=mm&r=g","caption":"Samuel \u010eurinsk\u00fd"},"url":"https:\/\/fcspartaktrnava.com\/en\/author\/fcst-samuel\/"}]}},"_links":{"self":[{"href":"https:\/\/fcspartaktrnava.com\/en\/wp-json\/wp\/v2\/posts\/20140","targetHints":{"allow":["GET"]}}],"collection":[{"href":"https:\/\/fcspartaktrnava.com\/en\/wp-json\/wp\/v2\/posts"}],"about":[{"href":"https:\/\/fcspartaktrnava.com\/en\/wp-json\/wp\/v2\/types\/post"}],"author":[{"embeddable":true,"href":"https:\/\/fcspartaktrnava.com\/en\/wp-json\/wp\/v2\/users\/5"}],"replies":[{"embeddable":true,"href":"https:\/\/fcspartaktrnava.com\/en\/wp-json\/wp\/v2\/comments?post=20140"}],"version-history":[{"count":0,"href":"https:\/\/fcspartaktrnava.com\/en\/wp-json\/wp\/v2\/posts\/20140\/revisions"}],"wp:featuredmedia":[{"embeddable":true,"href":"https:\/\/fcspartaktrnava.com\/en\/wp-json\/wp\/v2\/media\/20146"}],"wp:attachment":[{"href":"https:\/\/fcspartaktrnava.com\/en\/wp-json\/wp\/v2\/media?parent=20140"}],"wp:term":[{"taxonomy":"category","embeddable":true,"href":"https:\/\/fcspartaktrnava.com\/en\/wp-json\/wp\/v2\/categories?post=20140"},{"taxonomy":"post_tag","embeddable":true,"href":"https:\/\/fcspartaktrnava.com\/en\/wp-json\/wp\/v2\/tags?post=20140"}],"curies":[{"name":"wp","href":"https:\/\/api.w.org\/{rel}","templated":true}]}}