{"id":20074,"date":"2024-07-29T18:20:12","date_gmt":"2024-07-29T16:20:12","guid":{"rendered":"https:\/\/fcspartaktrnava.com\/?p=20074"},"modified":"2024-07-29T18:53:03","modified_gmt":"2024-07-29T16:53:03","slug":"info-predaj-vstupeniek-na-zapas-proti-sarajevu","status":"publish","type":"post","link":"https:\/\/fcspartaktrnava.com\/en\/info-predaj-vstupeniek-na-zapas-proti-sarajevu\/","title":{"rendered":"INFO: PREDAJ VSTUPENIEK NA Z\u00c1PAS PROTI SARAJEVU"},"content":{"rendered":"<p class=\"has-text-align-center has-medium-font-size\"><strong>U\u017e v stredu ve\u010der n\u00e1s \u010dak\u00e1 \u010fal\u0161\u00ed d\u00f4le\u017eit\u00fd eur\u00f3psky ve\u010der v Trnave. <\/strong><\/p>\n\n\n\n<p class=\"has-text-align-center has-medium-font-size\"><strong>A my pre v\u00e1s m\u00e1me d\u00f4le\u017eit\u00fa inform\u00e1ciu o predaji vstupeniek pred samotn\u00fdm z\u00e1pasom.<\/strong><\/p>\n\n\n\n<p class=\"has-text-align-center has-white-color has-vivid-red-background-color has-text-color has-background has-link-color has-medium-font-size wp-elements-22bfd1362bdee8f09e734042bcc11d95\"><strong>PREDAJ VSTUPENIEK NA Z\u00c1PAS PROTI FK SARAJEVO BUDE PREBIEHA\u0164 V POKLADNIACH<\/strong><\/p>\n\n\n\n<p class=\"has-text-align-center has-white-color has-black-background-color has-text-color has-background has-link-color has-large-font-size wp-elements-fa3229d91106d3c4d028399689b7fe20\"><strong>OD 17:00 DO 19:30<\/strong><\/p>\n\n\n\n<p class=\"has-text-align-center has-vivid-red-color has-text-color has-link-color has-large-font-size wp-elements-73b3dec7d2687adc2f44b5282d23b48a\"><strong>Z\u00c1PAS PROTI SARAJEVU JE OZNA\u010cEN\u00dd ZA RIZIKOV\u00dd<\/strong><\/p>\n\n\n\n<p class=\"has-text-align-center has-medium-font-size\"><strong>PRETO, AK SI ZVOL\u00cdTE N\u00c1KUP VSTUPENIEK PRED Z\u00c1PASOM PRIAMO V NA\u0160ICH POKLADNIACH, R\u00c1TAJTE SO ZDR\u017dAN\u00cdM PRI K\u00daPE KA\u017dDEJ VSTUPENKY. <\/strong><\/p>\n\n\n\n<p class=\"has-text-align-center has-medium-font-size\">ZDR\u017dANIE PRI K\u00daPE VSTUPENIEK SP\u00d4SOB\u00cd <strong>NUTNOS\u0164 REGISTR\u00c1CIE KA\u017dD\u00c9HO KUPUJ\u00daCEHO OSOBN\u00ddMI \u00daDAJMI &#8211; MENO A PRIEZVISKO <\/strong><\/p>\n\n\n\n<p class=\"has-text-align-center has-white-color has-vivid-red-background-color has-text-color has-background has-link-color wp-elements-9f0f86a5b1b72266842d1cd24019f0e8\"><strong>AK SA CHCETE VYHN\u00da\u0164 \u010cAKANIU V RADE, ODPOR\u00da\u010cAME V\u00c1M ZAK\u00daPI\u0164 SI VSTUPENKU\/Y ONLINE     V SIETI PREDPREDAJ.SK<\/strong><\/p>\n\n\n\n<p class=\"has-text-align-center\"><a href=\"https:\/\/predpredaj.zoznam.sk\/sk\/listky\/fc-spartak-trnava-fk-sarajevo-2024-07-31\"><strong>https:\/\/predpredaj.zoznam.sk\/sk\/listky\/fc-spartak-trnava-fk-sarajevo-2024-07-31<\/strong><\/a><\/p>\n\n\n\n<p class=\"has-text-align-center has-medium-font-size\"><strong>Te\u0161\u00edme sa na v\u00e1s! TO MY SME SPARTAK!<\/strong><\/p>","protected":false},"excerpt":{"rendered":"<p>U\u017e v stredu ve\u010der n\u00e1s \u010dak\u00e1 \u010fal\u0161\u00ed d\u00f4le\u017eit\u00fd&#8230;<\/p>","protected":false},"author":5,"featured_media":20075,"comment_status":"closed","ping_status":"closed","sticky":false,"template":"","format":"standard","meta":{"footnotes":""},"categories":[12],"tags":[],"class_list":["post-20074","post","type-post","status-publish","format-standard","has-post-thumbnail","hentry","category-spravy","post-number-1"],"yoast_head":"<!-- This site is optimized with the Yoast SEO plugin v27.1.1 - https:\/\/yoast.com\/product\/yoast-seo-wordpress\/ -->\n<title>INFO: PREDAJ VSTUPENIEK NA Z\u00c1PAS PROTI SARAJEVU - FC Spartak Trnava<\/title>\n<meta name=\"robots\" content=\"index, follow, max-snippet:-1, max-image-preview:large, max-video-preview:-1\" \/>\n<link rel=\"canonical\" href=\"https:\/\/fcspartaktrnava.com\/en\/info-predaj-vstupeniek-na-zapas-proti-sarajevu\/\" \/>\n<meta name=\"twitter:label1\" content=\"Written by\" \/>\n\t<meta name=\"twitter:data1\" content=\"Samuel \u010eurinsk\u00fd\" \/>\n\t<meta name=\"twitter:label2\" content=\"Estimated reading time\" \/>\n\t<meta name=\"twitter:data2\" content=\"1 minute\" \/>\n<script type=\"application\/ld+json\" class=\"yoast-schema-graph\">{\"@context\":\"https:\/\/schema.org\",\"@graph\":[{\"@type\":\"Article\",\"@id\":\"https:\/\/fcspartaktrnava.com\/info-predaj-vstupeniek-na-zapas-proti-sarajevu\/#article\",\"isPartOf\":{\"@id\":\"https:\/\/fcspartaktrnava.com\/info-predaj-vstupeniek-na-zapas-proti-sarajevu\/\"},\"author\":{\"name\":\"Samuel \u010eurinsk\u00fd\",\"@id\":\"https:\/\/fcspartaktrnava.com\/#\/schema\/person\/62c3c2562c3c56e4c0c8c2342c596ac0\"},\"headline\":\"INFO: PREDAJ VSTUPENIEK NA Z\u00c1PAS PROTI SARAJEVU\",\"datePublished\":\"2024-07-29T16:20:12+00:00\",\"dateModified\":\"2024-07-29T16:53:03+00:00\",\"mainEntityOfPage\":{\"@id\":\"https:\/\/fcspartaktrnava.com\/info-predaj-vstupeniek-na-zapas-proti-sarajevu\/\"},\"wordCount\":160,\"publisher\":{\"@id\":\"https:\/\/fcspartaktrnava.com\/#organization\"},\"image\":{\"@id\":\"https:\/\/fcspartaktrnava.com\/info-predaj-vstupeniek-na-zapas-proti-sarajevu\/#primaryimage\"},\"thumbnailUrl\":\"https:\/\/fcspartaktrnava.com\/wp-content\/uploads\/2024\/07\/Spartak-vs.-Aston-Villa-20.7.2024-257-scaled.jpeg\",\"articleSection\":[\"Spr\u00e1vy\"],\"inLanguage\":\"en-GB\"},{\"@type\":\"WebPage\",\"@id\":\"https:\/\/fcspartaktrnava.com\/info-predaj-vstupeniek-na-zapas-proti-sarajevu\/\",\"url\":\"https:\/\/fcspartaktrnava.com\/info-predaj-vstupeniek-na-zapas-proti-sarajevu\/\",\"name\":\"INFO: PREDAJ VSTUPENIEK NA Z\u00c1PAS PROTI SARAJEVU - FC Spartak Trnava\",\"isPartOf\":{\"@id\":\"https:\/\/fcspartaktrnava.com\/#website\"},\"primaryImageOfPage\":{\"@id\":\"https:\/\/fcspartaktrnava.com\/info-predaj-vstupeniek-na-zapas-proti-sarajevu\/#primaryimage\"},\"image\":{\"@id\":\"https:\/\/fcspartaktrnava.com\/info-predaj-vstupeniek-na-zapas-proti-sarajevu\/#primaryimage\"},\"thumbnailUrl\":\"https:\/\/fcspartaktrnava.com\/wp-content\/uploads\/2024\/07\/Spartak-vs.-Aston-Villa-20.7.2024-257-scaled.jpeg\",\"datePublished\":\"2024-07-29T16:20:12+00:00\",\"dateModified\":\"2024-07-29T16:53:03+00:00\",\"breadcrumb\":{\"@id\":\"https:\/\/fcspartaktrnava.com\/info-predaj-vstupeniek-na-zapas-proti-sarajevu\/#breadcrumb\"},\"inLanguage\":\"en-GB\",\"potentialAction\":[{\"@type\":\"ReadAction\",\"target\":[\"https:\/\/fcspartaktrnava.com\/info-predaj-vstupeniek-na-zapas-proti-sarajevu\/\"]}]},{\"@type\":\"ImageObject\",\"inLanguage\":\"en-GB\",\"@id\":\"https:\/\/fcspartaktrnava.com\/info-predaj-vstupeniek-na-zapas-proti-sarajevu\/#primaryimage\",\"url\":\"https:\/\/fcspartaktrnava.com\/wp-content\/uploads\/2024\/07\/Spartak-vs.-Aston-Villa-20.7.2024-257-scaled.jpeg\",\"contentUrl\":\"https:\/\/fcspartaktrnava.com\/wp-content\/uploads\/2024\/07\/Spartak-vs.-Aston-Villa-20.7.2024-257-scaled.jpeg\",\"width\":2560,\"height\":1707},{\"@type\":\"BreadcrumbList\",\"@id\":\"https:\/\/fcspartaktrnava.com\/info-predaj-vstupeniek-na-zapas-proti-sarajevu\/#breadcrumb\",\"itemListElement\":[{\"@type\":\"ListItem\",\"position\":1,\"name\":\"Home\",\"item\":\"https:\/\/fcspartaktrnava.com\/\"},{\"@type\":\"ListItem\",\"position\":2,\"name\":\"INFO: PREDAJ VSTUPENIEK NA Z\u00c1PAS PROTI SARAJEVU\"}]},{\"@type\":\"WebSite\",\"@id\":\"https:\/\/fcspartaktrnava.com\/#website\",\"url\":\"https:\/\/fcspartaktrnava.com\/\",\"name\":\"FC Spartak Trnava\",\"description\":\"ofici\u00e1lna webstr\u00e1nka futbalov\u00e9ho klubu\",\"publisher\":{\"@id\":\"https:\/\/fcspartaktrnava.com\/#organization\"},\"potentialAction\":[{\"@type\":\"SearchAction\",\"target\":{\"@type\":\"EntryPoint\",\"urlTemplate\":\"https:\/\/fcspartaktrnava.com\/?s={search_term_string}\"},\"query-input\":{\"@type\":\"PropertyValueSpecification\",\"valueRequired\":true,\"valueName\":\"search_term_string\"}}],\"inLanguage\":\"en-GB\"},{\"@type\":\"Organization\",\"@id\":\"https:\/\/fcspartaktrnava.com\/#organization\",\"name\":\"FC Spartak Trnava\",\"alternateName\":\"Spartak\",\"url\":\"https:\/\/fcspartaktrnava.com\/\",\"logo\":{\"@type\":\"ImageObject\",\"inLanguage\":\"en-GB\",\"@id\":\"https:\/\/fcspartaktrnava.com\/#\/schema\/logo\/image\/\",\"url\":\"https:\/\/fcspartaktrnava.com\/wp-content\/uploads\/2022\/08\/cropped-site_logo.png\",\"contentUrl\":\"https:\/\/fcspartaktrnava.com\/wp-content\/uploads\/2022\/08\/cropped-site_logo.png\",\"width\":140,\"height\":140,\"caption\":\"FC Spartak Trnava\"},\"image\":{\"@id\":\"https:\/\/fcspartaktrnava.com\/#\/schema\/logo\/image\/\"},\"sameAs\":[\"https:\/\/www.facebook.com\/SpartakTrnava\",\"https:\/\/x.com\/SpartakTrnava1\",\"https:\/\/www.instagram.com\/spartak_sk\/\"]},{\"@type\":\"Person\",\"@id\":\"https:\/\/fcspartaktrnava.com\/#\/schema\/person\/62c3c2562c3c56e4c0c8c2342c596ac0\",\"name\":\"Samuel \u010eurinsk\u00fd\",\"image\":{\"@type\":\"ImageObject\",\"inLanguage\":\"en-GB\",\"@id\":\"https:\/\/fcspartaktrnava.com\/#\/schema\/person\/image\/\",\"url\":\"https:\/\/secure.gravatar.com\/avatar\/af2fa02af92418b86ed742470664fe40056833fb68d84becf03f6ab02319257c?s=96&d=mm&r=g\",\"contentUrl\":\"https:\/\/secure.gravatar.com\/avatar\/af2fa02af92418b86ed742470664fe40056833fb68d84becf03f6ab02319257c?s=96&d=mm&r=g\",\"caption\":\"Samuel \u010eurinsk\u00fd\"},\"url\":\"https:\/\/fcspartaktrnava.com\/en\/author\/fcst-samuel\/\"}]}<\/script>\n<!-- \/ Yoast SEO plugin. -->","yoast_head_json":{"title":"INFO: PREDAJ VSTUPENIEK NA Z\u00c1PAS PROTI SARAJEVU - FC Spartak Trnava","robots":{"index":"index","follow":"follow","max-snippet":"max-snippet:-1","max-image-preview":"max-image-preview:large","max-video-preview":"max-video-preview:-1"},"canonical":"https:\/\/fcspartaktrnava.com\/en\/info-predaj-vstupeniek-na-zapas-proti-sarajevu\/","twitter_misc":{"Written by":"Samuel \u010eurinsk\u00fd","Estimated reading time":"1 minute"},"schema":{"@context":"https:\/\/schema.org","@graph":[{"@type":"Article","@id":"https:\/\/fcspartaktrnava.com\/info-predaj-vstupeniek-na-zapas-proti-sarajevu\/#article","isPartOf":{"@id":"https:\/\/fcspartaktrnava.com\/info-predaj-vstupeniek-na-zapas-proti-sarajevu\/"},"author":{"name":"Samuel \u010eurinsk\u00fd","@id":"https:\/\/fcspartaktrnava.com\/#\/schema\/person\/62c3c2562c3c56e4c0c8c2342c596ac0"},"headline":"INFO: PREDAJ VSTUPENIEK NA Z\u00c1PAS PROTI SARAJEVU","datePublished":"2024-07-29T16:20:12+00:00","dateModified":"2024-07-29T16:53:03+00:00","mainEntityOfPage":{"@id":"https:\/\/fcspartaktrnava.com\/info-predaj-vstupeniek-na-zapas-proti-sarajevu\/"},"wordCount":160,"publisher":{"@id":"https:\/\/fcspartaktrnava.com\/#organization"},"image":{"@id":"https:\/\/fcspartaktrnava.com\/info-predaj-vstupeniek-na-zapas-proti-sarajevu\/#primaryimage"},"thumbnailUrl":"https:\/\/fcspartaktrnava.com\/wp-content\/uploads\/2024\/07\/Spartak-vs.-Aston-Villa-20.7.2024-257-scaled.jpeg","articleSection":["Spr\u00e1vy"],"inLanguage":"en-GB"},{"@type":"WebPage","@id":"https:\/\/fcspartaktrnava.com\/info-predaj-vstupeniek-na-zapas-proti-sarajevu\/","url":"https:\/\/fcspartaktrnava.com\/info-predaj-vstupeniek-na-zapas-proti-sarajevu\/","name":"INFO: PREDAJ VSTUPENIEK NA Z\u00c1PAS PROTI SARAJEVU - FC Spartak Trnava","isPartOf":{"@id":"https:\/\/fcspartaktrnava.com\/#website"},"primaryImageOfPage":{"@id":"https:\/\/fcspartaktrnava.com\/info-predaj-vstupeniek-na-zapas-proti-sarajevu\/#primaryimage"},"image":{"@id":"https:\/\/fcspartaktrnava.com\/info-predaj-vstupeniek-na-zapas-proti-sarajevu\/#primaryimage"},"thumbnailUrl":"https:\/\/fcspartaktrnava.com\/wp-content\/uploads\/2024\/07\/Spartak-vs.-Aston-Villa-20.7.2024-257-scaled.jpeg","datePublished":"2024-07-29T16:20:12+00:00","dateModified":"2024-07-29T16:53:03+00:00","breadcrumb":{"@id":"https:\/\/fcspartaktrnava.com\/info-predaj-vstupeniek-na-zapas-proti-sarajevu\/#breadcrumb"},"inLanguage":"en-GB","potentialAction":[{"@type":"ReadAction","target":["https:\/\/fcspartaktrnava.com\/info-predaj-vstupeniek-na-zapas-proti-sarajevu\/"]}]},{"@type":"ImageObject","inLanguage":"en-GB","@id":"https:\/\/fcspartaktrnava.com\/info-predaj-vstupeniek-na-zapas-proti-sarajevu\/#primaryimage","url":"https:\/\/fcspartaktrnava.com\/wp-content\/uploads\/2024\/07\/Spartak-vs.-Aston-Villa-20.7.2024-257-scaled.jpeg","contentUrl":"https:\/\/fcspartaktrnava.com\/wp-content\/uploads\/2024\/07\/Spartak-vs.-Aston-Villa-20.7.2024-257-scaled.jpeg","width":2560,"height":1707},{"@type":"BreadcrumbList","@id":"https:\/\/fcspartaktrnava.com\/info-predaj-vstupeniek-na-zapas-proti-sarajevu\/#breadcrumb","itemListElement":[{"@type":"ListItem","position":1,"name":"Home","item":"https:\/\/fcspartaktrnava.com\/"},{"@type":"ListItem","position":2,"name":"INFO: PREDAJ VSTUPENIEK NA Z\u00c1PAS PROTI SARAJEVU"}]},{"@type":"WebSite","@id":"https:\/\/fcspartaktrnava.com\/#website","url":"https:\/\/fcspartaktrnava.com\/","name":"FC Spartak Trnava","description":"ofici\u00e1lna webstr\u00e1nka futbalov\u00e9ho klubu","publisher":{"@id":"https:\/\/fcspartaktrnava.com\/#organization"},"potentialAction":[{"@type":"SearchAction","target":{"@type":"EntryPoint","urlTemplate":"https:\/\/fcspartaktrnava.com\/?s={search_term_string}"},"query-input":{"@type":"PropertyValueSpecification","valueRequired":true,"valueName":"search_term_string"}}],"inLanguage":"en-GB"},{"@type":"Organization","@id":"https:\/\/fcspartaktrnava.com\/#organization","name":"FC Spartak Trnava","alternateName":"Spartak","url":"https:\/\/fcspartaktrnava.com\/","logo":{"@type":"ImageObject","inLanguage":"en-GB","@id":"https:\/\/fcspartaktrnava.com\/#\/schema\/logo\/image\/","url":"https:\/\/fcspartaktrnava.com\/wp-content\/uploads\/2022\/08\/cropped-site_logo.png","contentUrl":"https:\/\/fcspartaktrnava.com\/wp-content\/uploads\/2022\/08\/cropped-site_logo.png","width":140,"height":140,"caption":"FC Spartak Trnava"},"image":{"@id":"https:\/\/fcspartaktrnava.com\/#\/schema\/logo\/image\/"},"sameAs":["https:\/\/www.facebook.com\/SpartakTrnava","https:\/\/x.com\/SpartakTrnava1","https:\/\/www.instagram.com\/spartak_sk\/"]},{"@type":"Person","@id":"https:\/\/fcspartaktrnava.com\/#\/schema\/person\/62c3c2562c3c56e4c0c8c2342c596ac0","name":"Samuel \u010eurinsk\u00fd","image":{"@type":"ImageObject","inLanguage":"en-GB","@id":"https:\/\/fcspartaktrnava.com\/#\/schema\/person\/image\/","url":"https:\/\/secure.gravatar.com\/avatar\/af2fa02af92418b86ed742470664fe40056833fb68d84becf03f6ab02319257c?s=96&d=mm&r=g","contentUrl":"https:\/\/secure.gravatar.com\/avatar\/af2fa02af92418b86ed742470664fe40056833fb68d84becf03f6ab02319257c?s=96&d=mm&r=g","caption":"Samuel \u010eurinsk\u00fd"},"url":"https:\/\/fcspartaktrnava.com\/en\/author\/fcst-samuel\/"}]}},"_links":{"self":[{"href":"https:\/\/fcspartaktrnava.com\/en\/wp-json\/wp\/v2\/posts\/20074","targetHints":{"allow":["GET"]}}],"collection":[{"href":"https:\/\/fcspartaktrnava.com\/en\/wp-json\/wp\/v2\/posts"}],"about":[{"href":"https:\/\/fcspartaktrnava.com\/en\/wp-json\/wp\/v2\/types\/post"}],"author":[{"embeddable":true,"href":"https:\/\/fcspartaktrnava.com\/en\/wp-json\/wp\/v2\/users\/5"}],"replies":[{"embeddable":true,"href":"https:\/\/fcspartaktrnava.com\/en\/wp-json\/wp\/v2\/comments?post=20074"}],"version-history":[{"count":0,"href":"https:\/\/fcspartaktrnava.com\/en\/wp-json\/wp\/v2\/posts\/20074\/revisions"}],"wp:featuredmedia":[{"embeddable":true,"href":"https:\/\/fcspartaktrnava.com\/en\/wp-json\/wp\/v2\/media\/20075"}],"wp:attachment":[{"href":"https:\/\/fcspartaktrnava.com\/en\/wp-json\/wp\/v2\/media?parent=20074"}],"wp:term":[{"taxonomy":"category","embeddable":true,"href":"https:\/\/fcspartaktrnava.com\/en\/wp-json\/wp\/v2\/categories?post=20074"},{"taxonomy":"post_tag","embeddable":true,"href":"https:\/\/fcspartaktrnava.com\/en\/wp-json\/wp\/v2\/tags?post=20074"}],"curies":[{"name":"wp","href":"https:\/\/api.w.org\/{rel}","templated":true}]}}