{"id":19933,"date":"2024-07-27T14:31:19","date_gmt":"2024-07-27T12:31:19","guid":{"rendered":"https:\/\/fcspartaktrnava.com\/?p=19933"},"modified":"2024-07-27T15:08:09","modified_gmt":"2024-07-27T13:08:09","slug":"preview-start-nike-ligy-proti-as-trencin","status":"publish","type":"post","link":"https:\/\/fcspartaktrnava.com\/en\/preview-start-nike-ligy-proti-as-trencin\/","title":{"rendered":"PREVIEW: \u0160tart Nik\u00e9 ligy proti AS Tren\u010d\u00edn"},"content":{"rendered":"<p class=\"has-text-align-center has-medium-font-size\">U\u017e zajtra, v nede\u013eu, n\u00e1s \u010dak\u00e1 \u00favodn\u00fd duel nov\u00e9ho ro\u010dn\u00edka Nik\u00e9 ligy. Na dom\u00e1cej p\u00f4de priv\u00edtame dobre zn\u00e1my AS Tren\u010d\u00edn, ktor\u00fd v minulej sez\u00f3ne obsadil siedme miesto. Mlad\u00fd a dynamick\u00fd t\u00edm ve\u013emi dobre pozn\u00e1 <strong>Filip<\/strong> <strong>Bainovi\u010d. <\/strong><\/p>\n\n\n\n<p class=\"has-text-align-center has-medium-font-size\">28-ro\u010dn\u00fd srbsk\u00fd z\u00e1lo\u017en\u00edk p\u00f4sobil v meste pod Hradom Mat\u00fa\u0161a \u010c\u00e1ka a tak n\u00e1\u0161ho nede\u013en\u00e9ho s\u00fapera pozn\u00e1 ve\u013emi dobre. V minulej sez\u00f3ne mu strelil aj g\u00f3l v z\u00e1pase 12. kola, ktor\u00fdm vyrovn\u00e1val na 2:2. S\u00faboje proti jeho b\u00fdval\u00e9mu klubu s\u00fa pre neho v\u017edy \u0161pecifick\u00e9. <\/p>\n\n\n\n<p class=\"has-text-align-center has-medium-font-size\"><strong>&#8222;Ka\u017ed\u00fd hr\u00e1\u010d, ktor\u00fd hr\u00e1 so svojim b\u00fdval\u00fdm klubom m\u00e1 motiv\u00e1ciu naviac a chce uk\u00e1za\u0165 nie\u010do navy\u0161e a \u017ee sa mu tam darilo. Je tam ur\u010dite extra motiv\u00e1cia. M\u00e1me za sebou kvalitn\u00fa pr\u00edpravu. Eur\u00f3psky z\u00e1pas je za nami a mysl\u00edm, \u017ee sme na nede\u013en\u00fd z\u00e1pas dobre pripraven\u00ed.&#8220;<\/strong><\/p>\n\n\n\n<p class=\"has-text-align-center has-medium-font-size\"><strong>Filip Bainovi\u010d sa stal so svojim g\u00f3lom aj celkov\u00fdm v\u00ed\u0165azom v ankete G\u00f3l sez\u00f3ny Nik\u00e9 ligy 2023\/2024 <\/strong><\/p>\n\n\n\n<figure class=\"wp-block-embed is-type-video is-provider-youtube wp-block-embed-youtube wp-embed-aspect-16-9 wp-has-aspect-ratio\"><div class=\"wp-block-embed__wrapper\">\n<iframe loading=\"lazy\" title=\"Toto je g\u00f3l sez\u00f3ny 2023\/24! Sterlil ho Filip Bainovi\u010d\" width=\"500\" height=\"281\" src=\"https:\/\/www.youtube.com\/embed\/FSJkuQ2VdzY?feature=oembed\" frameborder=\"0\" allow=\"accelerometer; autoplay; clipboard-write; encrypted-media; gyroscope; picture-in-picture; web-share\" referrerpolicy=\"strict-origin-when-cross-origin\" allowfullscreen><\/iframe>\n<\/div><\/figure>\n\n\n\n<hr class=\"wp-block-separator has-text-color has-vivid-red-color has-alpha-channel-opacity has-vivid-red-background-color has-background\"\/>\n\n\n\n<p class=\"has-text-align-center has-medium-font-size\"><strong>Aj po roku tak bude na\u0161im prv\u00fdm s\u00faperom nov\u00e9ho ro\u010dn\u00edka Nik\u00e9 ligy AS Tren\u010d\u00edn. Ver\u00edme, \u017ee aj v\u010faka va\u0161ej podpore na trib\u00fanach, vst\u00fapime do s\u00fa\u0165a\u017ee pravou nohou<\/strong> a spolo\u010dne sa \u010do najlep\u0161ie nalad\u00edme na stredaj\u0161iu odvetu Konferen\u010dnej ligy. <\/p>\n\n\n\n<p class=\"has-text-align-center has-medium-font-size\"><strong>Te\u0161\u00edme sa na v\u00e1s! SPARTAK DO TEHO!<\/strong><\/p>\n\n\n\n<p class=\"has-text-align-center has-white-color has-vivid-red-background-color has-text-color has-background has-link-color has-medium-font-size wp-elements-ca6d41fd1528ee868336e11beb95c843\"><strong>Cel\u00fd rozhovor s Filipom Bainovi\u010dom pred z\u00e1pasom proti AS Tren\u010d\u00edn n\u00e1jdete na na\u0161om YouTube.<\/strong><\/p>\n\n\n\n<figure class=\"wp-block-embed is-type-video is-provider-youtube wp-block-embed-youtube wp-embed-aspect-16-9 wp-has-aspect-ratio\"><div class=\"wp-block-embed__wrapper\">\n<iframe loading=\"lazy\" title=\"Filip Bainovi\u010d pred z\u00e1pasom s Tren\u010d\u00ednom\" width=\"500\" height=\"281\" src=\"https:\/\/www.youtube.com\/embed\/EKXNZU36Bb4?feature=oembed\" frameborder=\"0\" allow=\"accelerometer; autoplay; clipboard-write; encrypted-media; gyroscope; picture-in-picture; web-share\" referrerpolicy=\"strict-origin-when-cross-origin\" allowfullscreen><\/iframe>\n<\/div><\/figure>\n\n\n\n<p class=\"has-text-align-center has-white-color has-black-background-color has-text-color has-background has-link-color has-medium-font-size wp-elements-b3a4999944773f57a317240a6f72a15c\"><strong>L\u00edstky s\u00fa v predaji na predpredaj.sk <\/strong><\/p>\n\n\n\n<p class=\"has-text-align-center has-white-color has-black-background-color has-text-color has-background has-link-color has-small-font-size wp-elements-5b1ad1722bed98efd01fe31d8cb9d85c\"><a href=\"https:\/\/predpredaj.zoznam.sk\/sk\/listky\/domace-zapasy-fc-spartak-trnava-202425\"><strong>https:\/\/predpredaj.zoznam.sk\/sk\/listky\/domace-zapasy-fc-spartak-trnava-202425<\/strong><\/a><\/p>","protected":false},"excerpt":{"rendered":"<p>U\u017e zajtra, v nede\u013eu, n\u00e1s \u010dak\u00e1 \u00favodn\u00fd duel&#8230;<\/p>","protected":false},"author":5,"featured_media":19881,"comment_status":"closed","ping_status":"closed","sticky":false,"template":"","format":"standard","meta":{"footnotes":""},"categories":[94,12,20],"tags":[],"class_list":["post-19933","post","type-post","status-publish","format-standard","has-post-thumbnail","hentry","category-preview","category-spravy","category-zapas","post-number-1"],"yoast_head":"<!-- This site is optimized with the Yoast SEO plugin v27.1.1 - https:\/\/yoast.com\/product\/yoast-seo-wordpress\/ -->\n<title>PREVIEW: \u0160tart Nik\u00e9 ligy proti AS Tren\u010d\u00edn - FC Spartak Trnava<\/title>\n<meta name=\"robots\" content=\"index, follow, max-snippet:-1, max-image-preview:large, max-video-preview:-1\" \/>\n<link rel=\"canonical\" href=\"https:\/\/fcspartaktrnava.com\/en\/preview-start-nike-ligy-proti-as-trencin\/\" \/>\n<meta name=\"twitter:label1\" content=\"Written by\" \/>\n\t<meta name=\"twitter:data1\" content=\"Samuel \u010eurinsk\u00fd\" \/>\n\t<meta name=\"twitter:label2\" content=\"Estimated reading time\" \/>\n\t<meta name=\"twitter:data2\" content=\"2 minutes\" \/>\n<script type=\"application\/ld+json\" class=\"yoast-schema-graph\">{\"@context\":\"https:\/\/schema.org\",\"@graph\":[{\"@type\":\"Article\",\"@id\":\"https:\/\/fcspartaktrnava.com\/preview-start-nike-ligy-proti-as-trencin\/#article\",\"isPartOf\":{\"@id\":\"https:\/\/fcspartaktrnava.com\/preview-start-nike-ligy-proti-as-trencin\/\"},\"author\":{\"name\":\"Samuel \u010eurinsk\u00fd\",\"@id\":\"https:\/\/fcspartaktrnava.com\/#\/schema\/person\/62c3c2562c3c56e4c0c8c2342c596ac0\"},\"headline\":\"PREVIEW: \u0160tart Nik\u00e9 ligy proti AS Tren\u010d\u00edn\",\"datePublished\":\"2024-07-27T12:31:19+00:00\",\"dateModified\":\"2024-07-27T13:08:09+00:00\",\"mainEntityOfPage\":{\"@id\":\"https:\/\/fcspartaktrnava.com\/preview-start-nike-ligy-proti-as-trencin\/\"},\"wordCount\":317,\"publisher\":{\"@id\":\"https:\/\/fcspartaktrnava.com\/#organization\"},\"image\":{\"@id\":\"https:\/\/fcspartaktrnava.com\/preview-start-nike-ligy-proti-as-trencin\/#primaryimage\"},\"thumbnailUrl\":\"https:\/\/fcspartaktrnava.com\/wp-content\/uploads\/2024\/07\/DSC_7033.jpg\",\"articleSection\":[\"preview\",\"Spr\u00e1vy\",\"Z\u00e1pas\"],\"inLanguage\":\"en-GB\"},{\"@type\":\"WebPage\",\"@id\":\"https:\/\/fcspartaktrnava.com\/preview-start-nike-ligy-proti-as-trencin\/\",\"url\":\"https:\/\/fcspartaktrnava.com\/preview-start-nike-ligy-proti-as-trencin\/\",\"name\":\"PREVIEW: \u0160tart Nik\u00e9 ligy proti AS Tren\u010d\u00edn - FC Spartak Trnava\",\"isPartOf\":{\"@id\":\"https:\/\/fcspartaktrnava.com\/#website\"},\"primaryImageOfPage\":{\"@id\":\"https:\/\/fcspartaktrnava.com\/preview-start-nike-ligy-proti-as-trencin\/#primaryimage\"},\"image\":{\"@id\":\"https:\/\/fcspartaktrnava.com\/preview-start-nike-ligy-proti-as-trencin\/#primaryimage\"},\"thumbnailUrl\":\"https:\/\/fcspartaktrnava.com\/wp-content\/uploads\/2024\/07\/DSC_7033.jpg\",\"datePublished\":\"2024-07-27T12:31:19+00:00\",\"dateModified\":\"2024-07-27T13:08:09+00:00\",\"breadcrumb\":{\"@id\":\"https:\/\/fcspartaktrnava.com\/preview-start-nike-ligy-proti-as-trencin\/#breadcrumb\"},\"inLanguage\":\"en-GB\",\"potentialAction\":[{\"@type\":\"ReadAction\",\"target\":[\"https:\/\/fcspartaktrnava.com\/preview-start-nike-ligy-proti-as-trencin\/\"]}]},{\"@type\":\"ImageObject\",\"inLanguage\":\"en-GB\",\"@id\":\"https:\/\/fcspartaktrnava.com\/preview-start-nike-ligy-proti-as-trencin\/#primaryimage\",\"url\":\"https:\/\/fcspartaktrnava.com\/wp-content\/uploads\/2024\/07\/DSC_7033.jpg\",\"contentUrl\":\"https:\/\/fcspartaktrnava.com\/wp-content\/uploads\/2024\/07\/DSC_7033.jpg\",\"width\":1520,\"height\":1013},{\"@type\":\"BreadcrumbList\",\"@id\":\"https:\/\/fcspartaktrnava.com\/preview-start-nike-ligy-proti-as-trencin\/#breadcrumb\",\"itemListElement\":[{\"@type\":\"ListItem\",\"position\":1,\"name\":\"Home\",\"item\":\"https:\/\/fcspartaktrnava.com\/\"},{\"@type\":\"ListItem\",\"position\":2,\"name\":\"PREVIEW: \u0160tart Nik\u00e9 ligy proti AS Tren\u010d\u00edn\"}]},{\"@type\":\"WebSite\",\"@id\":\"https:\/\/fcspartaktrnava.com\/#website\",\"url\":\"https:\/\/fcspartaktrnava.com\/\",\"name\":\"FC Spartak Trnava\",\"description\":\"ofici\u00e1lna webstr\u00e1nka futbalov\u00e9ho klubu\",\"publisher\":{\"@id\":\"https:\/\/fcspartaktrnava.com\/#organization\"},\"potentialAction\":[{\"@type\":\"SearchAction\",\"target\":{\"@type\":\"EntryPoint\",\"urlTemplate\":\"https:\/\/fcspartaktrnava.com\/?s={search_term_string}\"},\"query-input\":{\"@type\":\"PropertyValueSpecification\",\"valueRequired\":true,\"valueName\":\"search_term_string\"}}],\"inLanguage\":\"en-GB\"},{\"@type\":\"Organization\",\"@id\":\"https:\/\/fcspartaktrnava.com\/#organization\",\"name\":\"FC Spartak Trnava\",\"alternateName\":\"Spartak\",\"url\":\"https:\/\/fcspartaktrnava.com\/\",\"logo\":{\"@type\":\"ImageObject\",\"inLanguage\":\"en-GB\",\"@id\":\"https:\/\/fcspartaktrnava.com\/#\/schema\/logo\/image\/\",\"url\":\"https:\/\/fcspartaktrnava.com\/wp-content\/uploads\/2022\/08\/cropped-site_logo.png\",\"contentUrl\":\"https:\/\/fcspartaktrnava.com\/wp-content\/uploads\/2022\/08\/cropped-site_logo.png\",\"width\":140,\"height\":140,\"caption\":\"FC Spartak Trnava\"},\"image\":{\"@id\":\"https:\/\/fcspartaktrnava.com\/#\/schema\/logo\/image\/\"},\"sameAs\":[\"https:\/\/www.facebook.com\/SpartakTrnava\",\"https:\/\/x.com\/SpartakTrnava1\",\"https:\/\/www.instagram.com\/spartak_sk\/\"]},{\"@type\":\"Person\",\"@id\":\"https:\/\/fcspartaktrnava.com\/#\/schema\/person\/62c3c2562c3c56e4c0c8c2342c596ac0\",\"name\":\"Samuel \u010eurinsk\u00fd\",\"image\":{\"@type\":\"ImageObject\",\"inLanguage\":\"en-GB\",\"@id\":\"https:\/\/fcspartaktrnava.com\/#\/schema\/person\/image\/\",\"url\":\"https:\/\/secure.gravatar.com\/avatar\/af2fa02af92418b86ed742470664fe40056833fb68d84becf03f6ab02319257c?s=96&d=mm&r=g\",\"contentUrl\":\"https:\/\/secure.gravatar.com\/avatar\/af2fa02af92418b86ed742470664fe40056833fb68d84becf03f6ab02319257c?s=96&d=mm&r=g\",\"caption\":\"Samuel \u010eurinsk\u00fd\"},\"url\":\"https:\/\/fcspartaktrnava.com\/en\/author\/fcst-samuel\/\"}]}<\/script>\n<!-- \/ Yoast SEO plugin. -->","yoast_head_json":{"title":"PREVIEW: \u0160tart Nik\u00e9 ligy proti AS Tren\u010d\u00edn - FC Spartak Trnava","robots":{"index":"index","follow":"follow","max-snippet":"max-snippet:-1","max-image-preview":"max-image-preview:large","max-video-preview":"max-video-preview:-1"},"canonical":"https:\/\/fcspartaktrnava.com\/en\/preview-start-nike-ligy-proti-as-trencin\/","twitter_misc":{"Written by":"Samuel \u010eurinsk\u00fd","Estimated reading time":"2 minutes"},"schema":{"@context":"https:\/\/schema.org","@graph":[{"@type":"Article","@id":"https:\/\/fcspartaktrnava.com\/preview-start-nike-ligy-proti-as-trencin\/#article","isPartOf":{"@id":"https:\/\/fcspartaktrnava.com\/preview-start-nike-ligy-proti-as-trencin\/"},"author":{"name":"Samuel \u010eurinsk\u00fd","@id":"https:\/\/fcspartaktrnava.com\/#\/schema\/person\/62c3c2562c3c56e4c0c8c2342c596ac0"},"headline":"PREVIEW: \u0160tart Nik\u00e9 ligy proti AS Tren\u010d\u00edn","datePublished":"2024-07-27T12:31:19+00:00","dateModified":"2024-07-27T13:08:09+00:00","mainEntityOfPage":{"@id":"https:\/\/fcspartaktrnava.com\/preview-start-nike-ligy-proti-as-trencin\/"},"wordCount":317,"publisher":{"@id":"https:\/\/fcspartaktrnava.com\/#organization"},"image":{"@id":"https:\/\/fcspartaktrnava.com\/preview-start-nike-ligy-proti-as-trencin\/#primaryimage"},"thumbnailUrl":"https:\/\/fcspartaktrnava.com\/wp-content\/uploads\/2024\/07\/DSC_7033.jpg","articleSection":["preview","Spr\u00e1vy","Z\u00e1pas"],"inLanguage":"en-GB"},{"@type":"WebPage","@id":"https:\/\/fcspartaktrnava.com\/preview-start-nike-ligy-proti-as-trencin\/","url":"https:\/\/fcspartaktrnava.com\/preview-start-nike-ligy-proti-as-trencin\/","name":"PREVIEW: \u0160tart Nik\u00e9 ligy proti AS Tren\u010d\u00edn - FC Spartak Trnava","isPartOf":{"@id":"https:\/\/fcspartaktrnava.com\/#website"},"primaryImageOfPage":{"@id":"https:\/\/fcspartaktrnava.com\/preview-start-nike-ligy-proti-as-trencin\/#primaryimage"},"image":{"@id":"https:\/\/fcspartaktrnava.com\/preview-start-nike-ligy-proti-as-trencin\/#primaryimage"},"thumbnailUrl":"https:\/\/fcspartaktrnava.com\/wp-content\/uploads\/2024\/07\/DSC_7033.jpg","datePublished":"2024-07-27T12:31:19+00:00","dateModified":"2024-07-27T13:08:09+00:00","breadcrumb":{"@id":"https:\/\/fcspartaktrnava.com\/preview-start-nike-ligy-proti-as-trencin\/#breadcrumb"},"inLanguage":"en-GB","potentialAction":[{"@type":"ReadAction","target":["https:\/\/fcspartaktrnava.com\/preview-start-nike-ligy-proti-as-trencin\/"]}]},{"@type":"ImageObject","inLanguage":"en-GB","@id":"https:\/\/fcspartaktrnava.com\/preview-start-nike-ligy-proti-as-trencin\/#primaryimage","url":"https:\/\/fcspartaktrnava.com\/wp-content\/uploads\/2024\/07\/DSC_7033.jpg","contentUrl":"https:\/\/fcspartaktrnava.com\/wp-content\/uploads\/2024\/07\/DSC_7033.jpg","width":1520,"height":1013},{"@type":"BreadcrumbList","@id":"https:\/\/fcspartaktrnava.com\/preview-start-nike-ligy-proti-as-trencin\/#breadcrumb","itemListElement":[{"@type":"ListItem","position":1,"name":"Home","item":"https:\/\/fcspartaktrnava.com\/"},{"@type":"ListItem","position":2,"name":"PREVIEW: \u0160tart Nik\u00e9 ligy proti AS Tren\u010d\u00edn"}]},{"@type":"WebSite","@id":"https:\/\/fcspartaktrnava.com\/#website","url":"https:\/\/fcspartaktrnava.com\/","name":"FC Spartak Trnava","description":"ofici\u00e1lna webstr\u00e1nka futbalov\u00e9ho klubu","publisher":{"@id":"https:\/\/fcspartaktrnava.com\/#organization"},"potentialAction":[{"@type":"SearchAction","target":{"@type":"EntryPoint","urlTemplate":"https:\/\/fcspartaktrnava.com\/?s={search_term_string}"},"query-input":{"@type":"PropertyValueSpecification","valueRequired":true,"valueName":"search_term_string"}}],"inLanguage":"en-GB"},{"@type":"Organization","@id":"https:\/\/fcspartaktrnava.com\/#organization","name":"FC Spartak Trnava","alternateName":"Spartak","url":"https:\/\/fcspartaktrnava.com\/","logo":{"@type":"ImageObject","inLanguage":"en-GB","@id":"https:\/\/fcspartaktrnava.com\/#\/schema\/logo\/image\/","url":"https:\/\/fcspartaktrnava.com\/wp-content\/uploads\/2022\/08\/cropped-site_logo.png","contentUrl":"https:\/\/fcspartaktrnava.com\/wp-content\/uploads\/2022\/08\/cropped-site_logo.png","width":140,"height":140,"caption":"FC Spartak Trnava"},"image":{"@id":"https:\/\/fcspartaktrnava.com\/#\/schema\/logo\/image\/"},"sameAs":["https:\/\/www.facebook.com\/SpartakTrnava","https:\/\/x.com\/SpartakTrnava1","https:\/\/www.instagram.com\/spartak_sk\/"]},{"@type":"Person","@id":"https:\/\/fcspartaktrnava.com\/#\/schema\/person\/62c3c2562c3c56e4c0c8c2342c596ac0","name":"Samuel \u010eurinsk\u00fd","image":{"@type":"ImageObject","inLanguage":"en-GB","@id":"https:\/\/fcspartaktrnava.com\/#\/schema\/person\/image\/","url":"https:\/\/secure.gravatar.com\/avatar\/af2fa02af92418b86ed742470664fe40056833fb68d84becf03f6ab02319257c?s=96&d=mm&r=g","contentUrl":"https:\/\/secure.gravatar.com\/avatar\/af2fa02af92418b86ed742470664fe40056833fb68d84becf03f6ab02319257c?s=96&d=mm&r=g","caption":"Samuel \u010eurinsk\u00fd"},"url":"https:\/\/fcspartaktrnava.com\/en\/author\/fcst-samuel\/"}]}},"_links":{"self":[{"href":"https:\/\/fcspartaktrnava.com\/en\/wp-json\/wp\/v2\/posts\/19933","targetHints":{"allow":["GET"]}}],"collection":[{"href":"https:\/\/fcspartaktrnava.com\/en\/wp-json\/wp\/v2\/posts"}],"about":[{"href":"https:\/\/fcspartaktrnava.com\/en\/wp-json\/wp\/v2\/types\/post"}],"author":[{"embeddable":true,"href":"https:\/\/fcspartaktrnava.com\/en\/wp-json\/wp\/v2\/users\/5"}],"replies":[{"embeddable":true,"href":"https:\/\/fcspartaktrnava.com\/en\/wp-json\/wp\/v2\/comments?post=19933"}],"version-history":[{"count":0,"href":"https:\/\/fcspartaktrnava.com\/en\/wp-json\/wp\/v2\/posts\/19933\/revisions"}],"wp:featuredmedia":[{"embeddable":true,"href":"https:\/\/fcspartaktrnava.com\/en\/wp-json\/wp\/v2\/media\/19881"}],"wp:attachment":[{"href":"https:\/\/fcspartaktrnava.com\/en\/wp-json\/wp\/v2\/media?parent=19933"}],"wp:term":[{"taxonomy":"category","embeddable":true,"href":"https:\/\/fcspartaktrnava.com\/en\/wp-json\/wp\/v2\/categories?post=19933"},{"taxonomy":"post_tag","embeddable":true,"href":"https:\/\/fcspartaktrnava.com\/en\/wp-json\/wp\/v2\/tags?post=19933"}],"curies":[{"name":"wp","href":"https:\/\/api.w.org\/{rel}","templated":true}]}}