{"id":19855,"date":"2024-07-26T11:59:17","date_gmt":"2024-07-26T09:59:17","guid":{"rendered":"https:\/\/fcspartaktrnava.com\/?p=19855"},"modified":"2024-07-26T12:01:12","modified_gmt":"2024-07-26T10:01:12","slug":"video-ohlasy-na-bezgolovu-remizu-v-sarajeve","status":"publish","type":"post","link":"https:\/\/fcspartaktrnava.com\/en\/video-ohlasy-na-bezgolovu-remizu-v-sarajeve\/","title":{"rendered":"VIDEO: Ohlasy na bezg\u00f3lov\u00fa rem\u00edzu v Sarajeve"},"content":{"rendered":"<p class=\"has-text-align-center has-medium-font-size\">Prv\u00fd s\u00fa\u0165a\u017en\u00fd duel sez\u00f3ny na hor\u00facej p\u00f4de v Sarajeve g\u00f3l na jednej ani na druhej strane nepriniesol. <\/p>\n\n\n\n<p class=\"has-text-align-center has-medium-font-size\">Od \u00favodu stretnutia sa na\u0161i hr\u00e1\u010di dost\u00e1vali vlastn\u00fdmi chybami pod tlak dom\u00e1ceho t\u00edmu. Len z\u00e1sluhou \u0161\u0165asteny a doslova \u010darovn\u00fdch obrann\u00fdch z\u00e1krokov na br\u00e1nkovej \u010diare alebo v pokutovom \u00fazem\u00ed neinkasovali. Do odvety tak p\u00f4jdeme prakticky od nuly. <\/p>\n\n\n\n<p class=\"has-text-align-center has-medium-font-size\">Tr\u00e9ner Michal Ga\u0161par\u00edk nemohol by\u0165 po z\u00e1pase s v\u00fdkonom spokojn\u00fd a to, \u010do sa dialo najm\u00e4 v prvom pol\u010dase okomentoval takto:<strong> &#8222;To, \u010do sme videli v prvom pol\u010dase, tak to sa \u010dasto nevid\u00ed. Pl\u00e1n bol tak\u00fd, \u017ee chceme hra\u0165 kombina\u010dne a zapoji\u0165 do toho aj nov\u00e9ho brank\u00e1ra. Ale od prvej malej domov to bola \u0161anca za \u0161ancou, ktor\u00e9 sme my sami vypracovali s\u00faperovi. S ve\u013ek\u00fdm \u0161\u0165ast\u00edm sme prv\u00fd pol\u010das ust\u00e1li. Mali sme katastrof\u00e1lnu rozohr\u00e1vku vzadu a pokia\u013e sme chceli \u00eds\u0165 akt\u00edvne do pressingu, tak sme mali probl\u00e9m s r\u00fdchlymi \u00fato\u010dn\u00edkmi a ve\u013ek\u00fd priestor za defenz\u00edvnou l\u00edniou.&#8220;<\/strong><\/p>\n\n\n\n<p class=\"has-text-align-center has-medium-font-size\">V druhom pol\u010dase sa na\u0161i hr\u00e1\u010di za\u010dali viac s\u00fastredi\u0165 na defenz\u00edvu, \u010do pod\u013ea slov tr\u00e9nera nebolo ide\u00e1lne a ver\u00ed, \u017ee dom\u00e1ci z\u00e1pas bude vyzera\u0165 \u00faplne inak. <\/p>\n\n\n\n<p class=\"has-text-align-center has-white-color has-vivid-red-background-color has-text-color has-background has-link-color has-medium-font-size wp-elements-c97bd721483abdb86d78468799b925ee\"><strong>Z\u00e1znam tla\u010dovej konferencie s hlasmi oboch tr\u00e9nerov po z\u00e1pase proti Sarajevu.<\/strong><\/p>\n\n\n\n<figure class=\"wp-block-embed is-type-video is-provider-youtube wp-block-embed-youtube wp-embed-aspect-16-9 wp-has-aspect-ratio\"><div class=\"wp-block-embed__wrapper\">\n<iframe loading=\"lazy\" title=\"Tr\u00e9neri Ga\u0161par\u00edk a Zeki\u010d hodnotia z\u00e1pas\" width=\"500\" height=\"281\" src=\"https:\/\/www.youtube.com\/embed\/R-YDRSfa_eY?start=24&#038;feature=oembed\" frameborder=\"0\" allow=\"accelerometer; autoplay; clipboard-write; encrypted-media; gyroscope; picture-in-picture; web-share\" referrerpolicy=\"strict-origin-when-cross-origin\" allowfullscreen><\/iframe>\n<\/div><\/figure>\n\n\n\n<hr class=\"wp-block-separator has-text-color has-vivid-red-color has-alpha-channel-opacity has-vivid-red-background-color has-background\"\/>\n\n\n\n<h2 class=\"wp-block-heading has-text-align-center\">Bezg\u00f3lov\u00e1 rem\u00edza m\u00f4\u017ee te\u0161i\u0165<\/h2>\n\n\n\n<p class=\"has-text-align-center has-medium-font-size\">Pod\u013ea v\u00fdvoja z\u00e1pasu je ale bezg\u00f3lov\u00e1 rem\u00edza dobr\u00e1 aj pod\u013ea Libora Hol\u00edka. <strong>&#8222;Rem\u00edza je pre n\u00e1s dobr\u00e1. Pre\u017eili sme tam viacer\u00e9 n\u00e1ro\u010dn\u00e9 situ\u00e1cie. Zo za\u010diatku sa hralo hore-dole a trvalo n\u00e1m, k\u00fdm sme sa dok\u00e1zali skonsolidova\u0165.&#8220; <\/strong><\/p>\n\n\n\n<p class=\"has-text-align-center has-medium-font-size\">Filip Twardzik videl z\u00e1pas ako n\u00e1ro\u010dn\u00fd. <strong>&#8222;V prvom pol\u010dase sme to ust\u00e1li a dom\u00e1ci mali ve\u013ea \u0161anc\u00ed. Smerom dopredu sme museli drie\u0165, aby sme si v\u00f4bec vypracovali nejak\u00fa \u0161ancu. M\u00f4\u017eeme \u010fakova\u0165 \u017digovi, \u017ee n\u00e1m vychytal nulu, inak by to mohlo u\u017e po prvom pol\u010dase vyzera\u0165 \u00faplne inak.&#8220;<\/strong><\/p>\n\n\n\n<p class=\"has-text-align-center has-white-color has-vivid-red-background-color has-text-color has-background has-link-color has-medium-font-size wp-elements-5e6ab4c8f2b63f828bd00d9fcc09d0a2\"><strong>Hodnotenia Libora Hol\u00edka a Filipa Twardz\u00edka.<\/strong><\/p>\n\n\n\n<figure class=\"wp-block-embed is-type-video is-provider-youtube wp-block-embed-youtube wp-embed-aspect-16-9 wp-has-aspect-ratio\"><div class=\"wp-block-embed__wrapper\">\n<iframe loading=\"lazy\" title=\"Hol\u00edk a Twardzik hodnotia z\u00e1pas so Sarajevom\" width=\"500\" height=\"281\" src=\"https:\/\/www.youtube.com\/embed\/vt6pPFDJW7A?feature=oembed\" frameborder=\"0\" allow=\"accelerometer; autoplay; clipboard-write; encrypted-media; gyroscope; picture-in-picture; web-share\" referrerpolicy=\"strict-origin-when-cross-origin\" allowfullscreen><\/iframe>\n<\/div><\/figure>\n\n\n\n<hr class=\"wp-block-separator has-text-color has-vivid-red-color has-alpha-channel-opacity has-vivid-red-background-color has-background is-style-wide\"\/>\n\n\n\n<p class=\"has-text-align-center has-medium-font-size\">Dom\u00e1ca kulisa pom\u00e1hala v\u010dera Sarajevu. <strong>A my ver\u00edme, \u017ee skvel\u00e1 atmosf\u00e9ra bude aj v stredu na \u0160tadi\u00f3ne Antona Malatinsk\u00e9ho. V\u00fdkop z\u00e1pasu je od 20:30 a my v\u00e1s budeme potrebova\u0165! <\/strong><\/p>\n\n\n\n<p class=\"has-text-align-center has-white-color has-vivid-red-background-color has-text-color has-background has-link-color has-medium-font-size wp-elements-fcc5ec99baff495b217d8a5a7db0212a\"><strong>L\u00edstky s\u00fa dostupn\u00e9 na predpredaj.sk. <\/strong><\/p>\n\n\n\n<p class=\"has-text-align-center has-white-color has-black-background-color has-text-color has-background has-link-color wp-elements-582b16a160fbb716c789a460bc7477f2\"><a href=\"https:\/\/predpredaj.zoznam.sk\/sk\/listky\/domace-zapasy-fc-spartak-trnava-202425\"><strong>https:\/\/predpredaj.zoznam.sk\/sk\/listky\/domace-zapasy-fc-spartak-trnava-202425<\/strong><\/a><\/p>\n\n\n\n<p class=\"has-text-align-center has-white-color has-vivid-red-background-color has-text-color has-background has-link-color has-medium-font-size wp-elements-44137ecbbe9b6a27fedf3cb795621ce6\"><strong>V\u0161etci permanentk\u00e1ri maj\u00fa z\u00e1pas proti FK Sarajevo ZDARMA. <\/strong><\/p>","protected":false},"excerpt":{"rendered":"<p>Prv\u00fd s\u00fa\u0165a\u017en\u00fd duel sez\u00f3ny na hor\u00facej p\u00f4de v&#8230;<\/p>","protected":false},"author":5,"featured_media":19770,"comment_status":"closed","ping_status":"closed","sticky":false,"template":"","format":"standard","meta":{"footnotes":""},"categories":[12,18,20],"tags":[],"class_list":["post-19855","post","type-post","status-publish","format-standard","has-post-thumbnail","hentry","category-spravy","category-video","category-zapas","post-number-1"],"yoast_head":"<!-- This site is optimized with the Yoast SEO plugin v27.1.1 - https:\/\/yoast.com\/product\/yoast-seo-wordpress\/ -->\n<title>VIDEO: Ohlasy na bezg\u00f3lov\u00fa rem\u00edzu v Sarajeve - FC Spartak Trnava<\/title>\n<meta name=\"robots\" content=\"index, follow, max-snippet:-1, max-image-preview:large, max-video-preview:-1\" \/>\n<link rel=\"canonical\" href=\"https:\/\/fcspartaktrnava.com\/en\/video-ohlasy-na-bezgolovu-remizu-v-sarajeve\/\" \/>\n<meta name=\"twitter:label1\" content=\"Written by\" \/>\n\t<meta name=\"twitter:data1\" content=\"Samuel \u010eurinsk\u00fd\" \/>\n\t<meta name=\"twitter:label2\" content=\"Estimated reading time\" \/>\n\t<meta name=\"twitter:data2\" content=\"2 minutes\" \/>\n<script type=\"application\/ld+json\" class=\"yoast-schema-graph\">{\"@context\":\"https:\/\/schema.org\",\"@graph\":[{\"@type\":\"Article\",\"@id\":\"https:\/\/fcspartaktrnava.com\/video-ohlasy-na-bezgolovu-remizu-v-sarajeve\/#article\",\"isPartOf\":{\"@id\":\"https:\/\/fcspartaktrnava.com\/video-ohlasy-na-bezgolovu-remizu-v-sarajeve\/\"},\"author\":{\"name\":\"Samuel \u010eurinsk\u00fd\",\"@id\":\"https:\/\/fcspartaktrnava.com\/#\/schema\/person\/62c3c2562c3c56e4c0c8c2342c596ac0\"},\"headline\":\"VIDEO: Ohlasy na bezg\u00f3lov\u00fa rem\u00edzu v Sarajeve\",\"datePublished\":\"2024-07-26T09:59:17+00:00\",\"dateModified\":\"2024-07-26T10:01:12+00:00\",\"mainEntityOfPage\":{\"@id\":\"https:\/\/fcspartaktrnava.com\/video-ohlasy-na-bezgolovu-remizu-v-sarajeve\/\"},\"wordCount\":465,\"publisher\":{\"@id\":\"https:\/\/fcspartaktrnava.com\/#organization\"},\"image\":{\"@id\":\"https:\/\/fcspartaktrnava.com\/video-ohlasy-na-bezgolovu-remizu-v-sarajeve\/#primaryimage\"},\"thumbnailUrl\":\"https:\/\/fcspartaktrnava.com\/wp-content\/uploads\/2024\/07\/DSC_7852.jpg\",\"articleSection\":[\"Spr\u00e1vy\",\"Video\",\"Z\u00e1pas\"],\"inLanguage\":\"en-GB\"},{\"@type\":\"WebPage\",\"@id\":\"https:\/\/fcspartaktrnava.com\/video-ohlasy-na-bezgolovu-remizu-v-sarajeve\/\",\"url\":\"https:\/\/fcspartaktrnava.com\/video-ohlasy-na-bezgolovu-remizu-v-sarajeve\/\",\"name\":\"VIDEO: Ohlasy na bezg\u00f3lov\u00fa rem\u00edzu v Sarajeve - FC Spartak Trnava\",\"isPartOf\":{\"@id\":\"https:\/\/fcspartaktrnava.com\/#website\"},\"primaryImageOfPage\":{\"@id\":\"https:\/\/fcspartaktrnava.com\/video-ohlasy-na-bezgolovu-remizu-v-sarajeve\/#primaryimage\"},\"image\":{\"@id\":\"https:\/\/fcspartaktrnava.com\/video-ohlasy-na-bezgolovu-remizu-v-sarajeve\/#primaryimage\"},\"thumbnailUrl\":\"https:\/\/fcspartaktrnava.com\/wp-content\/uploads\/2024\/07\/DSC_7852.jpg\",\"datePublished\":\"2024-07-26T09:59:17+00:00\",\"dateModified\":\"2024-07-26T10:01:12+00:00\",\"breadcrumb\":{\"@id\":\"https:\/\/fcspartaktrnava.com\/video-ohlasy-na-bezgolovu-remizu-v-sarajeve\/#breadcrumb\"},\"inLanguage\":\"en-GB\",\"potentialAction\":[{\"@type\":\"ReadAction\",\"target\":[\"https:\/\/fcspartaktrnava.com\/video-ohlasy-na-bezgolovu-remizu-v-sarajeve\/\"]}]},{\"@type\":\"ImageObject\",\"inLanguage\":\"en-GB\",\"@id\":\"https:\/\/fcspartaktrnava.com\/video-ohlasy-na-bezgolovu-remizu-v-sarajeve\/#primaryimage\",\"url\":\"https:\/\/fcspartaktrnava.com\/wp-content\/uploads\/2024\/07\/DSC_7852.jpg\",\"contentUrl\":\"https:\/\/fcspartaktrnava.com\/wp-content\/uploads\/2024\/07\/DSC_7852.jpg\",\"width\":1520,\"height\":1013},{\"@type\":\"BreadcrumbList\",\"@id\":\"https:\/\/fcspartaktrnava.com\/video-ohlasy-na-bezgolovu-remizu-v-sarajeve\/#breadcrumb\",\"itemListElement\":[{\"@type\":\"ListItem\",\"position\":1,\"name\":\"Home\",\"item\":\"https:\/\/fcspartaktrnava.com\/\"},{\"@type\":\"ListItem\",\"position\":2,\"name\":\"VIDEO: Ohlasy na bezg\u00f3lov\u00fa rem\u00edzu v Sarajeve\"}]},{\"@type\":\"WebSite\",\"@id\":\"https:\/\/fcspartaktrnava.com\/#website\",\"url\":\"https:\/\/fcspartaktrnava.com\/\",\"name\":\"FC Spartak Trnava\",\"description\":\"ofici\u00e1lna webstr\u00e1nka futbalov\u00e9ho klubu\",\"publisher\":{\"@id\":\"https:\/\/fcspartaktrnava.com\/#organization\"},\"potentialAction\":[{\"@type\":\"SearchAction\",\"target\":{\"@type\":\"EntryPoint\",\"urlTemplate\":\"https:\/\/fcspartaktrnava.com\/?s={search_term_string}\"},\"query-input\":{\"@type\":\"PropertyValueSpecification\",\"valueRequired\":true,\"valueName\":\"search_term_string\"}}],\"inLanguage\":\"en-GB\"},{\"@type\":\"Organization\",\"@id\":\"https:\/\/fcspartaktrnava.com\/#organization\",\"name\":\"FC Spartak Trnava\",\"alternateName\":\"Spartak\",\"url\":\"https:\/\/fcspartaktrnava.com\/\",\"logo\":{\"@type\":\"ImageObject\",\"inLanguage\":\"en-GB\",\"@id\":\"https:\/\/fcspartaktrnava.com\/#\/schema\/logo\/image\/\",\"url\":\"https:\/\/fcspartaktrnava.com\/wp-content\/uploads\/2022\/08\/cropped-site_logo.png\",\"contentUrl\":\"https:\/\/fcspartaktrnava.com\/wp-content\/uploads\/2022\/08\/cropped-site_logo.png\",\"width\":140,\"height\":140,\"caption\":\"FC Spartak Trnava\"},\"image\":{\"@id\":\"https:\/\/fcspartaktrnava.com\/#\/schema\/logo\/image\/\"},\"sameAs\":[\"https:\/\/www.facebook.com\/SpartakTrnava\",\"https:\/\/x.com\/SpartakTrnava1\",\"https:\/\/www.instagram.com\/spartak_sk\/\"]},{\"@type\":\"Person\",\"@id\":\"https:\/\/fcspartaktrnava.com\/#\/schema\/person\/62c3c2562c3c56e4c0c8c2342c596ac0\",\"name\":\"Samuel \u010eurinsk\u00fd\",\"image\":{\"@type\":\"ImageObject\",\"inLanguage\":\"en-GB\",\"@id\":\"https:\/\/fcspartaktrnava.com\/#\/schema\/person\/image\/\",\"url\":\"https:\/\/secure.gravatar.com\/avatar\/af2fa02af92418b86ed742470664fe40056833fb68d84becf03f6ab02319257c?s=96&d=mm&r=g\",\"contentUrl\":\"https:\/\/secure.gravatar.com\/avatar\/af2fa02af92418b86ed742470664fe40056833fb68d84becf03f6ab02319257c?s=96&d=mm&r=g\",\"caption\":\"Samuel \u010eurinsk\u00fd\"},\"url\":\"https:\/\/fcspartaktrnava.com\/en\/author\/fcst-samuel\/\"}]}<\/script>\n<!-- \/ Yoast SEO plugin. -->","yoast_head_json":{"title":"VIDEO: Ohlasy na bezg\u00f3lov\u00fa rem\u00edzu v Sarajeve - FC Spartak Trnava","robots":{"index":"index","follow":"follow","max-snippet":"max-snippet:-1","max-image-preview":"max-image-preview:large","max-video-preview":"max-video-preview:-1"},"canonical":"https:\/\/fcspartaktrnava.com\/en\/video-ohlasy-na-bezgolovu-remizu-v-sarajeve\/","twitter_misc":{"Written by":"Samuel \u010eurinsk\u00fd","Estimated reading time":"2 minutes"},"schema":{"@context":"https:\/\/schema.org","@graph":[{"@type":"Article","@id":"https:\/\/fcspartaktrnava.com\/video-ohlasy-na-bezgolovu-remizu-v-sarajeve\/#article","isPartOf":{"@id":"https:\/\/fcspartaktrnava.com\/video-ohlasy-na-bezgolovu-remizu-v-sarajeve\/"},"author":{"name":"Samuel \u010eurinsk\u00fd","@id":"https:\/\/fcspartaktrnava.com\/#\/schema\/person\/62c3c2562c3c56e4c0c8c2342c596ac0"},"headline":"VIDEO: Ohlasy na bezg\u00f3lov\u00fa rem\u00edzu v Sarajeve","datePublished":"2024-07-26T09:59:17+00:00","dateModified":"2024-07-26T10:01:12+00:00","mainEntityOfPage":{"@id":"https:\/\/fcspartaktrnava.com\/video-ohlasy-na-bezgolovu-remizu-v-sarajeve\/"},"wordCount":465,"publisher":{"@id":"https:\/\/fcspartaktrnava.com\/#organization"},"image":{"@id":"https:\/\/fcspartaktrnava.com\/video-ohlasy-na-bezgolovu-remizu-v-sarajeve\/#primaryimage"},"thumbnailUrl":"https:\/\/fcspartaktrnava.com\/wp-content\/uploads\/2024\/07\/DSC_7852.jpg","articleSection":["Spr\u00e1vy","Video","Z\u00e1pas"],"inLanguage":"en-GB"},{"@type":"WebPage","@id":"https:\/\/fcspartaktrnava.com\/video-ohlasy-na-bezgolovu-remizu-v-sarajeve\/","url":"https:\/\/fcspartaktrnava.com\/video-ohlasy-na-bezgolovu-remizu-v-sarajeve\/","name":"VIDEO: Ohlasy na bezg\u00f3lov\u00fa rem\u00edzu v Sarajeve - FC Spartak Trnava","isPartOf":{"@id":"https:\/\/fcspartaktrnava.com\/#website"},"primaryImageOfPage":{"@id":"https:\/\/fcspartaktrnava.com\/video-ohlasy-na-bezgolovu-remizu-v-sarajeve\/#primaryimage"},"image":{"@id":"https:\/\/fcspartaktrnava.com\/video-ohlasy-na-bezgolovu-remizu-v-sarajeve\/#primaryimage"},"thumbnailUrl":"https:\/\/fcspartaktrnava.com\/wp-content\/uploads\/2024\/07\/DSC_7852.jpg","datePublished":"2024-07-26T09:59:17+00:00","dateModified":"2024-07-26T10:01:12+00:00","breadcrumb":{"@id":"https:\/\/fcspartaktrnava.com\/video-ohlasy-na-bezgolovu-remizu-v-sarajeve\/#breadcrumb"},"inLanguage":"en-GB","potentialAction":[{"@type":"ReadAction","target":["https:\/\/fcspartaktrnava.com\/video-ohlasy-na-bezgolovu-remizu-v-sarajeve\/"]}]},{"@type":"ImageObject","inLanguage":"en-GB","@id":"https:\/\/fcspartaktrnava.com\/video-ohlasy-na-bezgolovu-remizu-v-sarajeve\/#primaryimage","url":"https:\/\/fcspartaktrnava.com\/wp-content\/uploads\/2024\/07\/DSC_7852.jpg","contentUrl":"https:\/\/fcspartaktrnava.com\/wp-content\/uploads\/2024\/07\/DSC_7852.jpg","width":1520,"height":1013},{"@type":"BreadcrumbList","@id":"https:\/\/fcspartaktrnava.com\/video-ohlasy-na-bezgolovu-remizu-v-sarajeve\/#breadcrumb","itemListElement":[{"@type":"ListItem","position":1,"name":"Home","item":"https:\/\/fcspartaktrnava.com\/"},{"@type":"ListItem","position":2,"name":"VIDEO: Ohlasy na bezg\u00f3lov\u00fa rem\u00edzu v Sarajeve"}]},{"@type":"WebSite","@id":"https:\/\/fcspartaktrnava.com\/#website","url":"https:\/\/fcspartaktrnava.com\/","name":"FC Spartak Trnava","description":"ofici\u00e1lna webstr\u00e1nka futbalov\u00e9ho klubu","publisher":{"@id":"https:\/\/fcspartaktrnava.com\/#organization"},"potentialAction":[{"@type":"SearchAction","target":{"@type":"EntryPoint","urlTemplate":"https:\/\/fcspartaktrnava.com\/?s={search_term_string}"},"query-input":{"@type":"PropertyValueSpecification","valueRequired":true,"valueName":"search_term_string"}}],"inLanguage":"en-GB"},{"@type":"Organization","@id":"https:\/\/fcspartaktrnava.com\/#organization","name":"FC Spartak Trnava","alternateName":"Spartak","url":"https:\/\/fcspartaktrnava.com\/","logo":{"@type":"ImageObject","inLanguage":"en-GB","@id":"https:\/\/fcspartaktrnava.com\/#\/schema\/logo\/image\/","url":"https:\/\/fcspartaktrnava.com\/wp-content\/uploads\/2022\/08\/cropped-site_logo.png","contentUrl":"https:\/\/fcspartaktrnava.com\/wp-content\/uploads\/2022\/08\/cropped-site_logo.png","width":140,"height":140,"caption":"FC Spartak Trnava"},"image":{"@id":"https:\/\/fcspartaktrnava.com\/#\/schema\/logo\/image\/"},"sameAs":["https:\/\/www.facebook.com\/SpartakTrnava","https:\/\/x.com\/SpartakTrnava1","https:\/\/www.instagram.com\/spartak_sk\/"]},{"@type":"Person","@id":"https:\/\/fcspartaktrnava.com\/#\/schema\/person\/62c3c2562c3c56e4c0c8c2342c596ac0","name":"Samuel \u010eurinsk\u00fd","image":{"@type":"ImageObject","inLanguage":"en-GB","@id":"https:\/\/fcspartaktrnava.com\/#\/schema\/person\/image\/","url":"https:\/\/secure.gravatar.com\/avatar\/af2fa02af92418b86ed742470664fe40056833fb68d84becf03f6ab02319257c?s=96&d=mm&r=g","contentUrl":"https:\/\/secure.gravatar.com\/avatar\/af2fa02af92418b86ed742470664fe40056833fb68d84becf03f6ab02319257c?s=96&d=mm&r=g","caption":"Samuel \u010eurinsk\u00fd"},"url":"https:\/\/fcspartaktrnava.com\/en\/author\/fcst-samuel\/"}]}},"_links":{"self":[{"href":"https:\/\/fcspartaktrnava.com\/en\/wp-json\/wp\/v2\/posts\/19855","targetHints":{"allow":["GET"]}}],"collection":[{"href":"https:\/\/fcspartaktrnava.com\/en\/wp-json\/wp\/v2\/posts"}],"about":[{"href":"https:\/\/fcspartaktrnava.com\/en\/wp-json\/wp\/v2\/types\/post"}],"author":[{"embeddable":true,"href":"https:\/\/fcspartaktrnava.com\/en\/wp-json\/wp\/v2\/users\/5"}],"replies":[{"embeddable":true,"href":"https:\/\/fcspartaktrnava.com\/en\/wp-json\/wp\/v2\/comments?post=19855"}],"version-history":[{"count":0,"href":"https:\/\/fcspartaktrnava.com\/en\/wp-json\/wp\/v2\/posts\/19855\/revisions"}],"wp:featuredmedia":[{"embeddable":true,"href":"https:\/\/fcspartaktrnava.com\/en\/wp-json\/wp\/v2\/media\/19770"}],"wp:attachment":[{"href":"https:\/\/fcspartaktrnava.com\/en\/wp-json\/wp\/v2\/media?parent=19855"}],"wp:term":[{"taxonomy":"category","embeddable":true,"href":"https:\/\/fcspartaktrnava.com\/en\/wp-json\/wp\/v2\/categories?post=19855"},{"taxonomy":"post_tag","embeddable":true,"href":"https:\/\/fcspartaktrnava.com\/en\/wp-json\/wp\/v2\/tags?post=19855"}],"curies":[{"name":"wp","href":"https:\/\/api.w.org\/{rel}","templated":true}]}}