{"id":19693,"date":"2024-07-23T14:32:55","date_gmt":"2024-07-23T12:32:55","guid":{"rendered":"https:\/\/fcspartaktrnava.com\/?p=19693"},"modified":"2024-07-23T18:50:51","modified_gmt":"2024-07-23T16:50:51","slug":"fk-sarajevo-prva-prekazka-na-ceste-do-poharovej-europy","status":"publish","type":"post","link":"https:\/\/fcspartaktrnava.com\/en\/fk-sarajevo-prva-prekazka-na-ceste-do-poharovej-europy\/","title":{"rendered":"FK Sarajevo. Prv\u00e1 prek\u00e1\u017eka na ceste do poh\u00e1rovej Eur\u00f3py"},"content":{"rendered":"<p class=\"has-text-align-center has-medium-font-size\">Po elektrizuj\u00facej atmosf\u00e9re na sobotnom z\u00e1pase leta za\u010d\u00ednaj\u00fa zverenci tr\u00e9nera Michala Ga\u0161par\u00edka ostr\u00e9 s\u00faboje o poh\u00e1rov\u00fa Eur\u00f3pu. Prvou prek\u00e1\u017ekou na ceste do z\u00e1kladnej skupiny Konferen\u010dnej ligy vedie cez kvalitn\u00e9ho a nepr\u00edjemn\u00e9ho s\u00fapera &#8211; <strong>FK Sarajevo.<\/strong><\/p>\n\n\n<div class=\"wp-block-image\">\n<figure class=\"aligncenter size-large is-resized\"><img loading=\"lazy\" decoding=\"async\" width=\"776\" height=\"1024\" src=\"https:\/\/fcspartaktrnava.com\/wp-content\/uploads\/2024\/07\/FK_Sarajevo_logo.svg_-1-776x1024.png\" alt=\"\" class=\"wp-image-19699\" style=\"width:261px;height:auto\" srcset=\"https:\/\/fcspartaktrnava.com\/wp-content\/uploads\/2024\/07\/FK_Sarajevo_logo.svg_-1-776x1024.png 776w, https:\/\/fcspartaktrnava.com\/wp-content\/uploads\/2024\/07\/FK_Sarajevo_logo.svg_-1-227x300.png 227w, https:\/\/fcspartaktrnava.com\/wp-content\/uploads\/2024\/07\/FK_Sarajevo_logo.svg_-1-768x1014.png 768w, https:\/\/fcspartaktrnava.com\/wp-content\/uploads\/2024\/07\/FK_Sarajevo_logo.svg_-1-9x12.png 9w, https:\/\/fcspartaktrnava.com\/wp-content\/uploads\/2024\/07\/FK_Sarajevo_logo.svg_-1.png 800w\" sizes=\"auto, (max-width: 776px) 100vw, 776px\" \/><\/figure>\n<\/div>\n\n\n<p class=\"has-text-align-center has-white-color has-midnight-gradient-background has-text-color has-background has-link-color has-medium-font-size wp-elements-88edaa01c1927e5792dae0baf37989d9\"><strong>Bosna a Hercegovina &#8211; po\u010det obyvate\u013eov &#8211; takmer 3,5 mili\u00f3na &#8211; hlavn\u00e9 mesto Sarajevo &#8211; federat\u00edvna republika- dve historick\u00e9 oblasti \/ Bosna a Hercegovina &#8211; \u017eij\u00fa tu Bosniaci, bosnianski Srbi a bosnianski Chorv\u00e1ti- jazyky: bosniansky, srbsk\u00fd, chorv\u00e1tsky <\/strong><\/p>\n\n\n\n<hr class=\"wp-block-separator has-alpha-channel-opacity\"\/>\n\n\n\n<h2 class=\"wp-block-heading has-text-align-center\">Bohat\u00e1 hist\u00f3ria a n\u00e1rodn\u00e1 hrdos\u0165<\/h2>\n\n\n\n<p class=\"has-text-align-center has-medium-font-size\">Klub s dlhoro\u010dnou hist\u00f3riou a trad\u00edciou vznikol v roku <strong>1946<\/strong> a patr\u00ed medzi naj\u00faspe\u0161nej\u0161ie futbalov\u00e9 celky v hist\u00f3rii s\u00fa\u010dasnej Bosny a Hercegoviny a b\u00fdvalej Juhosl\u00e1vie. Svoje dom\u00e1ce z\u00e1pasy hr\u00e1va na \u0160tadi\u00f3ne Asima Ferhatovi\u010da &#8211; Hase s kapacitou vy\u0161e 35000 div\u00e1kov. \u0160tadi\u00f3n bol vybudovan\u00fd a dan\u00fd do prev\u00e1dzky v roku 1947. <\/p>\n\n\n\n<p class=\"has-text-align-center has-medium-font-size\">FK Sarajevo vyhralo dvakr\u00e1t najvy\u0161\u0161iu Juhoslovansk\u00fa ligu, 5x dom\u00e1cu najvy\u0161\u0161iu s\u00fa\u0165a\u017e (po z\u00e1niku Juhosl\u00e1vie v roku 1992). Aktu\u00e1lne p\u00f4sob\u00ed v lige s n\u00e1zvom Premijer liga. V minulom ro\u010dn\u00edku obsadilo 4. miesto a m\u00e1 tak mo\u017enos\u0165 zabojova\u0165 o poh\u00e1rov\u00fa Eur\u00f3pu. <\/p>\n\n\n\n<p class=\"has-text-align-center has-medium-font-size\">Prv\u00e9 predkolo KL prinieslo Sarajevu vyrovnan\u00fd dvojz\u00e1pas proti kaza\u0161sk\u00e9mu Aktobe. N\u00e1\u0161ho s\u00fapera sme spoznali minul\u00fd \u0161tvrtok ve\u010der. Z postupu sa napokon te\u0161ilo dom\u00e1ce Sarajevo, ke\u010f vyhralo pred vy\u0161e 21 000 div\u00e1kmi na pokutov\u00e9 kopy a post\u00fapilo \u010falej.<\/p>\n\n\n\n<figure class=\"wp-block-gallery has-nested-images columns-default is-cropped wp-block-gallery-1 is-layout-flex wp-block-gallery-is-layout-flex\">\n<figure class=\"wp-block-image size-large\"><img loading=\"lazy\" decoding=\"async\" width=\"1024\" height=\"555\" data-id=\"19700\" src=\"https:\/\/fcspartaktrnava.com\/wp-content\/uploads\/2024\/07\/d4f4c380621d143541cce40b7211e6d4-large-1024x555.jpg\" alt=\"\" class=\"wp-image-19700\" srcset=\"https:\/\/fcspartaktrnava.com\/wp-content\/uploads\/2024\/07\/d4f4c380621d143541cce40b7211e6d4-large-1024x555.jpg 1024w, https:\/\/fcspartaktrnava.com\/wp-content\/uploads\/2024\/07\/d4f4c380621d143541cce40b7211e6d4-large-300x163.jpg 300w, https:\/\/fcspartaktrnava.com\/wp-content\/uploads\/2024\/07\/d4f4c380621d143541cce40b7211e6d4-large-768x416.jpg 768w, https:\/\/fcspartaktrnava.com\/wp-content\/uploads\/2024\/07\/d4f4c380621d143541cce40b7211e6d4-large-18x10.jpg 18w, https:\/\/fcspartaktrnava.com\/wp-content\/uploads\/2024\/07\/d4f4c380621d143541cce40b7211e6d4-large.jpg 1200w\" sizes=\"auto, (max-width: 1024px) 100vw, 1024px\" \/><\/figure>\n<\/figure>\n\n\n\n<p class=\"has-text-align-center\">FOTO: WEB FK SARAJEVO<\/p>\n\n\n\n<hr class=\"wp-block-separator has-alpha-channel-opacity\"\/>\n\n\n\n<h2 class=\"wp-block-heading has-text-align-center\">Druh\u00e1 poh\u00e1rov\u00e1 konfront\u00e1cia a b\u00farliv\u00e1 atmosf\u00e9ra<\/h2>\n\n\n\n<p class=\"has-text-align-center has-medium-font-size\">Podobne kvalitn\u00fa n\u00e1v\u0161tevu m\u00f4\u017eeme o\u010dak\u00e1va\u0165 aj na \u0161tvrtkovom z\u00e1pase proti n\u00e1\u0161mu t\u00edmu, pre ktor\u00fd ide o ostr\u00fd \u0161tart novej eur\u00f3pskej sez\u00f3ny. <strong>Ve\u013emi n\u00e1s te\u0161\u00ed, \u017ee na trib\u00fanach nebud\u00fa ch\u00fdba\u0165 \u010derveno-\u010d\u00edrne farby a FANKLUB chyst\u00e1 organizovan\u00fd z\u00e1jazd na podporu klubu. <\/strong><\/p>\n\n\n\n<p class=\"has-text-align-center has-medium-font-size\">N\u00e1\u0161 \u0161tvrtkov\u00fd s\u00faper nie je v Konferen\u010dnej lige \u017eiaden nov\u00e1\u010dik ale do druh\u00e9ho predkola sa dostal v\u00f4bec prv\u00fdkr\u00e1t. V oboch predo\u0161l\u00fdch pr\u00edpadoch stroskotal na svojich s\u00faperoch. S FK Sarajevo sme sa u\u017e v eur\u00f3pskych s\u00fa\u0165a\u017eiach stretli. Bolo to v roku 2009 a i\u0161lo o kvalifik\u00e1ciu Eur\u00f3pskej ligy. Sarajevo vyhralo dom\u00e1ci z\u00e1pas 1:0 a v Trnave sa zrodila rem\u00edza 1:1. \u010ealej tak i\u0161iel bosniansky t\u00edm. <\/p>\n\n\n\n<p class=\"has-text-align-center has-medium-font-size\">Medzi najnebezpe\u010dnej\u0161\u00edch hr\u00e1\u010dov patr\u00ed Hamza \u010catakovi\u010d, ktor\u00fd v minulosti p\u00f4sobil aj na Slovensku a v minulej sez\u00f3ne Premijer ligy strelil 17 g\u00f3lov. <\/p>\n\n\n\n<hr class=\"wp-block-separator has-alpha-channel-opacity\"\/>\n\n\n\n<p class=\"has-text-align-center has-white-color has-vivid-red-background-color has-text-color has-background has-link-color has-medium-font-size wp-elements-39c5a969b4691ec9d3a425fc4a441e53\"><strong>FK SARAJEVO vs FC SPARTAK TRNAVA <\/strong><\/p>\n\n\n\n<p class=\"has-text-align-center has-white-color has-vivid-red-background-color has-text-color has-background has-link-color has-medium-font-size wp-elements-c96d31f95f41a576833f6cb66533993c\"><strong>\u0160TVRTOK 25. j\u00fala <\/strong>&#8211; <strong>V\u00fdkop: 21:00 <\/strong><\/p>\n\n\n\n<p class=\"has-text-align-center has-white-color has-vivid-red-background-color has-text-color has-background has-link-color has-medium-font-size wp-elements-429c6cf0a0f52bcf8f48c4a1f1c5dc7a\"><strong>\u0160tadi\u00f3n Asima Ferhatovi\u010da &#8211; Hase <\/strong><\/p>\n\n\n\n<p class=\"has-text-align-center has-white-color has-vivid-red-background-color has-text-color has-background has-link-color has-medium-font-size wp-elements-90822e95b893da4a3288c395b8893407\"><strong>Priamy prenos: STVR :\u0160PORT <\/strong><\/p>\n\n\n\n<hr class=\"wp-block-separator has-alpha-channel-opacity\"\/>\n\n\n\n<p class=\"has-text-align-center has-large-font-size\"><strong>Bu\u010fte s nami pri \u0161tarte cesty do poh\u00e1rovej Eur\u00f3py a sledujte na\u0161e soci\u00e1lne siete a web. <\/strong><\/p>\n\n\n\n<p class=\"has-text-align-center has-large-font-size\"><strong>TO<\/strong> <strong>MY SME SPARTAK<\/strong><\/p>","protected":false},"excerpt":{"rendered":"<p>Po elektrizuj\u00facej atmosf\u00e9re na sobotnom z\u00e1pase leta za\u010d\u00ednaj\u00fa&#8230;<\/p>","protected":false},"author":5,"featured_media":19701,"comment_status":"closed","ping_status":"closed","sticky":false,"template":"","format":"standard","meta":{"footnotes":""},"categories":[12,20],"tags":[],"class_list":["post-19693","post","type-post","status-publish","format-standard","has-post-thumbnail","hentry","category-spravy","category-zapas","post-number-1"],"yoast_head":"<!-- This site is optimized with the Yoast SEO plugin v27.1.1 - https:\/\/yoast.com\/product\/yoast-seo-wordpress\/ -->\n<title>FK Sarajevo. Prv\u00e1 prek\u00e1\u017eka na ceste do poh\u00e1rovej Eur\u00f3py - FC Spartak Trnava<\/title>\n<meta name=\"robots\" content=\"index, follow, max-snippet:-1, max-image-preview:large, max-video-preview:-1\" \/>\n<link rel=\"canonical\" href=\"https:\/\/fcspartaktrnava.com\/en\/fk-sarajevo-prva-prekazka-na-ceste-do-poharovej-europy\/\" \/>\n<meta name=\"twitter:label1\" content=\"Written by\" \/>\n\t<meta name=\"twitter:data1\" content=\"Samuel \u010eurinsk\u00fd\" \/>\n\t<meta name=\"twitter:label2\" content=\"Estimated reading time\" \/>\n\t<meta name=\"twitter:data2\" content=\"3 minutes\" \/>\n<script type=\"application\/ld+json\" class=\"yoast-schema-graph\">{\"@context\":\"https:\/\/schema.org\",\"@graph\":[{\"@type\":\"Article\",\"@id\":\"https:\/\/fcspartaktrnava.com\/fk-sarajevo-prva-prekazka-na-ceste-do-poharovej-europy\/#article\",\"isPartOf\":{\"@id\":\"https:\/\/fcspartaktrnava.com\/fk-sarajevo-prva-prekazka-na-ceste-do-poharovej-europy\/\"},\"author\":{\"name\":\"Samuel \u010eurinsk\u00fd\",\"@id\":\"https:\/\/fcspartaktrnava.com\/#\/schema\/person\/62c3c2562c3c56e4c0c8c2342c596ac0\"},\"headline\":\"FK Sarajevo. Prv\u00e1 prek\u00e1\u017eka na ceste do poh\u00e1rovej Eur\u00f3py\",\"datePublished\":\"2024-07-23T12:32:55+00:00\",\"dateModified\":\"2024-07-23T16:50:51+00:00\",\"mainEntityOfPage\":{\"@id\":\"https:\/\/fcspartaktrnava.com\/fk-sarajevo-prva-prekazka-na-ceste-do-poharovej-europy\/\"},\"wordCount\":503,\"publisher\":{\"@id\":\"https:\/\/fcspartaktrnava.com\/#organization\"},\"image\":{\"@id\":\"https:\/\/fcspartaktrnava.com\/fk-sarajevo-prva-prekazka-na-ceste-do-poharovej-europy\/#primaryimage\"},\"thumbnailUrl\":\"https:\/\/fcspartaktrnava.com\/wp-content\/uploads\/2024\/07\/DSC_3954-1-scaled.jpg\",\"articleSection\":[\"Spr\u00e1vy\",\"Z\u00e1pas\"],\"inLanguage\":\"en-GB\"},{\"@type\":\"WebPage\",\"@id\":\"https:\/\/fcspartaktrnava.com\/fk-sarajevo-prva-prekazka-na-ceste-do-poharovej-europy\/\",\"url\":\"https:\/\/fcspartaktrnava.com\/fk-sarajevo-prva-prekazka-na-ceste-do-poharovej-europy\/\",\"name\":\"FK Sarajevo. Prv\u00e1 prek\u00e1\u017eka na ceste do poh\u00e1rovej Eur\u00f3py - FC Spartak Trnava\",\"isPartOf\":{\"@id\":\"https:\/\/fcspartaktrnava.com\/#website\"},\"primaryImageOfPage\":{\"@id\":\"https:\/\/fcspartaktrnava.com\/fk-sarajevo-prva-prekazka-na-ceste-do-poharovej-europy\/#primaryimage\"},\"image\":{\"@id\":\"https:\/\/fcspartaktrnava.com\/fk-sarajevo-prva-prekazka-na-ceste-do-poharovej-europy\/#primaryimage\"},\"thumbnailUrl\":\"https:\/\/fcspartaktrnava.com\/wp-content\/uploads\/2024\/07\/DSC_3954-1-scaled.jpg\",\"datePublished\":\"2024-07-23T12:32:55+00:00\",\"dateModified\":\"2024-07-23T16:50:51+00:00\",\"breadcrumb\":{\"@id\":\"https:\/\/fcspartaktrnava.com\/fk-sarajevo-prva-prekazka-na-ceste-do-poharovej-europy\/#breadcrumb\"},\"inLanguage\":\"en-GB\",\"potentialAction\":[{\"@type\":\"ReadAction\",\"target\":[\"https:\/\/fcspartaktrnava.com\/fk-sarajevo-prva-prekazka-na-ceste-do-poharovej-europy\/\"]}]},{\"@type\":\"ImageObject\",\"inLanguage\":\"en-GB\",\"@id\":\"https:\/\/fcspartaktrnava.com\/fk-sarajevo-prva-prekazka-na-ceste-do-poharovej-europy\/#primaryimage\",\"url\":\"https:\/\/fcspartaktrnava.com\/wp-content\/uploads\/2024\/07\/DSC_3954-1-scaled.jpg\",\"contentUrl\":\"https:\/\/fcspartaktrnava.com\/wp-content\/uploads\/2024\/07\/DSC_3954-1-scaled.jpg\",\"width\":2560,\"height\":1707},{\"@type\":\"BreadcrumbList\",\"@id\":\"https:\/\/fcspartaktrnava.com\/fk-sarajevo-prva-prekazka-na-ceste-do-poharovej-europy\/#breadcrumb\",\"itemListElement\":[{\"@type\":\"ListItem\",\"position\":1,\"name\":\"Home\",\"item\":\"https:\/\/fcspartaktrnava.com\/\"},{\"@type\":\"ListItem\",\"position\":2,\"name\":\"FK Sarajevo. Prv\u00e1 prek\u00e1\u017eka na ceste do poh\u00e1rovej Eur\u00f3py\"}]},{\"@type\":\"WebSite\",\"@id\":\"https:\/\/fcspartaktrnava.com\/#website\",\"url\":\"https:\/\/fcspartaktrnava.com\/\",\"name\":\"FC Spartak Trnava\",\"description\":\"ofici\u00e1lna webstr\u00e1nka futbalov\u00e9ho klubu\",\"publisher\":{\"@id\":\"https:\/\/fcspartaktrnava.com\/#organization\"},\"potentialAction\":[{\"@type\":\"SearchAction\",\"target\":{\"@type\":\"EntryPoint\",\"urlTemplate\":\"https:\/\/fcspartaktrnava.com\/?s={search_term_string}\"},\"query-input\":{\"@type\":\"PropertyValueSpecification\",\"valueRequired\":true,\"valueName\":\"search_term_string\"}}],\"inLanguage\":\"en-GB\"},{\"@type\":\"Organization\",\"@id\":\"https:\/\/fcspartaktrnava.com\/#organization\",\"name\":\"FC Spartak Trnava\",\"alternateName\":\"Spartak\",\"url\":\"https:\/\/fcspartaktrnava.com\/\",\"logo\":{\"@type\":\"ImageObject\",\"inLanguage\":\"en-GB\",\"@id\":\"https:\/\/fcspartaktrnava.com\/#\/schema\/logo\/image\/\",\"url\":\"https:\/\/fcspartaktrnava.com\/wp-content\/uploads\/2022\/08\/cropped-site_logo.png\",\"contentUrl\":\"https:\/\/fcspartaktrnava.com\/wp-content\/uploads\/2022\/08\/cropped-site_logo.png\",\"width\":140,\"height\":140,\"caption\":\"FC Spartak Trnava\"},\"image\":{\"@id\":\"https:\/\/fcspartaktrnava.com\/#\/schema\/logo\/image\/\"},\"sameAs\":[\"https:\/\/www.facebook.com\/SpartakTrnava\",\"https:\/\/x.com\/SpartakTrnava1\",\"https:\/\/www.instagram.com\/spartak_sk\/\"]},{\"@type\":\"Person\",\"@id\":\"https:\/\/fcspartaktrnava.com\/#\/schema\/person\/62c3c2562c3c56e4c0c8c2342c596ac0\",\"name\":\"Samuel \u010eurinsk\u00fd\",\"image\":{\"@type\":\"ImageObject\",\"inLanguage\":\"en-GB\",\"@id\":\"https:\/\/fcspartaktrnava.com\/#\/schema\/person\/image\/\",\"url\":\"https:\/\/secure.gravatar.com\/avatar\/af2fa02af92418b86ed742470664fe40056833fb68d84becf03f6ab02319257c?s=96&d=mm&r=g\",\"contentUrl\":\"https:\/\/secure.gravatar.com\/avatar\/af2fa02af92418b86ed742470664fe40056833fb68d84becf03f6ab02319257c?s=96&d=mm&r=g\",\"caption\":\"Samuel \u010eurinsk\u00fd\"},\"url\":\"https:\/\/fcspartaktrnava.com\/en\/author\/fcst-samuel\/\"}]}<\/script>\n<!-- \/ Yoast SEO plugin. -->","yoast_head_json":{"title":"FK Sarajevo. Prv\u00e1 prek\u00e1\u017eka na ceste do poh\u00e1rovej Eur\u00f3py - FC Spartak Trnava","robots":{"index":"index","follow":"follow","max-snippet":"max-snippet:-1","max-image-preview":"max-image-preview:large","max-video-preview":"max-video-preview:-1"},"canonical":"https:\/\/fcspartaktrnava.com\/en\/fk-sarajevo-prva-prekazka-na-ceste-do-poharovej-europy\/","twitter_misc":{"Written by":"Samuel \u010eurinsk\u00fd","Estimated reading time":"3 minutes"},"schema":{"@context":"https:\/\/schema.org","@graph":[{"@type":"Article","@id":"https:\/\/fcspartaktrnava.com\/fk-sarajevo-prva-prekazka-na-ceste-do-poharovej-europy\/#article","isPartOf":{"@id":"https:\/\/fcspartaktrnava.com\/fk-sarajevo-prva-prekazka-na-ceste-do-poharovej-europy\/"},"author":{"name":"Samuel \u010eurinsk\u00fd","@id":"https:\/\/fcspartaktrnava.com\/#\/schema\/person\/62c3c2562c3c56e4c0c8c2342c596ac0"},"headline":"FK Sarajevo. Prv\u00e1 prek\u00e1\u017eka na ceste do poh\u00e1rovej Eur\u00f3py","datePublished":"2024-07-23T12:32:55+00:00","dateModified":"2024-07-23T16:50:51+00:00","mainEntityOfPage":{"@id":"https:\/\/fcspartaktrnava.com\/fk-sarajevo-prva-prekazka-na-ceste-do-poharovej-europy\/"},"wordCount":503,"publisher":{"@id":"https:\/\/fcspartaktrnava.com\/#organization"},"image":{"@id":"https:\/\/fcspartaktrnava.com\/fk-sarajevo-prva-prekazka-na-ceste-do-poharovej-europy\/#primaryimage"},"thumbnailUrl":"https:\/\/fcspartaktrnava.com\/wp-content\/uploads\/2024\/07\/DSC_3954-1-scaled.jpg","articleSection":["Spr\u00e1vy","Z\u00e1pas"],"inLanguage":"en-GB"},{"@type":"WebPage","@id":"https:\/\/fcspartaktrnava.com\/fk-sarajevo-prva-prekazka-na-ceste-do-poharovej-europy\/","url":"https:\/\/fcspartaktrnava.com\/fk-sarajevo-prva-prekazka-na-ceste-do-poharovej-europy\/","name":"FK Sarajevo. Prv\u00e1 prek\u00e1\u017eka na ceste do poh\u00e1rovej Eur\u00f3py - FC Spartak Trnava","isPartOf":{"@id":"https:\/\/fcspartaktrnava.com\/#website"},"primaryImageOfPage":{"@id":"https:\/\/fcspartaktrnava.com\/fk-sarajevo-prva-prekazka-na-ceste-do-poharovej-europy\/#primaryimage"},"image":{"@id":"https:\/\/fcspartaktrnava.com\/fk-sarajevo-prva-prekazka-na-ceste-do-poharovej-europy\/#primaryimage"},"thumbnailUrl":"https:\/\/fcspartaktrnava.com\/wp-content\/uploads\/2024\/07\/DSC_3954-1-scaled.jpg","datePublished":"2024-07-23T12:32:55+00:00","dateModified":"2024-07-23T16:50:51+00:00","breadcrumb":{"@id":"https:\/\/fcspartaktrnava.com\/fk-sarajevo-prva-prekazka-na-ceste-do-poharovej-europy\/#breadcrumb"},"inLanguage":"en-GB","potentialAction":[{"@type":"ReadAction","target":["https:\/\/fcspartaktrnava.com\/fk-sarajevo-prva-prekazka-na-ceste-do-poharovej-europy\/"]}]},{"@type":"ImageObject","inLanguage":"en-GB","@id":"https:\/\/fcspartaktrnava.com\/fk-sarajevo-prva-prekazka-na-ceste-do-poharovej-europy\/#primaryimage","url":"https:\/\/fcspartaktrnava.com\/wp-content\/uploads\/2024\/07\/DSC_3954-1-scaled.jpg","contentUrl":"https:\/\/fcspartaktrnava.com\/wp-content\/uploads\/2024\/07\/DSC_3954-1-scaled.jpg","width":2560,"height":1707},{"@type":"BreadcrumbList","@id":"https:\/\/fcspartaktrnava.com\/fk-sarajevo-prva-prekazka-na-ceste-do-poharovej-europy\/#breadcrumb","itemListElement":[{"@type":"ListItem","position":1,"name":"Home","item":"https:\/\/fcspartaktrnava.com\/"},{"@type":"ListItem","position":2,"name":"FK Sarajevo. Prv\u00e1 prek\u00e1\u017eka na ceste do poh\u00e1rovej Eur\u00f3py"}]},{"@type":"WebSite","@id":"https:\/\/fcspartaktrnava.com\/#website","url":"https:\/\/fcspartaktrnava.com\/","name":"FC Spartak Trnava","description":"ofici\u00e1lna webstr\u00e1nka futbalov\u00e9ho klubu","publisher":{"@id":"https:\/\/fcspartaktrnava.com\/#organization"},"potentialAction":[{"@type":"SearchAction","target":{"@type":"EntryPoint","urlTemplate":"https:\/\/fcspartaktrnava.com\/?s={search_term_string}"},"query-input":{"@type":"PropertyValueSpecification","valueRequired":true,"valueName":"search_term_string"}}],"inLanguage":"en-GB"},{"@type":"Organization","@id":"https:\/\/fcspartaktrnava.com\/#organization","name":"FC Spartak Trnava","alternateName":"Spartak","url":"https:\/\/fcspartaktrnava.com\/","logo":{"@type":"ImageObject","inLanguage":"en-GB","@id":"https:\/\/fcspartaktrnava.com\/#\/schema\/logo\/image\/","url":"https:\/\/fcspartaktrnava.com\/wp-content\/uploads\/2022\/08\/cropped-site_logo.png","contentUrl":"https:\/\/fcspartaktrnava.com\/wp-content\/uploads\/2022\/08\/cropped-site_logo.png","width":140,"height":140,"caption":"FC Spartak Trnava"},"image":{"@id":"https:\/\/fcspartaktrnava.com\/#\/schema\/logo\/image\/"},"sameAs":["https:\/\/www.facebook.com\/SpartakTrnava","https:\/\/x.com\/SpartakTrnava1","https:\/\/www.instagram.com\/spartak_sk\/"]},{"@type":"Person","@id":"https:\/\/fcspartaktrnava.com\/#\/schema\/person\/62c3c2562c3c56e4c0c8c2342c596ac0","name":"Samuel \u010eurinsk\u00fd","image":{"@type":"ImageObject","inLanguage":"en-GB","@id":"https:\/\/fcspartaktrnava.com\/#\/schema\/person\/image\/","url":"https:\/\/secure.gravatar.com\/avatar\/af2fa02af92418b86ed742470664fe40056833fb68d84becf03f6ab02319257c?s=96&d=mm&r=g","contentUrl":"https:\/\/secure.gravatar.com\/avatar\/af2fa02af92418b86ed742470664fe40056833fb68d84becf03f6ab02319257c?s=96&d=mm&r=g","caption":"Samuel \u010eurinsk\u00fd"},"url":"https:\/\/fcspartaktrnava.com\/en\/author\/fcst-samuel\/"}]}},"_links":{"self":[{"href":"https:\/\/fcspartaktrnava.com\/en\/wp-json\/wp\/v2\/posts\/19693","targetHints":{"allow":["GET"]}}],"collection":[{"href":"https:\/\/fcspartaktrnava.com\/en\/wp-json\/wp\/v2\/posts"}],"about":[{"href":"https:\/\/fcspartaktrnava.com\/en\/wp-json\/wp\/v2\/types\/post"}],"author":[{"embeddable":true,"href":"https:\/\/fcspartaktrnava.com\/en\/wp-json\/wp\/v2\/users\/5"}],"replies":[{"embeddable":true,"href":"https:\/\/fcspartaktrnava.com\/en\/wp-json\/wp\/v2\/comments?post=19693"}],"version-history":[{"count":0,"href":"https:\/\/fcspartaktrnava.com\/en\/wp-json\/wp\/v2\/posts\/19693\/revisions"}],"wp:featuredmedia":[{"embeddable":true,"href":"https:\/\/fcspartaktrnava.com\/en\/wp-json\/wp\/v2\/media\/19701"}],"wp:attachment":[{"href":"https:\/\/fcspartaktrnava.com\/en\/wp-json\/wp\/v2\/media?parent=19693"}],"wp:term":[{"taxonomy":"category","embeddable":true,"href":"https:\/\/fcspartaktrnava.com\/en\/wp-json\/wp\/v2\/categories?post=19693"},{"taxonomy":"post_tag","embeddable":true,"href":"https:\/\/fcspartaktrnava.com\/en\/wp-json\/wp\/v2\/tags?post=19693"}],"curies":[{"name":"wp","href":"https:\/\/api.w.org\/{rel}","templated":true}]}}