{"id":19125,"date":"2024-07-15T18:00:00","date_gmt":"2024-07-15T16:00:00","guid":{"rendered":"https:\/\/fcspartaktrnava.com\/?p=19125"},"modified":"2024-07-15T18:02:49","modified_gmt":"2024-07-15T16:02:49","slug":"mladici-bukovsky-a-turansky-s-profesionalnymi-kontraktmi","status":"publish","type":"post","link":"https:\/\/fcspartaktrnava.com\/en\/mladici-bukovsky-a-turansky-s-profesionalnymi-kontraktmi\/","title":{"rendered":"Mlad\u00edci Bukovsk\u00fd a Turansk\u00fd s profesion\u00e1lnymi kontraktmi"},"content":{"rendered":"<p>Ve\u013ek\u00fd de\u0148 a m\u00ed\u013enik maj\u00fa za sebou mlad\u00e9 talenty D\u00e1vid Bukovsk\u00fd a Martin Turansk\u00fd. Obaja u\u017e ok\u00fasili reprezenta\u010dn\u00fd dres Slovenska a obaja by si raz chceli zahra\u0165 za A-t\u00edm \u010derveno-\u010d\u00edrnych. Dnes k tomu urobili v\u00fdrazn\u00fd krok a podpisom trojro\u010dn\u00fdch zml\u00fav sa naplno dostali do profesion\u00e1lneho futbalu.<\/p>\n\n\n\n<p>\u010coskoro 17-ro\u010dn\u00fd D\u00e1vid Bukovsk\u00fd si podpis kontraktu ve\u013emi v\u00e1\u017ei a te\u0161\u00ed sa na \u010fal\u0161ie m\u00e9ty.<strong> &#8222;Znamen\u00e1 to pre m\u0148a ve\u013ea a som ve\u013emi r\u00e1d, \u017ee som dostal tak\u00fato ponuku. Mus\u00edm na sebe neust\u00e1le pracova\u0165 a viem kde m\u00e1m nedostatky. Najbli\u017e\u0161ie by som sa chcel posun\u00fa\u0165 \u010do najviac v doraste, raz by som si chcel zahra\u0165 za Spartak A a chcem si to tu poriadne u\u017ei\u0165.&#8220; <\/strong>dodal mlad\u00fd talent Bukovsk\u00fd, ktor\u00fd hr\u00e1va na poz\u00edcii \u00fato\u010dn\u00edka a v minulom roku si odniesol ocenenie pre najlep\u0161ieho ml\u00e1de\u017en\u00edka n\u00e1\u0161ho klubu za rok 2022. <\/p>\n\n\n\n<figure class=\"wp-block-image size-large\"><img loading=\"lazy\" decoding=\"async\" width=\"1024\" height=\"683\" src=\"https:\/\/fcspartaktrnava.com\/wp-content\/uploads\/2024\/07\/DSC_8968-1024x683.jpg\" alt=\"\" class=\"wp-image-19126\" srcset=\"https:\/\/fcspartaktrnava.com\/wp-content\/uploads\/2024\/07\/DSC_8968-1024x683.jpg 1024w, https:\/\/fcspartaktrnava.com\/wp-content\/uploads\/2024\/07\/DSC_8968-300x200.jpg 300w, https:\/\/fcspartaktrnava.com\/wp-content\/uploads\/2024\/07\/DSC_8968-768x512.jpg 768w, https:\/\/fcspartaktrnava.com\/wp-content\/uploads\/2024\/07\/DSC_8968-1536x1025.jpg 1536w, https:\/\/fcspartaktrnava.com\/wp-content\/uploads\/2024\/07\/DSC_8968-2048x1367.jpg 2048w, https:\/\/fcspartaktrnava.com\/wp-content\/uploads\/2024\/07\/DSC_8968-18x12.jpg 18w\" sizes=\"auto, (max-width: 1024px) 100vw, 1024px\" \/><\/figure>\n\n\n\n<p class=\"has-text-align-center\">D\u00e1vid Bukovsk\u00fd pri podpise zmluvy do roku 2027<\/p>\n\n\n\n<hr class=\"wp-block-separator has-alpha-channel-opacity\"\/>\n\n\n\n<p>Aj pre Martina Turansk\u00e9ho je podpis kontraktu ve\u013ekou v\u00fdzvou na ktor\u00fa sa ve\u013emi te\u0161\u00ed. 17-ro\u010dn\u00fd obranca je v Trnave od detstva a za Spartak hr\u00e1val aj jeho dedko.<strong> &#8222;Znamen\u00e1 to pre m\u0148a ve\u013emi ve\u013ea a budem na sebe pracova\u0165, aby som tu mohol pravidelne hr\u00e1va\u0165. Ur\u010dite by som chcel nast\u00fapi\u0165 za A-t\u00edm a ver\u00edm, \u017ee sa mi to podar\u00ed \u010do najsk\u00f4r dosiahnu\u0165. Budem sa o to sna\u017ei\u0165 \u010do najviac.&#8220; <\/strong><\/p>\n\n\n\n<figure class=\"wp-block-image size-large\"><img loading=\"lazy\" decoding=\"async\" width=\"1024\" height=\"683\" src=\"https:\/\/fcspartaktrnava.com\/wp-content\/uploads\/2024\/07\/DSC_8978-1024x683.jpg\" alt=\"\" class=\"wp-image-19127\" srcset=\"https:\/\/fcspartaktrnava.com\/wp-content\/uploads\/2024\/07\/DSC_8978-1024x683.jpg 1024w, https:\/\/fcspartaktrnava.com\/wp-content\/uploads\/2024\/07\/DSC_8978-300x200.jpg 300w, https:\/\/fcspartaktrnava.com\/wp-content\/uploads\/2024\/07\/DSC_8978-768x512.jpg 768w, https:\/\/fcspartaktrnava.com\/wp-content\/uploads\/2024\/07\/DSC_8978-1536x1025.jpg 1536w, https:\/\/fcspartaktrnava.com\/wp-content\/uploads\/2024\/07\/DSC_8978-2048x1367.jpg 2048w, https:\/\/fcspartaktrnava.com\/wp-content\/uploads\/2024\/07\/DSC_8978-18x12.jpg 18w\" sizes=\"auto, (max-width: 1024px) 100vw, 1024px\" \/><\/figure>\n\n\n\n<p class=\"has-text-align-center\">Martin Turansk\u00fd pri podpise trojro\u010dnej zmluvy<\/p>\n\n\n\n<hr class=\"wp-block-separator has-alpha-channel-opacity\"\/>\n\n\n\n<p><strong>2027<\/strong>. \u010c\u00edslo, ktor\u00e9 m\u00f4\u017ee obom menovan\u00fdm mlad\u00edkom zmeni\u0165 \u0161portov\u00fd ale aj osobn\u00fd \u017eivot. My im budeme dr\u017ea\u0165 palce a ver\u00edme, \u017ee bud\u00fa pokra\u010dova\u0165 na ceste za vyt\u00fa\u017een\u00fdmi m\u00e9tami a svojimi v\u00fdkonmi robi\u0165 rados\u0165 tr\u00e9nerom, fan\u00fa\u0161ikom a celej na\u0161ej trnavskej <strong>RODZINE. <\/strong><\/p>\n\n\n\n<figure class=\"wp-block-gallery has-nested-images columns-default is-cropped wp-block-gallery-1 is-layout-flex wp-block-gallery-is-layout-flex\">\n<figure class=\"wp-block-image size-large\"><img loading=\"lazy\" decoding=\"async\" width=\"1024\" height=\"683\" data-id=\"19134\" src=\"https:\/\/fcspartaktrnava.com\/wp-content\/uploads\/2024\/07\/DSC_8990-3-1024x683.jpg\" alt=\"\" class=\"wp-image-19134\" srcset=\"https:\/\/fcspartaktrnava.com\/wp-content\/uploads\/2024\/07\/DSC_8990-3-1024x683.jpg 1024w, https:\/\/fcspartaktrnava.com\/wp-content\/uploads\/2024\/07\/DSC_8990-3-300x200.jpg 300w, https:\/\/fcspartaktrnava.com\/wp-content\/uploads\/2024\/07\/DSC_8990-3-768x512.jpg 768w, https:\/\/fcspartaktrnava.com\/wp-content\/uploads\/2024\/07\/DSC_8990-3-1536x1025.jpg 1536w, https:\/\/fcspartaktrnava.com\/wp-content\/uploads\/2024\/07\/DSC_8990-3-2048x1367.jpg 2048w, https:\/\/fcspartaktrnava.com\/wp-content\/uploads\/2024\/07\/DSC_8990-3-18x12.jpg 18w\" sizes=\"auto, (max-width: 1024px) 100vw, 1024px\" \/><\/figure>\n<\/figure>\n\n\n\n<p><\/p>\n\n\n\n<p><\/p>\n\n\n\n<p class=\"has-text-align-center has-white-color has-vivid-red-background-color has-text-color has-background has-link-color wp-elements-92a0c533f18ea8d803e183377583b970\"><strong>U\u017e zajtra \u010dak\u00e1 na\u0161u U17 pr\u00edpravn\u00fd z\u00e1pas proti Wolverhamptonu Wanderers s v\u00fdkopom o 11:00 v Jaslovsk\u00fdch Bohuniciach. Dr\u017ete na\u0161im mlad\u00edkom palce! <\/strong><\/p>","protected":false},"excerpt":{"rendered":"<p>Ve\u013ek\u00fd de\u0148 a m\u00ed\u013enik maj\u00fa za sebou mlad\u00e9&#8230;<\/p>","protected":false},"author":5,"featured_media":19132,"comment_status":"closed","ping_status":"closed","sticky":false,"template":"","format":"standard","meta":{"footnotes":""},"categories":[52,41,12],"tags":[],"class_list":["post-19125","post","type-post","status-publish","format-standard","has-post-thumbnail","hentry","category-mladez","category-intervju","category-spravy","post-number-1"],"yoast_head":"<!-- This site is optimized with the Yoast SEO plugin v27.1.1 - https:\/\/yoast.com\/product\/yoast-seo-wordpress\/ -->\n<title>Mlad\u00edci Bukovsk\u00fd a Turansk\u00fd s profesion\u00e1lnymi kontraktmi - FC Spartak Trnava<\/title>\n<meta name=\"robots\" content=\"index, follow, max-snippet:-1, max-image-preview:large, max-video-preview:-1\" \/>\n<link rel=\"canonical\" href=\"https:\/\/fcspartaktrnava.com\/en\/mladici-bukovsky-a-turansky-s-profesionalnymi-kontraktmi\/\" \/>\n<meta name=\"twitter:label1\" content=\"Written by\" \/>\n\t<meta name=\"twitter:data1\" content=\"Samuel \u010eurinsk\u00fd\" \/>\n\t<meta name=\"twitter:label2\" content=\"Estimated reading time\" \/>\n\t<meta name=\"twitter:data2\" content=\"3 minutes\" \/>\n<script type=\"application\/ld+json\" class=\"yoast-schema-graph\">{\"@context\":\"https:\/\/schema.org\",\"@graph\":[{\"@type\":\"Article\",\"@id\":\"https:\/\/fcspartaktrnava.com\/mladici-bukovsky-a-turansky-s-profesionalnymi-kontraktmi\/#article\",\"isPartOf\":{\"@id\":\"https:\/\/fcspartaktrnava.com\/mladici-bukovsky-a-turansky-s-profesionalnymi-kontraktmi\/\"},\"author\":{\"name\":\"Samuel \u010eurinsk\u00fd\",\"@id\":\"https:\/\/fcspartaktrnava.com\/#\/schema\/person\/62c3c2562c3c56e4c0c8c2342c596ac0\"},\"headline\":\"Mlad\u00edci Bukovsk\u00fd a Turansk\u00fd s profesion\u00e1lnymi kontraktmi\",\"datePublished\":\"2024-07-15T16:00:00+00:00\",\"dateModified\":\"2024-07-15T16:02:49+00:00\",\"mainEntityOfPage\":{\"@id\":\"https:\/\/fcspartaktrnava.com\/mladici-bukovsky-a-turansky-s-profesionalnymi-kontraktmi\/\"},\"wordCount\":360,\"publisher\":{\"@id\":\"https:\/\/fcspartaktrnava.com\/#organization\"},\"image\":{\"@id\":\"https:\/\/fcspartaktrnava.com\/mladici-bukovsky-a-turansky-s-profesionalnymi-kontraktmi\/#primaryimage\"},\"thumbnailUrl\":\"https:\/\/fcspartaktrnava.com\/wp-content\/uploads\/2024\/07\/DSC_8986-3-scaled.jpg\",\"articleSection\":[\"Ml\u00e1de\u017e\",\"Rozhovory\",\"Spr\u00e1vy\"],\"inLanguage\":\"en-GB\"},{\"@type\":\"WebPage\",\"@id\":\"https:\/\/fcspartaktrnava.com\/mladici-bukovsky-a-turansky-s-profesionalnymi-kontraktmi\/\",\"url\":\"https:\/\/fcspartaktrnava.com\/mladici-bukovsky-a-turansky-s-profesionalnymi-kontraktmi\/\",\"name\":\"Mlad\u00edci Bukovsk\u00fd a Turansk\u00fd s profesion\u00e1lnymi kontraktmi - FC Spartak Trnava\",\"isPartOf\":{\"@id\":\"https:\/\/fcspartaktrnava.com\/#website\"},\"primaryImageOfPage\":{\"@id\":\"https:\/\/fcspartaktrnava.com\/mladici-bukovsky-a-turansky-s-profesionalnymi-kontraktmi\/#primaryimage\"},\"image\":{\"@id\":\"https:\/\/fcspartaktrnava.com\/mladici-bukovsky-a-turansky-s-profesionalnymi-kontraktmi\/#primaryimage\"},\"thumbnailUrl\":\"https:\/\/fcspartaktrnava.com\/wp-content\/uploads\/2024\/07\/DSC_8986-3-scaled.jpg\",\"datePublished\":\"2024-07-15T16:00:00+00:00\",\"dateModified\":\"2024-07-15T16:02:49+00:00\",\"breadcrumb\":{\"@id\":\"https:\/\/fcspartaktrnava.com\/mladici-bukovsky-a-turansky-s-profesionalnymi-kontraktmi\/#breadcrumb\"},\"inLanguage\":\"en-GB\",\"potentialAction\":[{\"@type\":\"ReadAction\",\"target\":[\"https:\/\/fcspartaktrnava.com\/mladici-bukovsky-a-turansky-s-profesionalnymi-kontraktmi\/\"]}]},{\"@type\":\"ImageObject\",\"inLanguage\":\"en-GB\",\"@id\":\"https:\/\/fcspartaktrnava.com\/mladici-bukovsky-a-turansky-s-profesionalnymi-kontraktmi\/#primaryimage\",\"url\":\"https:\/\/fcspartaktrnava.com\/wp-content\/uploads\/2024\/07\/DSC_8986-3-scaled.jpg\",\"contentUrl\":\"https:\/\/fcspartaktrnava.com\/wp-content\/uploads\/2024\/07\/DSC_8986-3-scaled.jpg\",\"width\":2560,\"height\":1109},{\"@type\":\"BreadcrumbList\",\"@id\":\"https:\/\/fcspartaktrnava.com\/mladici-bukovsky-a-turansky-s-profesionalnymi-kontraktmi\/#breadcrumb\",\"itemListElement\":[{\"@type\":\"ListItem\",\"position\":1,\"name\":\"Home\",\"item\":\"https:\/\/fcspartaktrnava.com\/\"},{\"@type\":\"ListItem\",\"position\":2,\"name\":\"Mlad\u00edci Bukovsk\u00fd a Turansk\u00fd s profesion\u00e1lnymi kontraktmi\"}]},{\"@type\":\"WebSite\",\"@id\":\"https:\/\/fcspartaktrnava.com\/#website\",\"url\":\"https:\/\/fcspartaktrnava.com\/\",\"name\":\"FC Spartak Trnava\",\"description\":\"ofici\u00e1lna webstr\u00e1nka futbalov\u00e9ho klubu\",\"publisher\":{\"@id\":\"https:\/\/fcspartaktrnava.com\/#organization\"},\"potentialAction\":[{\"@type\":\"SearchAction\",\"target\":{\"@type\":\"EntryPoint\",\"urlTemplate\":\"https:\/\/fcspartaktrnava.com\/?s={search_term_string}\"},\"query-input\":{\"@type\":\"PropertyValueSpecification\",\"valueRequired\":true,\"valueName\":\"search_term_string\"}}],\"inLanguage\":\"en-GB\"},{\"@type\":\"Organization\",\"@id\":\"https:\/\/fcspartaktrnava.com\/#organization\",\"name\":\"FC Spartak Trnava\",\"alternateName\":\"Spartak\",\"url\":\"https:\/\/fcspartaktrnava.com\/\",\"logo\":{\"@type\":\"ImageObject\",\"inLanguage\":\"en-GB\",\"@id\":\"https:\/\/fcspartaktrnava.com\/#\/schema\/logo\/image\/\",\"url\":\"https:\/\/fcspartaktrnava.com\/wp-content\/uploads\/2022\/08\/cropped-site_logo.png\",\"contentUrl\":\"https:\/\/fcspartaktrnava.com\/wp-content\/uploads\/2022\/08\/cropped-site_logo.png\",\"width\":140,\"height\":140,\"caption\":\"FC Spartak Trnava\"},\"image\":{\"@id\":\"https:\/\/fcspartaktrnava.com\/#\/schema\/logo\/image\/\"},\"sameAs\":[\"https:\/\/www.facebook.com\/SpartakTrnava\",\"https:\/\/x.com\/SpartakTrnava1\",\"https:\/\/www.instagram.com\/spartak_sk\/\"]},{\"@type\":\"Person\",\"@id\":\"https:\/\/fcspartaktrnava.com\/#\/schema\/person\/62c3c2562c3c56e4c0c8c2342c596ac0\",\"name\":\"Samuel \u010eurinsk\u00fd\",\"image\":{\"@type\":\"ImageObject\",\"inLanguage\":\"en-GB\",\"@id\":\"https:\/\/fcspartaktrnava.com\/#\/schema\/person\/image\/\",\"url\":\"https:\/\/secure.gravatar.com\/avatar\/af2fa02af92418b86ed742470664fe40056833fb68d84becf03f6ab02319257c?s=96&d=mm&r=g\",\"contentUrl\":\"https:\/\/secure.gravatar.com\/avatar\/af2fa02af92418b86ed742470664fe40056833fb68d84becf03f6ab02319257c?s=96&d=mm&r=g\",\"caption\":\"Samuel \u010eurinsk\u00fd\"},\"url\":\"https:\/\/fcspartaktrnava.com\/en\/author\/fcst-samuel\/\"}]}<\/script>\n<!-- \/ Yoast SEO plugin. -->","yoast_head_json":{"title":"Mlad\u00edci Bukovsk\u00fd a Turansk\u00fd s profesion\u00e1lnymi kontraktmi - FC Spartak Trnava","robots":{"index":"index","follow":"follow","max-snippet":"max-snippet:-1","max-image-preview":"max-image-preview:large","max-video-preview":"max-video-preview:-1"},"canonical":"https:\/\/fcspartaktrnava.com\/en\/mladici-bukovsky-a-turansky-s-profesionalnymi-kontraktmi\/","twitter_misc":{"Written by":"Samuel \u010eurinsk\u00fd","Estimated reading time":"3 minutes"},"schema":{"@context":"https:\/\/schema.org","@graph":[{"@type":"Article","@id":"https:\/\/fcspartaktrnava.com\/mladici-bukovsky-a-turansky-s-profesionalnymi-kontraktmi\/#article","isPartOf":{"@id":"https:\/\/fcspartaktrnava.com\/mladici-bukovsky-a-turansky-s-profesionalnymi-kontraktmi\/"},"author":{"name":"Samuel \u010eurinsk\u00fd","@id":"https:\/\/fcspartaktrnava.com\/#\/schema\/person\/62c3c2562c3c56e4c0c8c2342c596ac0"},"headline":"Mlad\u00edci Bukovsk\u00fd a Turansk\u00fd s profesion\u00e1lnymi kontraktmi","datePublished":"2024-07-15T16:00:00+00:00","dateModified":"2024-07-15T16:02:49+00:00","mainEntityOfPage":{"@id":"https:\/\/fcspartaktrnava.com\/mladici-bukovsky-a-turansky-s-profesionalnymi-kontraktmi\/"},"wordCount":360,"publisher":{"@id":"https:\/\/fcspartaktrnava.com\/#organization"},"image":{"@id":"https:\/\/fcspartaktrnava.com\/mladici-bukovsky-a-turansky-s-profesionalnymi-kontraktmi\/#primaryimage"},"thumbnailUrl":"https:\/\/fcspartaktrnava.com\/wp-content\/uploads\/2024\/07\/DSC_8986-3-scaled.jpg","articleSection":["Ml\u00e1de\u017e","Rozhovory","Spr\u00e1vy"],"inLanguage":"en-GB"},{"@type":"WebPage","@id":"https:\/\/fcspartaktrnava.com\/mladici-bukovsky-a-turansky-s-profesionalnymi-kontraktmi\/","url":"https:\/\/fcspartaktrnava.com\/mladici-bukovsky-a-turansky-s-profesionalnymi-kontraktmi\/","name":"Mlad\u00edci Bukovsk\u00fd a Turansk\u00fd s profesion\u00e1lnymi kontraktmi - FC Spartak Trnava","isPartOf":{"@id":"https:\/\/fcspartaktrnava.com\/#website"},"primaryImageOfPage":{"@id":"https:\/\/fcspartaktrnava.com\/mladici-bukovsky-a-turansky-s-profesionalnymi-kontraktmi\/#primaryimage"},"image":{"@id":"https:\/\/fcspartaktrnava.com\/mladici-bukovsky-a-turansky-s-profesionalnymi-kontraktmi\/#primaryimage"},"thumbnailUrl":"https:\/\/fcspartaktrnava.com\/wp-content\/uploads\/2024\/07\/DSC_8986-3-scaled.jpg","datePublished":"2024-07-15T16:00:00+00:00","dateModified":"2024-07-15T16:02:49+00:00","breadcrumb":{"@id":"https:\/\/fcspartaktrnava.com\/mladici-bukovsky-a-turansky-s-profesionalnymi-kontraktmi\/#breadcrumb"},"inLanguage":"en-GB","potentialAction":[{"@type":"ReadAction","target":["https:\/\/fcspartaktrnava.com\/mladici-bukovsky-a-turansky-s-profesionalnymi-kontraktmi\/"]}]},{"@type":"ImageObject","inLanguage":"en-GB","@id":"https:\/\/fcspartaktrnava.com\/mladici-bukovsky-a-turansky-s-profesionalnymi-kontraktmi\/#primaryimage","url":"https:\/\/fcspartaktrnava.com\/wp-content\/uploads\/2024\/07\/DSC_8986-3-scaled.jpg","contentUrl":"https:\/\/fcspartaktrnava.com\/wp-content\/uploads\/2024\/07\/DSC_8986-3-scaled.jpg","width":2560,"height":1109},{"@type":"BreadcrumbList","@id":"https:\/\/fcspartaktrnava.com\/mladici-bukovsky-a-turansky-s-profesionalnymi-kontraktmi\/#breadcrumb","itemListElement":[{"@type":"ListItem","position":1,"name":"Home","item":"https:\/\/fcspartaktrnava.com\/"},{"@type":"ListItem","position":2,"name":"Mlad\u00edci Bukovsk\u00fd a Turansk\u00fd s profesion\u00e1lnymi kontraktmi"}]},{"@type":"WebSite","@id":"https:\/\/fcspartaktrnava.com\/#website","url":"https:\/\/fcspartaktrnava.com\/","name":"FC Spartak Trnava","description":"ofici\u00e1lna webstr\u00e1nka futbalov\u00e9ho klubu","publisher":{"@id":"https:\/\/fcspartaktrnava.com\/#organization"},"potentialAction":[{"@type":"SearchAction","target":{"@type":"EntryPoint","urlTemplate":"https:\/\/fcspartaktrnava.com\/?s={search_term_string}"},"query-input":{"@type":"PropertyValueSpecification","valueRequired":true,"valueName":"search_term_string"}}],"inLanguage":"en-GB"},{"@type":"Organization","@id":"https:\/\/fcspartaktrnava.com\/#organization","name":"FC Spartak Trnava","alternateName":"Spartak","url":"https:\/\/fcspartaktrnava.com\/","logo":{"@type":"ImageObject","inLanguage":"en-GB","@id":"https:\/\/fcspartaktrnava.com\/#\/schema\/logo\/image\/","url":"https:\/\/fcspartaktrnava.com\/wp-content\/uploads\/2022\/08\/cropped-site_logo.png","contentUrl":"https:\/\/fcspartaktrnava.com\/wp-content\/uploads\/2022\/08\/cropped-site_logo.png","width":140,"height":140,"caption":"FC Spartak Trnava"},"image":{"@id":"https:\/\/fcspartaktrnava.com\/#\/schema\/logo\/image\/"},"sameAs":["https:\/\/www.facebook.com\/SpartakTrnava","https:\/\/x.com\/SpartakTrnava1","https:\/\/www.instagram.com\/spartak_sk\/"]},{"@type":"Person","@id":"https:\/\/fcspartaktrnava.com\/#\/schema\/person\/62c3c2562c3c56e4c0c8c2342c596ac0","name":"Samuel \u010eurinsk\u00fd","image":{"@type":"ImageObject","inLanguage":"en-GB","@id":"https:\/\/fcspartaktrnava.com\/#\/schema\/person\/image\/","url":"https:\/\/secure.gravatar.com\/avatar\/af2fa02af92418b86ed742470664fe40056833fb68d84becf03f6ab02319257c?s=96&d=mm&r=g","contentUrl":"https:\/\/secure.gravatar.com\/avatar\/af2fa02af92418b86ed742470664fe40056833fb68d84becf03f6ab02319257c?s=96&d=mm&r=g","caption":"Samuel \u010eurinsk\u00fd"},"url":"https:\/\/fcspartaktrnava.com\/en\/author\/fcst-samuel\/"}]}},"_links":{"self":[{"href":"https:\/\/fcspartaktrnava.com\/en\/wp-json\/wp\/v2\/posts\/19125","targetHints":{"allow":["GET"]}}],"collection":[{"href":"https:\/\/fcspartaktrnava.com\/en\/wp-json\/wp\/v2\/posts"}],"about":[{"href":"https:\/\/fcspartaktrnava.com\/en\/wp-json\/wp\/v2\/types\/post"}],"author":[{"embeddable":true,"href":"https:\/\/fcspartaktrnava.com\/en\/wp-json\/wp\/v2\/users\/5"}],"replies":[{"embeddable":true,"href":"https:\/\/fcspartaktrnava.com\/en\/wp-json\/wp\/v2\/comments?post=19125"}],"version-history":[{"count":0,"href":"https:\/\/fcspartaktrnava.com\/en\/wp-json\/wp\/v2\/posts\/19125\/revisions"}],"wp:featuredmedia":[{"embeddable":true,"href":"https:\/\/fcspartaktrnava.com\/en\/wp-json\/wp\/v2\/media\/19132"}],"wp:attachment":[{"href":"https:\/\/fcspartaktrnava.com\/en\/wp-json\/wp\/v2\/media?parent=19125"}],"wp:term":[{"taxonomy":"category","embeddable":true,"href":"https:\/\/fcspartaktrnava.com\/en\/wp-json\/wp\/v2\/categories?post=19125"},{"taxonomy":"post_tag","embeddable":true,"href":"https:\/\/fcspartaktrnava.com\/en\/wp-json\/wp\/v2\/tags?post=19125"}],"curies":[{"name":"wp","href":"https:\/\/api.w.org\/{rel}","templated":true}]}}