{"id":19111,"date":"2024-07-14T22:00:35","date_gmt":"2024-07-14T20:00:35","guid":{"rendered":"https:\/\/fcspartaktrnava.com\/?p=19111"},"modified":"2024-07-16T17:06:22","modified_gmt":"2024-07-16T15:06:22","slug":"z-mladeze-odstartovali-ako-prvi-pripravu-dorastenci","status":"publish","type":"post","link":"https:\/\/fcspartaktrnava.com\/en\/z-mladeze-odstartovali-ako-prvi-pripravu-dorastenci\/","title":{"rendered":"Z\u00a0ml\u00e1de\u017ee od\u0161tartovali ako prv\u00ed pr\u00edpravu dorastenci"},"content":{"rendered":"<p><strong>FC Spartak Trnava U19 \u2013 FC Zl\u00edn U19 2:2 (0:1)<\/strong><\/p>\n\n\n\n<p>Najstar\u0161\u00ed dorastenci si po t\u00fd\u017edni letnej pr\u00edpravy zmerali sily s&nbsp;rovesn\u00edkmi zo Zl\u00edna. Nepriazniv\u00fd pol\u010dasov\u00fd v\u00fdsledok dok\u00e1zali oto\u010di\u0165 a&nbsp;napokon remizovali 2:2. Na\u0161u dev\u00e4tn\u00e1stku \u010dak\u00e1 o&nbsp;t\u00fd\u017ede\u0148 atrakt\u00edvny medzin\u00e1rodn\u00fd turnaj v&nbsp;Tepliciach.<\/p>\n\n\n\n<p><strong>Peter Ga\u017ei: \u201ePo t\u00fd\u017edni pr\u00edpravy sme nast\u00fapili na n\u00e1\u0161 prv\u00fd priate\u013esk\u00fd z\u00e1pas. Ur\u010dit\u00e9 hern\u00e9 situ\u00e1cie sa n\u00e1m podarilo prenies\u0165 z&nbsp;tr\u00e9ningu u\u017e aj do tohto z\u00e1pasu. V&nbsp;zakladan\u00ed \u00fatoku sme boli celkom kvalitn\u00ed, len tomu e\u0161te ch\u00fdbala spr\u00e1vna nadv\u00e4znos\u0165. Napriek kr\u00e1tkej pr\u00edprave sme dok\u00e1zali vo viacer\u00fdch \u00fasekoch nap\u00e1da\u0165 s\u00fapera v&nbsp;dobrej intenzite. Vyzdvihol by som kvalitn\u00e9 zakon\u010denie Bukovsk\u00e9ho pri g\u00f3le na 2:1, ktor\u00e9mu predch\u00e1dzala pekn\u00e1 t\u00edmov\u00e1 akcia. Za negat\u00edvum by som ozna\u010dil zranenie Turansk\u00e9ho. Z\u00e1pas n\u00e1m uk\u00e1zal, v&nbsp;\u010dom by sme mohli by\u0165 v&nbsp;sez\u00f3ne zauj\u00edmav\u00ed a&nbsp;v&nbsp;\u010dom sa potrebujeme v\u00fdrazne zlep\u0161i\u0165.\u201c<\/strong><\/p>\n\n\n\n<p><strong>FC Spartak Trnava U17 \u2013 FC Zbrojovka Brno U17 4:3 (3:0)<\/strong><\/p>\n\n\n\n<p>Na dom\u00e1cej p\u00f4de sa v&nbsp;prvom pr\u00edpravnom z\u00e1pase letnej pr\u00edpravy predstavili proti \u010desk\u00e9mu t\u00edmu aj dru\u017estv\u00e1 mlad\u0161\u00edch dorastov. Sedemn\u00e1stka viedla po pol\u010dase o&nbsp;3 g\u00f3ly, ale napokon zv\u00ed\u0165azila najtesnej\u0161\u00edm rozdielom. Spartakovsk\u00e1 U17 si u\u017e v&nbsp;utorok zmeria sily s&nbsp;rovesn\u00edkmi z&nbsp;anglick\u00e9ho Wolverhamptonu.<\/p>\n\n\n\n<p><strong>Adam Chorv\u00e1th: \u201eBol to tak\u00fd typick\u00fd prv\u00fd pr\u00edpravn\u00fd z\u00e1pas, v&nbsp;ktorom sa striedali dobr\u00e9 a&nbsp;slab\u0161ie \u00faseky. V&nbsp;\u00favode sme s\u00edce dali g\u00f3l po peknej kombin\u00e1cii, ale robili sme pr\u00edli\u0161 ve\u013ea ch\u00fdb. V&nbsp;druhej polovici prv\u00e9ho pol\u010dasu sme u\u017e boli ove\u013ea presnej\u0161\u00ed a&nbsp;rozumnej\u0161\u00ed, dostali sme hru pod kontrolu a&nbsp;pridali \u010fal\u0161ie dva g\u00f3ly. V&nbsp;druhom pol\u010dase sme s\u00edce loptu dr\u017eali, no ch\u00fdbala n\u00e1m v\u00e4\u010d\u0161ia odvaha a&nbsp;tvorivos\u0165 smerom dopredu. V&nbsp;z\u00e1vere sme dostali zbyto\u010dn\u00e9 dva g\u00f3ly, ke\u010f sa u\u017e z\u00e1pas prakticky dohr\u00e1val, \u010do by sa n\u00e1m nemalo st\u00e1va\u0165.\u201c<\/strong><\/p>\n\n\n\n<p><strong>FC Spartak Trnava U16 \u2013 FC Zbrojovka Brno U16 3:2 (2:1)<\/strong><\/p>\n\n\n\n<p>So Zbrojovkou Brno si poradili aj najmlad\u0161\u00ed dorastenci, ktor\u00ed taktie\u017e zv\u00ed\u0165azili o&nbsp;jeden g\u00f3l. Spolo\u010dne so spoluhr\u00e1\u010dmi zo sedemn\u00e1stky ich \u010dak\u00e1 bud\u00faci t\u00fd\u017ede\u0148 triangel v&nbsp;Ru\u017eomberku.<\/p>\n\n\n\n<p><strong>Patrik Mal\u00fd: \u201eV prvom pol\u010dase sme podali dobr\u00fd v\u00fdkon, mali sme dobr\u00e9 dr\u017eanie lopty, strelili sme dva g\u00f3ly a e\u0161te sme si dok\u00e1zali pripravi\u0165 \u010fal\u0161ie pr\u00edle\u017eitosti. Celkovo mal prv\u00fd pol\u010das ve\u013emi dobr\u00e9 tempo. V druhom pol\u010dase dostalo \u0161ancu 8 \u010fal\u0161\u00edch chalanov, ktor\u00ed podali dobr\u00fd v\u00fdkon, av\u0161ak viazla n\u00e1m spolupr\u00e1ca v oboch f\u00e1zach hry, \u010do je logick\u00e9 vzh\u013eadom na po\u010det nov\u00fdch hr\u00e1\u010dov. Celkovo sme uk\u00e1zali ve\u013ea potenci\u00e1lu a&nbsp;potrebujeme s n\u00edm pracova\u0165.\u201c<\/strong><\/p>","protected":false},"excerpt":{"rendered":"<p>FC Spartak Trnava U19 \u2013 FC Zl\u00edn U19&#8230;<\/p>","protected":false},"author":2,"featured_media":19112,"comment_status":"closed","ping_status":"closed","sticky":false,"template":"","format":"standard","meta":{"footnotes":""},"categories":[52,12],"tags":[53],"class_list":["post-19111","post","type-post","status-publish","format-standard","has-post-thumbnail","hentry","category-mladez","category-spravy","tag-mladez","post-number-1"],"yoast_head":"<!-- This site is optimized with the Yoast SEO plugin v27.1.1 - https:\/\/yoast.com\/product\/yoast-seo-wordpress\/ -->\n<title>Z\u00a0ml\u00e1de\u017ee od\u0161tartovali ako prv\u00ed pr\u00edpravu dorastenci - FC Spartak Trnava<\/title>\n<meta name=\"robots\" content=\"index, follow, max-snippet:-1, max-image-preview:large, max-video-preview:-1\" \/>\n<link rel=\"canonical\" href=\"https:\/\/fcspartaktrnava.com\/en\/z-mladeze-odstartovali-ako-prvi-pripravu-dorastenci\/\" \/>\n<meta name=\"twitter:label1\" content=\"Written by\" \/>\n\t<meta name=\"twitter:data1\" content=\"spartak\" \/>\n\t<meta name=\"twitter:label2\" content=\"Estimated reading time\" \/>\n\t<meta name=\"twitter:data2\" content=\"3 minutes\" \/>\n<script type=\"application\/ld+json\" class=\"yoast-schema-graph\">{\"@context\":\"https:\/\/schema.org\",\"@graph\":[{\"@type\":\"Article\",\"@id\":\"https:\/\/fcspartaktrnava.com\/z-mladeze-odstartovali-ako-prvi-pripravu-dorastenci\/#article\",\"isPartOf\":{\"@id\":\"https:\/\/fcspartaktrnava.com\/z-mladeze-odstartovali-ako-prvi-pripravu-dorastenci\/\"},\"author\":{\"name\":\"spartak\",\"@id\":\"https:\/\/fcspartaktrnava.com\/#\/schema\/person\/24bc5b254af14f71d7d8af178790aa75\"},\"headline\":\"Z\u00a0ml\u00e1de\u017ee od\u0161tartovali ako prv\u00ed pr\u00edpravu dorastenci\",\"datePublished\":\"2024-07-14T20:00:35+00:00\",\"dateModified\":\"2024-07-16T15:06:22+00:00\",\"mainEntityOfPage\":{\"@id\":\"https:\/\/fcspartaktrnava.com\/z-mladeze-odstartovali-ako-prvi-pripravu-dorastenci\/\"},\"wordCount\":542,\"publisher\":{\"@id\":\"https:\/\/fcspartaktrnava.com\/#organization\"},\"image\":{\"@id\":\"https:\/\/fcspartaktrnava.com\/z-mladeze-odstartovali-ako-prvi-pripravu-dorastenci\/#primaryimage\"},\"thumbnailUrl\":\"https:\/\/fcspartaktrnava.com\/wp-content\/uploads\/2024\/07\/WhatsApp-Image-2024-07-14-at-21.43.15.jpeg\",\"keywords\":[\"ml\u00e1de\u017e\"],\"articleSection\":[\"Ml\u00e1de\u017e\",\"Spr\u00e1vy\"],\"inLanguage\":\"en-GB\"},{\"@type\":\"WebPage\",\"@id\":\"https:\/\/fcspartaktrnava.com\/z-mladeze-odstartovali-ako-prvi-pripravu-dorastenci\/\",\"url\":\"https:\/\/fcspartaktrnava.com\/z-mladeze-odstartovali-ako-prvi-pripravu-dorastenci\/\",\"name\":\"Z\u00a0ml\u00e1de\u017ee od\u0161tartovali ako prv\u00ed pr\u00edpravu dorastenci - FC Spartak Trnava\",\"isPartOf\":{\"@id\":\"https:\/\/fcspartaktrnava.com\/#website\"},\"primaryImageOfPage\":{\"@id\":\"https:\/\/fcspartaktrnava.com\/z-mladeze-odstartovali-ako-prvi-pripravu-dorastenci\/#primaryimage\"},\"image\":{\"@id\":\"https:\/\/fcspartaktrnava.com\/z-mladeze-odstartovali-ako-prvi-pripravu-dorastenci\/#primaryimage\"},\"thumbnailUrl\":\"https:\/\/fcspartaktrnava.com\/wp-content\/uploads\/2024\/07\/WhatsApp-Image-2024-07-14-at-21.43.15.jpeg\",\"datePublished\":\"2024-07-14T20:00:35+00:00\",\"dateModified\":\"2024-07-16T15:06:22+00:00\",\"breadcrumb\":{\"@id\":\"https:\/\/fcspartaktrnava.com\/z-mladeze-odstartovali-ako-prvi-pripravu-dorastenci\/#breadcrumb\"},\"inLanguage\":\"en-GB\",\"potentialAction\":[{\"@type\":\"ReadAction\",\"target\":[\"https:\/\/fcspartaktrnava.com\/z-mladeze-odstartovali-ako-prvi-pripravu-dorastenci\/\"]}]},{\"@type\":\"ImageObject\",\"inLanguage\":\"en-GB\",\"@id\":\"https:\/\/fcspartaktrnava.com\/z-mladeze-odstartovali-ako-prvi-pripravu-dorastenci\/#primaryimage\",\"url\":\"https:\/\/fcspartaktrnava.com\/wp-content\/uploads\/2024\/07\/WhatsApp-Image-2024-07-14-at-21.43.15.jpeg\",\"contentUrl\":\"https:\/\/fcspartaktrnava.com\/wp-content\/uploads\/2024\/07\/WhatsApp-Image-2024-07-14-at-21.43.15.jpeg\",\"width\":1024,\"height\":768},{\"@type\":\"BreadcrumbList\",\"@id\":\"https:\/\/fcspartaktrnava.com\/z-mladeze-odstartovali-ako-prvi-pripravu-dorastenci\/#breadcrumb\",\"itemListElement\":[{\"@type\":\"ListItem\",\"position\":1,\"name\":\"Home\",\"item\":\"https:\/\/fcspartaktrnava.com\/\"},{\"@type\":\"ListItem\",\"position\":2,\"name\":\"Z\u00a0ml\u00e1de\u017ee od\u0161tartovali ako prv\u00ed pr\u00edpravu dorastenci\"}]},{\"@type\":\"WebSite\",\"@id\":\"https:\/\/fcspartaktrnava.com\/#website\",\"url\":\"https:\/\/fcspartaktrnava.com\/\",\"name\":\"FC Spartak Trnava\",\"description\":\"ofici\u00e1lna webstr\u00e1nka futbalov\u00e9ho klubu\",\"publisher\":{\"@id\":\"https:\/\/fcspartaktrnava.com\/#organization\"},\"potentialAction\":[{\"@type\":\"SearchAction\",\"target\":{\"@type\":\"EntryPoint\",\"urlTemplate\":\"https:\/\/fcspartaktrnava.com\/?s={search_term_string}\"},\"query-input\":{\"@type\":\"PropertyValueSpecification\",\"valueRequired\":true,\"valueName\":\"search_term_string\"}}],\"inLanguage\":\"en-GB\"},{\"@type\":\"Organization\",\"@id\":\"https:\/\/fcspartaktrnava.com\/#organization\",\"name\":\"FC Spartak Trnava\",\"alternateName\":\"Spartak\",\"url\":\"https:\/\/fcspartaktrnava.com\/\",\"logo\":{\"@type\":\"ImageObject\",\"inLanguage\":\"en-GB\",\"@id\":\"https:\/\/fcspartaktrnava.com\/#\/schema\/logo\/image\/\",\"url\":\"https:\/\/fcspartaktrnava.com\/wp-content\/uploads\/2022\/08\/cropped-site_logo.png\",\"contentUrl\":\"https:\/\/fcspartaktrnava.com\/wp-content\/uploads\/2022\/08\/cropped-site_logo.png\",\"width\":140,\"height\":140,\"caption\":\"FC Spartak Trnava\"},\"image\":{\"@id\":\"https:\/\/fcspartaktrnava.com\/#\/schema\/logo\/image\/\"},\"sameAs\":[\"https:\/\/www.facebook.com\/SpartakTrnava\",\"https:\/\/x.com\/SpartakTrnava1\",\"https:\/\/www.instagram.com\/spartak_sk\/\"]},{\"@type\":\"Person\",\"@id\":\"https:\/\/fcspartaktrnava.com\/#\/schema\/person\/24bc5b254af14f71d7d8af178790aa75\",\"name\":\"spartak\",\"image\":{\"@type\":\"ImageObject\",\"inLanguage\":\"en-GB\",\"@id\":\"https:\/\/fcspartaktrnava.com\/#\/schema\/person\/image\/\",\"url\":\"https:\/\/secure.gravatar.com\/avatar\/f8ff8584f3fcf3909a11a6da9019f37749183b4015bca14e64556c52614cdc7f?s=96&d=mm&r=g\",\"contentUrl\":\"https:\/\/secure.gravatar.com\/avatar\/f8ff8584f3fcf3909a11a6da9019f37749183b4015bca14e64556c52614cdc7f?s=96&d=mm&r=g\",\"caption\":\"spartak\"},\"url\":\"https:\/\/fcspartaktrnava.com\/en\/author\/spartak\/\"}]}<\/script>\n<!-- \/ Yoast SEO plugin. -->","yoast_head_json":{"title":"Z\u00a0ml\u00e1de\u017ee od\u0161tartovali ako prv\u00ed pr\u00edpravu dorastenci - FC Spartak Trnava","robots":{"index":"index","follow":"follow","max-snippet":"max-snippet:-1","max-image-preview":"max-image-preview:large","max-video-preview":"max-video-preview:-1"},"canonical":"https:\/\/fcspartaktrnava.com\/en\/z-mladeze-odstartovali-ako-prvi-pripravu-dorastenci\/","twitter_misc":{"Written by":"spartak","Estimated reading time":"3 minutes"},"schema":{"@context":"https:\/\/schema.org","@graph":[{"@type":"Article","@id":"https:\/\/fcspartaktrnava.com\/z-mladeze-odstartovali-ako-prvi-pripravu-dorastenci\/#article","isPartOf":{"@id":"https:\/\/fcspartaktrnava.com\/z-mladeze-odstartovali-ako-prvi-pripravu-dorastenci\/"},"author":{"name":"spartak","@id":"https:\/\/fcspartaktrnava.com\/#\/schema\/person\/24bc5b254af14f71d7d8af178790aa75"},"headline":"Z\u00a0ml\u00e1de\u017ee od\u0161tartovali ako prv\u00ed pr\u00edpravu dorastenci","datePublished":"2024-07-14T20:00:35+00:00","dateModified":"2024-07-16T15:06:22+00:00","mainEntityOfPage":{"@id":"https:\/\/fcspartaktrnava.com\/z-mladeze-odstartovali-ako-prvi-pripravu-dorastenci\/"},"wordCount":542,"publisher":{"@id":"https:\/\/fcspartaktrnava.com\/#organization"},"image":{"@id":"https:\/\/fcspartaktrnava.com\/z-mladeze-odstartovali-ako-prvi-pripravu-dorastenci\/#primaryimage"},"thumbnailUrl":"https:\/\/fcspartaktrnava.com\/wp-content\/uploads\/2024\/07\/WhatsApp-Image-2024-07-14-at-21.43.15.jpeg","keywords":["ml\u00e1de\u017e"],"articleSection":["Ml\u00e1de\u017e","Spr\u00e1vy"],"inLanguage":"en-GB"},{"@type":"WebPage","@id":"https:\/\/fcspartaktrnava.com\/z-mladeze-odstartovali-ako-prvi-pripravu-dorastenci\/","url":"https:\/\/fcspartaktrnava.com\/z-mladeze-odstartovali-ako-prvi-pripravu-dorastenci\/","name":"Z\u00a0ml\u00e1de\u017ee od\u0161tartovali ako prv\u00ed pr\u00edpravu dorastenci - FC Spartak Trnava","isPartOf":{"@id":"https:\/\/fcspartaktrnava.com\/#website"},"primaryImageOfPage":{"@id":"https:\/\/fcspartaktrnava.com\/z-mladeze-odstartovali-ako-prvi-pripravu-dorastenci\/#primaryimage"},"image":{"@id":"https:\/\/fcspartaktrnava.com\/z-mladeze-odstartovali-ako-prvi-pripravu-dorastenci\/#primaryimage"},"thumbnailUrl":"https:\/\/fcspartaktrnava.com\/wp-content\/uploads\/2024\/07\/WhatsApp-Image-2024-07-14-at-21.43.15.jpeg","datePublished":"2024-07-14T20:00:35+00:00","dateModified":"2024-07-16T15:06:22+00:00","breadcrumb":{"@id":"https:\/\/fcspartaktrnava.com\/z-mladeze-odstartovali-ako-prvi-pripravu-dorastenci\/#breadcrumb"},"inLanguage":"en-GB","potentialAction":[{"@type":"ReadAction","target":["https:\/\/fcspartaktrnava.com\/z-mladeze-odstartovali-ako-prvi-pripravu-dorastenci\/"]}]},{"@type":"ImageObject","inLanguage":"en-GB","@id":"https:\/\/fcspartaktrnava.com\/z-mladeze-odstartovali-ako-prvi-pripravu-dorastenci\/#primaryimage","url":"https:\/\/fcspartaktrnava.com\/wp-content\/uploads\/2024\/07\/WhatsApp-Image-2024-07-14-at-21.43.15.jpeg","contentUrl":"https:\/\/fcspartaktrnava.com\/wp-content\/uploads\/2024\/07\/WhatsApp-Image-2024-07-14-at-21.43.15.jpeg","width":1024,"height":768},{"@type":"BreadcrumbList","@id":"https:\/\/fcspartaktrnava.com\/z-mladeze-odstartovali-ako-prvi-pripravu-dorastenci\/#breadcrumb","itemListElement":[{"@type":"ListItem","position":1,"name":"Home","item":"https:\/\/fcspartaktrnava.com\/"},{"@type":"ListItem","position":2,"name":"Z\u00a0ml\u00e1de\u017ee od\u0161tartovali ako prv\u00ed pr\u00edpravu dorastenci"}]},{"@type":"WebSite","@id":"https:\/\/fcspartaktrnava.com\/#website","url":"https:\/\/fcspartaktrnava.com\/","name":"FC Spartak Trnava","description":"ofici\u00e1lna webstr\u00e1nka futbalov\u00e9ho klubu","publisher":{"@id":"https:\/\/fcspartaktrnava.com\/#organization"},"potentialAction":[{"@type":"SearchAction","target":{"@type":"EntryPoint","urlTemplate":"https:\/\/fcspartaktrnava.com\/?s={search_term_string}"},"query-input":{"@type":"PropertyValueSpecification","valueRequired":true,"valueName":"search_term_string"}}],"inLanguage":"en-GB"},{"@type":"Organization","@id":"https:\/\/fcspartaktrnava.com\/#organization","name":"FC Spartak Trnava","alternateName":"Spartak","url":"https:\/\/fcspartaktrnava.com\/","logo":{"@type":"ImageObject","inLanguage":"en-GB","@id":"https:\/\/fcspartaktrnava.com\/#\/schema\/logo\/image\/","url":"https:\/\/fcspartaktrnava.com\/wp-content\/uploads\/2022\/08\/cropped-site_logo.png","contentUrl":"https:\/\/fcspartaktrnava.com\/wp-content\/uploads\/2022\/08\/cropped-site_logo.png","width":140,"height":140,"caption":"FC Spartak Trnava"},"image":{"@id":"https:\/\/fcspartaktrnava.com\/#\/schema\/logo\/image\/"},"sameAs":["https:\/\/www.facebook.com\/SpartakTrnava","https:\/\/x.com\/SpartakTrnava1","https:\/\/www.instagram.com\/spartak_sk\/"]},{"@type":"Person","@id":"https:\/\/fcspartaktrnava.com\/#\/schema\/person\/24bc5b254af14f71d7d8af178790aa75","name":"spartak","image":{"@type":"ImageObject","inLanguage":"en-GB","@id":"https:\/\/fcspartaktrnava.com\/#\/schema\/person\/image\/","url":"https:\/\/secure.gravatar.com\/avatar\/f8ff8584f3fcf3909a11a6da9019f37749183b4015bca14e64556c52614cdc7f?s=96&d=mm&r=g","contentUrl":"https:\/\/secure.gravatar.com\/avatar\/f8ff8584f3fcf3909a11a6da9019f37749183b4015bca14e64556c52614cdc7f?s=96&d=mm&r=g","caption":"spartak"},"url":"https:\/\/fcspartaktrnava.com\/en\/author\/spartak\/"}]}},"_links":{"self":[{"href":"https:\/\/fcspartaktrnava.com\/en\/wp-json\/wp\/v2\/posts\/19111","targetHints":{"allow":["GET"]}}],"collection":[{"href":"https:\/\/fcspartaktrnava.com\/en\/wp-json\/wp\/v2\/posts"}],"about":[{"href":"https:\/\/fcspartaktrnava.com\/en\/wp-json\/wp\/v2\/types\/post"}],"author":[{"embeddable":true,"href":"https:\/\/fcspartaktrnava.com\/en\/wp-json\/wp\/v2\/users\/2"}],"replies":[{"embeddable":true,"href":"https:\/\/fcspartaktrnava.com\/en\/wp-json\/wp\/v2\/comments?post=19111"}],"version-history":[{"count":0,"href":"https:\/\/fcspartaktrnava.com\/en\/wp-json\/wp\/v2\/posts\/19111\/revisions"}],"wp:featuredmedia":[{"embeddable":true,"href":"https:\/\/fcspartaktrnava.com\/en\/wp-json\/wp\/v2\/media\/19112"}],"wp:attachment":[{"href":"https:\/\/fcspartaktrnava.com\/en\/wp-json\/wp\/v2\/media?parent=19111"}],"wp:term":[{"taxonomy":"category","embeddable":true,"href":"https:\/\/fcspartaktrnava.com\/en\/wp-json\/wp\/v2\/categories?post=19111"},{"taxonomy":"post_tag","embeddable":true,"href":"https:\/\/fcspartaktrnava.com\/en\/wp-json\/wp\/v2\/tags?post=19111"}],"curies":[{"name":"wp","href":"https:\/\/api.w.org\/{rel}","templated":true}]}}