{"id":18992,"date":"2024-07-12T10:00:00","date_gmt":"2024-07-12T08:00:00","guid":{"rendered":"https:\/\/fcspartaktrnava.com\/?p=18992"},"modified":"2024-07-13T08:25:18","modified_gmt":"2024-07-13T06:25:18","slug":"inside-story-aston-villu-sme-prijemne-prekvapili","status":"publish","type":"post","link":"https:\/\/fcspartaktrnava.com\/en\/inside-story-aston-villu-sme-prijemne-prekvapili\/","title":{"rendered":"INSIDE STORY: ASTON VILLU SME PR\u00cdJEMNE PREKVAPILI"},"content":{"rendered":"<p class=\"has-medium-font-size\"><em><mark style=\"background-color:rgba(0, 0, 0, 0)\" class=\"has-inline-color has-vivid-red-color\">Takto o t\u00fd\u017ede\u0148 u\u017e bude hr\u00e1\u010dsky aj tr\u00e9nersk\u00fd t\u00edm Aston Villy na Slovensku. V City Arene vrchol\u00ed pr\u00edprava na najatrakt\u00edvnej\u0161\u00ed z\u00e1pas leta. \u00da\u010dastn\u00edk Champions League a \u0161tvrt\u00fd najlep\u0161\u00ed t\u00edm ligy z \u201eve\u013ekej \u0161tvorky\u201c sa zrejme na Slovensku tento rok predvedie len raz. Ak\u00e9 boli po\u017eiadavky Birmingham\u010danov a \u010do v\u0161etko prinesie sobota v Trnave, porozpr\u00e1val marketingov\u00fd mana\u017e\u00e9r FC Spartak <strong>\u013dubo\u0161 Sarnovsk\u00fd<\/strong>. <\/mark><\/em><\/p>\n\n\n\n<p><strong>Aston Villa<\/strong> oslavuje 150. v\u00fdro\u010die existencie klubu a s n\u00edm n\u00e1vrat do najprest\u00ed\u017enej\u0161ej klubovej s\u00fa\u0165a\u017ee po \u0161tyroch desa\u0165ro\u010diach \u010di v\u00f4bec premi\u00e9rov\u00fa \u00fa\u010das\u0165 v novodobej Champions League. K\u00fdm sa to v\u0161etko stane, zahr\u00e1 si na \u0160tadi\u00f3ne Antona Malatinsk\u00e9ho. \u201e<strong><em>Budujeme si nov\u00e9 funk\u010dn\u00e9 vz\u0165ahy so \u0161pi\u010dkov\u00fdmi eur\u00f3pskymi klubmi, mana\u017e\u00e9rmi, agentmi. In\u0161pirujeme sa a rozv\u00edjame \u0161portov\u00fa diplomaciu. M\u00e1me dobr\u00e9 kontakty vo Ve\u013ekej Brit\u00e1nii, \u0160panielsku, Nemecku, Taliansku aj v \u010cesku. Tento rok sme chceli prinies\u0165 s\u00fapera pr\u00e1ve z britsk\u00fdch ostrovov a mus\u00edm poveda\u0165, \u017ee na\u0161i top mana\u017e\u00e9ri odviedli skvel\u00fa pr\u00e1cu. Pri ka\u017edej ich slu\u017eobnej ceste do zahrani\u010dia sme t\u00fa\u017eobne \u010dakali na t\u00fa vyt\u00fa\u017een\u00fa sms-ku,<\/em><\/strong>\u201c op\u00edsal \u013dubo\u0161 Sarnovsk\u00fd proces, ktor\u00fd viedol k tomuto pr\u00edpravn\u00e9mu z\u00e1pasu.<\/p>\n\n\n<div class=\"wp-block-image\">\n<figure class=\"aligncenter size-full is-resized\"><img loading=\"lazy\" decoding=\"async\" width=\"1359\" height=\"906\" src=\"https:\/\/fcspartaktrnava.com\/wp-content\/uploads\/2024\/07\/Lubos-Sarnovsky.jpg\" alt=\"\" class=\"wp-image-18994\" style=\"width:687px;height:auto\" srcset=\"https:\/\/fcspartaktrnava.com\/wp-content\/uploads\/2024\/07\/Lubos-Sarnovsky.jpg 1359w, https:\/\/fcspartaktrnava.com\/wp-content\/uploads\/2024\/07\/Lubos-Sarnovsky-300x200.jpg 300w, https:\/\/fcspartaktrnava.com\/wp-content\/uploads\/2024\/07\/Lubos-Sarnovsky-1024x683.jpg 1024w, https:\/\/fcspartaktrnava.com\/wp-content\/uploads\/2024\/07\/Lubos-Sarnovsky-768x512.jpg 768w, https:\/\/fcspartaktrnava.com\/wp-content\/uploads\/2024\/07\/Lubos-Sarnovsky-18x12.jpg 18w\" sizes=\"auto, (max-width: 1359px) 100vw, 1359px\" \/><\/figure>\n<\/div>\n\n\n<blockquote class=\"wp-block-quote is-layout-flow wp-block-quote-is-layout-flow\">\n<p class=\"has-medium-font-size\">&#8222;<em>Je to obrovsk\u00e1 pr\u00edle\u017eitos\u0165 prezentova\u0165 \u010d\u00edru rados\u0165 z futbalu a z\u00e1rove\u0148 kr\u00e1sna futbalov\u00e1 odpove\u010f na legend\u00e1rne z\u00e1pasy FC Spartak, ktor\u00e9 si vo viac ako 100-ro\u010dnej hist\u00f3rii klubu tak radi pripom\u00edname, sme na ne hrd\u00ed a v\u017edy budeme.<\/em>\u201c<\/p>\n<\/blockquote>\n\n\n\n<p>V hre bol aj duel s Newcastlom United, no v\u0161etky potrebn\u00e9 dieliky sklada\u010dky nakoniec zapadli najlep\u0161ie v pr\u00edpade \u0161tvrt\u00e9ho t\u00edmu Premier League. \u201e<strong><em>Viete si predstavi\u0165, \u017ee Aston Villa hne\u010f po z\u00e1pase nasad\u00e1 do autobusu, mieri na viedensk\u00e9 letisko a odlieta na americk\u00e9 turn\u00e9? O to viac oce\u0148ujeme ich vo\u013ebu pr\u00eds\u0165 v nabitom programe na Slovensko. Tak si to po\u010fme u\u017ei\u0165\u2026<\/em><\/strong>\u201c dod\u00e1va marketingov\u00fd mana\u017e\u00e9r. Aj po marketingovej str\u00e1nke je z\u00e1pas ve\u013ekou vecou a odmenou pre fan\u00fa\u0161ikov, ktor\u00ed \u017een\u00fa vpred A-mu\u017estvo, spartakovsk\u00fa ml\u00e1de\u017e a \u010derveno-\u010d\u00edrne \u017eeny i diev\u010dat\u00e1. Pr\u00e1ve v tom vid\u00ed \u013dubo\u0161 Sarnovsk\u00fd najv\u00e4\u010d\u0161ie \u010daro bud\u00facot\u00fd\u017ed\u0148ov\u00e9ho merania s\u00edl: \u201e<strong><em>Sviatok futbalu, z\u00e1\u017eitok na cel\u00fd \u017eivot. Chv\u00ed\u013ea, ke\u010f sa na \u0161tadi\u00f3ne Antona Malatinsk\u00e9ho stret\u00e1va cel\u00e1 Rodzina, skuto\u010dn\u00e1 Rodzina a v\u0161etci na\u0161i priatelia, kamar\u00e1ti i fan\u00fa\u0161ikovia z cel\u00e9ho Slovenska. Je to obrovsk\u00e1 pr\u00edle\u017eitos\u0165 prezentova\u0165 \u010d\u00edru rados\u0165 z futbalu a z\u00e1rove\u0148 kr\u00e1sna futbalov\u00e1 odpove\u010f na legend\u00e1rne z\u00e1pasy FC Spartak, ktor\u00e9 si vo viac ako 100-ro\u010dnej hist\u00f3rii klubu tak radi pripom\u00edname, sme na ne hrd\u00ed a v\u017edy budeme.<\/em><\/strong>\u201c<\/p>\n\n\n\n<p>Zahra\u0165 si Ligu majstrov je dnes pre slovensk\u00fd t\u00edm extr\u00e9mne \u0165a\u017eko dosiahnute\u013enou m\u00e9tou, ale je skvel\u00e9, \u017ee do Trnavy pr\u00edde jej \u00fa\u010dastn\u00edk a z\u00e1rove\u0148 popredn\u00fd celok Premier League. Hudobn\u00e9 skupiny alebo spev\u00e1ci ob\u010das zvykn\u00fa hostite\u013ea zasko\u010di\u0165 bizarn\u00fdmi po\u017eiadavkami, no to pr\u00edpad Villans nebol: \u201e<strong><em>My s \u00fasmevom hovor\u00edme, \u017ee s po\u017eiadavkami sme prekvapili sk\u00f4r my ich. Dokonca aj americk\u00e9ho herca Toma Hanksa, ktor\u00fd je rovnako ako princ William ve\u013ek\u00fdm podporovate\u013eom pr\u00e1ve klubu Aston Villa. To preto, lebo chceme slovensk\u00fdm fan\u00fa\u0161ikom pripravi\u0165 naozaj nezabudnute\u013en\u00fd de\u0148. Okrem be\u017en\u00fdch PR po\u017eiadaviek ako s\u00fa ofici\u00e1lne fotografie sme napr\u00edklad rie\u0161ili autogrami\u00e1du oboch t\u00edmov s najvernej\u0161\u00edmi fan\u00fa\u0161ikmi, v\u00fdrobu \u0161peci\u00e1lneho merchu, ktor\u00fd vyzer\u00e1 \u00fa\u017easne a u\u017e je v predaji v na\u0161om fanshope aj e-shope a\u017e po napr\u00edklad pol\u010dasov\u00e9 penalty s najodv\u00e1\u017enej\u0161\u00edmi&nbsp; div\u00e1kmi,&nbsp; ktor\u00ed si postavia loptu na pokutov\u00fd bod tv\u00e1rou v tv\u00e1r brank\u00e1rom oboch t\u00edmov. Mus\u00edm poveda\u0165, \u017ee boli v Aston Villa ve\u013emi milo prekvapen\u00ed, ako prec\u00edzne pripravujeme matchday program,<\/em><\/strong>\u201c<\/p>\n\n\n\n<blockquote class=\"wp-block-quote is-layout-flow wp-block-quote-is-layout-flow\">\n<p class=\"has-medium-font-size\">&#8222;<em>Premi\u00e9ru bud\u00fa ma\u0165 pri n\u00e1stupe t\u00edmov na hraciu plochu nadrozmern\u00e9 vlajky, te\u0161\u00edme sa na chor\u00e1ly z trib\u00fan a tie\u017e sme zvedav\u00ed, ak\u00ed \u00faspe\u0161n\u00ed bud\u00fa div\u00e1ci v pol\u010dasov\u00fdch penalt\u00e1ch proti brank\u00e1rom oboch t\u00edmov. Bude to z\u00e1\u017eitok, ve\u013emi sa na tento de\u0148 te\u0161\u00edme. Nenechajte si ho ujs\u0165 a pr\u00ed\u010fte to v\u0161etko za\u017ei\u0165 s nami,<\/em>\u201c<\/p>\n<\/blockquote>\n\n\n\n<p>Pr\u00edpravy sa t\u00fdka aj chystan\u00e1 premi\u00e9ra obrovsk\u00fdch vlajok FC Spartak a Aston Villa FC, ktor\u00e9 rovnako dali zabra\u0165. \u201e<strong><em>P\u00f4vodn\u00e9 ty\u010de boli tak\u00e9 dlh\u00e9, \u017ee ich spolu s vlajkou pomaly nedok\u00e1\u017eete udr\u017ea\u0165 v ruke, f\u00fakne vietor a polovica sektora bude ma\u0165 pred nosom vlajku a vlajkonosi\u010d so seknut\u00fdmi kr\u00ed\u017eami m\u00f4\u017ee \u00eds\u0165 rovno do opatery na\u0161ich fyzioterapeutov. Preto sme h\u013eadali optim\u00e1lne rie\u0161enia a mysl\u00edm si, \u017ee sme to vyladili d\u00f4stojne, ver\u00edme, \u017ee to div\u00e1ci ocenia,<\/em><\/strong>\u201c op\u00edsal \u013dubo\u0161 Sarnovsk\u00fd. Ke\u010f je re\u010d o fan\u00fa\u0161ikoch, birminghamsk\u00fd v\u00fdjazd sa s\u00edce do City Areny nechyst\u00e1, ale klub m\u00e1 certifikovan\u00e9 fankluby po celej Eur\u00f3pe, vr\u00e1tane Prahy. Bez fan\u00fa\u0161ikov s\u00fapera to teda nebude: \u201e<strong><em>Trnava je \u010darovn\u00e9 mesto s kr\u00e1snym historick\u00fdm centrom, prepojen\u00fdm s&nbsp; n\u00e1dhern\u00fdm \u0161tadi\u00f3nom a zn\u00e1mou silnou div\u00e1ckou kulisou. Sme v kontakte s viacer\u00fdmi zahrani\u010dn\u00fdmi fanklubmi Aston Villy. Vieme preto, \u017ee si tento z\u00e1pas pr\u00eddu pozrie\u0165 aj fan\u00fa\u0161ikovia z \u010ceska, Po\u013eska, \u010di Ma\u010farska,<\/em><\/strong>\u201c<\/p>\n\n\n<div class=\"wp-block-image\">\n<figure class=\"aligncenter size-full is-resized\"><img loading=\"lazy\" decoding=\"async\" width=\"944\" height=\"1169\" src=\"https:\/\/fcspartaktrnava.com\/wp-content\/uploads\/2024\/07\/Tom-Hanks.jpg\" alt=\"\" class=\"wp-image-18995\" style=\"width:686px;height:auto\" srcset=\"https:\/\/fcspartaktrnava.com\/wp-content\/uploads\/2024\/07\/Tom-Hanks.jpg 944w, https:\/\/fcspartaktrnava.com\/wp-content\/uploads\/2024\/07\/Tom-Hanks-242x300.jpg 242w, https:\/\/fcspartaktrnava.com\/wp-content\/uploads\/2024\/07\/Tom-Hanks-827x1024.jpg 827w, https:\/\/fcspartaktrnava.com\/wp-content\/uploads\/2024\/07\/Tom-Hanks-768x951.jpg 768w, https:\/\/fcspartaktrnava.com\/wp-content\/uploads\/2024\/07\/Tom-Hanks-10x12.jpg 10w\" sizes=\"auto, (max-width: 944px) 100vw, 944px\" \/><\/figure>\n<\/div>\n\n\n<p>\u010co v\u0161etko teda prinesie 20. j\u00fal v Trnave? \u201e<strong><em>Pre ve\u013ek\u00fd z\u00e1ujem o \u0161peci\u00e1lny merch k tomuto z\u00e1pasu, \u010di u\u017e je to pam\u00e4tn\u00fd z\u00e1pasov\u00fd \u0161\u00e1l s logami oboch t\u00edmov, tri\u010dko, vlajo\u010dka, vank\u00fa\u0161, \u0161n\u00farka na krk, origin\u00e1lna \u0161iltovka, \u010di n\u00e1dhern\u00fd hrn\u010dek, otv\u00e1rame fanshop na \u0161tadi\u00f3ne u\u017e r\u00e1no o 9:30 a na\u0161e hostesky bud\u00fa pred\u00e1va\u0165 merch aj v okol\u00ed \u0161tadi\u00f3na. O 11:00 sa rozbieha fanz\u00f3na pri fanshope, okolo 13tej by sa mali stretn\u00fa\u0165 najvernej\u0161\u00ed fan\u00fa\u0161ikovia FC Spartak s hr\u00e1\u010dmi a tr\u00e9nermi oboch t\u00edmov, potom sa k slovu dostan\u00fa novin\u00e1ri na predz\u00e1pasovej tla\u010dovke. O 14:00 otv\u00e1rame br\u00e1ny \u0161tadi\u00f3na a u\u017e v prv\u00fdch min\u00fatach si s nami m\u00f4\u017eete u\u017ei\u0165 videoshow najv\u00e4\u010d\u0161\u00edch britsk\u00fdch hitov, ochutna\u0165 tradi\u010dn\u00fa anglick\u00fa \u0161pecialitu fish&amp;chips, otvoren\u00e9 bud\u00fa v\u0161etky na\u0161e bufety a v akcii bude aj takzvan\u00fd &#8222;beer jet&#8220;, ktor\u00fd na\u010dapuje tucet p\u00edv s\u00fa\u010dasne. Premi\u00e9ru bud\u00fa ma\u0165 pri n\u00e1stupe t\u00edmov na hraciu plochu nadrozmern\u00e9 vlajky, te\u0161\u00edme sa na chor\u00e1ly z trib\u00fan a tie\u017e sme zvedav\u00ed, ak\u00ed \u00faspe\u0161n\u00ed bud\u00fa div\u00e1ci v pol\u010dasov\u00fdch penalt\u00e1ch proti brank\u00e1rom oboch t\u00edmov. Z\u00e1pas bude na\u017eivo vysiela\u0165 STVR na Dvojke a sign\u00e1l posielame aj na britsk\u00e9 ostrovy. Bude to z\u00e1\u017eitok, ve\u013emi sa na tento de\u0148 te\u0161\u00edme. Nenechajte si ho ujs\u0165 a pr\u00ed\u010fte to v\u0161etko za\u017ei\u0165 s nami,<\/em><\/strong>\u201c zhrnulo marketingov\u00e9 oddelenie.<\/p>\n\n\n\n<p><strong><mark style=\"background-color:rgba(0, 0, 0, 0)\" class=\"has-inline-color has-vivid-red-color\">VEDELI STE? \u017dE<\/mark> &#8230; <strong>Vedeli ste, \u017ee v lete 2023 mal Spartak Trnava s Aston Villou jedn\u00e9ho spolo\u010dn\u00e9ho s\u00fapera v pr\u00edprave? Bola n\u00edm Valencia, ktorej slovensk\u00fd t\u00edm \u010delil koncom j\u00fala a Angli\u010dania o dva t\u00fd\u017edne nesk\u00f4r. Villa z\u00e1pas vyhrala 2:1.<\/strong><\/strong><\/p>\n\n\n\n<p><strong><mark style=\"background-color:rgba(0, 0, 0, 0)\" class=\"has-inline-color has-vivid-red-color\">TOP:<\/mark> <strong>Pri chystan\u00ed tohto mimoriadne atrakt\u00edvneho pr\u00edpravn\u00e9ho z\u00e1pasu nenech\u00e1va \u010derveno-\u010dierny klub ni\u010d na n\u00e1hodu a okrem samotn\u00e9ho 90-min\u00fatoveho futbalov\u00e9ho predstavenia sa fan\u00fa\u0161ik m\u00f4\u017ee te\u0161i\u0165 na naozaj bohat\u00e9 sprievodn\u00e9 dianie. Vieme u\u017e, \u017ee kulisa bude dobr\u00e1, naplnen\u00e9 s\u00fa vy\u0161e dve tretiny \u0161tadi\u00f3na, no k pln\u00e9mu domu st\u00e1le \u010dosi ch\u00fdba. Pom\u00f4\u017ete aj vy a nenechajte si ujs\u0165 \u0161peci\u00e1lny z\u00e1pas FC Spartak Trnava \u2013 Aston Villa F.C. 20.07.2024 o 16:00 priamo z trib\u00fany.<\/strong><\/strong><\/p>","protected":false},"excerpt":{"rendered":"<p>Takto o t\u00fd\u017ede\u0148 u\u017e bude hr\u00e1\u010dsky aj tr\u00e9nersk\u00fd&#8230;<\/p>","protected":false},"author":5,"featured_media":18993,"comment_status":"closed","ping_status":"closed","sticky":false,"template":"","format":"standard","meta":{"footnotes":""},"categories":[12],"tags":[],"class_list":["post-18992","post","type-post","status-publish","format-standard","has-post-thumbnail","hentry","category-spravy","post-number-1"],"yoast_head":"<!-- This site is optimized with the Yoast SEO plugin v27.1.1 - https:\/\/yoast.com\/product\/yoast-seo-wordpress\/ -->\n<title>INSIDE STORY: ASTON VILLU SME PR\u00cdJEMNE PREKVAPILI - FC Spartak Trnava<\/title>\n<meta name=\"robots\" content=\"index, follow, max-snippet:-1, max-image-preview:large, max-video-preview:-1\" \/>\n<link rel=\"canonical\" href=\"https:\/\/fcspartaktrnava.com\/en\/inside-story-aston-villu-sme-prijemne-prekvapili\/\" \/>\n<meta name=\"twitter:label1\" content=\"Written by\" \/>\n\t<meta name=\"twitter:data1\" content=\"Samuel \u010eurinsk\u00fd\" \/>\n\t<meta name=\"twitter:label2\" content=\"Estimated reading time\" \/>\n\t<meta name=\"twitter:data2\" content=\"6 minutes\" \/>\n<script type=\"application\/ld+json\" class=\"yoast-schema-graph\">{\"@context\":\"https:\/\/schema.org\",\"@graph\":[{\"@type\":\"Article\",\"@id\":\"https:\/\/fcspartaktrnava.com\/inside-story-aston-villu-sme-prijemne-prekvapili\/#article\",\"isPartOf\":{\"@id\":\"https:\/\/fcspartaktrnava.com\/inside-story-aston-villu-sme-prijemne-prekvapili\/\"},\"author\":{\"name\":\"Samuel \u010eurinsk\u00fd\",\"@id\":\"https:\/\/fcspartaktrnava.com\/#\/schema\/person\/62c3c2562c3c56e4c0c8c2342c596ac0\"},\"headline\":\"INSIDE STORY: ASTON VILLU SME PR\u00cdJEMNE PREKVAPILI\",\"datePublished\":\"2024-07-12T08:00:00+00:00\",\"dateModified\":\"2024-07-13T06:25:18+00:00\",\"mainEntityOfPage\":{\"@id\":\"https:\/\/fcspartaktrnava.com\/inside-story-aston-villu-sme-prijemne-prekvapili\/\"},\"wordCount\":1364,\"publisher\":{\"@id\":\"https:\/\/fcspartaktrnava.com\/#organization\"},\"image\":{\"@id\":\"https:\/\/fcspartaktrnava.com\/inside-story-aston-villu-sme-prijemne-prekvapili\/#primaryimage\"},\"thumbnailUrl\":\"https:\/\/fcspartaktrnava.com\/wp-content\/uploads\/2024\/07\/City-Arena.png\",\"articleSection\":[\"Spr\u00e1vy\"],\"inLanguage\":\"en-GB\"},{\"@type\":\"WebPage\",\"@id\":\"https:\/\/fcspartaktrnava.com\/inside-story-aston-villu-sme-prijemne-prekvapili\/\",\"url\":\"https:\/\/fcspartaktrnava.com\/inside-story-aston-villu-sme-prijemne-prekvapili\/\",\"name\":\"INSIDE STORY: ASTON VILLU SME PR\u00cdJEMNE PREKVAPILI - FC Spartak Trnava\",\"isPartOf\":{\"@id\":\"https:\/\/fcspartaktrnava.com\/#website\"},\"primaryImageOfPage\":{\"@id\":\"https:\/\/fcspartaktrnava.com\/inside-story-aston-villu-sme-prijemne-prekvapili\/#primaryimage\"},\"image\":{\"@id\":\"https:\/\/fcspartaktrnava.com\/inside-story-aston-villu-sme-prijemne-prekvapili\/#primaryimage\"},\"thumbnailUrl\":\"https:\/\/fcspartaktrnava.com\/wp-content\/uploads\/2024\/07\/City-Arena.png\",\"datePublished\":\"2024-07-12T08:00:00+00:00\",\"dateModified\":\"2024-07-13T06:25:18+00:00\",\"breadcrumb\":{\"@id\":\"https:\/\/fcspartaktrnava.com\/inside-story-aston-villu-sme-prijemne-prekvapili\/#breadcrumb\"},\"inLanguage\":\"en-GB\",\"potentialAction\":[{\"@type\":\"ReadAction\",\"target\":[\"https:\/\/fcspartaktrnava.com\/inside-story-aston-villu-sme-prijemne-prekvapili\/\"]}]},{\"@type\":\"ImageObject\",\"inLanguage\":\"en-GB\",\"@id\":\"https:\/\/fcspartaktrnava.com\/inside-story-aston-villu-sme-prijemne-prekvapili\/#primaryimage\",\"url\":\"https:\/\/fcspartaktrnava.com\/wp-content\/uploads\/2024\/07\/City-Arena.png\",\"contentUrl\":\"https:\/\/fcspartaktrnava.com\/wp-content\/uploads\/2024\/07\/City-Arena.png\",\"width\":1359,\"height\":801},{\"@type\":\"BreadcrumbList\",\"@id\":\"https:\/\/fcspartaktrnava.com\/inside-story-aston-villu-sme-prijemne-prekvapili\/#breadcrumb\",\"itemListElement\":[{\"@type\":\"ListItem\",\"position\":1,\"name\":\"Home\",\"item\":\"https:\/\/fcspartaktrnava.com\/\"},{\"@type\":\"ListItem\",\"position\":2,\"name\":\"INSIDE STORY: ASTON VILLU SME PR\u00cdJEMNE PREKVAPILI\"}]},{\"@type\":\"WebSite\",\"@id\":\"https:\/\/fcspartaktrnava.com\/#website\",\"url\":\"https:\/\/fcspartaktrnava.com\/\",\"name\":\"FC Spartak Trnava\",\"description\":\"ofici\u00e1lna webstr\u00e1nka futbalov\u00e9ho klubu\",\"publisher\":{\"@id\":\"https:\/\/fcspartaktrnava.com\/#organization\"},\"potentialAction\":[{\"@type\":\"SearchAction\",\"target\":{\"@type\":\"EntryPoint\",\"urlTemplate\":\"https:\/\/fcspartaktrnava.com\/?s={search_term_string}\"},\"query-input\":{\"@type\":\"PropertyValueSpecification\",\"valueRequired\":true,\"valueName\":\"search_term_string\"}}],\"inLanguage\":\"en-GB\"},{\"@type\":\"Organization\",\"@id\":\"https:\/\/fcspartaktrnava.com\/#organization\",\"name\":\"FC Spartak Trnava\",\"alternateName\":\"Spartak\",\"url\":\"https:\/\/fcspartaktrnava.com\/\",\"logo\":{\"@type\":\"ImageObject\",\"inLanguage\":\"en-GB\",\"@id\":\"https:\/\/fcspartaktrnava.com\/#\/schema\/logo\/image\/\",\"url\":\"https:\/\/fcspartaktrnava.com\/wp-content\/uploads\/2022\/08\/cropped-site_logo.png\",\"contentUrl\":\"https:\/\/fcspartaktrnava.com\/wp-content\/uploads\/2022\/08\/cropped-site_logo.png\",\"width\":140,\"height\":140,\"caption\":\"FC Spartak Trnava\"},\"image\":{\"@id\":\"https:\/\/fcspartaktrnava.com\/#\/schema\/logo\/image\/\"},\"sameAs\":[\"https:\/\/www.facebook.com\/SpartakTrnava\",\"https:\/\/x.com\/SpartakTrnava1\",\"https:\/\/www.instagram.com\/spartak_sk\/\"]},{\"@type\":\"Person\",\"@id\":\"https:\/\/fcspartaktrnava.com\/#\/schema\/person\/62c3c2562c3c56e4c0c8c2342c596ac0\",\"name\":\"Samuel \u010eurinsk\u00fd\",\"image\":{\"@type\":\"ImageObject\",\"inLanguage\":\"en-GB\",\"@id\":\"https:\/\/fcspartaktrnava.com\/#\/schema\/person\/image\/\",\"url\":\"https:\/\/secure.gravatar.com\/avatar\/af2fa02af92418b86ed742470664fe40056833fb68d84becf03f6ab02319257c?s=96&d=mm&r=g\",\"contentUrl\":\"https:\/\/secure.gravatar.com\/avatar\/af2fa02af92418b86ed742470664fe40056833fb68d84becf03f6ab02319257c?s=96&d=mm&r=g\",\"caption\":\"Samuel \u010eurinsk\u00fd\"},\"url\":\"https:\/\/fcspartaktrnava.com\/en\/author\/fcst-samuel\/\"}]}<\/script>\n<!-- \/ Yoast SEO plugin. -->","yoast_head_json":{"title":"INSIDE STORY: ASTON VILLU SME PR\u00cdJEMNE PREKVAPILI - FC Spartak Trnava","robots":{"index":"index","follow":"follow","max-snippet":"max-snippet:-1","max-image-preview":"max-image-preview:large","max-video-preview":"max-video-preview:-1"},"canonical":"https:\/\/fcspartaktrnava.com\/en\/inside-story-aston-villu-sme-prijemne-prekvapili\/","twitter_misc":{"Written by":"Samuel \u010eurinsk\u00fd","Estimated reading time":"6 minutes"},"schema":{"@context":"https:\/\/schema.org","@graph":[{"@type":"Article","@id":"https:\/\/fcspartaktrnava.com\/inside-story-aston-villu-sme-prijemne-prekvapili\/#article","isPartOf":{"@id":"https:\/\/fcspartaktrnava.com\/inside-story-aston-villu-sme-prijemne-prekvapili\/"},"author":{"name":"Samuel \u010eurinsk\u00fd","@id":"https:\/\/fcspartaktrnava.com\/#\/schema\/person\/62c3c2562c3c56e4c0c8c2342c596ac0"},"headline":"INSIDE STORY: ASTON VILLU SME PR\u00cdJEMNE PREKVAPILI","datePublished":"2024-07-12T08:00:00+00:00","dateModified":"2024-07-13T06:25:18+00:00","mainEntityOfPage":{"@id":"https:\/\/fcspartaktrnava.com\/inside-story-aston-villu-sme-prijemne-prekvapili\/"},"wordCount":1364,"publisher":{"@id":"https:\/\/fcspartaktrnava.com\/#organization"},"image":{"@id":"https:\/\/fcspartaktrnava.com\/inside-story-aston-villu-sme-prijemne-prekvapili\/#primaryimage"},"thumbnailUrl":"https:\/\/fcspartaktrnava.com\/wp-content\/uploads\/2024\/07\/City-Arena.png","articleSection":["Spr\u00e1vy"],"inLanguage":"en-GB"},{"@type":"WebPage","@id":"https:\/\/fcspartaktrnava.com\/inside-story-aston-villu-sme-prijemne-prekvapili\/","url":"https:\/\/fcspartaktrnava.com\/inside-story-aston-villu-sme-prijemne-prekvapili\/","name":"INSIDE STORY: ASTON VILLU SME PR\u00cdJEMNE PREKVAPILI - FC Spartak Trnava","isPartOf":{"@id":"https:\/\/fcspartaktrnava.com\/#website"},"primaryImageOfPage":{"@id":"https:\/\/fcspartaktrnava.com\/inside-story-aston-villu-sme-prijemne-prekvapili\/#primaryimage"},"image":{"@id":"https:\/\/fcspartaktrnava.com\/inside-story-aston-villu-sme-prijemne-prekvapili\/#primaryimage"},"thumbnailUrl":"https:\/\/fcspartaktrnava.com\/wp-content\/uploads\/2024\/07\/City-Arena.png","datePublished":"2024-07-12T08:00:00+00:00","dateModified":"2024-07-13T06:25:18+00:00","breadcrumb":{"@id":"https:\/\/fcspartaktrnava.com\/inside-story-aston-villu-sme-prijemne-prekvapili\/#breadcrumb"},"inLanguage":"en-GB","potentialAction":[{"@type":"ReadAction","target":["https:\/\/fcspartaktrnava.com\/inside-story-aston-villu-sme-prijemne-prekvapili\/"]}]},{"@type":"ImageObject","inLanguage":"en-GB","@id":"https:\/\/fcspartaktrnava.com\/inside-story-aston-villu-sme-prijemne-prekvapili\/#primaryimage","url":"https:\/\/fcspartaktrnava.com\/wp-content\/uploads\/2024\/07\/City-Arena.png","contentUrl":"https:\/\/fcspartaktrnava.com\/wp-content\/uploads\/2024\/07\/City-Arena.png","width":1359,"height":801},{"@type":"BreadcrumbList","@id":"https:\/\/fcspartaktrnava.com\/inside-story-aston-villu-sme-prijemne-prekvapili\/#breadcrumb","itemListElement":[{"@type":"ListItem","position":1,"name":"Home","item":"https:\/\/fcspartaktrnava.com\/"},{"@type":"ListItem","position":2,"name":"INSIDE STORY: ASTON VILLU SME PR\u00cdJEMNE PREKVAPILI"}]},{"@type":"WebSite","@id":"https:\/\/fcspartaktrnava.com\/#website","url":"https:\/\/fcspartaktrnava.com\/","name":"FC Spartak Trnava","description":"ofici\u00e1lna webstr\u00e1nka futbalov\u00e9ho klubu","publisher":{"@id":"https:\/\/fcspartaktrnava.com\/#organization"},"potentialAction":[{"@type":"SearchAction","target":{"@type":"EntryPoint","urlTemplate":"https:\/\/fcspartaktrnava.com\/?s={search_term_string}"},"query-input":{"@type":"PropertyValueSpecification","valueRequired":true,"valueName":"search_term_string"}}],"inLanguage":"en-GB"},{"@type":"Organization","@id":"https:\/\/fcspartaktrnava.com\/#organization","name":"FC Spartak Trnava","alternateName":"Spartak","url":"https:\/\/fcspartaktrnava.com\/","logo":{"@type":"ImageObject","inLanguage":"en-GB","@id":"https:\/\/fcspartaktrnava.com\/#\/schema\/logo\/image\/","url":"https:\/\/fcspartaktrnava.com\/wp-content\/uploads\/2022\/08\/cropped-site_logo.png","contentUrl":"https:\/\/fcspartaktrnava.com\/wp-content\/uploads\/2022\/08\/cropped-site_logo.png","width":140,"height":140,"caption":"FC Spartak Trnava"},"image":{"@id":"https:\/\/fcspartaktrnava.com\/#\/schema\/logo\/image\/"},"sameAs":["https:\/\/www.facebook.com\/SpartakTrnava","https:\/\/x.com\/SpartakTrnava1","https:\/\/www.instagram.com\/spartak_sk\/"]},{"@type":"Person","@id":"https:\/\/fcspartaktrnava.com\/#\/schema\/person\/62c3c2562c3c56e4c0c8c2342c596ac0","name":"Samuel \u010eurinsk\u00fd","image":{"@type":"ImageObject","inLanguage":"en-GB","@id":"https:\/\/fcspartaktrnava.com\/#\/schema\/person\/image\/","url":"https:\/\/secure.gravatar.com\/avatar\/af2fa02af92418b86ed742470664fe40056833fb68d84becf03f6ab02319257c?s=96&d=mm&r=g","contentUrl":"https:\/\/secure.gravatar.com\/avatar\/af2fa02af92418b86ed742470664fe40056833fb68d84becf03f6ab02319257c?s=96&d=mm&r=g","caption":"Samuel \u010eurinsk\u00fd"},"url":"https:\/\/fcspartaktrnava.com\/en\/author\/fcst-samuel\/"}]}},"_links":{"self":[{"href":"https:\/\/fcspartaktrnava.com\/en\/wp-json\/wp\/v2\/posts\/18992","targetHints":{"allow":["GET"]}}],"collection":[{"href":"https:\/\/fcspartaktrnava.com\/en\/wp-json\/wp\/v2\/posts"}],"about":[{"href":"https:\/\/fcspartaktrnava.com\/en\/wp-json\/wp\/v2\/types\/post"}],"author":[{"embeddable":true,"href":"https:\/\/fcspartaktrnava.com\/en\/wp-json\/wp\/v2\/users\/5"}],"replies":[{"embeddable":true,"href":"https:\/\/fcspartaktrnava.com\/en\/wp-json\/wp\/v2\/comments?post=18992"}],"version-history":[{"count":0,"href":"https:\/\/fcspartaktrnava.com\/en\/wp-json\/wp\/v2\/posts\/18992\/revisions"}],"wp:featuredmedia":[{"embeddable":true,"href":"https:\/\/fcspartaktrnava.com\/en\/wp-json\/wp\/v2\/media\/18993"}],"wp:attachment":[{"href":"https:\/\/fcspartaktrnava.com\/en\/wp-json\/wp\/v2\/media?parent=18992"}],"wp:term":[{"taxonomy":"category","embeddable":true,"href":"https:\/\/fcspartaktrnava.com\/en\/wp-json\/wp\/v2\/categories?post=18992"},{"taxonomy":"post_tag","embeddable":true,"href":"https:\/\/fcspartaktrnava.com\/en\/wp-json\/wp\/v2\/tags?post=18992"}],"curies":[{"name":"wp","href":"https:\/\/api.w.org\/{rel}","templated":true}]}}