{"id":18859,"date":"2024-07-09T18:00:00","date_gmt":"2024-07-09T16:00:00","guid":{"rendered":"https:\/\/fcspartaktrnava.com\/?p=18859"},"modified":"2024-07-09T21:04:09","modified_gmt":"2024-07-09T19:04:09","slug":"slavni-odchovanci-aston-villy","status":"publish","type":"post","link":"https:\/\/fcspartaktrnava.com\/en\/slavni-odchovanci-aston-villy\/","title":{"rendered":"SL\u00c1VNI ODCHOVANCI ASTON VILLY"},"content":{"rendered":"<p><em><mark style=\"background-color:rgba(0, 0, 0, 0)\" class=\"has-inline-color has-vivid-red-color\">Oslavovali triumf v najprest\u00ed\u017enej\u0161\u00edch klubov\u00fdch s\u00fa\u0165a\u017eiach, \u0165ahali elitn\u00e9 reprezent\u00e1cie a strie\u013eali g\u00f3ly na \u0161ampion\u00e1toch. Odchovanci Aston Villy s\u00fa vo svetovom futbale za ostatn\u00e9 dve desa\u0165ro\u010dia vidite\u013enej\u0161\u00ed ako si mnoh\u00ed fan\u00fa\u0161ikovia uvedomuj\u00fa. Bude ve\u013emi zauj\u00edmav\u00e9 pozrie\u0165 sa o p\u00e1r rokov na kari\u00e9ru Filipa Marschalla, Kaina Keslera-Haydena alebo Jacoba Ramseyho s vedom\u00edm, \u017ee sme ich v j\u00fali 2024 na\u017eivo sledovali v Trnave. Bud\u00fa ma\u0165 podobn\u00fa kari\u00e9ru ako borci z nasleduj\u00facich riadkov? <\/mark><\/em><\/p>\n\n\n\n<p>Radi\u0165 hviezdne men\u00e1 z minulosti Villans pod\u013ea subjekt\u00edvnych kvalitat\u00edvnych parametrov n\u00e1m pri\u0161lo nevhodn\u00e9, ale zmysel celkom d\u00e1va odprezentova\u0165 si nie\u010do ako \u201eelitn\u00fa zostavu v hist\u00f3rii akad\u00e9mie <strong>Aston Villy<\/strong>\u201c a priradi\u0165 si v nej hr\u00e1\u010dov na jednotliv\u00e9 posty.<\/p>\n\n\n\n<p>Medzi tromi \u017er\u010fami by v takomto t\u00edme zrejme st\u00e1l <strong>Boaz Myhill<\/strong>. Ide o americk\u00e9ho rod\u00e1ka, ktor\u00fd reprezentoval Wales, ale jeho futbalov\u00e9 za\u010diatky s\u00fa sp\u00e4t\u00e9 pr\u00e1ve s Villa Parkom. P\u00f4sobil v ml\u00e1de\u017ei, chytal za rezervu, no paradoxom je, \u017ee dres \u201e\u00c1\u010dka\u201c si v s\u00fa\u0165a\u017enom z\u00e1pase nikdy neobliekol. Meno si spravil hlavne v Hulle City. Ak by sme chceli plnohodnotn\u00e9ho odchovanca v br\u00e1ne, treba \u00eds\u0165 do 80. alebo 90. rokov. Najprv to bol <strong>Kevin Poole<\/strong> a o necel\u00e9 desa\u0165ro\u010die nesk\u00f4r <strong>Michael Oakes<\/strong>. Aj oni v\u0161ak v neskor\u0161ej kari\u00e9re odchytali viac za ligov\u00fdch i region\u00e1lnych rivalov.<\/p>\n\n\n\n<p>V obrane by sme to videli na syst\u00e9m s tromi stop\u00e9rmi, preto\u017ee len ve\u013emi \u0165a\u017eko niektor\u00e9ho z nasleduj\u00facich vy\u0161krn\u00fa\u0165. Akad\u00e9miou AVFC si pre\u0161iel 61-n\u00e1sobn\u00fd anglick\u00fd reprezentant <strong>Garry Cahill<\/strong>, ktor\u00fd trofeje zbieral s Chelsea, ale to a\u017e potom, ako v zime 2008 opustil matersk\u00fd klub, za ktor\u00fd nast\u00fapil na 31 z\u00e1pasov. Jeho rovesn\u00edkom a s\u00fa\u010dasn\u00edkom bol dnes u\u017e rovnako neakt\u00edvny <strong>Liam Ridgewell<\/strong>. Lond\u00fdnsky rod\u00e1k e\u0161te v ml\u00e1de\u017ei pre\u0161iel z West Hamu a dozrel aj debutoval v Birminghame. V kari\u00e9re ok\u00fasil aj americk\u00fd futbal, vyhral MLS a v Aston Ville len tesne zaostal za m\u00e9tou sto odohran\u00fdch z\u00e1pasov. Tret\u00edm stop\u00e9rom do partie je <strong>Ciaran Clark<\/strong>. Anglick\u00fd rod\u00e1k sa rozhodol reprezentova\u0165 \u00cdrsko, \u010do mu ur\u010dite mnoh\u00ed odp\u00fa\u0161\u0165ali \u0165a\u017eko, no klubovo je sp\u00e4t\u00fd najm\u00e4 s \u201elevmi\u201c, hoci \u010dosi odohral aj za Newcastle.<\/p>\n\n\n\n<p>Pokia\u013e by niekto predsalen chcel ma\u0165 pokryt\u00e9 aj kraje obrany, na\u013eavo nech si p\u00ed\u0161e <strong>Tonyho Doriga<\/strong>, ktor\u00fd v sez\u00f3ne 1991\/92 oslavoval titul s Leedsom United a zahral si aj na MS 1990. Prav\u00fa stranu by str\u00e1\u017eil <strong>Riccardo Scimeca<\/strong>, b\u00fdval\u00fd hr\u00e1\u010d Nottinghamu a Cardiffu. Spomedzi odchovancov Villy m\u00e1 na konte p\u00e4tn\u00e1sty najvy\u0161\u0161\u00ed po\u010det prvoligov\u00fdch \u0161tartov.<\/p>\n\n\n\n<figure class=\"wp-block-image size-full\"><img loading=\"lazy\" decoding=\"async\" width=\"1258\" height=\"800\" src=\"https:\/\/fcspartaktrnava.com\/wp-content\/uploads\/2024\/07\/Gareth-Barry.jpg\" alt=\"\" class=\"wp-image-18861\" srcset=\"https:\/\/fcspartaktrnava.com\/wp-content\/uploads\/2024\/07\/Gareth-Barry.jpg 1258w, https:\/\/fcspartaktrnava.com\/wp-content\/uploads\/2024\/07\/Gareth-Barry-300x191.jpg 300w, https:\/\/fcspartaktrnava.com\/wp-content\/uploads\/2024\/07\/Gareth-Barry-1024x651.jpg 1024w, https:\/\/fcspartaktrnava.com\/wp-content\/uploads\/2024\/07\/Gareth-Barry-768x488.jpg 768w, https:\/\/fcspartaktrnava.com\/wp-content\/uploads\/2024\/07\/Gareth-Barry-18x12.jpg 18w\" sizes=\"auto, (max-width: 1258px) 100vw, 1258px\" \/><\/figure>\n\n\n\n<blockquote class=\"wp-block-quote is-layout-flow wp-block-quote-is-layout-flow\">\n<p>\u201e<em>Zaka\u017ed\u00fdm chcem pr\u00eds\u0165 pom\u00f4c\u0165 t\u00edmu. V\u017edy som mal tak\u00e9to nastavenie bez oh\u013eadu na to, za koho som pr\u00e1ve hral.<\/em>\u201c <strong>Gareth Barry<\/strong><\/p>\n<\/blockquote>\n\n\n\n<p>V kvalitnom strede po\u013ea klubov\u00e9ho \u201ebest of\u201c by nech\u00fdbal <strong>Gareth Barry<\/strong>. \u017diaden odchovanec toho v Premier League neodohral viac ako tento mu\u017e, pri\u010dom v Manchestri City sa te\u0161il z triumfu v lige aj v FA Cupe. Hr\u00e1val za \u0161tyri anglick\u00e9 kluby, z toho za Villu jednozna\u010dne najviac \u2013 439 duelov. Popri \u00fa\u010dastn\u00edkovi MS 2010 p\u00ed\u0161eme do stredu b\u00fdval\u00fa oporu Severn\u00e9ho \u00cdrska a Glasgowu Rangers <strong>Stevena Davisa<\/strong>. Mnoh\u00ed si ho viac pam\u00e4taj\u00fa zo Southamptonu, ale prv\u00e9 tri sez\u00f3ny v Premier League venoval klubu, do ktor\u00e9ho zostavy odchovancov ho dnes rad\u00edme. E\u0161te pred t\u00fdmito chlapmi nosil leva na drese <strong>Lee Hendrie<\/strong>. Za Anglicko nast\u00fapil len raz, ke\u010f\u017ee v konkurencii Lamparda, Scholesa \u010di Butta to mal v strede po\u013ea ve\u013emi \u0165a\u017ek\u00e9. S tromi stovkami klubov\u00fdch \u0161tartov za Aston Villu tu v\u0161ak patr\u00ed.<\/p>\n\n\n\n<p><\/p>\n\n\n\n<p><\/p>\n\n\n\n<p>Prav\u00e1 z\u00e1loha by bola pracoviskom <strong>Marca Albrightona<\/strong>, opory Leicesteru z majstrovskej sez\u00f3ny, no st\u00e1le prv\u00e9 tri seniorsk\u00e9 kari\u00e9rne roky patril Ville. V pr\u00edpade potreby by v tejto pomyselnej zostave alternoval na\u013eavo, preto\u017ee k dispoz\u00edcii je aj \u010fal\u0161\u00ed b\u00fdval\u00fd ml\u00e1de\u017en\u00edcky reprezentant <strong>Craig Gardner<\/strong>. Pri klubovej ikone Birminghamu City sa v\u0161ak tro\u0161ku zab\u00fada na to, \u017ee p\u00f4vodne hral v druhom najv\u00e4\u010d\u0161om anglickom meste za rivala. Aj preto by tam asi fan\u00fa\u0161ikovia tohto klubu rad\u0161ej videli <strong>Marka Waltersa<\/strong>, birminghamsk\u00e9ho rod\u00e1ka so 168 \u0161tartami za AVFC, s ktorou dokonca vyhral jedin\u00fd Superpoh\u00e1r UEFA v klubovej hist\u00f3rii.<\/p>\n\n\n\n<figure class=\"wp-block-image size-full\"><img loading=\"lazy\" decoding=\"async\" width=\"1365\" height=\"881\" src=\"https:\/\/fcspartaktrnava.com\/wp-content\/uploads\/2024\/07\/Gabriel-Agbonlahor.jpg\" alt=\"\" class=\"wp-image-18862\" srcset=\"https:\/\/fcspartaktrnava.com\/wp-content\/uploads\/2024\/07\/Gabriel-Agbonlahor.jpg 1365w, https:\/\/fcspartaktrnava.com\/wp-content\/uploads\/2024\/07\/Gabriel-Agbonlahor-300x194.jpg 300w, https:\/\/fcspartaktrnava.com\/wp-content\/uploads\/2024\/07\/Gabriel-Agbonlahor-1024x661.jpg 1024w, https:\/\/fcspartaktrnava.com\/wp-content\/uploads\/2024\/07\/Gabriel-Agbonlahor-768x496.jpg 768w, https:\/\/fcspartaktrnava.com\/wp-content\/uploads\/2024\/07\/Gabriel-Agbonlahor-18x12.jpg 18w\" sizes=\"auto, (max-width: 1365px) 100vw, 1365px\" \/><\/figure>\n\n\n\n<blockquote class=\"wp-block-quote is-layout-flow wp-block-quote-is-layout-flow\">\n<p>\u201e<em>Pri \u00fato\u010dn\u00edkoch je to len o g\u00f3loch. Aj ke\u010f tvrdo pracuj\u00fa a s\u00fa dobr\u00ed v in\u00fdch oblastiach, bud\u00fa posudzovan\u00ed pod\u013ea toho, ko\u013eko g\u00f3lov strelili,<\/em>\u201c <strong>Gabriel Agbonlahor<\/strong>.<\/p>\n<\/blockquote>\n\n\n\n<p>Po\u010fme na \u00fato\u010dn\u00e9 tykadl\u00e1. Ak by sme posudzovali ak\u00fasi hviezdnu auru, st\u00e1le akt\u00edvny 28-ro\u010dn\u00fd kr\u00eddeln\u00edk <strong>Jack Grealish<\/strong> patr\u00ed medzi absol\u00fatnu topku v\u00fdberu. V\u00ed\u0165az Premier League, Champions League alebo \u0161ampion\u00e1tu klubov m\u00e1 na konte 36 reprezenta\u010dn\u00fdch \u0161tartov a navy\u0161e jeho sp\u00e4tos\u0165 s Villou je ve\u013emi v\u00fdrazn\u00e1. Odohral za \u0148u cez dvesto z\u00e1pasov a bol jej superhviezdou pri poslednom postupe do najvy\u0161\u0161ej s\u00fa\u0165a\u017ee. Do ofenz\u00edvy sa k najmlad\u0161iemu spomenut\u00e9mu hr\u00e1\u010dovi n\u00fakaj\u00fa strelci zo za\u010diatku tohto tis\u00edcro\u010dia. Najlep\u0161\u00ed strelec klubu v \u00e9re Premier League <strong>Gabriel Agbonlahor<\/strong> pre\u017eil tri sez\u00f3ny s dvojcifern\u00fdm po\u010dtom z\u00e1sahov. V \u00e9re Ronalda, Torresa, Berbatova, Anelku, T\u00e9veza alebo Drogbu to bolo ku korunke kr\u00e1\u013ea strelcov \u010faleko. No i tak sa tri reprezenta\u010dn\u00e9 \u0161tarty a \u017eivotopis bez jedin\u00e9ho ve\u013ekoklubu tro\u0161ku m\u00e1lia. 45 g\u00f3lov vo dvoch stovk\u00e1ch vyst\u00fapen\u00ed nastrie\u013eal aj <strong>Darius Vassell<\/strong>, ktor\u00fd toho dokonca viac absolvoval aj v n\u00e1rodnom t\u00edme. Zahral si na majstrovstv\u00e1ch sveta i Eur\u00f3py a pravidelne sa presadzoval v ran\u00fdch \u010dasoch Premier League, vn\u00edmanej ako tvrdej a silovej s\u00fa\u0165a\u017ei, hoci s\u00e1m mal meral len 171 centimetrov.<\/p>\n\n\n\n<p><strong><mark style=\"background-color:rgba(0, 0, 0, 0)\" class=\"has-inline-color has-vivid-red-color\">VEDELI STE? \u017dE<\/mark> &#8230; <strong>\u017ee o sl\u00e1vnom Jackovi Grealishovi vznikla dokonca rapov\u00e1 piese\u0148? Na svedom\u00ed ju m\u00e1 lond\u00fdnska skupina The Manor, ktorej \u010dlenovia pritom prim\u00e1rne fandia Arsenalu.<\/strong><\/strong><\/p>","protected":false},"excerpt":{"rendered":"<p>Oslavovali triumf v najprest\u00ed\u017enej\u0161\u00edch klubov\u00fdch s\u00fa\u0165a\u017eiach, \u0165ahali elitn\u00e9&#8230;<\/p>","protected":false},"author":5,"featured_media":18863,"comment_status":"closed","ping_status":"closed","sticky":false,"template":"","format":"standard","meta":{"footnotes":""},"categories":[12],"tags":[],"class_list":["post-18859","post","type-post","status-publish","format-standard","has-post-thumbnail","hentry","category-spravy","post-number-1"],"yoast_head":"<!-- This site is optimized with the Yoast SEO plugin v27.1.1 - https:\/\/yoast.com\/product\/yoast-seo-wordpress\/ -->\n<title>SL\u00c1VNI ODCHOVANCI ASTON VILLY - FC Spartak Trnava<\/title>\n<meta name=\"robots\" content=\"index, follow, max-snippet:-1, max-image-preview:large, max-video-preview:-1\" \/>\n<link rel=\"canonical\" href=\"https:\/\/fcspartaktrnava.com\/en\/slavni-odchovanci-aston-villy\/\" \/>\n<meta name=\"twitter:label1\" content=\"Written by\" \/>\n\t<meta name=\"twitter:data1\" content=\"Samuel \u010eurinsk\u00fd\" \/>\n\t<meta name=\"twitter:label2\" content=\"Estimated reading time\" \/>\n\t<meta name=\"twitter:data2\" content=\"5 minutes\" \/>\n<script type=\"application\/ld+json\" class=\"yoast-schema-graph\">{\"@context\":\"https:\/\/schema.org\",\"@graph\":[{\"@type\":\"Article\",\"@id\":\"https:\/\/fcspartaktrnava.com\/slavni-odchovanci-aston-villy\/#article\",\"isPartOf\":{\"@id\":\"https:\/\/fcspartaktrnava.com\/slavni-odchovanci-aston-villy\/\"},\"author\":{\"name\":\"Samuel \u010eurinsk\u00fd\",\"@id\":\"https:\/\/fcspartaktrnava.com\/#\/schema\/person\/62c3c2562c3c56e4c0c8c2342c596ac0\"},\"headline\":\"SL\u00c1VNI ODCHOVANCI ASTON VILLY\",\"datePublished\":\"2024-07-09T16:00:00+00:00\",\"dateModified\":\"2024-07-09T19:04:09+00:00\",\"mainEntityOfPage\":{\"@id\":\"https:\/\/fcspartaktrnava.com\/slavni-odchovanci-aston-villy\/\"},\"wordCount\":1055,\"publisher\":{\"@id\":\"https:\/\/fcspartaktrnava.com\/#organization\"},\"image\":{\"@id\":\"https:\/\/fcspartaktrnava.com\/slavni-odchovanci-aston-villy\/#primaryimage\"},\"thumbnailUrl\":\"https:\/\/fcspartaktrnava.com\/wp-content\/uploads\/2024\/07\/Jack-Grealish.jpg\",\"articleSection\":[\"Spr\u00e1vy\"],\"inLanguage\":\"en-GB\"},{\"@type\":\"WebPage\",\"@id\":\"https:\/\/fcspartaktrnava.com\/slavni-odchovanci-aston-villy\/\",\"url\":\"https:\/\/fcspartaktrnava.com\/slavni-odchovanci-aston-villy\/\",\"name\":\"SL\u00c1VNI ODCHOVANCI ASTON VILLY - FC Spartak Trnava\",\"isPartOf\":{\"@id\":\"https:\/\/fcspartaktrnava.com\/#website\"},\"primaryImageOfPage\":{\"@id\":\"https:\/\/fcspartaktrnava.com\/slavni-odchovanci-aston-villy\/#primaryimage\"},\"image\":{\"@id\":\"https:\/\/fcspartaktrnava.com\/slavni-odchovanci-aston-villy\/#primaryimage\"},\"thumbnailUrl\":\"https:\/\/fcspartaktrnava.com\/wp-content\/uploads\/2024\/07\/Jack-Grealish.jpg\",\"datePublished\":\"2024-07-09T16:00:00+00:00\",\"dateModified\":\"2024-07-09T19:04:09+00:00\",\"breadcrumb\":{\"@id\":\"https:\/\/fcspartaktrnava.com\/slavni-odchovanci-aston-villy\/#breadcrumb\"},\"inLanguage\":\"en-GB\",\"potentialAction\":[{\"@type\":\"ReadAction\",\"target\":[\"https:\/\/fcspartaktrnava.com\/slavni-odchovanci-aston-villy\/\"]}]},{\"@type\":\"ImageObject\",\"inLanguage\":\"en-GB\",\"@id\":\"https:\/\/fcspartaktrnava.com\/slavni-odchovanci-aston-villy\/#primaryimage\",\"url\":\"https:\/\/fcspartaktrnava.com\/wp-content\/uploads\/2024\/07\/Jack-Grealish.jpg\",\"contentUrl\":\"https:\/\/fcspartaktrnava.com\/wp-content\/uploads\/2024\/07\/Jack-Grealish.jpg\",\"width\":1375,\"height\":895},{\"@type\":\"BreadcrumbList\",\"@id\":\"https:\/\/fcspartaktrnava.com\/slavni-odchovanci-aston-villy\/#breadcrumb\",\"itemListElement\":[{\"@type\":\"ListItem\",\"position\":1,\"name\":\"Home\",\"item\":\"https:\/\/fcspartaktrnava.com\/\"},{\"@type\":\"ListItem\",\"position\":2,\"name\":\"SL\u00c1VNI ODCHOVANCI ASTON VILLY\"}]},{\"@type\":\"WebSite\",\"@id\":\"https:\/\/fcspartaktrnava.com\/#website\",\"url\":\"https:\/\/fcspartaktrnava.com\/\",\"name\":\"FC Spartak Trnava\",\"description\":\"ofici\u00e1lna webstr\u00e1nka futbalov\u00e9ho klubu\",\"publisher\":{\"@id\":\"https:\/\/fcspartaktrnava.com\/#organization\"},\"potentialAction\":[{\"@type\":\"SearchAction\",\"target\":{\"@type\":\"EntryPoint\",\"urlTemplate\":\"https:\/\/fcspartaktrnava.com\/?s={search_term_string}\"},\"query-input\":{\"@type\":\"PropertyValueSpecification\",\"valueRequired\":true,\"valueName\":\"search_term_string\"}}],\"inLanguage\":\"en-GB\"},{\"@type\":\"Organization\",\"@id\":\"https:\/\/fcspartaktrnava.com\/#organization\",\"name\":\"FC Spartak Trnava\",\"alternateName\":\"Spartak\",\"url\":\"https:\/\/fcspartaktrnava.com\/\",\"logo\":{\"@type\":\"ImageObject\",\"inLanguage\":\"en-GB\",\"@id\":\"https:\/\/fcspartaktrnava.com\/#\/schema\/logo\/image\/\",\"url\":\"https:\/\/fcspartaktrnava.com\/wp-content\/uploads\/2022\/08\/cropped-site_logo.png\",\"contentUrl\":\"https:\/\/fcspartaktrnava.com\/wp-content\/uploads\/2022\/08\/cropped-site_logo.png\",\"width\":140,\"height\":140,\"caption\":\"FC Spartak Trnava\"},\"image\":{\"@id\":\"https:\/\/fcspartaktrnava.com\/#\/schema\/logo\/image\/\"},\"sameAs\":[\"https:\/\/www.facebook.com\/SpartakTrnava\",\"https:\/\/x.com\/SpartakTrnava1\",\"https:\/\/www.instagram.com\/spartak_sk\/\"]},{\"@type\":\"Person\",\"@id\":\"https:\/\/fcspartaktrnava.com\/#\/schema\/person\/62c3c2562c3c56e4c0c8c2342c596ac0\",\"name\":\"Samuel \u010eurinsk\u00fd\",\"image\":{\"@type\":\"ImageObject\",\"inLanguage\":\"en-GB\",\"@id\":\"https:\/\/fcspartaktrnava.com\/#\/schema\/person\/image\/\",\"url\":\"https:\/\/secure.gravatar.com\/avatar\/af2fa02af92418b86ed742470664fe40056833fb68d84becf03f6ab02319257c?s=96&d=mm&r=g\",\"contentUrl\":\"https:\/\/secure.gravatar.com\/avatar\/af2fa02af92418b86ed742470664fe40056833fb68d84becf03f6ab02319257c?s=96&d=mm&r=g\",\"caption\":\"Samuel \u010eurinsk\u00fd\"},\"url\":\"https:\/\/fcspartaktrnava.com\/en\/author\/fcst-samuel\/\"}]}<\/script>\n<!-- \/ Yoast SEO plugin. -->","yoast_head_json":{"title":"SL\u00c1VNI ODCHOVANCI ASTON VILLY - FC Spartak Trnava","robots":{"index":"index","follow":"follow","max-snippet":"max-snippet:-1","max-image-preview":"max-image-preview:large","max-video-preview":"max-video-preview:-1"},"canonical":"https:\/\/fcspartaktrnava.com\/en\/slavni-odchovanci-aston-villy\/","twitter_misc":{"Written by":"Samuel \u010eurinsk\u00fd","Estimated reading time":"5 minutes"},"schema":{"@context":"https:\/\/schema.org","@graph":[{"@type":"Article","@id":"https:\/\/fcspartaktrnava.com\/slavni-odchovanci-aston-villy\/#article","isPartOf":{"@id":"https:\/\/fcspartaktrnava.com\/slavni-odchovanci-aston-villy\/"},"author":{"name":"Samuel \u010eurinsk\u00fd","@id":"https:\/\/fcspartaktrnava.com\/#\/schema\/person\/62c3c2562c3c56e4c0c8c2342c596ac0"},"headline":"SL\u00c1VNI ODCHOVANCI ASTON VILLY","datePublished":"2024-07-09T16:00:00+00:00","dateModified":"2024-07-09T19:04:09+00:00","mainEntityOfPage":{"@id":"https:\/\/fcspartaktrnava.com\/slavni-odchovanci-aston-villy\/"},"wordCount":1055,"publisher":{"@id":"https:\/\/fcspartaktrnava.com\/#organization"},"image":{"@id":"https:\/\/fcspartaktrnava.com\/slavni-odchovanci-aston-villy\/#primaryimage"},"thumbnailUrl":"https:\/\/fcspartaktrnava.com\/wp-content\/uploads\/2024\/07\/Jack-Grealish.jpg","articleSection":["Spr\u00e1vy"],"inLanguage":"en-GB"},{"@type":"WebPage","@id":"https:\/\/fcspartaktrnava.com\/slavni-odchovanci-aston-villy\/","url":"https:\/\/fcspartaktrnava.com\/slavni-odchovanci-aston-villy\/","name":"SL\u00c1VNI ODCHOVANCI ASTON VILLY - FC Spartak Trnava","isPartOf":{"@id":"https:\/\/fcspartaktrnava.com\/#website"},"primaryImageOfPage":{"@id":"https:\/\/fcspartaktrnava.com\/slavni-odchovanci-aston-villy\/#primaryimage"},"image":{"@id":"https:\/\/fcspartaktrnava.com\/slavni-odchovanci-aston-villy\/#primaryimage"},"thumbnailUrl":"https:\/\/fcspartaktrnava.com\/wp-content\/uploads\/2024\/07\/Jack-Grealish.jpg","datePublished":"2024-07-09T16:00:00+00:00","dateModified":"2024-07-09T19:04:09+00:00","breadcrumb":{"@id":"https:\/\/fcspartaktrnava.com\/slavni-odchovanci-aston-villy\/#breadcrumb"},"inLanguage":"en-GB","potentialAction":[{"@type":"ReadAction","target":["https:\/\/fcspartaktrnava.com\/slavni-odchovanci-aston-villy\/"]}]},{"@type":"ImageObject","inLanguage":"en-GB","@id":"https:\/\/fcspartaktrnava.com\/slavni-odchovanci-aston-villy\/#primaryimage","url":"https:\/\/fcspartaktrnava.com\/wp-content\/uploads\/2024\/07\/Jack-Grealish.jpg","contentUrl":"https:\/\/fcspartaktrnava.com\/wp-content\/uploads\/2024\/07\/Jack-Grealish.jpg","width":1375,"height":895},{"@type":"BreadcrumbList","@id":"https:\/\/fcspartaktrnava.com\/slavni-odchovanci-aston-villy\/#breadcrumb","itemListElement":[{"@type":"ListItem","position":1,"name":"Home","item":"https:\/\/fcspartaktrnava.com\/"},{"@type":"ListItem","position":2,"name":"SL\u00c1VNI ODCHOVANCI ASTON VILLY"}]},{"@type":"WebSite","@id":"https:\/\/fcspartaktrnava.com\/#website","url":"https:\/\/fcspartaktrnava.com\/","name":"FC Spartak Trnava","description":"ofici\u00e1lna webstr\u00e1nka futbalov\u00e9ho klubu","publisher":{"@id":"https:\/\/fcspartaktrnava.com\/#organization"},"potentialAction":[{"@type":"SearchAction","target":{"@type":"EntryPoint","urlTemplate":"https:\/\/fcspartaktrnava.com\/?s={search_term_string}"},"query-input":{"@type":"PropertyValueSpecification","valueRequired":true,"valueName":"search_term_string"}}],"inLanguage":"en-GB"},{"@type":"Organization","@id":"https:\/\/fcspartaktrnava.com\/#organization","name":"FC Spartak Trnava","alternateName":"Spartak","url":"https:\/\/fcspartaktrnava.com\/","logo":{"@type":"ImageObject","inLanguage":"en-GB","@id":"https:\/\/fcspartaktrnava.com\/#\/schema\/logo\/image\/","url":"https:\/\/fcspartaktrnava.com\/wp-content\/uploads\/2022\/08\/cropped-site_logo.png","contentUrl":"https:\/\/fcspartaktrnava.com\/wp-content\/uploads\/2022\/08\/cropped-site_logo.png","width":140,"height":140,"caption":"FC Spartak Trnava"},"image":{"@id":"https:\/\/fcspartaktrnava.com\/#\/schema\/logo\/image\/"},"sameAs":["https:\/\/www.facebook.com\/SpartakTrnava","https:\/\/x.com\/SpartakTrnava1","https:\/\/www.instagram.com\/spartak_sk\/"]},{"@type":"Person","@id":"https:\/\/fcspartaktrnava.com\/#\/schema\/person\/62c3c2562c3c56e4c0c8c2342c596ac0","name":"Samuel \u010eurinsk\u00fd","image":{"@type":"ImageObject","inLanguage":"en-GB","@id":"https:\/\/fcspartaktrnava.com\/#\/schema\/person\/image\/","url":"https:\/\/secure.gravatar.com\/avatar\/af2fa02af92418b86ed742470664fe40056833fb68d84becf03f6ab02319257c?s=96&d=mm&r=g","contentUrl":"https:\/\/secure.gravatar.com\/avatar\/af2fa02af92418b86ed742470664fe40056833fb68d84becf03f6ab02319257c?s=96&d=mm&r=g","caption":"Samuel \u010eurinsk\u00fd"},"url":"https:\/\/fcspartaktrnava.com\/en\/author\/fcst-samuel\/"}]}},"_links":{"self":[{"href":"https:\/\/fcspartaktrnava.com\/en\/wp-json\/wp\/v2\/posts\/18859","targetHints":{"allow":["GET"]}}],"collection":[{"href":"https:\/\/fcspartaktrnava.com\/en\/wp-json\/wp\/v2\/posts"}],"about":[{"href":"https:\/\/fcspartaktrnava.com\/en\/wp-json\/wp\/v2\/types\/post"}],"author":[{"embeddable":true,"href":"https:\/\/fcspartaktrnava.com\/en\/wp-json\/wp\/v2\/users\/5"}],"replies":[{"embeddable":true,"href":"https:\/\/fcspartaktrnava.com\/en\/wp-json\/wp\/v2\/comments?post=18859"}],"version-history":[{"count":0,"href":"https:\/\/fcspartaktrnava.com\/en\/wp-json\/wp\/v2\/posts\/18859\/revisions"}],"wp:featuredmedia":[{"embeddable":true,"href":"https:\/\/fcspartaktrnava.com\/en\/wp-json\/wp\/v2\/media\/18863"}],"wp:attachment":[{"href":"https:\/\/fcspartaktrnava.com\/en\/wp-json\/wp\/v2\/media?parent=18859"}],"wp:term":[{"taxonomy":"category","embeddable":true,"href":"https:\/\/fcspartaktrnava.com\/en\/wp-json\/wp\/v2\/categories?post=18859"},{"taxonomy":"post_tag","embeddable":true,"href":"https:\/\/fcspartaktrnava.com\/en\/wp-json\/wp\/v2\/tags?post=18859"}],"curies":[{"name":"wp","href":"https:\/\/api.w.org\/{rel}","templated":true}]}}