{"id":18843,"date":"2024-07-07T09:28:11","date_gmt":"2024-07-07T07:28:11","guid":{"rendered":"https:\/\/fcspartaktrnava.com\/?p=18843"},"modified":"2024-07-07T20:37:44","modified_gmt":"2024-07-07T18:37:44","slug":"milos-kratochvil-tesim-sa-na-obrovsku-fanusikovsku-zakladnu","status":"publish","type":"post","link":"https:\/\/fcspartaktrnava.com\/en\/milos-kratochvil-tesim-sa-na-obrovsku-fanusikovsku-zakladnu\/","title":{"rendered":"Milo\u0161 Kratochv\u00edl: ,,Te\u0161\u00edm sa na obrovsk\u00fa fan\u00fa\u0161ikovsk\u00fa z\u00e1klad\u0148u&#8220;"},"content":{"rendered":"<p class=\"has-vivid-red-color has-text-color has-link-color has-medium-font-size wp-elements-fdb2022994a4c49cd5f927379c29833d\"><strong>Svoj prv\u00fd z\u00e1pas v trnavskom drese absolvoval proti Sparte Milo\u0161 Kratochv\u00edl. 28-ro\u010dn\u00fd stredn\u00fd z\u00e1lo\u017en\u00edk pri\u0161iel do Spartaka po 6 rokoch v \u010deskom Jablonci, s ktor\u00fdm si vysk\u00fa\u0161al ako boj o z\u00e1chranu, tak aj hranie v skupine eur\u00f3pskych poh\u00e1rov. Prestup do Spartaka je tak pre neho po dlh\u0161om \u010dase novou v\u00fdzvou. <\/strong><\/p>\n\n\n\n<p>Svoj debut v \u010derveno\u010d\u00edrnom drese si ale zrejme predstavoval inak: <strong><em>,,Na prv\u00fd z\u00e1pas som sa ve\u013emi te\u0161il, no mal som to posledn\u00e9 dni dos\u0165 n\u00e1ro\u010dn\u00e9, tak\u017ee som nebol \u00faplne \u010derstv\u00fd. Pri\u0161iel som z Talianska za chalanmi, absolvoval som hne\u010f tr\u00e9ning a cestovali sme sem, tak\u017ee za p\u00e1r dn\u00ed mam nacestovan\u00fdch dos\u0165 kilometrov.&#8220;<\/em><\/strong><\/p>\n\n\n\n<p>Na nov\u00fa v\u00fdzvu v trnavskom drese sa v\u0161ak te\u0161\u00ed: <strong><em>,,Posledn\u00e9 roky sme s\u00edce s Jabloncom hrali na ni\u017e\u0161\u00edch prie\u010dkach, ale za\u017eil som aj tie kraj\u0161ie \u010dasy. Hrali sme skupinu Eur\u00f3pskej konferen\u010dnej ligy a r\u00e1d by som na to nadviazal aj tu v Trnave.&#8220;<\/em><\/strong><\/p>\n\n\n\n<p><strong><em>,,Po\u010dul som o Trnave, mesto je pekn\u00e9 a je tu obrovsk\u00e1 fan\u00fa\u0161ikovsk\u00e1 z\u00e1klad\u0148a, na ktor\u00fa sa ve\u013emi te\u0161\u00edm. Oproti Jabloncu to bude trochu rozdiel, tam ve\u013ea \u013eud\u00ed na futbal nechodilo. Vojta (Kubista) aj Libor (Hol\u00edk) mi to tu obaja odpor\u00fa\u010dali a som r\u00e1d, \u017ee som sem mohol pr\u00eds\u0165 za nimi, je to ur\u010dite \u013eah\u0161ie ke\u010f tu m\u00e1te b\u00fdval\u00fdch spoluhr\u00e1\u010dov a kamar\u00e1tov,&#8220;<\/em><\/strong> dodal na z\u00e1ver Kratochv\u00edl.<\/p>\n\n\n\n<p>Cel\u00fd rozhovor n\u00e1jdete na klubovom YouTube:<\/p>\n\n\n\n<figure class=\"wp-block-embed is-type-video is-provider-youtube wp-block-embed-youtube wp-embed-aspect-16-9 wp-has-aspect-ratio\"><div class=\"wp-block-embed__wrapper\">\n<iframe loading=\"lazy\" title=\"Milo\u0161 Kratochv\u00edl: Te\u0161\u00edm sa na obrovsk\u00fa fan\u00fa\u0161ikovsk\u00fa z\u00e1klad\u0148u\" width=\"500\" height=\"281\" src=\"https:\/\/www.youtube.com\/embed\/YIo8hKnsZ_k?feature=oembed\" frameborder=\"0\" allow=\"accelerometer; autoplay; clipboard-write; encrypted-media; gyroscope; picture-in-picture; web-share\" referrerpolicy=\"strict-origin-when-cross-origin\" allowfullscreen><\/iframe>\n<\/div><\/figure>","protected":false},"excerpt":{"rendered":"<p>Svoj prv\u00fd z\u00e1pas v trnavskom drese absolvoval proti&#8230;<\/p>","protected":false},"author":5,"featured_media":18844,"comment_status":"closed","ping_status":"closed","sticky":false,"template":"","format":"standard","meta":{"footnotes":""},"categories":[41],"tags":[],"class_list":["post-18843","post","type-post","status-publish","format-standard","has-post-thumbnail","hentry","category-intervju","post-number-1"],"yoast_head":"<!-- This site is optimized with the Yoast SEO plugin v27.1.1 - https:\/\/yoast.com\/product\/yoast-seo-wordpress\/ -->\n<title>Milo\u0161 Kratochv\u00edl: ,,Te\u0161\u00edm sa na obrovsk\u00fa fan\u00fa\u0161ikovsk\u00fa z\u00e1klad\u0148u&quot; - FC Spartak Trnava<\/title>\n<meta name=\"robots\" content=\"index, follow, max-snippet:-1, max-image-preview:large, max-video-preview:-1\" \/>\n<link rel=\"canonical\" href=\"https:\/\/fcspartaktrnava.com\/en\/milos-kratochvil-tesim-sa-na-obrovsku-fanusikovsku-zakladnu\/\" \/>\n<meta name=\"twitter:label1\" content=\"Written by\" \/>\n\t<meta name=\"twitter:data1\" content=\"Samuel \u010eurinsk\u00fd\" \/>\n\t<meta name=\"twitter:label2\" content=\"Estimated reading time\" \/>\n\t<meta name=\"twitter:data2\" content=\"2 minutes\" \/>\n<script type=\"application\/ld+json\" class=\"yoast-schema-graph\">{\"@context\":\"https:\/\/schema.org\",\"@graph\":[{\"@type\":\"Article\",\"@id\":\"https:\/\/fcspartaktrnava.com\/milos-kratochvil-tesim-sa-na-obrovsku-fanusikovsku-zakladnu\/#article\",\"isPartOf\":{\"@id\":\"https:\/\/fcspartaktrnava.com\/milos-kratochvil-tesim-sa-na-obrovsku-fanusikovsku-zakladnu\/\"},\"author\":{\"name\":\"Samuel \u010eurinsk\u00fd\",\"@id\":\"https:\/\/fcspartaktrnava.com\/#\/schema\/person\/62c3c2562c3c56e4c0c8c2342c596ac0\"},\"headline\":\"Milo\u0161 Kratochv\u00edl: ,,Te\u0161\u00edm sa na obrovsk\u00fa fan\u00fa\u0161ikovsk\u00fa z\u00e1klad\u0148u&#8220;\",\"datePublished\":\"2024-07-07T07:28:11+00:00\",\"dateModified\":\"2024-07-07T18:37:44+00:00\",\"mainEntityOfPage\":{\"@id\":\"https:\/\/fcspartaktrnava.com\/milos-kratochvil-tesim-sa-na-obrovsku-fanusikovsku-zakladnu\/\"},\"wordCount\":294,\"publisher\":{\"@id\":\"https:\/\/fcspartaktrnava.com\/#organization\"},\"image\":{\"@id\":\"https:\/\/fcspartaktrnava.com\/milos-kratochvil-tesim-sa-na-obrovsku-fanusikovsku-zakladnu\/#primaryimage\"},\"thumbnailUrl\":\"https:\/\/fcspartaktrnava.com\/wp-content\/uploads\/2024\/07\/DSC_6247.jpg\",\"articleSection\":[\"Rozhovory\"],\"inLanguage\":\"en-GB\"},{\"@type\":\"WebPage\",\"@id\":\"https:\/\/fcspartaktrnava.com\/milos-kratochvil-tesim-sa-na-obrovsku-fanusikovsku-zakladnu\/\",\"url\":\"https:\/\/fcspartaktrnava.com\/milos-kratochvil-tesim-sa-na-obrovsku-fanusikovsku-zakladnu\/\",\"name\":\"Milo\u0161 Kratochv\u00edl: ,,Te\u0161\u00edm sa na obrovsk\u00fa fan\u00fa\u0161ikovsk\u00fa z\u00e1klad\u0148u\\\" - FC Spartak Trnava\",\"isPartOf\":{\"@id\":\"https:\/\/fcspartaktrnava.com\/#website\"},\"primaryImageOfPage\":{\"@id\":\"https:\/\/fcspartaktrnava.com\/milos-kratochvil-tesim-sa-na-obrovsku-fanusikovsku-zakladnu\/#primaryimage\"},\"image\":{\"@id\":\"https:\/\/fcspartaktrnava.com\/milos-kratochvil-tesim-sa-na-obrovsku-fanusikovsku-zakladnu\/#primaryimage\"},\"thumbnailUrl\":\"https:\/\/fcspartaktrnava.com\/wp-content\/uploads\/2024\/07\/DSC_6247.jpg\",\"datePublished\":\"2024-07-07T07:28:11+00:00\",\"dateModified\":\"2024-07-07T18:37:44+00:00\",\"breadcrumb\":{\"@id\":\"https:\/\/fcspartaktrnava.com\/milos-kratochvil-tesim-sa-na-obrovsku-fanusikovsku-zakladnu\/#breadcrumb\"},\"inLanguage\":\"en-GB\",\"potentialAction\":[{\"@type\":\"ReadAction\",\"target\":[\"https:\/\/fcspartaktrnava.com\/milos-kratochvil-tesim-sa-na-obrovsku-fanusikovsku-zakladnu\/\"]}]},{\"@type\":\"ImageObject\",\"inLanguage\":\"en-GB\",\"@id\":\"https:\/\/fcspartaktrnava.com\/milos-kratochvil-tesim-sa-na-obrovsku-fanusikovsku-zakladnu\/#primaryimage\",\"url\":\"https:\/\/fcspartaktrnava.com\/wp-content\/uploads\/2024\/07\/DSC_6247.jpg\",\"contentUrl\":\"https:\/\/fcspartaktrnava.com\/wp-content\/uploads\/2024\/07\/DSC_6247.jpg\",\"width\":2244,\"height\":1496},{\"@type\":\"BreadcrumbList\",\"@id\":\"https:\/\/fcspartaktrnava.com\/milos-kratochvil-tesim-sa-na-obrovsku-fanusikovsku-zakladnu\/#breadcrumb\",\"itemListElement\":[{\"@type\":\"ListItem\",\"position\":1,\"name\":\"Home\",\"item\":\"https:\/\/fcspartaktrnava.com\/\"},{\"@type\":\"ListItem\",\"position\":2,\"name\":\"Milo\u0161 Kratochv\u00edl: ,,Te\u0161\u00edm sa na obrovsk\u00fa fan\u00fa\u0161ikovsk\u00fa z\u00e1klad\u0148u&#8220;\"}]},{\"@type\":\"WebSite\",\"@id\":\"https:\/\/fcspartaktrnava.com\/#website\",\"url\":\"https:\/\/fcspartaktrnava.com\/\",\"name\":\"FC Spartak Trnava\",\"description\":\"ofici\u00e1lna webstr\u00e1nka futbalov\u00e9ho klubu\",\"publisher\":{\"@id\":\"https:\/\/fcspartaktrnava.com\/#organization\"},\"potentialAction\":[{\"@type\":\"SearchAction\",\"target\":{\"@type\":\"EntryPoint\",\"urlTemplate\":\"https:\/\/fcspartaktrnava.com\/?s={search_term_string}\"},\"query-input\":{\"@type\":\"PropertyValueSpecification\",\"valueRequired\":true,\"valueName\":\"search_term_string\"}}],\"inLanguage\":\"en-GB\"},{\"@type\":\"Organization\",\"@id\":\"https:\/\/fcspartaktrnava.com\/#organization\",\"name\":\"FC Spartak Trnava\",\"alternateName\":\"Spartak\",\"url\":\"https:\/\/fcspartaktrnava.com\/\",\"logo\":{\"@type\":\"ImageObject\",\"inLanguage\":\"en-GB\",\"@id\":\"https:\/\/fcspartaktrnava.com\/#\/schema\/logo\/image\/\",\"url\":\"https:\/\/fcspartaktrnava.com\/wp-content\/uploads\/2022\/08\/cropped-site_logo.png\",\"contentUrl\":\"https:\/\/fcspartaktrnava.com\/wp-content\/uploads\/2022\/08\/cropped-site_logo.png\",\"width\":140,\"height\":140,\"caption\":\"FC Spartak Trnava\"},\"image\":{\"@id\":\"https:\/\/fcspartaktrnava.com\/#\/schema\/logo\/image\/\"},\"sameAs\":[\"https:\/\/www.facebook.com\/SpartakTrnava\",\"https:\/\/x.com\/SpartakTrnava1\",\"https:\/\/www.instagram.com\/spartak_sk\/\"]},{\"@type\":\"Person\",\"@id\":\"https:\/\/fcspartaktrnava.com\/#\/schema\/person\/62c3c2562c3c56e4c0c8c2342c596ac0\",\"name\":\"Samuel \u010eurinsk\u00fd\",\"image\":{\"@type\":\"ImageObject\",\"inLanguage\":\"en-GB\",\"@id\":\"https:\/\/fcspartaktrnava.com\/#\/schema\/person\/image\/\",\"url\":\"https:\/\/secure.gravatar.com\/avatar\/af2fa02af92418b86ed742470664fe40056833fb68d84becf03f6ab02319257c?s=96&d=mm&r=g\",\"contentUrl\":\"https:\/\/secure.gravatar.com\/avatar\/af2fa02af92418b86ed742470664fe40056833fb68d84becf03f6ab02319257c?s=96&d=mm&r=g\",\"caption\":\"Samuel \u010eurinsk\u00fd\"},\"url\":\"https:\/\/fcspartaktrnava.com\/en\/author\/fcst-samuel\/\"}]}<\/script>\n<!-- \/ Yoast SEO plugin. -->","yoast_head_json":{"title":"Milo\u0161 Kratochv\u00edl: ,,Te\u0161\u00edm sa na obrovsk\u00fa fan\u00fa\u0161ikovsk\u00fa z\u00e1klad\u0148u\" - FC Spartak Trnava","robots":{"index":"index","follow":"follow","max-snippet":"max-snippet:-1","max-image-preview":"max-image-preview:large","max-video-preview":"max-video-preview:-1"},"canonical":"https:\/\/fcspartaktrnava.com\/en\/milos-kratochvil-tesim-sa-na-obrovsku-fanusikovsku-zakladnu\/","twitter_misc":{"Written by":"Samuel \u010eurinsk\u00fd","Estimated reading time":"2 minutes"},"schema":{"@context":"https:\/\/schema.org","@graph":[{"@type":"Article","@id":"https:\/\/fcspartaktrnava.com\/milos-kratochvil-tesim-sa-na-obrovsku-fanusikovsku-zakladnu\/#article","isPartOf":{"@id":"https:\/\/fcspartaktrnava.com\/milos-kratochvil-tesim-sa-na-obrovsku-fanusikovsku-zakladnu\/"},"author":{"name":"Samuel \u010eurinsk\u00fd","@id":"https:\/\/fcspartaktrnava.com\/#\/schema\/person\/62c3c2562c3c56e4c0c8c2342c596ac0"},"headline":"Milo\u0161 Kratochv\u00edl: ,,Te\u0161\u00edm sa na obrovsk\u00fa fan\u00fa\u0161ikovsk\u00fa z\u00e1klad\u0148u&#8220;","datePublished":"2024-07-07T07:28:11+00:00","dateModified":"2024-07-07T18:37:44+00:00","mainEntityOfPage":{"@id":"https:\/\/fcspartaktrnava.com\/milos-kratochvil-tesim-sa-na-obrovsku-fanusikovsku-zakladnu\/"},"wordCount":294,"publisher":{"@id":"https:\/\/fcspartaktrnava.com\/#organization"},"image":{"@id":"https:\/\/fcspartaktrnava.com\/milos-kratochvil-tesim-sa-na-obrovsku-fanusikovsku-zakladnu\/#primaryimage"},"thumbnailUrl":"https:\/\/fcspartaktrnava.com\/wp-content\/uploads\/2024\/07\/DSC_6247.jpg","articleSection":["Rozhovory"],"inLanguage":"en-GB"},{"@type":"WebPage","@id":"https:\/\/fcspartaktrnava.com\/milos-kratochvil-tesim-sa-na-obrovsku-fanusikovsku-zakladnu\/","url":"https:\/\/fcspartaktrnava.com\/milos-kratochvil-tesim-sa-na-obrovsku-fanusikovsku-zakladnu\/","name":"Milo\u0161 Kratochv\u00edl: ,,Te\u0161\u00edm sa na obrovsk\u00fa fan\u00fa\u0161ikovsk\u00fa z\u00e1klad\u0148u\" - FC Spartak Trnava","isPartOf":{"@id":"https:\/\/fcspartaktrnava.com\/#website"},"primaryImageOfPage":{"@id":"https:\/\/fcspartaktrnava.com\/milos-kratochvil-tesim-sa-na-obrovsku-fanusikovsku-zakladnu\/#primaryimage"},"image":{"@id":"https:\/\/fcspartaktrnava.com\/milos-kratochvil-tesim-sa-na-obrovsku-fanusikovsku-zakladnu\/#primaryimage"},"thumbnailUrl":"https:\/\/fcspartaktrnava.com\/wp-content\/uploads\/2024\/07\/DSC_6247.jpg","datePublished":"2024-07-07T07:28:11+00:00","dateModified":"2024-07-07T18:37:44+00:00","breadcrumb":{"@id":"https:\/\/fcspartaktrnava.com\/milos-kratochvil-tesim-sa-na-obrovsku-fanusikovsku-zakladnu\/#breadcrumb"},"inLanguage":"en-GB","potentialAction":[{"@type":"ReadAction","target":["https:\/\/fcspartaktrnava.com\/milos-kratochvil-tesim-sa-na-obrovsku-fanusikovsku-zakladnu\/"]}]},{"@type":"ImageObject","inLanguage":"en-GB","@id":"https:\/\/fcspartaktrnava.com\/milos-kratochvil-tesim-sa-na-obrovsku-fanusikovsku-zakladnu\/#primaryimage","url":"https:\/\/fcspartaktrnava.com\/wp-content\/uploads\/2024\/07\/DSC_6247.jpg","contentUrl":"https:\/\/fcspartaktrnava.com\/wp-content\/uploads\/2024\/07\/DSC_6247.jpg","width":2244,"height":1496},{"@type":"BreadcrumbList","@id":"https:\/\/fcspartaktrnava.com\/milos-kratochvil-tesim-sa-na-obrovsku-fanusikovsku-zakladnu\/#breadcrumb","itemListElement":[{"@type":"ListItem","position":1,"name":"Home","item":"https:\/\/fcspartaktrnava.com\/"},{"@type":"ListItem","position":2,"name":"Milo\u0161 Kratochv\u00edl: ,,Te\u0161\u00edm sa na obrovsk\u00fa fan\u00fa\u0161ikovsk\u00fa z\u00e1klad\u0148u&#8220;"}]},{"@type":"WebSite","@id":"https:\/\/fcspartaktrnava.com\/#website","url":"https:\/\/fcspartaktrnava.com\/","name":"FC Spartak Trnava","description":"ofici\u00e1lna webstr\u00e1nka futbalov\u00e9ho klubu","publisher":{"@id":"https:\/\/fcspartaktrnava.com\/#organization"},"potentialAction":[{"@type":"SearchAction","target":{"@type":"EntryPoint","urlTemplate":"https:\/\/fcspartaktrnava.com\/?s={search_term_string}"},"query-input":{"@type":"PropertyValueSpecification","valueRequired":true,"valueName":"search_term_string"}}],"inLanguage":"en-GB"},{"@type":"Organization","@id":"https:\/\/fcspartaktrnava.com\/#organization","name":"FC Spartak Trnava","alternateName":"Spartak","url":"https:\/\/fcspartaktrnava.com\/","logo":{"@type":"ImageObject","inLanguage":"en-GB","@id":"https:\/\/fcspartaktrnava.com\/#\/schema\/logo\/image\/","url":"https:\/\/fcspartaktrnava.com\/wp-content\/uploads\/2022\/08\/cropped-site_logo.png","contentUrl":"https:\/\/fcspartaktrnava.com\/wp-content\/uploads\/2022\/08\/cropped-site_logo.png","width":140,"height":140,"caption":"FC Spartak Trnava"},"image":{"@id":"https:\/\/fcspartaktrnava.com\/#\/schema\/logo\/image\/"},"sameAs":["https:\/\/www.facebook.com\/SpartakTrnava","https:\/\/x.com\/SpartakTrnava1","https:\/\/www.instagram.com\/spartak_sk\/"]},{"@type":"Person","@id":"https:\/\/fcspartaktrnava.com\/#\/schema\/person\/62c3c2562c3c56e4c0c8c2342c596ac0","name":"Samuel \u010eurinsk\u00fd","image":{"@type":"ImageObject","inLanguage":"en-GB","@id":"https:\/\/fcspartaktrnava.com\/#\/schema\/person\/image\/","url":"https:\/\/secure.gravatar.com\/avatar\/af2fa02af92418b86ed742470664fe40056833fb68d84becf03f6ab02319257c?s=96&d=mm&r=g","contentUrl":"https:\/\/secure.gravatar.com\/avatar\/af2fa02af92418b86ed742470664fe40056833fb68d84becf03f6ab02319257c?s=96&d=mm&r=g","caption":"Samuel \u010eurinsk\u00fd"},"url":"https:\/\/fcspartaktrnava.com\/en\/author\/fcst-samuel\/"}]}},"_links":{"self":[{"href":"https:\/\/fcspartaktrnava.com\/en\/wp-json\/wp\/v2\/posts\/18843","targetHints":{"allow":["GET"]}}],"collection":[{"href":"https:\/\/fcspartaktrnava.com\/en\/wp-json\/wp\/v2\/posts"}],"about":[{"href":"https:\/\/fcspartaktrnava.com\/en\/wp-json\/wp\/v2\/types\/post"}],"author":[{"embeddable":true,"href":"https:\/\/fcspartaktrnava.com\/en\/wp-json\/wp\/v2\/users\/5"}],"replies":[{"embeddable":true,"href":"https:\/\/fcspartaktrnava.com\/en\/wp-json\/wp\/v2\/comments?post=18843"}],"version-history":[{"count":0,"href":"https:\/\/fcspartaktrnava.com\/en\/wp-json\/wp\/v2\/posts\/18843\/revisions"}],"wp:featuredmedia":[{"embeddable":true,"href":"https:\/\/fcspartaktrnava.com\/en\/wp-json\/wp\/v2\/media\/18844"}],"wp:attachment":[{"href":"https:\/\/fcspartaktrnava.com\/en\/wp-json\/wp\/v2\/media?parent=18843"}],"wp:term":[{"taxonomy":"category","embeddable":true,"href":"https:\/\/fcspartaktrnava.com\/en\/wp-json\/wp\/v2\/categories?post=18843"},{"taxonomy":"post_tag","embeddable":true,"href":"https:\/\/fcspartaktrnava.com\/en\/wp-json\/wp\/v2\/tags?post=18843"}],"curies":[{"name":"wp","href":"https:\/\/api.w.org\/{rel}","templated":true}]}}