{"id":18633,"date":"2024-07-05T18:02:55","date_gmt":"2024-07-05T16:02:55","guid":{"rendered":"https:\/\/fcspartaktrnava.com\/?p=18633"},"modified":"2024-07-06T06:45:42","modified_gmt":"2024-07-06T04:45:42","slug":"na-letnej-zvitazila-domaca-sparta","status":"publish","type":"post","link":"https:\/\/fcspartaktrnava.com\/en\/na-letnej-zvitazila-domaca-sparta\/","title":{"rendered":"Na Letnej zv\u00ed\u0165azila dom\u00e1ca Sparta"},"content":{"rendered":"<p class=\"has-black-color has-white-background-color has-text-color has-background has-link-color wp-elements-044cd3ad92094ad92587722c2772e00b\"><strong>AC Sparta Praha \u2013 FC Spartak Trnava 3:0 (0:0)<\/strong><br>G\u00f3ly: 62. Wiesner, 80. Olatunji, 89. Sch\u00e1n\u011blec<br>\u017dK: Vindahl, Wiesner \u2013 Mikovi\u010d, \u0160tetina<\/p>\n\n\n\n<p class=\"has-black-color has-white-background-color has-text-color has-background has-link-color wp-elements-c753f036aec6a4ebe24ab79aedddef0e\"><strong>SPARTA<\/strong> (1. pol\u010das): Vindahl \u2013 Sorensen, Pan\u00e1k, Ve\u010derka, Ryne\u0161 \u2013 Pavelka, Vydra \u2013 Pe\u0161ek, Dan\u011bk, Hrano\u0161 \u00a0&#8211; Tuci \u00a0Tr\u00e9ner: L. Friis<br><strong>SPARTA<\/strong> (2. pol\u010das): Vorel &#8211; Uhrin\u010da\u0165, Kuku\u010dka, Zelen\u00fd \u2013 Wiesner, Sad\u00edlek, Solbakken, Suchomel &#8211; Sch\u00e1n\u011blec, Olatunji, Krasniqi.<br><strong>SPARTAK<\/strong>: Frelih \u2013 Hol\u00edk, \u0160ulek, \u0160tetina, Twardzik (46. P. Karhan), Mikovi\u010d (63. Breznik) \u2013 Kubista (24. Kratochv\u00edl), Proch\u00e1zka \u2013 Corryn (63. Bainovi\u010d), \u010euri\u0161 (70. Paur), Azango (70. Ahl). Tr\u00e9ner: M. Ga\u0161par\u00edk ml. \u00a0<\/p>\n\n\n\n<p>\u00davod z\u00e1pasu priniesol zauj\u00edmav\u00e9 momenty a \u010derveno\u010d\u00edrni sa zvu\u010dn\u00e9ho s\u00fapera nez\u013eakli. Pr\u00e1ve naopak mali prv\u00fd n\u00e1znak \u0161ance ke\u010f sa dopredu vydali vo v\u00e4\u010d\u0161om po\u010dte a po centri Azanga bol z toho prv\u00fd rohov\u00fd kop z\u00e1pasu. Rozohr\u00e1vka \u0161tandardky ale na\u0161im nevy\u0161la pod\u013ea predst\u00e1v a s\u00faper z\u00edskal odkop od br\u00e1ny. V dal\u0161\u00edch min\u00fatach sme sa dobre sformovali v zadn\u00fdch radoch a dom\u00e1ci sa v prvej \u0161tvr\u0165hodine k v\u00fdraznej \u0161anci nedostali.12. Min\u00fata priniesla prv\u00fa strelu na br\u00e1nu Sparty z kopa\u010dky Corryna, ktor\u00e1 jemne vypr\u00e1\u0161ila rukavice dom\u00e1ceho brank\u00e1ra Vindahla. Smerom dopredu n\u00e1m ale ch\u00fdbal pokoj na kopa\u010dk\u00e1ch najm\u00e4 pri rozohr\u00e1vke ale slu\u0161ne zaplnen\u00e1 ar\u00e9na Sparty videla zauj\u00edmav\u00fa \u00favodn\u00fa \u0161tvr\u0165hodinu. V 18. min\u00fate zostal na tr\u00e1vniku sedie\u0165 Kubista, spo\u010diatku to vyzeralo na vyn\u00faten\u00e9 striedanie ale napokon sa rozhodol sk\u00fasi\u0165 pokra\u010dova\u0165 v z\u00e1pase. Ve\u013ek\u00fa \u0161ancu sme mali v 20. min\u00fate po z\u00e1vare Azanga v malom br\u00e1nkovisku dom\u00e1cich ale g\u00f3l z toho nebol, ke\u010f sa \u010euri\u0161 k dor\u00e1\u017eke nedostal. Prv\u00e9 striedanie na na\u0161ej strane pri\u0161li v 24. min\u00fate ke\u010f z hry napokon odi\u0161iel Kubista a nahradil ho Kratochv\u00edl. Do konca 30. min\u00faty sme v\u00fdraznej\u0161ie momenty nevideli a hra plynula pomerne v pokojnom tempe. 31. min\u00fata op\u00e4\u0165 preverila dom\u00e1ceho brank\u00e1ra, ke\u010f sa nepr\u00edjemnou strelou prezentoval op\u00e4\u0165 Azango. Na\u010falej sme ale pokra\u010dovali v koncentrovanom v\u00fdkone v defenz\u00edve a sna\u017eil sa vyr\u00e1\u017ea\u0165 do brejkov. Z\u00e1ver prv\u00e9ho pol\u010dasu preveril aj n\u00e1\u0161ho brank\u00e1ra Freliha, ktor\u00fd sa prezentoval \u00faspe\u0161n\u00fdm z\u00e1krokom po strele z ve\u013ekej vzdialenosti.<\/p>\n\n\n\n<figure class=\"wp-block-gallery has-nested-images columns-default is-cropped wp-block-gallery-1 is-layout-flex wp-block-gallery-is-layout-flex\">\n<figure class=\"wp-block-image size-large\"><img loading=\"lazy\" decoding=\"async\" width=\"1024\" height=\"681\" data-id=\"18637\" src=\"https:\/\/fcspartaktrnava.com\/wp-content\/uploads\/2024\/07\/1000038647-1024x681.jpg\" alt=\"\" class=\"wp-image-18637\" srcset=\"https:\/\/fcspartaktrnava.com\/wp-content\/uploads\/2024\/07\/1000038647-1024x681.jpg 1024w, https:\/\/fcspartaktrnava.com\/wp-content\/uploads\/2024\/07\/1000038647-300x200.jpg 300w, https:\/\/fcspartaktrnava.com\/wp-content\/uploads\/2024\/07\/1000038647-768x511.jpg 768w, https:\/\/fcspartaktrnava.com\/wp-content\/uploads\/2024\/07\/1000038647-1536x1022.jpg 1536w, https:\/\/fcspartaktrnava.com\/wp-content\/uploads\/2024\/07\/1000038647-2048x1363.jpg 2048w, https:\/\/fcspartaktrnava.com\/wp-content\/uploads\/2024\/07\/1000038647-18x12.jpg 18w\" sizes=\"auto, (max-width: 1024px) 100vw, 1024px\" \/><\/figure>\n<\/figure>\n\n\n\n<p><\/p>\n\n\n\n<p>Do druh\u00e9ho pol\u010dasu vst\u00fapili dom\u00e1ci akt\u00edvne, ale na\u0161u pozorn\u00fa defenz\u00edvu nedok\u00e1zali prekona\u0165. Viackr\u00e1t jej ale nepr\u00edjemne zavarili. Sparta vymenila \u00faplne cel\u00fa zostavu na druh\u00fd pol\u010das a za\u010dala by\u0165 nebezpe\u010dnej\u0161ia smerom do \u00fatoku. Tr\u00e9ner Ga\u0161par\u00edk prist\u00fapil k striedaniu Twardzika, ktor\u00e9ho vymenil Karhan. Sparta mala v 52. min\u00fate nebezpe\u010dn\u00fa \u0161ancu po hlavi\u010dke Solbakkenova, ktor\u00e1 ale smerovala len do stredu br\u00e1ny, kde bol pripraven\u00fd Frelih. Aj v 59. min\u00fate to v na\u0161om br\u00e1nkovisku horelo ale po\u017eiar sa na\u0161\u0165astie neroz\u0161\u00edril a\u017e za chrb\u00e1t Freliha. Dom\u00e1ci tak na\u010falej pokra\u010dovali vo zv\u00fd\u0161enej aktivite smerom dopredu. 62. min\u00fata u\u017e ale priniesla \u00favodn\u00fd g\u00f3l dom\u00e1cich. Po presnej hlavi\u010dke sa presadil Wiesner. Na na\u0161ej strane siahol tr\u00e9ner Ga\u0161par\u00edk k dvojit\u00e9mu striedaniu. Z hry odi\u0161li Corryn a Mikovi\u010d, na ihrisko nasko\u010dili Bainovi\u010d a Breznik. 65. Min\u00fata mohla pote\u0161i\u0165 na\u0161ich fan\u00fa\u0161ikov v sektore host\u00ed. Riskantn\u00fa rozohr\u00e1vku dom\u00e1ceho brank\u00e1ra ale na g\u00f3l nedok\u00e1zal vyu\u017ei\u0165 akt\u00edvne hraj\u00faci Azango. V 70. min\u00fate odi\u0161li z hry \u010euri\u0161 a Azango. Nahradili ich Hugo Ahl a Jakub Paur. Do hry tak pri\u0161la kombin\u00e1cia mladosti a sk\u00fasenosti. Sparta pokra\u010dovala v dr\u017ean\u00ed lopty a v zlep\u0161enej hre v druhom pol\u010dase. Druh\u00fd g\u00f3l dom\u00e1cich pri\u0161iel v 79. min\u00fate, ke\u010f sa presadil Olatunji. Em\u00f3cie sa na ihrisku na chv\u00ed\u013eu zdvihli v 83. min\u00fate, ke\u010f do seba nachv\u00ed\u013eu sko\u010dili hr\u00e1\u010di oboch t\u00edmov. Rozhodca ich ale r\u00fdchlo schladil. Z\u00e1ver duelu patril dom\u00e1cim, ktor\u00ed pote\u0161ili takmer 6000 div\u00e1kov na trib\u00fanach tret\u00edm g\u00f3lom v podan\u00ed Sch\u00e1n\u011blca. Tret\u00ed pr\u00edpravn\u00fd z\u00e1pas pre na\u0161e farby patril v\u00ed\u0165azstvu Sparty.<\/p>\n\n\n\n<figure class=\"wp-block-image size-large\"><img loading=\"lazy\" decoding=\"async\" width=\"1024\" height=\"681\" src=\"https:\/\/fcspartaktrnava.com\/wp-content\/uploads\/2024\/07\/1000038670-1024x681.jpg\" alt=\"\" class=\"wp-image-18636\" srcset=\"https:\/\/fcspartaktrnava.com\/wp-content\/uploads\/2024\/07\/1000038670-1024x681.jpg 1024w, https:\/\/fcspartaktrnava.com\/wp-content\/uploads\/2024\/07\/1000038670-300x200.jpg 300w, https:\/\/fcspartaktrnava.com\/wp-content\/uploads\/2024\/07\/1000038670-768x511.jpg 768w, https:\/\/fcspartaktrnava.com\/wp-content\/uploads\/2024\/07\/1000038670-1536x1022.jpg 1536w, https:\/\/fcspartaktrnava.com\/wp-content\/uploads\/2024\/07\/1000038670-2048x1363.jpg 2048w, https:\/\/fcspartaktrnava.com\/wp-content\/uploads\/2024\/07\/1000038670-18x12.jpg 18w\" sizes=\"auto, (max-width: 1024px) 100vw, 1024px\" \/><\/figure>\n\n\n\n<p>\u010eakujeme za podporu v\u0161etk\u00fdm fan\u00fa\u0161ikom, ktor\u00ed vycestovali na v\u00fdjazd. \u0160tvrt\u00fd pr\u00edpravn\u00fd duel n\u00e1s \u010dak\u00e1 v sobotu 13. j\u00fala v Rak\u00fasku s TSV Hartberg.<\/p>\n\n\n\n<p>Ohlasy po z\u00e1pase:<\/p>\n\n\n\n<figure class=\"wp-block-embed is-type-video is-provider-youtube wp-block-embed-youtube wp-embed-aspect-16-9 wp-has-aspect-ratio\"><div class=\"wp-block-embed__wrapper\">\n<iframe loading=\"lazy\" title=\"Michal Ga\u0161par\u00edk po z\u00e1pase so Spartou\" width=\"500\" height=\"281\" src=\"https:\/\/www.youtube.com\/embed\/wQL5Oc9Rv80?feature=oembed&#038;enablejsapi=1&#038;origin=https:\/\/fcspartaktrnava.com\" frameborder=\"0\" allow=\"accelerometer; autoplay; clipboard-write; encrypted-media; gyroscope; picture-in-picture; web-share\" referrerpolicy=\"strict-origin-when-cross-origin\" allowfullscreen><\/iframe>\n<\/div><\/figure>\n\n\n\n<figure class=\"wp-block-embed is-type-video is-provider-youtube wp-block-embed-youtube wp-embed-aspect-16-9 wp-has-aspect-ratio\"><div class=\"wp-block-embed__wrapper\">\n<iframe loading=\"lazy\" title=\"Milo\u0161 Kratochv\u00edl po z\u00e1pase so Spartou\" width=\"500\" height=\"281\" src=\"https:\/\/www.youtube.com\/embed\/l8407jbwWoU?feature=oembed\" frameborder=\"0\" allow=\"accelerometer; autoplay; clipboard-write; encrypted-media; gyroscope; picture-in-picture; web-share\" referrerpolicy=\"strict-origin-when-cross-origin\" allowfullscreen><\/iframe>\n<\/div><\/figure>","protected":false},"excerpt":{"rendered":"<p>AC Sparta Praha \u2013 FC Spartak Trnava 3:0&#8230;<\/p>","protected":false},"author":5,"featured_media":18634,"comment_status":"closed","ping_status":"closed","sticky":false,"template":"","format":"standard","meta":{"footnotes":""},"categories":[20],"tags":[],"class_list":["post-18633","post","type-post","status-publish","format-standard","has-post-thumbnail","hentry","category-zapas","post-number-1"],"yoast_head":"<!-- This site is optimized with the Yoast SEO plugin v27.1.1 - https:\/\/yoast.com\/product\/yoast-seo-wordpress\/ -->\n<title>Na Letnej zv\u00ed\u0165azila dom\u00e1ca Sparta - FC Spartak Trnava<\/title>\n<meta name=\"robots\" content=\"index, follow, max-snippet:-1, max-image-preview:large, max-video-preview:-1\" \/>\n<link rel=\"canonical\" href=\"https:\/\/fcspartaktrnava.com\/en\/na-letnej-zvitazila-domaca-sparta\/\" \/>\n<meta name=\"twitter:label1\" content=\"Written by\" \/>\n\t<meta name=\"twitter:data1\" content=\"Samuel \u010eurinsk\u00fd\" \/>\n\t<meta name=\"twitter:label2\" content=\"Estimated reading time\" \/>\n\t<meta name=\"twitter:data2\" content=\"4 minutes\" \/>\n<script type=\"application\/ld+json\" class=\"yoast-schema-graph\">{\"@context\":\"https:\/\/schema.org\",\"@graph\":[{\"@type\":\"Article\",\"@id\":\"https:\/\/fcspartaktrnava.com\/na-letnej-zvitazila-domaca-sparta\/#article\",\"isPartOf\":{\"@id\":\"https:\/\/fcspartaktrnava.com\/na-letnej-zvitazila-domaca-sparta\/\"},\"author\":{\"name\":\"Samuel \u010eurinsk\u00fd\",\"@id\":\"https:\/\/fcspartaktrnava.com\/#\/schema\/person\/62c3c2562c3c56e4c0c8c2342c596ac0\"},\"headline\":\"Na Letnej zv\u00ed\u0165azila dom\u00e1ca Sparta\",\"datePublished\":\"2024-07-05T16:02:55+00:00\",\"dateModified\":\"2024-07-06T04:45:42+00:00\",\"mainEntityOfPage\":{\"@id\":\"https:\/\/fcspartaktrnava.com\/na-letnej-zvitazila-domaca-sparta\/\"},\"wordCount\":775,\"publisher\":{\"@id\":\"https:\/\/fcspartaktrnava.com\/#organization\"},\"image\":{\"@id\":\"https:\/\/fcspartaktrnava.com\/na-letnej-zvitazila-domaca-sparta\/#primaryimage\"},\"thumbnailUrl\":\"https:\/\/fcspartaktrnava.com\/wp-content\/uploads\/2024\/07\/DSC_6436-scaled.jpg\",\"articleSection\":[\"Z\u00e1pas\"],\"inLanguage\":\"en-GB\"},{\"@type\":\"WebPage\",\"@id\":\"https:\/\/fcspartaktrnava.com\/na-letnej-zvitazila-domaca-sparta\/\",\"url\":\"https:\/\/fcspartaktrnava.com\/na-letnej-zvitazila-domaca-sparta\/\",\"name\":\"Na Letnej zv\u00ed\u0165azila dom\u00e1ca Sparta - FC Spartak Trnava\",\"isPartOf\":{\"@id\":\"https:\/\/fcspartaktrnava.com\/#website\"},\"primaryImageOfPage\":{\"@id\":\"https:\/\/fcspartaktrnava.com\/na-letnej-zvitazila-domaca-sparta\/#primaryimage\"},\"image\":{\"@id\":\"https:\/\/fcspartaktrnava.com\/na-letnej-zvitazila-domaca-sparta\/#primaryimage\"},\"thumbnailUrl\":\"https:\/\/fcspartaktrnava.com\/wp-content\/uploads\/2024\/07\/DSC_6436-scaled.jpg\",\"datePublished\":\"2024-07-05T16:02:55+00:00\",\"dateModified\":\"2024-07-06T04:45:42+00:00\",\"breadcrumb\":{\"@id\":\"https:\/\/fcspartaktrnava.com\/na-letnej-zvitazila-domaca-sparta\/#breadcrumb\"},\"inLanguage\":\"en-GB\",\"potentialAction\":[{\"@type\":\"ReadAction\",\"target\":[\"https:\/\/fcspartaktrnava.com\/na-letnej-zvitazila-domaca-sparta\/\"]}]},{\"@type\":\"ImageObject\",\"inLanguage\":\"en-GB\",\"@id\":\"https:\/\/fcspartaktrnava.com\/na-letnej-zvitazila-domaca-sparta\/#primaryimage\",\"url\":\"https:\/\/fcspartaktrnava.com\/wp-content\/uploads\/2024\/07\/DSC_6436-scaled.jpg\",\"contentUrl\":\"https:\/\/fcspartaktrnava.com\/wp-content\/uploads\/2024\/07\/DSC_6436-scaled.jpg\",\"width\":2560,\"height\":1703},{\"@type\":\"BreadcrumbList\",\"@id\":\"https:\/\/fcspartaktrnava.com\/na-letnej-zvitazila-domaca-sparta\/#breadcrumb\",\"itemListElement\":[{\"@type\":\"ListItem\",\"position\":1,\"name\":\"Home\",\"item\":\"https:\/\/fcspartaktrnava.com\/\"},{\"@type\":\"ListItem\",\"position\":2,\"name\":\"Na Letnej zv\u00ed\u0165azila dom\u00e1ca Sparta\"}]},{\"@type\":\"WebSite\",\"@id\":\"https:\/\/fcspartaktrnava.com\/#website\",\"url\":\"https:\/\/fcspartaktrnava.com\/\",\"name\":\"FC Spartak Trnava\",\"description\":\"ofici\u00e1lna webstr\u00e1nka futbalov\u00e9ho klubu\",\"publisher\":{\"@id\":\"https:\/\/fcspartaktrnava.com\/#organization\"},\"potentialAction\":[{\"@type\":\"SearchAction\",\"target\":{\"@type\":\"EntryPoint\",\"urlTemplate\":\"https:\/\/fcspartaktrnava.com\/?s={search_term_string}\"},\"query-input\":{\"@type\":\"PropertyValueSpecification\",\"valueRequired\":true,\"valueName\":\"search_term_string\"}}],\"inLanguage\":\"en-GB\"},{\"@type\":\"Organization\",\"@id\":\"https:\/\/fcspartaktrnava.com\/#organization\",\"name\":\"FC Spartak Trnava\",\"alternateName\":\"Spartak\",\"url\":\"https:\/\/fcspartaktrnava.com\/\",\"logo\":{\"@type\":\"ImageObject\",\"inLanguage\":\"en-GB\",\"@id\":\"https:\/\/fcspartaktrnava.com\/#\/schema\/logo\/image\/\",\"url\":\"https:\/\/fcspartaktrnava.com\/wp-content\/uploads\/2022\/08\/cropped-site_logo.png\",\"contentUrl\":\"https:\/\/fcspartaktrnava.com\/wp-content\/uploads\/2022\/08\/cropped-site_logo.png\",\"width\":140,\"height\":140,\"caption\":\"FC Spartak Trnava\"},\"image\":{\"@id\":\"https:\/\/fcspartaktrnava.com\/#\/schema\/logo\/image\/\"},\"sameAs\":[\"https:\/\/www.facebook.com\/SpartakTrnava\",\"https:\/\/x.com\/SpartakTrnava1\",\"https:\/\/www.instagram.com\/spartak_sk\/\"]},{\"@type\":\"Person\",\"@id\":\"https:\/\/fcspartaktrnava.com\/#\/schema\/person\/62c3c2562c3c56e4c0c8c2342c596ac0\",\"name\":\"Samuel \u010eurinsk\u00fd\",\"image\":{\"@type\":\"ImageObject\",\"inLanguage\":\"en-GB\",\"@id\":\"https:\/\/fcspartaktrnava.com\/#\/schema\/person\/image\/\",\"url\":\"https:\/\/secure.gravatar.com\/avatar\/af2fa02af92418b86ed742470664fe40056833fb68d84becf03f6ab02319257c?s=96&d=mm&r=g\",\"contentUrl\":\"https:\/\/secure.gravatar.com\/avatar\/af2fa02af92418b86ed742470664fe40056833fb68d84becf03f6ab02319257c?s=96&d=mm&r=g\",\"caption\":\"Samuel \u010eurinsk\u00fd\"},\"url\":\"https:\/\/fcspartaktrnava.com\/en\/author\/fcst-samuel\/\"}]}<\/script>\n<!-- \/ Yoast SEO plugin. -->","yoast_head_json":{"title":"Na Letnej zv\u00ed\u0165azila dom\u00e1ca Sparta - FC Spartak Trnava","robots":{"index":"index","follow":"follow","max-snippet":"max-snippet:-1","max-image-preview":"max-image-preview:large","max-video-preview":"max-video-preview:-1"},"canonical":"https:\/\/fcspartaktrnava.com\/en\/na-letnej-zvitazila-domaca-sparta\/","twitter_misc":{"Written by":"Samuel \u010eurinsk\u00fd","Estimated reading time":"4 minutes"},"schema":{"@context":"https:\/\/schema.org","@graph":[{"@type":"Article","@id":"https:\/\/fcspartaktrnava.com\/na-letnej-zvitazila-domaca-sparta\/#article","isPartOf":{"@id":"https:\/\/fcspartaktrnava.com\/na-letnej-zvitazila-domaca-sparta\/"},"author":{"name":"Samuel \u010eurinsk\u00fd","@id":"https:\/\/fcspartaktrnava.com\/#\/schema\/person\/62c3c2562c3c56e4c0c8c2342c596ac0"},"headline":"Na Letnej zv\u00ed\u0165azila dom\u00e1ca Sparta","datePublished":"2024-07-05T16:02:55+00:00","dateModified":"2024-07-06T04:45:42+00:00","mainEntityOfPage":{"@id":"https:\/\/fcspartaktrnava.com\/na-letnej-zvitazila-domaca-sparta\/"},"wordCount":775,"publisher":{"@id":"https:\/\/fcspartaktrnava.com\/#organization"},"image":{"@id":"https:\/\/fcspartaktrnava.com\/na-letnej-zvitazila-domaca-sparta\/#primaryimage"},"thumbnailUrl":"https:\/\/fcspartaktrnava.com\/wp-content\/uploads\/2024\/07\/DSC_6436-scaled.jpg","articleSection":["Z\u00e1pas"],"inLanguage":"en-GB"},{"@type":"WebPage","@id":"https:\/\/fcspartaktrnava.com\/na-letnej-zvitazila-domaca-sparta\/","url":"https:\/\/fcspartaktrnava.com\/na-letnej-zvitazila-domaca-sparta\/","name":"Na Letnej zv\u00ed\u0165azila dom\u00e1ca Sparta - FC Spartak Trnava","isPartOf":{"@id":"https:\/\/fcspartaktrnava.com\/#website"},"primaryImageOfPage":{"@id":"https:\/\/fcspartaktrnava.com\/na-letnej-zvitazila-domaca-sparta\/#primaryimage"},"image":{"@id":"https:\/\/fcspartaktrnava.com\/na-letnej-zvitazila-domaca-sparta\/#primaryimage"},"thumbnailUrl":"https:\/\/fcspartaktrnava.com\/wp-content\/uploads\/2024\/07\/DSC_6436-scaled.jpg","datePublished":"2024-07-05T16:02:55+00:00","dateModified":"2024-07-06T04:45:42+00:00","breadcrumb":{"@id":"https:\/\/fcspartaktrnava.com\/na-letnej-zvitazila-domaca-sparta\/#breadcrumb"},"inLanguage":"en-GB","potentialAction":[{"@type":"ReadAction","target":["https:\/\/fcspartaktrnava.com\/na-letnej-zvitazila-domaca-sparta\/"]}]},{"@type":"ImageObject","inLanguage":"en-GB","@id":"https:\/\/fcspartaktrnava.com\/na-letnej-zvitazila-domaca-sparta\/#primaryimage","url":"https:\/\/fcspartaktrnava.com\/wp-content\/uploads\/2024\/07\/DSC_6436-scaled.jpg","contentUrl":"https:\/\/fcspartaktrnava.com\/wp-content\/uploads\/2024\/07\/DSC_6436-scaled.jpg","width":2560,"height":1703},{"@type":"BreadcrumbList","@id":"https:\/\/fcspartaktrnava.com\/na-letnej-zvitazila-domaca-sparta\/#breadcrumb","itemListElement":[{"@type":"ListItem","position":1,"name":"Home","item":"https:\/\/fcspartaktrnava.com\/"},{"@type":"ListItem","position":2,"name":"Na Letnej zv\u00ed\u0165azila dom\u00e1ca Sparta"}]},{"@type":"WebSite","@id":"https:\/\/fcspartaktrnava.com\/#website","url":"https:\/\/fcspartaktrnava.com\/","name":"FC Spartak Trnava","description":"ofici\u00e1lna webstr\u00e1nka futbalov\u00e9ho klubu","publisher":{"@id":"https:\/\/fcspartaktrnava.com\/#organization"},"potentialAction":[{"@type":"SearchAction","target":{"@type":"EntryPoint","urlTemplate":"https:\/\/fcspartaktrnava.com\/?s={search_term_string}"},"query-input":{"@type":"PropertyValueSpecification","valueRequired":true,"valueName":"search_term_string"}}],"inLanguage":"en-GB"},{"@type":"Organization","@id":"https:\/\/fcspartaktrnava.com\/#organization","name":"FC Spartak Trnava","alternateName":"Spartak","url":"https:\/\/fcspartaktrnava.com\/","logo":{"@type":"ImageObject","inLanguage":"en-GB","@id":"https:\/\/fcspartaktrnava.com\/#\/schema\/logo\/image\/","url":"https:\/\/fcspartaktrnava.com\/wp-content\/uploads\/2022\/08\/cropped-site_logo.png","contentUrl":"https:\/\/fcspartaktrnava.com\/wp-content\/uploads\/2022\/08\/cropped-site_logo.png","width":140,"height":140,"caption":"FC Spartak Trnava"},"image":{"@id":"https:\/\/fcspartaktrnava.com\/#\/schema\/logo\/image\/"},"sameAs":["https:\/\/www.facebook.com\/SpartakTrnava","https:\/\/x.com\/SpartakTrnava1","https:\/\/www.instagram.com\/spartak_sk\/"]},{"@type":"Person","@id":"https:\/\/fcspartaktrnava.com\/#\/schema\/person\/62c3c2562c3c56e4c0c8c2342c596ac0","name":"Samuel \u010eurinsk\u00fd","image":{"@type":"ImageObject","inLanguage":"en-GB","@id":"https:\/\/fcspartaktrnava.com\/#\/schema\/person\/image\/","url":"https:\/\/secure.gravatar.com\/avatar\/af2fa02af92418b86ed742470664fe40056833fb68d84becf03f6ab02319257c?s=96&d=mm&r=g","contentUrl":"https:\/\/secure.gravatar.com\/avatar\/af2fa02af92418b86ed742470664fe40056833fb68d84becf03f6ab02319257c?s=96&d=mm&r=g","caption":"Samuel \u010eurinsk\u00fd"},"url":"https:\/\/fcspartaktrnava.com\/en\/author\/fcst-samuel\/"}]}},"_links":{"self":[{"href":"https:\/\/fcspartaktrnava.com\/en\/wp-json\/wp\/v2\/posts\/18633","targetHints":{"allow":["GET"]}}],"collection":[{"href":"https:\/\/fcspartaktrnava.com\/en\/wp-json\/wp\/v2\/posts"}],"about":[{"href":"https:\/\/fcspartaktrnava.com\/en\/wp-json\/wp\/v2\/types\/post"}],"author":[{"embeddable":true,"href":"https:\/\/fcspartaktrnava.com\/en\/wp-json\/wp\/v2\/users\/5"}],"replies":[{"embeddable":true,"href":"https:\/\/fcspartaktrnava.com\/en\/wp-json\/wp\/v2\/comments?post=18633"}],"version-history":[{"count":0,"href":"https:\/\/fcspartaktrnava.com\/en\/wp-json\/wp\/v2\/posts\/18633\/revisions"}],"wp:featuredmedia":[{"embeddable":true,"href":"https:\/\/fcspartaktrnava.com\/en\/wp-json\/wp\/v2\/media\/18634"}],"wp:attachment":[{"href":"https:\/\/fcspartaktrnava.com\/en\/wp-json\/wp\/v2\/media?parent=18633"}],"wp:term":[{"taxonomy":"category","embeddable":true,"href":"https:\/\/fcspartaktrnava.com\/en\/wp-json\/wp\/v2\/categories?post=18633"},{"taxonomy":"post_tag","embeddable":true,"href":"https:\/\/fcspartaktrnava.com\/en\/wp-json\/wp\/v2\/tags?post=18633"}],"curies":[{"name":"wp","href":"https:\/\/api.w.org\/{rel}","templated":true}]}}