{"id":18603,"date":"2024-07-06T10:00:00","date_gmt":"2024-07-06T08:00:00","guid":{"rendered":"https:\/\/fcspartaktrnava.com\/?p=18603"},"modified":"2024-07-06T10:50:46","modified_gmt":"2024-07-06T08:50:46","slug":"unai-emery-z-villy-vytiahol-viac-ako-maximum","status":"publish","type":"post","link":"https:\/\/fcspartaktrnava.com\/en\/unai-emery-z-villy-vytiahol-viac-ako-maximum\/","title":{"rendered":"UNAI EMERY Z VILLY VYTIAHOL VIAC AKO MAXIMUM"},"content":{"rendered":"<p class=\"has-medium-font-size\"><em><mark style=\"background-color:rgba(0, 0, 0, 0)\" class=\"has-inline-color has-vivid-red-color\">\u0160paniel Unai Emery sa ako hr\u00e1\u010d pr\u00edli\u0161 nepresl\u00e1vil, no pred rokom 2022 si z\u00edskal poves\u0165 re\u0161pektovan\u00e9ho a uzn\u00e1van\u00e9ho kou\u010da, predov\u0161etk\u00fdm \u0161pecialistu na poh\u00e1rov\u00e9 s\u00fa\u0165a\u017ee. Ve\u013ek\u00fdch tr\u00e9nersk\u00fdch mien, ktor\u00e9 v Anglicku vyhoreli, bolo ne\u00farekom, no tento chlap\u00edk po presune do Aston Villy nesklamal. Naopak, do Champions League smeruje u\u017e so \u0161iestym klubom.<\/mark><\/em><\/p>\n\n\n\n<p>Niekdaj\u0161\u00ed druholigov\u00fd stredopoliar dostal tr\u00e9nersk\u00fa d\u00f4veru najprv v region\u00e1lnom t\u00edme v Murcii. Nesk\u00f4r vyhral Eur\u00f3psku ligu trikr\u00e1t so Sevillou a raz s Villarrealom a na najprest\u00ed\u017enej\u0161om eur\u00f3pskom klubovom f\u00f3re viedol postupne Valenciu, Spartak Moskva, Sevillu, PSG a Villarreal. S Par\u00ed\u017eanmi z\u00edskal titul a opanoval oba dom\u00e1ce poh\u00e1re a k\u00fdm v rokoch 2018 a\u017e 2019 s Arsenalom nevy\u0161iel na poz\u00edcie, kde si ho vedenie \u017eelalo vidie\u0165, Anglicko si ho bude viac pam\u00e4ta\u0165 za p\u00f4sobenie v <strong>Aston Ville<\/strong>. Dve sez\u00f3ny m\u00e1 za sebou a na \u010fal\u0161\u00edch p\u00e4\u0165 \u010derstvo podp\u00edsan\u00fa pred\u013a\u017een\u00fa zmluvu.<\/p>\n\n\n\n<blockquote class=\"wp-block-quote has-large-font-size is-layout-flow wp-block-quote-is-layout-flow\"><div class=\"wp-block-image\">\n<figure class=\"aligncenter size-large\"><img loading=\"lazy\" decoding=\"async\" width=\"1024\" height=\"576\" src=\"https:\/\/fcspartaktrnava.com\/wp-content\/uploads\/2024\/07\/Unai-Emery5-2-1024x576.jpg\" alt=\"\" class=\"wp-image-18631\" srcset=\"https:\/\/fcspartaktrnava.com\/wp-content\/uploads\/2024\/07\/Unai-Emery5-2-1024x576.jpg 1024w, https:\/\/fcspartaktrnava.com\/wp-content\/uploads\/2024\/07\/Unai-Emery5-2-300x169.jpg 300w, https:\/\/fcspartaktrnava.com\/wp-content\/uploads\/2024\/07\/Unai-Emery5-2-768x432.jpg 768w, https:\/\/fcspartaktrnava.com\/wp-content\/uploads\/2024\/07\/Unai-Emery5-2-1536x864.jpg 1536w, https:\/\/fcspartaktrnava.com\/wp-content\/uploads\/2024\/07\/Unai-Emery5-2-2048x1152.jpg 2048w, https:\/\/fcspartaktrnava.com\/wp-content\/uploads\/2024\/07\/Unai-Emery5-2-18x10.jpg 18w\" sizes=\"auto, (max-width: 1024px) 100vw, 1024px\" \/><\/figure>\n<\/div>\n\n\n<blockquote class=\"wp-block-quote is-layout-flow wp-block-quote-is-layout-flow\">\n<p>\u201eSom tu, preto\u017ee toto je pre m\u0148a spr\u00e1vny klub a spr\u00e1vny projekt,\u201c <strong>Unai Emery<\/strong> na svojej prvej tla\u010dovej konferencii v poz\u00edcii hlavn\u00e9ho tr\u00e9nera Aston Villy.<\/p>\n<\/blockquote>\n\n\n\n<p class=\"has-medium-font-size\">Zvy\u010dajn\u00fd \u201et\u00edm zo stredu tabu\u013eky\u201c si pod Emerym zahral semifin\u00e1le Eur\u00f3pskej konferen\u010dnej ligy a st\u00edhal plni\u0165 aj ligov\u00e9 povinnosti, \u010doho d\u00f4kazom je \u0161tvrt\u00e9 miesto v kone\u010dnej tabu\u013eke. Experti sa zhoduj\u00fa, \u017ee 52-ro\u010dn\u00fd Bask vytiahol z ka\u017ed\u00e9ho hr\u00e1\u010da absol\u00fatne maximu, o ktorom mo\u017eno niektor\u00ed ani sami netu\u0161ili. \u0160tvrt\u00fd najlep\u0161\u00ed strelec ligy Ollie Watkins sez\u00f3nnym n\u00e1strelom takmer vytvoril klubov\u00fd rekord a v celkovom s\u00fa\u010dte g\u00f3lov patr\u00ed do historickej top trojky Villans. \u0160tandardky mu\u017estva s\u00fa ob\u00e1vanou zbra\u0148ou a s 59 percentami v\u00ed\u0165azn\u00fdch z\u00e1pasov sa dokonca stal Unai Emery naj\u00faspe\u0161nej\u0161\u00edm mana\u017e\u00e9rom v hist\u00f3rii klubu.<\/p>\n\n\n\n<blockquote class=\"wp-block-quote is-layout-flow wp-block-quote-is-layout-flow\">\n<p>\u201eBudujeme moment\u00e1lne nie\u010do v\u00fdnimo\u010dn\u00e9 a Unai je toho jadrom. S bl\u00ed\u017eiacim sa 150. v\u00fdro\u010d\u00edm existencie klubu h\u013ead\u00edme na ve\u013ek\u00e9 m\u00e9ty a s n\u00edm na \u010dele sa m\u00e1me na \u010do te\u0161i\u0165,\u201c <strong>Nassef Sawiris<\/strong>, prezident Aston Villa FC<\/p>\n<\/blockquote>\n<\/blockquote>\n\n\n\n<p>Len minul\u00fd rok sa Villa vr\u00e1tila do poh\u00e1rovej Eur\u00f3py po trin\u00e1stich rokoch, teraz sa vracia do Ligy majstrov po 42 rokoch. Ke\u010f sa navy\u0161e Emery stal tr\u00e9nerom <strong>Aston Villy<\/strong>, nach\u00e1dzala sa na 13. mieste tabu\u013eky a bol november. Pri debute zdolal Manchester United 3:1 a z prv\u00fdch siedmich z\u00e1pasov prehral iba jedin\u00fd. Birmingham\u010dania sez\u00f3nu kon\u010dili v hornej polovici tabu\u013eky a navy\u0161e s eur\u00f3pskou miestenkou. \u010eal\u0161ia sez\u00f3na u\u017e je zn\u00e1mym pr\u00edbehom \u2013 20 v\u00ed\u0165azstiev, 8 rem\u00edz a 10 prehier je \u0161tvrtou najlep\u0161ou bilanciou v lige a v novodobej Premier League t\u00edm skon\u010dil vy\u0161\u0161ie iba raz.<\/p>\n\n\n\n<p class=\"has-medium-font-size\"><strong><mark style=\"background-color:rgba(0, 0, 0, 0)\" class=\"has-inline-color has-vivid-red-color\">VEDELI STE? \u017dE<\/mark> &#8230; <strong>zo s\u00fa\u010dasn\u00fdch hr\u00e1\u010dov Aston Villy toho najviac pod Unaiom Emerym odohral Pau Torres? Zverencom \u0161panielskeho tr\u00e9nera bol u\u017e vo Villarreale a ich spolupr\u00e1ca tak m\u00e1 pred sebou u\u017e jeden\u00e1stu sez\u00f3nu.<\/strong><\/strong><\/p>\n\n\n\n<p class=\"has-medium-font-size\"><strong><mark style=\"background-color:rgba(0, 0, 0, 0)\" class=\"has-inline-color has-vivid-red-color\">TOP:<\/mark> <strong>Pr\u00edchod mu\u017estva Unaia Emeryho znamen\u00e1, \u017ee do Trnavy zav\u00edta sl\u00e1vny klub v historickom obdob\u00ed, na ktor\u00fd bude takto sfarben\u00e1 \u010das\u0165 Birminghamu dlho spom\u00edna\u0165 a dos\u0165 mo\u017eno sa o \u0148om bude hovori\u0165 po celej krajine. \u017de mal Spartak mo\u017enos\u0165 skonfrontova\u0165 sa s nimi pr\u00e1ve v t\u00fdchto \u010dasoch m\u00e1 ve\u013ek\u00fa hodnotu po v\u0161etk\u00fdch str\u00e1nkach. K\u00fapte si l\u00edstok a u\u017eite si \u0161peci\u00e1lny <strong>FC Spartak Trnava \u2013 Aston Villa F.C. 20.07.2024 o 16:00 priamo z trib\u00fan \u0160tadi\u00f3na Antona Malatinsk\u00e9ho.<\/strong><\/strong><\/strong><\/p>","protected":false},"excerpt":{"rendered":"<p>\u0160paniel Unai Emery sa ako hr\u00e1\u010d pr\u00edli\u0161 nepresl\u00e1vil,&#8230;<\/p>","protected":false},"author":5,"featured_media":18607,"comment_status":"closed","ping_status":"closed","sticky":false,"template":"","format":"standard","meta":{"footnotes":""},"categories":[12],"tags":[],"class_list":["post-18603","post","type-post","status-publish","format-standard","has-post-thumbnail","hentry","category-spravy","post-number-1"],"yoast_head":"<!-- This site is optimized with the Yoast SEO plugin v27.1.1 - https:\/\/yoast.com\/product\/yoast-seo-wordpress\/ -->\n<title>UNAI EMERY Z VILLY VYTIAHOL VIAC AKO MAXIMUM - FC Spartak Trnava<\/title>\n<meta name=\"robots\" content=\"index, follow, max-snippet:-1, max-image-preview:large, max-video-preview:-1\" \/>\n<link rel=\"canonical\" href=\"https:\/\/fcspartaktrnava.com\/en\/unai-emery-z-villy-vytiahol-viac-ako-maximum\/\" \/>\n<meta name=\"twitter:label1\" content=\"Written by\" \/>\n\t<meta name=\"twitter:data1\" content=\"Samuel \u010eurinsk\u00fd\" \/>\n\t<meta name=\"twitter:label2\" content=\"Estimated reading time\" \/>\n\t<meta name=\"twitter:data2\" content=\"3 minutes\" \/>\n<script type=\"application\/ld+json\" class=\"yoast-schema-graph\">{\"@context\":\"https:\/\/schema.org\",\"@graph\":[{\"@type\":\"Article\",\"@id\":\"https:\/\/fcspartaktrnava.com\/unai-emery-z-villy-vytiahol-viac-ako-maximum\/#article\",\"isPartOf\":{\"@id\":\"https:\/\/fcspartaktrnava.com\/unai-emery-z-villy-vytiahol-viac-ako-maximum\/\"},\"author\":{\"name\":\"Samuel \u010eurinsk\u00fd\",\"@id\":\"https:\/\/fcspartaktrnava.com\/#\/schema\/person\/62c3c2562c3c56e4c0c8c2342c596ac0\"},\"headline\":\"UNAI EMERY Z VILLY VYTIAHOL VIAC AKO MAXIMUM\",\"datePublished\":\"2024-07-06T08:00:00+00:00\",\"dateModified\":\"2024-07-06T08:50:46+00:00\",\"mainEntityOfPage\":{\"@id\":\"https:\/\/fcspartaktrnava.com\/unai-emery-z-villy-vytiahol-viac-ako-maximum\/\"},\"wordCount\":638,\"publisher\":{\"@id\":\"https:\/\/fcspartaktrnava.com\/#organization\"},\"image\":{\"@id\":\"https:\/\/fcspartaktrnava.com\/unai-emery-z-villy-vytiahol-viac-ako-maximum\/#primaryimage\"},\"thumbnailUrl\":\"https:\/\/fcspartaktrnava.com\/wp-content\/uploads\/2024\/07\/Unai-Emery3-scaled.jpg\",\"articleSection\":[\"Spr\u00e1vy\"],\"inLanguage\":\"en-GB\"},{\"@type\":\"WebPage\",\"@id\":\"https:\/\/fcspartaktrnava.com\/unai-emery-z-villy-vytiahol-viac-ako-maximum\/\",\"url\":\"https:\/\/fcspartaktrnava.com\/unai-emery-z-villy-vytiahol-viac-ako-maximum\/\",\"name\":\"UNAI EMERY Z VILLY VYTIAHOL VIAC AKO MAXIMUM - FC Spartak Trnava\",\"isPartOf\":{\"@id\":\"https:\/\/fcspartaktrnava.com\/#website\"},\"primaryImageOfPage\":{\"@id\":\"https:\/\/fcspartaktrnava.com\/unai-emery-z-villy-vytiahol-viac-ako-maximum\/#primaryimage\"},\"image\":{\"@id\":\"https:\/\/fcspartaktrnava.com\/unai-emery-z-villy-vytiahol-viac-ako-maximum\/#primaryimage\"},\"thumbnailUrl\":\"https:\/\/fcspartaktrnava.com\/wp-content\/uploads\/2024\/07\/Unai-Emery3-scaled.jpg\",\"datePublished\":\"2024-07-06T08:00:00+00:00\",\"dateModified\":\"2024-07-06T08:50:46+00:00\",\"breadcrumb\":{\"@id\":\"https:\/\/fcspartaktrnava.com\/unai-emery-z-villy-vytiahol-viac-ako-maximum\/#breadcrumb\"},\"inLanguage\":\"en-GB\",\"potentialAction\":[{\"@type\":\"ReadAction\",\"target\":[\"https:\/\/fcspartaktrnava.com\/unai-emery-z-villy-vytiahol-viac-ako-maximum\/\"]}]},{\"@type\":\"ImageObject\",\"inLanguage\":\"en-GB\",\"@id\":\"https:\/\/fcspartaktrnava.com\/unai-emery-z-villy-vytiahol-viac-ako-maximum\/#primaryimage\",\"url\":\"https:\/\/fcspartaktrnava.com\/wp-content\/uploads\/2024\/07\/Unai-Emery3-scaled.jpg\",\"contentUrl\":\"https:\/\/fcspartaktrnava.com\/wp-content\/uploads\/2024\/07\/Unai-Emery3-scaled.jpg\",\"width\":2560,\"height\":1603,\"caption\":\"BIRMINGHAM, ENGLAND - NOVEMBER 04: Unai Emery head coach of Aston Villa poses for a picture at Villa Park on November 04, 2022 in Birmingham, England. (Photo by Neville Williams\/Aston Villa FC via Getty Images)\"},{\"@type\":\"BreadcrumbList\",\"@id\":\"https:\/\/fcspartaktrnava.com\/unai-emery-z-villy-vytiahol-viac-ako-maximum\/#breadcrumb\",\"itemListElement\":[{\"@type\":\"ListItem\",\"position\":1,\"name\":\"Home\",\"item\":\"https:\/\/fcspartaktrnava.com\/\"},{\"@type\":\"ListItem\",\"position\":2,\"name\":\"UNAI EMERY Z VILLY VYTIAHOL VIAC AKO MAXIMUM\"}]},{\"@type\":\"WebSite\",\"@id\":\"https:\/\/fcspartaktrnava.com\/#website\",\"url\":\"https:\/\/fcspartaktrnava.com\/\",\"name\":\"FC Spartak Trnava\",\"description\":\"ofici\u00e1lna webstr\u00e1nka futbalov\u00e9ho klubu\",\"publisher\":{\"@id\":\"https:\/\/fcspartaktrnava.com\/#organization\"},\"potentialAction\":[{\"@type\":\"SearchAction\",\"target\":{\"@type\":\"EntryPoint\",\"urlTemplate\":\"https:\/\/fcspartaktrnava.com\/?s={search_term_string}\"},\"query-input\":{\"@type\":\"PropertyValueSpecification\",\"valueRequired\":true,\"valueName\":\"search_term_string\"}}],\"inLanguage\":\"en-GB\"},{\"@type\":\"Organization\",\"@id\":\"https:\/\/fcspartaktrnava.com\/#organization\",\"name\":\"FC Spartak Trnava\",\"alternateName\":\"Spartak\",\"url\":\"https:\/\/fcspartaktrnava.com\/\",\"logo\":{\"@type\":\"ImageObject\",\"inLanguage\":\"en-GB\",\"@id\":\"https:\/\/fcspartaktrnava.com\/#\/schema\/logo\/image\/\",\"url\":\"https:\/\/fcspartaktrnava.com\/wp-content\/uploads\/2022\/08\/cropped-site_logo.png\",\"contentUrl\":\"https:\/\/fcspartaktrnava.com\/wp-content\/uploads\/2022\/08\/cropped-site_logo.png\",\"width\":140,\"height\":140,\"caption\":\"FC Spartak Trnava\"},\"image\":{\"@id\":\"https:\/\/fcspartaktrnava.com\/#\/schema\/logo\/image\/\"},\"sameAs\":[\"https:\/\/www.facebook.com\/SpartakTrnava\",\"https:\/\/x.com\/SpartakTrnava1\",\"https:\/\/www.instagram.com\/spartak_sk\/\"]},{\"@type\":\"Person\",\"@id\":\"https:\/\/fcspartaktrnava.com\/#\/schema\/person\/62c3c2562c3c56e4c0c8c2342c596ac0\",\"name\":\"Samuel \u010eurinsk\u00fd\",\"image\":{\"@type\":\"ImageObject\",\"inLanguage\":\"en-GB\",\"@id\":\"https:\/\/fcspartaktrnava.com\/#\/schema\/person\/image\/\",\"url\":\"https:\/\/secure.gravatar.com\/avatar\/af2fa02af92418b86ed742470664fe40056833fb68d84becf03f6ab02319257c?s=96&d=mm&r=g\",\"contentUrl\":\"https:\/\/secure.gravatar.com\/avatar\/af2fa02af92418b86ed742470664fe40056833fb68d84becf03f6ab02319257c?s=96&d=mm&r=g\",\"caption\":\"Samuel \u010eurinsk\u00fd\"},\"url\":\"https:\/\/fcspartaktrnava.com\/en\/author\/fcst-samuel\/\"}]}<\/script>\n<!-- \/ Yoast SEO plugin. -->","yoast_head_json":{"title":"UNAI EMERY Z VILLY VYTIAHOL VIAC AKO MAXIMUM - FC Spartak Trnava","robots":{"index":"index","follow":"follow","max-snippet":"max-snippet:-1","max-image-preview":"max-image-preview:large","max-video-preview":"max-video-preview:-1"},"canonical":"https:\/\/fcspartaktrnava.com\/en\/unai-emery-z-villy-vytiahol-viac-ako-maximum\/","twitter_misc":{"Written by":"Samuel \u010eurinsk\u00fd","Estimated reading time":"3 minutes"},"schema":{"@context":"https:\/\/schema.org","@graph":[{"@type":"Article","@id":"https:\/\/fcspartaktrnava.com\/unai-emery-z-villy-vytiahol-viac-ako-maximum\/#article","isPartOf":{"@id":"https:\/\/fcspartaktrnava.com\/unai-emery-z-villy-vytiahol-viac-ako-maximum\/"},"author":{"name":"Samuel \u010eurinsk\u00fd","@id":"https:\/\/fcspartaktrnava.com\/#\/schema\/person\/62c3c2562c3c56e4c0c8c2342c596ac0"},"headline":"UNAI EMERY Z VILLY VYTIAHOL VIAC AKO MAXIMUM","datePublished":"2024-07-06T08:00:00+00:00","dateModified":"2024-07-06T08:50:46+00:00","mainEntityOfPage":{"@id":"https:\/\/fcspartaktrnava.com\/unai-emery-z-villy-vytiahol-viac-ako-maximum\/"},"wordCount":638,"publisher":{"@id":"https:\/\/fcspartaktrnava.com\/#organization"},"image":{"@id":"https:\/\/fcspartaktrnava.com\/unai-emery-z-villy-vytiahol-viac-ako-maximum\/#primaryimage"},"thumbnailUrl":"https:\/\/fcspartaktrnava.com\/wp-content\/uploads\/2024\/07\/Unai-Emery3-scaled.jpg","articleSection":["Spr\u00e1vy"],"inLanguage":"en-GB"},{"@type":"WebPage","@id":"https:\/\/fcspartaktrnava.com\/unai-emery-z-villy-vytiahol-viac-ako-maximum\/","url":"https:\/\/fcspartaktrnava.com\/unai-emery-z-villy-vytiahol-viac-ako-maximum\/","name":"UNAI EMERY Z VILLY VYTIAHOL VIAC AKO MAXIMUM - FC Spartak Trnava","isPartOf":{"@id":"https:\/\/fcspartaktrnava.com\/#website"},"primaryImageOfPage":{"@id":"https:\/\/fcspartaktrnava.com\/unai-emery-z-villy-vytiahol-viac-ako-maximum\/#primaryimage"},"image":{"@id":"https:\/\/fcspartaktrnava.com\/unai-emery-z-villy-vytiahol-viac-ako-maximum\/#primaryimage"},"thumbnailUrl":"https:\/\/fcspartaktrnava.com\/wp-content\/uploads\/2024\/07\/Unai-Emery3-scaled.jpg","datePublished":"2024-07-06T08:00:00+00:00","dateModified":"2024-07-06T08:50:46+00:00","breadcrumb":{"@id":"https:\/\/fcspartaktrnava.com\/unai-emery-z-villy-vytiahol-viac-ako-maximum\/#breadcrumb"},"inLanguage":"en-GB","potentialAction":[{"@type":"ReadAction","target":["https:\/\/fcspartaktrnava.com\/unai-emery-z-villy-vytiahol-viac-ako-maximum\/"]}]},{"@type":"ImageObject","inLanguage":"en-GB","@id":"https:\/\/fcspartaktrnava.com\/unai-emery-z-villy-vytiahol-viac-ako-maximum\/#primaryimage","url":"https:\/\/fcspartaktrnava.com\/wp-content\/uploads\/2024\/07\/Unai-Emery3-scaled.jpg","contentUrl":"https:\/\/fcspartaktrnava.com\/wp-content\/uploads\/2024\/07\/Unai-Emery3-scaled.jpg","width":2560,"height":1603,"caption":"BIRMINGHAM, ENGLAND - NOVEMBER 04: Unai Emery head coach of Aston Villa poses for a picture at Villa Park on November 04, 2022 in Birmingham, England. (Photo by Neville Williams\/Aston Villa FC via Getty Images)"},{"@type":"BreadcrumbList","@id":"https:\/\/fcspartaktrnava.com\/unai-emery-z-villy-vytiahol-viac-ako-maximum\/#breadcrumb","itemListElement":[{"@type":"ListItem","position":1,"name":"Home","item":"https:\/\/fcspartaktrnava.com\/"},{"@type":"ListItem","position":2,"name":"UNAI EMERY Z VILLY VYTIAHOL VIAC AKO MAXIMUM"}]},{"@type":"WebSite","@id":"https:\/\/fcspartaktrnava.com\/#website","url":"https:\/\/fcspartaktrnava.com\/","name":"FC Spartak Trnava","description":"ofici\u00e1lna webstr\u00e1nka futbalov\u00e9ho klubu","publisher":{"@id":"https:\/\/fcspartaktrnava.com\/#organization"},"potentialAction":[{"@type":"SearchAction","target":{"@type":"EntryPoint","urlTemplate":"https:\/\/fcspartaktrnava.com\/?s={search_term_string}"},"query-input":{"@type":"PropertyValueSpecification","valueRequired":true,"valueName":"search_term_string"}}],"inLanguage":"en-GB"},{"@type":"Organization","@id":"https:\/\/fcspartaktrnava.com\/#organization","name":"FC Spartak Trnava","alternateName":"Spartak","url":"https:\/\/fcspartaktrnava.com\/","logo":{"@type":"ImageObject","inLanguage":"en-GB","@id":"https:\/\/fcspartaktrnava.com\/#\/schema\/logo\/image\/","url":"https:\/\/fcspartaktrnava.com\/wp-content\/uploads\/2022\/08\/cropped-site_logo.png","contentUrl":"https:\/\/fcspartaktrnava.com\/wp-content\/uploads\/2022\/08\/cropped-site_logo.png","width":140,"height":140,"caption":"FC Spartak Trnava"},"image":{"@id":"https:\/\/fcspartaktrnava.com\/#\/schema\/logo\/image\/"},"sameAs":["https:\/\/www.facebook.com\/SpartakTrnava","https:\/\/x.com\/SpartakTrnava1","https:\/\/www.instagram.com\/spartak_sk\/"]},{"@type":"Person","@id":"https:\/\/fcspartaktrnava.com\/#\/schema\/person\/62c3c2562c3c56e4c0c8c2342c596ac0","name":"Samuel \u010eurinsk\u00fd","image":{"@type":"ImageObject","inLanguage":"en-GB","@id":"https:\/\/fcspartaktrnava.com\/#\/schema\/person\/image\/","url":"https:\/\/secure.gravatar.com\/avatar\/af2fa02af92418b86ed742470664fe40056833fb68d84becf03f6ab02319257c?s=96&d=mm&r=g","contentUrl":"https:\/\/secure.gravatar.com\/avatar\/af2fa02af92418b86ed742470664fe40056833fb68d84becf03f6ab02319257c?s=96&d=mm&r=g","caption":"Samuel \u010eurinsk\u00fd"},"url":"https:\/\/fcspartaktrnava.com\/en\/author\/fcst-samuel\/"}]}},"_links":{"self":[{"href":"https:\/\/fcspartaktrnava.com\/en\/wp-json\/wp\/v2\/posts\/18603","targetHints":{"allow":["GET"]}}],"collection":[{"href":"https:\/\/fcspartaktrnava.com\/en\/wp-json\/wp\/v2\/posts"}],"about":[{"href":"https:\/\/fcspartaktrnava.com\/en\/wp-json\/wp\/v2\/types\/post"}],"author":[{"embeddable":true,"href":"https:\/\/fcspartaktrnava.com\/en\/wp-json\/wp\/v2\/users\/5"}],"replies":[{"embeddable":true,"href":"https:\/\/fcspartaktrnava.com\/en\/wp-json\/wp\/v2\/comments?post=18603"}],"version-history":[{"count":0,"href":"https:\/\/fcspartaktrnava.com\/en\/wp-json\/wp\/v2\/posts\/18603\/revisions"}],"wp:featuredmedia":[{"embeddable":true,"href":"https:\/\/fcspartaktrnava.com\/en\/wp-json\/wp\/v2\/media\/18607"}],"wp:attachment":[{"href":"https:\/\/fcspartaktrnava.com\/en\/wp-json\/wp\/v2\/media?parent=18603"}],"wp:term":[{"taxonomy":"category","embeddable":true,"href":"https:\/\/fcspartaktrnava.com\/en\/wp-json\/wp\/v2\/categories?post=18603"},{"taxonomy":"post_tag","embeddable":true,"href":"https:\/\/fcspartaktrnava.com\/en\/wp-json\/wp\/v2\/tags?post=18603"}],"curies":[{"name":"wp","href":"https:\/\/api.w.org\/{rel}","templated":true}]}}