{"id":18589,"date":"2024-06-28T19:52:07","date_gmt":"2024-06-28T17:52:07","guid":{"rendered":"https:\/\/fcspartaktrnava.com\/?p=18589"},"modified":"2024-06-28T19:54:43","modified_gmt":"2024-06-28T17:54:43","slug":"sustredenie-na-vysokej-urovni-daniel-s-oforim-mimo-hry","status":"publish","type":"post","link":"https:\/\/fcspartaktrnava.com\/en\/sustredenie-na-vysokej-urovni-daniel-s-oforim-mimo-hry\/","title":{"rendered":"S\u00fastredenie na vysokej \u00farovni, Daniel s Oforim mimo hry"},"content":{"rendered":"<p class=\"has-vivid-red-color has-text-color has-link-color has-medium-font-size wp-elements-0e1e6a28347d33644314d00be9dff26d\"><strong><em>Spartakovci fini\u0161uj\u00fa pr\u00edpravu na s\u00fastreden\u00ed v slovinskom \u010cate\u017ei. Po\u010das 10 dn\u00ed mali na programe viacero tr\u00e9ningov\u00fdch jednotiek a 2 pr\u00edpravn\u00e9 z\u00e1pasy. Prv\u00fd, proti NK Maribor, u\u017e maj\u00fa za sebou, druh\u00e9 stretnutie s NK Bravo ich \u010dak\u00e1 zajtra.<\/em><\/strong><\/p>\n\n\n\n<p>Za uplynul\u00fdm viac ako t\u00fd\u017ed\u0148om sa obzrel aj asistent tr\u00e9nera Tom\u00e1\u0161 Priszt\u00e1cs, ktor\u00fd pobyt v Slovinsku hodnot\u00ed ve\u013emi kladne: <strong><em>,,Tento pobyt sme absolvovali vo ve\u013emi kvalitn\u00fdch podmienkach. V\u0161etko bolo na vysokej \u00farovni, od stravy, cez ihrisk\u00e1 a\u017e po novo zrekon\u0161truovan\u00fd wellness.&#8220;<\/em><\/strong><\/p>\n\n\n\n<p>Realiza\u010dn\u00fd t\u00edm B\u00edlych Andelov pr\u00edjemne prekvapili aj mlad\u00ed hr\u00e1\u010di, ktor\u00ed sa k A-t\u00edmu na s\u00fastredenie pripojili: <strong><em>,,Mysl\u00edm, \u017ee m\u00f4\u017eem poveda\u0165 za v\u0161etk\u00fdch z realiza\u010dn\u00e9ho t\u00edmu, \u017ee sme milo prekvapen\u00ed z na\u0161ich mlad\u00fdch hr\u00e1\u010dov. Niektor\u00ed n\u00e1s naozaj zaujali, v\u0161etci plnili v\u0161etko, \u010do sme od nich po\u017eadovali. Spravili sme kus dobrej pr\u00e1ce.&#8220;<\/em><\/strong><\/p>\n\n\n\n<p>Pr\u00edprava pred zajtraj\u0161\u00edm duelom je smerovan\u00e1 sk\u00f4r na vlastn\u00e9 mu\u017estvo, ako na s\u00fapera: <strong><em>,,Tie pr\u00edpravy sa pr\u00edli\u0161 nel\u00ed\u0161ia od s\u00fa\u0165a\u017en\u00fdch z\u00e1pasov, nejdeme v\u0161ak so s\u00fapermi a\u017e tak do detailov. S\u00fastred\u00edme sa trochu viac na seba, pri\u0161li nov\u00ed hr\u00e1\u010di, zapracov\u00e1vame mlad\u00fdch hr\u00e1\u010dov. Zodpovedne sa pripravujeme a te\u0161\u00edme sa na zajtraj\u0161\u00ed duel.&#8220;<\/em><\/strong><\/p>\n\n\n\n<p>Z k\u00e1dra pre zranenie vypadli dvaja kr\u00eddeln\u00edci &#8211; Erik Daniel a Kelvin Ofori: <strong><em>,,Ve\u013emi n\u00e1s mrz\u00ed, \u017ee Erik Daniel je mimo hry. Pr\u00edpravu za\u010dal s ve\u013ek\u00fdm el\u00e1nom a chu\u0165ou na ihrisku. Out je aj Kelvin Ofori, ktor\u00fd utrpel men\u0161ie zranenie, bude musie\u0165 podst\u00fapi\u0165 d\u00f4kladnej\u0161ie lek\u00e1rske vy\u0161etrenie.&#8220;<\/em><\/strong><\/p>\n\n\n\n<p>Cel\u00fd predz\u00e1pasov\u00fd rozhovor s Tom\u00e1\u0161om Priszt\u00e1csom si m\u00f4\u017eete pozrie\u0165 na na\u0161om YouTube:<\/p>\n\n\n\n<figure class=\"wp-block-embed is-type-video is-provider-youtube wp-block-embed-youtube wp-embed-aspect-16-9 wp-has-aspect-ratio\"><div class=\"wp-block-embed__wrapper\">\n<iframe loading=\"lazy\" title=\"Asistent tr\u00e9nera T. Priszt\u00e1cs: Na s\u00fastreden\u00ed bolo v\u0161etko na vysokej \u00farovni\" width=\"500\" height=\"281\" src=\"https:\/\/www.youtube.com\/embed\/Rg0CMPfdZzw?feature=oembed\" frameborder=\"0\" allow=\"accelerometer; autoplay; clipboard-write; encrypted-media; gyroscope; picture-in-picture; web-share\" referrerpolicy=\"strict-origin-when-cross-origin\" allowfullscreen><\/iframe>\n<\/div><\/figure>","protected":false},"excerpt":{"rendered":"<p>Spartakovci fini\u0161uj\u00fa pr\u00edpravu na s\u00fastreden\u00ed v slovinskom \u010cate\u017ei&#8230;.<\/p>","protected":false},"author":5,"featured_media":18590,"comment_status":"closed","ping_status":"closed","sticky":false,"template":"","format":"standard","meta":{"footnotes":""},"categories":[94,20],"tags":[],"class_list":["post-18589","post","type-post","status-publish","format-standard","has-post-thumbnail","hentry","category-preview","category-zapas","post-number-1"],"yoast_head":"<!-- This site is optimized with the Yoast SEO plugin v27.1.1 - https:\/\/yoast.com\/product\/yoast-seo-wordpress\/ -->\n<title>S\u00fastredenie na vysokej \u00farovni, Daniel s Oforim mimo hry - FC Spartak Trnava<\/title>\n<meta name=\"robots\" content=\"index, follow, max-snippet:-1, max-image-preview:large, max-video-preview:-1\" \/>\n<link rel=\"canonical\" href=\"https:\/\/fcspartaktrnava.com\/en\/sustredenie-na-vysokej-urovni-daniel-s-oforim-mimo-hry\/\" \/>\n<meta name=\"twitter:label1\" content=\"Written by\" \/>\n\t<meta name=\"twitter:data1\" content=\"Samuel \u010eurinsk\u00fd\" \/>\n\t<meta name=\"twitter:label2\" content=\"Estimated reading time\" \/>\n\t<meta name=\"twitter:data2\" content=\"2 minutes\" \/>\n<script type=\"application\/ld+json\" class=\"yoast-schema-graph\">{\"@context\":\"https:\/\/schema.org\",\"@graph\":[{\"@type\":\"Article\",\"@id\":\"https:\/\/fcspartaktrnava.com\/sustredenie-na-vysokej-urovni-daniel-s-oforim-mimo-hry\/#article\",\"isPartOf\":{\"@id\":\"https:\/\/fcspartaktrnava.com\/sustredenie-na-vysokej-urovni-daniel-s-oforim-mimo-hry\/\"},\"author\":{\"name\":\"Samuel \u010eurinsk\u00fd\",\"@id\":\"https:\/\/fcspartaktrnava.com\/#\/schema\/person\/62c3c2562c3c56e4c0c8c2342c596ac0\"},\"headline\":\"S\u00fastredenie na vysokej \u00farovni, Daniel s Oforim mimo hry\",\"datePublished\":\"2024-06-28T17:52:07+00:00\",\"dateModified\":\"2024-06-28T17:54:43+00:00\",\"mainEntityOfPage\":{\"@id\":\"https:\/\/fcspartaktrnava.com\/sustredenie-na-vysokej-urovni-daniel-s-oforim-mimo-hry\/\"},\"wordCount\":334,\"publisher\":{\"@id\":\"https:\/\/fcspartaktrnava.com\/#organization\"},\"image\":{\"@id\":\"https:\/\/fcspartaktrnava.com\/sustredenie-na-vysokej-urovni-daniel-s-oforim-mimo-hry\/#primaryimage\"},\"thumbnailUrl\":\"https:\/\/fcspartaktrnava.com\/wp-content\/uploads\/2024\/06\/DSC_1139-scaled.jpg\",\"articleSection\":[\"preview\",\"Z\u00e1pas\"],\"inLanguage\":\"en-GB\"},{\"@type\":\"WebPage\",\"@id\":\"https:\/\/fcspartaktrnava.com\/sustredenie-na-vysokej-urovni-daniel-s-oforim-mimo-hry\/\",\"url\":\"https:\/\/fcspartaktrnava.com\/sustredenie-na-vysokej-urovni-daniel-s-oforim-mimo-hry\/\",\"name\":\"S\u00fastredenie na vysokej \u00farovni, Daniel s Oforim mimo hry - FC Spartak Trnava\",\"isPartOf\":{\"@id\":\"https:\/\/fcspartaktrnava.com\/#website\"},\"primaryImageOfPage\":{\"@id\":\"https:\/\/fcspartaktrnava.com\/sustredenie-na-vysokej-urovni-daniel-s-oforim-mimo-hry\/#primaryimage\"},\"image\":{\"@id\":\"https:\/\/fcspartaktrnava.com\/sustredenie-na-vysokej-urovni-daniel-s-oforim-mimo-hry\/#primaryimage\"},\"thumbnailUrl\":\"https:\/\/fcspartaktrnava.com\/wp-content\/uploads\/2024\/06\/DSC_1139-scaled.jpg\",\"datePublished\":\"2024-06-28T17:52:07+00:00\",\"dateModified\":\"2024-06-28T17:54:43+00:00\",\"breadcrumb\":{\"@id\":\"https:\/\/fcspartaktrnava.com\/sustredenie-na-vysokej-urovni-daniel-s-oforim-mimo-hry\/#breadcrumb\"},\"inLanguage\":\"en-GB\",\"potentialAction\":[{\"@type\":\"ReadAction\",\"target\":[\"https:\/\/fcspartaktrnava.com\/sustredenie-na-vysokej-urovni-daniel-s-oforim-mimo-hry\/\"]}]},{\"@type\":\"ImageObject\",\"inLanguage\":\"en-GB\",\"@id\":\"https:\/\/fcspartaktrnava.com\/sustredenie-na-vysokej-urovni-daniel-s-oforim-mimo-hry\/#primaryimage\",\"url\":\"https:\/\/fcspartaktrnava.com\/wp-content\/uploads\/2024\/06\/DSC_1139-scaled.jpg\",\"contentUrl\":\"https:\/\/fcspartaktrnava.com\/wp-content\/uploads\/2024\/06\/DSC_1139-scaled.jpg\",\"width\":2560,\"height\":1706},{\"@type\":\"BreadcrumbList\",\"@id\":\"https:\/\/fcspartaktrnava.com\/sustredenie-na-vysokej-urovni-daniel-s-oforim-mimo-hry\/#breadcrumb\",\"itemListElement\":[{\"@type\":\"ListItem\",\"position\":1,\"name\":\"Home\",\"item\":\"https:\/\/fcspartaktrnava.com\/\"},{\"@type\":\"ListItem\",\"position\":2,\"name\":\"S\u00fastredenie na vysokej \u00farovni, Daniel s Oforim mimo hry\"}]},{\"@type\":\"WebSite\",\"@id\":\"https:\/\/fcspartaktrnava.com\/#website\",\"url\":\"https:\/\/fcspartaktrnava.com\/\",\"name\":\"FC Spartak Trnava\",\"description\":\"ofici\u00e1lna webstr\u00e1nka futbalov\u00e9ho klubu\",\"publisher\":{\"@id\":\"https:\/\/fcspartaktrnava.com\/#organization\"},\"potentialAction\":[{\"@type\":\"SearchAction\",\"target\":{\"@type\":\"EntryPoint\",\"urlTemplate\":\"https:\/\/fcspartaktrnava.com\/?s={search_term_string}\"},\"query-input\":{\"@type\":\"PropertyValueSpecification\",\"valueRequired\":true,\"valueName\":\"search_term_string\"}}],\"inLanguage\":\"en-GB\"},{\"@type\":\"Organization\",\"@id\":\"https:\/\/fcspartaktrnava.com\/#organization\",\"name\":\"FC Spartak Trnava\",\"alternateName\":\"Spartak\",\"url\":\"https:\/\/fcspartaktrnava.com\/\",\"logo\":{\"@type\":\"ImageObject\",\"inLanguage\":\"en-GB\",\"@id\":\"https:\/\/fcspartaktrnava.com\/#\/schema\/logo\/image\/\",\"url\":\"https:\/\/fcspartaktrnava.com\/wp-content\/uploads\/2022\/08\/cropped-site_logo.png\",\"contentUrl\":\"https:\/\/fcspartaktrnava.com\/wp-content\/uploads\/2022\/08\/cropped-site_logo.png\",\"width\":140,\"height\":140,\"caption\":\"FC Spartak Trnava\"},\"image\":{\"@id\":\"https:\/\/fcspartaktrnava.com\/#\/schema\/logo\/image\/\"},\"sameAs\":[\"https:\/\/www.facebook.com\/SpartakTrnava\",\"https:\/\/x.com\/SpartakTrnava1\",\"https:\/\/www.instagram.com\/spartak_sk\/\"]},{\"@type\":\"Person\",\"@id\":\"https:\/\/fcspartaktrnava.com\/#\/schema\/person\/62c3c2562c3c56e4c0c8c2342c596ac0\",\"name\":\"Samuel \u010eurinsk\u00fd\",\"image\":{\"@type\":\"ImageObject\",\"inLanguage\":\"en-GB\",\"@id\":\"https:\/\/fcspartaktrnava.com\/#\/schema\/person\/image\/\",\"url\":\"https:\/\/secure.gravatar.com\/avatar\/af2fa02af92418b86ed742470664fe40056833fb68d84becf03f6ab02319257c?s=96&d=mm&r=g\",\"contentUrl\":\"https:\/\/secure.gravatar.com\/avatar\/af2fa02af92418b86ed742470664fe40056833fb68d84becf03f6ab02319257c?s=96&d=mm&r=g\",\"caption\":\"Samuel \u010eurinsk\u00fd\"},\"url\":\"https:\/\/fcspartaktrnava.com\/en\/author\/fcst-samuel\/\"}]}<\/script>\n<!-- \/ Yoast SEO plugin. -->","yoast_head_json":{"title":"S\u00fastredenie na vysokej \u00farovni, Daniel s Oforim mimo hry - FC Spartak Trnava","robots":{"index":"index","follow":"follow","max-snippet":"max-snippet:-1","max-image-preview":"max-image-preview:large","max-video-preview":"max-video-preview:-1"},"canonical":"https:\/\/fcspartaktrnava.com\/en\/sustredenie-na-vysokej-urovni-daniel-s-oforim-mimo-hry\/","twitter_misc":{"Written by":"Samuel \u010eurinsk\u00fd","Estimated reading time":"2 minutes"},"schema":{"@context":"https:\/\/schema.org","@graph":[{"@type":"Article","@id":"https:\/\/fcspartaktrnava.com\/sustredenie-na-vysokej-urovni-daniel-s-oforim-mimo-hry\/#article","isPartOf":{"@id":"https:\/\/fcspartaktrnava.com\/sustredenie-na-vysokej-urovni-daniel-s-oforim-mimo-hry\/"},"author":{"name":"Samuel \u010eurinsk\u00fd","@id":"https:\/\/fcspartaktrnava.com\/#\/schema\/person\/62c3c2562c3c56e4c0c8c2342c596ac0"},"headline":"S\u00fastredenie na vysokej \u00farovni, Daniel s Oforim mimo hry","datePublished":"2024-06-28T17:52:07+00:00","dateModified":"2024-06-28T17:54:43+00:00","mainEntityOfPage":{"@id":"https:\/\/fcspartaktrnava.com\/sustredenie-na-vysokej-urovni-daniel-s-oforim-mimo-hry\/"},"wordCount":334,"publisher":{"@id":"https:\/\/fcspartaktrnava.com\/#organization"},"image":{"@id":"https:\/\/fcspartaktrnava.com\/sustredenie-na-vysokej-urovni-daniel-s-oforim-mimo-hry\/#primaryimage"},"thumbnailUrl":"https:\/\/fcspartaktrnava.com\/wp-content\/uploads\/2024\/06\/DSC_1139-scaled.jpg","articleSection":["preview","Z\u00e1pas"],"inLanguage":"en-GB"},{"@type":"WebPage","@id":"https:\/\/fcspartaktrnava.com\/sustredenie-na-vysokej-urovni-daniel-s-oforim-mimo-hry\/","url":"https:\/\/fcspartaktrnava.com\/sustredenie-na-vysokej-urovni-daniel-s-oforim-mimo-hry\/","name":"S\u00fastredenie na vysokej \u00farovni, Daniel s Oforim mimo hry - FC Spartak Trnava","isPartOf":{"@id":"https:\/\/fcspartaktrnava.com\/#website"},"primaryImageOfPage":{"@id":"https:\/\/fcspartaktrnava.com\/sustredenie-na-vysokej-urovni-daniel-s-oforim-mimo-hry\/#primaryimage"},"image":{"@id":"https:\/\/fcspartaktrnava.com\/sustredenie-na-vysokej-urovni-daniel-s-oforim-mimo-hry\/#primaryimage"},"thumbnailUrl":"https:\/\/fcspartaktrnava.com\/wp-content\/uploads\/2024\/06\/DSC_1139-scaled.jpg","datePublished":"2024-06-28T17:52:07+00:00","dateModified":"2024-06-28T17:54:43+00:00","breadcrumb":{"@id":"https:\/\/fcspartaktrnava.com\/sustredenie-na-vysokej-urovni-daniel-s-oforim-mimo-hry\/#breadcrumb"},"inLanguage":"en-GB","potentialAction":[{"@type":"ReadAction","target":["https:\/\/fcspartaktrnava.com\/sustredenie-na-vysokej-urovni-daniel-s-oforim-mimo-hry\/"]}]},{"@type":"ImageObject","inLanguage":"en-GB","@id":"https:\/\/fcspartaktrnava.com\/sustredenie-na-vysokej-urovni-daniel-s-oforim-mimo-hry\/#primaryimage","url":"https:\/\/fcspartaktrnava.com\/wp-content\/uploads\/2024\/06\/DSC_1139-scaled.jpg","contentUrl":"https:\/\/fcspartaktrnava.com\/wp-content\/uploads\/2024\/06\/DSC_1139-scaled.jpg","width":2560,"height":1706},{"@type":"BreadcrumbList","@id":"https:\/\/fcspartaktrnava.com\/sustredenie-na-vysokej-urovni-daniel-s-oforim-mimo-hry\/#breadcrumb","itemListElement":[{"@type":"ListItem","position":1,"name":"Home","item":"https:\/\/fcspartaktrnava.com\/"},{"@type":"ListItem","position":2,"name":"S\u00fastredenie na vysokej \u00farovni, Daniel s Oforim mimo hry"}]},{"@type":"WebSite","@id":"https:\/\/fcspartaktrnava.com\/#website","url":"https:\/\/fcspartaktrnava.com\/","name":"FC Spartak Trnava","description":"ofici\u00e1lna webstr\u00e1nka futbalov\u00e9ho klubu","publisher":{"@id":"https:\/\/fcspartaktrnava.com\/#organization"},"potentialAction":[{"@type":"SearchAction","target":{"@type":"EntryPoint","urlTemplate":"https:\/\/fcspartaktrnava.com\/?s={search_term_string}"},"query-input":{"@type":"PropertyValueSpecification","valueRequired":true,"valueName":"search_term_string"}}],"inLanguage":"en-GB"},{"@type":"Organization","@id":"https:\/\/fcspartaktrnava.com\/#organization","name":"FC Spartak Trnava","alternateName":"Spartak","url":"https:\/\/fcspartaktrnava.com\/","logo":{"@type":"ImageObject","inLanguage":"en-GB","@id":"https:\/\/fcspartaktrnava.com\/#\/schema\/logo\/image\/","url":"https:\/\/fcspartaktrnava.com\/wp-content\/uploads\/2022\/08\/cropped-site_logo.png","contentUrl":"https:\/\/fcspartaktrnava.com\/wp-content\/uploads\/2022\/08\/cropped-site_logo.png","width":140,"height":140,"caption":"FC Spartak Trnava"},"image":{"@id":"https:\/\/fcspartaktrnava.com\/#\/schema\/logo\/image\/"},"sameAs":["https:\/\/www.facebook.com\/SpartakTrnava","https:\/\/x.com\/SpartakTrnava1","https:\/\/www.instagram.com\/spartak_sk\/"]},{"@type":"Person","@id":"https:\/\/fcspartaktrnava.com\/#\/schema\/person\/62c3c2562c3c56e4c0c8c2342c596ac0","name":"Samuel \u010eurinsk\u00fd","image":{"@type":"ImageObject","inLanguage":"en-GB","@id":"https:\/\/fcspartaktrnava.com\/#\/schema\/person\/image\/","url":"https:\/\/secure.gravatar.com\/avatar\/af2fa02af92418b86ed742470664fe40056833fb68d84becf03f6ab02319257c?s=96&d=mm&r=g","contentUrl":"https:\/\/secure.gravatar.com\/avatar\/af2fa02af92418b86ed742470664fe40056833fb68d84becf03f6ab02319257c?s=96&d=mm&r=g","caption":"Samuel \u010eurinsk\u00fd"},"url":"https:\/\/fcspartaktrnava.com\/en\/author\/fcst-samuel\/"}]}},"_links":{"self":[{"href":"https:\/\/fcspartaktrnava.com\/en\/wp-json\/wp\/v2\/posts\/18589","targetHints":{"allow":["GET"]}}],"collection":[{"href":"https:\/\/fcspartaktrnava.com\/en\/wp-json\/wp\/v2\/posts"}],"about":[{"href":"https:\/\/fcspartaktrnava.com\/en\/wp-json\/wp\/v2\/types\/post"}],"author":[{"embeddable":true,"href":"https:\/\/fcspartaktrnava.com\/en\/wp-json\/wp\/v2\/users\/5"}],"replies":[{"embeddable":true,"href":"https:\/\/fcspartaktrnava.com\/en\/wp-json\/wp\/v2\/comments?post=18589"}],"version-history":[{"count":0,"href":"https:\/\/fcspartaktrnava.com\/en\/wp-json\/wp\/v2\/posts\/18589\/revisions"}],"wp:featuredmedia":[{"embeddable":true,"href":"https:\/\/fcspartaktrnava.com\/en\/wp-json\/wp\/v2\/media\/18590"}],"wp:attachment":[{"href":"https:\/\/fcspartaktrnava.com\/en\/wp-json\/wp\/v2\/media?parent=18589"}],"wp:term":[{"taxonomy":"category","embeddable":true,"href":"https:\/\/fcspartaktrnava.com\/en\/wp-json\/wp\/v2\/categories?post=18589"},{"taxonomy":"post_tag","embeddable":true,"href":"https:\/\/fcspartaktrnava.com\/en\/wp-json\/wp\/v2\/tags?post=18589"}],"curies":[{"name":"wp","href":"https:\/\/api.w.org\/{rel}","templated":true}]}}