{"id":18587,"date":"2024-06-28T14:03:51","date_gmt":"2024-06-28T12:03:51","guid":{"rendered":"https:\/\/fcspartaktrnava.com\/?p=18587"},"modified":"2024-06-28T14:03:52","modified_gmt":"2024-06-28T12:03:52","slug":"spokojnost-so-sustredenim-stetina-vidi-v-mladikoch-potencial","status":"publish","type":"post","link":"https:\/\/fcspartaktrnava.com\/en\/spokojnost-so-sustredenim-stetina-vidi-v-mladikoch-potencial\/","title":{"rendered":"Spokojnos\u0165 so s\u00fastreden\u00edm, \u0160tetina vid\u00ed v mlad\u00edkoch potenci\u00e1l"},"content":{"rendered":"<p class=\"has-vivid-red-color has-text-color has-link-color has-medium-font-size wp-elements-07e8d15c1146c12f3094b638e322ea46\"><strong><em>Spartakovci sa aktu\u00e1lne nach\u00e1dzaj\u00fa na letnom s\u00fastreden\u00ed v Slovinsku, ktor\u00e9 vyvrchol\u00ed zajtraj\u0161\u00edm z\u00e1pasom proti NK Bravo. Podmienky si hr\u00e1\u010di pochva\u013euj\u00fa, are\u00e1l hotela v \u010cate\u017ei im pon\u00faka v\u0161etko potrebn\u00e9 na tr\u00e9ning a regener\u00e1ciu.<\/em><\/strong><\/p>\n\n\n\n<p><strong><em>,,S\u00fastredenie hodnot\u00edm kladne, preto\u017ee sme tu na\u0161li v\u0161etko, \u010do sme h\u013eadali. Ve\u013ekou v\u00fdhodou pre m\u0148a je, \u017ee tr\u00e9ningov\u00e9 ihrisko m\u00e1me hne\u010f pri hoteli a nemus\u00edme na tr\u00e9ningy doch\u00e1dza\u0165 autobusom,&#8220;<\/em><\/strong> hodnot\u00ed pobyt kladne Luk\u00e1\u0161 \u0160tetina.<\/p>\n\n\n\n<p>Prv\u00fd z\u00e1pas na s\u00fastreden\u00ed spartakovcom nevy\u0161iel, s Mariborom prehrali g\u00f3lom z poslednej sekundy tesne 1:2 : <strong><em>,,Bol to z\u00e1pas o tom, aby sme si vysk\u00fa\u0161ali nejak\u00e9 veci a zapracovali nov\u00fdch chalanov do t\u00edmu. Ideme postupne, nov\u00ed hr\u00e1\u010di postupne naberaj\u00fa inform\u00e1cie od tr\u00e9nerov a od n\u00e1s, sk\u00fasenej\u0161\u00edch hr\u00e1\u010dov.&#8220;<\/em><\/strong><\/p>\n\n\n\n<p>Popri tr\u00e9ningoch a regener\u00e1cii si n\u00e1jdu \u010das aj na in\u00e9 vo\u013eno\u010dasov\u00e9 aktivity: <strong><em>,,Ke\u010f zrovna netr\u00e9nujeme, ideme si sadn\u00fa\u0165 na k\u00e1vu, niektor\u00ed chalani id\u00fa vo vo\u013enom \u010dase e\u0161te do posilky, ja si r\u00e1d zacvi\u010d\u00edm na izbe. Chalani chodia na chodbu hr\u00e1va\u0165 \u010clove\u010de, tak sa k n\u00edm ob\u010das prid\u00e1m a kec\u00e1me spolu.&#8220;<\/em><\/strong><\/p>\n\n\n\n<p>S mu\u017estvom sa pripravuje aj viacero mlad\u00fdch hr\u00e1\u010dov, \u010di u\u017e ide o chalanov z U17 (Trello, Bukovsk\u00fd, Daniel, Turansk\u00fd) alebo o Nicolasa Kureja, ktor\u00fd minul\u00fa sez\u00f3nu str\u00e1vil v Mal\u017eeniciach: <strong><em>,,Z m\u00f4jho poh\u013eadu s\u00fa to \u0161ikovn\u00ed chalani, preto s\u00fa aj tu. Je len ot\u00e1zka \u010dasu, \u010di u\u017e o rok, dva, tri, kedy sa k n\u00e1m pripoja na trvalo, no potenci\u00e1l je v nich vidie\u0165 u\u017e na za\u010diatku.&#8220;<\/em><\/strong><\/p>\n\n\n\n<p>Cel\u00fd rozhovor s Luk\u00e1\u0161om \u0160tetinom n\u00e1jdete na na\u0161om YouTube:<\/p>\n\n\n\n<figure class=\"wp-block-embed is-type-video is-provider-youtube wp-block-embed-youtube wp-embed-aspect-16-9 wp-has-aspect-ratio\"><div class=\"wp-block-embed__wrapper\">\n<iframe loading=\"lazy\" title=\"Luk\u00e1\u0161 \u0160tetina o s\u00fastreden\u00ed v Slovinsku\" width=\"500\" height=\"281\" src=\"https:\/\/www.youtube.com\/embed\/GpZ_0xcU9cU?feature=oembed\" frameborder=\"0\" allow=\"accelerometer; autoplay; clipboard-write; encrypted-media; gyroscope; picture-in-picture; web-share\" referrerpolicy=\"strict-origin-when-cross-origin\" allowfullscreen><\/iframe>\n<\/div><\/figure>\n\n\n\n<p>S podmienkami v Slovinsku je spokojn\u00fd aj brank\u00e1r Martin Vantruba: <strong><em>,,Na\u0161li sme tu v\u00fdborn\u00e9 podmienky na tr\u00e9ning aj regener\u00e1ciu. Sme tu u\u017e 9. de\u0148 a ubehlo mi to ako voda, \u010do asi bude znakom toho, \u017ee sa tu c\u00edtime dobre.&#8220;<\/em><\/strong><\/p>\n\n\n\n<p>Futbalu s\u00edce maj\u00fa na tr\u00e9ningoch viac ne\u017e dos\u0165, vo vo\u013enom \u010dase v\u0161ak nesmie ch\u00fdba\u0165 ani sledovanie pr\u00e1ve prebiehaj\u00facich Majstrovstiev Eur\u00f3py: <strong><em>,,Je to fajn, tak\u00e9 spestrenie. Po ve\u010deroch z\u00e1pasy EURA pozorne sledujeme.&#8220;<\/em><\/strong><\/p>\n\n\n\n<p>V prvom z\u00e1pase proti NK Maribor odchytal Vantruba prv\u00fd pol\u010das, v pol\u010dasovej prest\u00e1vke ho vymenil Dobrivoj Rusov. Z prehry si v\u0161ak \u0165a\u017ek\u00fa hlavu nerob\u00ed: <strong><em>,,V\u00fdsledok hovor\u00ed v n\u00e1\u0161 neprospech, no o v\u00fdsledky v pr\u00edprave nejde. Chalani si zamakali, odohrali kvalitn\u00fdch 90 min\u00fat proti dobr\u00e9mu s\u00faperovi a mysl\u00edm, \u017ee aj splnili taktick\u00e9 pokyny, ktor\u00e9 od nich tr\u00e9neri chceli.&#8220;<\/em><\/strong><\/p>\n\n\n\n<p>Cel\u00e9 interview s Martinom Vantrubom o s\u00fastreden\u00ed n\u00e1jdete na na\u0161om YouTube:<\/p>\n\n\n\n<figure class=\"wp-block-embed is-type-video is-provider-youtube wp-block-embed-youtube wp-embed-aspect-16-9 wp-has-aspect-ratio\"><div class=\"wp-block-embed__wrapper\">\n<iframe loading=\"lazy\" title=\"Martin Vantruba o s\u00fastreden\u00ed v Slovinsku\" width=\"500\" height=\"281\" src=\"https:\/\/www.youtube.com\/embed\/gBmocJphNIM?feature=oembed\" frameborder=\"0\" allow=\"accelerometer; autoplay; clipboard-write; encrypted-media; gyroscope; picture-in-picture; web-share\" referrerpolicy=\"strict-origin-when-cross-origin\" allowfullscreen><\/iframe>\n<\/div><\/figure>\n\n\n\n<p>Posledn\u00fd z\u00e1pas na s\u00fastreden\u00ed \u010dak\u00e1 spartakovcov u\u017e zajtra 29.6. v rann\u00fdch hodin\u00e1ch proti NK Bravo.<\/p>","protected":false},"excerpt":{"rendered":"<p>Spartakovci sa aktu\u00e1lne nach\u00e1dzaj\u00fa na letnom s\u00fastreden\u00ed v&#8230;<\/p>","protected":false},"author":5,"featured_media":18588,"comment_status":"closed","ping_status":"closed","sticky":false,"template":"","format":"standard","meta":{"footnotes":""},"categories":[12],"tags":[],"class_list":["post-18587","post","type-post","status-publish","format-standard","has-post-thumbnail","hentry","category-spravy","post-number-1"],"yoast_head":"<!-- This site is optimized with the Yoast SEO plugin v27.1.1 - https:\/\/yoast.com\/product\/yoast-seo-wordpress\/ -->\n<title>Spokojnos\u0165 so s\u00fastreden\u00edm, \u0160tetina vid\u00ed v mlad\u00edkoch potenci\u00e1l - FC Spartak Trnava<\/title>\n<meta name=\"robots\" content=\"index, follow, max-snippet:-1, max-image-preview:large, max-video-preview:-1\" \/>\n<link rel=\"canonical\" href=\"https:\/\/fcspartaktrnava.com\/en\/spokojnost-so-sustredenim-stetina-vidi-v-mladikoch-potencial\/\" \/>\n<meta name=\"twitter:label1\" content=\"Written by\" \/>\n\t<meta name=\"twitter:data1\" content=\"Samuel \u010eurinsk\u00fd\" \/>\n\t<meta name=\"twitter:label2\" content=\"Estimated reading time\" \/>\n\t<meta name=\"twitter:data2\" content=\"3 minutes\" \/>\n<script type=\"application\/ld+json\" class=\"yoast-schema-graph\">{\"@context\":\"https:\/\/schema.org\",\"@graph\":[{\"@type\":\"Article\",\"@id\":\"https:\/\/fcspartaktrnava.com\/spokojnost-so-sustredenim-stetina-vidi-v-mladikoch-potencial\/#article\",\"isPartOf\":{\"@id\":\"https:\/\/fcspartaktrnava.com\/spokojnost-so-sustredenim-stetina-vidi-v-mladikoch-potencial\/\"},\"author\":{\"name\":\"Samuel \u010eurinsk\u00fd\",\"@id\":\"https:\/\/fcspartaktrnava.com\/#\/schema\/person\/62c3c2562c3c56e4c0c8c2342c596ac0\"},\"headline\":\"Spokojnos\u0165 so s\u00fastreden\u00edm, \u0160tetina vid\u00ed v mlad\u00edkoch potenci\u00e1l\",\"datePublished\":\"2024-06-28T12:03:51+00:00\",\"dateModified\":\"2024-06-28T12:03:52+00:00\",\"mainEntityOfPage\":{\"@id\":\"https:\/\/fcspartaktrnava.com\/spokojnost-so-sustredenim-stetina-vidi-v-mladikoch-potencial\/\"},\"wordCount\":524,\"publisher\":{\"@id\":\"https:\/\/fcspartaktrnava.com\/#organization\"},\"image\":{\"@id\":\"https:\/\/fcspartaktrnava.com\/spokojnost-so-sustredenim-stetina-vidi-v-mladikoch-potencial\/#primaryimage\"},\"thumbnailUrl\":\"https:\/\/fcspartaktrnava.com\/wp-content\/uploads\/2024\/06\/DSC_9475-1-scaled.jpg\",\"articleSection\":[\"Spr\u00e1vy\"],\"inLanguage\":\"en-GB\"},{\"@type\":\"WebPage\",\"@id\":\"https:\/\/fcspartaktrnava.com\/spokojnost-so-sustredenim-stetina-vidi-v-mladikoch-potencial\/\",\"url\":\"https:\/\/fcspartaktrnava.com\/spokojnost-so-sustredenim-stetina-vidi-v-mladikoch-potencial\/\",\"name\":\"Spokojnos\u0165 so s\u00fastreden\u00edm, \u0160tetina vid\u00ed v mlad\u00edkoch potenci\u00e1l - FC Spartak Trnava\",\"isPartOf\":{\"@id\":\"https:\/\/fcspartaktrnava.com\/#website\"},\"primaryImageOfPage\":{\"@id\":\"https:\/\/fcspartaktrnava.com\/spokojnost-so-sustredenim-stetina-vidi-v-mladikoch-potencial\/#primaryimage\"},\"image\":{\"@id\":\"https:\/\/fcspartaktrnava.com\/spokojnost-so-sustredenim-stetina-vidi-v-mladikoch-potencial\/#primaryimage\"},\"thumbnailUrl\":\"https:\/\/fcspartaktrnava.com\/wp-content\/uploads\/2024\/06\/DSC_9475-1-scaled.jpg\",\"datePublished\":\"2024-06-28T12:03:51+00:00\",\"dateModified\":\"2024-06-28T12:03:52+00:00\",\"breadcrumb\":{\"@id\":\"https:\/\/fcspartaktrnava.com\/spokojnost-so-sustredenim-stetina-vidi-v-mladikoch-potencial\/#breadcrumb\"},\"inLanguage\":\"en-GB\",\"potentialAction\":[{\"@type\":\"ReadAction\",\"target\":[\"https:\/\/fcspartaktrnava.com\/spokojnost-so-sustredenim-stetina-vidi-v-mladikoch-potencial\/\"]}]},{\"@type\":\"ImageObject\",\"inLanguage\":\"en-GB\",\"@id\":\"https:\/\/fcspartaktrnava.com\/spokojnost-so-sustredenim-stetina-vidi-v-mladikoch-potencial\/#primaryimage\",\"url\":\"https:\/\/fcspartaktrnava.com\/wp-content\/uploads\/2024\/06\/DSC_9475-1-scaled.jpg\",\"contentUrl\":\"https:\/\/fcspartaktrnava.com\/wp-content\/uploads\/2024\/06\/DSC_9475-1-scaled.jpg\",\"width\":2560,\"height\":1706},{\"@type\":\"BreadcrumbList\",\"@id\":\"https:\/\/fcspartaktrnava.com\/spokojnost-so-sustredenim-stetina-vidi-v-mladikoch-potencial\/#breadcrumb\",\"itemListElement\":[{\"@type\":\"ListItem\",\"position\":1,\"name\":\"Home\",\"item\":\"https:\/\/fcspartaktrnava.com\/\"},{\"@type\":\"ListItem\",\"position\":2,\"name\":\"Spokojnos\u0165 so s\u00fastreden\u00edm, \u0160tetina vid\u00ed v mlad\u00edkoch potenci\u00e1l\"}]},{\"@type\":\"WebSite\",\"@id\":\"https:\/\/fcspartaktrnava.com\/#website\",\"url\":\"https:\/\/fcspartaktrnava.com\/\",\"name\":\"FC Spartak Trnava\",\"description\":\"ofici\u00e1lna webstr\u00e1nka futbalov\u00e9ho klubu\",\"publisher\":{\"@id\":\"https:\/\/fcspartaktrnava.com\/#organization\"},\"potentialAction\":[{\"@type\":\"SearchAction\",\"target\":{\"@type\":\"EntryPoint\",\"urlTemplate\":\"https:\/\/fcspartaktrnava.com\/?s={search_term_string}\"},\"query-input\":{\"@type\":\"PropertyValueSpecification\",\"valueRequired\":true,\"valueName\":\"search_term_string\"}}],\"inLanguage\":\"en-GB\"},{\"@type\":\"Organization\",\"@id\":\"https:\/\/fcspartaktrnava.com\/#organization\",\"name\":\"FC Spartak Trnava\",\"alternateName\":\"Spartak\",\"url\":\"https:\/\/fcspartaktrnava.com\/\",\"logo\":{\"@type\":\"ImageObject\",\"inLanguage\":\"en-GB\",\"@id\":\"https:\/\/fcspartaktrnava.com\/#\/schema\/logo\/image\/\",\"url\":\"https:\/\/fcspartaktrnava.com\/wp-content\/uploads\/2022\/08\/cropped-site_logo.png\",\"contentUrl\":\"https:\/\/fcspartaktrnava.com\/wp-content\/uploads\/2022\/08\/cropped-site_logo.png\",\"width\":140,\"height\":140,\"caption\":\"FC Spartak Trnava\"},\"image\":{\"@id\":\"https:\/\/fcspartaktrnava.com\/#\/schema\/logo\/image\/\"},\"sameAs\":[\"https:\/\/www.facebook.com\/SpartakTrnava\",\"https:\/\/x.com\/SpartakTrnava1\",\"https:\/\/www.instagram.com\/spartak_sk\/\"]},{\"@type\":\"Person\",\"@id\":\"https:\/\/fcspartaktrnava.com\/#\/schema\/person\/62c3c2562c3c56e4c0c8c2342c596ac0\",\"name\":\"Samuel \u010eurinsk\u00fd\",\"image\":{\"@type\":\"ImageObject\",\"inLanguage\":\"en-GB\",\"@id\":\"https:\/\/fcspartaktrnava.com\/#\/schema\/person\/image\/\",\"url\":\"https:\/\/secure.gravatar.com\/avatar\/af2fa02af92418b86ed742470664fe40056833fb68d84becf03f6ab02319257c?s=96&d=mm&r=g\",\"contentUrl\":\"https:\/\/secure.gravatar.com\/avatar\/af2fa02af92418b86ed742470664fe40056833fb68d84becf03f6ab02319257c?s=96&d=mm&r=g\",\"caption\":\"Samuel \u010eurinsk\u00fd\"},\"url\":\"https:\/\/fcspartaktrnava.com\/en\/author\/fcst-samuel\/\"}]}<\/script>\n<!-- \/ Yoast SEO plugin. -->","yoast_head_json":{"title":"Spokojnos\u0165 so s\u00fastreden\u00edm, \u0160tetina vid\u00ed v mlad\u00edkoch potenci\u00e1l - FC Spartak Trnava","robots":{"index":"index","follow":"follow","max-snippet":"max-snippet:-1","max-image-preview":"max-image-preview:large","max-video-preview":"max-video-preview:-1"},"canonical":"https:\/\/fcspartaktrnava.com\/en\/spokojnost-so-sustredenim-stetina-vidi-v-mladikoch-potencial\/","twitter_misc":{"Written by":"Samuel \u010eurinsk\u00fd","Estimated reading time":"3 minutes"},"schema":{"@context":"https:\/\/schema.org","@graph":[{"@type":"Article","@id":"https:\/\/fcspartaktrnava.com\/spokojnost-so-sustredenim-stetina-vidi-v-mladikoch-potencial\/#article","isPartOf":{"@id":"https:\/\/fcspartaktrnava.com\/spokojnost-so-sustredenim-stetina-vidi-v-mladikoch-potencial\/"},"author":{"name":"Samuel \u010eurinsk\u00fd","@id":"https:\/\/fcspartaktrnava.com\/#\/schema\/person\/62c3c2562c3c56e4c0c8c2342c596ac0"},"headline":"Spokojnos\u0165 so s\u00fastreden\u00edm, \u0160tetina vid\u00ed v mlad\u00edkoch potenci\u00e1l","datePublished":"2024-06-28T12:03:51+00:00","dateModified":"2024-06-28T12:03:52+00:00","mainEntityOfPage":{"@id":"https:\/\/fcspartaktrnava.com\/spokojnost-so-sustredenim-stetina-vidi-v-mladikoch-potencial\/"},"wordCount":524,"publisher":{"@id":"https:\/\/fcspartaktrnava.com\/#organization"},"image":{"@id":"https:\/\/fcspartaktrnava.com\/spokojnost-so-sustredenim-stetina-vidi-v-mladikoch-potencial\/#primaryimage"},"thumbnailUrl":"https:\/\/fcspartaktrnava.com\/wp-content\/uploads\/2024\/06\/DSC_9475-1-scaled.jpg","articleSection":["Spr\u00e1vy"],"inLanguage":"en-GB"},{"@type":"WebPage","@id":"https:\/\/fcspartaktrnava.com\/spokojnost-so-sustredenim-stetina-vidi-v-mladikoch-potencial\/","url":"https:\/\/fcspartaktrnava.com\/spokojnost-so-sustredenim-stetina-vidi-v-mladikoch-potencial\/","name":"Spokojnos\u0165 so s\u00fastreden\u00edm, \u0160tetina vid\u00ed v mlad\u00edkoch potenci\u00e1l - FC Spartak Trnava","isPartOf":{"@id":"https:\/\/fcspartaktrnava.com\/#website"},"primaryImageOfPage":{"@id":"https:\/\/fcspartaktrnava.com\/spokojnost-so-sustredenim-stetina-vidi-v-mladikoch-potencial\/#primaryimage"},"image":{"@id":"https:\/\/fcspartaktrnava.com\/spokojnost-so-sustredenim-stetina-vidi-v-mladikoch-potencial\/#primaryimage"},"thumbnailUrl":"https:\/\/fcspartaktrnava.com\/wp-content\/uploads\/2024\/06\/DSC_9475-1-scaled.jpg","datePublished":"2024-06-28T12:03:51+00:00","dateModified":"2024-06-28T12:03:52+00:00","breadcrumb":{"@id":"https:\/\/fcspartaktrnava.com\/spokojnost-so-sustredenim-stetina-vidi-v-mladikoch-potencial\/#breadcrumb"},"inLanguage":"en-GB","potentialAction":[{"@type":"ReadAction","target":["https:\/\/fcspartaktrnava.com\/spokojnost-so-sustredenim-stetina-vidi-v-mladikoch-potencial\/"]}]},{"@type":"ImageObject","inLanguage":"en-GB","@id":"https:\/\/fcspartaktrnava.com\/spokojnost-so-sustredenim-stetina-vidi-v-mladikoch-potencial\/#primaryimage","url":"https:\/\/fcspartaktrnava.com\/wp-content\/uploads\/2024\/06\/DSC_9475-1-scaled.jpg","contentUrl":"https:\/\/fcspartaktrnava.com\/wp-content\/uploads\/2024\/06\/DSC_9475-1-scaled.jpg","width":2560,"height":1706},{"@type":"BreadcrumbList","@id":"https:\/\/fcspartaktrnava.com\/spokojnost-so-sustredenim-stetina-vidi-v-mladikoch-potencial\/#breadcrumb","itemListElement":[{"@type":"ListItem","position":1,"name":"Home","item":"https:\/\/fcspartaktrnava.com\/"},{"@type":"ListItem","position":2,"name":"Spokojnos\u0165 so s\u00fastreden\u00edm, \u0160tetina vid\u00ed v mlad\u00edkoch potenci\u00e1l"}]},{"@type":"WebSite","@id":"https:\/\/fcspartaktrnava.com\/#website","url":"https:\/\/fcspartaktrnava.com\/","name":"FC Spartak Trnava","description":"ofici\u00e1lna webstr\u00e1nka futbalov\u00e9ho klubu","publisher":{"@id":"https:\/\/fcspartaktrnava.com\/#organization"},"potentialAction":[{"@type":"SearchAction","target":{"@type":"EntryPoint","urlTemplate":"https:\/\/fcspartaktrnava.com\/?s={search_term_string}"},"query-input":{"@type":"PropertyValueSpecification","valueRequired":true,"valueName":"search_term_string"}}],"inLanguage":"en-GB"},{"@type":"Organization","@id":"https:\/\/fcspartaktrnava.com\/#organization","name":"FC Spartak Trnava","alternateName":"Spartak","url":"https:\/\/fcspartaktrnava.com\/","logo":{"@type":"ImageObject","inLanguage":"en-GB","@id":"https:\/\/fcspartaktrnava.com\/#\/schema\/logo\/image\/","url":"https:\/\/fcspartaktrnava.com\/wp-content\/uploads\/2022\/08\/cropped-site_logo.png","contentUrl":"https:\/\/fcspartaktrnava.com\/wp-content\/uploads\/2022\/08\/cropped-site_logo.png","width":140,"height":140,"caption":"FC Spartak Trnava"},"image":{"@id":"https:\/\/fcspartaktrnava.com\/#\/schema\/logo\/image\/"},"sameAs":["https:\/\/www.facebook.com\/SpartakTrnava","https:\/\/x.com\/SpartakTrnava1","https:\/\/www.instagram.com\/spartak_sk\/"]},{"@type":"Person","@id":"https:\/\/fcspartaktrnava.com\/#\/schema\/person\/62c3c2562c3c56e4c0c8c2342c596ac0","name":"Samuel \u010eurinsk\u00fd","image":{"@type":"ImageObject","inLanguage":"en-GB","@id":"https:\/\/fcspartaktrnava.com\/#\/schema\/person\/image\/","url":"https:\/\/secure.gravatar.com\/avatar\/af2fa02af92418b86ed742470664fe40056833fb68d84becf03f6ab02319257c?s=96&d=mm&r=g","contentUrl":"https:\/\/secure.gravatar.com\/avatar\/af2fa02af92418b86ed742470664fe40056833fb68d84becf03f6ab02319257c?s=96&d=mm&r=g","caption":"Samuel \u010eurinsk\u00fd"},"url":"https:\/\/fcspartaktrnava.com\/en\/author\/fcst-samuel\/"}]}},"_links":{"self":[{"href":"https:\/\/fcspartaktrnava.com\/en\/wp-json\/wp\/v2\/posts\/18587","targetHints":{"allow":["GET"]}}],"collection":[{"href":"https:\/\/fcspartaktrnava.com\/en\/wp-json\/wp\/v2\/posts"}],"about":[{"href":"https:\/\/fcspartaktrnava.com\/en\/wp-json\/wp\/v2\/types\/post"}],"author":[{"embeddable":true,"href":"https:\/\/fcspartaktrnava.com\/en\/wp-json\/wp\/v2\/users\/5"}],"replies":[{"embeddable":true,"href":"https:\/\/fcspartaktrnava.com\/en\/wp-json\/wp\/v2\/comments?post=18587"}],"version-history":[{"count":0,"href":"https:\/\/fcspartaktrnava.com\/en\/wp-json\/wp\/v2\/posts\/18587\/revisions"}],"wp:featuredmedia":[{"embeddable":true,"href":"https:\/\/fcspartaktrnava.com\/en\/wp-json\/wp\/v2\/media\/18588"}],"wp:attachment":[{"href":"https:\/\/fcspartaktrnava.com\/en\/wp-json\/wp\/v2\/media?parent=18587"}],"wp:term":[{"taxonomy":"category","embeddable":true,"href":"https:\/\/fcspartaktrnava.com\/en\/wp-json\/wp\/v2\/categories?post=18587"},{"taxonomy":"post_tag","embeddable":true,"href":"https:\/\/fcspartaktrnava.com\/en\/wp-json\/wp\/v2\/tags?post=18587"}],"curies":[{"name":"wp","href":"https:\/\/api.w.org\/{rel}","templated":true}]}}