{"id":18584,"date":"2024-06-28T11:43:32","date_gmt":"2024-06-28T09:43:32","guid":{"rendered":"https:\/\/fcspartaktrnava.com\/?p=18584"},"modified":"2024-06-28T11:43:32","modified_gmt":"2024-06-28T09:43:32","slug":"milan-corryn-najnovsou-posilou-spartaka","status":"publish","type":"post","link":"https:\/\/fcspartaktrnava.com\/en\/milan-corryn-najnovsou-posilou-spartaka\/","title":{"rendered":"Milan Corryn najnov\u0161ou posilou Spartaka"},"content":{"rendered":"<p class=\"has-vivid-red-color has-text-color has-link-color has-medium-font-size wp-elements-1c341079c794ca8a21968877da1ae840\"><em><strong>Spartak v uplynul\u00fdch d\u0148och skompletizoval prestup \u010fal\u0161ej letnej posily. Pre fan\u00fa\u0161ikov slovensk\u00e9ho futbalu p\u00f4jde mo\u017eno o zn\u00e1me meno &#8211; do Mal\u00e9ho R\u00edma prich\u00e1dza Milan Corryn.\u00a0<\/strong><\/em><strong><em>25-ro\u010dn\u00fd ofenz\u00edvny z\u00e1lo\u017en\u00edk p\u00f4sobil v minulosti aj v tren\u010dianskom AS. V najvy\u0161\u0161ej slovenskej s\u00fa\u0165a\u017ei odohral cez 60 z\u00e1pasov. Do Trnavy prich\u00e1dza z holandskej Eredivisie, kde naposledy obliekal dres Almere City FC.<\/em><\/strong> <strong><em>S klubom podp\u00edsal 2-ro\u010dn\u00fd kontrakt.<\/em><\/strong><\/p>\n\n\n\n<p><strong><em>,,Klub u\u017e som d\u00e1vno poznal, ke\u010f\u017ee som predt\u00fdm na Slovensku hr\u00e1val. Viem, ak\u00fd je Spartak ve\u013ek\u00fd klub a ak\u00fa ma hist\u00f3riu a z\u00e1ujem z ich strany ma pote\u0161il,&#8220;<\/em><\/strong> okomentoval svoj pr\u00edchod Corryn.<\/p>\n\n\n\n<p>V Tren\u010d\u00edne hr\u00e1val aj so svojim teraj\u0161\u00edm spoluhr\u00e1\u010dom Martinom \u0160ulekom: ,,<strong><em>S Martinom som o prestupe hovoril a u\u017e sa naozaj te\u0161\u00edm, kedy si s n\u00edm, ale aj s nov\u00fdmi spoluhr\u00e1\u010dmi zahr\u00e1m na ihrisku.&#8220;<\/em><\/strong><\/p>\n\n\n\n<p>Z predch\u00e1dzaj\u00faceho p\u00f4sobenia si pam\u00e4t\u00e1 aj na z\u00e1pasy proti Trnave: <strong><em>,,Boli to v\u017edy n\u00e1ro\u010dn\u00e9 z\u00e1pasy, Trnava m\u00e1 skvel\u00e9 mu\u017estvo a jeden z najlep\u0161\u00edch \u0161tadi\u00f3nov v lige.&#8220;<\/em><\/strong><\/p>\n\n\n\n<p>Te\u0161\u00ed sa najm\u00e4 na pln\u00e9 trib\u00fany: <strong><em>,,U\u017e sa neviem do\u010dka\u0165 kedy na \u0161tadi\u00f3ne uvid\u00edm fan\u00fa\u0161ikov. \u010cak\u00e1 n\u00e1s aj ve\u013ek\u00fd z\u00e1pas proti Aston Ville a d\u00fafam, \u017ee \u013eudia na ten \u0161tadi\u00f3n pr\u00eddu a bude dobr\u00e1 atmosf\u00e9ra.&#8220;<\/em><\/strong><\/p>\n\n\n\n<p>K jeho pr\u00edchodu sa vyjadril aj tr\u00e9ner Michal Ga\u0161par\u00edk: <strong><em>,,S Milanom sme boli v kontakte u\u017e dlh\u0161ie, ke\u010f\u017ee sme do mu\u017estva chceli doplni\u0165 typologick\u00fa 10. Jeho v\u00fdhodou je, \u017ee pozn\u00e1 na\u0161u ligu a s niektor\u00fdmi chalanmi aj hr\u00e1val. Ver\u00edm, \u017ee do mu\u017estva r\u00fdchlo zapadne a bude pr\u00ednosom aj na ihrisku.&#8220;<\/em><\/strong><\/p>\n\n\n\n<p>Cel\u00fd rozhovor s novou posilou Milanom Corrynom n\u00e1jdete na na\u0161om YouTube:<\/p>\n\n\n\n<figure class=\"wp-block-embed is-type-video is-provider-youtube wp-block-embed-youtube wp-embed-aspect-16-9 wp-has-aspect-ratio\"><div class=\"wp-block-embed__wrapper\">\n<iframe loading=\"lazy\" title=\"#Corryn2026 | Vitaj v Trnave Milan Corryn!\" width=\"500\" height=\"281\" src=\"https:\/\/www.youtube.com\/embed\/uOHChNI8l8c?feature=oembed\" frameborder=\"0\" allow=\"accelerometer; autoplay; clipboard-write; encrypted-media; gyroscope; picture-in-picture; web-share\" referrerpolicy=\"strict-origin-when-cross-origin\" allowfullscreen><\/iframe>\n<\/div><\/figure>","protected":false},"excerpt":{"rendered":"<p>Spartak v uplynul\u00fdch d\u0148och skompletizoval prestup \u010fal\u0161ej letnej&#8230;<\/p>","protected":false},"author":5,"featured_media":18586,"comment_status":"closed","ping_status":"closed","sticky":false,"template":"","format":"standard","meta":{"footnotes":""},"categories":[12],"tags":[],"class_list":["post-18584","post","type-post","status-publish","format-standard","has-post-thumbnail","hentry","category-spravy","post-number-1"],"yoast_head":"<!-- This site is optimized with the Yoast SEO plugin v27.1.1 - https:\/\/yoast.com\/product\/yoast-seo-wordpress\/ -->\n<title>Milan Corryn najnov\u0161ou posilou Spartaka - FC Spartak Trnava<\/title>\n<meta name=\"robots\" content=\"index, follow, max-snippet:-1, max-image-preview:large, max-video-preview:-1\" \/>\n<link rel=\"canonical\" href=\"https:\/\/fcspartaktrnava.com\/en\/milan-corryn-najnovsou-posilou-spartaka\/\" \/>\n<meta name=\"twitter:label1\" content=\"Written by\" \/>\n\t<meta name=\"twitter:data1\" content=\"Samuel \u010eurinsk\u00fd\" \/>\n\t<meta name=\"twitter:label2\" content=\"Estimated reading time\" \/>\n\t<meta name=\"twitter:data2\" content=\"2 minutes\" \/>\n<script type=\"application\/ld+json\" class=\"yoast-schema-graph\">{\"@context\":\"https:\/\/schema.org\",\"@graph\":[{\"@type\":\"Article\",\"@id\":\"https:\/\/fcspartaktrnava.com\/milan-corryn-najnovsou-posilou-spartaka\/#article\",\"isPartOf\":{\"@id\":\"https:\/\/fcspartaktrnava.com\/milan-corryn-najnovsou-posilou-spartaka\/\"},\"author\":{\"name\":\"Samuel \u010eurinsk\u00fd\",\"@id\":\"https:\/\/fcspartaktrnava.com\/#\/schema\/person\/62c3c2562c3c56e4c0c8c2342c596ac0\"},\"headline\":\"Milan Corryn najnov\u0161ou posilou Spartaka\",\"datePublished\":\"2024-06-28T09:43:32+00:00\",\"mainEntityOfPage\":{\"@id\":\"https:\/\/fcspartaktrnava.com\/milan-corryn-najnovsou-posilou-spartaka\/\"},\"wordCount\":345,\"publisher\":{\"@id\":\"https:\/\/fcspartaktrnava.com\/#organization\"},\"image\":{\"@id\":\"https:\/\/fcspartaktrnava.com\/milan-corryn-najnovsou-posilou-spartaka\/#primaryimage\"},\"thumbnailUrl\":\"https:\/\/fcspartaktrnava.com\/wp-content\/uploads\/2024\/06\/WEB-10.png\",\"articleSection\":[\"Spr\u00e1vy\"],\"inLanguage\":\"en-GB\"},{\"@type\":\"WebPage\",\"@id\":\"https:\/\/fcspartaktrnava.com\/milan-corryn-najnovsou-posilou-spartaka\/\",\"url\":\"https:\/\/fcspartaktrnava.com\/milan-corryn-najnovsou-posilou-spartaka\/\",\"name\":\"Milan Corryn najnov\u0161ou posilou Spartaka - FC Spartak Trnava\",\"isPartOf\":{\"@id\":\"https:\/\/fcspartaktrnava.com\/#website\"},\"primaryImageOfPage\":{\"@id\":\"https:\/\/fcspartaktrnava.com\/milan-corryn-najnovsou-posilou-spartaka\/#primaryimage\"},\"image\":{\"@id\":\"https:\/\/fcspartaktrnava.com\/milan-corryn-najnovsou-posilou-spartaka\/#primaryimage\"},\"thumbnailUrl\":\"https:\/\/fcspartaktrnava.com\/wp-content\/uploads\/2024\/06\/WEB-10.png\",\"datePublished\":\"2024-06-28T09:43:32+00:00\",\"breadcrumb\":{\"@id\":\"https:\/\/fcspartaktrnava.com\/milan-corryn-najnovsou-posilou-spartaka\/#breadcrumb\"},\"inLanguage\":\"en-GB\",\"potentialAction\":[{\"@type\":\"ReadAction\",\"target\":[\"https:\/\/fcspartaktrnava.com\/milan-corryn-najnovsou-posilou-spartaka\/\"]}]},{\"@type\":\"ImageObject\",\"inLanguage\":\"en-GB\",\"@id\":\"https:\/\/fcspartaktrnava.com\/milan-corryn-najnovsou-posilou-spartaka\/#primaryimage\",\"url\":\"https:\/\/fcspartaktrnava.com\/wp-content\/uploads\/2024\/06\/WEB-10.png\",\"contentUrl\":\"https:\/\/fcspartaktrnava.com\/wp-content\/uploads\/2024\/06\/WEB-10.png\",\"width\":1920,\"height\":1080},{\"@type\":\"BreadcrumbList\",\"@id\":\"https:\/\/fcspartaktrnava.com\/milan-corryn-najnovsou-posilou-spartaka\/#breadcrumb\",\"itemListElement\":[{\"@type\":\"ListItem\",\"position\":1,\"name\":\"Home\",\"item\":\"https:\/\/fcspartaktrnava.com\/\"},{\"@type\":\"ListItem\",\"position\":2,\"name\":\"Milan Corryn najnov\u0161ou posilou Spartaka\"}]},{\"@type\":\"WebSite\",\"@id\":\"https:\/\/fcspartaktrnava.com\/#website\",\"url\":\"https:\/\/fcspartaktrnava.com\/\",\"name\":\"FC Spartak Trnava\",\"description\":\"ofici\u00e1lna webstr\u00e1nka futbalov\u00e9ho klubu\",\"publisher\":{\"@id\":\"https:\/\/fcspartaktrnava.com\/#organization\"},\"potentialAction\":[{\"@type\":\"SearchAction\",\"target\":{\"@type\":\"EntryPoint\",\"urlTemplate\":\"https:\/\/fcspartaktrnava.com\/?s={search_term_string}\"},\"query-input\":{\"@type\":\"PropertyValueSpecification\",\"valueRequired\":true,\"valueName\":\"search_term_string\"}}],\"inLanguage\":\"en-GB\"},{\"@type\":\"Organization\",\"@id\":\"https:\/\/fcspartaktrnava.com\/#organization\",\"name\":\"FC Spartak Trnava\",\"alternateName\":\"Spartak\",\"url\":\"https:\/\/fcspartaktrnava.com\/\",\"logo\":{\"@type\":\"ImageObject\",\"inLanguage\":\"en-GB\",\"@id\":\"https:\/\/fcspartaktrnava.com\/#\/schema\/logo\/image\/\",\"url\":\"https:\/\/fcspartaktrnava.com\/wp-content\/uploads\/2022\/08\/cropped-site_logo.png\",\"contentUrl\":\"https:\/\/fcspartaktrnava.com\/wp-content\/uploads\/2022\/08\/cropped-site_logo.png\",\"width\":140,\"height\":140,\"caption\":\"FC Spartak Trnava\"},\"image\":{\"@id\":\"https:\/\/fcspartaktrnava.com\/#\/schema\/logo\/image\/\"},\"sameAs\":[\"https:\/\/www.facebook.com\/SpartakTrnava\",\"https:\/\/x.com\/SpartakTrnava1\",\"https:\/\/www.instagram.com\/spartak_sk\/\"]},{\"@type\":\"Person\",\"@id\":\"https:\/\/fcspartaktrnava.com\/#\/schema\/person\/62c3c2562c3c56e4c0c8c2342c596ac0\",\"name\":\"Samuel \u010eurinsk\u00fd\",\"image\":{\"@type\":\"ImageObject\",\"inLanguage\":\"en-GB\",\"@id\":\"https:\/\/fcspartaktrnava.com\/#\/schema\/person\/image\/\",\"url\":\"https:\/\/secure.gravatar.com\/avatar\/af2fa02af92418b86ed742470664fe40056833fb68d84becf03f6ab02319257c?s=96&d=mm&r=g\",\"contentUrl\":\"https:\/\/secure.gravatar.com\/avatar\/af2fa02af92418b86ed742470664fe40056833fb68d84becf03f6ab02319257c?s=96&d=mm&r=g\",\"caption\":\"Samuel \u010eurinsk\u00fd\"},\"url\":\"https:\/\/fcspartaktrnava.com\/en\/author\/fcst-samuel\/\"}]}<\/script>\n<!-- \/ Yoast SEO plugin. -->","yoast_head_json":{"title":"Milan Corryn najnov\u0161ou posilou Spartaka - FC Spartak Trnava","robots":{"index":"index","follow":"follow","max-snippet":"max-snippet:-1","max-image-preview":"max-image-preview:large","max-video-preview":"max-video-preview:-1"},"canonical":"https:\/\/fcspartaktrnava.com\/en\/milan-corryn-najnovsou-posilou-spartaka\/","twitter_misc":{"Written by":"Samuel \u010eurinsk\u00fd","Estimated reading time":"2 minutes"},"schema":{"@context":"https:\/\/schema.org","@graph":[{"@type":"Article","@id":"https:\/\/fcspartaktrnava.com\/milan-corryn-najnovsou-posilou-spartaka\/#article","isPartOf":{"@id":"https:\/\/fcspartaktrnava.com\/milan-corryn-najnovsou-posilou-spartaka\/"},"author":{"name":"Samuel \u010eurinsk\u00fd","@id":"https:\/\/fcspartaktrnava.com\/#\/schema\/person\/62c3c2562c3c56e4c0c8c2342c596ac0"},"headline":"Milan Corryn najnov\u0161ou posilou Spartaka","datePublished":"2024-06-28T09:43:32+00:00","mainEntityOfPage":{"@id":"https:\/\/fcspartaktrnava.com\/milan-corryn-najnovsou-posilou-spartaka\/"},"wordCount":345,"publisher":{"@id":"https:\/\/fcspartaktrnava.com\/#organization"},"image":{"@id":"https:\/\/fcspartaktrnava.com\/milan-corryn-najnovsou-posilou-spartaka\/#primaryimage"},"thumbnailUrl":"https:\/\/fcspartaktrnava.com\/wp-content\/uploads\/2024\/06\/WEB-10.png","articleSection":["Spr\u00e1vy"],"inLanguage":"en-GB"},{"@type":"WebPage","@id":"https:\/\/fcspartaktrnava.com\/milan-corryn-najnovsou-posilou-spartaka\/","url":"https:\/\/fcspartaktrnava.com\/milan-corryn-najnovsou-posilou-spartaka\/","name":"Milan Corryn najnov\u0161ou posilou Spartaka - FC Spartak Trnava","isPartOf":{"@id":"https:\/\/fcspartaktrnava.com\/#website"},"primaryImageOfPage":{"@id":"https:\/\/fcspartaktrnava.com\/milan-corryn-najnovsou-posilou-spartaka\/#primaryimage"},"image":{"@id":"https:\/\/fcspartaktrnava.com\/milan-corryn-najnovsou-posilou-spartaka\/#primaryimage"},"thumbnailUrl":"https:\/\/fcspartaktrnava.com\/wp-content\/uploads\/2024\/06\/WEB-10.png","datePublished":"2024-06-28T09:43:32+00:00","breadcrumb":{"@id":"https:\/\/fcspartaktrnava.com\/milan-corryn-najnovsou-posilou-spartaka\/#breadcrumb"},"inLanguage":"en-GB","potentialAction":[{"@type":"ReadAction","target":["https:\/\/fcspartaktrnava.com\/milan-corryn-najnovsou-posilou-spartaka\/"]}]},{"@type":"ImageObject","inLanguage":"en-GB","@id":"https:\/\/fcspartaktrnava.com\/milan-corryn-najnovsou-posilou-spartaka\/#primaryimage","url":"https:\/\/fcspartaktrnava.com\/wp-content\/uploads\/2024\/06\/WEB-10.png","contentUrl":"https:\/\/fcspartaktrnava.com\/wp-content\/uploads\/2024\/06\/WEB-10.png","width":1920,"height":1080},{"@type":"BreadcrumbList","@id":"https:\/\/fcspartaktrnava.com\/milan-corryn-najnovsou-posilou-spartaka\/#breadcrumb","itemListElement":[{"@type":"ListItem","position":1,"name":"Home","item":"https:\/\/fcspartaktrnava.com\/"},{"@type":"ListItem","position":2,"name":"Milan Corryn najnov\u0161ou posilou Spartaka"}]},{"@type":"WebSite","@id":"https:\/\/fcspartaktrnava.com\/#website","url":"https:\/\/fcspartaktrnava.com\/","name":"FC Spartak Trnava","description":"ofici\u00e1lna webstr\u00e1nka futbalov\u00e9ho klubu","publisher":{"@id":"https:\/\/fcspartaktrnava.com\/#organization"},"potentialAction":[{"@type":"SearchAction","target":{"@type":"EntryPoint","urlTemplate":"https:\/\/fcspartaktrnava.com\/?s={search_term_string}"},"query-input":{"@type":"PropertyValueSpecification","valueRequired":true,"valueName":"search_term_string"}}],"inLanguage":"en-GB"},{"@type":"Organization","@id":"https:\/\/fcspartaktrnava.com\/#organization","name":"FC Spartak Trnava","alternateName":"Spartak","url":"https:\/\/fcspartaktrnava.com\/","logo":{"@type":"ImageObject","inLanguage":"en-GB","@id":"https:\/\/fcspartaktrnava.com\/#\/schema\/logo\/image\/","url":"https:\/\/fcspartaktrnava.com\/wp-content\/uploads\/2022\/08\/cropped-site_logo.png","contentUrl":"https:\/\/fcspartaktrnava.com\/wp-content\/uploads\/2022\/08\/cropped-site_logo.png","width":140,"height":140,"caption":"FC Spartak Trnava"},"image":{"@id":"https:\/\/fcspartaktrnava.com\/#\/schema\/logo\/image\/"},"sameAs":["https:\/\/www.facebook.com\/SpartakTrnava","https:\/\/x.com\/SpartakTrnava1","https:\/\/www.instagram.com\/spartak_sk\/"]},{"@type":"Person","@id":"https:\/\/fcspartaktrnava.com\/#\/schema\/person\/62c3c2562c3c56e4c0c8c2342c596ac0","name":"Samuel \u010eurinsk\u00fd","image":{"@type":"ImageObject","inLanguage":"en-GB","@id":"https:\/\/fcspartaktrnava.com\/#\/schema\/person\/image\/","url":"https:\/\/secure.gravatar.com\/avatar\/af2fa02af92418b86ed742470664fe40056833fb68d84becf03f6ab02319257c?s=96&d=mm&r=g","contentUrl":"https:\/\/secure.gravatar.com\/avatar\/af2fa02af92418b86ed742470664fe40056833fb68d84becf03f6ab02319257c?s=96&d=mm&r=g","caption":"Samuel \u010eurinsk\u00fd"},"url":"https:\/\/fcspartaktrnava.com\/en\/author\/fcst-samuel\/"}]}},"_links":{"self":[{"href":"https:\/\/fcspartaktrnava.com\/en\/wp-json\/wp\/v2\/posts\/18584","targetHints":{"allow":["GET"]}}],"collection":[{"href":"https:\/\/fcspartaktrnava.com\/en\/wp-json\/wp\/v2\/posts"}],"about":[{"href":"https:\/\/fcspartaktrnava.com\/en\/wp-json\/wp\/v2\/types\/post"}],"author":[{"embeddable":true,"href":"https:\/\/fcspartaktrnava.com\/en\/wp-json\/wp\/v2\/users\/5"}],"replies":[{"embeddable":true,"href":"https:\/\/fcspartaktrnava.com\/en\/wp-json\/wp\/v2\/comments?post=18584"}],"version-history":[{"count":0,"href":"https:\/\/fcspartaktrnava.com\/en\/wp-json\/wp\/v2\/posts\/18584\/revisions"}],"wp:featuredmedia":[{"embeddable":true,"href":"https:\/\/fcspartaktrnava.com\/en\/wp-json\/wp\/v2\/media\/18586"}],"wp:attachment":[{"href":"https:\/\/fcspartaktrnava.com\/en\/wp-json\/wp\/v2\/media?parent=18584"}],"wp:term":[{"taxonomy":"category","embeddable":true,"href":"https:\/\/fcspartaktrnava.com\/en\/wp-json\/wp\/v2\/categories?post=18584"},{"taxonomy":"post_tag","embeddable":true,"href":"https:\/\/fcspartaktrnava.com\/en\/wp-json\/wp\/v2\/tags?post=18584"}],"curies":[{"name":"wp","href":"https:\/\/api.w.org\/{rel}","templated":true}]}}