{"id":18546,"date":"2024-06-23T17:39:48","date_gmt":"2024-06-23T15:39:48","guid":{"rendered":"https:\/\/fcspartaktrnava.com\/?p=18546"},"modified":"2024-06-23T18:43:54","modified_gmt":"2024-06-23T16:43:54","slug":"10-rokov-spartakovskych-zien","status":"publish","type":"post","link":"https:\/\/fcspartaktrnava.com\/en\/10-rokov-spartakovskych-zien\/","title":{"rendered":"10 rokov spartakovsk\u00fdch \u017eien"},"content":{"rendered":"<p class=\"has-medium-font-size\"><strong><em><mark style=\"background-color:rgba(0, 0, 0, 0)\" class=\"has-inline-color has-vivid-red-color\">O mal\u00fa chv\u00ed\u013eu (1.7.) to bude presne 10 rokov od d\u0148a, kedy \u017eensk\u00fd futbal v Trnave ofici\u00e1lne pre\u0161iel pod hlavi\u010dku FC Spartak Trnava. Na po\u010des\u0165 tohto jubilea sa na\u0161e \u017eeny na \u010dele s Vikt\u00f3riou \u010ceriovou rozhodli zorganizova\u0165 akciu pre v\u0161etky \u017eensk\u00e9 kateg\u00f3rie, od najmlad\u0161\u00edch \u017eia\u010dok, a\u017e po \u017eensk\u00fd A-t\u00edm.<\/mark><\/em><\/strong><\/p>\n\n\n\n<p class=\"has-medium-font-size\"><strong>S\u00fa\u010das\u0165ou programu bolo aj oce\u0148ovanie najlep\u0161\u00edch hr\u00e1\u010dok v ka\u017edej kateg\u00f3rii. U \u017eien si cenu pre najlep\u0161iu hr\u00e1\u010dku prebrala Michaela Marti\u0161kov\u00e1, ktor\u00e1 bola aj najlep\u0161ia strelky\u0148a.<\/strong><\/p>\n\n\n\n<p><\/p>\n\n\n\n<figure class=\"wp-block-image size-large\"><img loading=\"lazy\" decoding=\"async\" width=\"1024\" height=\"683\" src=\"https:\/\/fcspartaktrnava.com\/wp-content\/uploads\/2024\/06\/1000037885-1024x683.jpg\" alt=\"\" class=\"wp-image-18549\" srcset=\"https:\/\/fcspartaktrnava.com\/wp-content\/uploads\/2024\/06\/1000037885-1024x683.jpg 1024w, https:\/\/fcspartaktrnava.com\/wp-content\/uploads\/2024\/06\/1000037885-300x200.jpg 300w, https:\/\/fcspartaktrnava.com\/wp-content\/uploads\/2024\/06\/1000037885-768x512.jpg 768w, https:\/\/fcspartaktrnava.com\/wp-content\/uploads\/2024\/06\/1000037885-1536x1024.jpg 1536w, https:\/\/fcspartaktrnava.com\/wp-content\/uploads\/2024\/06\/1000037885-2048x1365.jpg 2048w, https:\/\/fcspartaktrnava.com\/wp-content\/uploads\/2024\/06\/1000037885-18x12.jpg 18w\" sizes=\"auto, (max-width: 1024px) 100vw, 1024px\" \/><\/figure>\n\n\n\n<p><\/p>\n\n\n\n<p><\/p>\n\n\n\n<p>V kateg\u00f3rii do 19 rokov strelila najviac g\u00f3lov Laura G\u00e1likov\u00e1, za najlep\u0161iu hr\u00e1\u010dku bola vyhl\u00e1sen\u00e1 Nat\u00e1lia Pola\u010dkov\u00e1. Cenu pre najlep\u0161iu hr\u00e1\u010dku v kateg\u00f3rii W15 z\u00edskala Ema Vej\u010d\u00edkov\u00e1, najlep\u0161ou strelky\u0148ou sa stala Pamela Tankov\u00e1.<\/p>\n\n\n\n<blockquote class=\"wp-block-quote is-layout-flow wp-block-quote-is-layout-flow\">\n<p class=\"has-large-font-size\">&#8222;<em>Ur\u010dite by som sa chcela touto cestou po\u010fakova\u0165 klubu za podporu \u017eensk\u00e9ho futbalu u\u017e cel\u00fdch 10 rokov a taktie\u017e ka\u017ed\u00e9mu jedn\u00e9mu tr\u00e9nerovi, hr\u00e1\u010dke a rodi\u010dom preto\u017ee robia v\u00fdborn\u00fa pr\u00e1cu.&#8220;<\/em><\/p>\n<cite>Vikt\u00f3ria \u010ceriov\u00e1<\/cite><\/blockquote>\n\n\n\n<p><\/p>\n\n\n\n<p>V mlad\u0161\u00edch kateg\u00f3riach sa najlep\u0161ia hr\u00e1\u010dka nevyhlasovala, zlat\u00e9 medaily za \u00fa\u010das\u0165 na tr\u00e9ningoch a reprezentovanie klubu z\u00edskali v\u0161etky hr\u00e1\u010dky.<\/p>\n\n\n\n<p>Dobr\u00e9 pocity z akcie mala aj jedna z organiz\u00e1toriek, Vikt\u00f3ria \u010ceriov\u00e1: <strong><em>,,Z m\u00f4jho poh\u013eadu podujatie dopadlo na v\u00fdborn\u00fa a pevne ver\u00edm, \u017ee si ho ka\u017ed\u00fd u\u017eil. Ur\u010dite by som sa chcela touto cestou po\u010fakova\u0165 klubu za podporu \u017eensk\u00e9ho futbalu u\u017e cel\u00fdch 10 rokov a taktie\u017e ka\u017ed\u00e9mu jedn\u00e9mu tr\u00e9nerovi, hr\u00e1\u010dke a rodi\u010dom preto\u017ee robia v\u00fdborn\u00fa pr\u00e1cu.&#8220;<\/em><\/strong><\/p>\n\n\n\n<p><strong><em>,,V neposlednom rade, v mene \u017eenskej sekcie, by som chcela po\u010fakova\u0165 sponzorom, ktor\u00ed n\u00e1m pomohli usporiada\u0165 tak\u00fato akciu a prispeli n\u00e1m darmi, ktor\u00e9 dotvorili prav\u00fa atmosf\u00e9ru,&#8220;<\/em><\/strong> dodala na z\u00e1ver \u010ceriov\u00e1.<\/p>\n\n\n\n<figure class=\"wp-block-gallery has-nested-images columns-default is-cropped wp-block-gallery-1 is-layout-flex wp-block-gallery-is-layout-flex\">\n<figure class=\"wp-block-image size-large\"><img loading=\"lazy\" decoding=\"async\" width=\"1024\" height=\"683\" data-id=\"18551\" src=\"https:\/\/fcspartaktrnava.com\/wp-content\/uploads\/2024\/06\/1000037883-1024x683.jpg\" alt=\"\" class=\"wp-image-18551\" srcset=\"https:\/\/fcspartaktrnava.com\/wp-content\/uploads\/2024\/06\/1000037883-1024x683.jpg 1024w, https:\/\/fcspartaktrnava.com\/wp-content\/uploads\/2024\/06\/1000037883-300x200.jpg 300w, https:\/\/fcspartaktrnava.com\/wp-content\/uploads\/2024\/06\/1000037883-768x512.jpg 768w, https:\/\/fcspartaktrnava.com\/wp-content\/uploads\/2024\/06\/1000037883-1536x1024.jpg 1536w, https:\/\/fcspartaktrnava.com\/wp-content\/uploads\/2024\/06\/1000037883-2048x1365.jpg 2048w, https:\/\/fcspartaktrnava.com\/wp-content\/uploads\/2024\/06\/1000037883-18x12.jpg 18w\" sizes=\"auto, (max-width: 1024px) 100vw, 1024px\" \/><\/figure>\n<\/figure>","protected":false},"excerpt":{"rendered":"<p>O mal\u00fa chv\u00ed\u013eu (1.7.) to bude presne 10&#8230;<\/p>","protected":false},"author":5,"featured_media":18547,"comment_status":"closed","ping_status":"closed","sticky":false,"template":"","format":"standard","meta":{"footnotes":""},"categories":[12],"tags":[],"class_list":["post-18546","post","type-post","status-publish","format-standard","has-post-thumbnail","hentry","category-spravy","post-number-1"],"yoast_head":"<!-- This site is optimized with the Yoast SEO plugin v27.1.1 - https:\/\/yoast.com\/product\/yoast-seo-wordpress\/ -->\n<title>10 rokov spartakovsk\u00fdch \u017eien - FC Spartak Trnava<\/title>\n<meta name=\"robots\" content=\"index, follow, max-snippet:-1, max-image-preview:large, max-video-preview:-1\" \/>\n<link rel=\"canonical\" href=\"https:\/\/fcspartaktrnava.com\/en\/10-rokov-spartakovskych-zien\/\" \/>\n<meta name=\"twitter:label1\" content=\"Written by\" \/>\n\t<meta name=\"twitter:data1\" content=\"Samuel \u010eurinsk\u00fd\" \/>\n\t<meta name=\"twitter:label2\" content=\"Estimated reading time\" \/>\n\t<meta name=\"twitter:data2\" content=\"2 minutes\" \/>\n<script type=\"application\/ld+json\" class=\"yoast-schema-graph\">{\"@context\":\"https:\/\/schema.org\",\"@graph\":[{\"@type\":\"Article\",\"@id\":\"https:\/\/fcspartaktrnava.com\/10-rokov-spartakovskych-zien\/#article\",\"isPartOf\":{\"@id\":\"https:\/\/fcspartaktrnava.com\/10-rokov-spartakovskych-zien\/\"},\"author\":{\"name\":\"Samuel \u010eurinsk\u00fd\",\"@id\":\"https:\/\/fcspartaktrnava.com\/#\/schema\/person\/62c3c2562c3c56e4c0c8c2342c596ac0\"},\"headline\":\"10 rokov spartakovsk\u00fdch \u017eien\",\"datePublished\":\"2024-06-23T15:39:48+00:00\",\"dateModified\":\"2024-06-23T16:43:54+00:00\",\"mainEntityOfPage\":{\"@id\":\"https:\/\/fcspartaktrnava.com\/10-rokov-spartakovskych-zien\/\"},\"wordCount\":330,\"publisher\":{\"@id\":\"https:\/\/fcspartaktrnava.com\/#organization\"},\"image\":{\"@id\":\"https:\/\/fcspartaktrnava.com\/10-rokov-spartakovskych-zien\/#primaryimage\"},\"thumbnailUrl\":\"https:\/\/fcspartaktrnava.com\/wp-content\/uploads\/2024\/06\/DSC_8677-scaled.jpg\",\"articleSection\":[\"Spr\u00e1vy\"],\"inLanguage\":\"en-GB\"},{\"@type\":\"WebPage\",\"@id\":\"https:\/\/fcspartaktrnava.com\/10-rokov-spartakovskych-zien\/\",\"url\":\"https:\/\/fcspartaktrnava.com\/10-rokov-spartakovskych-zien\/\",\"name\":\"10 rokov spartakovsk\u00fdch \u017eien - FC Spartak Trnava\",\"isPartOf\":{\"@id\":\"https:\/\/fcspartaktrnava.com\/#website\"},\"primaryImageOfPage\":{\"@id\":\"https:\/\/fcspartaktrnava.com\/10-rokov-spartakovskych-zien\/#primaryimage\"},\"image\":{\"@id\":\"https:\/\/fcspartaktrnava.com\/10-rokov-spartakovskych-zien\/#primaryimage\"},\"thumbnailUrl\":\"https:\/\/fcspartaktrnava.com\/wp-content\/uploads\/2024\/06\/DSC_8677-scaled.jpg\",\"datePublished\":\"2024-06-23T15:39:48+00:00\",\"dateModified\":\"2024-06-23T16:43:54+00:00\",\"breadcrumb\":{\"@id\":\"https:\/\/fcspartaktrnava.com\/10-rokov-spartakovskych-zien\/#breadcrumb\"},\"inLanguage\":\"en-GB\",\"potentialAction\":[{\"@type\":\"ReadAction\",\"target\":[\"https:\/\/fcspartaktrnava.com\/10-rokov-spartakovskych-zien\/\"]}]},{\"@type\":\"ImageObject\",\"inLanguage\":\"en-GB\",\"@id\":\"https:\/\/fcspartaktrnava.com\/10-rokov-spartakovskych-zien\/#primaryimage\",\"url\":\"https:\/\/fcspartaktrnava.com\/wp-content\/uploads\/2024\/06\/DSC_8677-scaled.jpg\",\"contentUrl\":\"https:\/\/fcspartaktrnava.com\/wp-content\/uploads\/2024\/06\/DSC_8677-scaled.jpg\",\"width\":2560,\"height\":1703},{\"@type\":\"BreadcrumbList\",\"@id\":\"https:\/\/fcspartaktrnava.com\/10-rokov-spartakovskych-zien\/#breadcrumb\",\"itemListElement\":[{\"@type\":\"ListItem\",\"position\":1,\"name\":\"Home\",\"item\":\"https:\/\/fcspartaktrnava.com\/\"},{\"@type\":\"ListItem\",\"position\":2,\"name\":\"10 rokov spartakovsk\u00fdch \u017eien\"}]},{\"@type\":\"WebSite\",\"@id\":\"https:\/\/fcspartaktrnava.com\/#website\",\"url\":\"https:\/\/fcspartaktrnava.com\/\",\"name\":\"FC Spartak Trnava\",\"description\":\"ofici\u00e1lna webstr\u00e1nka futbalov\u00e9ho klubu\",\"publisher\":{\"@id\":\"https:\/\/fcspartaktrnava.com\/#organization\"},\"potentialAction\":[{\"@type\":\"SearchAction\",\"target\":{\"@type\":\"EntryPoint\",\"urlTemplate\":\"https:\/\/fcspartaktrnava.com\/?s={search_term_string}\"},\"query-input\":{\"@type\":\"PropertyValueSpecification\",\"valueRequired\":true,\"valueName\":\"search_term_string\"}}],\"inLanguage\":\"en-GB\"},{\"@type\":\"Organization\",\"@id\":\"https:\/\/fcspartaktrnava.com\/#organization\",\"name\":\"FC Spartak Trnava\",\"alternateName\":\"Spartak\",\"url\":\"https:\/\/fcspartaktrnava.com\/\",\"logo\":{\"@type\":\"ImageObject\",\"inLanguage\":\"en-GB\",\"@id\":\"https:\/\/fcspartaktrnava.com\/#\/schema\/logo\/image\/\",\"url\":\"https:\/\/fcspartaktrnava.com\/wp-content\/uploads\/2022\/08\/cropped-site_logo.png\",\"contentUrl\":\"https:\/\/fcspartaktrnava.com\/wp-content\/uploads\/2022\/08\/cropped-site_logo.png\",\"width\":140,\"height\":140,\"caption\":\"FC Spartak Trnava\"},\"image\":{\"@id\":\"https:\/\/fcspartaktrnava.com\/#\/schema\/logo\/image\/\"},\"sameAs\":[\"https:\/\/www.facebook.com\/SpartakTrnava\",\"https:\/\/x.com\/SpartakTrnava1\",\"https:\/\/www.instagram.com\/spartak_sk\/\"]},{\"@type\":\"Person\",\"@id\":\"https:\/\/fcspartaktrnava.com\/#\/schema\/person\/62c3c2562c3c56e4c0c8c2342c596ac0\",\"name\":\"Samuel \u010eurinsk\u00fd\",\"image\":{\"@type\":\"ImageObject\",\"inLanguage\":\"en-GB\",\"@id\":\"https:\/\/fcspartaktrnava.com\/#\/schema\/person\/image\/\",\"url\":\"https:\/\/secure.gravatar.com\/avatar\/af2fa02af92418b86ed742470664fe40056833fb68d84becf03f6ab02319257c?s=96&d=mm&r=g\",\"contentUrl\":\"https:\/\/secure.gravatar.com\/avatar\/af2fa02af92418b86ed742470664fe40056833fb68d84becf03f6ab02319257c?s=96&d=mm&r=g\",\"caption\":\"Samuel \u010eurinsk\u00fd\"},\"url\":\"https:\/\/fcspartaktrnava.com\/en\/author\/fcst-samuel\/\"}]}<\/script>\n<!-- \/ Yoast SEO plugin. -->","yoast_head_json":{"title":"10 rokov spartakovsk\u00fdch \u017eien - FC Spartak Trnava","robots":{"index":"index","follow":"follow","max-snippet":"max-snippet:-1","max-image-preview":"max-image-preview:large","max-video-preview":"max-video-preview:-1"},"canonical":"https:\/\/fcspartaktrnava.com\/en\/10-rokov-spartakovskych-zien\/","twitter_misc":{"Written by":"Samuel \u010eurinsk\u00fd","Estimated reading time":"2 minutes"},"schema":{"@context":"https:\/\/schema.org","@graph":[{"@type":"Article","@id":"https:\/\/fcspartaktrnava.com\/10-rokov-spartakovskych-zien\/#article","isPartOf":{"@id":"https:\/\/fcspartaktrnava.com\/10-rokov-spartakovskych-zien\/"},"author":{"name":"Samuel \u010eurinsk\u00fd","@id":"https:\/\/fcspartaktrnava.com\/#\/schema\/person\/62c3c2562c3c56e4c0c8c2342c596ac0"},"headline":"10 rokov spartakovsk\u00fdch \u017eien","datePublished":"2024-06-23T15:39:48+00:00","dateModified":"2024-06-23T16:43:54+00:00","mainEntityOfPage":{"@id":"https:\/\/fcspartaktrnava.com\/10-rokov-spartakovskych-zien\/"},"wordCount":330,"publisher":{"@id":"https:\/\/fcspartaktrnava.com\/#organization"},"image":{"@id":"https:\/\/fcspartaktrnava.com\/10-rokov-spartakovskych-zien\/#primaryimage"},"thumbnailUrl":"https:\/\/fcspartaktrnava.com\/wp-content\/uploads\/2024\/06\/DSC_8677-scaled.jpg","articleSection":["Spr\u00e1vy"],"inLanguage":"en-GB"},{"@type":"WebPage","@id":"https:\/\/fcspartaktrnava.com\/10-rokov-spartakovskych-zien\/","url":"https:\/\/fcspartaktrnava.com\/10-rokov-spartakovskych-zien\/","name":"10 rokov spartakovsk\u00fdch \u017eien - FC Spartak Trnava","isPartOf":{"@id":"https:\/\/fcspartaktrnava.com\/#website"},"primaryImageOfPage":{"@id":"https:\/\/fcspartaktrnava.com\/10-rokov-spartakovskych-zien\/#primaryimage"},"image":{"@id":"https:\/\/fcspartaktrnava.com\/10-rokov-spartakovskych-zien\/#primaryimage"},"thumbnailUrl":"https:\/\/fcspartaktrnava.com\/wp-content\/uploads\/2024\/06\/DSC_8677-scaled.jpg","datePublished":"2024-06-23T15:39:48+00:00","dateModified":"2024-06-23T16:43:54+00:00","breadcrumb":{"@id":"https:\/\/fcspartaktrnava.com\/10-rokov-spartakovskych-zien\/#breadcrumb"},"inLanguage":"en-GB","potentialAction":[{"@type":"ReadAction","target":["https:\/\/fcspartaktrnava.com\/10-rokov-spartakovskych-zien\/"]}]},{"@type":"ImageObject","inLanguage":"en-GB","@id":"https:\/\/fcspartaktrnava.com\/10-rokov-spartakovskych-zien\/#primaryimage","url":"https:\/\/fcspartaktrnava.com\/wp-content\/uploads\/2024\/06\/DSC_8677-scaled.jpg","contentUrl":"https:\/\/fcspartaktrnava.com\/wp-content\/uploads\/2024\/06\/DSC_8677-scaled.jpg","width":2560,"height":1703},{"@type":"BreadcrumbList","@id":"https:\/\/fcspartaktrnava.com\/10-rokov-spartakovskych-zien\/#breadcrumb","itemListElement":[{"@type":"ListItem","position":1,"name":"Home","item":"https:\/\/fcspartaktrnava.com\/"},{"@type":"ListItem","position":2,"name":"10 rokov spartakovsk\u00fdch \u017eien"}]},{"@type":"WebSite","@id":"https:\/\/fcspartaktrnava.com\/#website","url":"https:\/\/fcspartaktrnava.com\/","name":"FC Spartak Trnava","description":"ofici\u00e1lna webstr\u00e1nka futbalov\u00e9ho klubu","publisher":{"@id":"https:\/\/fcspartaktrnava.com\/#organization"},"potentialAction":[{"@type":"SearchAction","target":{"@type":"EntryPoint","urlTemplate":"https:\/\/fcspartaktrnava.com\/?s={search_term_string}"},"query-input":{"@type":"PropertyValueSpecification","valueRequired":true,"valueName":"search_term_string"}}],"inLanguage":"en-GB"},{"@type":"Organization","@id":"https:\/\/fcspartaktrnava.com\/#organization","name":"FC Spartak Trnava","alternateName":"Spartak","url":"https:\/\/fcspartaktrnava.com\/","logo":{"@type":"ImageObject","inLanguage":"en-GB","@id":"https:\/\/fcspartaktrnava.com\/#\/schema\/logo\/image\/","url":"https:\/\/fcspartaktrnava.com\/wp-content\/uploads\/2022\/08\/cropped-site_logo.png","contentUrl":"https:\/\/fcspartaktrnava.com\/wp-content\/uploads\/2022\/08\/cropped-site_logo.png","width":140,"height":140,"caption":"FC Spartak Trnava"},"image":{"@id":"https:\/\/fcspartaktrnava.com\/#\/schema\/logo\/image\/"},"sameAs":["https:\/\/www.facebook.com\/SpartakTrnava","https:\/\/x.com\/SpartakTrnava1","https:\/\/www.instagram.com\/spartak_sk\/"]},{"@type":"Person","@id":"https:\/\/fcspartaktrnava.com\/#\/schema\/person\/62c3c2562c3c56e4c0c8c2342c596ac0","name":"Samuel \u010eurinsk\u00fd","image":{"@type":"ImageObject","inLanguage":"en-GB","@id":"https:\/\/fcspartaktrnava.com\/#\/schema\/person\/image\/","url":"https:\/\/secure.gravatar.com\/avatar\/af2fa02af92418b86ed742470664fe40056833fb68d84becf03f6ab02319257c?s=96&d=mm&r=g","contentUrl":"https:\/\/secure.gravatar.com\/avatar\/af2fa02af92418b86ed742470664fe40056833fb68d84becf03f6ab02319257c?s=96&d=mm&r=g","caption":"Samuel \u010eurinsk\u00fd"},"url":"https:\/\/fcspartaktrnava.com\/en\/author\/fcst-samuel\/"}]}},"_links":{"self":[{"href":"https:\/\/fcspartaktrnava.com\/en\/wp-json\/wp\/v2\/posts\/18546","targetHints":{"allow":["GET"]}}],"collection":[{"href":"https:\/\/fcspartaktrnava.com\/en\/wp-json\/wp\/v2\/posts"}],"about":[{"href":"https:\/\/fcspartaktrnava.com\/en\/wp-json\/wp\/v2\/types\/post"}],"author":[{"embeddable":true,"href":"https:\/\/fcspartaktrnava.com\/en\/wp-json\/wp\/v2\/users\/5"}],"replies":[{"embeddable":true,"href":"https:\/\/fcspartaktrnava.com\/en\/wp-json\/wp\/v2\/comments?post=18546"}],"version-history":[{"count":0,"href":"https:\/\/fcspartaktrnava.com\/en\/wp-json\/wp\/v2\/posts\/18546\/revisions"}],"wp:featuredmedia":[{"embeddable":true,"href":"https:\/\/fcspartaktrnava.com\/en\/wp-json\/wp\/v2\/media\/18547"}],"wp:attachment":[{"href":"https:\/\/fcspartaktrnava.com\/en\/wp-json\/wp\/v2\/media?parent=18546"}],"wp:term":[{"taxonomy":"category","embeddable":true,"href":"https:\/\/fcspartaktrnava.com\/en\/wp-json\/wp\/v2\/categories?post=18546"},{"taxonomy":"post_tag","embeddable":true,"href":"https:\/\/fcspartaktrnava.com\/en\/wp-json\/wp\/v2\/tags?post=18546"}],"curies":[{"name":"wp","href":"https:\/\/api.w.org\/{rel}","templated":true}]}}