{"id":18161,"date":"2024-06-16T21:08:33","date_gmt":"2024-06-16T19:08:33","guid":{"rendered":"https:\/\/fcspartaktrnava.com\/?p=18161"},"modified":"2024-06-16T21:08:34","modified_gmt":"2024-06-16T19:08:34","slug":"k-dorasteneckemu-titulu-pridali-mladeznici-dalsie-dva","status":"publish","type":"post","link":"https:\/\/fcspartaktrnava.com\/en\/k-dorasteneckemu-titulu-pridali-mladeznici-dalsie-dva\/","title":{"rendered":"K\u00a0dorasteneck\u00e9mu titulu pridali ml\u00e1de\u017en\u00edci \u010fal\u0161ie dva"},"content":{"rendered":"<p><strong>FC Spartak Trnava U14 \u2013 M\u0160K \u017dilina U14 3:0 (1:0)<\/strong><\/p>\n\n\n\n<p>Po suver\u00e9nnom v\u00ed\u0165azstve o&nbsp;p\u00e4\u0165 bodov v&nbsp;skupine o&nbsp;titul zabojovali \u017eiaci z&nbsp;kateg\u00f3rie U14 o&nbsp;titul absol\u00fatneho majstra Slovenska. Na neutr\u00e1lnej p\u00f4de v&nbsp;Nem\u0161ovej vyzvali \u017dilinu, ktor\u00fa zdolali rozdielom triedy 3:0 a&nbsp;zasl\u00fa\u017eene z\u00edskali vyt\u00fa\u017een\u00fa trofej.<\/p>\n\n\n\n<p><strong>FCST U14: <\/strong>Vlkovi\u010d \u2013 \u010euri\u0161, Lenghardt, Kalam\u00e1r, Martinkovi\u010d, \u0160tip\u010d\u00e1k (C), Feni\u010d, Kasan, Pokus (57. Holb\u00edk), Bo\u0161ka (45.Dreven\u00e1k), Kr\u00e1\u013eovi\u010d (68. Troshupa)<\/p>\n\n\n\n<p><strong>Goals: <\/strong>14. Kasan, 47. Pokus, 70. \u0160tip\u010d\u00e1k<\/p>\n\n\n\n<p><strong>Yellow cards: <\/strong>Feni\u010d<\/p>\n\n\n\n<p><strong>Oliver Burian: \u201ePosledn\u00fd a\u00a0z\u00e1rove\u0148 fin\u00e1lov\u00fd z\u00e1pas tejto sez\u00f3ny n\u00e1m vy\u0161iel fantasticky. Boli sme dominantn\u00ed vo v\u0161etk\u00fdch hern\u00fdch \u010dinnostiach jednotlivca a\u00a0s\u00fapera sme prakticky po\u010das cel\u00e9ho z\u00e1pasu nepustili k\u00a0v\u00e1\u017enej\u0161iemu ohrozeniu na\u0161ej br\u00e1ny. Z\u00a0h\u013eadiska individu\u00e1lnych, ale aj t\u00edmov\u00e9ho v\u00fdkonu, som spokojn\u00fd, no najviac ma te\u0161ia mor\u00e1lno-v\u00f4\u013eov\u00e9 vlastnosti a\u00a0v\u00ed\u0165azn\u00e1 mentalita ak\u00fa chlapci uk\u00e1zali v z\u00e1pase. T\u00fdmto v\u00fdkonom len pod\u010diarkli progres ak\u00fd v\u00a0sez\u00f3ne spravili, zasl\u00fa\u017eia si ve\u013ek\u00fa pochvalu, no z\u00e1rove\u0148 d\u00fafam, \u017ee im tento \u00faspech posl\u00fa\u017ei ako hnac\u00ed motor do \u010fal\u0161ej pr\u00e1ce a\u00a0\u017ee sa budeme v\u00a0\u010fal\u0161ej sez\u00f3ne pos\u00fava\u0165 e\u0161te r\u00fdchlej\u0161ie a\u00a0znova sa viac pribl\u00ed\u017eime krit\u00e9ri\u00e1m a\u00a0n\u00e1rokom profesion\u00e1lneho futbalu.\u201c<\/strong><\/p>\n\n\n<div class=\"wp-block-image\">\n<figure class=\"aligncenter size-large is-resized\"><img loading=\"lazy\" decoding=\"async\" width=\"768\" height=\"1024\" src=\"https:\/\/fcspartaktrnava.com\/wp-content\/uploads\/2024\/06\/WhatsApp-Image-2024-06-16-at-21.02.28-768x1024.jpeg\" alt=\"\" class=\"wp-image-18162\" style=\"width:614px;height:auto\" srcset=\"https:\/\/fcspartaktrnava.com\/wp-content\/uploads\/2024\/06\/WhatsApp-Image-2024-06-16-at-21.02.28-768x1024.jpeg 768w, https:\/\/fcspartaktrnava.com\/wp-content\/uploads\/2024\/06\/WhatsApp-Image-2024-06-16-at-21.02.28-225x300.jpeg 225w, https:\/\/fcspartaktrnava.com\/wp-content\/uploads\/2024\/06\/WhatsApp-Image-2024-06-16-at-21.02.28-1152x1536.jpeg 1152w, https:\/\/fcspartaktrnava.com\/wp-content\/uploads\/2024\/06\/WhatsApp-Image-2024-06-16-at-21.02.28-9x12.jpeg 9w, https:\/\/fcspartaktrnava.com\/wp-content\/uploads\/2024\/06\/WhatsApp-Image-2024-06-16-at-21.02.28.jpeg 1536w\" sizes=\"auto, (max-width: 768px) 100vw, 768px\" \/><\/figure>\n<\/div>\n\n\n<p>Na\u0161e \u017eia\u010dky neprehrali po\u010das celej sez\u00f3ny ani jeden z\u00e1pas a&nbsp;zasl\u00fa\u017eene post\u00fapili na fin\u00e1lov\u00fd turnaj do Popradu, kde \u010delili \u017diline a&nbsp;Pre\u0161ovu. S&nbsp;prv\u00fdm menovan\u00fdm s\u00faperom sme vo \u0161tvrtok zv\u00ed\u0165azil jasne 7:0. Obhajobu majstrovsk\u00e9ho titulu zariadili Trnav\u010danky v\u00ed\u0165azstvom 2:0 nad Pre\u0161ov\u010dankami.<\/p>\n\n\n\n<p><strong>FC Spartak Trnava WU15 \u2013 M\u0160K \u017dilina WU15 7:0 (3:0)<\/strong><\/p>\n\n\n\n<p><strong>FCST WU15: <\/strong>Pre\u0161insk\u00e1 \u2013 Zacharov\u00e1, Vej\u010d\u00edkov\u00e1, Kr\u00e1likov\u00e1, Hankociov\u00e1, Amrichov\u00e1 (C), Tan\u010dokov\u00e1, Hudecov\u00e1, Tankov\u00e1, Majanov\u00e1, Mikulkov\u00e1, Oroszi, Jankovi\u010dov\u00e1, Huttov\u00e1, Pavl\u00edkov\u00e1, Pola\u010dikov\u00e1, Vlkov\u00e1<\/p>\n\n\n\n<p><strong>Goals: <\/strong>25. a&nbsp;52. Amrichov\u00e1, 33. Majanov\u00e1 (z 11m), 42. Oroszi, 60. a&nbsp;70. vlastn\u00fd, 74. Tan\u010dokov\u00e1<\/p>\n\n\n\n<p><strong>1. FC Tatran Pre\u0161ov WU15 \u2013 FC Spartak Trnava WU15 0:2 (0:1)<\/strong><\/p>\n\n\n\n<p><strong>FCST WU15: <\/strong>Pre\u0161insk\u00e1 \u2013 Zacharov\u00e1, Vej\u010d\u00edkov\u00e1, Vl\u010dkov\u00e1, Kr\u00e1likov\u00e1, Hankociov\u00e1, Amrichov\u00e1 (C), Tan\u010dokov\u00e1, Hudecov\u00e1, Tankov\u00e1, Majanov\u00e1, Mikulkov\u00e1, Oroszi, Pola\u010dikov\u00e1, Jankovi\u010dov\u00e1, Huttov\u00e1, Pavl\u00edkov\u00e1, Vlkov\u00e1<\/p>\n\n\n\n<p><strong>Goals: <\/strong>32. Tankov\u00e1, 67. Hankociov\u00e1<\/p>\n\n\n\n<p><strong>Yellow cards: <\/strong>Majanov\u00e1, Oroszi<\/p>\n\n\n\n<p><strong>R\u00f3bert Halada: \u201ePo n\u00e1vrate z\u00a0v\u00fdborne obsaden\u00e9ho turnaja vo \u0161v\u00e9dskom Malm\u00f6 sa na\u0161e diev\u010dat\u00e1 po absolvovan\u00ed jedn\u00e9ho tr\u00e9ningu presunuli do Popradu. V\u00a0priebehu troch dn\u00ed ich \u010dakali z\u00e1vere\u010dn\u00e9 s\u00faboje s\u00a0v\u00ed\u0165azmi stredoslovensk\u00e9ho a\u00a0v\u00fdchodoslovensk\u00e9ho kraja o\u00a0zisk titulu majstra Slovenska. Vo \u0161tvrtok podve\u010der sme nast\u00fapili za da\u017ediv\u00e9ho po\u010dasia proti \u017diline. Diev\u010dat\u00e1 za\u010dali uvo\u013enene, ve\u013emi akt\u00edvne vst\u00fapili do z\u00e1pasu s\u00a0vysok\u00fdm nap\u00e1dan\u00edm a\u00a0s\u00a0cie\u013eom dosta\u0165 s\u00faperky pod tlak. U\u017e v\u00a0prvom pol\u010dase si vypracovali viacero vylo\u017een\u00fdch g\u00f3lov\u00fdch \u0161anc\u00ed, av\u0161ak premenili iba dve. V\u00a0druhom dejstve e\u0161te pridali na aktivite, zv\u00fd\u0161ili pohyb a\u00a0postupne navy\u0161ovali sk\u00f3re vo svoj prospech, ktor\u00e9 mohlo by\u0165 e\u0161te v\u00fdraznej\u0161ie. S\u00faperky do ni\u010doho nepustili a\u00a0te\u0161ili sa z\u00a0v\u00fdrazn\u00e9ho v\u00ed\u0165azstva, naviac s\u00a0\u010dist\u00fdm kontom. De\u0148 vo\u013ena sme vyu\u017eili na v\u00fdlet do Tatier, na \u0160trbsk\u00e9 pleso a\u00a0popoludn\u00ed na n\u00e1v\u0161tevu kina. V\u00a0sobotu diev\u010dat\u00e1 nast\u00fapili na svoj posledn\u00fd majstrovsk\u00fd z\u00e1pas sez\u00f3ny \u2013 absol\u00fatne fin\u00e1le, proti s\u00faperk\u00e1m z\u00a0Pre\u0161ova, s\u00a0maxim\u00e1lnym odhodlan\u00edm dokon\u010di\u0165 jedine\u010dn\u00fa sez\u00f3nu v\u00ed\u0165azstvom. Oproti \u0161tvrtkov\u00e9mu z\u00e1pasu bolo tentokr\u00e1t slne\u010dn\u00e9 po\u010dasie a\u00a0pomerne teplo a\u00a0bolo d\u00f4le\u017eit\u00e9 spr\u00e1vne rozlo\u017eenie s\u00edl. \u00davodn\u00fdch dvadsa\u0165 min\u00fat bola hra opatrn\u00e1, na ihrisku sa vytvorili dvoji\u010dky, ktor\u00e9 sa pozorne str\u00e1\u017eili. S\u00faper hrozil r\u00fdchlymi proti\u00fatokmi a\u00a0dlh\u00fdmi loptami za obranu. Diev\u010dat\u00e1 c\u00edtili ve\u013ek\u00fa zodpovednos\u0165 a\u00a0spo\u010diatku im ch\u00fdbal potrebn\u00fd pokoj. Postupne v\u0161ak menili rytmus hry sp\u00e4tn\u00fdmi prihr\u00e1vkami a\u00a0lep\u0161ie vyu\u017e\u00edvali \u0161\u00edrku ihriska. Z\u00edskavali v\u00fdraznej\u0161ie dr\u017eanie lopty a\u00a0po strelen\u00ed \u00favodn\u00e9ho g\u00f3lu aj psychick\u00fa prevahu. V\u00a0druhom pol\u010dase e\u0161te pridali jeden potrebn\u00fd presn\u00fd z\u00e1sah a\u00a0v\u00ed\u0165azstvo si rozumnou hrou ustr\u00e1\u017eili. K\u00a0hlavn\u00fdm k\u013e\u00fa\u010dov\u00fdm slov\u00e1m \u2013 sila, srdce, kr\u00eddla, pridali posledn\u00e9 \u2013 obrovsk\u00fa t\u00fa\u017ebu, a\u00a0preto im titul majsteriek Slovenska pr\u00e1vom patr\u00ed. V\u00fdnimo\u010dn\u00e1 sez\u00f3na so sk\u00f3re 413:5 a\u00a0bez straty jedin\u00e9ho bodu, v\u00fdnimo\u010dn\u00fd t\u00edm, v\u00fdnimo\u010dn\u00e9 hr\u00e1\u010dky, nezabudnute\u013en\u00e9 z\u00e1pasy a\u00a0z\u00e1\u017eitky so siln\u00fdmi em\u00f3ciami nav\u017edy zostan\u00fa v\u00a0mojej tr\u00e9nerskej pam\u00e4ti. Diev\u010dat\u00e1 ste najlep\u0161ie! \u010eakujem v\u00e1m za v\u0161etko!\u201c<\/strong><\/p>\n\n\n<div class=\"wp-block-image\">\n<figure class=\"aligncenter size-large\"><img loading=\"lazy\" decoding=\"async\" width=\"1024\" height=\"678\" src=\"https:\/\/fcspartaktrnava.com\/wp-content\/uploads\/2024\/06\/DSC_9165-1024x678.jpg\" alt=\"\" class=\"wp-image-18163\" srcset=\"https:\/\/fcspartaktrnava.com\/wp-content\/uploads\/2024\/06\/DSC_9165-1024x678.jpg 1024w, https:\/\/fcspartaktrnava.com\/wp-content\/uploads\/2024\/06\/DSC_9165-300x199.jpg 300w, https:\/\/fcspartaktrnava.com\/wp-content\/uploads\/2024\/06\/DSC_9165-768x509.jpg 768w, https:\/\/fcspartaktrnava.com\/wp-content\/uploads\/2024\/06\/DSC_9165-1536x1017.jpg 1536w, https:\/\/fcspartaktrnava.com\/wp-content\/uploads\/2024\/06\/DSC_9165-2048x1356.jpg 2048w, https:\/\/fcspartaktrnava.com\/wp-content\/uploads\/2024\/06\/DSC_9165-18x12.jpg 18w\" sizes=\"auto, (max-width: 1024px) 100vw, 1024px\" \/><\/figure>\n<\/div>\n\n\n<p><strong>\u00a9 \u013dubom\u00edr Hor\u0148\u00e1k<\/strong><\/p>","protected":false},"excerpt":{"rendered":"<p>FC Spartak Trnava U14 \u2013 M\u0160K \u017dilina U14&#8230;<\/p>","protected":false},"author":2,"featured_media":18164,"comment_status":"closed","ping_status":"closed","sticky":false,"template":"","format":"standard","meta":{"footnotes":""},"categories":[52,12],"tags":[53],"class_list":["post-18161","post","type-post","status-publish","format-standard","has-post-thumbnail","hentry","category-mladez","category-spravy","tag-mladez","post-number-1"],"yoast_head":"<!-- This site is optimized with the Yoast SEO plugin v27.1.1 - https:\/\/yoast.com\/product\/yoast-seo-wordpress\/ -->\n<title>K\u00a0dorasteneck\u00e9mu titulu pridali ml\u00e1de\u017en\u00edci \u010fal\u0161ie dva - FC Spartak Trnava<\/title>\n<meta name=\"robots\" content=\"index, follow, max-snippet:-1, max-image-preview:large, max-video-preview:-1\" \/>\n<link rel=\"canonical\" href=\"https:\/\/fcspartaktrnava.com\/en\/k-dorasteneckemu-titulu-pridali-mladeznici-dalsie-dva\/\" \/>\n<meta name=\"twitter:label1\" content=\"Written by\" \/>\n\t<meta name=\"twitter:data1\" content=\"spartak\" \/>\n\t<meta name=\"twitter:label2\" content=\"Estimated reading time\" \/>\n\t<meta name=\"twitter:data2\" content=\"4 minutes\" \/>\n<script type=\"application\/ld+json\" class=\"yoast-schema-graph\">{\"@context\":\"https:\/\/schema.org\",\"@graph\":[{\"@type\":\"Article\",\"@id\":\"https:\/\/fcspartaktrnava.com\/k-dorasteneckemu-titulu-pridali-mladeznici-dalsie-dva\/#article\",\"isPartOf\":{\"@id\":\"https:\/\/fcspartaktrnava.com\/k-dorasteneckemu-titulu-pridali-mladeznici-dalsie-dva\/\"},\"author\":{\"name\":\"spartak\",\"@id\":\"https:\/\/fcspartaktrnava.com\/#\/schema\/person\/24bc5b254af14f71d7d8af178790aa75\"},\"headline\":\"K\u00a0dorasteneck\u00e9mu titulu pridali ml\u00e1de\u017en\u00edci \u010fal\u0161ie dva\",\"datePublished\":\"2024-06-16T19:08:33+00:00\",\"dateModified\":\"2024-06-16T19:08:34+00:00\",\"mainEntityOfPage\":{\"@id\":\"https:\/\/fcspartaktrnava.com\/k-dorasteneckemu-titulu-pridali-mladeznici-dalsie-dva\/\"},\"wordCount\":855,\"publisher\":{\"@id\":\"https:\/\/fcspartaktrnava.com\/#organization\"},\"image\":{\"@id\":\"https:\/\/fcspartaktrnava.com\/k-dorasteneckemu-titulu-pridali-mladeznici-dalsie-dva\/#primaryimage\"},\"thumbnailUrl\":\"https:\/\/fcspartaktrnava.com\/wp-content\/uploads\/2024\/06\/WhatsApp-Image-2024-06-16-at-21.02.28-1-e1718564898390.jpeg\",\"keywords\":[\"ml\u00e1de\u017e\"],\"articleSection\":[\"Ml\u00e1de\u017e\",\"Spr\u00e1vy\"],\"inLanguage\":\"en-GB\"},{\"@type\":\"WebPage\",\"@id\":\"https:\/\/fcspartaktrnava.com\/k-dorasteneckemu-titulu-pridali-mladeznici-dalsie-dva\/\",\"url\":\"https:\/\/fcspartaktrnava.com\/k-dorasteneckemu-titulu-pridali-mladeznici-dalsie-dva\/\",\"name\":\"K\u00a0dorasteneck\u00e9mu titulu pridali ml\u00e1de\u017en\u00edci \u010fal\u0161ie dva - FC Spartak Trnava\",\"isPartOf\":{\"@id\":\"https:\/\/fcspartaktrnava.com\/#website\"},\"primaryImageOfPage\":{\"@id\":\"https:\/\/fcspartaktrnava.com\/k-dorasteneckemu-titulu-pridali-mladeznici-dalsie-dva\/#primaryimage\"},\"image\":{\"@id\":\"https:\/\/fcspartaktrnava.com\/k-dorasteneckemu-titulu-pridali-mladeznici-dalsie-dva\/#primaryimage\"},\"thumbnailUrl\":\"https:\/\/fcspartaktrnava.com\/wp-content\/uploads\/2024\/06\/WhatsApp-Image-2024-06-16-at-21.02.28-1-e1718564898390.jpeg\",\"datePublished\":\"2024-06-16T19:08:33+00:00\",\"dateModified\":\"2024-06-16T19:08:34+00:00\",\"breadcrumb\":{\"@id\":\"https:\/\/fcspartaktrnava.com\/k-dorasteneckemu-titulu-pridali-mladeznici-dalsie-dva\/#breadcrumb\"},\"inLanguage\":\"en-GB\",\"potentialAction\":[{\"@type\":\"ReadAction\",\"target\":[\"https:\/\/fcspartaktrnava.com\/k-dorasteneckemu-titulu-pridali-mladeznici-dalsie-dva\/\"]}]},{\"@type\":\"ImageObject\",\"inLanguage\":\"en-GB\",\"@id\":\"https:\/\/fcspartaktrnava.com\/k-dorasteneckemu-titulu-pridali-mladeznici-dalsie-dva\/#primaryimage\",\"url\":\"https:\/\/fcspartaktrnava.com\/wp-content\/uploads\/2024\/06\/WhatsApp-Image-2024-06-16-at-21.02.28-1-e1718564898390.jpeg\",\"contentUrl\":\"https:\/\/fcspartaktrnava.com\/wp-content\/uploads\/2024\/06\/WhatsApp-Image-2024-06-16-at-21.02.28-1-e1718564898390.jpeg\",\"width\":1536,\"height\":918},{\"@type\":\"BreadcrumbList\",\"@id\":\"https:\/\/fcspartaktrnava.com\/k-dorasteneckemu-titulu-pridali-mladeznici-dalsie-dva\/#breadcrumb\",\"itemListElement\":[{\"@type\":\"ListItem\",\"position\":1,\"name\":\"Home\",\"item\":\"https:\/\/fcspartaktrnava.com\/\"},{\"@type\":\"ListItem\",\"position\":2,\"name\":\"K\u00a0dorasteneck\u00e9mu titulu pridali ml\u00e1de\u017en\u00edci \u010fal\u0161ie dva\"}]},{\"@type\":\"WebSite\",\"@id\":\"https:\/\/fcspartaktrnava.com\/#website\",\"url\":\"https:\/\/fcspartaktrnava.com\/\",\"name\":\"FC Spartak Trnava\",\"description\":\"ofici\u00e1lna webstr\u00e1nka futbalov\u00e9ho klubu\",\"publisher\":{\"@id\":\"https:\/\/fcspartaktrnava.com\/#organization\"},\"potentialAction\":[{\"@type\":\"SearchAction\",\"target\":{\"@type\":\"EntryPoint\",\"urlTemplate\":\"https:\/\/fcspartaktrnava.com\/?s={search_term_string}\"},\"query-input\":{\"@type\":\"PropertyValueSpecification\",\"valueRequired\":true,\"valueName\":\"search_term_string\"}}],\"inLanguage\":\"en-GB\"},{\"@type\":\"Organization\",\"@id\":\"https:\/\/fcspartaktrnava.com\/#organization\",\"name\":\"FC Spartak Trnava\",\"alternateName\":\"Spartak\",\"url\":\"https:\/\/fcspartaktrnava.com\/\",\"logo\":{\"@type\":\"ImageObject\",\"inLanguage\":\"en-GB\",\"@id\":\"https:\/\/fcspartaktrnava.com\/#\/schema\/logo\/image\/\",\"url\":\"https:\/\/fcspartaktrnava.com\/wp-content\/uploads\/2022\/08\/cropped-site_logo.png\",\"contentUrl\":\"https:\/\/fcspartaktrnava.com\/wp-content\/uploads\/2022\/08\/cropped-site_logo.png\",\"width\":140,\"height\":140,\"caption\":\"FC Spartak Trnava\"},\"image\":{\"@id\":\"https:\/\/fcspartaktrnava.com\/#\/schema\/logo\/image\/\"},\"sameAs\":[\"https:\/\/www.facebook.com\/SpartakTrnava\",\"https:\/\/x.com\/SpartakTrnava1\",\"https:\/\/www.instagram.com\/spartak_sk\/\"]},{\"@type\":\"Person\",\"@id\":\"https:\/\/fcspartaktrnava.com\/#\/schema\/person\/24bc5b254af14f71d7d8af178790aa75\",\"name\":\"spartak\",\"image\":{\"@type\":\"ImageObject\",\"inLanguage\":\"en-GB\",\"@id\":\"https:\/\/fcspartaktrnava.com\/#\/schema\/person\/image\/\",\"url\":\"https:\/\/secure.gravatar.com\/avatar\/f8ff8584f3fcf3909a11a6da9019f37749183b4015bca14e64556c52614cdc7f?s=96&d=mm&r=g\",\"contentUrl\":\"https:\/\/secure.gravatar.com\/avatar\/f8ff8584f3fcf3909a11a6da9019f37749183b4015bca14e64556c52614cdc7f?s=96&d=mm&r=g\",\"caption\":\"spartak\"},\"url\":\"https:\/\/fcspartaktrnava.com\/en\/author\/spartak\/\"}]}<\/script>\n<!-- \/ Yoast SEO plugin. -->","yoast_head_json":{"title":"K\u00a0dorasteneck\u00e9mu titulu pridali ml\u00e1de\u017en\u00edci \u010fal\u0161ie dva - FC Spartak Trnava","robots":{"index":"index","follow":"follow","max-snippet":"max-snippet:-1","max-image-preview":"max-image-preview:large","max-video-preview":"max-video-preview:-1"},"canonical":"https:\/\/fcspartaktrnava.com\/en\/k-dorasteneckemu-titulu-pridali-mladeznici-dalsie-dva\/","twitter_misc":{"Written by":"spartak","Estimated reading time":"4 minutes"},"schema":{"@context":"https:\/\/schema.org","@graph":[{"@type":"Article","@id":"https:\/\/fcspartaktrnava.com\/k-dorasteneckemu-titulu-pridali-mladeznici-dalsie-dva\/#article","isPartOf":{"@id":"https:\/\/fcspartaktrnava.com\/k-dorasteneckemu-titulu-pridali-mladeznici-dalsie-dva\/"},"author":{"name":"spartak","@id":"https:\/\/fcspartaktrnava.com\/#\/schema\/person\/24bc5b254af14f71d7d8af178790aa75"},"headline":"K\u00a0dorasteneck\u00e9mu titulu pridali ml\u00e1de\u017en\u00edci \u010fal\u0161ie dva","datePublished":"2024-06-16T19:08:33+00:00","dateModified":"2024-06-16T19:08:34+00:00","mainEntityOfPage":{"@id":"https:\/\/fcspartaktrnava.com\/k-dorasteneckemu-titulu-pridali-mladeznici-dalsie-dva\/"},"wordCount":855,"publisher":{"@id":"https:\/\/fcspartaktrnava.com\/#organization"},"image":{"@id":"https:\/\/fcspartaktrnava.com\/k-dorasteneckemu-titulu-pridali-mladeznici-dalsie-dva\/#primaryimage"},"thumbnailUrl":"https:\/\/fcspartaktrnava.com\/wp-content\/uploads\/2024\/06\/WhatsApp-Image-2024-06-16-at-21.02.28-1-e1718564898390.jpeg","keywords":["ml\u00e1de\u017e"],"articleSection":["Ml\u00e1de\u017e","Spr\u00e1vy"],"inLanguage":"en-GB"},{"@type":"WebPage","@id":"https:\/\/fcspartaktrnava.com\/k-dorasteneckemu-titulu-pridali-mladeznici-dalsie-dva\/","url":"https:\/\/fcspartaktrnava.com\/k-dorasteneckemu-titulu-pridali-mladeznici-dalsie-dva\/","name":"K\u00a0dorasteneck\u00e9mu titulu pridali ml\u00e1de\u017en\u00edci \u010fal\u0161ie dva - FC Spartak Trnava","isPartOf":{"@id":"https:\/\/fcspartaktrnava.com\/#website"},"primaryImageOfPage":{"@id":"https:\/\/fcspartaktrnava.com\/k-dorasteneckemu-titulu-pridali-mladeznici-dalsie-dva\/#primaryimage"},"image":{"@id":"https:\/\/fcspartaktrnava.com\/k-dorasteneckemu-titulu-pridali-mladeznici-dalsie-dva\/#primaryimage"},"thumbnailUrl":"https:\/\/fcspartaktrnava.com\/wp-content\/uploads\/2024\/06\/WhatsApp-Image-2024-06-16-at-21.02.28-1-e1718564898390.jpeg","datePublished":"2024-06-16T19:08:33+00:00","dateModified":"2024-06-16T19:08:34+00:00","breadcrumb":{"@id":"https:\/\/fcspartaktrnava.com\/k-dorasteneckemu-titulu-pridali-mladeznici-dalsie-dva\/#breadcrumb"},"inLanguage":"en-GB","potentialAction":[{"@type":"ReadAction","target":["https:\/\/fcspartaktrnava.com\/k-dorasteneckemu-titulu-pridali-mladeznici-dalsie-dva\/"]}]},{"@type":"ImageObject","inLanguage":"en-GB","@id":"https:\/\/fcspartaktrnava.com\/k-dorasteneckemu-titulu-pridali-mladeznici-dalsie-dva\/#primaryimage","url":"https:\/\/fcspartaktrnava.com\/wp-content\/uploads\/2024\/06\/WhatsApp-Image-2024-06-16-at-21.02.28-1-e1718564898390.jpeg","contentUrl":"https:\/\/fcspartaktrnava.com\/wp-content\/uploads\/2024\/06\/WhatsApp-Image-2024-06-16-at-21.02.28-1-e1718564898390.jpeg","width":1536,"height":918},{"@type":"BreadcrumbList","@id":"https:\/\/fcspartaktrnava.com\/k-dorasteneckemu-titulu-pridali-mladeznici-dalsie-dva\/#breadcrumb","itemListElement":[{"@type":"ListItem","position":1,"name":"Home","item":"https:\/\/fcspartaktrnava.com\/"},{"@type":"ListItem","position":2,"name":"K\u00a0dorasteneck\u00e9mu titulu pridali ml\u00e1de\u017en\u00edci \u010fal\u0161ie dva"}]},{"@type":"WebSite","@id":"https:\/\/fcspartaktrnava.com\/#website","url":"https:\/\/fcspartaktrnava.com\/","name":"FC Spartak Trnava","description":"ofici\u00e1lna webstr\u00e1nka futbalov\u00e9ho klubu","publisher":{"@id":"https:\/\/fcspartaktrnava.com\/#organization"},"potentialAction":[{"@type":"SearchAction","target":{"@type":"EntryPoint","urlTemplate":"https:\/\/fcspartaktrnava.com\/?s={search_term_string}"},"query-input":{"@type":"PropertyValueSpecification","valueRequired":true,"valueName":"search_term_string"}}],"inLanguage":"en-GB"},{"@type":"Organization","@id":"https:\/\/fcspartaktrnava.com\/#organization","name":"FC Spartak Trnava","alternateName":"Spartak","url":"https:\/\/fcspartaktrnava.com\/","logo":{"@type":"ImageObject","inLanguage":"en-GB","@id":"https:\/\/fcspartaktrnava.com\/#\/schema\/logo\/image\/","url":"https:\/\/fcspartaktrnava.com\/wp-content\/uploads\/2022\/08\/cropped-site_logo.png","contentUrl":"https:\/\/fcspartaktrnava.com\/wp-content\/uploads\/2022\/08\/cropped-site_logo.png","width":140,"height":140,"caption":"FC Spartak Trnava"},"image":{"@id":"https:\/\/fcspartaktrnava.com\/#\/schema\/logo\/image\/"},"sameAs":["https:\/\/www.facebook.com\/SpartakTrnava","https:\/\/x.com\/SpartakTrnava1","https:\/\/www.instagram.com\/spartak_sk\/"]},{"@type":"Person","@id":"https:\/\/fcspartaktrnava.com\/#\/schema\/person\/24bc5b254af14f71d7d8af178790aa75","name":"spartak","image":{"@type":"ImageObject","inLanguage":"en-GB","@id":"https:\/\/fcspartaktrnava.com\/#\/schema\/person\/image\/","url":"https:\/\/secure.gravatar.com\/avatar\/f8ff8584f3fcf3909a11a6da9019f37749183b4015bca14e64556c52614cdc7f?s=96&d=mm&r=g","contentUrl":"https:\/\/secure.gravatar.com\/avatar\/f8ff8584f3fcf3909a11a6da9019f37749183b4015bca14e64556c52614cdc7f?s=96&d=mm&r=g","caption":"spartak"},"url":"https:\/\/fcspartaktrnava.com\/en\/author\/spartak\/"}]}},"_links":{"self":[{"href":"https:\/\/fcspartaktrnava.com\/en\/wp-json\/wp\/v2\/posts\/18161","targetHints":{"allow":["GET"]}}],"collection":[{"href":"https:\/\/fcspartaktrnava.com\/en\/wp-json\/wp\/v2\/posts"}],"about":[{"href":"https:\/\/fcspartaktrnava.com\/en\/wp-json\/wp\/v2\/types\/post"}],"author":[{"embeddable":true,"href":"https:\/\/fcspartaktrnava.com\/en\/wp-json\/wp\/v2\/users\/2"}],"replies":[{"embeddable":true,"href":"https:\/\/fcspartaktrnava.com\/en\/wp-json\/wp\/v2\/comments?post=18161"}],"version-history":[{"count":0,"href":"https:\/\/fcspartaktrnava.com\/en\/wp-json\/wp\/v2\/posts\/18161\/revisions"}],"wp:featuredmedia":[{"embeddable":true,"href":"https:\/\/fcspartaktrnava.com\/en\/wp-json\/wp\/v2\/media\/18164"}],"wp:attachment":[{"href":"https:\/\/fcspartaktrnava.com\/en\/wp-json\/wp\/v2\/media?parent=18161"}],"wp:term":[{"taxonomy":"category","embeddable":true,"href":"https:\/\/fcspartaktrnava.com\/en\/wp-json\/wp\/v2\/categories?post=18161"},{"taxonomy":"post_tag","embeddable":true,"href":"https:\/\/fcspartaktrnava.com\/en\/wp-json\/wp\/v2\/tags?post=18161"}],"curies":[{"name":"wp","href":"https:\/\/api.w.org\/{rel}","templated":true}]}}