{"id":18159,"date":"2024-06-16T15:52:54","date_gmt":"2024-06-16T13:52:54","guid":{"rendered":"https:\/\/fcspartaktrnava.com\/?p=18159"},"modified":"2024-06-16T15:52:55","modified_gmt":"2024-06-16T13:52:55","slug":"spartak-ziskal-posilu-na-brankarsky-post","status":"publish","type":"post","link":"https:\/\/fcspartaktrnava.com\/en\/spartak-ziskal-posilu-na-brankarsky-post\/","title":{"rendered":"Spartak z\u00edskal posilu na brank\u00e1rsky post!"},"content":{"rendered":"<p class=\"has-medium-font-size\"><mark style=\"background-color:rgba(0, 0, 0, 0)\" class=\"has-inline-color has-vivid-red-color\"><strong><em>Nahradi\u0165 Dominika Tak\u00e1\u010da nie je rozhodne \u013eahk\u00e1 \u00faloha, sk\u00fasi\u0165 ju splni\u0165 v\u0161ak pr\u00edde nov\u00e1 posila \u017diga Frelih. 26-ro\u010dn\u00fd slovinsk\u00fd brank\u00e1r v minulej sez\u00f3ne p\u00f4sobil v Michalovciach, kde t\u00edmu skvel\u00fdmi v\u00fdkonmi, najm\u00e4 v skupine o udr\u017eanie sa, pomohol udr\u017ea\u0165 sa v najvy\u0161\u0161ej slovenskej s\u00fa\u0165a\u017ei. So Spartakom podp\u00edsal 2-ro\u010dn\u00fa zmluvu.<\/em><\/strong><\/mark><\/p>\n\n\n\n<p>Na svoje konto si prip\u00edsal aj ligov\u00fd rekord v po\u010dte min\u00fat bez inkasovan\u00e9ho g\u00f3lu, ke\u010f jeho sie\u0165 s\u00faperi nenapli takmer 6 z\u00e1pasov v rade (529 min\u00fat).Celkovo si v 20 ligov\u00fdch z\u00e1pasoch prip\u00edsal 8 \u010dist\u00fdch \u0161t\u00edtov, \u010do je na klub hraj\u00faci o z\u00e1chranu obdivuhodn\u00e1 bilancia.<\/p>\n\n\n\n<p><br><strong><em>,,Od prv\u00e9ho momentu kedy ma Spartak kontaktoval to bola pre m\u0148a \u010des\u0165, \u017ee sa o m\u0148a zauj\u00edma tak\u00fd klub a som r\u00e1d, \u017ee som tu,&#8220; <\/em><\/strong>okomentoval svoj pr\u00edchod Frelih.<\/p>\n\n\n\n<p>So Spartakom m\u00e1 ve\u013ek\u00e9 amb\u00edcie: <strong><em>,,Chcem bojova\u0165 o titul a o poh\u00e1rov\u00fa Eur\u00f3pu. Ver\u00edm, \u017ee by sme mohli Slovan, alebo aj in\u00e9 t\u00edmy, potr\u00e1pi\u0165 v boji o prv\u00e9 miesto v tabu\u013eke.&#8220;<\/em><\/strong><\/p>\n\n\n\n<p>V t\u00edme p\u00f4sob\u00ed aj jeho krajan a kamar\u00e1t Adrian Zeljkovi\u0107, s ktor\u00fdm predt\u00fdm p\u00f4sobil v NK Olimpija:<strong><em> ,,So Zelkom som v kontakte odkedy som pri\u0161iel na Slovensko. Som ve\u013emi r\u00e1d, \u017ee sa mu podarilo dosta\u0165 sa do reprezent\u00e1cie na EURO, viem ko\u013eko futbalu obetoval a ko\u013eko driny za t\u00fdm bolo. Je to pre m\u0148a motiv\u00e1cia, ke\u010f\u017ee uk\u00e1zal, \u017ee aj hr\u00e1\u010di zo slovenskej ligy sa m\u00f4\u017eu prebojova\u0165 do reprezent\u00e1ci\u00ed na tie najv\u00e4\u010dsie turnaje.&#8220;<\/em><\/strong><\/p>\n\n\n\n<p>Cel\u00fd rozhovor n\u00e1jdete na na\u0161om YouTube:<\/p>\n\n\n\n<figure class=\"wp-block-embed is-type-video is-provider-youtube wp-block-embed-youtube wp-embed-aspect-16-9 wp-has-aspect-ratio\"><div class=\"wp-block-embed__wrapper\">\n<iframe loading=\"lazy\" title=\"#Frelih2026 | Vitaj v Trnave \u017diga Frelih!\" width=\"500\" height=\"281\" src=\"https:\/\/www.youtube.com\/embed\/LUtNOl3KQ48?feature=oembed\" frameborder=\"0\" allow=\"accelerometer; autoplay; clipboard-write; encrypted-media; gyroscope; picture-in-picture; web-share\" referrerpolicy=\"strict-origin-when-cross-origin\" allowfullscreen><\/iframe>\n<\/div><\/figure>","protected":false},"excerpt":{"rendered":"<p>Nahradi\u0165 Dominika Tak\u00e1\u010da nie je rozhodne \u013eahk\u00e1 \u00faloha,&#8230;<\/p>","protected":false},"author":5,"featured_media":18160,"comment_status":"closed","ping_status":"closed","sticky":false,"template":"","format":"standard","meta":{"footnotes":""},"categories":[12],"tags":[],"class_list":["post-18159","post","type-post","status-publish","format-standard","has-post-thumbnail","hentry","category-spravy","post-number-1"],"yoast_head":"<!-- This site is optimized with the Yoast SEO plugin v27.1.1 - https:\/\/yoast.com\/product\/yoast-seo-wordpress\/ -->\n<title>Spartak z\u00edskal posilu na brank\u00e1rsky post! - FC Spartak Trnava<\/title>\n<meta name=\"robots\" content=\"index, follow, max-snippet:-1, max-image-preview:large, max-video-preview:-1\" \/>\n<link rel=\"canonical\" href=\"https:\/\/fcspartaktrnava.com\/en\/spartak-ziskal-posilu-na-brankarsky-post\/\" \/>\n<meta name=\"twitter:label1\" content=\"Written by\" \/>\n\t<meta name=\"twitter:data1\" content=\"Samuel \u010eurinsk\u00fd\" \/>\n\t<meta name=\"twitter:label2\" content=\"Estimated reading time\" \/>\n\t<meta name=\"twitter:data2\" content=\"2 minutes\" \/>\n<script type=\"application\/ld+json\" class=\"yoast-schema-graph\">{\"@context\":\"https:\/\/schema.org\",\"@graph\":[{\"@type\":\"Article\",\"@id\":\"https:\/\/fcspartaktrnava.com\/spartak-ziskal-posilu-na-brankarsky-post\/#article\",\"isPartOf\":{\"@id\":\"https:\/\/fcspartaktrnava.com\/spartak-ziskal-posilu-na-brankarsky-post\/\"},\"author\":{\"name\":\"Samuel \u010eurinsk\u00fd\",\"@id\":\"https:\/\/fcspartaktrnava.com\/#\/schema\/person\/62c3c2562c3c56e4c0c8c2342c596ac0\"},\"headline\":\"Spartak z\u00edskal posilu na brank\u00e1rsky post!\",\"datePublished\":\"2024-06-16T13:52:54+00:00\",\"dateModified\":\"2024-06-16T13:52:55+00:00\",\"mainEntityOfPage\":{\"@id\":\"https:\/\/fcspartaktrnava.com\/spartak-ziskal-posilu-na-brankarsky-post\/\"},\"wordCount\":315,\"publisher\":{\"@id\":\"https:\/\/fcspartaktrnava.com\/#organization\"},\"image\":{\"@id\":\"https:\/\/fcspartaktrnava.com\/spartak-ziskal-posilu-na-brankarsky-post\/#primaryimage\"},\"thumbnailUrl\":\"https:\/\/fcspartaktrnava.com\/wp-content\/uploads\/2024\/06\/DSC_5513-scaled.jpg\",\"articleSection\":[\"Spr\u00e1vy\"],\"inLanguage\":\"en-GB\"},{\"@type\":\"WebPage\",\"@id\":\"https:\/\/fcspartaktrnava.com\/spartak-ziskal-posilu-na-brankarsky-post\/\",\"url\":\"https:\/\/fcspartaktrnava.com\/spartak-ziskal-posilu-na-brankarsky-post\/\",\"name\":\"Spartak z\u00edskal posilu na brank\u00e1rsky post! - FC Spartak Trnava\",\"isPartOf\":{\"@id\":\"https:\/\/fcspartaktrnava.com\/#website\"},\"primaryImageOfPage\":{\"@id\":\"https:\/\/fcspartaktrnava.com\/spartak-ziskal-posilu-na-brankarsky-post\/#primaryimage\"},\"image\":{\"@id\":\"https:\/\/fcspartaktrnava.com\/spartak-ziskal-posilu-na-brankarsky-post\/#primaryimage\"},\"thumbnailUrl\":\"https:\/\/fcspartaktrnava.com\/wp-content\/uploads\/2024\/06\/DSC_5513-scaled.jpg\",\"datePublished\":\"2024-06-16T13:52:54+00:00\",\"dateModified\":\"2024-06-16T13:52:55+00:00\",\"breadcrumb\":{\"@id\":\"https:\/\/fcspartaktrnava.com\/spartak-ziskal-posilu-na-brankarsky-post\/#breadcrumb\"},\"inLanguage\":\"en-GB\",\"potentialAction\":[{\"@type\":\"ReadAction\",\"target\":[\"https:\/\/fcspartaktrnava.com\/spartak-ziskal-posilu-na-brankarsky-post\/\"]}]},{\"@type\":\"ImageObject\",\"inLanguage\":\"en-GB\",\"@id\":\"https:\/\/fcspartaktrnava.com\/spartak-ziskal-posilu-na-brankarsky-post\/#primaryimage\",\"url\":\"https:\/\/fcspartaktrnava.com\/wp-content\/uploads\/2024\/06\/DSC_5513-scaled.jpg\",\"contentUrl\":\"https:\/\/fcspartaktrnava.com\/wp-content\/uploads\/2024\/06\/DSC_5513-scaled.jpg\",\"width\":2560,\"height\":1709},{\"@type\":\"BreadcrumbList\",\"@id\":\"https:\/\/fcspartaktrnava.com\/spartak-ziskal-posilu-na-brankarsky-post\/#breadcrumb\",\"itemListElement\":[{\"@type\":\"ListItem\",\"position\":1,\"name\":\"Home\",\"item\":\"https:\/\/fcspartaktrnava.com\/\"},{\"@type\":\"ListItem\",\"position\":2,\"name\":\"Spartak z\u00edskal posilu na brank\u00e1rsky post!\"}]},{\"@type\":\"WebSite\",\"@id\":\"https:\/\/fcspartaktrnava.com\/#website\",\"url\":\"https:\/\/fcspartaktrnava.com\/\",\"name\":\"FC Spartak Trnava\",\"description\":\"ofici\u00e1lna webstr\u00e1nka futbalov\u00e9ho klubu\",\"publisher\":{\"@id\":\"https:\/\/fcspartaktrnava.com\/#organization\"},\"potentialAction\":[{\"@type\":\"SearchAction\",\"target\":{\"@type\":\"EntryPoint\",\"urlTemplate\":\"https:\/\/fcspartaktrnava.com\/?s={search_term_string}\"},\"query-input\":{\"@type\":\"PropertyValueSpecification\",\"valueRequired\":true,\"valueName\":\"search_term_string\"}}],\"inLanguage\":\"en-GB\"},{\"@type\":\"Organization\",\"@id\":\"https:\/\/fcspartaktrnava.com\/#organization\",\"name\":\"FC Spartak Trnava\",\"alternateName\":\"Spartak\",\"url\":\"https:\/\/fcspartaktrnava.com\/\",\"logo\":{\"@type\":\"ImageObject\",\"inLanguage\":\"en-GB\",\"@id\":\"https:\/\/fcspartaktrnava.com\/#\/schema\/logo\/image\/\",\"url\":\"https:\/\/fcspartaktrnava.com\/wp-content\/uploads\/2022\/08\/cropped-site_logo.png\",\"contentUrl\":\"https:\/\/fcspartaktrnava.com\/wp-content\/uploads\/2022\/08\/cropped-site_logo.png\",\"width\":140,\"height\":140,\"caption\":\"FC Spartak Trnava\"},\"image\":{\"@id\":\"https:\/\/fcspartaktrnava.com\/#\/schema\/logo\/image\/\"},\"sameAs\":[\"https:\/\/www.facebook.com\/SpartakTrnava\",\"https:\/\/x.com\/SpartakTrnava1\",\"https:\/\/www.instagram.com\/spartak_sk\/\"]},{\"@type\":\"Person\",\"@id\":\"https:\/\/fcspartaktrnava.com\/#\/schema\/person\/62c3c2562c3c56e4c0c8c2342c596ac0\",\"name\":\"Samuel \u010eurinsk\u00fd\",\"image\":{\"@type\":\"ImageObject\",\"inLanguage\":\"en-GB\",\"@id\":\"https:\/\/fcspartaktrnava.com\/#\/schema\/person\/image\/\",\"url\":\"https:\/\/secure.gravatar.com\/avatar\/af2fa02af92418b86ed742470664fe40056833fb68d84becf03f6ab02319257c?s=96&d=mm&r=g\",\"contentUrl\":\"https:\/\/secure.gravatar.com\/avatar\/af2fa02af92418b86ed742470664fe40056833fb68d84becf03f6ab02319257c?s=96&d=mm&r=g\",\"caption\":\"Samuel \u010eurinsk\u00fd\"},\"url\":\"https:\/\/fcspartaktrnava.com\/en\/author\/fcst-samuel\/\"}]}<\/script>\n<!-- \/ Yoast SEO plugin. -->","yoast_head_json":{"title":"Spartak z\u00edskal posilu na brank\u00e1rsky post! - FC Spartak Trnava","robots":{"index":"index","follow":"follow","max-snippet":"max-snippet:-1","max-image-preview":"max-image-preview:large","max-video-preview":"max-video-preview:-1"},"canonical":"https:\/\/fcspartaktrnava.com\/en\/spartak-ziskal-posilu-na-brankarsky-post\/","twitter_misc":{"Written by":"Samuel \u010eurinsk\u00fd","Estimated reading time":"2 minutes"},"schema":{"@context":"https:\/\/schema.org","@graph":[{"@type":"Article","@id":"https:\/\/fcspartaktrnava.com\/spartak-ziskal-posilu-na-brankarsky-post\/#article","isPartOf":{"@id":"https:\/\/fcspartaktrnava.com\/spartak-ziskal-posilu-na-brankarsky-post\/"},"author":{"name":"Samuel \u010eurinsk\u00fd","@id":"https:\/\/fcspartaktrnava.com\/#\/schema\/person\/62c3c2562c3c56e4c0c8c2342c596ac0"},"headline":"Spartak z\u00edskal posilu na brank\u00e1rsky post!","datePublished":"2024-06-16T13:52:54+00:00","dateModified":"2024-06-16T13:52:55+00:00","mainEntityOfPage":{"@id":"https:\/\/fcspartaktrnava.com\/spartak-ziskal-posilu-na-brankarsky-post\/"},"wordCount":315,"publisher":{"@id":"https:\/\/fcspartaktrnava.com\/#organization"},"image":{"@id":"https:\/\/fcspartaktrnava.com\/spartak-ziskal-posilu-na-brankarsky-post\/#primaryimage"},"thumbnailUrl":"https:\/\/fcspartaktrnava.com\/wp-content\/uploads\/2024\/06\/DSC_5513-scaled.jpg","articleSection":["Spr\u00e1vy"],"inLanguage":"en-GB"},{"@type":"WebPage","@id":"https:\/\/fcspartaktrnava.com\/spartak-ziskal-posilu-na-brankarsky-post\/","url":"https:\/\/fcspartaktrnava.com\/spartak-ziskal-posilu-na-brankarsky-post\/","name":"Spartak z\u00edskal posilu na brank\u00e1rsky post! - FC Spartak Trnava","isPartOf":{"@id":"https:\/\/fcspartaktrnava.com\/#website"},"primaryImageOfPage":{"@id":"https:\/\/fcspartaktrnava.com\/spartak-ziskal-posilu-na-brankarsky-post\/#primaryimage"},"image":{"@id":"https:\/\/fcspartaktrnava.com\/spartak-ziskal-posilu-na-brankarsky-post\/#primaryimage"},"thumbnailUrl":"https:\/\/fcspartaktrnava.com\/wp-content\/uploads\/2024\/06\/DSC_5513-scaled.jpg","datePublished":"2024-06-16T13:52:54+00:00","dateModified":"2024-06-16T13:52:55+00:00","breadcrumb":{"@id":"https:\/\/fcspartaktrnava.com\/spartak-ziskal-posilu-na-brankarsky-post\/#breadcrumb"},"inLanguage":"en-GB","potentialAction":[{"@type":"ReadAction","target":["https:\/\/fcspartaktrnava.com\/spartak-ziskal-posilu-na-brankarsky-post\/"]}]},{"@type":"ImageObject","inLanguage":"en-GB","@id":"https:\/\/fcspartaktrnava.com\/spartak-ziskal-posilu-na-brankarsky-post\/#primaryimage","url":"https:\/\/fcspartaktrnava.com\/wp-content\/uploads\/2024\/06\/DSC_5513-scaled.jpg","contentUrl":"https:\/\/fcspartaktrnava.com\/wp-content\/uploads\/2024\/06\/DSC_5513-scaled.jpg","width":2560,"height":1709},{"@type":"BreadcrumbList","@id":"https:\/\/fcspartaktrnava.com\/spartak-ziskal-posilu-na-brankarsky-post\/#breadcrumb","itemListElement":[{"@type":"ListItem","position":1,"name":"Home","item":"https:\/\/fcspartaktrnava.com\/"},{"@type":"ListItem","position":2,"name":"Spartak z\u00edskal posilu na brank\u00e1rsky post!"}]},{"@type":"WebSite","@id":"https:\/\/fcspartaktrnava.com\/#website","url":"https:\/\/fcspartaktrnava.com\/","name":"FC Spartak Trnava","description":"ofici\u00e1lna webstr\u00e1nka futbalov\u00e9ho klubu","publisher":{"@id":"https:\/\/fcspartaktrnava.com\/#organization"},"potentialAction":[{"@type":"SearchAction","target":{"@type":"EntryPoint","urlTemplate":"https:\/\/fcspartaktrnava.com\/?s={search_term_string}"},"query-input":{"@type":"PropertyValueSpecification","valueRequired":true,"valueName":"search_term_string"}}],"inLanguage":"en-GB"},{"@type":"Organization","@id":"https:\/\/fcspartaktrnava.com\/#organization","name":"FC Spartak Trnava","alternateName":"Spartak","url":"https:\/\/fcspartaktrnava.com\/","logo":{"@type":"ImageObject","inLanguage":"en-GB","@id":"https:\/\/fcspartaktrnava.com\/#\/schema\/logo\/image\/","url":"https:\/\/fcspartaktrnava.com\/wp-content\/uploads\/2022\/08\/cropped-site_logo.png","contentUrl":"https:\/\/fcspartaktrnava.com\/wp-content\/uploads\/2022\/08\/cropped-site_logo.png","width":140,"height":140,"caption":"FC Spartak Trnava"},"image":{"@id":"https:\/\/fcspartaktrnava.com\/#\/schema\/logo\/image\/"},"sameAs":["https:\/\/www.facebook.com\/SpartakTrnava","https:\/\/x.com\/SpartakTrnava1","https:\/\/www.instagram.com\/spartak_sk\/"]},{"@type":"Person","@id":"https:\/\/fcspartaktrnava.com\/#\/schema\/person\/62c3c2562c3c56e4c0c8c2342c596ac0","name":"Samuel \u010eurinsk\u00fd","image":{"@type":"ImageObject","inLanguage":"en-GB","@id":"https:\/\/fcspartaktrnava.com\/#\/schema\/person\/image\/","url":"https:\/\/secure.gravatar.com\/avatar\/af2fa02af92418b86ed742470664fe40056833fb68d84becf03f6ab02319257c?s=96&d=mm&r=g","contentUrl":"https:\/\/secure.gravatar.com\/avatar\/af2fa02af92418b86ed742470664fe40056833fb68d84becf03f6ab02319257c?s=96&d=mm&r=g","caption":"Samuel \u010eurinsk\u00fd"},"url":"https:\/\/fcspartaktrnava.com\/en\/author\/fcst-samuel\/"}]}},"_links":{"self":[{"href":"https:\/\/fcspartaktrnava.com\/en\/wp-json\/wp\/v2\/posts\/18159","targetHints":{"allow":["GET"]}}],"collection":[{"href":"https:\/\/fcspartaktrnava.com\/en\/wp-json\/wp\/v2\/posts"}],"about":[{"href":"https:\/\/fcspartaktrnava.com\/en\/wp-json\/wp\/v2\/types\/post"}],"author":[{"embeddable":true,"href":"https:\/\/fcspartaktrnava.com\/en\/wp-json\/wp\/v2\/users\/5"}],"replies":[{"embeddable":true,"href":"https:\/\/fcspartaktrnava.com\/en\/wp-json\/wp\/v2\/comments?post=18159"}],"version-history":[{"count":0,"href":"https:\/\/fcspartaktrnava.com\/en\/wp-json\/wp\/v2\/posts\/18159\/revisions"}],"wp:featuredmedia":[{"embeddable":true,"href":"https:\/\/fcspartaktrnava.com\/en\/wp-json\/wp\/v2\/media\/18160"}],"wp:attachment":[{"href":"https:\/\/fcspartaktrnava.com\/en\/wp-json\/wp\/v2\/media?parent=18159"}],"wp:term":[{"taxonomy":"category","embeddable":true,"href":"https:\/\/fcspartaktrnava.com\/en\/wp-json\/wp\/v2\/categories?post=18159"},{"taxonomy":"post_tag","embeddable":true,"href":"https:\/\/fcspartaktrnava.com\/en\/wp-json\/wp\/v2\/tags?post=18159"}],"curies":[{"name":"wp","href":"https:\/\/api.w.org\/{rel}","templated":true}]}}