{"id":17797,"date":"2024-06-09T18:07:34","date_gmt":"2024-06-09T16:07:34","guid":{"rendered":"https:\/\/fcspartaktrnava.com\/?p=17797"},"modified":"2024-06-10T17:53:38","modified_gmt":"2024-06-10T15:53:38","slug":"spokojnost-so-sezonou-a-velky-krok-nie-len-pre-spartak-ale-pre-cely-zensky-futbal","status":"publish","type":"post","link":"https:\/\/fcspartaktrnava.com\/en\/spokojnost-so-sezonou-a-velky-krok-nie-len-pre-spartak-ale-pre-cely-zensky-futbal\/","title":{"rendered":"SPOKOJNOS\u0164 SO SEZ\u00d3NOU A VE\u013dK\u00dd KROK NIELEN PRE SPARTAK, ALE PRE CEL\u00dd \u017dENSK\u00dd FUTBAL"},"content":{"rendered":"<p class=\"has-vivid-red-color has-text-color has-link-color has-medium-font-size wp-elements-7ec1fcb8bb65a433b77543a407558c1c\"><em><strong>V sobotu 8.6. odohrali na\u0161e \u017eeny posledn\u00fd ligov\u00fd z\u00e1pas na dom\u00e1com ihrisku v Jaslovsk\u00fdch Bohuniciach proti bratislavsk\u00e9mu Slovanu. Ligov\u00e1 derni\u00e9ra im \u017eia\u013e nevy\u0161la, v derby prehrali 1:3.<\/strong><\/em><\/p>\n\n\n\n<p style=\"font-size:18px\"><strong><em><em><strong><em><strong>\u201e<\/strong><\/em><\/strong><\/em>Z\u00e1pas n\u00e1m nevy\u0161iel pod\u013ea predst\u00e1v, chceli sme do z\u00e1pasu vst\u00fapi\u0165 akt\u00edvne a diktova\u0165 tempo hry, \u017eia\u013e nepodarilo sa n\u00e1m to. Zlomila n\u00e1s smoln\u00e1 penalta nariaden\u00e1 proti n\u00e1m a tie\u017e druh\u00fd g\u00f3l po individu\u00e1lnych chyb\u00e1ch. Chceli sme so z\u00e1pasom e\u0161te nie\u010do urobi\u0165, ale v z\u00e1vere n\u00e1m u\u017e ch\u00fdbali sily. S\u00faper tak zasl\u00fa\u017eene vyhral,\u201d <\/em><\/strong>zhodnotil z\u00e1pas tr\u00e9ner Matej Chocina.<\/p>\n\n\n\n<figure class=\"wp-block-image size-large\"><img loading=\"lazy\" decoding=\"async\" width=\"1024\" height=\"682\" src=\"https:\/\/fcspartaktrnava.com\/wp-content\/uploads\/2024\/06\/DSC_6669-1024x682.jpg\" alt=\"\" class=\"wp-image-17798\" srcset=\"https:\/\/fcspartaktrnava.com\/wp-content\/uploads\/2024\/06\/DSC_6669-1024x682.jpg 1024w, https:\/\/fcspartaktrnava.com\/wp-content\/uploads\/2024\/06\/DSC_6669-300x200.jpg 300w, https:\/\/fcspartaktrnava.com\/wp-content\/uploads\/2024\/06\/DSC_6669-768x512.jpg 768w, https:\/\/fcspartaktrnava.com\/wp-content\/uploads\/2024\/06\/DSC_6669-1536x1023.jpg 1536w, https:\/\/fcspartaktrnava.com\/wp-content\/uploads\/2024\/06\/DSC_6669-2048x1364.jpg 2048w, https:\/\/fcspartaktrnava.com\/wp-content\/uploads\/2024\/06\/DSC_6669-18x12.jpg 18w\" sizes=\"auto, (max-width: 1024px) 100vw, 1024px\" \/><\/figure>\n\n\n\n<p style=\"font-size:18px\">Kapit\u00e1nku t\u00edmu (aj ke\u010f v poslednom z\u00e1pase prenechala p\u00e1sku Janke \u010cerv\u00edkovej) mrzia nepremenen\u00e9 \u0161ance, ktor\u00e9 e\u0161te mohli z\u00e1pas zdramatizova\u0165: <em><strong> <em><strong>\u201e<\/strong><\/em>Z\u00e1pas bol ve\u013emi n\u00e1ro\u010dn\u00fd, bohu\u017eia\u013e n\u00e1m to nevy\u0161lo tak ako sme chceli. Po\u010dasie tie\u017e zahralo ve\u013ek\u00fa rolu, ke\u010f\u017ee od r\u00e1na svietilo slnko. Nastrelili sme aj ty\u010dky, nejak\u00fd ten g\u00f3l sme si e\u0161te zasl\u00fa\u017eili da\u0165.<\/strong><\/em>&#8222;<\/p>\n\n\n\n<p style=\"font-size:18px\">So sez\u00f3nou v\u0161ak v kab\u00edne panuje spokojnos\u0165: <strong> <em><strong>\u201e<\/strong><\/em>So sez\u00f3nou sme spokojn\u00e9, obh\u00e1jili sme \u0161tvrt\u00e9 miesto, samozrejme \u017ee by sme chceli \u00eds\u0165 v tabu\u013eke vy\u0161\u0161ie ale cie\u013e sme splnili&#8220;, <\/strong>pokra\u010dovala \u010ceriov\u00e1.<\/p>\n\n\n\n<p style=\"font-size:18px\">Tr\u00e9nera Mateja Chocinu mrz\u00ed najm\u00e4 vypadnutie v slovenskom poh\u00e1ri s \u0160K 2011: <strong><em><strong><em><strong>\u201e<\/strong><\/em><\/strong>Udr\u017eali sme si n\u00e1\u0161 \u0161tandard a oproti minul\u00fdm sez\u00f3nam sme sa nepohor\u0161ili v postaven\u00ed v tabu\u013eke. Mrz\u00ed n\u00e1s najm\u00e4 skor\u00e9 vypadnutie v slovenskom poh\u00e1ri. Sez\u00f3na mala svetlej\u0161ie aj hor\u0161ie momenty<\/em><\/strong>.&#8220;<\/p>\n\n\n\n<p style=\"font-size:18px\">A na ktor\u00fd moment v sez\u00f3ne tr\u00e9ner spom\u00edna v najlep\u0161om? <strong><em>\u201eNajpam\u00e4tnej\u0161\u00ed z\u00e1pas sez\u00f3ny bolo jednozna\u010dne prv\u00e9 dom\u00e1ce derby proti Slovanu, v ktorom sme zv\u00ed\u0165azili 4:0. V z\u00e1pase sme dominovali, premenili \u0161ance a zasl\u00fa\u017eene sme vyhrali.\u201d<\/em><\/strong><\/p>\n\n\n\n<p style=\"font-size:18px\">\u010ceriov\u00e1 mala po z\u00e1pase ale predsa len aspo\u0148 mal\u00fd d\u00f4vod na rados\u0165. U\u017e druh\u00fdkr\u00e1t v rade sa dostala do najlep\u0161ej zostavy sez\u00f3ny v Demi\u0161port Lige: <strong><em>\u201eJe to ve\u013ek\u00e1 motiv\u00e1cia pos\u00fava\u0165 sa vpred. V\u010faka patr\u00ed mojim spoluhr\u00e1\u010dkam, lebo futbal sa hr\u00e1 v 11 tich a\u017e 18 tich, \u010falej tr\u00e9nerom, realiza\u010dn\u00e9mu t\u00edmu, ale hlavne mojej rodine, lebo bez nich by som tu dnes nest\u00e1la.&#8220;<\/em><\/strong><\/p>\n\n\n\n<figure class=\"wp-block-image size-large\"><img loading=\"lazy\" decoding=\"async\" width=\"1024\" height=\"683\" src=\"https:\/\/fcspartaktrnava.com\/wp-content\/uploads\/2024\/06\/DSC_7568-1024x683.jpg\" alt=\"\" class=\"wp-image-17799\" srcset=\"https:\/\/fcspartaktrnava.com\/wp-content\/uploads\/2024\/06\/DSC_7568-1024x683.jpg 1024w, https:\/\/fcspartaktrnava.com\/wp-content\/uploads\/2024\/06\/DSC_7568-300x200.jpg 300w, https:\/\/fcspartaktrnava.com\/wp-content\/uploads\/2024\/06\/DSC_7568-768x512.jpg 768w, https:\/\/fcspartaktrnava.com\/wp-content\/uploads\/2024\/06\/DSC_7568-1536x1024.jpg 1536w, https:\/\/fcspartaktrnava.com\/wp-content\/uploads\/2024\/06\/DSC_7568-2048x1365.jpg 2048w, https:\/\/fcspartaktrnava.com\/wp-content\/uploads\/2024\/06\/DSC_7568-18x12.jpg 18w\" sizes=\"auto, (max-width: 1024px) 100vw, 1024px\" \/><\/figure>\n\n\n\n<p style=\"font-size:18px\">Iba pred p\u00e1r d\u0148ami sme avizovali zisk nov\u00e9ho sponzora pre na\u0161e \u017eensk\u00e9 dru\u017estvo. Je n\u00edm firma Autocomodex, ktor\u00e1 bude spartakovsk\u00e9 \u017eeny sponzorova\u0165 minim\u00e1lne najbli\u017e\u0161ie 2 roky. <strong><em><strong><em>\u201e<\/em><\/strong>Je to obrovsk\u00fd krok. Som z toho dojat\u00e1. Je to nielen ve\u013ek\u00fd krok pre Spartak, ale aj celkovo pre \u017eensk\u00fd futbal. Je to jedna ve\u013ek\u00e1 rados\u0165, neskuto\u010dne sa te\u0161\u00edm na nov\u00fa sez\u00f3nu a e\u0161te raz \u010fakujem,\u201d<\/em><\/strong> vyjadrila sa na margo novej spolupr\u00e1ce \u010ceriov\u00e1.<\/p>\n\n\n\n<p><\/p>","protected":false},"excerpt":{"rendered":"<p>V sobotu 8.6. odohrali na\u0161e \u017eeny posledn\u00fd ligov\u00fd&#8230;<\/p>","protected":false},"author":5,"featured_media":17800,"comment_status":"closed","ping_status":"closed","sticky":false,"template":"","format":"standard","meta":{"footnotes":""},"categories":[12],"tags":[],"class_list":["post-17797","post","type-post","status-publish","format-standard","has-post-thumbnail","hentry","category-spravy","post-number-1"],"yoast_head":"<!-- This site is optimized with the Yoast SEO plugin v27.1.1 - https:\/\/yoast.com\/product\/yoast-seo-wordpress\/ -->\n<title>SPOKOJNOS\u0164 SO SEZ\u00d3NOU A VE\u013dK\u00dd KROK NIELEN PRE SPARTAK, ALE PRE CEL\u00dd \u017dENSK\u00dd FUTBAL - FC Spartak Trnava<\/title>\n<meta name=\"robots\" content=\"index, follow, max-snippet:-1, max-image-preview:large, max-video-preview:-1\" \/>\n<link rel=\"canonical\" href=\"https:\/\/fcspartaktrnava.com\/en\/spokojnost-so-sezonou-a-velky-krok-nie-len-pre-spartak-ale-pre-cely-zensky-futbal\/\" \/>\n<meta name=\"twitter:label1\" content=\"Written by\" \/>\n\t<meta name=\"twitter:data1\" content=\"Samuel \u010eurinsk\u00fd\" \/>\n\t<meta name=\"twitter:label2\" content=\"Estimated reading time\" \/>\n\t<meta name=\"twitter:data2\" content=\"3 minutes\" \/>\n<script type=\"application\/ld+json\" class=\"yoast-schema-graph\">{\"@context\":\"https:\/\/schema.org\",\"@graph\":[{\"@type\":\"Article\",\"@id\":\"https:\/\/fcspartaktrnava.com\/spokojnost-so-sezonou-a-velky-krok-nie-len-pre-spartak-ale-pre-cely-zensky-futbal\/#article\",\"isPartOf\":{\"@id\":\"https:\/\/fcspartaktrnava.com\/spokojnost-so-sezonou-a-velky-krok-nie-len-pre-spartak-ale-pre-cely-zensky-futbal\/\"},\"author\":{\"name\":\"Samuel \u010eurinsk\u00fd\",\"@id\":\"https:\/\/fcspartaktrnava.com\/#\/schema\/person\/62c3c2562c3c56e4c0c8c2342c596ac0\"},\"headline\":\"SPOKOJNOS\u0164 SO SEZ\u00d3NOU A VE\u013dK\u00dd KROK NIELEN PRE SPARTAK, ALE PRE CEL\u00dd \u017dENSK\u00dd FUTBAL\",\"datePublished\":\"2024-06-09T16:07:34+00:00\",\"dateModified\":\"2024-06-10T15:53:38+00:00\",\"mainEntityOfPage\":{\"@id\":\"https:\/\/fcspartaktrnava.com\/spokojnost-so-sezonou-a-velky-krok-nie-len-pre-spartak-ale-pre-cely-zensky-futbal\/\"},\"wordCount\":501,\"publisher\":{\"@id\":\"https:\/\/fcspartaktrnava.com\/#organization\"},\"image\":{\"@id\":\"https:\/\/fcspartaktrnava.com\/spokojnost-so-sezonou-a-velky-krok-nie-len-pre-spartak-ale-pre-cely-zensky-futbal\/#primaryimage\"},\"thumbnailUrl\":\"https:\/\/fcspartaktrnava.com\/wp-content\/uploads\/2024\/06\/DSC_6095-scaled.jpg\",\"articleSection\":[\"Spr\u00e1vy\"],\"inLanguage\":\"en-GB\"},{\"@type\":\"WebPage\",\"@id\":\"https:\/\/fcspartaktrnava.com\/spokojnost-so-sezonou-a-velky-krok-nie-len-pre-spartak-ale-pre-cely-zensky-futbal\/\",\"url\":\"https:\/\/fcspartaktrnava.com\/spokojnost-so-sezonou-a-velky-krok-nie-len-pre-spartak-ale-pre-cely-zensky-futbal\/\",\"name\":\"SPOKOJNOS\u0164 SO SEZ\u00d3NOU A VE\u013dK\u00dd KROK NIELEN PRE SPARTAK, ALE PRE CEL\u00dd \u017dENSK\u00dd FUTBAL - FC Spartak Trnava\",\"isPartOf\":{\"@id\":\"https:\/\/fcspartaktrnava.com\/#website\"},\"primaryImageOfPage\":{\"@id\":\"https:\/\/fcspartaktrnava.com\/spokojnost-so-sezonou-a-velky-krok-nie-len-pre-spartak-ale-pre-cely-zensky-futbal\/#primaryimage\"},\"image\":{\"@id\":\"https:\/\/fcspartaktrnava.com\/spokojnost-so-sezonou-a-velky-krok-nie-len-pre-spartak-ale-pre-cely-zensky-futbal\/#primaryimage\"},\"thumbnailUrl\":\"https:\/\/fcspartaktrnava.com\/wp-content\/uploads\/2024\/06\/DSC_6095-scaled.jpg\",\"datePublished\":\"2024-06-09T16:07:34+00:00\",\"dateModified\":\"2024-06-10T15:53:38+00:00\",\"breadcrumb\":{\"@id\":\"https:\/\/fcspartaktrnava.com\/spokojnost-so-sezonou-a-velky-krok-nie-len-pre-spartak-ale-pre-cely-zensky-futbal\/#breadcrumb\"},\"inLanguage\":\"en-GB\",\"potentialAction\":[{\"@type\":\"ReadAction\",\"target\":[\"https:\/\/fcspartaktrnava.com\/spokojnost-so-sezonou-a-velky-krok-nie-len-pre-spartak-ale-pre-cely-zensky-futbal\/\"]}]},{\"@type\":\"ImageObject\",\"inLanguage\":\"en-GB\",\"@id\":\"https:\/\/fcspartaktrnava.com\/spokojnost-so-sezonou-a-velky-krok-nie-len-pre-spartak-ale-pre-cely-zensky-futbal\/#primaryimage\",\"url\":\"https:\/\/fcspartaktrnava.com\/wp-content\/uploads\/2024\/06\/DSC_6095-scaled.jpg\",\"contentUrl\":\"https:\/\/fcspartaktrnava.com\/wp-content\/uploads\/2024\/06\/DSC_6095-scaled.jpg\",\"width\":2560,\"height\":1707},{\"@type\":\"BreadcrumbList\",\"@id\":\"https:\/\/fcspartaktrnava.com\/spokojnost-so-sezonou-a-velky-krok-nie-len-pre-spartak-ale-pre-cely-zensky-futbal\/#breadcrumb\",\"itemListElement\":[{\"@type\":\"ListItem\",\"position\":1,\"name\":\"Home\",\"item\":\"https:\/\/fcspartaktrnava.com\/\"},{\"@type\":\"ListItem\",\"position\":2,\"name\":\"SPOKOJNOS\u0164 SO SEZ\u00d3NOU A VE\u013dK\u00dd KROK NIELEN PRE SPARTAK, ALE PRE CEL\u00dd \u017dENSK\u00dd FUTBAL\"}]},{\"@type\":\"WebSite\",\"@id\":\"https:\/\/fcspartaktrnava.com\/#website\",\"url\":\"https:\/\/fcspartaktrnava.com\/\",\"name\":\"FC Spartak Trnava\",\"description\":\"ofici\u00e1lna webstr\u00e1nka futbalov\u00e9ho klubu\",\"publisher\":{\"@id\":\"https:\/\/fcspartaktrnava.com\/#organization\"},\"potentialAction\":[{\"@type\":\"SearchAction\",\"target\":{\"@type\":\"EntryPoint\",\"urlTemplate\":\"https:\/\/fcspartaktrnava.com\/?s={search_term_string}\"},\"query-input\":{\"@type\":\"PropertyValueSpecification\",\"valueRequired\":true,\"valueName\":\"search_term_string\"}}],\"inLanguage\":\"en-GB\"},{\"@type\":\"Organization\",\"@id\":\"https:\/\/fcspartaktrnava.com\/#organization\",\"name\":\"FC Spartak Trnava\",\"alternateName\":\"Spartak\",\"url\":\"https:\/\/fcspartaktrnava.com\/\",\"logo\":{\"@type\":\"ImageObject\",\"inLanguage\":\"en-GB\",\"@id\":\"https:\/\/fcspartaktrnava.com\/#\/schema\/logo\/image\/\",\"url\":\"https:\/\/fcspartaktrnava.com\/wp-content\/uploads\/2022\/08\/cropped-site_logo.png\",\"contentUrl\":\"https:\/\/fcspartaktrnava.com\/wp-content\/uploads\/2022\/08\/cropped-site_logo.png\",\"width\":140,\"height\":140,\"caption\":\"FC Spartak Trnava\"},\"image\":{\"@id\":\"https:\/\/fcspartaktrnava.com\/#\/schema\/logo\/image\/\"},\"sameAs\":[\"https:\/\/www.facebook.com\/SpartakTrnava\",\"https:\/\/x.com\/SpartakTrnava1\",\"https:\/\/www.instagram.com\/spartak_sk\/\"]},{\"@type\":\"Person\",\"@id\":\"https:\/\/fcspartaktrnava.com\/#\/schema\/person\/62c3c2562c3c56e4c0c8c2342c596ac0\",\"name\":\"Samuel \u010eurinsk\u00fd\",\"image\":{\"@type\":\"ImageObject\",\"inLanguage\":\"en-GB\",\"@id\":\"https:\/\/fcspartaktrnava.com\/#\/schema\/person\/image\/\",\"url\":\"https:\/\/secure.gravatar.com\/avatar\/af2fa02af92418b86ed742470664fe40056833fb68d84becf03f6ab02319257c?s=96&d=mm&r=g\",\"contentUrl\":\"https:\/\/secure.gravatar.com\/avatar\/af2fa02af92418b86ed742470664fe40056833fb68d84becf03f6ab02319257c?s=96&d=mm&r=g\",\"caption\":\"Samuel \u010eurinsk\u00fd\"},\"url\":\"https:\/\/fcspartaktrnava.com\/en\/author\/fcst-samuel\/\"}]}<\/script>\n<!-- \/ Yoast SEO plugin. -->","yoast_head_json":{"title":"SPOKOJNOS\u0164 SO SEZ\u00d3NOU A VE\u013dK\u00dd KROK NIELEN PRE SPARTAK, ALE PRE CEL\u00dd \u017dENSK\u00dd FUTBAL - FC Spartak Trnava","robots":{"index":"index","follow":"follow","max-snippet":"max-snippet:-1","max-image-preview":"max-image-preview:large","max-video-preview":"max-video-preview:-1"},"canonical":"https:\/\/fcspartaktrnava.com\/en\/spokojnost-so-sezonou-a-velky-krok-nie-len-pre-spartak-ale-pre-cely-zensky-futbal\/","twitter_misc":{"Written by":"Samuel \u010eurinsk\u00fd","Estimated reading time":"3 minutes"},"schema":{"@context":"https:\/\/schema.org","@graph":[{"@type":"Article","@id":"https:\/\/fcspartaktrnava.com\/spokojnost-so-sezonou-a-velky-krok-nie-len-pre-spartak-ale-pre-cely-zensky-futbal\/#article","isPartOf":{"@id":"https:\/\/fcspartaktrnava.com\/spokojnost-so-sezonou-a-velky-krok-nie-len-pre-spartak-ale-pre-cely-zensky-futbal\/"},"author":{"name":"Samuel \u010eurinsk\u00fd","@id":"https:\/\/fcspartaktrnava.com\/#\/schema\/person\/62c3c2562c3c56e4c0c8c2342c596ac0"},"headline":"SPOKOJNOS\u0164 SO SEZ\u00d3NOU A VE\u013dK\u00dd KROK NIELEN PRE SPARTAK, ALE PRE CEL\u00dd \u017dENSK\u00dd FUTBAL","datePublished":"2024-06-09T16:07:34+00:00","dateModified":"2024-06-10T15:53:38+00:00","mainEntityOfPage":{"@id":"https:\/\/fcspartaktrnava.com\/spokojnost-so-sezonou-a-velky-krok-nie-len-pre-spartak-ale-pre-cely-zensky-futbal\/"},"wordCount":501,"publisher":{"@id":"https:\/\/fcspartaktrnava.com\/#organization"},"image":{"@id":"https:\/\/fcspartaktrnava.com\/spokojnost-so-sezonou-a-velky-krok-nie-len-pre-spartak-ale-pre-cely-zensky-futbal\/#primaryimage"},"thumbnailUrl":"https:\/\/fcspartaktrnava.com\/wp-content\/uploads\/2024\/06\/DSC_6095-scaled.jpg","articleSection":["Spr\u00e1vy"],"inLanguage":"en-GB"},{"@type":"WebPage","@id":"https:\/\/fcspartaktrnava.com\/spokojnost-so-sezonou-a-velky-krok-nie-len-pre-spartak-ale-pre-cely-zensky-futbal\/","url":"https:\/\/fcspartaktrnava.com\/spokojnost-so-sezonou-a-velky-krok-nie-len-pre-spartak-ale-pre-cely-zensky-futbal\/","name":"SPOKOJNOS\u0164 SO SEZ\u00d3NOU A VE\u013dK\u00dd KROK NIELEN PRE SPARTAK, ALE PRE CEL\u00dd \u017dENSK\u00dd FUTBAL - FC Spartak Trnava","isPartOf":{"@id":"https:\/\/fcspartaktrnava.com\/#website"},"primaryImageOfPage":{"@id":"https:\/\/fcspartaktrnava.com\/spokojnost-so-sezonou-a-velky-krok-nie-len-pre-spartak-ale-pre-cely-zensky-futbal\/#primaryimage"},"image":{"@id":"https:\/\/fcspartaktrnava.com\/spokojnost-so-sezonou-a-velky-krok-nie-len-pre-spartak-ale-pre-cely-zensky-futbal\/#primaryimage"},"thumbnailUrl":"https:\/\/fcspartaktrnava.com\/wp-content\/uploads\/2024\/06\/DSC_6095-scaled.jpg","datePublished":"2024-06-09T16:07:34+00:00","dateModified":"2024-06-10T15:53:38+00:00","breadcrumb":{"@id":"https:\/\/fcspartaktrnava.com\/spokojnost-so-sezonou-a-velky-krok-nie-len-pre-spartak-ale-pre-cely-zensky-futbal\/#breadcrumb"},"inLanguage":"en-GB","potentialAction":[{"@type":"ReadAction","target":["https:\/\/fcspartaktrnava.com\/spokojnost-so-sezonou-a-velky-krok-nie-len-pre-spartak-ale-pre-cely-zensky-futbal\/"]}]},{"@type":"ImageObject","inLanguage":"en-GB","@id":"https:\/\/fcspartaktrnava.com\/spokojnost-so-sezonou-a-velky-krok-nie-len-pre-spartak-ale-pre-cely-zensky-futbal\/#primaryimage","url":"https:\/\/fcspartaktrnava.com\/wp-content\/uploads\/2024\/06\/DSC_6095-scaled.jpg","contentUrl":"https:\/\/fcspartaktrnava.com\/wp-content\/uploads\/2024\/06\/DSC_6095-scaled.jpg","width":2560,"height":1707},{"@type":"BreadcrumbList","@id":"https:\/\/fcspartaktrnava.com\/spokojnost-so-sezonou-a-velky-krok-nie-len-pre-spartak-ale-pre-cely-zensky-futbal\/#breadcrumb","itemListElement":[{"@type":"ListItem","position":1,"name":"Home","item":"https:\/\/fcspartaktrnava.com\/"},{"@type":"ListItem","position":2,"name":"SPOKOJNOS\u0164 SO SEZ\u00d3NOU A VE\u013dK\u00dd KROK NIELEN PRE SPARTAK, ALE PRE CEL\u00dd \u017dENSK\u00dd FUTBAL"}]},{"@type":"WebSite","@id":"https:\/\/fcspartaktrnava.com\/#website","url":"https:\/\/fcspartaktrnava.com\/","name":"FC Spartak Trnava","description":"ofici\u00e1lna webstr\u00e1nka futbalov\u00e9ho klubu","publisher":{"@id":"https:\/\/fcspartaktrnava.com\/#organization"},"potentialAction":[{"@type":"SearchAction","target":{"@type":"EntryPoint","urlTemplate":"https:\/\/fcspartaktrnava.com\/?s={search_term_string}"},"query-input":{"@type":"PropertyValueSpecification","valueRequired":true,"valueName":"search_term_string"}}],"inLanguage":"en-GB"},{"@type":"Organization","@id":"https:\/\/fcspartaktrnava.com\/#organization","name":"FC Spartak Trnava","alternateName":"Spartak","url":"https:\/\/fcspartaktrnava.com\/","logo":{"@type":"ImageObject","inLanguage":"en-GB","@id":"https:\/\/fcspartaktrnava.com\/#\/schema\/logo\/image\/","url":"https:\/\/fcspartaktrnava.com\/wp-content\/uploads\/2022\/08\/cropped-site_logo.png","contentUrl":"https:\/\/fcspartaktrnava.com\/wp-content\/uploads\/2022\/08\/cropped-site_logo.png","width":140,"height":140,"caption":"FC Spartak Trnava"},"image":{"@id":"https:\/\/fcspartaktrnava.com\/#\/schema\/logo\/image\/"},"sameAs":["https:\/\/www.facebook.com\/SpartakTrnava","https:\/\/x.com\/SpartakTrnava1","https:\/\/www.instagram.com\/spartak_sk\/"]},{"@type":"Person","@id":"https:\/\/fcspartaktrnava.com\/#\/schema\/person\/62c3c2562c3c56e4c0c8c2342c596ac0","name":"Samuel \u010eurinsk\u00fd","image":{"@type":"ImageObject","inLanguage":"en-GB","@id":"https:\/\/fcspartaktrnava.com\/#\/schema\/person\/image\/","url":"https:\/\/secure.gravatar.com\/avatar\/af2fa02af92418b86ed742470664fe40056833fb68d84becf03f6ab02319257c?s=96&d=mm&r=g","contentUrl":"https:\/\/secure.gravatar.com\/avatar\/af2fa02af92418b86ed742470664fe40056833fb68d84becf03f6ab02319257c?s=96&d=mm&r=g","caption":"Samuel \u010eurinsk\u00fd"},"url":"https:\/\/fcspartaktrnava.com\/en\/author\/fcst-samuel\/"}]}},"_links":{"self":[{"href":"https:\/\/fcspartaktrnava.com\/en\/wp-json\/wp\/v2\/posts\/17797","targetHints":{"allow":["GET"]}}],"collection":[{"href":"https:\/\/fcspartaktrnava.com\/en\/wp-json\/wp\/v2\/posts"}],"about":[{"href":"https:\/\/fcspartaktrnava.com\/en\/wp-json\/wp\/v2\/types\/post"}],"author":[{"embeddable":true,"href":"https:\/\/fcspartaktrnava.com\/en\/wp-json\/wp\/v2\/users\/5"}],"replies":[{"embeddable":true,"href":"https:\/\/fcspartaktrnava.com\/en\/wp-json\/wp\/v2\/comments?post=17797"}],"version-history":[{"count":0,"href":"https:\/\/fcspartaktrnava.com\/en\/wp-json\/wp\/v2\/posts\/17797\/revisions"}],"wp:featuredmedia":[{"embeddable":true,"href":"https:\/\/fcspartaktrnava.com\/en\/wp-json\/wp\/v2\/media\/17800"}],"wp:attachment":[{"href":"https:\/\/fcspartaktrnava.com\/en\/wp-json\/wp\/v2\/media?parent=17797"}],"wp:term":[{"taxonomy":"category","embeddable":true,"href":"https:\/\/fcspartaktrnava.com\/en\/wp-json\/wp\/v2\/categories?post=17797"},{"taxonomy":"post_tag","embeddable":true,"href":"https:\/\/fcspartaktrnava.com\/en\/wp-json\/wp\/v2\/tags?post=17797"}],"curies":[{"name":"wp","href":"https:\/\/api.w.org\/{rel}","templated":true}]}}