{"id":17794,"date":"2024-06-13T10:02:02","date_gmt":"2024-06-13T08:02:02","guid":{"rendered":"https:\/\/fcspartaktrnava.com\/?p=17794"},"modified":"2024-07-23T13:20:36","modified_gmt":"2024-07-23T11:20:36","slug":"na-zapas-s-aston-villa-najvernejsi-zadarmo","status":"publish","type":"post","link":"https:\/\/fcspartaktrnava.com\/en\/na-zapas-s-aston-villa-najvernejsi-zadarmo\/","title":{"rendered":"SP\u00da\u0160\u0164AME PREDAJ PERMANENTIEK A\u00a0\u010cLENSK\u00ddCH KARIET RODZINA"},"content":{"rendered":"<p><\/p>\n\n\n\n<p class=\"has-white-color has-white-background-color has-text-color has-background has-link-color has-medium-font-size wp-elements-cb7c9c207b0e83b0bf7e0584bfe9e685\"><mark style=\"background-color:rgba(0, 0, 0, 0)\" class=\"has-inline-color has-black-color\"><strong><em>Nov\u00e9 permanentky 2024\/25 si m\u00f4\u017eete u\u017e teraz k\u00fapi\u0165 na tomto&nbsp;<a href=\"https:\/\/predpredaj.zoznam.sk\/sk\/presale\/fc-spartak-trnava-permanentka-202425\/\">linku<\/a> Tentokr\u00e1t ich z\u00edskate lacnej\u0161ie v\u010faka na\u0161im origin\u00e1lnym \u010dlensk\u00fdm kart\u00e1m RODZINA. A&nbsp;POZOR! Pridali sme e\u0161te jedno ve\u013ek\u00e9 l\u00e1kadlo. T\u00ed najvernej\u0161\u00ed bud\u00fa ma\u0165 z\u00e1pas FC Spartak vs Aston Villa \u00faplne ZADARMO.&nbsp;<\/em><\/strong><\/mark><\/p>\n\n\n\n<p class=\"has-large-font-size\">PREDAJ <strong>PERMANENTIEK<\/strong> FCST 2024\/25<\/p>\n\n\n\n<p>Predaj permanentiek FCST 2024\/25 sa za\u010dal u\u017e vo \u0161tvrtok 13.06.2024 na tomto <a href=\"https:\/\/predpredaj.zoznam.sk\/sk\/presale\/fc-spartak-trnava-permanentka-202425\/\"><strong>linku<\/strong><\/a>. <strong>V&nbsp;na\u0161ich pokladniach<\/strong> na \u0161tadi\u00f3ne Antona Malatinsk\u00e9ho bude dostupn\u00fd predaj e\u0161te pondelok <strong>15. a utorok 16. j\u00fala v \u010dase od 15:30 do 17:30.<\/strong> <\/p>\n\n\n\n<p><strong>Ceny permanentiek na nov\u00fa sez\u00f3nu, ktor\u00fa otvor\u00edme z\u00e1pasom leta so \u0161tvrt\u00fdm najlep\u0161\u00edm anglick\u00fdm t\u00edmom Premier League, klubom z najprest\u00ed\u017enej\u0161ej futbalovej ligy na svete, s\u00fa nastaven\u00e9 od <em>129\u20ac<\/em>, pri\u010dom u\u0161etr\u00edte najmenej <em>87\u20ac<\/em>.<\/strong> Ob\u013e\u00faben\u00e9 miesta majite\u013eom doteraj\u0161\u00edch permanentiek dr\u017e\u00edme a\u017e do 08.07.2024.<\/p>\n\n\n<div class=\"wp-block-image\">\n<figure class=\"aligncenter size-large is-resized\"><img loading=\"lazy\" decoding=\"async\" width=\"819\" height=\"1024\" src=\"https:\/\/fcspartaktrnava.com\/wp-content\/uploads\/2024\/06\/2024-12.06.-08PM-Permica-819x1024.png\" alt=\"\" class=\"wp-image-18082\" style=\"width:723px;height:auto\" srcset=\"https:\/\/fcspartaktrnava.com\/wp-content\/uploads\/2024\/06\/2024-12.06.-08PM-Permica-819x1024.png 819w, https:\/\/fcspartaktrnava.com\/wp-content\/uploads\/2024\/06\/2024-12.06.-08PM-Permica-240x300.png 240w, https:\/\/fcspartaktrnava.com\/wp-content\/uploads\/2024\/06\/2024-12.06.-08PM-Permica-768x960.png 768w, https:\/\/fcspartaktrnava.com\/wp-content\/uploads\/2024\/06\/2024-12.06.-08PM-Permica-10x12.png 10w, https:\/\/fcspartaktrnava.com\/wp-content\/uploads\/2024\/06\/2024-12.06.-08PM-Permica.png 1200w\" sizes=\"auto, (max-width: 819px) 100vw, 819px\" \/><\/figure>\n<\/div>\n\n\n<blockquote class=\"wp-block-quote is-layout-flow wp-block-quote-is-layout-flow\">\n<p class=\"has-large-font-size\"><strong>AKTU\u00c1LNE: <\/strong>V&nbsp;na\u0161ich pokladniach na \u0161tadi\u00f3ne Antona Malatinsk\u00e9ho bude predaj prebieha\u0165 e\u0161te 15. a 16. j\u00fala od 15:30 do 17:30. <\/p>\n<\/blockquote>\n\n\n\n<p><\/p>\n\n\n\n<p class=\"has-medium-font-size\"><strong><mark style=\"background-color:rgba(0, 0, 0, 0)\" class=\"has-inline-color has-vivid-red-color\">D\u00f4le\u017eit\u00e9:<\/mark><\/strong> Ak sa \u010d\u00edslo Va\u0161ej permanentky za\u010d\u00edna \u010d\u00edslom &#8222;0&#8220; &#8211; toto \u010d\u00edslo &#8222;0&#8220; nezad\u00e1vajte do syst\u00e9mu predpredaj.sk, zadajte a\u017e nasleduj\u00face \u010d\u00edslo na Va\u0161ej s\u00fa\u010dasnej permanentke.<\/p>\n\n\n\n<p class=\"has-medium-font-size\">Va\u0161e doteraj\u0161ie karty sa pri k\u00fape novej permanentky a \u010dlenskej karty RODZINA u\u017e &#8222;nenabij\u00fa&#8220;, ale my V\u00e1m v na\u0161ich pokladniach vystav\u00edme \u00faplne nov\u00e9.<\/p>\n\n\n<div class=\"wp-block-image\">\n<figure class=\"aligncenter size-large is-resized\"><img loading=\"lazy\" decoding=\"async\" width=\"819\" height=\"1024\" src=\"https:\/\/fcspartaktrnava.com\/wp-content\/uploads\/2024\/06\/ILFCST2024-2-819x1024.jpg\" alt=\"\" class=\"wp-image-18133\" style=\"width:715px;height:auto\" srcset=\"https:\/\/fcspartaktrnava.com\/wp-content\/uploads\/2024\/06\/ILFCST2024-2-819x1024.jpg 819w, https:\/\/fcspartaktrnava.com\/wp-content\/uploads\/2024\/06\/ILFCST2024-2-240x300.jpg 240w, https:\/\/fcspartaktrnava.com\/wp-content\/uploads\/2024\/06\/ILFCST2024-2-768x960.jpg 768w, https:\/\/fcspartaktrnava.com\/wp-content\/uploads\/2024\/06\/ILFCST2024-2-10x12.jpg 10w, https:\/\/fcspartaktrnava.com\/wp-content\/uploads\/2024\/06\/ILFCST2024-2.jpg 1200w\" sizes=\"auto, (max-width: 819px) 100vw, 819px\" \/><\/figure>\n<\/div>\n\n\n<p class=\"has-large-font-size\">PREDAJ ORIGIN\u00c1LNYCH \u010cLENSK\u00ddCH KARIET <strong>RODZINA<\/strong><\/p>\n\n\n\n<p>Predaj origin\u00e1lnych \u010dlensk\u00fdch kariet RODZINA s&nbsp;fan\u00fa\u0161ikovsk\u00fdmi v\u00fdhodami a&nbsp;exkluz\u00edvnymi benefitmi na cel\u00fa sez\u00f3nu 2024\/25 sa za\u010dal rovnako 13.06.2024, v\u00fdlu\u010dne on-line. Novinkou je, \u017ee \u010dlensk\u00fa kartu si budete m\u00f4c\u0165 k\u00fapi\u0165 len s&nbsp;permanentkou. Ver\u00edme, \u017ee z\u013eavy a&nbsp;bal\u00ed\u010dek benefitov, ktor\u00e9 sme k&nbsp;\u010dlensk\u00fdm kart\u00e1m pridali s\u00fa nato\u013eko atrakt\u00edvne, \u017ee sa v&nbsp;nich n\u00e1jde naozaj ka\u017ed\u00fd fan\u00fa\u0161ik Spartaka.<\/p>\n\n\n\n<p><strong>\u010clensk\u00e1 karta SILVER s&nbsp;permanentkou bude dostupn\u00e1 u\u017e od <em>152,50\u20ac<\/em> a&nbsp;GOLD s&nbsp;permanentkou u\u017e od <em>216\u20ac<\/em>. Pre oba produkty plat\u00ed, \u017ee cena sa odv\u00edja v&nbsp;z\u00e1vislosti od sedenia na \u0161tadi\u00f3ne.&nbsp; &nbsp;<\/strong><\/p>\n\n\n<div class=\"wp-block-image\">\n<figure class=\"aligncenter size-large\"><img loading=\"lazy\" decoding=\"async\" width=\"700\" height=\"1024\" src=\"https:\/\/fcspartaktrnava.com\/wp-content\/uploads\/2024\/06\/2024-12.06.-08PM-FCST_vizualizacia-Rodzina-Permanentky-700x1024.jpg\" alt=\"\" class=\"wp-image-18063\" srcset=\"https:\/\/fcspartaktrnava.com\/wp-content\/uploads\/2024\/06\/2024-12.06.-08PM-FCST_vizualizacia-Rodzina-Permanentky-700x1024.jpg 700w, https:\/\/fcspartaktrnava.com\/wp-content\/uploads\/2024\/06\/2024-12.06.-08PM-FCST_vizualizacia-Rodzina-Permanentky-205x300.jpg 205w, https:\/\/fcspartaktrnava.com\/wp-content\/uploads\/2024\/06\/2024-12.06.-08PM-FCST_vizualizacia-Rodzina-Permanentky-768x1124.jpg 768w, https:\/\/fcspartaktrnava.com\/wp-content\/uploads\/2024\/06\/2024-12.06.-08PM-FCST_vizualizacia-Rodzina-Permanentky-1049x1536.jpg 1049w, https:\/\/fcspartaktrnava.com\/wp-content\/uploads\/2024\/06\/2024-12.06.-08PM-FCST_vizualizacia-Rodzina-Permanentky-1399x2048.jpg 1399w, https:\/\/fcspartaktrnava.com\/wp-content\/uploads\/2024\/06\/2024-12.06.-08PM-FCST_vizualizacia-Rodzina-Permanentky-8x12.jpg 8w, https:\/\/fcspartaktrnava.com\/wp-content\/uploads\/2024\/06\/2024-12.06.-08PM-FCST_vizualizacia-Rodzina-Permanentky-scaled.jpg 1749w\" sizes=\"auto, (max-width: 700px) 100vw, 700px\" \/><\/figure>\n<\/div>\n\n\n<p class=\"has-large-font-size\">HLAVN\u00c9 <strong>V\u00ddHODY<\/strong><\/p>\n\n\n\n<p>Zatia\u013e \u010do strieborn\u00ed (<em><strong>SILVER<\/strong><\/em>) \u010dlenovia na\u0161ej RODZINY maj\u00fa v&nbsp;cene okrem in\u00fdch benefitov zahrnut\u00fa 5% z\u013eavu na permanentku, 10% z\u013eavu vo fanshope a&nbsp;prednostn\u00e9 pr\u00e1vo na n\u00e1kup \u201enajhor\u00facej\u0161\u00edch\u201c vstupeniek novej sez\u00f3ny, na z\u00e1pas leta s&nbsp;Aston Villa F.C. v\u00e1m FC Spartak zn\u00ed\u017ei cenu vstupenky o&nbsp;30%. <\/p>\n\n\n\n<p>SILVER RODZINA ka\u017ed\u00e9mu fan\u00fa\u0161ikovi garantuje VO\u013dN\u00dd VSTUP A ST\u00c1LE MIESTO V H\u013dADISKU NA 18 Z\u00c1PASOCH sez\u00f3ny 2024\/25, predkupn\u00e9 pr\u00e1vo na poh\u00e1rov\u00e9 z\u00e1pasy FC Spartak v Eur\u00f3pskej konferen\u010dnej lige a predkupn\u00e9 pr\u00e1vo na permanentku v \u010fal\u0161ej sez\u00f3ne 2025\/26.  <\/p>\n\n\n\n<p>Z\u00e1rove\u0148 pre strieborn\u00fdch (<strong><em>SILVER<\/em><\/strong>) \u010dlenov na\u0161ej RODZINY m\u00e1me pripraven\u00fd \u0161peci\u00e1lny bal\u00ed\u010dek, ktor\u00fd v tejto sez\u00f3ne obsahuje uv\u00edtac\u00ed list RODZINA, plastov\u00fa karti\u010dku RODZINA (2024 edition) a uv\u00edtac\u00ed dar\u010dek FCST.<\/p>\n\n\n<div class=\"wp-block-image\">\n<figure class=\"aligncenter size-large is-resized\"><img loading=\"lazy\" decoding=\"async\" width=\"819\" height=\"1024\" src=\"https:\/\/fcspartaktrnava.com\/wp-content\/uploads\/2024\/06\/Silver-permica-819x1024.png\" alt=\"\" class=\"wp-image-19704\" style=\"width:685px;height:auto\" srcset=\"https:\/\/fcspartaktrnava.com\/wp-content\/uploads\/2024\/06\/Silver-permica-819x1024.png 819w, https:\/\/fcspartaktrnava.com\/wp-content\/uploads\/2024\/06\/Silver-permica-240x300.png 240w, https:\/\/fcspartaktrnava.com\/wp-content\/uploads\/2024\/06\/Silver-permica-768x960.png 768w, https:\/\/fcspartaktrnava.com\/wp-content\/uploads\/2024\/06\/Silver-permica-10x12.png 10w, https:\/\/fcspartaktrnava.com\/wp-content\/uploads\/2024\/06\/Silver-permica.png 1200w\" sizes=\"auto, (max-width: 819px) 100vw, 819px\" \/><\/figure>\n<\/div>\n\n\n<p>Ak si v\u0161ak zak\u00fapite zlat\u00fa (<strong><em>GOLD<\/em><\/strong>) \u010dlensk\u00fa kartu RODZINA, po\u010das sez\u00f3ny 2024\/25 z\u00edskate permanentku s&nbsp;10% z\u013eavou, vo fanshope nakupujete cel\u00fa sez\u00f3nu pre seba i&nbsp;svojich bl\u00edzkych s 20% z\u013eavou. <strong>Navy\u0161e, BONUS, ktor\u00fd chceme dopria\u0165 t\u00fdm najvernej\u0161\u00edm, je z\u00e1\u017eitok na cel\u00fd \u017eivot &#8211; vstup na z\u00e1pas s&nbsp;Aston Villou budete ma\u0165 zadarmo.<\/strong>&nbsp; &nbsp;&nbsp;<\/p>\n\n\n\n<p><strong>GOLD RODZINA<\/strong> ka\u017ed\u00e9mu fan\u00fa\u0161ikovi garantuje VO\u013dN\u00dd VSTUP A ST\u00c1LE MIESTO V H\u013dADISKU NA 18 Z\u00c1PASOCH sez\u00f3ny 2024\/25, predkupn\u00e9 pr\u00e1vo na poh\u00e1rov\u00e9 z\u00e1pasy FC Spartak v Eur\u00f3pskej konferen\u010dnej lige, predkupn\u00e9 pr\u00e1vo na permanentku v \u010fal\u0161ej sez\u00f3ne 2025\/26, exkluz\u00edvne stretnutie so z\u00e1stupcami klubu a mo\u017enos\u0165 zak\u00fapi\u0165 si v\u00fdjazdy s A-t\u00edmom na zimn\u00e9 s\u00fastredenie na Malte, \u010di vonkaj\u0161ie z\u00e1pasy FC Spartak v Eur\u00f3pskej konferen\u010dnej lige 2024\/25.<\/p>\n\n\n\n<p>Z\u00e1rove\u0148 pre zlat\u00fdch (<strong><em>GOLD<\/em><\/strong>) \u010dlenov na\u0161ej RODZINY m\u00e1me pripraven\u00fd \u0161peci\u00e1lny bal\u00ed\u010dek, ktor\u00fd v tejto sez\u00f3ne obsahuje uv\u00edtac\u00ed list RODZINA, plastov\u00fa karti\u010dku RODZINA (2024 edition), uv\u00edtac\u00ed dar\u010dek FCST, z\u013eavu <em>19\u20ac<\/em> u MMG Barbers, voucher Tipsport <em>5\u20ac <\/em>na tipovanie a \u0161peci\u00e1lnu f\u013ea\u0161u prosecco FCST .<\/p>\n\n\n<div class=\"wp-block-image\">\n<figure class=\"aligncenter size-large is-resized\"><img loading=\"lazy\" decoding=\"async\" width=\"819\" height=\"1024\" src=\"https:\/\/fcspartaktrnava.com\/wp-content\/uploads\/2024\/06\/2024-12.06.-08PM-Gold-permica-819x1024.png\" alt=\"\" class=\"wp-image-18081\" style=\"width:709px;height:auto\" srcset=\"https:\/\/fcspartaktrnava.com\/wp-content\/uploads\/2024\/06\/2024-12.06.-08PM-Gold-permica-819x1024.png 819w, https:\/\/fcspartaktrnava.com\/wp-content\/uploads\/2024\/06\/2024-12.06.-08PM-Gold-permica-240x300.png 240w, https:\/\/fcspartaktrnava.com\/wp-content\/uploads\/2024\/06\/2024-12.06.-08PM-Gold-permica-768x960.png 768w, https:\/\/fcspartaktrnava.com\/wp-content\/uploads\/2024\/06\/2024-12.06.-08PM-Gold-permica-10x12.png 10w, https:\/\/fcspartaktrnava.com\/wp-content\/uploads\/2024\/06\/2024-12.06.-08PM-Gold-permica.png 1200w\" sizes=\"auto, (max-width: 819px) 100vw, 819px\" \/><\/figure>\n<\/div>\n\n\n<p class=\"has-large-font-size\">NA \u010cO BY STE <strong>NEMALI ZABUDN\u00da\u0164<\/strong>?<\/p>\n\n\n\n<p>V&nbsp;sobotu 15.06.2024 sp\u00fa\u0161\u0165ame predaj vstupeniek na z\u00e1pas FC Spartak Trnava \u2013 Aston Villa F.C. pre \u0161irok\u00fa verejnos\u0165. <strong>Ceny t\u00fdchto \u0161peci\u00e1lnych vstupeniek bud\u00fa od&nbsp;<em>19\u20ac<\/em><\/strong>. Pre viac inform\u00e1ci\u00ed sledujte na\u0161e soci\u00e1lne siete a&nbsp;web str\u00e1nku fcspartaktrnava.com.<\/p>\n\n\n\n<p><strong>Sme radi, \u017ee v&nbsp;novej sez\u00f3ne spolu s&nbsp;t\u00edmami FC Spartak za\u017eijeme my v\u0161etci omnoho viac. Nov\u00e1 sez\u00f3na je nov\u00e1 v\u00fdzva a&nbsp;ver\u00edme, \u017ee i&nbsp;Vy chcete by\u0165 pri tom!<\/strong><\/p>\n\n\n\n<p>Zdroj: <strong>FCST 2024<\/strong><\/p>","protected":false},"excerpt":{"rendered":"<p>Nov\u00e9 permanentky 2024\/25 si m\u00f4\u017eete u\u017e teraz k\u00fapi\u0165&#8230;<\/p>","protected":false},"author":2,"featured_media":18066,"comment_status":"closed","ping_status":"closed","sticky":false,"template":"","format":"standard","meta":{"footnotes":""},"categories":[12],"tags":[],"class_list":["post-17794","post","type-post","status-publish","format-standard","has-post-thumbnail","hentry","category-spravy","post-number-1"],"yoast_head":"<!-- This site is optimized with the Yoast SEO plugin v27.1.1 - https:\/\/yoast.com\/product\/yoast-seo-wordpress\/ -->\n<title>SP\u00da\u0160\u0164AME PREDAJ PERMANENTIEK A\u00a0\u010cLENSK\u00ddCH KARIET RODZINA - FC Spartak Trnava<\/title>\n<meta name=\"robots\" content=\"index, follow, max-snippet:-1, max-image-preview:large, max-video-preview:-1\" \/>\n<link rel=\"canonical\" href=\"https:\/\/fcspartaktrnava.com\/en\/na-zapas-s-aston-villa-najvernejsi-zadarmo\/\" \/>\n<meta name=\"twitter:label1\" content=\"Written by\" \/>\n\t<meta name=\"twitter:data1\" content=\"spartak\" \/>\n\t<meta name=\"twitter:label2\" content=\"Estimated reading time\" \/>\n\t<meta name=\"twitter:data2\" content=\"5 minutes\" \/>\n<script type=\"application\/ld+json\" class=\"yoast-schema-graph\">{\"@context\":\"https:\/\/schema.org\",\"@graph\":[{\"@type\":\"Article\",\"@id\":\"https:\/\/fcspartaktrnava.com\/na-zapas-s-aston-villa-najvernejsi-zadarmo\/#article\",\"isPartOf\":{\"@id\":\"https:\/\/fcspartaktrnava.com\/na-zapas-s-aston-villa-najvernejsi-zadarmo\/\"},\"author\":{\"name\":\"spartak\",\"@id\":\"https:\/\/fcspartaktrnava.com\/#\/schema\/person\/24bc5b254af14f71d7d8af178790aa75\"},\"headline\":\"SP\u00da\u0160\u0164AME PREDAJ PERMANENTIEK A\u00a0\u010cLENSK\u00ddCH KARIET RODZINA\",\"datePublished\":\"2024-06-13T08:02:02+00:00\",\"dateModified\":\"2024-07-23T11:20:36+00:00\",\"mainEntityOfPage\":{\"@id\":\"https:\/\/fcspartaktrnava.com\/na-zapas-s-aston-villa-najvernejsi-zadarmo\/\"},\"wordCount\":827,\"publisher\":{\"@id\":\"https:\/\/fcspartaktrnava.com\/#organization\"},\"image\":{\"@id\":\"https:\/\/fcspartaktrnava.com\/na-zapas-s-aston-villa-najvernejsi-zadarmo\/#primaryimage\"},\"thumbnailUrl\":\"https:\/\/fcspartaktrnava.com\/wp-content\/uploads\/2024\/06\/2024-12.06.-08PM-Permanentky-a-clenstva-v-predaji-v1.png\",\"articleSection\":[\"Spr\u00e1vy\"],\"inLanguage\":\"en-GB\"},{\"@type\":\"WebPage\",\"@id\":\"https:\/\/fcspartaktrnava.com\/na-zapas-s-aston-villa-najvernejsi-zadarmo\/\",\"url\":\"https:\/\/fcspartaktrnava.com\/na-zapas-s-aston-villa-najvernejsi-zadarmo\/\",\"name\":\"SP\u00da\u0160\u0164AME PREDAJ PERMANENTIEK A\u00a0\u010cLENSK\u00ddCH KARIET RODZINA - FC Spartak Trnava\",\"isPartOf\":{\"@id\":\"https:\/\/fcspartaktrnava.com\/#website\"},\"primaryImageOfPage\":{\"@id\":\"https:\/\/fcspartaktrnava.com\/na-zapas-s-aston-villa-najvernejsi-zadarmo\/#primaryimage\"},\"image\":{\"@id\":\"https:\/\/fcspartaktrnava.com\/na-zapas-s-aston-villa-najvernejsi-zadarmo\/#primaryimage\"},\"thumbnailUrl\":\"https:\/\/fcspartaktrnava.com\/wp-content\/uploads\/2024\/06\/2024-12.06.-08PM-Permanentky-a-clenstva-v-predaji-v1.png\",\"datePublished\":\"2024-06-13T08:02:02+00:00\",\"dateModified\":\"2024-07-23T11:20:36+00:00\",\"breadcrumb\":{\"@id\":\"https:\/\/fcspartaktrnava.com\/na-zapas-s-aston-villa-najvernejsi-zadarmo\/#breadcrumb\"},\"inLanguage\":\"en-GB\",\"potentialAction\":[{\"@type\":\"ReadAction\",\"target\":[\"https:\/\/fcspartaktrnava.com\/na-zapas-s-aston-villa-najvernejsi-zadarmo\/\"]}]},{\"@type\":\"ImageObject\",\"inLanguage\":\"en-GB\",\"@id\":\"https:\/\/fcspartaktrnava.com\/na-zapas-s-aston-villa-najvernejsi-zadarmo\/#primaryimage\",\"url\":\"https:\/\/fcspartaktrnava.com\/wp-content\/uploads\/2024\/06\/2024-12.06.-08PM-Permanentky-a-clenstva-v-predaji-v1.png\",\"contentUrl\":\"https:\/\/fcspartaktrnava.com\/wp-content\/uploads\/2024\/06\/2024-12.06.-08PM-Permanentky-a-clenstva-v-predaji-v1.png\",\"width\":1740,\"height\":1080},{\"@type\":\"BreadcrumbList\",\"@id\":\"https:\/\/fcspartaktrnava.com\/na-zapas-s-aston-villa-najvernejsi-zadarmo\/#breadcrumb\",\"itemListElement\":[{\"@type\":\"ListItem\",\"position\":1,\"name\":\"Home\",\"item\":\"https:\/\/fcspartaktrnava.com\/\"},{\"@type\":\"ListItem\",\"position\":2,\"name\":\"SP\u00da\u0160\u0164AME PREDAJ PERMANENTIEK A\u00a0\u010cLENSK\u00ddCH KARIET RODZINA\"}]},{\"@type\":\"WebSite\",\"@id\":\"https:\/\/fcspartaktrnava.com\/#website\",\"url\":\"https:\/\/fcspartaktrnava.com\/\",\"name\":\"FC Spartak Trnava\",\"description\":\"ofici\u00e1lna webstr\u00e1nka futbalov\u00e9ho klubu\",\"publisher\":{\"@id\":\"https:\/\/fcspartaktrnava.com\/#organization\"},\"potentialAction\":[{\"@type\":\"SearchAction\",\"target\":{\"@type\":\"EntryPoint\",\"urlTemplate\":\"https:\/\/fcspartaktrnava.com\/?s={search_term_string}\"},\"query-input\":{\"@type\":\"PropertyValueSpecification\",\"valueRequired\":true,\"valueName\":\"search_term_string\"}}],\"inLanguage\":\"en-GB\"},{\"@type\":\"Organization\",\"@id\":\"https:\/\/fcspartaktrnava.com\/#organization\",\"name\":\"FC Spartak Trnava\",\"alternateName\":\"Spartak\",\"url\":\"https:\/\/fcspartaktrnava.com\/\",\"logo\":{\"@type\":\"ImageObject\",\"inLanguage\":\"en-GB\",\"@id\":\"https:\/\/fcspartaktrnava.com\/#\/schema\/logo\/image\/\",\"url\":\"https:\/\/fcspartaktrnava.com\/wp-content\/uploads\/2022\/08\/cropped-site_logo.png\",\"contentUrl\":\"https:\/\/fcspartaktrnava.com\/wp-content\/uploads\/2022\/08\/cropped-site_logo.png\",\"width\":140,\"height\":140,\"caption\":\"FC Spartak Trnava\"},\"image\":{\"@id\":\"https:\/\/fcspartaktrnava.com\/#\/schema\/logo\/image\/\"},\"sameAs\":[\"https:\/\/www.facebook.com\/SpartakTrnava\",\"https:\/\/x.com\/SpartakTrnava1\",\"https:\/\/www.instagram.com\/spartak_sk\/\"]},{\"@type\":\"Person\",\"@id\":\"https:\/\/fcspartaktrnava.com\/#\/schema\/person\/24bc5b254af14f71d7d8af178790aa75\",\"name\":\"spartak\",\"image\":{\"@type\":\"ImageObject\",\"inLanguage\":\"en-GB\",\"@id\":\"https:\/\/fcspartaktrnava.com\/#\/schema\/person\/image\/\",\"url\":\"https:\/\/secure.gravatar.com\/avatar\/f8ff8584f3fcf3909a11a6da9019f37749183b4015bca14e64556c52614cdc7f?s=96&d=mm&r=g\",\"contentUrl\":\"https:\/\/secure.gravatar.com\/avatar\/f8ff8584f3fcf3909a11a6da9019f37749183b4015bca14e64556c52614cdc7f?s=96&d=mm&r=g\",\"caption\":\"spartak\"},\"url\":\"https:\/\/fcspartaktrnava.com\/en\/author\/spartak\/\"}]}<\/script>\n<!-- \/ Yoast SEO plugin. -->","yoast_head_json":{"title":"SP\u00da\u0160\u0164AME PREDAJ PERMANENTIEK A\u00a0\u010cLENSK\u00ddCH KARIET RODZINA - FC Spartak Trnava","robots":{"index":"index","follow":"follow","max-snippet":"max-snippet:-1","max-image-preview":"max-image-preview:large","max-video-preview":"max-video-preview:-1"},"canonical":"https:\/\/fcspartaktrnava.com\/en\/na-zapas-s-aston-villa-najvernejsi-zadarmo\/","twitter_misc":{"Written by":"spartak","Estimated reading time":"5 minutes"},"schema":{"@context":"https:\/\/schema.org","@graph":[{"@type":"Article","@id":"https:\/\/fcspartaktrnava.com\/na-zapas-s-aston-villa-najvernejsi-zadarmo\/#article","isPartOf":{"@id":"https:\/\/fcspartaktrnava.com\/na-zapas-s-aston-villa-najvernejsi-zadarmo\/"},"author":{"name":"spartak","@id":"https:\/\/fcspartaktrnava.com\/#\/schema\/person\/24bc5b254af14f71d7d8af178790aa75"},"headline":"SP\u00da\u0160\u0164AME PREDAJ PERMANENTIEK A\u00a0\u010cLENSK\u00ddCH KARIET RODZINA","datePublished":"2024-06-13T08:02:02+00:00","dateModified":"2024-07-23T11:20:36+00:00","mainEntityOfPage":{"@id":"https:\/\/fcspartaktrnava.com\/na-zapas-s-aston-villa-najvernejsi-zadarmo\/"},"wordCount":827,"publisher":{"@id":"https:\/\/fcspartaktrnava.com\/#organization"},"image":{"@id":"https:\/\/fcspartaktrnava.com\/na-zapas-s-aston-villa-najvernejsi-zadarmo\/#primaryimage"},"thumbnailUrl":"https:\/\/fcspartaktrnava.com\/wp-content\/uploads\/2024\/06\/2024-12.06.-08PM-Permanentky-a-clenstva-v-predaji-v1.png","articleSection":["Spr\u00e1vy"],"inLanguage":"en-GB"},{"@type":"WebPage","@id":"https:\/\/fcspartaktrnava.com\/na-zapas-s-aston-villa-najvernejsi-zadarmo\/","url":"https:\/\/fcspartaktrnava.com\/na-zapas-s-aston-villa-najvernejsi-zadarmo\/","name":"SP\u00da\u0160\u0164AME PREDAJ PERMANENTIEK A\u00a0\u010cLENSK\u00ddCH KARIET RODZINA - FC Spartak Trnava","isPartOf":{"@id":"https:\/\/fcspartaktrnava.com\/#website"},"primaryImageOfPage":{"@id":"https:\/\/fcspartaktrnava.com\/na-zapas-s-aston-villa-najvernejsi-zadarmo\/#primaryimage"},"image":{"@id":"https:\/\/fcspartaktrnava.com\/na-zapas-s-aston-villa-najvernejsi-zadarmo\/#primaryimage"},"thumbnailUrl":"https:\/\/fcspartaktrnava.com\/wp-content\/uploads\/2024\/06\/2024-12.06.-08PM-Permanentky-a-clenstva-v-predaji-v1.png","datePublished":"2024-06-13T08:02:02+00:00","dateModified":"2024-07-23T11:20:36+00:00","breadcrumb":{"@id":"https:\/\/fcspartaktrnava.com\/na-zapas-s-aston-villa-najvernejsi-zadarmo\/#breadcrumb"},"inLanguage":"en-GB","potentialAction":[{"@type":"ReadAction","target":["https:\/\/fcspartaktrnava.com\/na-zapas-s-aston-villa-najvernejsi-zadarmo\/"]}]},{"@type":"ImageObject","inLanguage":"en-GB","@id":"https:\/\/fcspartaktrnava.com\/na-zapas-s-aston-villa-najvernejsi-zadarmo\/#primaryimage","url":"https:\/\/fcspartaktrnava.com\/wp-content\/uploads\/2024\/06\/2024-12.06.-08PM-Permanentky-a-clenstva-v-predaji-v1.png","contentUrl":"https:\/\/fcspartaktrnava.com\/wp-content\/uploads\/2024\/06\/2024-12.06.-08PM-Permanentky-a-clenstva-v-predaji-v1.png","width":1740,"height":1080},{"@type":"BreadcrumbList","@id":"https:\/\/fcspartaktrnava.com\/na-zapas-s-aston-villa-najvernejsi-zadarmo\/#breadcrumb","itemListElement":[{"@type":"ListItem","position":1,"name":"Home","item":"https:\/\/fcspartaktrnava.com\/"},{"@type":"ListItem","position":2,"name":"SP\u00da\u0160\u0164AME PREDAJ PERMANENTIEK A\u00a0\u010cLENSK\u00ddCH KARIET RODZINA"}]},{"@type":"WebSite","@id":"https:\/\/fcspartaktrnava.com\/#website","url":"https:\/\/fcspartaktrnava.com\/","name":"FC Spartak Trnava","description":"ofici\u00e1lna webstr\u00e1nka futbalov\u00e9ho klubu","publisher":{"@id":"https:\/\/fcspartaktrnava.com\/#organization"},"potentialAction":[{"@type":"SearchAction","target":{"@type":"EntryPoint","urlTemplate":"https:\/\/fcspartaktrnava.com\/?s={search_term_string}"},"query-input":{"@type":"PropertyValueSpecification","valueRequired":true,"valueName":"search_term_string"}}],"inLanguage":"en-GB"},{"@type":"Organization","@id":"https:\/\/fcspartaktrnava.com\/#organization","name":"FC Spartak Trnava","alternateName":"Spartak","url":"https:\/\/fcspartaktrnava.com\/","logo":{"@type":"ImageObject","inLanguage":"en-GB","@id":"https:\/\/fcspartaktrnava.com\/#\/schema\/logo\/image\/","url":"https:\/\/fcspartaktrnava.com\/wp-content\/uploads\/2022\/08\/cropped-site_logo.png","contentUrl":"https:\/\/fcspartaktrnava.com\/wp-content\/uploads\/2022\/08\/cropped-site_logo.png","width":140,"height":140,"caption":"FC Spartak Trnava"},"image":{"@id":"https:\/\/fcspartaktrnava.com\/#\/schema\/logo\/image\/"},"sameAs":["https:\/\/www.facebook.com\/SpartakTrnava","https:\/\/x.com\/SpartakTrnava1","https:\/\/www.instagram.com\/spartak_sk\/"]},{"@type":"Person","@id":"https:\/\/fcspartaktrnava.com\/#\/schema\/person\/24bc5b254af14f71d7d8af178790aa75","name":"spartak","image":{"@type":"ImageObject","inLanguage":"en-GB","@id":"https:\/\/fcspartaktrnava.com\/#\/schema\/person\/image\/","url":"https:\/\/secure.gravatar.com\/avatar\/f8ff8584f3fcf3909a11a6da9019f37749183b4015bca14e64556c52614cdc7f?s=96&d=mm&r=g","contentUrl":"https:\/\/secure.gravatar.com\/avatar\/f8ff8584f3fcf3909a11a6da9019f37749183b4015bca14e64556c52614cdc7f?s=96&d=mm&r=g","caption":"spartak"},"url":"https:\/\/fcspartaktrnava.com\/en\/author\/spartak\/"}]}},"_links":{"self":[{"href":"https:\/\/fcspartaktrnava.com\/en\/wp-json\/wp\/v2\/posts\/17794","targetHints":{"allow":["GET"]}}],"collection":[{"href":"https:\/\/fcspartaktrnava.com\/en\/wp-json\/wp\/v2\/posts"}],"about":[{"href":"https:\/\/fcspartaktrnava.com\/en\/wp-json\/wp\/v2\/types\/post"}],"author":[{"embeddable":true,"href":"https:\/\/fcspartaktrnava.com\/en\/wp-json\/wp\/v2\/users\/2"}],"replies":[{"embeddable":true,"href":"https:\/\/fcspartaktrnava.com\/en\/wp-json\/wp\/v2\/comments?post=17794"}],"version-history":[{"count":0,"href":"https:\/\/fcspartaktrnava.com\/en\/wp-json\/wp\/v2\/posts\/17794\/revisions"}],"wp:featuredmedia":[{"embeddable":true,"href":"https:\/\/fcspartaktrnava.com\/en\/wp-json\/wp\/v2\/media\/18066"}],"wp:attachment":[{"href":"https:\/\/fcspartaktrnava.com\/en\/wp-json\/wp\/v2\/media?parent=17794"}],"wp:term":[{"taxonomy":"category","embeddable":true,"href":"https:\/\/fcspartaktrnava.com\/en\/wp-json\/wp\/v2\/categories?post=17794"},{"taxonomy":"post_tag","embeddable":true,"href":"https:\/\/fcspartaktrnava.com\/en\/wp-json\/wp\/v2\/tags?post=17794"}],"curies":[{"name":"wp","href":"https:\/\/api.w.org\/{rel}","templated":true}]}}