{"id":17689,"date":"2024-06-05T10:02:58","date_gmt":"2024-06-05T08:02:58","guid":{"rendered":"https:\/\/fcspartaktrnava.com\/?p=17689"},"modified":"2024-06-06T12:17:15","modified_gmt":"2024-06-06T10:17:15","slug":"fc-spartak-vyzve-tim-z-premiere-league","status":"publish","type":"post","link":"https:\/\/fcspartaktrnava.com\/en\/fc-spartak-vyzve-tim-z-premiere-league\/","title":{"rendered":"FC SPARTAK VYZVE T\u00cdM Z PREMIER LEAGUE"},"content":{"rendered":"<p><\/p>\n\n\n\n<p class=\"has-medium-font-size\"><strong><em><mark style=\"background-color:rgba(0, 0, 0, 0)\" class=\"has-inline-color has-vivid-red-color\">Futbalov\u00fd z\u00e1pas leta! \u0160tvrt\u00fd najlep\u0161\u00ed t\u00edm mimoriadne prest\u00ed\u017enej a sledovanej britskej Premier League 2023\/24 sa na svojom pripravovanom svetovom turn\u00e9 zastav\u00ed po\u010das leta v&nbsp;Trnave! FC Spartak vyzve v&nbsp;sobotu 20.07. o&nbsp;16:00 na \u0161tadi\u00f3ne Antona Malatinsk\u00e9ho legend\u00e1rny klub Aston Villa F.C.<\/mark><\/em><\/strong><\/p>\n\n\n\n<p>V&nbsp;aktu\u00e1lnom t\u00edme \u0161panielskeho mana\u017e\u00e9ra Unaia Emeryho (<em>viedol o.i. Paris St. Germain, Arsenal \u010di Villareal<\/em>) je Argent\u00edn\u010dan Emiliano Mart\u00ednez (<em>Majster sveta 2022 a&nbsp;top brank\u00e1r roka 2022 pod\u013ea FIFA<\/em>), sk\u00fasen\u00fd franc\u00fazsky fullback Lucas Digne a&nbsp;stredopoliar Moussa Diaby, belgick\u00fd internacion\u00e1l Youri Tielemans (<em>predt\u00fdm Leicester City<\/em>) a viacero anglick\u00fdch reprezentantov \u2013 medzi nimi aj 27-g\u00f3lov\u00fd strelec Ollie Watkins. Kapit\u00e1nom t\u00edmu je ostrie\u013ean\u00fd \u0160k\u00f3t John McGinn.<\/p>\n\n\n\n<p>Futbalov\u00fd klub Aston Villa F.C. bol zalo\u017een\u00fd v&nbsp;roku 1874 v&nbsp;Birminghame a&nbsp;v&nbsp;tomto roku oslavuje 150 rokov. Domovsk\u00fd \u0161tadi\u00f3n Villa Park m\u00e1 kapacitu 42.657 div\u00e1kov. \u201eThe Villians\u201c sleduje na soci\u00e1lnych sie\u0165ach viac ako 6-mili\u00f3nov fan\u00fa\u0161ikov a&nbsp;medzi jeho najprominentnej\u0161\u00edch priaznivcov patr\u00ed britsk\u00fd princ William, rockov\u00e1 legenda Ozzy Osbourne, \u010di hollywoodsky herec Tom Hanks.<\/p>\n\n\n\n<p>Historicky najv\u00e4\u010d\u0161\u00edm medzin\u00e1rodn\u00fdm \u00faspechom Aston Villa F.C. je zisk eur\u00f3pskeho Poh\u00e1ra Majstrov v\u00a0roku 1982. S\u00a0novej sez\u00f3ne 2024\/25 budeme m\u00f4c\u0165 Emeryho t\u00edm sledova\u0165 aj v\u00a0Lige majstrov. Zauj\u00edmavos\u0165ou je, \u017ee prv\u00fdm neanglick\u00fdm tr\u00e9nerom v\u00a0bohatej klubovej hist\u00f3rii bol medzin\u00e1rodne naj\u00faspe\u0161nej\u0161\u00ed \u010desko-slovensk\u00fd tr\u00e9ner Jozef Venglo\u0161 (<em>1991-92<\/em>).<\/p>\n\n\n\n<p>Nenechajte si ani Vy ujs\u0165 z\u00e1pas tohto leta. FC Spartak priv\u00edta legend\u00e1rny klub Aston Villa F.C.&nbsp; <mark style=\"background-color:rgba(0, 0, 0, 0)\" class=\"has-inline-color has-vivid-red-color\"><strong>On-line predpredaj vstupeniek sa za\u010dne u\u017e v&nbsp;sobotu 15.6.&nbsp;&nbsp; &nbsp;&nbsp;&nbsp;<\/strong><\/mark><\/p>\n\n\n\n<p>Zdroj: FCST<\/p>","protected":false},"excerpt":{"rendered":"<p>Futbalov\u00fd z\u00e1pas leta! \u0160tvrt\u00fd najlep\u0161\u00ed t\u00edm mimoriadne prest\u00ed\u017enej&#8230;<\/p>","protected":false},"author":2,"featured_media":17690,"comment_status":"closed","ping_status":"closed","sticky":false,"template":"","format":"standard","meta":{"footnotes":""},"categories":[30,12,20],"tags":[],"class_list":["post-17689","post","type-post","status-publish","format-standard","has-post-thumbnail","hentry","category-priprava","category-spravy","category-zapas","post-number-1"],"yoast_head":"<!-- This site is optimized with the Yoast SEO plugin v27.1.1 - https:\/\/yoast.com\/product\/yoast-seo-wordpress\/ -->\n<title>FC SPARTAK VYZVE T\u00cdM Z PREMIER LEAGUE - FC Spartak Trnava<\/title>\n<meta name=\"robots\" content=\"index, follow, max-snippet:-1, max-image-preview:large, max-video-preview:-1\" \/>\n<link rel=\"canonical\" href=\"https:\/\/fcspartaktrnava.com\/en\/fc-spartak-vyzve-tim-z-premiere-league\/\" \/>\n<meta name=\"twitter:label1\" content=\"Written by\" \/>\n\t<meta name=\"twitter:data1\" content=\"spartak\" \/>\n\t<meta name=\"twitter:label2\" content=\"Estimated reading time\" \/>\n\t<meta name=\"twitter:data2\" content=\"2 minutes\" \/>\n<script type=\"application\/ld+json\" class=\"yoast-schema-graph\">{\"@context\":\"https:\/\/schema.org\",\"@graph\":[{\"@type\":\"Article\",\"@id\":\"https:\/\/fcspartaktrnava.com\/fc-spartak-vyzve-tim-z-premiere-league\/#article\",\"isPartOf\":{\"@id\":\"https:\/\/fcspartaktrnava.com\/fc-spartak-vyzve-tim-z-premiere-league\/\"},\"author\":{\"name\":\"spartak\",\"@id\":\"https:\/\/fcspartaktrnava.com\/#\/schema\/person\/24bc5b254af14f71d7d8af178790aa75\"},\"headline\":\"FC SPARTAK VYZVE T\u00cdM Z PREMIER LEAGUE\",\"datePublished\":\"2024-06-05T08:02:58+00:00\",\"dateModified\":\"2024-06-06T10:17:15+00:00\",\"mainEntityOfPage\":{\"@id\":\"https:\/\/fcspartaktrnava.com\/fc-spartak-vyzve-tim-z-premiere-league\/\"},\"wordCount\":308,\"publisher\":{\"@id\":\"https:\/\/fcspartaktrnava.com\/#organization\"},\"image\":{\"@id\":\"https:\/\/fcspartaktrnava.com\/fc-spartak-vyzve-tim-z-premiere-league\/#primaryimage\"},\"thumbnailUrl\":\"https:\/\/fcspartaktrnava.com\/wp-content\/uploads\/2024\/06\/1740x1080-safe-zone.jpg\",\"articleSection\":[\"Pr\u00edprava\",\"Spr\u00e1vy\",\"Z\u00e1pas\"],\"inLanguage\":\"en-GB\"},{\"@type\":\"WebPage\",\"@id\":\"https:\/\/fcspartaktrnava.com\/fc-spartak-vyzve-tim-z-premiere-league\/\",\"url\":\"https:\/\/fcspartaktrnava.com\/fc-spartak-vyzve-tim-z-premiere-league\/\",\"name\":\"FC SPARTAK VYZVE T\u00cdM Z PREMIER LEAGUE - FC Spartak Trnava\",\"isPartOf\":{\"@id\":\"https:\/\/fcspartaktrnava.com\/#website\"},\"primaryImageOfPage\":{\"@id\":\"https:\/\/fcspartaktrnava.com\/fc-spartak-vyzve-tim-z-premiere-league\/#primaryimage\"},\"image\":{\"@id\":\"https:\/\/fcspartaktrnava.com\/fc-spartak-vyzve-tim-z-premiere-league\/#primaryimage\"},\"thumbnailUrl\":\"https:\/\/fcspartaktrnava.com\/wp-content\/uploads\/2024\/06\/1740x1080-safe-zone.jpg\",\"datePublished\":\"2024-06-05T08:02:58+00:00\",\"dateModified\":\"2024-06-06T10:17:15+00:00\",\"breadcrumb\":{\"@id\":\"https:\/\/fcspartaktrnava.com\/fc-spartak-vyzve-tim-z-premiere-league\/#breadcrumb\"},\"inLanguage\":\"en-GB\",\"potentialAction\":[{\"@type\":\"ReadAction\",\"target\":[\"https:\/\/fcspartaktrnava.com\/fc-spartak-vyzve-tim-z-premiere-league\/\"]}]},{\"@type\":\"ImageObject\",\"inLanguage\":\"en-GB\",\"@id\":\"https:\/\/fcspartaktrnava.com\/fc-spartak-vyzve-tim-z-premiere-league\/#primaryimage\",\"url\":\"https:\/\/fcspartaktrnava.com\/wp-content\/uploads\/2024\/06\/1740x1080-safe-zone.jpg\",\"contentUrl\":\"https:\/\/fcspartaktrnava.com\/wp-content\/uploads\/2024\/06\/1740x1080-safe-zone.jpg\",\"width\":1740,\"height\":1080},{\"@type\":\"BreadcrumbList\",\"@id\":\"https:\/\/fcspartaktrnava.com\/fc-spartak-vyzve-tim-z-premiere-league\/#breadcrumb\",\"itemListElement\":[{\"@type\":\"ListItem\",\"position\":1,\"name\":\"Home\",\"item\":\"https:\/\/fcspartaktrnava.com\/\"},{\"@type\":\"ListItem\",\"position\":2,\"name\":\"FC SPARTAK VYZVE T\u00cdM Z PREMIER LEAGUE\"}]},{\"@type\":\"WebSite\",\"@id\":\"https:\/\/fcspartaktrnava.com\/#website\",\"url\":\"https:\/\/fcspartaktrnava.com\/\",\"name\":\"FC Spartak Trnava\",\"description\":\"ofici\u00e1lna webstr\u00e1nka futbalov\u00e9ho klubu\",\"publisher\":{\"@id\":\"https:\/\/fcspartaktrnava.com\/#organization\"},\"potentialAction\":[{\"@type\":\"SearchAction\",\"target\":{\"@type\":\"EntryPoint\",\"urlTemplate\":\"https:\/\/fcspartaktrnava.com\/?s={search_term_string}\"},\"query-input\":{\"@type\":\"PropertyValueSpecification\",\"valueRequired\":true,\"valueName\":\"search_term_string\"}}],\"inLanguage\":\"en-GB\"},{\"@type\":\"Organization\",\"@id\":\"https:\/\/fcspartaktrnava.com\/#organization\",\"name\":\"FC Spartak Trnava\",\"alternateName\":\"Spartak\",\"url\":\"https:\/\/fcspartaktrnava.com\/\",\"logo\":{\"@type\":\"ImageObject\",\"inLanguage\":\"en-GB\",\"@id\":\"https:\/\/fcspartaktrnava.com\/#\/schema\/logo\/image\/\",\"url\":\"https:\/\/fcspartaktrnava.com\/wp-content\/uploads\/2022\/08\/cropped-site_logo.png\",\"contentUrl\":\"https:\/\/fcspartaktrnava.com\/wp-content\/uploads\/2022\/08\/cropped-site_logo.png\",\"width\":140,\"height\":140,\"caption\":\"FC Spartak Trnava\"},\"image\":{\"@id\":\"https:\/\/fcspartaktrnava.com\/#\/schema\/logo\/image\/\"},\"sameAs\":[\"https:\/\/www.facebook.com\/SpartakTrnava\",\"https:\/\/x.com\/SpartakTrnava1\",\"https:\/\/www.instagram.com\/spartak_sk\/\"]},{\"@type\":\"Person\",\"@id\":\"https:\/\/fcspartaktrnava.com\/#\/schema\/person\/24bc5b254af14f71d7d8af178790aa75\",\"name\":\"spartak\",\"image\":{\"@type\":\"ImageObject\",\"inLanguage\":\"en-GB\",\"@id\":\"https:\/\/fcspartaktrnava.com\/#\/schema\/person\/image\/\",\"url\":\"https:\/\/secure.gravatar.com\/avatar\/f8ff8584f3fcf3909a11a6da9019f37749183b4015bca14e64556c52614cdc7f?s=96&d=mm&r=g\",\"contentUrl\":\"https:\/\/secure.gravatar.com\/avatar\/f8ff8584f3fcf3909a11a6da9019f37749183b4015bca14e64556c52614cdc7f?s=96&d=mm&r=g\",\"caption\":\"spartak\"},\"url\":\"https:\/\/fcspartaktrnava.com\/en\/author\/spartak\/\"}]}<\/script>\n<!-- \/ Yoast SEO plugin. -->","yoast_head_json":{"title":"FC SPARTAK VYZVE T\u00cdM Z PREMIER LEAGUE - FC Spartak Trnava","robots":{"index":"index","follow":"follow","max-snippet":"max-snippet:-1","max-image-preview":"max-image-preview:large","max-video-preview":"max-video-preview:-1"},"canonical":"https:\/\/fcspartaktrnava.com\/en\/fc-spartak-vyzve-tim-z-premiere-league\/","twitter_misc":{"Written by":"spartak","Estimated reading time":"2 minutes"},"schema":{"@context":"https:\/\/schema.org","@graph":[{"@type":"Article","@id":"https:\/\/fcspartaktrnava.com\/fc-spartak-vyzve-tim-z-premiere-league\/#article","isPartOf":{"@id":"https:\/\/fcspartaktrnava.com\/fc-spartak-vyzve-tim-z-premiere-league\/"},"author":{"name":"spartak","@id":"https:\/\/fcspartaktrnava.com\/#\/schema\/person\/24bc5b254af14f71d7d8af178790aa75"},"headline":"FC SPARTAK VYZVE T\u00cdM Z PREMIER LEAGUE","datePublished":"2024-06-05T08:02:58+00:00","dateModified":"2024-06-06T10:17:15+00:00","mainEntityOfPage":{"@id":"https:\/\/fcspartaktrnava.com\/fc-spartak-vyzve-tim-z-premiere-league\/"},"wordCount":308,"publisher":{"@id":"https:\/\/fcspartaktrnava.com\/#organization"},"image":{"@id":"https:\/\/fcspartaktrnava.com\/fc-spartak-vyzve-tim-z-premiere-league\/#primaryimage"},"thumbnailUrl":"https:\/\/fcspartaktrnava.com\/wp-content\/uploads\/2024\/06\/1740x1080-safe-zone.jpg","articleSection":["Pr\u00edprava","Spr\u00e1vy","Z\u00e1pas"],"inLanguage":"en-GB"},{"@type":"WebPage","@id":"https:\/\/fcspartaktrnava.com\/fc-spartak-vyzve-tim-z-premiere-league\/","url":"https:\/\/fcspartaktrnava.com\/fc-spartak-vyzve-tim-z-premiere-league\/","name":"FC SPARTAK VYZVE T\u00cdM Z PREMIER LEAGUE - FC Spartak Trnava","isPartOf":{"@id":"https:\/\/fcspartaktrnava.com\/#website"},"primaryImageOfPage":{"@id":"https:\/\/fcspartaktrnava.com\/fc-spartak-vyzve-tim-z-premiere-league\/#primaryimage"},"image":{"@id":"https:\/\/fcspartaktrnava.com\/fc-spartak-vyzve-tim-z-premiere-league\/#primaryimage"},"thumbnailUrl":"https:\/\/fcspartaktrnava.com\/wp-content\/uploads\/2024\/06\/1740x1080-safe-zone.jpg","datePublished":"2024-06-05T08:02:58+00:00","dateModified":"2024-06-06T10:17:15+00:00","breadcrumb":{"@id":"https:\/\/fcspartaktrnava.com\/fc-spartak-vyzve-tim-z-premiere-league\/#breadcrumb"},"inLanguage":"en-GB","potentialAction":[{"@type":"ReadAction","target":["https:\/\/fcspartaktrnava.com\/fc-spartak-vyzve-tim-z-premiere-league\/"]}]},{"@type":"ImageObject","inLanguage":"en-GB","@id":"https:\/\/fcspartaktrnava.com\/fc-spartak-vyzve-tim-z-premiere-league\/#primaryimage","url":"https:\/\/fcspartaktrnava.com\/wp-content\/uploads\/2024\/06\/1740x1080-safe-zone.jpg","contentUrl":"https:\/\/fcspartaktrnava.com\/wp-content\/uploads\/2024\/06\/1740x1080-safe-zone.jpg","width":1740,"height":1080},{"@type":"BreadcrumbList","@id":"https:\/\/fcspartaktrnava.com\/fc-spartak-vyzve-tim-z-premiere-league\/#breadcrumb","itemListElement":[{"@type":"ListItem","position":1,"name":"Home","item":"https:\/\/fcspartaktrnava.com\/"},{"@type":"ListItem","position":2,"name":"FC SPARTAK VYZVE T\u00cdM Z PREMIER LEAGUE"}]},{"@type":"WebSite","@id":"https:\/\/fcspartaktrnava.com\/#website","url":"https:\/\/fcspartaktrnava.com\/","name":"FC Spartak Trnava","description":"ofici\u00e1lna webstr\u00e1nka futbalov\u00e9ho klubu","publisher":{"@id":"https:\/\/fcspartaktrnava.com\/#organization"},"potentialAction":[{"@type":"SearchAction","target":{"@type":"EntryPoint","urlTemplate":"https:\/\/fcspartaktrnava.com\/?s={search_term_string}"},"query-input":{"@type":"PropertyValueSpecification","valueRequired":true,"valueName":"search_term_string"}}],"inLanguage":"en-GB"},{"@type":"Organization","@id":"https:\/\/fcspartaktrnava.com\/#organization","name":"FC Spartak Trnava","alternateName":"Spartak","url":"https:\/\/fcspartaktrnava.com\/","logo":{"@type":"ImageObject","inLanguage":"en-GB","@id":"https:\/\/fcspartaktrnava.com\/#\/schema\/logo\/image\/","url":"https:\/\/fcspartaktrnava.com\/wp-content\/uploads\/2022\/08\/cropped-site_logo.png","contentUrl":"https:\/\/fcspartaktrnava.com\/wp-content\/uploads\/2022\/08\/cropped-site_logo.png","width":140,"height":140,"caption":"FC Spartak Trnava"},"image":{"@id":"https:\/\/fcspartaktrnava.com\/#\/schema\/logo\/image\/"},"sameAs":["https:\/\/www.facebook.com\/SpartakTrnava","https:\/\/x.com\/SpartakTrnava1","https:\/\/www.instagram.com\/spartak_sk\/"]},{"@type":"Person","@id":"https:\/\/fcspartaktrnava.com\/#\/schema\/person\/24bc5b254af14f71d7d8af178790aa75","name":"spartak","image":{"@type":"ImageObject","inLanguage":"en-GB","@id":"https:\/\/fcspartaktrnava.com\/#\/schema\/person\/image\/","url":"https:\/\/secure.gravatar.com\/avatar\/f8ff8584f3fcf3909a11a6da9019f37749183b4015bca14e64556c52614cdc7f?s=96&d=mm&r=g","contentUrl":"https:\/\/secure.gravatar.com\/avatar\/f8ff8584f3fcf3909a11a6da9019f37749183b4015bca14e64556c52614cdc7f?s=96&d=mm&r=g","caption":"spartak"},"url":"https:\/\/fcspartaktrnava.com\/en\/author\/spartak\/"}]}},"_links":{"self":[{"href":"https:\/\/fcspartaktrnava.com\/en\/wp-json\/wp\/v2\/posts\/17689","targetHints":{"allow":["GET"]}}],"collection":[{"href":"https:\/\/fcspartaktrnava.com\/en\/wp-json\/wp\/v2\/posts"}],"about":[{"href":"https:\/\/fcspartaktrnava.com\/en\/wp-json\/wp\/v2\/types\/post"}],"author":[{"embeddable":true,"href":"https:\/\/fcspartaktrnava.com\/en\/wp-json\/wp\/v2\/users\/2"}],"replies":[{"embeddable":true,"href":"https:\/\/fcspartaktrnava.com\/en\/wp-json\/wp\/v2\/comments?post=17689"}],"version-history":[{"count":0,"href":"https:\/\/fcspartaktrnava.com\/en\/wp-json\/wp\/v2\/posts\/17689\/revisions"}],"wp:featuredmedia":[{"embeddable":true,"href":"https:\/\/fcspartaktrnava.com\/en\/wp-json\/wp\/v2\/media\/17690"}],"wp:attachment":[{"href":"https:\/\/fcspartaktrnava.com\/en\/wp-json\/wp\/v2\/media?parent=17689"}],"wp:term":[{"taxonomy":"category","embeddable":true,"href":"https:\/\/fcspartaktrnava.com\/en\/wp-json\/wp\/v2\/categories?post=17689"},{"taxonomy":"post_tag","embeddable":true,"href":"https:\/\/fcspartaktrnava.com\/en\/wp-json\/wp\/v2\/tags?post=17689"}],"curies":[{"name":"wp","href":"https:\/\/api.w.org\/{rel}","templated":true}]}}