{"id":17614,"date":"2024-05-22T14:56:05","date_gmt":"2024-05-22T12:56:05","guid":{"rendered":"https:\/\/fcspartaktrnava.com\/?p=17614"},"modified":"2024-05-26T12:57:54","modified_gmt":"2024-05-26T10:57:54","slug":"tretinovy-narast-navstevnosti-v-lige-v-poharoch-patciferny-priemer","status":"publish","type":"post","link":"https:\/\/fcspartaktrnava.com\/en\/tretinovy-narast-navstevnosti-v-lige-v-poharoch-patciferny-priemer\/","title":{"rendered":"Tretinov\u00fd n\u00e1rast n\u00e1v\u0161tevnosti v\u00a0lige, v\u00a0poh\u00e1roch p\u00e4\u0165cifern\u00fd priemer"},"content":{"rendered":"<p class=\"has-medium-font-size\"><em><mark style=\"background-color:rgba(0, 0, 0, 0)\" class=\"has-inline-color has-vivid-red-color\">Spartak m\u00e1 za sebou n\u00e1ro\u010dn\u00fa sez\u00f3nu, po\u010das ktorej odohral \u00factyhodn\u00fdch 52 z\u00e1pasov. V\u00a0lige ich bolo 32, \u0161es\u0165 v\u00a0predkol\u00e1ch Eur\u00f3pskej konferen\u010dnej ligy, \u010fal\u0161\u00edch 6 v\u00a0skupine a\u00a0napokon osem duelov v\u00a0Slovnaft cupe. Pre zauj\u00edmavos\u0165, e\u0161te o\u00a0dva viac ich spartakovci odohrali pred piatimi rokmi, ke\u010f takmer skop\u00edrovali t\u00fato sez\u00f3nu, no ke\u010f\u017ee v\u00a0Lige majstrov za\u010d\u00ednali u\u017e v\u00a01. predkole, odohrali v\u00a0nich dovedna osem z\u00e1pasov.<\/mark><\/em><\/p>\n\n\n\n<p>Trnav\u010dania obh\u00e1jili minuloro\u010dn\u00e9 tretie miesto v&nbsp;dom\u00e1cej s\u00fa\u0165a\u017ei a&nbsp;po \u0161tvrt\u00fd raz obsadili t\u00fato prie\u010dku. V&nbsp;dom\u00e1com poh\u00e1ri sa po tret\u00ed raz prebojovali do fin\u00e1le, hoci v\u00ed\u0165azn\u00fd hetrik im prekazil Ru\u017eomberok. Bonusom v\u0161ak bola \u00fa\u010das\u0165 v&nbsp;skupinovej f\u00e1ze Eur\u00f3pskej konferen\u010dnej ligy, tak\u017ee sez\u00f3nu mo\u017eno hodnoti\u0165 ako \u00faspe\u0161n\u00fa.<\/p>\n\n\n\n<h2 class=\"wp-block-heading has-medium-font-size\"><strong><em><mark style=\"background-color:rgba(0, 0, 0, 0)\" class=\"has-inline-color has-vivid-red-color\">Viac bodov ako vlani<\/mark><\/em><\/strong><\/h2>\n\n\n\n<p>V\u00a0lige bojoval Spartak o\u00a0tretiu prie\u010dku do posledn\u00e9ho kola, pri\u010dom z\u00edskal v\u00a0kone\u010dnej tabu\u013eke 57 bodov, \u010do je o\u00a05 bodov viac ako vlani. Len pred dvoma rokmi to bolo e\u0161te lep\u0161ie, ke\u010f ich mal Spartak 60. Vcelku vyrovnan\u00e1 bola bilancia pod\u013ea dejiska z\u00e1pasu. Doma z\u00edskali spartakovci 31 bodov (4. miesto), k\u00fdm vonku 26 (2. miesto).<\/p>\n\n\n\n<h5 class=\"wp-block-heading has-medium-font-size\"><em><strong><mark style=\"background-color:rgba(0, 0, 0, 0)\" class=\"has-inline-color has-vivid-red-color\">Najmenej inkasovan\u00fdch g\u00f3lov v lige<\/mark><\/strong><\/em><\/h5>\n\n\n\n<p>Spartak strelil 47 g\u00f3lov, o&nbsp;8 g\u00f3lov menej, no inkasoval len 29, \u010do znamen\u00e1, \u017ee v&nbsp;tejto hernej \u010dinnosti je \u00faplne najlep\u0161\u00ed v&nbsp;lige. Aj majstrovsk\u00fd Slovan dostal o&nbsp;2 g\u00f3ly viac. Najlep\u0161iu pas\u00e1\u017e mali spartakovci hne\u010f po prest\u00e1vke, ke\u010f do 60. min\u00faty dali 11 g\u00f3lov. V&nbsp;tomto \u00faseku aj naj\u010dastej\u0161ie inkasovali, ke\u010f dostali 8 g\u00f3lov, rovnako ako v&nbsp;z\u00e1vere\u010dnej \u0161tvr\u0165hodine. Zauj\u00edmavos\u0165ou je, \u017ee v&nbsp;prvej \u0161tvr\u0165hodine neinkasovali ani raz.<\/p>\n\n\n\n<h5 class=\"wp-block-heading has-medium-font-size\"><mark style=\"background-color:rgba(0, 0, 0, 0)\" class=\"has-inline-color has-vivid-red-color\"><em>Najlep\u0161\u00edm strelcom \u010euri\u0161<\/em><\/mark><em><mark style=\"background-color:rgba(0, 0, 0, 0)\" class=\"has-inline-color has-vivid-red-color\">, v osobn\u00fdch s\u00fabojoch \u0160tef\u00e1nik<\/mark><\/em><\/h5>\n\n\n\n<p>Najlep\u0161\u00edm strelcom bol desa\u0165g\u00f3lov\u00fd Michal \u010euri\u0161, ktor\u00fd bol s&nbsp;15 bodmi aj najprodukt\u00edvnej\u0161\u00edm hr\u00e1\u010dom t\u00edmu. Za n\u00edm skon\u010dil Azango s&nbsp;13 bodmi, ktor\u00fd bol so 6 prihr\u00e1vkami najlep\u0161\u00edm asistentom. Naj\u00faspe\u0161nej\u0161\u00edmi v&nbsp;osobn\u00fdch s\u00fabojoch boli Samuel \u0160tef\u00e1nik s&nbsp;viac ako 85-percentnou \u00faspe\u0161nos\u0165ou a&nbsp;Martin \u0160ulek s&nbsp;takmer 85-percentnou \u00faspe\u0161nos\u0165ou. Obaja skon\u010dili v&nbsp;najlep\u0161ej desiatke ligy. \u0160tef\u00e1nik mal podobn\u00e9 \u010d\u00edsla (86,5%)&nbsp; aj v&nbsp;\u00faspe\u0161nosti prihr\u00e1vok a&nbsp;rovnako bol v&nbsp;Spartaku najlep\u0161\u00ed.<\/p>\n\n\n\n<figure class=\"wp-block-image size-large\"><img loading=\"lazy\" decoding=\"async\" width=\"1024\" height=\"682\" src=\"https:\/\/fcspartaktrnava.com\/wp-content\/uploads\/2024\/04\/DSC_3325-1024x682.jpg\" alt=\"\" class=\"wp-image-16290\" srcset=\"https:\/\/fcspartaktrnava.com\/wp-content\/uploads\/2024\/04\/DSC_3325-1024x682.jpg 1024w, https:\/\/fcspartaktrnava.com\/wp-content\/uploads\/2024\/04\/DSC_3325-300x200.jpg 300w, https:\/\/fcspartaktrnava.com\/wp-content\/uploads\/2024\/04\/DSC_3325-768x512.jpg 768w, https:\/\/fcspartaktrnava.com\/wp-content\/uploads\/2024\/04\/DSC_3325-18x12.jpg 18w, https:\/\/fcspartaktrnava.com\/wp-content\/uploads\/2024\/04\/DSC_3325.jpg 1520w\" sizes=\"auto, (max-width: 1024px) 100vw, 1024px\" \/><\/figure>\n\n\n\n<h5 class=\"wp-block-heading has-medium-font-size\"><em><mark style=\"background-color:rgba(0, 0, 0, 0)\" class=\"has-inline-color has-vivid-red-color\">Pri v\u0161etkom bol Ofori<\/mark><\/em><\/h5>\n\n\n\n<p>Jedin\u00fdm hr\u00e1\u010dom, ktor\u00fd nast\u00fapil vo v\u0161etk\u00fdch 32 ligov\u00fdch z\u00e1pasoch v&nbsp;sez\u00f3ne bol Ghan\u010dan Kelvin Ofori ktor\u00fd dokonca nech\u00fdbal ani v&nbsp;jednom s\u00fa\u0165a\u017enom z\u00e1pase sez\u00f3ny. Dvojica Dominik Tak\u00e1\u010d a&nbsp;Philip Azango ch\u00fdbali len v&nbsp;dvoch ligov\u00fdch dueloch. Azangovi ch\u00fdbal v&nbsp;ostatn\u00fdch s\u00fa\u0165a\u017eiach jeden z\u00e1pas, ke\u010f vynechal iba prv\u00fd z\u00e1pas proti Aude a&nbsp;Tak\u00e1\u010d zasa odpo\u010d\u00edval v&nbsp;prv\u00fdch troch kol\u00e1ch Slovnaft cupu. Najviac min\u00fat v\u0161ak odohral v&nbsp;sez\u00f3ne Adrian Zeljkovi\u010d \u2013 2301.<\/p>\n\n\n\n<p>Premi\u00e9rov\u00e9 \u0161tarty si v&nbsp;tejto sez\u00f3ne prip\u00edsali viacer\u00ed hr\u00e1\u010di, ktor\u00ed nast\u00fapili v&nbsp;\u010derveno-\u010diernom drese \u2013 odchovanec klubu Martin R\u00fdzek, Michal \u010euri\u0161, Martin \u0160ulek, J\u00e1n Bern\u00e1t a&nbsp;legion\u00e1ri \u0189uri\u010d, Breznik, Bainovi\u010d, Burke, Zeljkovi\u010d, Azango, Djuri\u010din.<\/p>\n\n\n\n<h2 class=\"wp-block-heading has-medium-font-size\"><em><mark style=\"background-color:rgba(0, 0, 0, 0)\" class=\"has-inline-color has-vivid-red-color\">Najviac \u017elt\u00fdch Zeljkovi\u010dovi<\/mark><\/em><\/h2>\n\n\n\n<p>Spartakovci dostali po\u010das sez\u00f3ny 58 \u017elt\u00fdch kariet, teda rovnak\u00fd po\u010det ako vlani. Najviac ich videl Adrian Zeljkovi\u010d, ktor\u00fd bol napom\u00ednan\u00fd \u0161es\u0165kr\u00e1t. Ten bol aj jedn\u00fdm z&nbsp;dvoch vyl\u00fa\u010den\u00fdch (2. kolo v&nbsp;Z. Moravciach), t\u00fdm druh\u00fdm bol Michal \u010euri\u0161 v&nbsp;8. kole nadstavby doma proti Ru\u017eomberku. K\u00fdm vlani boli Trnav\u010dania druh\u00ed najslu\u0161nej\u0161\u00ed v&nbsp;po\u010dte faulov (354), v&nbsp;tejto sez\u00f3ny ich nazbierali 442 a&nbsp;hor\u0161ie na tom bola len Podbrezov\u00e1.<\/p>\n\n\n\n<figure class=\"wp-block-image size-large\"><img loading=\"lazy\" decoding=\"async\" width=\"1024\" height=\"682\" src=\"https:\/\/fcspartaktrnava.com\/wp-content\/uploads\/2023\/07\/DSC_1633-1024x682.jpg\" alt=\"\" class=\"wp-image-9193\" srcset=\"https:\/\/fcspartaktrnava.com\/wp-content\/uploads\/2023\/07\/DSC_1633-1024x682.jpg 1024w, https:\/\/fcspartaktrnava.com\/wp-content\/uploads\/2023\/07\/DSC_1633-300x200.jpg 300w, https:\/\/fcspartaktrnava.com\/wp-content\/uploads\/2023\/07\/DSC_1633-768x512.jpg 768w, https:\/\/fcspartaktrnava.com\/wp-content\/uploads\/2023\/07\/DSC_1633-18x12.jpg 18w, https:\/\/fcspartaktrnava.com\/wp-content\/uploads\/2023\/07\/DSC_1633.jpg 1520w\" sizes=\"auto, (max-width: 1024px) 100vw, 1024px\" \/><\/figure>\n\n\n\n<p>Hr\u00e1\u010di Spartaka kopali v&nbsp;tejto sez\u00f3ne tri pokutov\u00e9 kopy. Djuri\u010din svoju premenil (v Zlat\u00fdch Moravciach), ale Poznar (proti D. Strede) a&nbsp;Bainovi\u010d (v Podbrezov\u00e9) svoje pokusy zahodili. Tak\u00e1\u010d \u010delil v&nbsp;sez\u00f3ne trom penalt\u00e1m \u2013 Polievka (B. Bystrica) a&nbsp;ani Gal\u010d\u00edk (Podbrezov\u00e1) ich nepremenili, \u017dilin\u010dan Jambor sa nepom\u00fdlil.<\/p>\n\n\n\n<h5 class=\"wp-block-heading has-medium-font-size\"><em><mark style=\"background-color:rgba(0, 0, 0, 0)\" class=\"has-inline-color has-vivid-red-color\"><strong>Vy\u0161\u0161ia n\u00e1v\u0161tevnos\u0165 aj div\u00e1cky rekord sez\u00f3ny<\/strong><\/mark><\/em><\/h5>\n\n\n\n<p>Z\u00e1pasy Spartaka na dom\u00e1com \u0161tadi\u00f3ne nav\u0161t\u00edvilo dovedna 72&nbsp;592 div\u00e1kov, \u010do je o&nbsp;vy\u0161e 17 tis\u00edc fan\u00fa\u0161ikov viac ako vlani. Najvy\u0161\u0161ia n\u00e1v\u0161teva, \u010do bola aj top n\u00e1v\u0161teva sez\u00f3ny v&nbsp;lige, bola na jesennom derby, ktor\u00e9 v&nbsp;Trnave videlo 12&nbsp;528 fan\u00fa\u0161ikov. Priemerne ich bolo na ligov\u00fdch z\u00e1pasoch 4537 a&nbsp;n\u00e1rast o&nbsp;viac ako 30 percent oproti minul\u00e9mu roku.<\/p>\n\n\n\n<p>K&nbsp;tomu treba prir\u00e1ta\u0165 e\u0161te \u0161es\u0165 z\u00e1pasov v&nbsp;predkol\u00e1ch a&nbsp;skupine Eur\u00f3pskej konferen\u010dnej ligy, ktor\u00e9 tieto \u010d\u00edsla zdvojn\u00e1sobili \u2013 poh\u00e1rov\u00e9 z\u00e1pasy videlo dovedna 80&nbsp;600 fan\u00fa\u0161ikov, teda priemerne 13&nbsp;433 na jeden z\u00e1pas. Najviac ich bolo, pochopite\u013ene, zvedav\u00fdch na z\u00e1pase Spartak \u2013 Fenerbahce &#8211; 17&nbsp;528.<\/p>","protected":false},"excerpt":{"rendered":"<p>Spartak m\u00e1 za sebou n\u00e1ro\u010dn\u00fa sez\u00f3nu, po\u010das ktorej&#8230;<\/p>","protected":false},"author":2,"featured_media":11673,"comment_status":"closed","ping_status":"closed","sticky":false,"template":"","format":"standard","meta":{"footnotes":""},"categories":[12],"tags":[],"class_list":["post-17614","post","type-post","status-publish","format-standard","has-post-thumbnail","hentry","category-spravy","post-number-1"],"yoast_head":"<!-- This site is optimized with the Yoast SEO plugin v27.1.1 - https:\/\/yoast.com\/product\/yoast-seo-wordpress\/ -->\n<title>Tretinov\u00fd n\u00e1rast n\u00e1v\u0161tevnosti v\u00a0lige, v\u00a0poh\u00e1roch p\u00e4\u0165cifern\u00fd priemer - FC Spartak Trnava<\/title>\n<meta name=\"robots\" content=\"index, follow, max-snippet:-1, max-image-preview:large, max-video-preview:-1\" \/>\n<link rel=\"canonical\" href=\"https:\/\/fcspartaktrnava.com\/en\/tretinovy-narast-navstevnosti-v-lige-v-poharoch-patciferny-priemer\/\" \/>\n<meta name=\"twitter:label1\" content=\"Written by\" \/>\n\t<meta name=\"twitter:data1\" content=\"spartak\" \/>\n\t<meta name=\"twitter:label2\" content=\"Estimated reading time\" \/>\n\t<meta name=\"twitter:data2\" content=\"5 minutes\" \/>\n<script type=\"application\/ld+json\" class=\"yoast-schema-graph\">{\"@context\":\"https:\/\/schema.org\",\"@graph\":[{\"@type\":\"Article\",\"@id\":\"https:\/\/fcspartaktrnava.com\/tretinovy-narast-navstevnosti-v-lige-v-poharoch-patciferny-priemer\/#article\",\"isPartOf\":{\"@id\":\"https:\/\/fcspartaktrnava.com\/tretinovy-narast-navstevnosti-v-lige-v-poharoch-patciferny-priemer\/\"},\"author\":{\"name\":\"spartak\",\"@id\":\"https:\/\/fcspartaktrnava.com\/#\/schema\/person\/24bc5b254af14f71d7d8af178790aa75\"},\"headline\":\"Tretinov\u00fd n\u00e1rast n\u00e1v\u0161tevnosti v\u00a0lige, v\u00a0poh\u00e1roch p\u00e4\u0165cifern\u00fd priemer\",\"datePublished\":\"2024-05-22T12:56:05+00:00\",\"dateModified\":\"2024-05-26T10:57:54+00:00\",\"mainEntityOfPage\":{\"@id\":\"https:\/\/fcspartaktrnava.com\/tretinovy-narast-navstevnosti-v-lige-v-poharoch-patciferny-priemer\/\"},\"wordCount\":893,\"publisher\":{\"@id\":\"https:\/\/fcspartaktrnava.com\/#organization\"},\"image\":{\"@id\":\"https:\/\/fcspartaktrnava.com\/tretinovy-narast-navstevnosti-v-lige-v-poharoch-patciferny-priemer\/#primaryimage\"},\"thumbnailUrl\":\"https:\/\/fcspartaktrnava.com\/wp-content\/uploads\/2023\/10\/DSC_6750.jpg\",\"articleSection\":[\"Spr\u00e1vy\"],\"inLanguage\":\"en-GB\"},{\"@type\":\"WebPage\",\"@id\":\"https:\/\/fcspartaktrnava.com\/tretinovy-narast-navstevnosti-v-lige-v-poharoch-patciferny-priemer\/\",\"url\":\"https:\/\/fcspartaktrnava.com\/tretinovy-narast-navstevnosti-v-lige-v-poharoch-patciferny-priemer\/\",\"name\":\"Tretinov\u00fd n\u00e1rast n\u00e1v\u0161tevnosti v\u00a0lige, v\u00a0poh\u00e1roch p\u00e4\u0165cifern\u00fd priemer - FC Spartak Trnava\",\"isPartOf\":{\"@id\":\"https:\/\/fcspartaktrnava.com\/#website\"},\"primaryImageOfPage\":{\"@id\":\"https:\/\/fcspartaktrnava.com\/tretinovy-narast-navstevnosti-v-lige-v-poharoch-patciferny-priemer\/#primaryimage\"},\"image\":{\"@id\":\"https:\/\/fcspartaktrnava.com\/tretinovy-narast-navstevnosti-v-lige-v-poharoch-patciferny-priemer\/#primaryimage\"},\"thumbnailUrl\":\"https:\/\/fcspartaktrnava.com\/wp-content\/uploads\/2023\/10\/DSC_6750.jpg\",\"datePublished\":\"2024-05-22T12:56:05+00:00\",\"dateModified\":\"2024-05-26T10:57:54+00:00\",\"breadcrumb\":{\"@id\":\"https:\/\/fcspartaktrnava.com\/tretinovy-narast-navstevnosti-v-lige-v-poharoch-patciferny-priemer\/#breadcrumb\"},\"inLanguage\":\"en-GB\",\"potentialAction\":[{\"@type\":\"ReadAction\",\"target\":[\"https:\/\/fcspartaktrnava.com\/tretinovy-narast-navstevnosti-v-lige-v-poharoch-patciferny-priemer\/\"]}]},{\"@type\":\"ImageObject\",\"inLanguage\":\"en-GB\",\"@id\":\"https:\/\/fcspartaktrnava.com\/tretinovy-narast-navstevnosti-v-lige-v-poharoch-patciferny-priemer\/#primaryimage\",\"url\":\"https:\/\/fcspartaktrnava.com\/wp-content\/uploads\/2023\/10\/DSC_6750.jpg\",\"contentUrl\":\"https:\/\/fcspartaktrnava.com\/wp-content\/uploads\/2023\/10\/DSC_6750.jpg\",\"width\":1520,\"height\":1011},{\"@type\":\"BreadcrumbList\",\"@id\":\"https:\/\/fcspartaktrnava.com\/tretinovy-narast-navstevnosti-v-lige-v-poharoch-patciferny-priemer\/#breadcrumb\",\"itemListElement\":[{\"@type\":\"ListItem\",\"position\":1,\"name\":\"Home\",\"item\":\"https:\/\/fcspartaktrnava.com\/\"},{\"@type\":\"ListItem\",\"position\":2,\"name\":\"Tretinov\u00fd n\u00e1rast n\u00e1v\u0161tevnosti v\u00a0lige, v\u00a0poh\u00e1roch p\u00e4\u0165cifern\u00fd priemer\"}]},{\"@type\":\"WebSite\",\"@id\":\"https:\/\/fcspartaktrnava.com\/#website\",\"url\":\"https:\/\/fcspartaktrnava.com\/\",\"name\":\"FC Spartak Trnava\",\"description\":\"ofici\u00e1lna webstr\u00e1nka futbalov\u00e9ho klubu\",\"publisher\":{\"@id\":\"https:\/\/fcspartaktrnava.com\/#organization\"},\"potentialAction\":[{\"@type\":\"SearchAction\",\"target\":{\"@type\":\"EntryPoint\",\"urlTemplate\":\"https:\/\/fcspartaktrnava.com\/?s={search_term_string}\"},\"query-input\":{\"@type\":\"PropertyValueSpecification\",\"valueRequired\":true,\"valueName\":\"search_term_string\"}}],\"inLanguage\":\"en-GB\"},{\"@type\":\"Organization\",\"@id\":\"https:\/\/fcspartaktrnava.com\/#organization\",\"name\":\"FC Spartak Trnava\",\"alternateName\":\"Spartak\",\"url\":\"https:\/\/fcspartaktrnava.com\/\",\"logo\":{\"@type\":\"ImageObject\",\"inLanguage\":\"en-GB\",\"@id\":\"https:\/\/fcspartaktrnava.com\/#\/schema\/logo\/image\/\",\"url\":\"https:\/\/fcspartaktrnava.com\/wp-content\/uploads\/2022\/08\/cropped-site_logo.png\",\"contentUrl\":\"https:\/\/fcspartaktrnava.com\/wp-content\/uploads\/2022\/08\/cropped-site_logo.png\",\"width\":140,\"height\":140,\"caption\":\"FC Spartak Trnava\"},\"image\":{\"@id\":\"https:\/\/fcspartaktrnava.com\/#\/schema\/logo\/image\/\"},\"sameAs\":[\"https:\/\/www.facebook.com\/SpartakTrnava\",\"https:\/\/x.com\/SpartakTrnava1\",\"https:\/\/www.instagram.com\/spartak_sk\/\"]},{\"@type\":\"Person\",\"@id\":\"https:\/\/fcspartaktrnava.com\/#\/schema\/person\/24bc5b254af14f71d7d8af178790aa75\",\"name\":\"spartak\",\"image\":{\"@type\":\"ImageObject\",\"inLanguage\":\"en-GB\",\"@id\":\"https:\/\/fcspartaktrnava.com\/#\/schema\/person\/image\/\",\"url\":\"https:\/\/secure.gravatar.com\/avatar\/f8ff8584f3fcf3909a11a6da9019f37749183b4015bca14e64556c52614cdc7f?s=96&d=mm&r=g\",\"contentUrl\":\"https:\/\/secure.gravatar.com\/avatar\/f8ff8584f3fcf3909a11a6da9019f37749183b4015bca14e64556c52614cdc7f?s=96&d=mm&r=g\",\"caption\":\"spartak\"},\"url\":\"https:\/\/fcspartaktrnava.com\/en\/author\/spartak\/\"}]}<\/script>\n<!-- \/ Yoast SEO plugin. -->","yoast_head_json":{"title":"Tretinov\u00fd n\u00e1rast n\u00e1v\u0161tevnosti v\u00a0lige, v\u00a0poh\u00e1roch p\u00e4\u0165cifern\u00fd priemer - FC Spartak Trnava","robots":{"index":"index","follow":"follow","max-snippet":"max-snippet:-1","max-image-preview":"max-image-preview:large","max-video-preview":"max-video-preview:-1"},"canonical":"https:\/\/fcspartaktrnava.com\/en\/tretinovy-narast-navstevnosti-v-lige-v-poharoch-patciferny-priemer\/","twitter_misc":{"Written by":"spartak","Estimated reading time":"5 minutes"},"schema":{"@context":"https:\/\/schema.org","@graph":[{"@type":"Article","@id":"https:\/\/fcspartaktrnava.com\/tretinovy-narast-navstevnosti-v-lige-v-poharoch-patciferny-priemer\/#article","isPartOf":{"@id":"https:\/\/fcspartaktrnava.com\/tretinovy-narast-navstevnosti-v-lige-v-poharoch-patciferny-priemer\/"},"author":{"name":"spartak","@id":"https:\/\/fcspartaktrnava.com\/#\/schema\/person\/24bc5b254af14f71d7d8af178790aa75"},"headline":"Tretinov\u00fd n\u00e1rast n\u00e1v\u0161tevnosti v\u00a0lige, v\u00a0poh\u00e1roch p\u00e4\u0165cifern\u00fd priemer","datePublished":"2024-05-22T12:56:05+00:00","dateModified":"2024-05-26T10:57:54+00:00","mainEntityOfPage":{"@id":"https:\/\/fcspartaktrnava.com\/tretinovy-narast-navstevnosti-v-lige-v-poharoch-patciferny-priemer\/"},"wordCount":893,"publisher":{"@id":"https:\/\/fcspartaktrnava.com\/#organization"},"image":{"@id":"https:\/\/fcspartaktrnava.com\/tretinovy-narast-navstevnosti-v-lige-v-poharoch-patciferny-priemer\/#primaryimage"},"thumbnailUrl":"https:\/\/fcspartaktrnava.com\/wp-content\/uploads\/2023\/10\/DSC_6750.jpg","articleSection":["Spr\u00e1vy"],"inLanguage":"en-GB"},{"@type":"WebPage","@id":"https:\/\/fcspartaktrnava.com\/tretinovy-narast-navstevnosti-v-lige-v-poharoch-patciferny-priemer\/","url":"https:\/\/fcspartaktrnava.com\/tretinovy-narast-navstevnosti-v-lige-v-poharoch-patciferny-priemer\/","name":"Tretinov\u00fd n\u00e1rast n\u00e1v\u0161tevnosti v\u00a0lige, v\u00a0poh\u00e1roch p\u00e4\u0165cifern\u00fd priemer - FC Spartak Trnava","isPartOf":{"@id":"https:\/\/fcspartaktrnava.com\/#website"},"primaryImageOfPage":{"@id":"https:\/\/fcspartaktrnava.com\/tretinovy-narast-navstevnosti-v-lige-v-poharoch-patciferny-priemer\/#primaryimage"},"image":{"@id":"https:\/\/fcspartaktrnava.com\/tretinovy-narast-navstevnosti-v-lige-v-poharoch-patciferny-priemer\/#primaryimage"},"thumbnailUrl":"https:\/\/fcspartaktrnava.com\/wp-content\/uploads\/2023\/10\/DSC_6750.jpg","datePublished":"2024-05-22T12:56:05+00:00","dateModified":"2024-05-26T10:57:54+00:00","breadcrumb":{"@id":"https:\/\/fcspartaktrnava.com\/tretinovy-narast-navstevnosti-v-lige-v-poharoch-patciferny-priemer\/#breadcrumb"},"inLanguage":"en-GB","potentialAction":[{"@type":"ReadAction","target":["https:\/\/fcspartaktrnava.com\/tretinovy-narast-navstevnosti-v-lige-v-poharoch-patciferny-priemer\/"]}]},{"@type":"ImageObject","inLanguage":"en-GB","@id":"https:\/\/fcspartaktrnava.com\/tretinovy-narast-navstevnosti-v-lige-v-poharoch-patciferny-priemer\/#primaryimage","url":"https:\/\/fcspartaktrnava.com\/wp-content\/uploads\/2023\/10\/DSC_6750.jpg","contentUrl":"https:\/\/fcspartaktrnava.com\/wp-content\/uploads\/2023\/10\/DSC_6750.jpg","width":1520,"height":1011},{"@type":"BreadcrumbList","@id":"https:\/\/fcspartaktrnava.com\/tretinovy-narast-navstevnosti-v-lige-v-poharoch-patciferny-priemer\/#breadcrumb","itemListElement":[{"@type":"ListItem","position":1,"name":"Home","item":"https:\/\/fcspartaktrnava.com\/"},{"@type":"ListItem","position":2,"name":"Tretinov\u00fd n\u00e1rast n\u00e1v\u0161tevnosti v\u00a0lige, v\u00a0poh\u00e1roch p\u00e4\u0165cifern\u00fd priemer"}]},{"@type":"WebSite","@id":"https:\/\/fcspartaktrnava.com\/#website","url":"https:\/\/fcspartaktrnava.com\/","name":"FC Spartak Trnava","description":"ofici\u00e1lna webstr\u00e1nka futbalov\u00e9ho klubu","publisher":{"@id":"https:\/\/fcspartaktrnava.com\/#organization"},"potentialAction":[{"@type":"SearchAction","target":{"@type":"EntryPoint","urlTemplate":"https:\/\/fcspartaktrnava.com\/?s={search_term_string}"},"query-input":{"@type":"PropertyValueSpecification","valueRequired":true,"valueName":"search_term_string"}}],"inLanguage":"en-GB"},{"@type":"Organization","@id":"https:\/\/fcspartaktrnava.com\/#organization","name":"FC Spartak Trnava","alternateName":"Spartak","url":"https:\/\/fcspartaktrnava.com\/","logo":{"@type":"ImageObject","inLanguage":"en-GB","@id":"https:\/\/fcspartaktrnava.com\/#\/schema\/logo\/image\/","url":"https:\/\/fcspartaktrnava.com\/wp-content\/uploads\/2022\/08\/cropped-site_logo.png","contentUrl":"https:\/\/fcspartaktrnava.com\/wp-content\/uploads\/2022\/08\/cropped-site_logo.png","width":140,"height":140,"caption":"FC Spartak Trnava"},"image":{"@id":"https:\/\/fcspartaktrnava.com\/#\/schema\/logo\/image\/"},"sameAs":["https:\/\/www.facebook.com\/SpartakTrnava","https:\/\/x.com\/SpartakTrnava1","https:\/\/www.instagram.com\/spartak_sk\/"]},{"@type":"Person","@id":"https:\/\/fcspartaktrnava.com\/#\/schema\/person\/24bc5b254af14f71d7d8af178790aa75","name":"spartak","image":{"@type":"ImageObject","inLanguage":"en-GB","@id":"https:\/\/fcspartaktrnava.com\/#\/schema\/person\/image\/","url":"https:\/\/secure.gravatar.com\/avatar\/f8ff8584f3fcf3909a11a6da9019f37749183b4015bca14e64556c52614cdc7f?s=96&d=mm&r=g","contentUrl":"https:\/\/secure.gravatar.com\/avatar\/f8ff8584f3fcf3909a11a6da9019f37749183b4015bca14e64556c52614cdc7f?s=96&d=mm&r=g","caption":"spartak"},"url":"https:\/\/fcspartaktrnava.com\/en\/author\/spartak\/"}]}},"_links":{"self":[{"href":"https:\/\/fcspartaktrnava.com\/en\/wp-json\/wp\/v2\/posts\/17614","targetHints":{"allow":["GET"]}}],"collection":[{"href":"https:\/\/fcspartaktrnava.com\/en\/wp-json\/wp\/v2\/posts"}],"about":[{"href":"https:\/\/fcspartaktrnava.com\/en\/wp-json\/wp\/v2\/types\/post"}],"author":[{"embeddable":true,"href":"https:\/\/fcspartaktrnava.com\/en\/wp-json\/wp\/v2\/users\/2"}],"replies":[{"embeddable":true,"href":"https:\/\/fcspartaktrnava.com\/en\/wp-json\/wp\/v2\/comments?post=17614"}],"version-history":[{"count":0,"href":"https:\/\/fcspartaktrnava.com\/en\/wp-json\/wp\/v2\/posts\/17614\/revisions"}],"wp:featuredmedia":[{"embeddable":true,"href":"https:\/\/fcspartaktrnava.com\/en\/wp-json\/wp\/v2\/media\/11673"}],"wp:attachment":[{"href":"https:\/\/fcspartaktrnava.com\/en\/wp-json\/wp\/v2\/media?parent=17614"}],"wp:term":[{"taxonomy":"category","embeddable":true,"href":"https:\/\/fcspartaktrnava.com\/en\/wp-json\/wp\/v2\/categories?post=17614"},{"taxonomy":"post_tag","embeddable":true,"href":"https:\/\/fcspartaktrnava.com\/en\/wp-json\/wp\/v2\/tags?post=17614"}],"curies":[{"name":"wp","href":"https:\/\/api.w.org\/{rel}","templated":true}]}}