{"id":17600,"date":"2024-05-21T08:57:17","date_gmt":"2024-05-21T06:57:17","guid":{"rendered":"https:\/\/fcspartaktrnava.com\/?p=17600"},"modified":"2024-05-21T08:57:18","modified_gmt":"2024-05-21T06:57:18","slug":"adrian-zeljkovic-bol-kometou-sezony","status":"publish","type":"post","link":"https:\/\/fcspartaktrnava.com\/en\/adrian-zeljkovic-bol-kometou-sezony\/","title":{"rendered":"Adrian Zeljkovi\u010d bol kom\u00e9tou sez\u00f3ny"},"content":{"rendered":"<p>Jedn\u00fdm z&nbsp;najpr\u00edjemnej\u0161\u00edch objavov skon\u010den\u00e9ho ro\u010dn\u00edka nielen v&nbsp;Spartaku, ale v&nbsp;celej slovenskej lige bol bez pochyby Adrian Zeljkovi\u010d. Dvadsa\u0165jedenro\u010dn\u00fd Slovinec pri\u0161iel do Trnavy pred rokom a&nbsp;prakticky okam\u017eite sa stal k\u013e\u00fa\u010dov\u00fdm hr\u00e1\u010dom v&nbsp;strede po\u013ea. V&nbsp;\u010derveno-\u010diernom drese odohral vo v\u0161etk\u00fdch s\u00fa\u0165a\u017eiach \u00factyhodn\u00fdch 45 z\u00e1pasov, v&nbsp;ktor\u00fdch p\u00e4\u0165kr\u00e1t sk\u00f3roval v&nbsp;lige, \u010do na defenz\u00edvneho stredopoliara tie\u017e nie je zl\u00e1 bilancia. Ne\u010dudo, \u017ee sa hne\u010f vo svojej nov\u00e1\u010dikovskej sez\u00f3ne prebojoval do najlep\u0161ej jeden\u00e1stky roka pod\u013ea odborn\u00edkov, aj v&nbsp;hlasovan\u00ed hr\u00e1\u010dov.<\/p>\n\n\n\n<p><strong><em>\u201eSez\u00f3na sa pre n\u00e1s napokon skon\u010dila \u00faspe\u0161ne. Sn\u00e1\u010f jedine s&nbsp;v\u00fdnimkou poh\u00e1rov\u00e9ho fin\u00e1le, ktor\u00e9 sme prehrali. To je \u0161port, tak\u00fd je futbal a&nbsp;niekedy prehr\u00e1te. Ke\u010f sa obzriem, tak mysl\u00edm, \u017ee sez\u00f3na bola napriek tomu dobr\u00e1. <\/em><\/strong><strong><em>V\u00e1\u017eim si ocenenie, ktor\u00e9 som z\u00edskal, ale mysl\u00edm, \u017ee nikdy by som ho nedosiahol bez dobr\u00e9ho t\u00edmu, tr\u00e9nerov a&nbsp;klubu, a&nbsp;v\u0161etk\u00fdm v&nbsp;Spartaku by som chcel za to po\u010fakova\u0165,\u201c<\/em><\/strong> povedal na sl\u00e1vnostnom vyhl\u00e1sen\u00ed Zeljkovi\u010d.<\/p>\n\n\n\n<p>U\u017e po jesennej \u010dasti sa sklo\u0148ovalo jeho meno v\u00a0s\u00favislosti so z\u00e1ujmom klubov z\u00a0prest\u00ed\u017enych l\u00edg. Svoju \u00farove\u0148 si udr\u017eal aj po\u010das jari a\u00a0st\u00e1le m\u00e1 priestor na napredovanie. V\u00a0Spartaku m\u00e1 e\u0161te zmluvu na \u010fal\u0161ie tri sez\u00f3ny, no v\u00a0pr\u00edpade atrakt\u00edvnej ponuky bude \u0165a\u017ek\u00e9 ho na Slovensku udr\u017ea\u0165. <strong><em>\u201e\u0164a\u017eko sa mi o\u00a0tom v\u00a0tomto \u0161t\u00e1diu hovor\u00ed, chcem by\u0165 nohami na zemi a\u00a0neby\u0165 hlavou v\u00a0oblakoch. Chcem sa s\u00fastredi\u0165 na svoju pr\u00e1cu v\u00a0Spartaku. K\u00fdm budem hr\u00e1\u010dom Trnavy, tak budem d\u00e1va\u0165 klubu maximum a\u00a0na ni\u010d in\u00e9 nemysl\u00edm.\u201c<\/em><\/strong><\/p>\n\n\n\n<figure class=\"wp-block-embed is-type-video is-provider-youtube wp-block-embed-youtube wp-embed-aspect-16-9 wp-has-aspect-ratio\"><div class=\"wp-block-embed__wrapper\">\n<iframe loading=\"lazy\" title=\"Adrian Zeljkovi\u010d po vyhl\u00e1sen\u00ed ankety Jeden\u00e1stka sez\u00f3ny\" width=\"500\" height=\"281\" src=\"https:\/\/www.youtube.com\/embed\/c1zNEGW1IBw?feature=oembed\" frameborder=\"0\" allow=\"accelerometer; autoplay; clipboard-write; encrypted-media; gyroscope; picture-in-picture; web-share\" referrerpolicy=\"strict-origin-when-cross-origin\" allowfullscreen><\/iframe>\n<\/div><\/figure>\n\n\n\n<p>Zeljkovi\u010d je stabiln\u00fdm \u010dlenom slovinskej dvadsa\u0165jednotky, ktor\u00e1 bojuje v\u00a0kvalifik\u00e1cii o\u00a0\u00fa\u010das\u0165 na z\u00e1vere\u010dnom turnaji majstrovstiev Eur\u00f3py, ktor\u00e9 bud\u00fa o\u00a0rok aj na trnavskom \u0161tadi\u00f3ne. Slovinci zatia\u013e ved\u00fa svoju skupinu, no Adrian m\u00f4\u017ee po\u0161ku\u013eova\u0165 aj po nomin\u00e1cii na nadch\u00e1dzaj\u00face Euro v\u00a0Nemecku, ke\u010f\u017ee t\u00fato jar u\u017e bol nominovan\u00fd aj do \u00e1\u010dka a\u00a0vo v\u00ed\u0165aznom z\u00e1pase proti USA si odkr\u00fatil svoj debut. \u00a0<strong><em>\u201eMysl\u00edm, \u017ee \u0161anca st\u00e1le je. Je to sen ka\u017ed\u00e9ho hr\u00e1\u010da, predstavi\u0165 sa na z\u00e1vere\u010dnom turnaji a\u00a0reprezentova\u0165 svoju\u00a0 krajinu. Aj ja by som bol \u0161\u0165astn\u00fd, keby som sa na Euro dostal.\u201c<\/em><\/strong><\/p>\n\n\n\n<figure class=\"wp-block-gallery has-nested-images columns-default is-cropped wp-block-gallery-1 is-layout-flex wp-block-gallery-is-layout-flex\">\n<figure class=\"wp-block-image size-large\"><img loading=\"lazy\" decoding=\"async\" width=\"1024\" height=\"682\" data-id=\"17436\" src=\"https:\/\/fcspartaktrnava.com\/wp-content\/uploads\/2024\/05\/DSC_0593-1024x682.jpg\" alt=\"\" class=\"wp-image-17436\" srcset=\"https:\/\/fcspartaktrnava.com\/wp-content\/uploads\/2024\/05\/DSC_0593-1024x682.jpg 1024w, https:\/\/fcspartaktrnava.com\/wp-content\/uploads\/2024\/05\/DSC_0593-300x200.jpg 300w, https:\/\/fcspartaktrnava.com\/wp-content\/uploads\/2024\/05\/DSC_0593-768x512.jpg 768w, https:\/\/fcspartaktrnava.com\/wp-content\/uploads\/2024\/05\/DSC_0593-18x12.jpg 18w, https:\/\/fcspartaktrnava.com\/wp-content\/uploads\/2024\/05\/DSC_0593.jpg 1520w\" sizes=\"auto, (max-width: 1024px) 100vw, 1024px\" \/><\/figure>\n\n\n\n<figure class=\"wp-block-image size-large\"><img loading=\"lazy\" decoding=\"async\" width=\"1024\" height=\"682\" data-id=\"16428\" src=\"https:\/\/fcspartaktrnava.com\/wp-content\/uploads\/2024\/04\/DSC_3941-1024x682.jpg\" alt=\"\" class=\"wp-image-16428\" srcset=\"https:\/\/fcspartaktrnava.com\/wp-content\/uploads\/2024\/04\/DSC_3941-1024x682.jpg 1024w, https:\/\/fcspartaktrnava.com\/wp-content\/uploads\/2024\/04\/DSC_3941-300x200.jpg 300w, https:\/\/fcspartaktrnava.com\/wp-content\/uploads\/2024\/04\/DSC_3941-768x512.jpg 768w, https:\/\/fcspartaktrnava.com\/wp-content\/uploads\/2024\/04\/DSC_3941-18x12.jpg 18w, https:\/\/fcspartaktrnava.com\/wp-content\/uploads\/2024\/04\/DSC_3941.jpg 1520w\" sizes=\"auto, (max-width: 1024px) 100vw, 1024px\" \/><\/figure>\n<\/figure>\n\n\n\n<p>Ak by sa to nepodarilo, tak so Spartakom by chcel v&nbsp;tej \u010fal\u0161ej sez\u00f3ne posun\u00fa\u0165 latku e\u0161te o&nbsp;k\u00fasok vy\u0161\u0161ie. <strong><em>\u201eChcel by som e\u0161te lep\u0161iu sez\u00f3nu ako bola t\u00e1to. Pok\u00fasi\u0165 sa vybojova\u0165 najlep\u0161ie mo\u017en\u00e9 v\u00fdsledky a&nbsp;z\u00edska\u0165 najvy\u0161\u0161ie mo\u017en\u00e9 umiestnenie v&nbsp;tabu\u013eke. Rady by sme zopakovali v\u00fdborn\u00e9 v\u00fdsledky v&nbsp;Eur\u00f3pe.\u201c<\/em><\/strong><\/p>\n\n\n\n<p>Zeljkovi\u010d zatia\u013e za\u017e\u00edva svoju najlep\u0161iu sez\u00f3nu. Hoci na svoju prv\u00fa trofej nedosiahol, meno si urobil najm\u00e4 v&nbsp;z\u00e1pasoch v&nbsp;poh\u00e1rovej Eur\u00f3pe. Topmomentom sez\u00f3ny bol postup cez ukrajinsk\u00e9ho Dnipro-1. <strong><em>\u201eZa m\u0148a m\u00f4\u017eem poveda\u0165, \u017ee jednozna\u010dne okamih, ke\u010f sme sa prebojovali do skupinovej f\u00e1zy Eur\u00f3pskej konferen\u010dnej ligy. To bol zatia\u013e aj najlep\u0161\u00ed moment mojej kari\u00e9ry.\u201c<\/em><\/strong><\/p>\n\n\n\n<p>Spartakovcov \u010dak\u00e1 po dovolenk\u00e1ch pr\u00edprava op\u00e4\u0165 aj v&nbsp;Zeljkovi\u010dovom rodnom Slovinsku, no isto by nenamietal, keby bol v&nbsp;tom \u010dase v&nbsp;Nemecku na eur\u00f3pskom \u0161ampion\u00e1te.<\/p>","protected":false},"excerpt":{"rendered":"<p>Jedn\u00fdm z&nbsp;najpr\u00edjemnej\u0161\u00edch objavov skon\u010den\u00e9ho ro\u010dn\u00edka nielen v&nbsp;Spartaku, ale&#8230;<\/p>","protected":false},"author":2,"featured_media":17587,"comment_status":"closed","ping_status":"closed","sticky":false,"template":"","format":"standard","meta":{"footnotes":""},"categories":[12],"tags":[],"class_list":["post-17600","post","type-post","status-publish","format-standard","has-post-thumbnail","hentry","category-spravy","post-number-1"],"yoast_head":"<!-- This site is optimized with the Yoast SEO plugin v27.1.1 - https:\/\/yoast.com\/product\/yoast-seo-wordpress\/ -->\n<title>Adrian Zeljkovi\u010d bol kom\u00e9tou sez\u00f3ny - FC Spartak Trnava<\/title>\n<meta name=\"robots\" content=\"index, follow, max-snippet:-1, max-image-preview:large, max-video-preview:-1\" \/>\n<link rel=\"canonical\" href=\"https:\/\/fcspartaktrnava.com\/en\/adrian-zeljkovic-bol-kometou-sezony\/\" \/>\n<meta name=\"twitter:label1\" content=\"Written by\" \/>\n\t<meta name=\"twitter:data1\" content=\"spartak\" \/>\n\t<meta name=\"twitter:label2\" content=\"Estimated reading time\" \/>\n\t<meta name=\"twitter:data2\" content=\"4 minutes\" \/>\n<script type=\"application\/ld+json\" class=\"yoast-schema-graph\">{\"@context\":\"https:\/\/schema.org\",\"@graph\":[{\"@type\":\"Article\",\"@id\":\"https:\/\/fcspartaktrnava.com\/adrian-zeljkovic-bol-kometou-sezony\/#article\",\"isPartOf\":{\"@id\":\"https:\/\/fcspartaktrnava.com\/adrian-zeljkovic-bol-kometou-sezony\/\"},\"author\":{\"name\":\"spartak\",\"@id\":\"https:\/\/fcspartaktrnava.com\/#\/schema\/person\/24bc5b254af14f71d7d8af178790aa75\"},\"headline\":\"Adrian Zeljkovi\u010d bol kom\u00e9tou sez\u00f3ny\",\"datePublished\":\"2024-05-21T06:57:17+00:00\",\"dateModified\":\"2024-05-21T06:57:18+00:00\",\"mainEntityOfPage\":{\"@id\":\"https:\/\/fcspartaktrnava.com\/adrian-zeljkovic-bol-kometou-sezony\/\"},\"wordCount\":645,\"publisher\":{\"@id\":\"https:\/\/fcspartaktrnava.com\/#organization\"},\"image\":{\"@id\":\"https:\/\/fcspartaktrnava.com\/adrian-zeljkovic-bol-kometou-sezony\/#primaryimage\"},\"thumbnailUrl\":\"https:\/\/fcspartaktrnava.com\/wp-content\/uploads\/2024\/05\/DSC_2780.jpg\",\"articleSection\":[\"Spr\u00e1vy\"],\"inLanguage\":\"en-GB\"},{\"@type\":\"WebPage\",\"@id\":\"https:\/\/fcspartaktrnava.com\/adrian-zeljkovic-bol-kometou-sezony\/\",\"url\":\"https:\/\/fcspartaktrnava.com\/adrian-zeljkovic-bol-kometou-sezony\/\",\"name\":\"Adrian Zeljkovi\u010d bol kom\u00e9tou sez\u00f3ny - FC Spartak Trnava\",\"isPartOf\":{\"@id\":\"https:\/\/fcspartaktrnava.com\/#website\"},\"primaryImageOfPage\":{\"@id\":\"https:\/\/fcspartaktrnava.com\/adrian-zeljkovic-bol-kometou-sezony\/#primaryimage\"},\"image\":{\"@id\":\"https:\/\/fcspartaktrnava.com\/adrian-zeljkovic-bol-kometou-sezony\/#primaryimage\"},\"thumbnailUrl\":\"https:\/\/fcspartaktrnava.com\/wp-content\/uploads\/2024\/05\/DSC_2780.jpg\",\"datePublished\":\"2024-05-21T06:57:17+00:00\",\"dateModified\":\"2024-05-21T06:57:18+00:00\",\"breadcrumb\":{\"@id\":\"https:\/\/fcspartaktrnava.com\/adrian-zeljkovic-bol-kometou-sezony\/#breadcrumb\"},\"inLanguage\":\"en-GB\",\"potentialAction\":[{\"@type\":\"ReadAction\",\"target\":[\"https:\/\/fcspartaktrnava.com\/adrian-zeljkovic-bol-kometou-sezony\/\"]}]},{\"@type\":\"ImageObject\",\"inLanguage\":\"en-GB\",\"@id\":\"https:\/\/fcspartaktrnava.com\/adrian-zeljkovic-bol-kometou-sezony\/#primaryimage\",\"url\":\"https:\/\/fcspartaktrnava.com\/wp-content\/uploads\/2024\/05\/DSC_2780.jpg\",\"contentUrl\":\"https:\/\/fcspartaktrnava.com\/wp-content\/uploads\/2024\/05\/DSC_2780.jpg\",\"width\":1500,\"height\":998},{\"@type\":\"BreadcrumbList\",\"@id\":\"https:\/\/fcspartaktrnava.com\/adrian-zeljkovic-bol-kometou-sezony\/#breadcrumb\",\"itemListElement\":[{\"@type\":\"ListItem\",\"position\":1,\"name\":\"Home\",\"item\":\"https:\/\/fcspartaktrnava.com\/\"},{\"@type\":\"ListItem\",\"position\":2,\"name\":\"Adrian Zeljkovi\u010d bol kom\u00e9tou sez\u00f3ny\"}]},{\"@type\":\"WebSite\",\"@id\":\"https:\/\/fcspartaktrnava.com\/#website\",\"url\":\"https:\/\/fcspartaktrnava.com\/\",\"name\":\"FC Spartak Trnava\",\"description\":\"ofici\u00e1lna webstr\u00e1nka futbalov\u00e9ho klubu\",\"publisher\":{\"@id\":\"https:\/\/fcspartaktrnava.com\/#organization\"},\"potentialAction\":[{\"@type\":\"SearchAction\",\"target\":{\"@type\":\"EntryPoint\",\"urlTemplate\":\"https:\/\/fcspartaktrnava.com\/?s={search_term_string}\"},\"query-input\":{\"@type\":\"PropertyValueSpecification\",\"valueRequired\":true,\"valueName\":\"search_term_string\"}}],\"inLanguage\":\"en-GB\"},{\"@type\":\"Organization\",\"@id\":\"https:\/\/fcspartaktrnava.com\/#organization\",\"name\":\"FC Spartak Trnava\",\"alternateName\":\"Spartak\",\"url\":\"https:\/\/fcspartaktrnava.com\/\",\"logo\":{\"@type\":\"ImageObject\",\"inLanguage\":\"en-GB\",\"@id\":\"https:\/\/fcspartaktrnava.com\/#\/schema\/logo\/image\/\",\"url\":\"https:\/\/fcspartaktrnava.com\/wp-content\/uploads\/2022\/08\/cropped-site_logo.png\",\"contentUrl\":\"https:\/\/fcspartaktrnava.com\/wp-content\/uploads\/2022\/08\/cropped-site_logo.png\",\"width\":140,\"height\":140,\"caption\":\"FC Spartak Trnava\"},\"image\":{\"@id\":\"https:\/\/fcspartaktrnava.com\/#\/schema\/logo\/image\/\"},\"sameAs\":[\"https:\/\/www.facebook.com\/SpartakTrnava\",\"https:\/\/x.com\/SpartakTrnava1\",\"https:\/\/www.instagram.com\/spartak_sk\/\"]},{\"@type\":\"Person\",\"@id\":\"https:\/\/fcspartaktrnava.com\/#\/schema\/person\/24bc5b254af14f71d7d8af178790aa75\",\"name\":\"spartak\",\"image\":{\"@type\":\"ImageObject\",\"inLanguage\":\"en-GB\",\"@id\":\"https:\/\/fcspartaktrnava.com\/#\/schema\/person\/image\/\",\"url\":\"https:\/\/secure.gravatar.com\/avatar\/f8ff8584f3fcf3909a11a6da9019f37749183b4015bca14e64556c52614cdc7f?s=96&d=mm&r=g\",\"contentUrl\":\"https:\/\/secure.gravatar.com\/avatar\/f8ff8584f3fcf3909a11a6da9019f37749183b4015bca14e64556c52614cdc7f?s=96&d=mm&r=g\",\"caption\":\"spartak\"},\"url\":\"https:\/\/fcspartaktrnava.com\/en\/author\/spartak\/\"}]}<\/script>\n<!-- \/ Yoast SEO plugin. -->","yoast_head_json":{"title":"Adrian Zeljkovi\u010d bol kom\u00e9tou sez\u00f3ny - FC Spartak Trnava","robots":{"index":"index","follow":"follow","max-snippet":"max-snippet:-1","max-image-preview":"max-image-preview:large","max-video-preview":"max-video-preview:-1"},"canonical":"https:\/\/fcspartaktrnava.com\/en\/adrian-zeljkovic-bol-kometou-sezony\/","twitter_misc":{"Written by":"spartak","Estimated reading time":"4 minutes"},"schema":{"@context":"https:\/\/schema.org","@graph":[{"@type":"Article","@id":"https:\/\/fcspartaktrnava.com\/adrian-zeljkovic-bol-kometou-sezony\/#article","isPartOf":{"@id":"https:\/\/fcspartaktrnava.com\/adrian-zeljkovic-bol-kometou-sezony\/"},"author":{"name":"spartak","@id":"https:\/\/fcspartaktrnava.com\/#\/schema\/person\/24bc5b254af14f71d7d8af178790aa75"},"headline":"Adrian Zeljkovi\u010d bol kom\u00e9tou sez\u00f3ny","datePublished":"2024-05-21T06:57:17+00:00","dateModified":"2024-05-21T06:57:18+00:00","mainEntityOfPage":{"@id":"https:\/\/fcspartaktrnava.com\/adrian-zeljkovic-bol-kometou-sezony\/"},"wordCount":645,"publisher":{"@id":"https:\/\/fcspartaktrnava.com\/#organization"},"image":{"@id":"https:\/\/fcspartaktrnava.com\/adrian-zeljkovic-bol-kometou-sezony\/#primaryimage"},"thumbnailUrl":"https:\/\/fcspartaktrnava.com\/wp-content\/uploads\/2024\/05\/DSC_2780.jpg","articleSection":["Spr\u00e1vy"],"inLanguage":"en-GB"},{"@type":"WebPage","@id":"https:\/\/fcspartaktrnava.com\/adrian-zeljkovic-bol-kometou-sezony\/","url":"https:\/\/fcspartaktrnava.com\/adrian-zeljkovic-bol-kometou-sezony\/","name":"Adrian Zeljkovi\u010d bol kom\u00e9tou sez\u00f3ny - FC Spartak Trnava","isPartOf":{"@id":"https:\/\/fcspartaktrnava.com\/#website"},"primaryImageOfPage":{"@id":"https:\/\/fcspartaktrnava.com\/adrian-zeljkovic-bol-kometou-sezony\/#primaryimage"},"image":{"@id":"https:\/\/fcspartaktrnava.com\/adrian-zeljkovic-bol-kometou-sezony\/#primaryimage"},"thumbnailUrl":"https:\/\/fcspartaktrnava.com\/wp-content\/uploads\/2024\/05\/DSC_2780.jpg","datePublished":"2024-05-21T06:57:17+00:00","dateModified":"2024-05-21T06:57:18+00:00","breadcrumb":{"@id":"https:\/\/fcspartaktrnava.com\/adrian-zeljkovic-bol-kometou-sezony\/#breadcrumb"},"inLanguage":"en-GB","potentialAction":[{"@type":"ReadAction","target":["https:\/\/fcspartaktrnava.com\/adrian-zeljkovic-bol-kometou-sezony\/"]}]},{"@type":"ImageObject","inLanguage":"en-GB","@id":"https:\/\/fcspartaktrnava.com\/adrian-zeljkovic-bol-kometou-sezony\/#primaryimage","url":"https:\/\/fcspartaktrnava.com\/wp-content\/uploads\/2024\/05\/DSC_2780.jpg","contentUrl":"https:\/\/fcspartaktrnava.com\/wp-content\/uploads\/2024\/05\/DSC_2780.jpg","width":1500,"height":998},{"@type":"BreadcrumbList","@id":"https:\/\/fcspartaktrnava.com\/adrian-zeljkovic-bol-kometou-sezony\/#breadcrumb","itemListElement":[{"@type":"ListItem","position":1,"name":"Home","item":"https:\/\/fcspartaktrnava.com\/"},{"@type":"ListItem","position":2,"name":"Adrian Zeljkovi\u010d bol kom\u00e9tou sez\u00f3ny"}]},{"@type":"WebSite","@id":"https:\/\/fcspartaktrnava.com\/#website","url":"https:\/\/fcspartaktrnava.com\/","name":"FC Spartak Trnava","description":"ofici\u00e1lna webstr\u00e1nka futbalov\u00e9ho klubu","publisher":{"@id":"https:\/\/fcspartaktrnava.com\/#organization"},"potentialAction":[{"@type":"SearchAction","target":{"@type":"EntryPoint","urlTemplate":"https:\/\/fcspartaktrnava.com\/?s={search_term_string}"},"query-input":{"@type":"PropertyValueSpecification","valueRequired":true,"valueName":"search_term_string"}}],"inLanguage":"en-GB"},{"@type":"Organization","@id":"https:\/\/fcspartaktrnava.com\/#organization","name":"FC Spartak Trnava","alternateName":"Spartak","url":"https:\/\/fcspartaktrnava.com\/","logo":{"@type":"ImageObject","inLanguage":"en-GB","@id":"https:\/\/fcspartaktrnava.com\/#\/schema\/logo\/image\/","url":"https:\/\/fcspartaktrnava.com\/wp-content\/uploads\/2022\/08\/cropped-site_logo.png","contentUrl":"https:\/\/fcspartaktrnava.com\/wp-content\/uploads\/2022\/08\/cropped-site_logo.png","width":140,"height":140,"caption":"FC Spartak Trnava"},"image":{"@id":"https:\/\/fcspartaktrnava.com\/#\/schema\/logo\/image\/"},"sameAs":["https:\/\/www.facebook.com\/SpartakTrnava","https:\/\/x.com\/SpartakTrnava1","https:\/\/www.instagram.com\/spartak_sk\/"]},{"@type":"Person","@id":"https:\/\/fcspartaktrnava.com\/#\/schema\/person\/24bc5b254af14f71d7d8af178790aa75","name":"spartak","image":{"@type":"ImageObject","inLanguage":"en-GB","@id":"https:\/\/fcspartaktrnava.com\/#\/schema\/person\/image\/","url":"https:\/\/secure.gravatar.com\/avatar\/f8ff8584f3fcf3909a11a6da9019f37749183b4015bca14e64556c52614cdc7f?s=96&d=mm&r=g","contentUrl":"https:\/\/secure.gravatar.com\/avatar\/f8ff8584f3fcf3909a11a6da9019f37749183b4015bca14e64556c52614cdc7f?s=96&d=mm&r=g","caption":"spartak"},"url":"https:\/\/fcspartaktrnava.com\/en\/author\/spartak\/"}]}},"_links":{"self":[{"href":"https:\/\/fcspartaktrnava.com\/en\/wp-json\/wp\/v2\/posts\/17600","targetHints":{"allow":["GET"]}}],"collection":[{"href":"https:\/\/fcspartaktrnava.com\/en\/wp-json\/wp\/v2\/posts"}],"about":[{"href":"https:\/\/fcspartaktrnava.com\/en\/wp-json\/wp\/v2\/types\/post"}],"author":[{"embeddable":true,"href":"https:\/\/fcspartaktrnava.com\/en\/wp-json\/wp\/v2\/users\/2"}],"replies":[{"embeddable":true,"href":"https:\/\/fcspartaktrnava.com\/en\/wp-json\/wp\/v2\/comments?post=17600"}],"version-history":[{"count":0,"href":"https:\/\/fcspartaktrnava.com\/en\/wp-json\/wp\/v2\/posts\/17600\/revisions"}],"wp:featuredmedia":[{"embeddable":true,"href":"https:\/\/fcspartaktrnava.com\/en\/wp-json\/wp\/v2\/media\/17587"}],"wp:attachment":[{"href":"https:\/\/fcspartaktrnava.com\/en\/wp-json\/wp\/v2\/media?parent=17600"}],"wp:term":[{"taxonomy":"category","embeddable":true,"href":"https:\/\/fcspartaktrnava.com\/en\/wp-json\/wp\/v2\/categories?post=17600"},{"taxonomy":"post_tag","embeddable":true,"href":"https:\/\/fcspartaktrnava.com\/en\/wp-json\/wp\/v2\/tags?post=17600"}],"curies":[{"name":"wp","href":"https:\/\/api.w.org\/{rel}","templated":true}]}}